{"id":21935,"date":"2020-08-12T21:27:06","date_gmt":"2020-08-12T21:27:06","guid":{"rendered":"https:\/\/elregionalvm.com.ar\/noticias-villa-maria\/?p=21935"},"modified":"2020-08-12T21:27:13","modified_gmt":"2020-08-12T21:27:13","slug":"cuarentena-mas-verduras-y-menos-comidas-preparadas","status":"publish","type":"post","link":"https:\/\/elregionalvm.com.ar\/noticias-villa-maria\/cuarentena-mas-verduras-y-menos-comidas-preparadas\/","title":{"rendered":"Cuarentena: m\u00e1s verduras y menos comidas preparadas"},"content":{"rendered":"\n<p><strong>Un estudio muestra que en tiempos de confinamiento, se opta por consumir m\u00e1s frutas y verduras. De este modo, disminuye el gasto en comidas preparadas.<\/strong><\/p>\n\n\n\n<p>Aunque haya que trabajar a distancia, las personas tienen m\u00e1s tiempo libre en cuarentena, m\u00ednimamente por no tener que trasladarse al trabajo. Tal vez sea esto, o el temor a comprar, lo que lleva a incrementar las compras en frutas y verduras y reducir el gasto en comidas preparadas. Un estudio revel\u00f3 que esto es lo que sucede en el confinamiento por la pandemia, y as\u00ed, se recurre a una alimentaci\u00f3n m\u00e1s saludable.<\/p>\n\n\n\n<p>Charlotte De Backer, quien coordin\u00f3 el estudio en la Universidad de Amberes en B\u00e9lgica afirm\u00f3 que el consumo de productos salados, grasos y dulces suele aumentar cuando la gente est\u00e1 estresada. Sin embargo el estudio se\u00f1al\u00f3 que durante la cuarentena esto a cambiado en muchos pa\u00edses y las personas han optado por la comida casera. Un ejemplo fue Chile, que experiment\u00f3 una fuerte ca\u00edda en la demanda de aperitivos pero un gran aumento en la compra de harinas y levadura.<\/p>\n\n\n\n<p>Al abandonar la rutina y pasar m\u00e1s tiempo en casa, las personas decidieron cocinar. En todos los pa\u00edses estudiados, como Australia, B\u00e9lgica, Chile, Uganda, Pa\u00edses Bajos, Francia, Austria, Grecia, Canad\u00e1, Brasil e Irlanda, la compra de alimentos para microondas baj\u00f3.<\/p>\n\n\n\n<p>\u201cPasamos desde el picoteo, la comida de restaurante y los pedidos a domicilio a la cocina casera\u201d, dijo Firene, un ciudadano de Azerbaiy\u00e1n que vive en Bruselas, dando testimonio de los cambios que han producido en su hogar durante la pandemia por el coronavirus.<\/p>\n\n\n\n<p>La encuesta realizada entre los distintos pa\u00edses revel\u00f3 que la poblaci\u00f3n estuvo abierta para probar nuevas recetas y tambi\u00e9n, que se desperdici\u00f3 menos comida.<\/p>\n\n\n\n<p>Sin embargo, el problema que podr\u00eda surgir en los pr\u00f3ximos meses es la escasez de frutas y verduras, ya que las las prohibiciones de viaje est\u00e1n perturbando a los trabajadores migrantes de todo el mundo. En Espa\u00f1a por ejemplo, los sindicatos anunciaron que las tasas de ausentismo son tan altas como el 50%, y el distanciamiento social hace que los viajes de los trabajadores desde sus hogares hasta las granjas sean m\u00e1s dif\u00edciles.<\/p>\n\n\n\n<p>Por el momento, los supermercados europeos dicen tener stock de estos alimentos pero todas estas interrupciones podr\u00edan traer problemas dentro de los pr\u00f3ximos meses. Esto podr\u00eda significar que las cadenas de suministro se vuelvan m\u00e1s localizadas, explica el Foro Econ\u00f3mico Mundial.<\/p>\n\n\n\n<p>Por el momento, se puede ver, que las verduras y las frutas no faltan en los mercados y su consumo ha aumentado.<\/p>\n\n\n\n<p>Por \u00faltimo el estudio realizado por la Universidad de Amberes revel\u00f3 que el consumo de carne, pescado y bebidas alcoh\u00f3licas se mantuvo estable durante toda la pandemia.<\/p>\n\n\n\n<p><em>Fuente: Foro Econ\u00f3mico Mundial<\/em><\/p>\n","protected":false},"excerpt":{"rendered":"<p>Un estudio muestra que en tiempos de confinamiento, se opta por consumir m\u00e1s frutas y verduras. De este modo, disminuye el gasto en comidas preparadas. Aunque haya que trabajar a distancia, las personas tienen m\u00e1s tiempo libre en cuarentena, m\u00ednimamente por no tener que trasladarse al trabajo. Tal vez sea esto, o el temor a [&hellip;]<\/p>\n","protected":false},"author":4,"featured_media":21937,"comment_status":"open","ping_status":"open","sticky":false,"template":"","format":"standard","meta":{"site-sidebar-layout":"default","site-content-layout":"default","ast-site-content-layout":"default","site-content-style":"default","site-sidebar-style":"default","ast-global-header-display":"","ast-banner-title-visibility":"","ast-main-header-display":"","ast-hfb-above-header-display":"","ast-hfb-below-header-display":"","ast-hfb-mobile-header-display":"","site-post-title":"","ast-breadcrumbs-content":"","ast-featured-img":"","footer-sml-layout":"","ast-disable-related-posts":"","theme-transparent-header-meta":"default","adv-header-id-meta":"","stick-header-meta":"","header-above-stick-meta":"","header-main-stick-meta":"","header-below-stick-meta":"","astra-migrate-meta-layouts":"default","ast-page-background-enabled":"default","ast-page-background-meta":{"desktop":{"background-color":"","background-image":"","background-repeat":"repeat","background-position":"center center","background-size":"auto","background-attachment":"scroll","background-type":"","background-media":"","overlay-type":"","overlay-color":"","overlay-opacity":"","overlay-gradient":""},"tablet":{"background-color":"","background-image":"","background-repeat":"repeat","background-position":"center center","background-size":"auto","background-attachment":"scroll","background-type":"","background-media":"","overlay-type":"","overlay-color":"","overlay-opacity":"","overlay-gradient":""},"mobile":{"background-color":"","background-image":"","background-repeat":"repeat","background-position":"center center","background-size":"auto","background-attachment":"scroll","background-type":"","background-media":"","overlay-type":"","overlay-color":"","overlay-opacity":"","overlay-gradient":""}},"ast-content-background-meta":{"desktop":{"background-color":"var(--ast-global-color-5)","background-image":"","background-repeat":"repeat","background-position":"center center","background-size":"auto","background-attachment":"scroll","background-type":"","background-media":"","overlay-type":"","overlay-color":"","overlay-opacity":"","overlay-gradient":""},"tablet":{"background-color":"var(--ast-global-color-5)","background-image":"","background-repeat":"repeat","background-position":"center center","background-size":"auto","background-attachment":"scroll","background-type":"","background-media":"","overlay-type":"","overlay-color":"","overlay-opacity":"","overlay-gradient":""},"mobile":{"background-color":"var(--ast-global-color-5)","background-image":"","background-repeat":"repeat","background-position":"center center","background-size":"auto","background-attachment":"scroll","background-type":"","background-media":"","overlay-type":"","overlay-color":"","overlay-opacity":"","overlay-gradient":""}},"_jetpack_memberships_contains_paid_content":false,"_joinchat":[],"footnotes":""},"categories":[2675],"tags":[],"class_list":["post-21935","post","type-post","status-publish","format-standard","has-post-thumbnail","hentry","category-delicias"],"yoast_head":"<!-- This site is optimized with the Yoast SEO plugin v26.8 - https:\/\/yoast.com\/product\/yoast-seo-wordpress\/ -->\n<title>Cuarentena: m\u00e1s verduras y menos comidas preparadas - El Regional<\/title>\n<meta name=\"robots\" content=\"index, follow, max-snippet:-1, max-image-preview:large, max-video-preview:-1\" \/>\n<link rel=\"canonical\" href=\"http:\/\/elregionalvm.com.ar\/noticias-villa-maria\/cuarentena-mas-verduras-y-menos-comidas-preparadas\/\" \/>\n<meta property=\"og:locale\" content=\"es_ES\" \/>\n<meta property=\"og:type\" content=\"article\" \/>\n<meta property=\"og:title\" content=\"Cuarentena: m\u00e1s verduras y menos comidas preparadas - El Regional\" \/>\n<meta property=\"og:description\" content=\"Un estudio muestra que en tiempos de confinamiento, se opta por consumir m\u00e1s frutas y verduras. De este modo, disminuye el gasto en comidas preparadas. Aunque haya que trabajar a distancia, las personas tienen m\u00e1s tiempo libre en cuarentena, m\u00ednimamente por no tener que trasladarse al trabajo. Tal vez sea esto, o el temor a [&hellip;]\" \/>\n<meta property=\"og:url\" content=\"http:\/\/elregionalvm.com.ar\/noticias-villa-maria\/cuarentena-mas-verduras-y-menos-comidas-preparadas\/\" \/>\n<meta property=\"og:site_name\" content=\"El Regional\" \/>\n<meta property=\"article:publisher\" content=\"https:\/\/www.facebook.com\/elregionalvm\" \/>\n<meta property=\"article:published_time\" content=\"2020-08-12T21:27:06+00:00\" \/>\n<meta property=\"article:modified_time\" content=\"2020-08-12T21:27:13+00:00\" \/>\n<meta property=\"og:image\" content=\"http:\/\/elregionalvm.com.ar\/noticias-villa-maria\/wp-content\/uploads\/2020\/08\/verduras.jpg\" \/>\n\t<meta property=\"og:image:width\" content=\"1000\" \/>\n\t<meta property=\"og:image:height\" content=\"514\" \/>\n\t<meta property=\"og:image:type\" content=\"image\/jpeg\" \/>\n<meta name=\"author\" content=\"Contenidos El Regional\" \/>\n<meta name=\"twitter:card\" content=\"summary_large_image\" \/>\n<meta name=\"twitter:creator\" content=\"@elregionalvm1\" \/>\n<meta name=\"twitter:site\" content=\"@elregionalvm1\" \/>\n<meta name=\"twitter:label1\" content=\"Escrito por\" \/>\n\t<meta name=\"twitter:data1\" content=\"Contenidos El Regional\" \/>\n\t<meta name=\"twitter:label2\" content=\"Tiempo de lectura\" \/>\n\t<meta name=\"twitter:data2\" content=\"2 minutos\" \/>\n<script type=\"application\/ld+json\" class=\"yoast-schema-graph\">{\"@context\":\"https:\/\/schema.org\",\"@graph\":[{\"@type\":\"Article\",\"@id\":\"http:\/\/elregionalvm.com.ar\/noticias-villa-maria\/cuarentena-mas-verduras-y-menos-comidas-preparadas\/#article\",\"isPartOf\":{\"@id\":\"http:\/\/elregionalvm.com.ar\/noticias-villa-maria\/cuarentena-mas-verduras-y-menos-comidas-preparadas\/\"},\"author\":{\"name\":\"Contenidos El Regional\",\"@id\":\"http:\/\/elregionalvm.com.ar\/noticias-villa-maria\/#\/schema\/person\/a0fb9c422317faca23d50163151bc354\"},\"headline\":\"Cuarentena: m\u00e1s verduras y menos comidas preparadas\",\"datePublished\":\"2020-08-12T21:27:06+00:00\",\"dateModified\":\"2020-08-12T21:27:13+00:00\",\"mainEntityOfPage\":{\"@id\":\"http:\/\/elregionalvm.com.ar\/noticias-villa-maria\/cuarentena-mas-verduras-y-menos-comidas-preparadas\/\"},\"wordCount\":490,\"commentCount\":0,\"image\":{\"@id\":\"http:\/\/elregionalvm.com.ar\/noticias-villa-maria\/cuarentena-mas-verduras-y-menos-comidas-preparadas\/#primaryimage\"},\"thumbnailUrl\":\"https:\/\/i0.wp.com\/elregionalvm.com.ar\/noticias-villa-maria\/wp-content\/uploads\/2020\/08\/verduras.jpg?fit=1000%2C514&ssl=1\",\"articleSection\":[\"Delicias y placeres\"],\"inLanguage\":\"es\",\"potentialAction\":[{\"@type\":\"CommentAction\",\"name\":\"Comment\",\"target\":[\"http:\/\/elregionalvm.com.ar\/noticias-villa-maria\/cuarentena-mas-verduras-y-menos-comidas-preparadas\/#respond\"]}]},{\"@type\":\"WebPage\",\"@id\":\"http:\/\/elregionalvm.com.ar\/noticias-villa-maria\/cuarentena-mas-verduras-y-menos-comidas-preparadas\/\",\"url\":\"http:\/\/elregionalvm.com.ar\/noticias-villa-maria\/cuarentena-mas-verduras-y-menos-comidas-preparadas\/\",\"name\":\"Cuarentena: m\u00e1s verduras y menos comidas preparadas - El Regional\",\"isPartOf\":{\"@id\":\"http:\/\/elregionalvm.com.ar\/noticias-villa-maria\/#website\"},\"primaryImageOfPage\":{\"@id\":\"http:\/\/elregionalvm.com.ar\/noticias-villa-maria\/cuarentena-mas-verduras-y-menos-comidas-preparadas\/#primaryimage\"},\"image\":{\"@id\":\"http:\/\/elregionalvm.com.ar\/noticias-villa-maria\/cuarentena-mas-verduras-y-menos-comidas-preparadas\/#primaryimage\"},\"thumbnailUrl\":\"https:\/\/i0.wp.com\/elregionalvm.com.ar\/noticias-villa-maria\/wp-content\/uploads\/2020\/08\/verduras.jpg?fit=1000%2C514&ssl=1\",\"datePublished\":\"2020-08-12T21:27:06+00:00\",\"dateModified\":\"2020-08-12T21:27:13+00:00\",\"author\":{\"@id\":\"http:\/\/elregionalvm.com.ar\/noticias-villa-maria\/#\/schema\/person\/a0fb9c422317faca23d50163151bc354\"},\"breadcrumb\":{\"@id\":\"http:\/\/elregionalvm.com.ar\/noticias-villa-maria\/cuarentena-mas-verduras-y-menos-comidas-preparadas\/#breadcrumb\"},\"inLanguage\":\"es\",\"potentialAction\":[{\"@type\":\"ReadAction\",\"target\":[\"http:\/\/elregionalvm.com.ar\/noticias-villa-maria\/cuarentena-mas-verduras-y-menos-comidas-preparadas\/\"]}]},{\"@type\":\"ImageObject\",\"inLanguage\":\"es\",\"@id\":\"http:\/\/elregionalvm.com.ar\/noticias-villa-maria\/cuarentena-mas-verduras-y-menos-comidas-preparadas\/#primaryimage\",\"url\":\"https:\/\/i0.wp.com\/elregionalvm.com.ar\/noticias-villa-maria\/wp-content\/uploads\/2020\/08\/verduras.jpg?fit=1000%2C514&ssl=1\",\"contentUrl\":\"https:\/\/i0.wp.com\/elregionalvm.com.ar\/noticias-villa-maria\/wp-content\/uploads\/2020\/08\/verduras.jpg?fit=1000%2C514&ssl=1\",\"width\":1000,\"height\":514},{\"@type\":\"BreadcrumbList\",\"@id\":\"http:\/\/elregionalvm.com.ar\/noticias-villa-maria\/cuarentena-mas-verduras-y-menos-comidas-preparadas\/#breadcrumb\",\"itemListElement\":[{\"@type\":\"ListItem\",\"position\":1,\"name\":\"Portada\",\"item\":\"https:\/\/elregionalvm.com.ar\/noticias-villa-maria\/\"},{\"@type\":\"ListItem\",\"position\":2,\"name\":\"Cuarentena: m\u00e1s verduras y menos comidas preparadas\"}]},{\"@type\":\"WebSite\",\"@id\":\"http:\/\/elregionalvm.com.ar\/noticias-villa-maria\/#website\",\"url\":\"http:\/\/elregionalvm.com.ar\/noticias-villa-maria\/\",\"name\":\"El Regional\",\"description\":\"Mucho m\u00e1s que informaci\u00f3n\",\"potentialAction\":[{\"@type\":\"SearchAction\",\"target\":{\"@type\":\"EntryPoint\",\"urlTemplate\":\"http:\/\/elregionalvm.com.ar\/noticias-villa-maria\/?s={search_term_string}\"},\"query-input\":{\"@type\":\"PropertyValueSpecification\",\"valueRequired\":true,\"valueName\":\"search_term_string\"}}],\"inLanguage\":\"es\"},{\"@type\":\"Person\",\"@id\":\"http:\/\/elregionalvm.com.ar\/noticias-villa-maria\/#\/schema\/person\/a0fb9c422317faca23d50163151bc354\",\"name\":\"Contenidos El Regional\",\"image\":{\"@type\":\"ImageObject\",\"inLanguage\":\"es\",\"@id\":\"http:\/\/elregionalvm.com.ar\/noticias-villa-maria\/#\/schema\/person\/image\/\",\"url\":\"https:\/\/secure.gravatar.com\/avatar\/265b27cb2209af7bb3a1318f03305787d7981a5cc6e6cd08fe5a4ecdf99d4b48?s=96&d=mm&r=g\",\"contentUrl\":\"https:\/\/secure.gravatar.com\/avatar\/265b27cb2209af7bb3a1318f03305787d7981a5cc6e6cd08fe5a4ecdf99d4b48?s=96&d=mm&r=g\",\"caption\":\"Contenidos El Regional\"},\"url\":\"https:\/\/elregionalvm.com.ar\/noticias-villa-maria\/author\/contenido\/\"}]}<\/script>\n<!-- \/ Yoast SEO plugin. -->","yoast_head_json":{"title":"Cuarentena: m\u00e1s verduras y menos comidas preparadas - El Regional","robots":{"index":"index","follow":"follow","max-snippet":"max-snippet:-1","max-image-preview":"max-image-preview:large","max-video-preview":"max-video-preview:-1"},"canonical":"http:\/\/elregionalvm.com.ar\/noticias-villa-maria\/cuarentena-mas-verduras-y-menos-comidas-preparadas\/","og_locale":"es_ES","og_type":"article","og_title":"Cuarentena: m\u00e1s verduras y menos comidas preparadas - El Regional","og_description":"Un estudio muestra que en tiempos de confinamiento, se opta por consumir m\u00e1s frutas y verduras. De este modo, disminuye el gasto en comidas preparadas. Aunque haya que trabajar a distancia, las personas tienen m\u00e1s tiempo libre en cuarentena, m\u00ednimamente por no tener que trasladarse al trabajo. Tal vez sea esto, o el temor a [&hellip;]","og_url":"http:\/\/elregionalvm.com.ar\/noticias-villa-maria\/cuarentena-mas-verduras-y-menos-comidas-preparadas\/","og_site_name":"El Regional","article_publisher":"https:\/\/www.facebook.com\/elregionalvm","article_published_time":"2020-08-12T21:27:06+00:00","article_modified_time":"2020-08-12T21:27:13+00:00","og_image":[{"width":1000,"height":514,"url":"http:\/\/elregionalvm.com.ar\/noticias-villa-maria\/wp-content\/uploads\/2020\/08\/verduras.jpg","type":"image\/jpeg"}],"author":"Contenidos El Regional","twitter_card":"summary_large_image","twitter_creator":"@elregionalvm1","twitter_site":"@elregionalvm1","twitter_misc":{"Escrito por":"Contenidos El Regional","Tiempo de lectura":"2 minutos"},"schema":{"@context":"https:\/\/schema.org","@graph":[{"@type":"Article","@id":"http:\/\/elregionalvm.com.ar\/noticias-villa-maria\/cuarentena-mas-verduras-y-menos-comidas-preparadas\/#article","isPartOf":{"@id":"http:\/\/elregionalvm.com.ar\/noticias-villa-maria\/cuarentena-mas-verduras-y-menos-comidas-preparadas\/"},"author":{"name":"Contenidos El Regional","@id":"http:\/\/elregionalvm.com.ar\/noticias-villa-maria\/#\/schema\/person\/a0fb9c422317faca23d50163151bc354"},"headline":"Cuarentena: m\u00e1s verduras y menos comidas preparadas","datePublished":"2020-08-12T21:27:06+00:00","dateModified":"2020-08-12T21:27:13+00:00","mainEntityOfPage":{"@id":"http:\/\/elregionalvm.com.ar\/noticias-villa-maria\/cuarentena-mas-verduras-y-menos-comidas-preparadas\/"},"wordCount":490,"commentCount":0,"image":{"@id":"http:\/\/elregionalvm.com.ar\/noticias-villa-maria\/cuarentena-mas-verduras-y-menos-comidas-preparadas\/#primaryimage"},"thumbnailUrl":"https:\/\/i0.wp.com\/elregionalvm.com.ar\/noticias-villa-maria\/wp-content\/uploads\/2020\/08\/verduras.jpg?fit=1000%2C514&ssl=1","articleSection":["Delicias y placeres"],"inLanguage":"es","potentialAction":[{"@type":"CommentAction","name":"Comment","target":["http:\/\/elregionalvm.com.ar\/noticias-villa-maria\/cuarentena-mas-verduras-y-menos-comidas-preparadas\/#respond"]}]},{"@type":"WebPage","@id":"http:\/\/elregionalvm.com.ar\/noticias-villa-maria\/cuarentena-mas-verduras-y-menos-comidas-preparadas\/","url":"http:\/\/elregionalvm.com.ar\/noticias-villa-maria\/cuarentena-mas-verduras-y-menos-comidas-preparadas\/","name":"Cuarentena: m\u00e1s verduras y menos comidas preparadas - El Regional","isPartOf":{"@id":"http:\/\/elregionalvm.com.ar\/noticias-villa-maria\/#website"},"primaryImageOfPage":{"@id":"http:\/\/elregionalvm.com.ar\/noticias-villa-maria\/cuarentena-mas-verduras-y-menos-comidas-preparadas\/#primaryimage"},"image":{"@id":"http:\/\/elregionalvm.com.ar\/noticias-villa-maria\/cuarentena-mas-verduras-y-menos-comidas-preparadas\/#primaryimage"},"thumbnailUrl":"https:\/\/i0.wp.com\/elregionalvm.com.ar\/noticias-villa-maria\/wp-content\/uploads\/2020\/08\/verduras.jpg?fit=1000%2C514&ssl=1","datePublished":"2020-08-12T21:27:06+00:00","dateModified":"2020-08-12T21:27:13+00:00","author":{"@id":"http:\/\/elregionalvm.com.ar\/noticias-villa-maria\/#\/schema\/person\/a0fb9c422317faca23d50163151bc354"},"breadcrumb":{"@id":"http:\/\/elregionalvm.com.ar\/noticias-villa-maria\/cuarentena-mas-verduras-y-menos-comidas-preparadas\/#breadcrumb"},"inLanguage":"es","potentialAction":[{"@type":"ReadAction","target":["http:\/\/elregionalvm.com.ar\/noticias-villa-maria\/cuarentena-mas-verduras-y-menos-comidas-preparadas\/"]}]},{"@type":"ImageObject","inLanguage":"es","@id":"http:\/\/elregionalvm.com.ar\/noticias-villa-maria\/cuarentena-mas-verduras-y-menos-comidas-preparadas\/#primaryimage","url":"https:\/\/i0.wp.com\/elregionalvm.com.ar\/noticias-villa-maria\/wp-content\/uploads\/2020\/08\/verduras.jpg?fit=1000%2C514&ssl=1","contentUrl":"https:\/\/i0.wp.com\/elregionalvm.com.ar\/noticias-villa-maria\/wp-content\/uploads\/2020\/08\/verduras.jpg?fit=1000%2C514&ssl=1","width":1000,"height":514},{"@type":"BreadcrumbList","@id":"http:\/\/elregionalvm.com.ar\/noticias-villa-maria\/cuarentena-mas-verduras-y-menos-comidas-preparadas\/#breadcrumb","itemListElement":[{"@type":"ListItem","position":1,"name":"Portada","item":"https:\/\/elregionalvm.com.ar\/noticias-villa-maria\/"},{"@type":"ListItem","position":2,"name":"Cuarentena: m\u00e1s verduras y menos comidas preparadas"}]},{"@type":"WebSite","@id":"http:\/\/elregionalvm.com.ar\/noticias-villa-maria\/#website","url":"http:\/\/elregionalvm.com.ar\/noticias-villa-maria\/","name":"El Regional","description":"Mucho m\u00e1s que informaci\u00f3n","potentialAction":[{"@type":"SearchAction","target":{"@type":"EntryPoint","urlTemplate":"http:\/\/elregionalvm.com.ar\/noticias-villa-maria\/?s={search_term_string}"},"query-input":{"@type":"PropertyValueSpecification","valueRequired":true,"valueName":"search_term_string"}}],"inLanguage":"es"},{"@type":"Person","@id":"http:\/\/elregionalvm.com.ar\/noticias-villa-maria\/#\/schema\/person\/a0fb9c422317faca23d50163151bc354","name":"Contenidos El Regional","image":{"@type":"ImageObject","inLanguage":"es","@id":"http:\/\/elregionalvm.com.ar\/noticias-villa-maria\/#\/schema\/person\/image\/","url":"https:\/\/secure.gravatar.com\/avatar\/265b27cb2209af7bb3a1318f03305787d7981a5cc6e6cd08fe5a4ecdf99d4b48?s=96&d=mm&r=g","contentUrl":"https:\/\/secure.gravatar.com\/avatar\/265b27cb2209af7bb3a1318f03305787d7981a5cc6e6cd08fe5a4ecdf99d4b48?s=96&d=mm&r=g","caption":"Contenidos El Regional"},"url":"https:\/\/elregionalvm.com.ar\/noticias-villa-maria\/author\/contenido\/"}]}},"jetpack_featured_media_url":"https:\/\/i0.wp.com\/elregionalvm.com.ar\/noticias-villa-maria\/wp-content\/uploads\/2020\/08\/verduras.jpg?fit=1000%2C514&ssl=1","jetpack_sharing_enabled":true,"_links":{"self":[{"href":"https:\/\/elregionalvm.com.ar\/noticias-villa-maria\/wp-json\/wp\/v2\/posts\/21935","targetHints":{"allow":["GET"]}}],"collection":[{"href":"https:\/\/elregionalvm.com.ar\/noticias-villa-maria\/wp-json\/wp\/v2\/posts"}],"about":[{"href":"https:\/\/elregionalvm.com.ar\/noticias-villa-maria\/wp-json\/wp\/v2\/types\/post"}],"author":[{"embeddable":true,"href":"https:\/\/elregionalvm.com.ar\/noticias-villa-maria\/wp-json\/wp\/v2\/users\/4"}],"replies":[{"embeddable":true,"href":"https:\/\/elregionalvm.com.ar\/noticias-villa-maria\/wp-json\/wp\/v2\/comments?post=21935"}],"version-history":[{"count":1,"href":"https:\/\/elregionalvm.com.ar\/noticias-villa-maria\/wp-json\/wp\/v2\/posts\/21935\/revisions"}],"predecessor-version":[{"id":21938,"href":"https:\/\/elregionalvm.com.ar\/noticias-villa-maria\/wp-json\/wp\/v2\/posts\/21935\/revisions\/21938"}],"wp:featuredmedia":[{"embeddable":true,"href":"https:\/\/elregionalvm.com.ar\/noticias-villa-maria\/wp-json\/wp\/v2\/media\/21937"}],"wp:attachment":[{"href":"https:\/\/elregionalvm.com.ar\/noticias-villa-maria\/wp-json\/wp\/v2\/media?parent=21935"}],"wp:term":[{"taxonomy":"category","embeddable":true,"href":"https:\/\/elregionalvm.com.ar\/noticias-villa-maria\/wp-json\/wp\/v2\/categories?post=21935"},{"taxonomy":"post_tag","embeddable":true,"href":"https:\/\/elregionalvm.com.ar\/noticias-villa-maria\/wp-json\/wp\/v2\/tags?post=21935"}],"curies":[{"name":"wp","href":"https:\/\/api.w.org\/{rel}","templated":true}]}}