{"id":22271,"date":"2020-08-19T01:05:17","date_gmt":"2020-08-19T01:05:17","guid":{"rendered":"https:\/\/elregionalvm.com.ar\/noticias-villa-maria\/?p=22271"},"modified":"2020-08-19T12:15:23","modified_gmt":"2020-08-19T12:15:23","slug":"cuatro-nuevos-casos-en-villa-maria-y-tres-en-villa-nueva","status":"publish","type":"post","link":"https:\/\/elregionalvm.com.ar\/noticias-villa-maria\/cuatro-nuevos-casos-en-villa-maria-y-tres-en-villa-nueva\/","title":{"rendered":"Cuatro nuevos casos en Villa Mar\u00eda y tres en Villa Nueva"},"content":{"rendered":"\n<p>El conglomerado Villa Mar\u00eda &#8211; Villa Nueva sum\u00f3 7 nuevos casos este martes 18 de agosto. De ese total, 4 corresponden a Villa Mar\u00eda y el resto a la vecina ciudad. <\/p>\n\n\n\n<p>En los casos locales, en uno de ellos a\u00fan no se pudo corroborar el nexo epidemiol\u00f3gico. El total acumulado lleg\u00f3 a 109 casos, mientras que los activos suman 45. <\/p>\n\n\n\n<p>De acuerdo con el informe ofrecido por el concejal a cargo del Ejecutivo Pablo Rosso y la m\u00e9dica infect\u00f3loga Graciela Ortega, hay 229 personas aisladas, de los cuales 184 son contactos estrechos. <\/p>\n\n\n\n<p>Al respecto, 46 aguardan los resultados y 138 recibieron el resultado negativo del primer hisopado. Adem\u00e1s, obtuvieron el alta de aislamiento 34 personas.<\/p>\n\n\n\n<p><strong>Villa Nueva<\/strong><\/p>\n\n\n\n<p>Los 3 nuevos casos positivos ya se encontraban en aislamiento por ser contactos estrechos.<br><\/p>\n\n\n\n<p>En total, la ciudad contabiliza 13 casos activos de Covid 19, de los cuales 12 se encuentran guardando aislamiento domiciliario, y s\u00f3lo un caso se encuentra en internaci\u00f3n en el Hospital Pasteur.<br><\/p>\n\n\n\n<p>La cantidad de contactos estrechos es de 65 y se encuentran siendo vigilados para su cumplimiento efectivo de la cuarentena, hasta tanto se reciban los resultados de los correspondientes hisopados, inform\u00f3 el municipio villanovense. <\/p>\n\n\n\n<figure class=\"wp-block-image size-large\"><img data-recalc-dims=\"1\" fetchpriority=\"high\" decoding=\"async\" width=\"1024\" height=\"688\" src=\"https:\/\/i0.wp.com\/elregionalvm.com.ar\/noticias-villa-maria\/wp-content\/uploads\/2020\/08\/WhatsApp-Image-2020-08-18-at-9.19.36-PM.jpeg?resize=1024%2C688&#038;ssl=1\" alt=\"\" class=\"wp-image-22272\" srcset=\"https:\/\/i0.wp.com\/elregionalvm.com.ar\/noticias-villa-maria\/wp-content\/uploads\/2020\/08\/WhatsApp-Image-2020-08-18-at-9.19.36-PM.jpeg?resize=1024%2C688&amp;ssl=1 1024w, https:\/\/i0.wp.com\/elregionalvm.com.ar\/noticias-villa-maria\/wp-content\/uploads\/2020\/08\/WhatsApp-Image-2020-08-18-at-9.19.36-PM.jpeg?resize=300%2C202&amp;ssl=1 300w, https:\/\/i0.wp.com\/elregionalvm.com.ar\/noticias-villa-maria\/wp-content\/uploads\/2020\/08\/WhatsApp-Image-2020-08-18-at-9.19.36-PM.jpeg?resize=768%2C516&amp;ssl=1 768w, https:\/\/i0.wp.com\/elregionalvm.com.ar\/noticias-villa-maria\/wp-content\/uploads\/2020\/08\/WhatsApp-Image-2020-08-18-at-9.19.36-PM.jpeg?w=1123&amp;ssl=1 1123w\" sizes=\"(max-width: 1000px) 100vw, 1000px\" \/><figcaption><em>Los datos de Villa Nueva al martes 18 de agosto.<\/em> <\/figcaption><\/figure>\n\n\n\n<p><\/p>\n\n\n\n<p><strong>En la provincia<\/strong><\/p>\n\n\n\n<p>El Ministerio de Salud de la Provincia confirm\u00f3\u00a0221 nuevos casos, de los cuales\u00a061 corresponden a C\u00f3rdoba capital,\u00a0y\u00a0160 al interior cordob\u00e9s. <\/p>\n\n\n\n<p>Hoy\u00a0se notificaron cinco fallecimientos por Covid-19\u00a0en la provincia. Se trat\u00f3 de tres mujeres oriundas de Vicu\u00f1a Mackenna, de 79, 90 y 98 a\u00f1os, y un hombre y una mujer de la ciudad de C\u00f3rdoba, de 74 y 63 a\u00f1os, respectivamente. Todas las personas se encontraban internadas y presentaban antecedentes de patolog\u00edas previas. <\/p>\n\n\n\n<p>Hasta la fecha\u00a0se ha producido en total 87 decesos\u00a0por esta causa.<\/p>\n","protected":false},"excerpt":{"rendered":"<p>El conglomerado Villa Mar\u00eda &#8211; Villa Nueva sum\u00f3 7 nuevos casos este martes 18 de agosto. De ese total, 4 corresponden a Villa Mar\u00eda y el resto a la vecina ciudad. En los casos locales, en uno de ellos a\u00fan no se pudo corroborar el nexo epidemiol\u00f3gico. El total acumulado lleg\u00f3 a 109 casos, mientras [&hellip;]<\/p>\n","protected":false},"author":4,"featured_media":22273,"comment_status":"open","ping_status":"open","sticky":false,"template":"","format":"standard","meta":{"site-sidebar-layout":"default","site-content-layout":"default","ast-site-content-layout":"default","site-content-style":"default","site-sidebar-style":"default","ast-global-header-display":"","ast-banner-title-visibility":"","ast-main-header-display":"","ast-hfb-above-header-display":"","ast-hfb-below-header-display":"","ast-hfb-mobile-header-display":"","site-post-title":"","ast-breadcrumbs-content":"","ast-featured-img":"","footer-sml-layout":"","ast-disable-related-posts":"","theme-transparent-header-meta":"default","adv-header-id-meta":"","stick-header-meta":"","header-above-stick-meta":"","header-main-stick-meta":"","header-below-stick-meta":"","astra-migrate-meta-layouts":"default","ast-page-background-enabled":"default","ast-page-background-meta":{"desktop":{"background-color":"","background-image":"","background-repeat":"repeat","background-position":"center center","background-size":"auto","background-attachment":"scroll","background-type":"","background-media":"","overlay-type":"","overlay-color":"","overlay-opacity":"","overlay-gradient":""},"tablet":{"background-color":"","background-image":"","background-repeat":"repeat","background-position":"center center","background-size":"auto","background-attachment":"scroll","background-type":"","background-media":"","overlay-type":"","overlay-color":"","overlay-opacity":"","overlay-gradient":""},"mobile":{"background-color":"","background-image":"","background-repeat":"repeat","background-position":"center center","background-size":"auto","background-attachment":"scroll","background-type":"","background-media":"","overlay-type":"","overlay-color":"","overlay-opacity":"","overlay-gradient":""}},"ast-content-background-meta":{"desktop":{"background-color":"var(--ast-global-color-5)","background-image":"","background-repeat":"repeat","background-position":"center center","background-size":"auto","background-attachment":"scroll","background-type":"","background-media":"","overlay-type":"","overlay-color":"","overlay-opacity":"","overlay-gradient":""},"tablet":{"background-color":"var(--ast-global-color-5)","background-image":"","background-repeat":"repeat","background-position":"center center","background-size":"auto","background-attachment":"scroll","background-type":"","background-media":"","overlay-type":"","overlay-color":"","overlay-opacity":"","overlay-gradient":""},"mobile":{"background-color":"var(--ast-global-color-5)","background-image":"","background-repeat":"repeat","background-position":"center center","background-size":"auto","background-attachment":"scroll","background-type":"","background-media":"","overlay-type":"","overlay-color":"","overlay-opacity":"","overlay-gradient":""}},"_jetpack_memberships_contains_paid_content":false,"_joinchat":[],"footnotes":""},"categories":[2256,2323,2,1408],"tags":[2422,2054,2130,2623,534,232],"class_list":["post-22271","post","type-post","status-publish","format-standard","has-post-thumbnail","hentry","category-coronavirus","category-notas-secundarias","category-villa-maria","category-villa-nueva","tag-coe","tag-covid-19","tag-hospital-pasteur","tag-informe-epidemiologico","tag-villa-maria","tag-villa-nueva"],"yoast_head":"<!-- This site is optimized with the Yoast SEO plugin v26.8 - https:\/\/yoast.com\/product\/yoast-seo-wordpress\/ -->\n<title>Cuatro nuevos casos en Villa Mar\u00eda y tres en Villa Nueva - El Regional<\/title>\n<meta name=\"description\" content=\"El conglomerado Villa Mar\u00eda - Villa Nueva sum\u00f3 7 nuevos casos este martes 18 de agosto. De ese total, 4 corresponden a Villa Mar\u00eda.\" \/>\n<meta name=\"robots\" content=\"index, follow, max-snippet:-1, max-image-preview:large, max-video-preview:-1\" \/>\n<link rel=\"canonical\" href=\"http:\/\/elregionalvm.com.ar\/noticias-villa-maria\/cuatro-nuevos-casos-en-villa-maria-y-tres-en-villa-nueva\/\" \/>\n<meta property=\"og:locale\" content=\"es_ES\" \/>\n<meta property=\"og:type\" content=\"article\" \/>\n<meta property=\"og:title\" content=\"Cuatro nuevos casos en Villa Mar\u00eda y tres en Villa Nueva - El Regional\" \/>\n<meta property=\"og:description\" content=\"El conglomerado Villa Mar\u00eda - Villa Nueva sum\u00f3 7 nuevos casos este martes 18 de agosto. De ese total, 4 corresponden a Villa Mar\u00eda.\" \/>\n<meta property=\"og:url\" content=\"http:\/\/elregionalvm.com.ar\/noticias-villa-maria\/cuatro-nuevos-casos-en-villa-maria-y-tres-en-villa-nueva\/\" \/>\n<meta property=\"og:site_name\" content=\"El Regional\" \/>\n<meta property=\"article:publisher\" content=\"https:\/\/www.facebook.com\/elregionalvm\" \/>\n<meta property=\"article:published_time\" content=\"2020-08-19T01:05:17+00:00\" \/>\n<meta property=\"article:modified_time\" content=\"2020-08-19T12:15:23+00:00\" \/>\n<meta property=\"og:image\" content=\"http:\/\/elregionalvm.com.ar\/noticias-villa-maria\/wp-content\/uploads\/2020\/08\/Informe-diario-18-de-agosto.jpeg\" \/>\n\t<meta property=\"og:image:width\" content=\"1069\" \/>\n\t<meta property=\"og:image:height\" content=\"531\" \/>\n\t<meta property=\"og:image:type\" content=\"image\/jpeg\" \/>\n<meta name=\"author\" content=\"Contenidos El Regional\" \/>\n<meta name=\"twitter:card\" content=\"summary_large_image\" \/>\n<meta name=\"twitter:creator\" content=\"@elregionalvm1\" \/>\n<meta name=\"twitter:site\" content=\"@elregionalvm1\" \/>\n<meta name=\"twitter:label1\" content=\"Escrito por\" \/>\n\t<meta name=\"twitter:data1\" content=\"Contenidos El Regional\" \/>\n\t<meta name=\"twitter:label2\" content=\"Tiempo de lectura\" \/>\n\t<meta name=\"twitter:data2\" content=\"1 minuto\" \/>\n<script type=\"application\/ld+json\" class=\"yoast-schema-graph\">{\"@context\":\"https:\/\/schema.org\",\"@graph\":[{\"@type\":\"Article\",\"@id\":\"http:\/\/elregionalvm.com.ar\/noticias-villa-maria\/cuatro-nuevos-casos-en-villa-maria-y-tres-en-villa-nueva\/#article\",\"isPartOf\":{\"@id\":\"http:\/\/elregionalvm.com.ar\/noticias-villa-maria\/cuatro-nuevos-casos-en-villa-maria-y-tres-en-villa-nueva\/\"},\"author\":{\"name\":\"Contenidos El Regional\",\"@id\":\"http:\/\/elregionalvm.com.ar\/noticias-villa-maria\/#\/schema\/person\/a0fb9c422317faca23d50163151bc354\"},\"headline\":\"Cuatro nuevos casos en Villa Mar\u00eda y tres en Villa Nueva\",\"datePublished\":\"2020-08-19T01:05:17+00:00\",\"dateModified\":\"2020-08-19T12:15:23+00:00\",\"mainEntityOfPage\":{\"@id\":\"http:\/\/elregionalvm.com.ar\/noticias-villa-maria\/cuatro-nuevos-casos-en-villa-maria-y-tres-en-villa-nueva\/\"},\"wordCount\":304,\"commentCount\":0,\"image\":{\"@id\":\"http:\/\/elregionalvm.com.ar\/noticias-villa-maria\/cuatro-nuevos-casos-en-villa-maria-y-tres-en-villa-nueva\/#primaryimage\"},\"thumbnailUrl\":\"https:\/\/i0.wp.com\/elregionalvm.com.ar\/noticias-villa-maria\/wp-content\/uploads\/2020\/08\/Informe-diario-18-de-agosto.jpeg?fit=1069%2C531&ssl=1\",\"keywords\":[\"COE\",\"Covid-19\",\"Hospital Pasteur\",\"Informe epidemiol\u00f3gico\",\"villa maria\",\"VILLA NUEVA\"],\"articleSection\":[\"Coronavirus\",\"Notas\",\"Villa Mar\u00eda\",\"Villa Nueva\"],\"inLanguage\":\"es\",\"potentialAction\":[{\"@type\":\"CommentAction\",\"name\":\"Comment\",\"target\":[\"http:\/\/elregionalvm.com.ar\/noticias-villa-maria\/cuatro-nuevos-casos-en-villa-maria-y-tres-en-villa-nueva\/#respond\"]}]},{\"@type\":\"WebPage\",\"@id\":\"http:\/\/elregionalvm.com.ar\/noticias-villa-maria\/cuatro-nuevos-casos-en-villa-maria-y-tres-en-villa-nueva\/\",\"url\":\"http:\/\/elregionalvm.com.ar\/noticias-villa-maria\/cuatro-nuevos-casos-en-villa-maria-y-tres-en-villa-nueva\/\",\"name\":\"Cuatro nuevos casos en Villa Mar\u00eda y tres en Villa Nueva - El Regional\",\"isPartOf\":{\"@id\":\"http:\/\/elregionalvm.com.ar\/noticias-villa-maria\/#website\"},\"primaryImageOfPage\":{\"@id\":\"http:\/\/elregionalvm.com.ar\/noticias-villa-maria\/cuatro-nuevos-casos-en-villa-maria-y-tres-en-villa-nueva\/#primaryimage\"},\"image\":{\"@id\":\"http:\/\/elregionalvm.com.ar\/noticias-villa-maria\/cuatro-nuevos-casos-en-villa-maria-y-tres-en-villa-nueva\/#primaryimage\"},\"thumbnailUrl\":\"https:\/\/i0.wp.com\/elregionalvm.com.ar\/noticias-villa-maria\/wp-content\/uploads\/2020\/08\/Informe-diario-18-de-agosto.jpeg?fit=1069%2C531&ssl=1\",\"datePublished\":\"2020-08-19T01:05:17+00:00\",\"dateModified\":\"2020-08-19T12:15:23+00:00\",\"author\":{\"@id\":\"http:\/\/elregionalvm.com.ar\/noticias-villa-maria\/#\/schema\/person\/a0fb9c422317faca23d50163151bc354\"},\"description\":\"El conglomerado Villa Mar\u00eda - Villa Nueva sum\u00f3 7 nuevos casos este martes 18 de agosto. De ese total, 4 corresponden a Villa Mar\u00eda.\",\"breadcrumb\":{\"@id\":\"http:\/\/elregionalvm.com.ar\/noticias-villa-maria\/cuatro-nuevos-casos-en-villa-maria-y-tres-en-villa-nueva\/#breadcrumb\"},\"inLanguage\":\"es\",\"potentialAction\":[{\"@type\":\"ReadAction\",\"target\":[\"http:\/\/elregionalvm.com.ar\/noticias-villa-maria\/cuatro-nuevos-casos-en-villa-maria-y-tres-en-villa-nueva\/\"]}]},{\"@type\":\"ImageObject\",\"inLanguage\":\"es\",\"@id\":\"http:\/\/elregionalvm.com.ar\/noticias-villa-maria\/cuatro-nuevos-casos-en-villa-maria-y-tres-en-villa-nueva\/#primaryimage\",\"url\":\"https:\/\/i0.wp.com\/elregionalvm.com.ar\/noticias-villa-maria\/wp-content\/uploads\/2020\/08\/Informe-diario-18-de-agosto.jpeg?fit=1069%2C531&ssl=1\",\"contentUrl\":\"https:\/\/i0.wp.com\/elregionalvm.com.ar\/noticias-villa-maria\/wp-content\/uploads\/2020\/08\/Informe-diario-18-de-agosto.jpeg?fit=1069%2C531&ssl=1\",\"width\":1069,\"height\":531},{\"@type\":\"BreadcrumbList\",\"@id\":\"http:\/\/elregionalvm.com.ar\/noticias-villa-maria\/cuatro-nuevos-casos-en-villa-maria-y-tres-en-villa-nueva\/#breadcrumb\",\"itemListElement\":[{\"@type\":\"ListItem\",\"position\":1,\"name\":\"Portada\",\"item\":\"https:\/\/elregionalvm.com.ar\/noticias-villa-maria\/\"},{\"@type\":\"ListItem\",\"position\":2,\"name\":\"Cuatro nuevos casos en Villa Mar\u00eda y tres en Villa Nueva\"}]},{\"@type\":\"WebSite\",\"@id\":\"http:\/\/elregionalvm.com.ar\/noticias-villa-maria\/#website\",\"url\":\"http:\/\/elregionalvm.com.ar\/noticias-villa-maria\/\",\"name\":\"El Regional\",\"description\":\"Mucho m\u00e1s que informaci\u00f3n\",\"potentialAction\":[{\"@type\":\"SearchAction\",\"target\":{\"@type\":\"EntryPoint\",\"urlTemplate\":\"http:\/\/elregionalvm.com.ar\/noticias-villa-maria\/?s={search_term_string}\"},\"query-input\":{\"@type\":\"PropertyValueSpecification\",\"valueRequired\":true,\"valueName\":\"search_term_string\"}}],\"inLanguage\":\"es\"},{\"@type\":\"Person\",\"@id\":\"http:\/\/elregionalvm.com.ar\/noticias-villa-maria\/#\/schema\/person\/a0fb9c422317faca23d50163151bc354\",\"name\":\"Contenidos El Regional\",\"image\":{\"@type\":\"ImageObject\",\"inLanguage\":\"es\",\"@id\":\"http:\/\/elregionalvm.com.ar\/noticias-villa-maria\/#\/schema\/person\/image\/\",\"url\":\"https:\/\/secure.gravatar.com\/avatar\/265b27cb2209af7bb3a1318f03305787d7981a5cc6e6cd08fe5a4ecdf99d4b48?s=96&d=mm&r=g\",\"contentUrl\":\"https:\/\/secure.gravatar.com\/avatar\/265b27cb2209af7bb3a1318f03305787d7981a5cc6e6cd08fe5a4ecdf99d4b48?s=96&d=mm&r=g\",\"caption\":\"Contenidos El Regional\"},\"url\":\"https:\/\/elregionalvm.com.ar\/noticias-villa-maria\/author\/contenido\/\"}]}<\/script>\n<!-- \/ Yoast SEO plugin. -->","yoast_head_json":{"title":"Cuatro nuevos casos en Villa Mar\u00eda y tres en Villa Nueva - El Regional","description":"El conglomerado Villa Mar\u00eda - Villa Nueva sum\u00f3 7 nuevos casos este martes 18 de agosto. De ese total, 4 corresponden a Villa Mar\u00eda.","robots":{"index":"index","follow":"follow","max-snippet":"max-snippet:-1","max-image-preview":"max-image-preview:large","max-video-preview":"max-video-preview:-1"},"canonical":"http:\/\/elregionalvm.com.ar\/noticias-villa-maria\/cuatro-nuevos-casos-en-villa-maria-y-tres-en-villa-nueva\/","og_locale":"es_ES","og_type":"article","og_title":"Cuatro nuevos casos en Villa Mar\u00eda y tres en Villa Nueva - El Regional","og_description":"El conglomerado Villa Mar\u00eda - Villa Nueva sum\u00f3 7 nuevos casos este martes 18 de agosto. De ese total, 4 corresponden a Villa Mar\u00eda.","og_url":"http:\/\/elregionalvm.com.ar\/noticias-villa-maria\/cuatro-nuevos-casos-en-villa-maria-y-tres-en-villa-nueva\/","og_site_name":"El Regional","article_publisher":"https:\/\/www.facebook.com\/elregionalvm","article_published_time":"2020-08-19T01:05:17+00:00","article_modified_time":"2020-08-19T12:15:23+00:00","og_image":[{"width":1069,"height":531,"url":"http:\/\/elregionalvm.com.ar\/noticias-villa-maria\/wp-content\/uploads\/2020\/08\/Informe-diario-18-de-agosto.jpeg","type":"image\/jpeg"}],"author":"Contenidos El Regional","twitter_card":"summary_large_image","twitter_creator":"@elregionalvm1","twitter_site":"@elregionalvm1","twitter_misc":{"Escrito por":"Contenidos El Regional","Tiempo de lectura":"1 minuto"},"schema":{"@context":"https:\/\/schema.org","@graph":[{"@type":"Article","@id":"http:\/\/elregionalvm.com.ar\/noticias-villa-maria\/cuatro-nuevos-casos-en-villa-maria-y-tres-en-villa-nueva\/#article","isPartOf":{"@id":"http:\/\/elregionalvm.com.ar\/noticias-villa-maria\/cuatro-nuevos-casos-en-villa-maria-y-tres-en-villa-nueva\/"},"author":{"name":"Contenidos El Regional","@id":"http:\/\/elregionalvm.com.ar\/noticias-villa-maria\/#\/schema\/person\/a0fb9c422317faca23d50163151bc354"},"headline":"Cuatro nuevos casos en Villa Mar\u00eda y tres en Villa Nueva","datePublished":"2020-08-19T01:05:17+00:00","dateModified":"2020-08-19T12:15:23+00:00","mainEntityOfPage":{"@id":"http:\/\/elregionalvm.com.ar\/noticias-villa-maria\/cuatro-nuevos-casos-en-villa-maria-y-tres-en-villa-nueva\/"},"wordCount":304,"commentCount":0,"image":{"@id":"http:\/\/elregionalvm.com.ar\/noticias-villa-maria\/cuatro-nuevos-casos-en-villa-maria-y-tres-en-villa-nueva\/#primaryimage"},"thumbnailUrl":"https:\/\/i0.wp.com\/elregionalvm.com.ar\/noticias-villa-maria\/wp-content\/uploads\/2020\/08\/Informe-diario-18-de-agosto.jpeg?fit=1069%2C531&ssl=1","keywords":["COE","Covid-19","Hospital Pasteur","Informe epidemiol\u00f3gico","villa maria","VILLA NUEVA"],"articleSection":["Coronavirus","Notas","Villa Mar\u00eda","Villa Nueva"],"inLanguage":"es","potentialAction":[{"@type":"CommentAction","name":"Comment","target":["http:\/\/elregionalvm.com.ar\/noticias-villa-maria\/cuatro-nuevos-casos-en-villa-maria-y-tres-en-villa-nueva\/#respond"]}]},{"@type":"WebPage","@id":"http:\/\/elregionalvm.com.ar\/noticias-villa-maria\/cuatro-nuevos-casos-en-villa-maria-y-tres-en-villa-nueva\/","url":"http:\/\/elregionalvm.com.ar\/noticias-villa-maria\/cuatro-nuevos-casos-en-villa-maria-y-tres-en-villa-nueva\/","name":"Cuatro nuevos casos en Villa Mar\u00eda y tres en Villa Nueva - El Regional","isPartOf":{"@id":"http:\/\/elregionalvm.com.ar\/noticias-villa-maria\/#website"},"primaryImageOfPage":{"@id":"http:\/\/elregionalvm.com.ar\/noticias-villa-maria\/cuatro-nuevos-casos-en-villa-maria-y-tres-en-villa-nueva\/#primaryimage"},"image":{"@id":"http:\/\/elregionalvm.com.ar\/noticias-villa-maria\/cuatro-nuevos-casos-en-villa-maria-y-tres-en-villa-nueva\/#primaryimage"},"thumbnailUrl":"https:\/\/i0.wp.com\/elregionalvm.com.ar\/noticias-villa-maria\/wp-content\/uploads\/2020\/08\/Informe-diario-18-de-agosto.jpeg?fit=1069%2C531&ssl=1","datePublished":"2020-08-19T01:05:17+00:00","dateModified":"2020-08-19T12:15:23+00:00","author":{"@id":"http:\/\/elregionalvm.com.ar\/noticias-villa-maria\/#\/schema\/person\/a0fb9c422317faca23d50163151bc354"},"description":"El conglomerado Villa Mar\u00eda - Villa Nueva sum\u00f3 7 nuevos casos este martes 18 de agosto. De ese total, 4 corresponden a Villa Mar\u00eda.","breadcrumb":{"@id":"http:\/\/elregionalvm.com.ar\/noticias-villa-maria\/cuatro-nuevos-casos-en-villa-maria-y-tres-en-villa-nueva\/#breadcrumb"},"inLanguage":"es","potentialAction":[{"@type":"ReadAction","target":["http:\/\/elregionalvm.com.ar\/noticias-villa-maria\/cuatro-nuevos-casos-en-villa-maria-y-tres-en-villa-nueva\/"]}]},{"@type":"ImageObject","inLanguage":"es","@id":"http:\/\/elregionalvm.com.ar\/noticias-villa-maria\/cuatro-nuevos-casos-en-villa-maria-y-tres-en-villa-nueva\/#primaryimage","url":"https:\/\/i0.wp.com\/elregionalvm.com.ar\/noticias-villa-maria\/wp-content\/uploads\/2020\/08\/Informe-diario-18-de-agosto.jpeg?fit=1069%2C531&ssl=1","contentUrl":"https:\/\/i0.wp.com\/elregionalvm.com.ar\/noticias-villa-maria\/wp-content\/uploads\/2020\/08\/Informe-diario-18-de-agosto.jpeg?fit=1069%2C531&ssl=1","width":1069,"height":531},{"@type":"BreadcrumbList","@id":"http:\/\/elregionalvm.com.ar\/noticias-villa-maria\/cuatro-nuevos-casos-en-villa-maria-y-tres-en-villa-nueva\/#breadcrumb","itemListElement":[{"@type":"ListItem","position":1,"name":"Portada","item":"https:\/\/elregionalvm.com.ar\/noticias-villa-maria\/"},{"@type":"ListItem","position":2,"name":"Cuatro nuevos casos en Villa Mar\u00eda y tres en Villa Nueva"}]},{"@type":"WebSite","@id":"http:\/\/elregionalvm.com.ar\/noticias-villa-maria\/#website","url":"http:\/\/elregionalvm.com.ar\/noticias-villa-maria\/","name":"El Regional","description":"Mucho m\u00e1s que informaci\u00f3n","potentialAction":[{"@type":"SearchAction","target":{"@type":"EntryPoint","urlTemplate":"http:\/\/elregionalvm.com.ar\/noticias-villa-maria\/?s={search_term_string}"},"query-input":{"@type":"PropertyValueSpecification","valueRequired":true,"valueName":"search_term_string"}}],"inLanguage":"es"},{"@type":"Person","@id":"http:\/\/elregionalvm.com.ar\/noticias-villa-maria\/#\/schema\/person\/a0fb9c422317faca23d50163151bc354","name":"Contenidos El Regional","image":{"@type":"ImageObject","inLanguage":"es","@id":"http:\/\/elregionalvm.com.ar\/noticias-villa-maria\/#\/schema\/person\/image\/","url":"https:\/\/secure.gravatar.com\/avatar\/265b27cb2209af7bb3a1318f03305787d7981a5cc6e6cd08fe5a4ecdf99d4b48?s=96&d=mm&r=g","contentUrl":"https:\/\/secure.gravatar.com\/avatar\/265b27cb2209af7bb3a1318f03305787d7981a5cc6e6cd08fe5a4ecdf99d4b48?s=96&d=mm&r=g","caption":"Contenidos El Regional"},"url":"https:\/\/elregionalvm.com.ar\/noticias-villa-maria\/author\/contenido\/"}]}},"jetpack_featured_media_url":"https:\/\/i0.wp.com\/elregionalvm.com.ar\/noticias-villa-maria\/wp-content\/uploads\/2020\/08\/Informe-diario-18-de-agosto.jpeg?fit=1069%2C531&ssl=1","jetpack_sharing_enabled":true,"_links":{"self":[{"href":"https:\/\/elregionalvm.com.ar\/noticias-villa-maria\/wp-json\/wp\/v2\/posts\/22271","targetHints":{"allow":["GET"]}}],"collection":[{"href":"https:\/\/elregionalvm.com.ar\/noticias-villa-maria\/wp-json\/wp\/v2\/posts"}],"about":[{"href":"https:\/\/elregionalvm.com.ar\/noticias-villa-maria\/wp-json\/wp\/v2\/types\/post"}],"author":[{"embeddable":true,"href":"https:\/\/elregionalvm.com.ar\/noticias-villa-maria\/wp-json\/wp\/v2\/users\/4"}],"replies":[{"embeddable":true,"href":"https:\/\/elregionalvm.com.ar\/noticias-villa-maria\/wp-json\/wp\/v2\/comments?post=22271"}],"version-history":[{"count":1,"href":"https:\/\/elregionalvm.com.ar\/noticias-villa-maria\/wp-json\/wp\/v2\/posts\/22271\/revisions"}],"predecessor-version":[{"id":22274,"href":"https:\/\/elregionalvm.com.ar\/noticias-villa-maria\/wp-json\/wp\/v2\/posts\/22271\/revisions\/22274"}],"wp:featuredmedia":[{"embeddable":true,"href":"https:\/\/elregionalvm.com.ar\/noticias-villa-maria\/wp-json\/wp\/v2\/media\/22273"}],"wp:attachment":[{"href":"https:\/\/elregionalvm.com.ar\/noticias-villa-maria\/wp-json\/wp\/v2\/media?parent=22271"}],"wp:term":[{"taxonomy":"category","embeddable":true,"href":"https:\/\/elregionalvm.com.ar\/noticias-villa-maria\/wp-json\/wp\/v2\/categories?post=22271"},{"taxonomy":"post_tag","embeddable":true,"href":"https:\/\/elregionalvm.com.ar\/noticias-villa-maria\/wp-json\/wp\/v2\/tags?post=22271"}],"curies":[{"name":"wp","href":"https:\/\/api.w.org\/{rel}","templated":true}]}}