{"id":22297,"date":"2020-08-19T18:30:25","date_gmt":"2020-08-19T18:30:25","guid":{"rendered":"https:\/\/elregionalvm.com.ar\/noticias-villa-maria\/?p=22297"},"modified":"2020-08-19T18:30:26","modified_gmt":"2020-08-19T18:30:26","slug":"esta-mal-tomarse-venganza","status":"publish","type":"post","link":"https:\/\/elregionalvm.com.ar\/noticias-villa-maria\/esta-mal-tomarse-venganza\/","title":{"rendered":"\u00bf\u00a1\u00a1Est\u00e1 mal tomarse venganza!!?"},"content":{"rendered":"\n<p><strong>Escribe: Miguel Andreis<\/strong><\/p>\n\n\n\n<p>No soy un tipo rencoroso. Nunca lo fui. Al menos eso es lo que creo o cre\u00ed. Siempre, es inexorable e inevitable que cada qui\u00e9n tenga a quien odiar o, en todos casos no querer.<\/p>\n\n\n\n<p>A lo largo de mi existencia, 60 camino a los 70, he observado conductas no pocas veces inapropiadas. El rencor es para el tango dec\u00eda un amigo, mientras le orinaba los zapatos a la suegra. O para aquellos que aborrecen casi en forma enfermiza. No es un sentimiento f\u00e1cil de manejar.<\/p>\n\n\n\n<p>En ocasiones, pienso la cantidad de personas que son detestadas, despreciadas y no lo saben. Por ejemplo, mujeres y hombres, cuya pareja, alguna vez imagin\u00f3 algo absolutamente lo m\u00e1s alejado de la realidad, una relaci\u00f3n oculta con un tipo o una chica, que nada que ver, pero se volvi\u00f3 suficiente para que ella o \u00e9l, hayan puesto en acci\u00f3n uno de los m\u00e1s desagradables sentimientos, como los celos y dejado que su desconfianza volara hasta ubicarse en las entra\u00f1as de la aversi\u00f3n. \u201cA ese o esa guacha hay que reventarlos\u201d. Suele murmurarse en baja voz. Producto de la resentida condena.<\/p>\n\n\n\n<p>La suspicacia degrada la raz\u00f3n. Desprecia. Rechaza. El \u201cimputado\/a\u201d nunca sabe el por qu\u00e9, tal o cual persona, jam\u00e1s lo\/la salud\u00f3 o, hasta se enter\u00f3 de comentarios pocos favorables hacia \u00e9l\/ ella. Presiente una aversi\u00f3n, aunque ignora los motivos. Su imaginaci\u00f3n les da dimensi\u00f3n a las pasiones que ni cerca estuvieron de hacerse realidad.<\/p>\n\n\n\n<p>El Chueco Lorissa, amigo de a\u00f1os, pasa por esa situaci\u00f3n, solo que por otro motivo. Me lo cuenta sin pudor alguno. Est\u00e1 convencido de que, si el rencor justifica la venganza, nunca puede ser vergonzosa. \u201cNo ser\u00e1 heroica pero s\u00ed necesaria\u201d, afirma.<\/p>\n\n\n\n<p>\u201cEl rencor y el odio son primos hermanos. El rencor siempre busca un tiempo de revancha. Tienen parte del mismo ADN, pero no son iguales\u201d, sentencia.<\/p>\n\n\n\n<p><strong>En mi interior intento convencerme de que vivo sin esas pesadumbres\u2026 \u00bf\u00a1\u00a1Nada de rencor!!? Uhmm. Comienzo a dudarlo. El Chueco alude a algo de la l\u00f3gica. Conozco esa historia\u2026<\/strong><\/p>\n\n\n\n<p>Me explica los porqu\u00e9s de su decisi\u00f3n. Lo otro ya lo s\u00e9. Mientras regresamos de caminar por la costanera me cuenta; \u201cEsta ma\u00f1ana me fui a inscribir a un gimnasio de Kick Boxing, que est\u00e1n a punto de abrir. Al frente de la terminal de \u00f3mnibus\u201d.<\/p>\n\n\n\n<p>Pregunto qu\u00e9 lo moviliz\u00f3 a esta altura de su vida. Pas\u00f3 la mitad de los sesenta. \u201cOjo \u2013tiro en palabras- a esta altura de tu vida, comenzar con la pr\u00e1ctica de esa actividad no es simple. Mucho esfuerzo f\u00edsico y ps\u00edquico. No es f\u00e1cil bancarse las pi\u00f1as y menos las patadas. Duelen el doble\u201d.<\/p>\n\n\n\n<p>Movi\u00f3 la cabeza de un lado a otro. \u201cNo me importa, tengo razones. \u00bfVos te acord\u00e1s cuando \u00edbamos a sexto grado de la Escuela Agust\u00edn \u00c1lvarez, me agarr\u00e9 a pi\u00f1as con el Chino Maldonado, dos a\u00f1os mayor que yo? Era picante el guacho. Pegaba fuert\u00edsimo. Me desarm\u00f3, pero, lo peor, es que all\u00ed estaba la piba con la que sal\u00edamos. Todo el mundo se me cag\u00f3 de risa y ella, de quien estaba totalmente enamorado y nunca la olvid\u00e9, me dej\u00f3 por verg\u00fcenza\u201d.<\/p>\n\n\n\n<p>Continu\u00f3 sin cortar el relato: \u201cFaltaban pocos meses para terminar las clases, en los recreos me cuid\u00e9 de estar lo m\u00e1s lejos posible del morocho. \u00a1\u00a1Por las dudas! &nbsp;Finalizamos la primaria, tambi\u00e9n la secundaria, pero no en la misma escuela. No nos salud\u00e1bamos nunca m\u00e1s. &nbsp;A\u00f1os despu\u00e9s, nos encontramos en un partido de f\u00fatbol, de contrabarrios, en la inexpugnable cancha de los eucaliptus, en el Chaco Chico, para los que \u00e9l jugaba. Lugar jodido si los hab\u00eda. Cruc\u00e9 una pierna fuerte, sent\u00ed el gemido y los tapones que se le hund\u00edan en la gamba, sonido que lleg\u00f3 tan r\u00e1pido como la pi\u00f1a que me clav\u00f3 en la nariz. Intent\u00e9 alg\u00fan grado de defensa.&nbsp; Grueso error, no solo que me hab\u00eda sacado a\u00fan m\u00e1s altura y ni hablar del ancho de brazos. Volv\u00ed a cobrar mal. Siempre algo con ese negro me dio vueltas por la cabeza. No sabr\u00eda expresar qu\u00e9 es lo que era. No me dol\u00eda la cara, nada, me atormentaba la piba que todav\u00eda la veo y me imagin\u00f3 una sonrisita\u2026 Lo que me daba vueltas interiormente lo supe hace poco\u2026 \u00a1\u00a1Deseos de venganza!! Reventarle la cabeza a patadas\u201d.<\/p>\n\n\n\n<p>\u00bfY vos crees que porqu\u00e9 vayas a aprender Kick Boxing, te vas tomar revancha? Mir\u00e1 si te infla por tercera vez\u2026<\/p>\n\n\n\n<p>Sonri\u00f3. \u201cApenas comenz\u00f3 la pandemia lo vi que ven\u00eda con muletas y una pierna tullida. Es la m\u00eda me dije, pero, por las dudas ni lo salud\u00e9. Estimo que, en tres o cuatro meses de darle duro al entrenamiento, estar\u00e9 condiciones de cagarlo a trompadas. Ya me contaron que el movimiento de la gamba, que perdi\u00f3 en un accidente de moto, no lo recupera m\u00e1s. No tiene chances de volver a caminar\u201d.&nbsp;<\/p>\n\n\n\n<p>Agreg\u00f3 como una disculpa ap\u00f3crifa: \u201cNo soy rencoroso, pero claro que tengo unas ganas enormes de meterles tantas manos como las que me puso \u00e9l\u2026\u201d.<\/p>\n\n\n\n<p>Te bandeaste hermano\u2026 \u00a1\u00a1Pegarle a tu tipo ya grande, que arrastra una pierna, anda con muletas, que se mueve con mucha dificultad, no te va a devolver nada; mucho menos convertir en h\u00e9roe!!<\/p>\n\n\n\n<p>\u201cA la mierda con lo que piensen los dem\u00e1s, que digan que soy un cobarde por pegarle a un inv\u00e1lido, cag\u00f3n, lo que quieran, despu\u00e9s de todo\u2026 \u00bfQu\u00e9 carajo tiene de malo ser rencoroso?\u201d.<\/p>\n\n\n\n<p>Sincer\u00f3 su necesidad de venganza. Su antihero\u00edsmo. \u201cNo quiero morirme ni que se muera sin antes desquitarme. Te juro, sue\u00f1o con ese momento\u201d.<\/p>\n\n\n\n<p>\u00bfDe qu\u00e9 sirve a esta altura tanto rencor?<\/p>\n\n\n\n<p>\u201cVos sos boludo o te hac\u00e9s. El rencor siempre es necesario. Todos lo tenemos. Dios no lo puso al pedo en nosotros. Nos ayuda a vivir, a estar incentivado\u2026 y har\u00e9 lo posible para que aquella piba se entere\u2026\u201d.<\/p>\n\n\n\n<p>\u201c\u00a1Est\u00e1s loco hermano\u2026! Pens\u00e1, pens\u00e1 un rato, \u00a1\u00a1c\u00f3mo cre\u00e9s que seguir\u00eda tu vida si por casualidad, con muletas, una pierna tullida, el tipo te vuelve a inflar a pi\u00f1as!!<\/p>\n\n\n\n<p>Hizo un silencio. Tal vez nunca lo pens\u00f3\u2026&nbsp; \u201cTe juro, recontra juro, que si ahora, en el estado que est\u00e1, me vuelve a reventar a trompadas, me cuelgo de las bolas del m\u00e1stil de la plaza\u2026 con un cartelito que diga\u2026 \u201cLa venganza es buena, siempre y cuando la puedas cumplir\u201d.<\/p>\n","protected":false},"excerpt":{"rendered":"<p>Escribe: Miguel Andreis No soy un tipo rencoroso. Nunca lo fui. Al menos eso es lo que creo o cre\u00ed. Siempre, es inexorable e inevitable que cada qui\u00e9n tenga a quien odiar o, en todos casos no querer. A lo largo de mi existencia, 60 camino a los 70, he observado conductas no pocas veces [&hellip;]<\/p>\n","protected":false},"author":5,"featured_media":22298,"comment_status":"open","ping_status":"open","sticky":false,"template":"","format":"standard","meta":{"site-sidebar-layout":"default","site-content-layout":"default","ast-site-content-layout":"default","site-content-style":"default","site-sidebar-style":"default","ast-global-header-display":"","ast-banner-title-visibility":"","ast-main-header-display":"","ast-hfb-above-header-display":"","ast-hfb-below-header-display":"","ast-hfb-mobile-header-display":"","site-post-title":"","ast-breadcrumbs-content":"","ast-featured-img":"","footer-sml-layout":"","ast-disable-related-posts":"","theme-transparent-header-meta":"default","adv-header-id-meta":"","stick-header-meta":"","header-above-stick-meta":"","header-main-stick-meta":"","header-below-stick-meta":"","astra-migrate-meta-layouts":"default","ast-page-background-enabled":"default","ast-page-background-meta":{"desktop":{"background-color":"","background-image":"","background-repeat":"repeat","background-position":"center center","background-size":"auto","background-attachment":"scroll","background-type":"","background-media":"","overlay-type":"","overlay-color":"","overlay-opacity":"","overlay-gradient":""},"tablet":{"background-color":"","background-image":"","background-repeat":"repeat","background-position":"center center","background-size":"auto","background-attachment":"scroll","background-type":"","background-media":"","overlay-type":"","overlay-color":"","overlay-opacity":"","overlay-gradient":""},"mobile":{"background-color":"","background-image":"","background-repeat":"repeat","background-position":"center center","background-size":"auto","background-attachment":"scroll","background-type":"","background-media":"","overlay-type":"","overlay-color":"","overlay-opacity":"","overlay-gradient":""}},"ast-content-background-meta":{"desktop":{"background-color":"var(--ast-global-color-5)","background-image":"","background-repeat":"repeat","background-position":"center center","background-size":"auto","background-attachment":"scroll","background-type":"","background-media":"","overlay-type":"","overlay-color":"","overlay-opacity":"","overlay-gradient":""},"tablet":{"background-color":"var(--ast-global-color-5)","background-image":"","background-repeat":"repeat","background-position":"center center","background-size":"auto","background-attachment":"scroll","background-type":"","background-media":"","overlay-type":"","overlay-color":"","overlay-opacity":"","overlay-gradient":""},"mobile":{"background-color":"var(--ast-global-color-5)","background-image":"","background-repeat":"repeat","background-position":"center center","background-size":"auto","background-attachment":"scroll","background-type":"","background-media":"","overlay-type":"","overlay-color":"","overlay-opacity":"","overlay-gradient":""}},"_jetpack_memberships_contains_paid_content":false,"_joinchat":[],"footnotes":""},"categories":[2098,2323],"tags":[19,1386,1926,3411,3412],"class_list":["post-22297","post","type-post","status-publish","format-standard","has-post-thumbnail","hentry","category-historias","category-notas-secundarias","tag-amor","tag-historias","tag-odio","tag-rencor","tag-venganza"],"yoast_head":"<!-- This site is optimized with the Yoast SEO plugin v26.8 - https:\/\/yoast.com\/product\/yoast-seo-wordpress\/ -->\n<title>\u00bf\u00a1\u00a1Est\u00e1 mal tomarse venganza!!? - El Regional<\/title>\n<meta name=\"description\" content=\"No soy un tipo rencoroso. Nunca lo fui. Al menos eso es lo que creo. Siempre, es inexorable e inevitable que cada qui\u00e9n tenga a quien odiar o no querer.\" \/>\n<meta name=\"robots\" content=\"index, follow, max-snippet:-1, max-image-preview:large, max-video-preview:-1\" \/>\n<link rel=\"canonical\" href=\"http:\/\/elregionalvm.com.ar\/noticias-villa-maria\/esta-mal-tomarse-venganza\/\" \/>\n<meta property=\"og:locale\" content=\"es_ES\" \/>\n<meta property=\"og:type\" content=\"article\" \/>\n<meta property=\"og:title\" content=\"\u00bf\u00a1\u00a1Est\u00e1 mal tomarse venganza!!? - El Regional\" \/>\n<meta property=\"og:description\" content=\"No soy un tipo rencoroso. Nunca lo fui. Al menos eso es lo que creo. Siempre, es inexorable e inevitable que cada qui\u00e9n tenga a quien odiar o no querer.\" \/>\n<meta property=\"og:url\" content=\"http:\/\/elregionalvm.com.ar\/noticias-villa-maria\/esta-mal-tomarse-venganza\/\" \/>\n<meta property=\"og:site_name\" content=\"El Regional\" \/>\n<meta property=\"article:publisher\" content=\"https:\/\/www.facebook.com\/elregionalvm\" \/>\n<meta property=\"article:published_time\" content=\"2020-08-19T18:30:25+00:00\" \/>\n<meta property=\"article:modified_time\" content=\"2020-08-19T18:30:26+00:00\" \/>\n<meta property=\"og:image\" content=\"http:\/\/elregionalvm.com.ar\/noticias-villa-maria\/wp-content\/uploads\/2020\/08\/Pelea-entre-varones.jpg\" \/>\n\t<meta property=\"og:image:width\" content=\"1486\" \/>\n\t<meta property=\"og:image:height\" content=\"990\" \/>\n\t<meta property=\"og:image:type\" content=\"image\/jpeg\" \/>\n<meta name=\"author\" content=\"Miguel Andreis\" \/>\n<meta name=\"twitter:card\" content=\"summary_large_image\" \/>\n<meta name=\"twitter:creator\" content=\"@elregionalvm1\" \/>\n<meta name=\"twitter:site\" content=\"@elregionalvm1\" \/>\n<meta name=\"twitter:label1\" content=\"Escrito por\" \/>\n\t<meta name=\"twitter:data1\" content=\"Miguel Andreis\" \/>\n\t<meta name=\"twitter:label2\" content=\"Tiempo de lectura\" \/>\n\t<meta name=\"twitter:data2\" content=\"6 minutos\" \/>\n<script type=\"application\/ld+json\" class=\"yoast-schema-graph\">{\"@context\":\"https:\/\/schema.org\",\"@graph\":[{\"@type\":\"Article\",\"@id\":\"http:\/\/elregionalvm.com.ar\/noticias-villa-maria\/esta-mal-tomarse-venganza\/#article\",\"isPartOf\":{\"@id\":\"http:\/\/elregionalvm.com.ar\/noticias-villa-maria\/esta-mal-tomarse-venganza\/\"},\"author\":{\"name\":\"Miguel Andreis\",\"@id\":\"http:\/\/elregionalvm.com.ar\/noticias-villa-maria\/#\/schema\/person\/df5ff3f005acf29788aed9cb359f1193\"},\"headline\":\"\u00bf\u00a1\u00a1Est\u00e1 mal tomarse venganza!!?\",\"datePublished\":\"2020-08-19T18:30:25+00:00\",\"dateModified\":\"2020-08-19T18:30:26+00:00\",\"mainEntityOfPage\":{\"@id\":\"http:\/\/elregionalvm.com.ar\/noticias-villa-maria\/esta-mal-tomarse-venganza\/\"},\"wordCount\":1127,\"commentCount\":0,\"image\":{\"@id\":\"http:\/\/elregionalvm.com.ar\/noticias-villa-maria\/esta-mal-tomarse-venganza\/#primaryimage\"},\"thumbnailUrl\":\"https:\/\/i0.wp.com\/elregionalvm.com.ar\/noticias-villa-maria\/wp-content\/uploads\/2020\/08\/Pelea-entre-varones.jpg?fit=1486%2C990&ssl=1\",\"keywords\":[\"amor\",\"historias\",\"odio\",\"Rencor\",\"venganza\"],\"articleSection\":[\"Historias\",\"Notas\"],\"inLanguage\":\"es\",\"potentialAction\":[{\"@type\":\"CommentAction\",\"name\":\"Comment\",\"target\":[\"http:\/\/elregionalvm.com.ar\/noticias-villa-maria\/esta-mal-tomarse-venganza\/#respond\"]}]},{\"@type\":\"WebPage\",\"@id\":\"http:\/\/elregionalvm.com.ar\/noticias-villa-maria\/esta-mal-tomarse-venganza\/\",\"url\":\"http:\/\/elregionalvm.com.ar\/noticias-villa-maria\/esta-mal-tomarse-venganza\/\",\"name\":\"\u00bf\u00a1\u00a1Est\u00e1 mal tomarse venganza!!? - El Regional\",\"isPartOf\":{\"@id\":\"http:\/\/elregionalvm.com.ar\/noticias-villa-maria\/#website\"},\"primaryImageOfPage\":{\"@id\":\"http:\/\/elregionalvm.com.ar\/noticias-villa-maria\/esta-mal-tomarse-venganza\/#primaryimage\"},\"image\":{\"@id\":\"http:\/\/elregionalvm.com.ar\/noticias-villa-maria\/esta-mal-tomarse-venganza\/#primaryimage\"},\"thumbnailUrl\":\"https:\/\/i0.wp.com\/elregionalvm.com.ar\/noticias-villa-maria\/wp-content\/uploads\/2020\/08\/Pelea-entre-varones.jpg?fit=1486%2C990&ssl=1\",\"datePublished\":\"2020-08-19T18:30:25+00:00\",\"dateModified\":\"2020-08-19T18:30:26+00:00\",\"author\":{\"@id\":\"http:\/\/elregionalvm.com.ar\/noticias-villa-maria\/#\/schema\/person\/df5ff3f005acf29788aed9cb359f1193\"},\"description\":\"No soy un tipo rencoroso. Nunca lo fui. Al menos eso es lo que creo. Siempre, es inexorable e inevitable que cada qui\u00e9n tenga a quien odiar o no querer.\",\"breadcrumb\":{\"@id\":\"http:\/\/elregionalvm.com.ar\/noticias-villa-maria\/esta-mal-tomarse-venganza\/#breadcrumb\"},\"inLanguage\":\"es\",\"potentialAction\":[{\"@type\":\"ReadAction\",\"target\":[\"http:\/\/elregionalvm.com.ar\/noticias-villa-maria\/esta-mal-tomarse-venganza\/\"]}]},{\"@type\":\"ImageObject\",\"inLanguage\":\"es\",\"@id\":\"http:\/\/elregionalvm.com.ar\/noticias-villa-maria\/esta-mal-tomarse-venganza\/#primaryimage\",\"url\":\"https:\/\/i0.wp.com\/elregionalvm.com.ar\/noticias-villa-maria\/wp-content\/uploads\/2020\/08\/Pelea-entre-varones.jpg?fit=1486%2C990&ssl=1\",\"contentUrl\":\"https:\/\/i0.wp.com\/elregionalvm.com.ar\/noticias-villa-maria\/wp-content\/uploads\/2020\/08\/Pelea-entre-varones.jpg?fit=1486%2C990&ssl=1\",\"width\":1486,\"height\":990},{\"@type\":\"BreadcrumbList\",\"@id\":\"http:\/\/elregionalvm.com.ar\/noticias-villa-maria\/esta-mal-tomarse-venganza\/#breadcrumb\",\"itemListElement\":[{\"@type\":\"ListItem\",\"position\":1,\"name\":\"Portada\",\"item\":\"https:\/\/elregionalvm.com.ar\/noticias-villa-maria\/\"},{\"@type\":\"ListItem\",\"position\":2,\"name\":\"\u00bf\u00a1\u00a1Est\u00e1 mal tomarse venganza!!?\"}]},{\"@type\":\"WebSite\",\"@id\":\"http:\/\/elregionalvm.com.ar\/noticias-villa-maria\/#website\",\"url\":\"http:\/\/elregionalvm.com.ar\/noticias-villa-maria\/\",\"name\":\"El Regional\",\"description\":\"Mucho m\u00e1s que informaci\u00f3n\",\"potentialAction\":[{\"@type\":\"SearchAction\",\"target\":{\"@type\":\"EntryPoint\",\"urlTemplate\":\"http:\/\/elregionalvm.com.ar\/noticias-villa-maria\/?s={search_term_string}\"},\"query-input\":{\"@type\":\"PropertyValueSpecification\",\"valueRequired\":true,\"valueName\":\"search_term_string\"}}],\"inLanguage\":\"es\"},{\"@type\":\"Person\",\"@id\":\"http:\/\/elregionalvm.com.ar\/noticias-villa-maria\/#\/schema\/person\/df5ff3f005acf29788aed9cb359f1193\",\"name\":\"Miguel Andreis\",\"image\":{\"@type\":\"ImageObject\",\"inLanguage\":\"es\",\"@id\":\"http:\/\/elregionalvm.com.ar\/noticias-villa-maria\/#\/schema\/person\/image\/\",\"url\":\"https:\/\/secure.gravatar.com\/avatar\/c643381cd03da38327c6407e6886e7182d881f2ecf94a7902ca262c41f9d8884?s=96&d=mm&r=g\",\"contentUrl\":\"https:\/\/secure.gravatar.com\/avatar\/c643381cd03da38327c6407e6886e7182d881f2ecf94a7902ca262c41f9d8884?s=96&d=mm&r=g\",\"caption\":\"Miguel Andreis\"},\"url\":\"https:\/\/elregionalvm.com.ar\/noticias-villa-maria\/author\/miguelandreis\/\"}]}<\/script>\n<!-- \/ Yoast SEO plugin. -->","yoast_head_json":{"title":"\u00bf\u00a1\u00a1Est\u00e1 mal tomarse venganza!!? - El Regional","description":"No soy un tipo rencoroso. Nunca lo fui. Al menos eso es lo que creo. Siempre, es inexorable e inevitable que cada qui\u00e9n tenga a quien odiar o no querer.","robots":{"index":"index","follow":"follow","max-snippet":"max-snippet:-1","max-image-preview":"max-image-preview:large","max-video-preview":"max-video-preview:-1"},"canonical":"http:\/\/elregionalvm.com.ar\/noticias-villa-maria\/esta-mal-tomarse-venganza\/","og_locale":"es_ES","og_type":"article","og_title":"\u00bf\u00a1\u00a1Est\u00e1 mal tomarse venganza!!? - El Regional","og_description":"No soy un tipo rencoroso. Nunca lo fui. Al menos eso es lo que creo. Siempre, es inexorable e inevitable que cada qui\u00e9n tenga a quien odiar o no querer.","og_url":"http:\/\/elregionalvm.com.ar\/noticias-villa-maria\/esta-mal-tomarse-venganza\/","og_site_name":"El Regional","article_publisher":"https:\/\/www.facebook.com\/elregionalvm","article_published_time":"2020-08-19T18:30:25+00:00","article_modified_time":"2020-08-19T18:30:26+00:00","og_image":[{"width":1486,"height":990,"url":"http:\/\/elregionalvm.com.ar\/noticias-villa-maria\/wp-content\/uploads\/2020\/08\/Pelea-entre-varones.jpg","type":"image\/jpeg"}],"author":"Miguel Andreis","twitter_card":"summary_large_image","twitter_creator":"@elregionalvm1","twitter_site":"@elregionalvm1","twitter_misc":{"Escrito por":"Miguel Andreis","Tiempo de lectura":"6 minutos"},"schema":{"@context":"https:\/\/schema.org","@graph":[{"@type":"Article","@id":"http:\/\/elregionalvm.com.ar\/noticias-villa-maria\/esta-mal-tomarse-venganza\/#article","isPartOf":{"@id":"http:\/\/elregionalvm.com.ar\/noticias-villa-maria\/esta-mal-tomarse-venganza\/"},"author":{"name":"Miguel Andreis","@id":"http:\/\/elregionalvm.com.ar\/noticias-villa-maria\/#\/schema\/person\/df5ff3f005acf29788aed9cb359f1193"},"headline":"\u00bf\u00a1\u00a1Est\u00e1 mal tomarse venganza!!?","datePublished":"2020-08-19T18:30:25+00:00","dateModified":"2020-08-19T18:30:26+00:00","mainEntityOfPage":{"@id":"http:\/\/elregionalvm.com.ar\/noticias-villa-maria\/esta-mal-tomarse-venganza\/"},"wordCount":1127,"commentCount":0,"image":{"@id":"http:\/\/elregionalvm.com.ar\/noticias-villa-maria\/esta-mal-tomarse-venganza\/#primaryimage"},"thumbnailUrl":"https:\/\/i0.wp.com\/elregionalvm.com.ar\/noticias-villa-maria\/wp-content\/uploads\/2020\/08\/Pelea-entre-varones.jpg?fit=1486%2C990&ssl=1","keywords":["amor","historias","odio","Rencor","venganza"],"articleSection":["Historias","Notas"],"inLanguage":"es","potentialAction":[{"@type":"CommentAction","name":"Comment","target":["http:\/\/elregionalvm.com.ar\/noticias-villa-maria\/esta-mal-tomarse-venganza\/#respond"]}]},{"@type":"WebPage","@id":"http:\/\/elregionalvm.com.ar\/noticias-villa-maria\/esta-mal-tomarse-venganza\/","url":"http:\/\/elregionalvm.com.ar\/noticias-villa-maria\/esta-mal-tomarse-venganza\/","name":"\u00bf\u00a1\u00a1Est\u00e1 mal tomarse venganza!!? - El Regional","isPartOf":{"@id":"http:\/\/elregionalvm.com.ar\/noticias-villa-maria\/#website"},"primaryImageOfPage":{"@id":"http:\/\/elregionalvm.com.ar\/noticias-villa-maria\/esta-mal-tomarse-venganza\/#primaryimage"},"image":{"@id":"http:\/\/elregionalvm.com.ar\/noticias-villa-maria\/esta-mal-tomarse-venganza\/#primaryimage"},"thumbnailUrl":"https:\/\/i0.wp.com\/elregionalvm.com.ar\/noticias-villa-maria\/wp-content\/uploads\/2020\/08\/Pelea-entre-varones.jpg?fit=1486%2C990&ssl=1","datePublished":"2020-08-19T18:30:25+00:00","dateModified":"2020-08-19T18:30:26+00:00","author":{"@id":"http:\/\/elregionalvm.com.ar\/noticias-villa-maria\/#\/schema\/person\/df5ff3f005acf29788aed9cb359f1193"},"description":"No soy un tipo rencoroso. Nunca lo fui. Al menos eso es lo que creo. Siempre, es inexorable e inevitable que cada qui\u00e9n tenga a quien odiar o no querer.","breadcrumb":{"@id":"http:\/\/elregionalvm.com.ar\/noticias-villa-maria\/esta-mal-tomarse-venganza\/#breadcrumb"},"inLanguage":"es","potentialAction":[{"@type":"ReadAction","target":["http:\/\/elregionalvm.com.ar\/noticias-villa-maria\/esta-mal-tomarse-venganza\/"]}]},{"@type":"ImageObject","inLanguage":"es","@id":"http:\/\/elregionalvm.com.ar\/noticias-villa-maria\/esta-mal-tomarse-venganza\/#primaryimage","url":"https:\/\/i0.wp.com\/elregionalvm.com.ar\/noticias-villa-maria\/wp-content\/uploads\/2020\/08\/Pelea-entre-varones.jpg?fit=1486%2C990&ssl=1","contentUrl":"https:\/\/i0.wp.com\/elregionalvm.com.ar\/noticias-villa-maria\/wp-content\/uploads\/2020\/08\/Pelea-entre-varones.jpg?fit=1486%2C990&ssl=1","width":1486,"height":990},{"@type":"BreadcrumbList","@id":"http:\/\/elregionalvm.com.ar\/noticias-villa-maria\/esta-mal-tomarse-venganza\/#breadcrumb","itemListElement":[{"@type":"ListItem","position":1,"name":"Portada","item":"https:\/\/elregionalvm.com.ar\/noticias-villa-maria\/"},{"@type":"ListItem","position":2,"name":"\u00bf\u00a1\u00a1Est\u00e1 mal tomarse venganza!!?"}]},{"@type":"WebSite","@id":"http:\/\/elregionalvm.com.ar\/noticias-villa-maria\/#website","url":"http:\/\/elregionalvm.com.ar\/noticias-villa-maria\/","name":"El Regional","description":"Mucho m\u00e1s que informaci\u00f3n","potentialAction":[{"@type":"SearchAction","target":{"@type":"EntryPoint","urlTemplate":"http:\/\/elregionalvm.com.ar\/noticias-villa-maria\/?s={search_term_string}"},"query-input":{"@type":"PropertyValueSpecification","valueRequired":true,"valueName":"search_term_string"}}],"inLanguage":"es"},{"@type":"Person","@id":"http:\/\/elregionalvm.com.ar\/noticias-villa-maria\/#\/schema\/person\/df5ff3f005acf29788aed9cb359f1193","name":"Miguel Andreis","image":{"@type":"ImageObject","inLanguage":"es","@id":"http:\/\/elregionalvm.com.ar\/noticias-villa-maria\/#\/schema\/person\/image\/","url":"https:\/\/secure.gravatar.com\/avatar\/c643381cd03da38327c6407e6886e7182d881f2ecf94a7902ca262c41f9d8884?s=96&d=mm&r=g","contentUrl":"https:\/\/secure.gravatar.com\/avatar\/c643381cd03da38327c6407e6886e7182d881f2ecf94a7902ca262c41f9d8884?s=96&d=mm&r=g","caption":"Miguel Andreis"},"url":"https:\/\/elregionalvm.com.ar\/noticias-villa-maria\/author\/miguelandreis\/"}]}},"jetpack_featured_media_url":"https:\/\/i0.wp.com\/elregionalvm.com.ar\/noticias-villa-maria\/wp-content\/uploads\/2020\/08\/Pelea-entre-varones.jpg?fit=1486%2C990&ssl=1","jetpack_sharing_enabled":true,"_links":{"self":[{"href":"https:\/\/elregionalvm.com.ar\/noticias-villa-maria\/wp-json\/wp\/v2\/posts\/22297","targetHints":{"allow":["GET"]}}],"collection":[{"href":"https:\/\/elregionalvm.com.ar\/noticias-villa-maria\/wp-json\/wp\/v2\/posts"}],"about":[{"href":"https:\/\/elregionalvm.com.ar\/noticias-villa-maria\/wp-json\/wp\/v2\/types\/post"}],"author":[{"embeddable":true,"href":"https:\/\/elregionalvm.com.ar\/noticias-villa-maria\/wp-json\/wp\/v2\/users\/5"}],"replies":[{"embeddable":true,"href":"https:\/\/elregionalvm.com.ar\/noticias-villa-maria\/wp-json\/wp\/v2\/comments?post=22297"}],"version-history":[{"count":1,"href":"https:\/\/elregionalvm.com.ar\/noticias-villa-maria\/wp-json\/wp\/v2\/posts\/22297\/revisions"}],"predecessor-version":[{"id":22299,"href":"https:\/\/elregionalvm.com.ar\/noticias-villa-maria\/wp-json\/wp\/v2\/posts\/22297\/revisions\/22299"}],"wp:featuredmedia":[{"embeddable":true,"href":"https:\/\/elregionalvm.com.ar\/noticias-villa-maria\/wp-json\/wp\/v2\/media\/22298"}],"wp:attachment":[{"href":"https:\/\/elregionalvm.com.ar\/noticias-villa-maria\/wp-json\/wp\/v2\/media?parent=22297"}],"wp:term":[{"taxonomy":"category","embeddable":true,"href":"https:\/\/elregionalvm.com.ar\/noticias-villa-maria\/wp-json\/wp\/v2\/categories?post=22297"},{"taxonomy":"post_tag","embeddable":true,"href":"https:\/\/elregionalvm.com.ar\/noticias-villa-maria\/wp-json\/wp\/v2\/tags?post=22297"}],"curies":[{"name":"wp","href":"https:\/\/api.w.org\/{rel}","templated":true}]}}