{"id":22300,"date":"2020-08-19T18:42:48","date_gmt":"2020-08-19T18:42:48","guid":{"rendered":"https:\/\/elregionalvm.com.ar\/noticias-villa-maria\/?p=22300"},"modified":"2020-08-19T18:42:49","modified_gmt":"2020-08-19T18:42:49","slug":"el-municipio-y-uatre-vacunaran-contra-la-fiebre-hemorragica","status":"publish","type":"post","link":"https:\/\/elregionalvm.com.ar\/noticias-villa-maria\/el-municipio-y-uatre-vacunaran-contra-la-fiebre-hemorragica\/","title":{"rendered":"El Municipio y UATRE vacunar\u00e1n contra la fiebre hemorr\u00e1gica"},"content":{"rendered":"\n<p>El intendente Natalio Graglia recibi\u00f3 en su despacho a las autoridades de la Uni\u00f3n Argentina de Trabajadores Rurales y Estibadores (Uatre), con quienes se iniciar\u00e1 un trabajo conjunto para realizar vacunaciones en el marco de la campa\u00f1a contra la fiebre hemorr\u00e1gica argentina.<\/p>\n\n\n\n<p>El Hospital Villa Nueva es uno de los centros de referencia regionales para llevar adelante la iniciativa. Ahora, con el acompa\u00f1amiento del gremio que nuclea a los trabajadores rurales, se aguarda llegar a un mayor n\u00famero de poblaci\u00f3n.<\/p>\n\n\n\n<p> En una primera etapa, se comenzar\u00e1 con la vacunaci\u00f3n de alrededor de 150 trabajadores rurales de la zona.<\/p>\n\n\n\n<p>Del encuentro tambi\u00e9n participaron la secretaria de Salud, Romina Bruno; el secretario de Relaciones Institucionales y Pol\u00edticas Sociales, Mauro Bizzarri; el subsecretario del \u00e1rea, Franco Graglia; el secretario de Gobierno, Guillermo Aiassa, y la directora de Relaciones Institucionales, Marina Luna. <\/p>\n\n\n\n<p>Por la Uatre, estuvieron presente su secretario General, Jer\u00f3nimo P\u00e9rez; y el titular de la delegaci\u00f3n Villa Nueva, Jorge Melgarejo.<\/p>\n","protected":false},"excerpt":{"rendered":"<p>El intendente Natalio Graglia recibi\u00f3 en su despacho a las autoridades de la Uni\u00f3n Argentina de Trabajadores Rurales y Estibadores (Uatre), con quienes se iniciar\u00e1 un trabajo conjunto para realizar vacunaciones en el marco de la campa\u00f1a contra la fiebre hemorr\u00e1gica argentina. El Hospital Villa Nueva es uno de los centros de referencia regionales para [&hellip;]<\/p>\n","protected":false},"author":4,"featured_media":22301,"comment_status":"open","ping_status":"open","sticky":false,"template":"","format":"standard","meta":{"site-sidebar-layout":"default","site-content-layout":"default","ast-site-content-layout":"default","site-content-style":"default","site-sidebar-style":"default","ast-global-header-display":"","ast-banner-title-visibility":"","ast-main-header-display":"","ast-hfb-above-header-display":"","ast-hfb-below-header-display":"","ast-hfb-mobile-header-display":"","site-post-title":"","ast-breadcrumbs-content":"","ast-featured-img":"","footer-sml-layout":"","ast-disable-related-posts":"","theme-transparent-header-meta":"default","adv-header-id-meta":"","stick-header-meta":"","header-above-stick-meta":"","header-main-stick-meta":"","header-below-stick-meta":"","astra-migrate-meta-layouts":"default","ast-page-background-enabled":"default","ast-page-background-meta":{"desktop":{"background-color":"","background-image":"","background-repeat":"repeat","background-position":"center center","background-size":"auto","background-attachment":"scroll","background-type":"","background-media":"","overlay-type":"","overlay-color":"","overlay-opacity":"","overlay-gradient":""},"tablet":{"background-color":"","background-image":"","background-repeat":"repeat","background-position":"center center","background-size":"auto","background-attachment":"scroll","background-type":"","background-media":"","overlay-type":"","overlay-color":"","overlay-opacity":"","overlay-gradient":""},"mobile":{"background-color":"","background-image":"","background-repeat":"repeat","background-position":"center center","background-size":"auto","background-attachment":"scroll","background-type":"","background-media":"","overlay-type":"","overlay-color":"","overlay-opacity":"","overlay-gradient":""}},"ast-content-background-meta":{"desktop":{"background-color":"var(--ast-global-color-5)","background-image":"","background-repeat":"repeat","background-position":"center center","background-size":"auto","background-attachment":"scroll","background-type":"","background-media":"","overlay-type":"","overlay-color":"","overlay-opacity":"","overlay-gradient":""},"tablet":{"background-color":"var(--ast-global-color-5)","background-image":"","background-repeat":"repeat","background-position":"center center","background-size":"auto","background-attachment":"scroll","background-type":"","background-media":"","overlay-type":"","overlay-color":"","overlay-opacity":"","overlay-gradient":""},"mobile":{"background-color":"var(--ast-global-color-5)","background-image":"","background-repeat":"repeat","background-position":"center center","background-size":"auto","background-attachment":"scroll","background-type":"","background-media":"","overlay-type":"","overlay-color":"","overlay-opacity":"","overlay-gradient":""}},"_jetpack_memberships_contains_paid_content":false,"_joinchat":[],"footnotes":""},"categories":[1408],"tags":[1232,2317,3105,3413,2318],"class_list":["post-22300","post","type-post","status-publish","format-standard","has-post-thumbnail","hentry","category-villa-nueva","tag-destacado","tag-fiebre-hemorragica-argentina","tag-municipalidad-de-villa-nueva","tag-uatre","tag-vacunacion"],"yoast_head":"<!-- This site is optimized with the Yoast SEO plugin v26.8 - https:\/\/yoast.com\/product\/yoast-seo-wordpress\/ -->\n<title>El Municipio y UATRE vacunar\u00e1n contra la fiebre hemorr\u00e1gica - El Regional<\/title>\n<meta name=\"description\" content=\"Se iniciar\u00e1 un trabajo conjunto para realizar vacunaciones en el marco de la campa\u00f1a contra la fiebre hemorr\u00e1gica argentina.\" \/>\n<meta name=\"robots\" content=\"index, follow, max-snippet:-1, max-image-preview:large, max-video-preview:-1\" \/>\n<link rel=\"canonical\" href=\"http:\/\/elregionalvm.com.ar\/noticias-villa-maria\/el-municipio-y-uatre-vacunaran-contra-la-fiebre-hemorragica\/\" \/>\n<meta property=\"og:locale\" content=\"es_ES\" \/>\n<meta property=\"og:type\" content=\"article\" \/>\n<meta property=\"og:title\" content=\"El Municipio y UATRE vacunar\u00e1n contra la fiebre hemorr\u00e1gica - El Regional\" \/>\n<meta property=\"og:description\" content=\"Se iniciar\u00e1 un trabajo conjunto para realizar vacunaciones en el marco de la campa\u00f1a contra la fiebre hemorr\u00e1gica argentina.\" \/>\n<meta property=\"og:url\" content=\"http:\/\/elregionalvm.com.ar\/noticias-villa-maria\/el-municipio-y-uatre-vacunaran-contra-la-fiebre-hemorragica\/\" \/>\n<meta property=\"og:site_name\" content=\"El Regional\" \/>\n<meta property=\"article:publisher\" content=\"https:\/\/www.facebook.com\/elregionalvm\" \/>\n<meta property=\"article:published_time\" content=\"2020-08-19T18:42:48+00:00\" \/>\n<meta property=\"article:modified_time\" content=\"2020-08-19T18:42:49+00:00\" \/>\n<meta property=\"og:image\" content=\"http:\/\/elregionalvm.com.ar\/noticias-villa-maria\/wp-content\/uploads\/2020\/08\/Graglia-y-Uatre-Villa-Nueva-scaled.jpg\" \/>\n\t<meta property=\"og:image:width\" content=\"2560\" \/>\n\t<meta property=\"og:image:height\" content=\"1630\" \/>\n\t<meta property=\"og:image:type\" content=\"image\/jpeg\" \/>\n<meta name=\"author\" content=\"Contenidos El Regional\" \/>\n<meta name=\"twitter:card\" content=\"summary_large_image\" \/>\n<meta name=\"twitter:creator\" content=\"@elregionalvm1\" \/>\n<meta name=\"twitter:site\" content=\"@elregionalvm1\" \/>\n<meta name=\"twitter:label1\" content=\"Escrito por\" \/>\n\t<meta name=\"twitter:data1\" content=\"Contenidos El Regional\" \/>\n\t<meta name=\"twitter:label2\" content=\"Tiempo de lectura\" \/>\n\t<meta name=\"twitter:data2\" content=\"1 minuto\" \/>\n<script type=\"application\/ld+json\" class=\"yoast-schema-graph\">{\"@context\":\"https:\/\/schema.org\",\"@graph\":[{\"@type\":\"Article\",\"@id\":\"http:\/\/elregionalvm.com.ar\/noticias-villa-maria\/el-municipio-y-uatre-vacunaran-contra-la-fiebre-hemorragica\/#article\",\"isPartOf\":{\"@id\":\"http:\/\/elregionalvm.com.ar\/noticias-villa-maria\/el-municipio-y-uatre-vacunaran-contra-la-fiebre-hemorragica\/\"},\"author\":{\"name\":\"Contenidos El Regional\",\"@id\":\"http:\/\/elregionalvm.com.ar\/noticias-villa-maria\/#\/schema\/person\/a0fb9c422317faca23d50163151bc354\"},\"headline\":\"El Municipio y UATRE vacunar\u00e1n contra la fiebre hemorr\u00e1gica\",\"datePublished\":\"2020-08-19T18:42:48+00:00\",\"dateModified\":\"2020-08-19T18:42:49+00:00\",\"mainEntityOfPage\":{\"@id\":\"http:\/\/elregionalvm.com.ar\/noticias-villa-maria\/el-municipio-y-uatre-vacunaran-contra-la-fiebre-hemorragica\/\"},\"wordCount\":180,\"commentCount\":0,\"image\":{\"@id\":\"http:\/\/elregionalvm.com.ar\/noticias-villa-maria\/el-municipio-y-uatre-vacunaran-contra-la-fiebre-hemorragica\/#primaryimage\"},\"thumbnailUrl\":\"https:\/\/i0.wp.com\/elregionalvm.com.ar\/noticias-villa-maria\/wp-content\/uploads\/2020\/08\/Graglia-y-Uatre-Villa-Nueva-scaled.jpg?fit=2560%2C1630&ssl=1\",\"keywords\":[\"destacado\",\"Fiebre Hemorr\u00e1gica Argentina\",\"Municipalidad de Villa Nueva\",\"Uatre\",\"Vacunaci\u00f3n\"],\"articleSection\":[\"Villa Nueva\"],\"inLanguage\":\"es\",\"potentialAction\":[{\"@type\":\"CommentAction\",\"name\":\"Comment\",\"target\":[\"http:\/\/elregionalvm.com.ar\/noticias-villa-maria\/el-municipio-y-uatre-vacunaran-contra-la-fiebre-hemorragica\/#respond\"]}]},{\"@type\":\"WebPage\",\"@id\":\"http:\/\/elregionalvm.com.ar\/noticias-villa-maria\/el-municipio-y-uatre-vacunaran-contra-la-fiebre-hemorragica\/\",\"url\":\"http:\/\/elregionalvm.com.ar\/noticias-villa-maria\/el-municipio-y-uatre-vacunaran-contra-la-fiebre-hemorragica\/\",\"name\":\"El Municipio y UATRE vacunar\u00e1n contra la fiebre hemorr\u00e1gica - El Regional\",\"isPartOf\":{\"@id\":\"http:\/\/elregionalvm.com.ar\/noticias-villa-maria\/#website\"},\"primaryImageOfPage\":{\"@id\":\"http:\/\/elregionalvm.com.ar\/noticias-villa-maria\/el-municipio-y-uatre-vacunaran-contra-la-fiebre-hemorragica\/#primaryimage\"},\"image\":{\"@id\":\"http:\/\/elregionalvm.com.ar\/noticias-villa-maria\/el-municipio-y-uatre-vacunaran-contra-la-fiebre-hemorragica\/#primaryimage\"},\"thumbnailUrl\":\"https:\/\/i0.wp.com\/elregionalvm.com.ar\/noticias-villa-maria\/wp-content\/uploads\/2020\/08\/Graglia-y-Uatre-Villa-Nueva-scaled.jpg?fit=2560%2C1630&ssl=1\",\"datePublished\":\"2020-08-19T18:42:48+00:00\",\"dateModified\":\"2020-08-19T18:42:49+00:00\",\"author\":{\"@id\":\"http:\/\/elregionalvm.com.ar\/noticias-villa-maria\/#\/schema\/person\/a0fb9c422317faca23d50163151bc354\"},\"description\":\"Se iniciar\u00e1 un trabajo conjunto para realizar vacunaciones en el marco de la campa\u00f1a contra la fiebre hemorr\u00e1gica argentina.\",\"breadcrumb\":{\"@id\":\"http:\/\/elregionalvm.com.ar\/noticias-villa-maria\/el-municipio-y-uatre-vacunaran-contra-la-fiebre-hemorragica\/#breadcrumb\"},\"inLanguage\":\"es\",\"potentialAction\":[{\"@type\":\"ReadAction\",\"target\":[\"http:\/\/elregionalvm.com.ar\/noticias-villa-maria\/el-municipio-y-uatre-vacunaran-contra-la-fiebre-hemorragica\/\"]}]},{\"@type\":\"ImageObject\",\"inLanguage\":\"es\",\"@id\":\"http:\/\/elregionalvm.com.ar\/noticias-villa-maria\/el-municipio-y-uatre-vacunaran-contra-la-fiebre-hemorragica\/#primaryimage\",\"url\":\"https:\/\/i0.wp.com\/elregionalvm.com.ar\/noticias-villa-maria\/wp-content\/uploads\/2020\/08\/Graglia-y-Uatre-Villa-Nueva-scaled.jpg?fit=2560%2C1630&ssl=1\",\"contentUrl\":\"https:\/\/i0.wp.com\/elregionalvm.com.ar\/noticias-villa-maria\/wp-content\/uploads\/2020\/08\/Graglia-y-Uatre-Villa-Nueva-scaled.jpg?fit=2560%2C1630&ssl=1\",\"width\":2560,\"height\":1630},{\"@type\":\"BreadcrumbList\",\"@id\":\"http:\/\/elregionalvm.com.ar\/noticias-villa-maria\/el-municipio-y-uatre-vacunaran-contra-la-fiebre-hemorragica\/#breadcrumb\",\"itemListElement\":[{\"@type\":\"ListItem\",\"position\":1,\"name\":\"Portada\",\"item\":\"https:\/\/elregionalvm.com.ar\/noticias-villa-maria\/\"},{\"@type\":\"ListItem\",\"position\":2,\"name\":\"El Municipio y UATRE vacunar\u00e1n contra la fiebre hemorr\u00e1gica\"}]},{\"@type\":\"WebSite\",\"@id\":\"http:\/\/elregionalvm.com.ar\/noticias-villa-maria\/#website\",\"url\":\"http:\/\/elregionalvm.com.ar\/noticias-villa-maria\/\",\"name\":\"El Regional\",\"description\":\"Mucho m\u00e1s que informaci\u00f3n\",\"potentialAction\":[{\"@type\":\"SearchAction\",\"target\":{\"@type\":\"EntryPoint\",\"urlTemplate\":\"http:\/\/elregionalvm.com.ar\/noticias-villa-maria\/?s={search_term_string}\"},\"query-input\":{\"@type\":\"PropertyValueSpecification\",\"valueRequired\":true,\"valueName\":\"search_term_string\"}}],\"inLanguage\":\"es\"},{\"@type\":\"Person\",\"@id\":\"http:\/\/elregionalvm.com.ar\/noticias-villa-maria\/#\/schema\/person\/a0fb9c422317faca23d50163151bc354\",\"name\":\"Contenidos El Regional\",\"image\":{\"@type\":\"ImageObject\",\"inLanguage\":\"es\",\"@id\":\"http:\/\/elregionalvm.com.ar\/noticias-villa-maria\/#\/schema\/person\/image\/\",\"url\":\"https:\/\/secure.gravatar.com\/avatar\/265b27cb2209af7bb3a1318f03305787d7981a5cc6e6cd08fe5a4ecdf99d4b48?s=96&d=mm&r=g\",\"contentUrl\":\"https:\/\/secure.gravatar.com\/avatar\/265b27cb2209af7bb3a1318f03305787d7981a5cc6e6cd08fe5a4ecdf99d4b48?s=96&d=mm&r=g\",\"caption\":\"Contenidos El Regional\"},\"url\":\"https:\/\/elregionalvm.com.ar\/noticias-villa-maria\/author\/contenido\/\"}]}<\/script>\n<!-- \/ Yoast SEO plugin. -->","yoast_head_json":{"title":"El Municipio y UATRE vacunar\u00e1n contra la fiebre hemorr\u00e1gica - El Regional","description":"Se iniciar\u00e1 un trabajo conjunto para realizar vacunaciones en el marco de la campa\u00f1a contra la fiebre hemorr\u00e1gica argentina.","robots":{"index":"index","follow":"follow","max-snippet":"max-snippet:-1","max-image-preview":"max-image-preview:large","max-video-preview":"max-video-preview:-1"},"canonical":"http:\/\/elregionalvm.com.ar\/noticias-villa-maria\/el-municipio-y-uatre-vacunaran-contra-la-fiebre-hemorragica\/","og_locale":"es_ES","og_type":"article","og_title":"El Municipio y UATRE vacunar\u00e1n contra la fiebre hemorr\u00e1gica - El Regional","og_description":"Se iniciar\u00e1 un trabajo conjunto para realizar vacunaciones en el marco de la campa\u00f1a contra la fiebre hemorr\u00e1gica argentina.","og_url":"http:\/\/elregionalvm.com.ar\/noticias-villa-maria\/el-municipio-y-uatre-vacunaran-contra-la-fiebre-hemorragica\/","og_site_name":"El Regional","article_publisher":"https:\/\/www.facebook.com\/elregionalvm","article_published_time":"2020-08-19T18:42:48+00:00","article_modified_time":"2020-08-19T18:42:49+00:00","og_image":[{"width":2560,"height":1630,"url":"http:\/\/elregionalvm.com.ar\/noticias-villa-maria\/wp-content\/uploads\/2020\/08\/Graglia-y-Uatre-Villa-Nueva-scaled.jpg","type":"image\/jpeg"}],"author":"Contenidos El Regional","twitter_card":"summary_large_image","twitter_creator":"@elregionalvm1","twitter_site":"@elregionalvm1","twitter_misc":{"Escrito por":"Contenidos El Regional","Tiempo de lectura":"1 minuto"},"schema":{"@context":"https:\/\/schema.org","@graph":[{"@type":"Article","@id":"http:\/\/elregionalvm.com.ar\/noticias-villa-maria\/el-municipio-y-uatre-vacunaran-contra-la-fiebre-hemorragica\/#article","isPartOf":{"@id":"http:\/\/elregionalvm.com.ar\/noticias-villa-maria\/el-municipio-y-uatre-vacunaran-contra-la-fiebre-hemorragica\/"},"author":{"name":"Contenidos El Regional","@id":"http:\/\/elregionalvm.com.ar\/noticias-villa-maria\/#\/schema\/person\/a0fb9c422317faca23d50163151bc354"},"headline":"El Municipio y UATRE vacunar\u00e1n contra la fiebre hemorr\u00e1gica","datePublished":"2020-08-19T18:42:48+00:00","dateModified":"2020-08-19T18:42:49+00:00","mainEntityOfPage":{"@id":"http:\/\/elregionalvm.com.ar\/noticias-villa-maria\/el-municipio-y-uatre-vacunaran-contra-la-fiebre-hemorragica\/"},"wordCount":180,"commentCount":0,"image":{"@id":"http:\/\/elregionalvm.com.ar\/noticias-villa-maria\/el-municipio-y-uatre-vacunaran-contra-la-fiebre-hemorragica\/#primaryimage"},"thumbnailUrl":"https:\/\/i0.wp.com\/elregionalvm.com.ar\/noticias-villa-maria\/wp-content\/uploads\/2020\/08\/Graglia-y-Uatre-Villa-Nueva-scaled.jpg?fit=2560%2C1630&ssl=1","keywords":["destacado","Fiebre Hemorr\u00e1gica Argentina","Municipalidad de Villa Nueva","Uatre","Vacunaci\u00f3n"],"articleSection":["Villa Nueva"],"inLanguage":"es","potentialAction":[{"@type":"CommentAction","name":"Comment","target":["http:\/\/elregionalvm.com.ar\/noticias-villa-maria\/el-municipio-y-uatre-vacunaran-contra-la-fiebre-hemorragica\/#respond"]}]},{"@type":"WebPage","@id":"http:\/\/elregionalvm.com.ar\/noticias-villa-maria\/el-municipio-y-uatre-vacunaran-contra-la-fiebre-hemorragica\/","url":"http:\/\/elregionalvm.com.ar\/noticias-villa-maria\/el-municipio-y-uatre-vacunaran-contra-la-fiebre-hemorragica\/","name":"El Municipio y UATRE vacunar\u00e1n contra la fiebre hemorr\u00e1gica - El Regional","isPartOf":{"@id":"http:\/\/elregionalvm.com.ar\/noticias-villa-maria\/#website"},"primaryImageOfPage":{"@id":"http:\/\/elregionalvm.com.ar\/noticias-villa-maria\/el-municipio-y-uatre-vacunaran-contra-la-fiebre-hemorragica\/#primaryimage"},"image":{"@id":"http:\/\/elregionalvm.com.ar\/noticias-villa-maria\/el-municipio-y-uatre-vacunaran-contra-la-fiebre-hemorragica\/#primaryimage"},"thumbnailUrl":"https:\/\/i0.wp.com\/elregionalvm.com.ar\/noticias-villa-maria\/wp-content\/uploads\/2020\/08\/Graglia-y-Uatre-Villa-Nueva-scaled.jpg?fit=2560%2C1630&ssl=1","datePublished":"2020-08-19T18:42:48+00:00","dateModified":"2020-08-19T18:42:49+00:00","author":{"@id":"http:\/\/elregionalvm.com.ar\/noticias-villa-maria\/#\/schema\/person\/a0fb9c422317faca23d50163151bc354"},"description":"Se iniciar\u00e1 un trabajo conjunto para realizar vacunaciones en el marco de la campa\u00f1a contra la fiebre hemorr\u00e1gica argentina.","breadcrumb":{"@id":"http:\/\/elregionalvm.com.ar\/noticias-villa-maria\/el-municipio-y-uatre-vacunaran-contra-la-fiebre-hemorragica\/#breadcrumb"},"inLanguage":"es","potentialAction":[{"@type":"ReadAction","target":["http:\/\/elregionalvm.com.ar\/noticias-villa-maria\/el-municipio-y-uatre-vacunaran-contra-la-fiebre-hemorragica\/"]}]},{"@type":"ImageObject","inLanguage":"es","@id":"http:\/\/elregionalvm.com.ar\/noticias-villa-maria\/el-municipio-y-uatre-vacunaran-contra-la-fiebre-hemorragica\/#primaryimage","url":"https:\/\/i0.wp.com\/elregionalvm.com.ar\/noticias-villa-maria\/wp-content\/uploads\/2020\/08\/Graglia-y-Uatre-Villa-Nueva-scaled.jpg?fit=2560%2C1630&ssl=1","contentUrl":"https:\/\/i0.wp.com\/elregionalvm.com.ar\/noticias-villa-maria\/wp-content\/uploads\/2020\/08\/Graglia-y-Uatre-Villa-Nueva-scaled.jpg?fit=2560%2C1630&ssl=1","width":2560,"height":1630},{"@type":"BreadcrumbList","@id":"http:\/\/elregionalvm.com.ar\/noticias-villa-maria\/el-municipio-y-uatre-vacunaran-contra-la-fiebre-hemorragica\/#breadcrumb","itemListElement":[{"@type":"ListItem","position":1,"name":"Portada","item":"https:\/\/elregionalvm.com.ar\/noticias-villa-maria\/"},{"@type":"ListItem","position":2,"name":"El Municipio y UATRE vacunar\u00e1n contra la fiebre hemorr\u00e1gica"}]},{"@type":"WebSite","@id":"http:\/\/elregionalvm.com.ar\/noticias-villa-maria\/#website","url":"http:\/\/elregionalvm.com.ar\/noticias-villa-maria\/","name":"El Regional","description":"Mucho m\u00e1s que informaci\u00f3n","potentialAction":[{"@type":"SearchAction","target":{"@type":"EntryPoint","urlTemplate":"http:\/\/elregionalvm.com.ar\/noticias-villa-maria\/?s={search_term_string}"},"query-input":{"@type":"PropertyValueSpecification","valueRequired":true,"valueName":"search_term_string"}}],"inLanguage":"es"},{"@type":"Person","@id":"http:\/\/elregionalvm.com.ar\/noticias-villa-maria\/#\/schema\/person\/a0fb9c422317faca23d50163151bc354","name":"Contenidos El Regional","image":{"@type":"ImageObject","inLanguage":"es","@id":"http:\/\/elregionalvm.com.ar\/noticias-villa-maria\/#\/schema\/person\/image\/","url":"https:\/\/secure.gravatar.com\/avatar\/265b27cb2209af7bb3a1318f03305787d7981a5cc6e6cd08fe5a4ecdf99d4b48?s=96&d=mm&r=g","contentUrl":"https:\/\/secure.gravatar.com\/avatar\/265b27cb2209af7bb3a1318f03305787d7981a5cc6e6cd08fe5a4ecdf99d4b48?s=96&d=mm&r=g","caption":"Contenidos El Regional"},"url":"https:\/\/elregionalvm.com.ar\/noticias-villa-maria\/author\/contenido\/"}]}},"jetpack_featured_media_url":"https:\/\/i0.wp.com\/elregionalvm.com.ar\/noticias-villa-maria\/wp-content\/uploads\/2020\/08\/Graglia-y-Uatre-Villa-Nueva-scaled.jpg?fit=2560%2C1630&ssl=1","jetpack_sharing_enabled":true,"_links":{"self":[{"href":"https:\/\/elregionalvm.com.ar\/noticias-villa-maria\/wp-json\/wp\/v2\/posts\/22300","targetHints":{"allow":["GET"]}}],"collection":[{"href":"https:\/\/elregionalvm.com.ar\/noticias-villa-maria\/wp-json\/wp\/v2\/posts"}],"about":[{"href":"https:\/\/elregionalvm.com.ar\/noticias-villa-maria\/wp-json\/wp\/v2\/types\/post"}],"author":[{"embeddable":true,"href":"https:\/\/elregionalvm.com.ar\/noticias-villa-maria\/wp-json\/wp\/v2\/users\/4"}],"replies":[{"embeddable":true,"href":"https:\/\/elregionalvm.com.ar\/noticias-villa-maria\/wp-json\/wp\/v2\/comments?post=22300"}],"version-history":[{"count":1,"href":"https:\/\/elregionalvm.com.ar\/noticias-villa-maria\/wp-json\/wp\/v2\/posts\/22300\/revisions"}],"predecessor-version":[{"id":22302,"href":"https:\/\/elregionalvm.com.ar\/noticias-villa-maria\/wp-json\/wp\/v2\/posts\/22300\/revisions\/22302"}],"wp:featuredmedia":[{"embeddable":true,"href":"https:\/\/elregionalvm.com.ar\/noticias-villa-maria\/wp-json\/wp\/v2\/media\/22301"}],"wp:attachment":[{"href":"https:\/\/elregionalvm.com.ar\/noticias-villa-maria\/wp-json\/wp\/v2\/media?parent=22300"}],"wp:term":[{"taxonomy":"category","embeddable":true,"href":"https:\/\/elregionalvm.com.ar\/noticias-villa-maria\/wp-json\/wp\/v2\/categories?post=22300"},{"taxonomy":"post_tag","embeddable":true,"href":"https:\/\/elregionalvm.com.ar\/noticias-villa-maria\/wp-json\/wp\/v2\/tags?post=22300"}],"curies":[{"name":"wp","href":"https:\/\/api.w.org\/{rel}","templated":true}]}}