{"id":22303,"date":"2020-08-19T19:40:49","date_gmt":"2020-08-19T19:40:49","guid":{"rendered":"https:\/\/elregionalvm.com.ar\/noticias-villa-maria\/?p=22303"},"modified":"2020-08-20T14:54:27","modified_gmt":"2020-08-20T14:54:27","slug":"frio-y-nieve-las-sierras-se-visten-de-blanco-video","status":"publish","type":"post","link":"https:\/\/elregionalvm.com.ar\/noticias-villa-maria\/frio-y-nieve-las-sierras-se-visten-de-blanco-video\/","title":{"rendered":"Fr\u00edo y nieve: las sierras se visten de blanco (Video)"},"content":{"rendered":"\n<p>Con la llegada de la masa de aire fr\u00edo polar, comenz\u00f3 a caer nieve en distintos puntos de las sierras cordobesas.<\/p>\n\n\n\n<p>El fen\u00f3meno se observ\u00f3 desde esta ma\u00f1ana en las Altas Cumbres, el Camino del Cuadrado y en algunos sitios del valle de Calamuchita como la Cumbrecita y Yacanto. <\/p>\n\n\n\n<p>El camino a Traslasierra fue cortado por la presencia de hielo en la calzada. <\/p>\n\n\n\n<p>El Servicio Meteorol\u00f3gico Nacional  ya hab\u00eda dado cuenta de la irrupci\u00f3n de aire muy fr\u00edo en todo el pa\u00eds, que impactar\u00e1 en el centro entre el jueves y el viernes.<\/p>\n\n\n\n<p>El parte oficial indica que se registrar\u00e1 un cambio de tiempo que afectar\u00e1 a todo el pa\u00eds con un marcado descenso de temperatura y probables nevadas en algunos sectores espec\u00edficos.<\/p>\n\n\n\n<ul class=\"wp-block-list\"><li><strong>Mir\u00e1 el video compartido por Marta Bonardi, de la ca\u00edda de nieve en la zona de Yacanto: <\/strong><\/li><\/ul>\n\n\n\n<figure class=\"wp-block-video\"><video controls src=\"https:\/\/elregionalvm.com.ar\/noticias-villa-maria\/wp-content\/uploads\/2020\/08\/WhatsApp-Video-2020-08-19-at-4.13.11-PM.mp4\"><\/video><\/figure>\n\n\n\n<figure class=\"wp-block-gallery columns-2 is-cropped wp-block-gallery-1 is-layout-flex wp-block-gallery-is-layout-flex\"><ul class=\"blocks-gallery-grid\"><li class=\"blocks-gallery-item\"><figure><img data-recalc-dims=\"1\" fetchpriority=\"high\" decoding=\"async\" width=\"760\" height=\"570\" src=\"https:\/\/i0.wp.com\/elregionalvm.com.ar\/noticias-villa-maria\/wp-content\/uploads\/2020\/08\/Nevada-Champaqu%C3%AD-2020.jpg?resize=760%2C570&#038;ssl=1\" alt=\"\" data-id=\"22308\" data-link=\"https:\/\/elregionalvm.com.ar\/noticias-villa-maria\/frio-y-nieve-las-sierras-se-visten-de-blanco-video\/nevada-champaqui-2020\/\" class=\"wp-image-22308\" srcset=\"https:\/\/i0.wp.com\/elregionalvm.com.ar\/noticias-villa-maria\/wp-content\/uploads\/2020\/08\/Nevada-Champaqu%C3%AD-2020.jpg?w=760&amp;ssl=1 760w, https:\/\/i0.wp.com\/elregionalvm.com.ar\/noticias-villa-maria\/wp-content\/uploads\/2020\/08\/Nevada-Champaqu%C3%AD-2020.jpg?resize=300%2C225&amp;ssl=1 300w\" sizes=\"(max-width: 760px) 100vw, 760px\" \/><\/figure><\/li><li class=\"blocks-gallery-item\"><figure><img data-recalc-dims=\"1\" decoding=\"async\" width=\"760\" height=\"507\" src=\"https:\/\/i0.wp.com\/elregionalvm.com.ar\/noticias-villa-maria\/wp-content\/uploads\/2020\/08\/nevada-la-cumbrecita-2-2020.jpg?resize=760%2C507&#038;ssl=1\" alt=\"\" data-id=\"22309\" data-full-url=\"https:\/\/elregionalvm.com.ar\/noticias-villa-maria\/wp-content\/uploads\/2020\/08\/nevada-la-cumbrecita-2-2020.jpg\" data-link=\"https:\/\/elregionalvm.com.ar\/noticias-villa-maria\/frio-y-nieve-las-sierras-se-visten-de-blanco-video\/nevada-la-cumbrecita-2-2020\/\" class=\"wp-image-22309\" srcset=\"https:\/\/i0.wp.com\/elregionalvm.com.ar\/noticias-villa-maria\/wp-content\/uploads\/2020\/08\/nevada-la-cumbrecita-2-2020.jpg?w=760&amp;ssl=1 760w, https:\/\/i0.wp.com\/elregionalvm.com.ar\/noticias-villa-maria\/wp-content\/uploads\/2020\/08\/nevada-la-cumbrecita-2-2020.jpg?resize=300%2C200&amp;ssl=1 300w\" sizes=\"(max-width: 760px) 100vw, 760px\" \/><\/figure><\/li><\/ul><figcaption class=\"blocks-gallery-caption\"><em>En el Champaqu\u00ed y en La Cumbrecita, la nevada fue copiosa. (Fotos Cadena 3)<\/em><\/figcaption><\/figure>\n\n\n\n<p><\/p>\n\n\n\n<ul class=\"wp-block-list\"><li><strong>Le\u00e9 m\u00e1s: <\/strong><\/li><\/ul>\n\n\n\n<figure class=\"wp-block-embed-wordpress wp-block-embed is-type-wp-embed is-provider-el-regional\"><div class=\"wp-block-embed__wrapper\">\n<blockquote class=\"wp-embedded-content\" data-secret=\"o0RgJ388Az\"><a href=\"https:\/\/elregionalvm.com.ar\/noticias-villa-maria\/tiempo-se-viene-una-olita-de-frio-polar-video\/\">Tiempo: se viene una \u201colita\u201d de fr\u00edo polar (Video)<\/a><\/blockquote><iframe class=\"wp-embedded-content\" sandbox=\"allow-scripts\" security=\"restricted\" style=\"position: absolute; clip: rect(1px, 1px, 1px, 1px);\" title=\"\u00abTiempo: se viene una \u201colita\u201d de fr\u00edo polar (Video)\u00bb \u2014 El Regional\" src=\"https:\/\/elregionalvm.com.ar\/noticias-villa-maria\/tiempo-se-viene-una-olita-de-frio-polar-video\/embed\/#?secret=o98TkNa89t#?secret=o0RgJ388Az\" data-secret=\"o0RgJ388Az\" width=\"500\" height=\"282\" frameborder=\"0\" marginwidth=\"0\" marginheight=\"0\" scrolling=\"no\"><\/iframe>\n<\/div><\/figure>\n","protected":false},"excerpt":{"rendered":"<p>Con la llegada de la masa de aire fr\u00edo polar, comenz\u00f3 a caer nieve en distintos puntos de las sierras cordobesas. El fen\u00f3meno se observ\u00f3 desde esta ma\u00f1ana en las Altas Cumbres, el Camino del Cuadrado y en algunos sitios del valle de Calamuchita como la Cumbrecita y Yacanto. El camino a Traslasierra fue cortado [&hellip;]<\/p>\n","protected":false},"author":4,"featured_media":22305,"comment_status":"open","ping_status":"open","sticky":false,"template":"","format":"standard","meta":{"site-sidebar-layout":"default","site-content-layout":"default","ast-site-content-layout":"default","site-content-style":"default","site-sidebar-style":"default","ast-global-header-display":"","ast-banner-title-visibility":"","ast-main-header-display":"","ast-hfb-above-header-display":"","ast-hfb-below-header-display":"","ast-hfb-mobile-header-display":"","site-post-title":"","ast-breadcrumbs-content":"","ast-featured-img":"","footer-sml-layout":"","ast-disable-related-posts":"","theme-transparent-header-meta":"default","adv-header-id-meta":"","stick-header-meta":"","header-above-stick-meta":"","header-main-stick-meta":"","header-below-stick-meta":"","astra-migrate-meta-layouts":"default","ast-page-background-enabled":"default","ast-page-background-meta":{"desktop":{"background-color":"","background-image":"","background-repeat":"repeat","background-position":"center center","background-size":"auto","background-attachment":"scroll","background-type":"","background-media":"","overlay-type":"","overlay-color":"","overlay-opacity":"","overlay-gradient":""},"tablet":{"background-color":"","background-image":"","background-repeat":"repeat","background-position":"center center","background-size":"auto","background-attachment":"scroll","background-type":"","background-media":"","overlay-type":"","overlay-color":"","overlay-opacity":"","overlay-gradient":""},"mobile":{"background-color":"","background-image":"","background-repeat":"repeat","background-position":"center center","background-size":"auto","background-attachment":"scroll","background-type":"","background-media":"","overlay-type":"","overlay-color":"","overlay-opacity":"","overlay-gradient":""}},"ast-content-background-meta":{"desktop":{"background-color":"var(--ast-global-color-5)","background-image":"","background-repeat":"repeat","background-position":"center center","background-size":"auto","background-attachment":"scroll","background-type":"","background-media":"","overlay-type":"","overlay-color":"","overlay-opacity":"","overlay-gradient":""},"tablet":{"background-color":"var(--ast-global-color-5)","background-image":"","background-repeat":"repeat","background-position":"center center","background-size":"auto","background-attachment":"scroll","background-type":"","background-media":"","overlay-type":"","overlay-color":"","overlay-opacity":"","overlay-gradient":""},"mobile":{"background-color":"var(--ast-global-color-5)","background-image":"","background-repeat":"repeat","background-position":"center center","background-size":"auto","background-attachment":"scroll","background-type":"","background-media":"","overlay-type":"","overlay-color":"","overlay-opacity":"","overlay-gradient":""}},"_jetpack_memberships_contains_paid_content":false,"_joinchat":[],"footnotes":""},"categories":[5,2074],"tags":[1232,3404,3414,3037,3415],"class_list":["post-22303","post","type-post","status-publish","format-standard","has-post-thumbnail","hentry","category-sociedad","category-videos","tag-destacado","tag-frio-polar","tag-nieve","tag-sierras-de-cordoba","tag-yacanto"],"yoast_head":"<!-- This site is optimized with the Yoast SEO plugin v26.8 - https:\/\/yoast.com\/product\/yoast-seo-wordpress\/ -->\n<title>Fr\u00edo y nieve: las sierras se visten de blanco (Video) - El Regional<\/title>\n<meta name=\"description\" content=\"Con la llegada de la masa de aire fr\u00edo polar al centro del pa\u00eds, comenz\u00f3 a caer nieve en distintos puntos de las sierras cordobesas.\" \/>\n<meta name=\"robots\" content=\"index, follow, max-snippet:-1, max-image-preview:large, max-video-preview:-1\" \/>\n<link rel=\"canonical\" href=\"http:\/\/elregionalvm.com.ar\/noticias-villa-maria\/frio-y-nieve-las-sierras-se-visten-de-blanco-video\/\" \/>\n<meta property=\"og:locale\" content=\"es_ES\" \/>\n<meta property=\"og:type\" content=\"article\" \/>\n<meta property=\"og:title\" content=\"Fr\u00edo y nieve: las sierras se visten de blanco (Video) - El Regional\" \/>\n<meta property=\"og:description\" content=\"Con la llegada de la masa de aire fr\u00edo polar al centro del pa\u00eds, comenz\u00f3 a caer nieve en distintos puntos de las sierras cordobesas.\" \/>\n<meta property=\"og:url\" content=\"http:\/\/elregionalvm.com.ar\/noticias-villa-maria\/frio-y-nieve-las-sierras-se-visten-de-blanco-video\/\" \/>\n<meta property=\"og:site_name\" content=\"El Regional\" \/>\n<meta property=\"article:publisher\" content=\"https:\/\/www.facebook.com\/elregionalvm\" \/>\n<meta property=\"article:published_time\" content=\"2020-08-19T19:40:49+00:00\" \/>\n<meta property=\"article:modified_time\" content=\"2020-08-20T14:54:27+00:00\" \/>\n<meta property=\"og:image\" content=\"http:\/\/elregionalvm.com.ar\/noticias-villa-maria\/wp-content\/uploads\/2020\/08\/WhatsApp-Image-2020-08-19-at-4.29.32-PM.jpeg\" \/>\n\t<meta property=\"og:image:width\" content=\"1280\" \/>\n\t<meta property=\"og:image:height\" content=\"720\" \/>\n\t<meta property=\"og:image:type\" content=\"image\/jpeg\" \/>\n<meta name=\"author\" content=\"Contenidos El Regional\" \/>\n<meta name=\"twitter:card\" content=\"summary_large_image\" \/>\n<meta name=\"twitter:creator\" content=\"@elregionalvm1\" \/>\n<meta name=\"twitter:site\" content=\"@elregionalvm1\" \/>\n<meta name=\"twitter:label1\" content=\"Escrito por\" \/>\n\t<meta name=\"twitter:data1\" content=\"Contenidos El Regional\" \/>\n\t<meta name=\"twitter:label2\" content=\"Tiempo de lectura\" \/>\n\t<meta name=\"twitter:data2\" content=\"1 minuto\" \/>\n<script type=\"application\/ld+json\" class=\"yoast-schema-graph\">{\"@context\":\"https:\/\/schema.org\",\"@graph\":[{\"@type\":\"Article\",\"@id\":\"http:\/\/elregionalvm.com.ar\/noticias-villa-maria\/frio-y-nieve-las-sierras-se-visten-de-blanco-video\/#article\",\"isPartOf\":{\"@id\":\"http:\/\/elregionalvm.com.ar\/noticias-villa-maria\/frio-y-nieve-las-sierras-se-visten-de-blanco-video\/\"},\"author\":{\"name\":\"Contenidos El Regional\",\"@id\":\"http:\/\/elregionalvm.com.ar\/noticias-villa-maria\/#\/schema\/person\/a0fb9c422317faca23d50163151bc354\"},\"headline\":\"Fr\u00edo y nieve: las sierras se visten de blanco (Video)\",\"datePublished\":\"2020-08-19T19:40:49+00:00\",\"dateModified\":\"2020-08-20T14:54:27+00:00\",\"mainEntityOfPage\":{\"@id\":\"http:\/\/elregionalvm.com.ar\/noticias-villa-maria\/frio-y-nieve-las-sierras-se-visten-de-blanco-video\/\"},\"wordCount\":184,\"commentCount\":0,\"image\":{\"@id\":\"http:\/\/elregionalvm.com.ar\/noticias-villa-maria\/frio-y-nieve-las-sierras-se-visten-de-blanco-video\/#primaryimage\"},\"thumbnailUrl\":\"https:\/\/i0.wp.com\/elregionalvm.com.ar\/noticias-villa-maria\/wp-content\/uploads\/2020\/08\/WhatsApp-Image-2020-08-19-at-4.29.32-PM.jpeg?fit=1280%2C720&ssl=1\",\"keywords\":[\"destacado\",\"Fr\u00edo polar\",\"nieve\",\"Sierras de C\u00f3rdoba\",\"Yacanto\"],\"articleSection\":[\"Sociedad\",\"Videos\"],\"inLanguage\":\"es\",\"potentialAction\":[{\"@type\":\"CommentAction\",\"name\":\"Comment\",\"target\":[\"http:\/\/elregionalvm.com.ar\/noticias-villa-maria\/frio-y-nieve-las-sierras-se-visten-de-blanco-video\/#respond\"]}]},{\"@type\":\"WebPage\",\"@id\":\"http:\/\/elregionalvm.com.ar\/noticias-villa-maria\/frio-y-nieve-las-sierras-se-visten-de-blanco-video\/\",\"url\":\"http:\/\/elregionalvm.com.ar\/noticias-villa-maria\/frio-y-nieve-las-sierras-se-visten-de-blanco-video\/\",\"name\":\"Fr\u00edo y nieve: las sierras se visten de blanco (Video) - El Regional\",\"isPartOf\":{\"@id\":\"http:\/\/elregionalvm.com.ar\/noticias-villa-maria\/#website\"},\"primaryImageOfPage\":{\"@id\":\"http:\/\/elregionalvm.com.ar\/noticias-villa-maria\/frio-y-nieve-las-sierras-se-visten-de-blanco-video\/#primaryimage\"},\"image\":{\"@id\":\"http:\/\/elregionalvm.com.ar\/noticias-villa-maria\/frio-y-nieve-las-sierras-se-visten-de-blanco-video\/#primaryimage\"},\"thumbnailUrl\":\"https:\/\/i0.wp.com\/elregionalvm.com.ar\/noticias-villa-maria\/wp-content\/uploads\/2020\/08\/WhatsApp-Image-2020-08-19-at-4.29.32-PM.jpeg?fit=1280%2C720&ssl=1\",\"datePublished\":\"2020-08-19T19:40:49+00:00\",\"dateModified\":\"2020-08-20T14:54:27+00:00\",\"author\":{\"@id\":\"http:\/\/elregionalvm.com.ar\/noticias-villa-maria\/#\/schema\/person\/a0fb9c422317faca23d50163151bc354\"},\"description\":\"Con la llegada de la masa de aire fr\u00edo polar al centro del pa\u00eds, comenz\u00f3 a caer nieve en distintos puntos de las sierras cordobesas.\",\"breadcrumb\":{\"@id\":\"http:\/\/elregionalvm.com.ar\/noticias-villa-maria\/frio-y-nieve-las-sierras-se-visten-de-blanco-video\/#breadcrumb\"},\"inLanguage\":\"es\",\"potentialAction\":[{\"@type\":\"ReadAction\",\"target\":[\"http:\/\/elregionalvm.com.ar\/noticias-villa-maria\/frio-y-nieve-las-sierras-se-visten-de-blanco-video\/\"]}]},{\"@type\":\"ImageObject\",\"inLanguage\":\"es\",\"@id\":\"http:\/\/elregionalvm.com.ar\/noticias-villa-maria\/frio-y-nieve-las-sierras-se-visten-de-blanco-video\/#primaryimage\",\"url\":\"https:\/\/i0.wp.com\/elregionalvm.com.ar\/noticias-villa-maria\/wp-content\/uploads\/2020\/08\/WhatsApp-Image-2020-08-19-at-4.29.32-PM.jpeg?fit=1280%2C720&ssl=1\",\"contentUrl\":\"https:\/\/i0.wp.com\/elregionalvm.com.ar\/noticias-villa-maria\/wp-content\/uploads\/2020\/08\/WhatsApp-Image-2020-08-19-at-4.29.32-PM.jpeg?fit=1280%2C720&ssl=1\",\"width\":1280,\"height\":720},{\"@type\":\"BreadcrumbList\",\"@id\":\"http:\/\/elregionalvm.com.ar\/noticias-villa-maria\/frio-y-nieve-las-sierras-se-visten-de-blanco-video\/#breadcrumb\",\"itemListElement\":[{\"@type\":\"ListItem\",\"position\":1,\"name\":\"Portada\",\"item\":\"https:\/\/elregionalvm.com.ar\/noticias-villa-maria\/\"},{\"@type\":\"ListItem\",\"position\":2,\"name\":\"Fr\u00edo y nieve: las sierras se visten de blanco (Video)\"}]},{\"@type\":\"WebSite\",\"@id\":\"http:\/\/elregionalvm.com.ar\/noticias-villa-maria\/#website\",\"url\":\"http:\/\/elregionalvm.com.ar\/noticias-villa-maria\/\",\"name\":\"El Regional\",\"description\":\"Mucho m\u00e1s que informaci\u00f3n\",\"potentialAction\":[{\"@type\":\"SearchAction\",\"target\":{\"@type\":\"EntryPoint\",\"urlTemplate\":\"http:\/\/elregionalvm.com.ar\/noticias-villa-maria\/?s={search_term_string}\"},\"query-input\":{\"@type\":\"PropertyValueSpecification\",\"valueRequired\":true,\"valueName\":\"search_term_string\"}}],\"inLanguage\":\"es\"},{\"@type\":\"Person\",\"@id\":\"http:\/\/elregionalvm.com.ar\/noticias-villa-maria\/#\/schema\/person\/a0fb9c422317faca23d50163151bc354\",\"name\":\"Contenidos El Regional\",\"image\":{\"@type\":\"ImageObject\",\"inLanguage\":\"es\",\"@id\":\"http:\/\/elregionalvm.com.ar\/noticias-villa-maria\/#\/schema\/person\/image\/\",\"url\":\"https:\/\/secure.gravatar.com\/avatar\/265b27cb2209af7bb3a1318f03305787d7981a5cc6e6cd08fe5a4ecdf99d4b48?s=96&d=mm&r=g\",\"contentUrl\":\"https:\/\/secure.gravatar.com\/avatar\/265b27cb2209af7bb3a1318f03305787d7981a5cc6e6cd08fe5a4ecdf99d4b48?s=96&d=mm&r=g\",\"caption\":\"Contenidos El Regional\"},\"url\":\"https:\/\/elregionalvm.com.ar\/noticias-villa-maria\/author\/contenido\/\"}]}<\/script>\n<!-- \/ Yoast SEO plugin. -->","yoast_head_json":{"title":"Fr\u00edo y nieve: las sierras se visten de blanco (Video) - El Regional","description":"Con la llegada de la masa de aire fr\u00edo polar al centro del pa\u00eds, comenz\u00f3 a caer nieve en distintos puntos de las sierras cordobesas.","robots":{"index":"index","follow":"follow","max-snippet":"max-snippet:-1","max-image-preview":"max-image-preview:large","max-video-preview":"max-video-preview:-1"},"canonical":"http:\/\/elregionalvm.com.ar\/noticias-villa-maria\/frio-y-nieve-las-sierras-se-visten-de-blanco-video\/","og_locale":"es_ES","og_type":"article","og_title":"Fr\u00edo y nieve: las sierras se visten de blanco (Video) - El Regional","og_description":"Con la llegada de la masa de aire fr\u00edo polar al centro del pa\u00eds, comenz\u00f3 a caer nieve en distintos puntos de las sierras cordobesas.","og_url":"http:\/\/elregionalvm.com.ar\/noticias-villa-maria\/frio-y-nieve-las-sierras-se-visten-de-blanco-video\/","og_site_name":"El Regional","article_publisher":"https:\/\/www.facebook.com\/elregionalvm","article_published_time":"2020-08-19T19:40:49+00:00","article_modified_time":"2020-08-20T14:54:27+00:00","og_image":[{"width":1280,"height":720,"url":"http:\/\/elregionalvm.com.ar\/noticias-villa-maria\/wp-content\/uploads\/2020\/08\/WhatsApp-Image-2020-08-19-at-4.29.32-PM.jpeg","type":"image\/jpeg"}],"author":"Contenidos El Regional","twitter_card":"summary_large_image","twitter_creator":"@elregionalvm1","twitter_site":"@elregionalvm1","twitter_misc":{"Escrito por":"Contenidos El Regional","Tiempo de lectura":"1 minuto"},"schema":{"@context":"https:\/\/schema.org","@graph":[{"@type":"Article","@id":"http:\/\/elregionalvm.com.ar\/noticias-villa-maria\/frio-y-nieve-las-sierras-se-visten-de-blanco-video\/#article","isPartOf":{"@id":"http:\/\/elregionalvm.com.ar\/noticias-villa-maria\/frio-y-nieve-las-sierras-se-visten-de-blanco-video\/"},"author":{"name":"Contenidos El Regional","@id":"http:\/\/elregionalvm.com.ar\/noticias-villa-maria\/#\/schema\/person\/a0fb9c422317faca23d50163151bc354"},"headline":"Fr\u00edo y nieve: las sierras se visten de blanco (Video)","datePublished":"2020-08-19T19:40:49+00:00","dateModified":"2020-08-20T14:54:27+00:00","mainEntityOfPage":{"@id":"http:\/\/elregionalvm.com.ar\/noticias-villa-maria\/frio-y-nieve-las-sierras-se-visten-de-blanco-video\/"},"wordCount":184,"commentCount":0,"image":{"@id":"http:\/\/elregionalvm.com.ar\/noticias-villa-maria\/frio-y-nieve-las-sierras-se-visten-de-blanco-video\/#primaryimage"},"thumbnailUrl":"https:\/\/i0.wp.com\/elregionalvm.com.ar\/noticias-villa-maria\/wp-content\/uploads\/2020\/08\/WhatsApp-Image-2020-08-19-at-4.29.32-PM.jpeg?fit=1280%2C720&ssl=1","keywords":["destacado","Fr\u00edo polar","nieve","Sierras de C\u00f3rdoba","Yacanto"],"articleSection":["Sociedad","Videos"],"inLanguage":"es","potentialAction":[{"@type":"CommentAction","name":"Comment","target":["http:\/\/elregionalvm.com.ar\/noticias-villa-maria\/frio-y-nieve-las-sierras-se-visten-de-blanco-video\/#respond"]}]},{"@type":"WebPage","@id":"http:\/\/elregionalvm.com.ar\/noticias-villa-maria\/frio-y-nieve-las-sierras-se-visten-de-blanco-video\/","url":"http:\/\/elregionalvm.com.ar\/noticias-villa-maria\/frio-y-nieve-las-sierras-se-visten-de-blanco-video\/","name":"Fr\u00edo y nieve: las sierras se visten de blanco (Video) - El Regional","isPartOf":{"@id":"http:\/\/elregionalvm.com.ar\/noticias-villa-maria\/#website"},"primaryImageOfPage":{"@id":"http:\/\/elregionalvm.com.ar\/noticias-villa-maria\/frio-y-nieve-las-sierras-se-visten-de-blanco-video\/#primaryimage"},"image":{"@id":"http:\/\/elregionalvm.com.ar\/noticias-villa-maria\/frio-y-nieve-las-sierras-se-visten-de-blanco-video\/#primaryimage"},"thumbnailUrl":"https:\/\/i0.wp.com\/elregionalvm.com.ar\/noticias-villa-maria\/wp-content\/uploads\/2020\/08\/WhatsApp-Image-2020-08-19-at-4.29.32-PM.jpeg?fit=1280%2C720&ssl=1","datePublished":"2020-08-19T19:40:49+00:00","dateModified":"2020-08-20T14:54:27+00:00","author":{"@id":"http:\/\/elregionalvm.com.ar\/noticias-villa-maria\/#\/schema\/person\/a0fb9c422317faca23d50163151bc354"},"description":"Con la llegada de la masa de aire fr\u00edo polar al centro del pa\u00eds, comenz\u00f3 a caer nieve en distintos puntos de las sierras cordobesas.","breadcrumb":{"@id":"http:\/\/elregionalvm.com.ar\/noticias-villa-maria\/frio-y-nieve-las-sierras-se-visten-de-blanco-video\/#breadcrumb"},"inLanguage":"es","potentialAction":[{"@type":"ReadAction","target":["http:\/\/elregionalvm.com.ar\/noticias-villa-maria\/frio-y-nieve-las-sierras-se-visten-de-blanco-video\/"]}]},{"@type":"ImageObject","inLanguage":"es","@id":"http:\/\/elregionalvm.com.ar\/noticias-villa-maria\/frio-y-nieve-las-sierras-se-visten-de-blanco-video\/#primaryimage","url":"https:\/\/i0.wp.com\/elregionalvm.com.ar\/noticias-villa-maria\/wp-content\/uploads\/2020\/08\/WhatsApp-Image-2020-08-19-at-4.29.32-PM.jpeg?fit=1280%2C720&ssl=1","contentUrl":"https:\/\/i0.wp.com\/elregionalvm.com.ar\/noticias-villa-maria\/wp-content\/uploads\/2020\/08\/WhatsApp-Image-2020-08-19-at-4.29.32-PM.jpeg?fit=1280%2C720&ssl=1","width":1280,"height":720},{"@type":"BreadcrumbList","@id":"http:\/\/elregionalvm.com.ar\/noticias-villa-maria\/frio-y-nieve-las-sierras-se-visten-de-blanco-video\/#breadcrumb","itemListElement":[{"@type":"ListItem","position":1,"name":"Portada","item":"https:\/\/elregionalvm.com.ar\/noticias-villa-maria\/"},{"@type":"ListItem","position":2,"name":"Fr\u00edo y nieve: las sierras se visten de blanco (Video)"}]},{"@type":"WebSite","@id":"http:\/\/elregionalvm.com.ar\/noticias-villa-maria\/#website","url":"http:\/\/elregionalvm.com.ar\/noticias-villa-maria\/","name":"El Regional","description":"Mucho m\u00e1s que informaci\u00f3n","potentialAction":[{"@type":"SearchAction","target":{"@type":"EntryPoint","urlTemplate":"http:\/\/elregionalvm.com.ar\/noticias-villa-maria\/?s={search_term_string}"},"query-input":{"@type":"PropertyValueSpecification","valueRequired":true,"valueName":"search_term_string"}}],"inLanguage":"es"},{"@type":"Person","@id":"http:\/\/elregionalvm.com.ar\/noticias-villa-maria\/#\/schema\/person\/a0fb9c422317faca23d50163151bc354","name":"Contenidos El Regional","image":{"@type":"ImageObject","inLanguage":"es","@id":"http:\/\/elregionalvm.com.ar\/noticias-villa-maria\/#\/schema\/person\/image\/","url":"https:\/\/secure.gravatar.com\/avatar\/265b27cb2209af7bb3a1318f03305787d7981a5cc6e6cd08fe5a4ecdf99d4b48?s=96&d=mm&r=g","contentUrl":"https:\/\/secure.gravatar.com\/avatar\/265b27cb2209af7bb3a1318f03305787d7981a5cc6e6cd08fe5a4ecdf99d4b48?s=96&d=mm&r=g","caption":"Contenidos El Regional"},"url":"https:\/\/elregionalvm.com.ar\/noticias-villa-maria\/author\/contenido\/"}]}},"jetpack_featured_media_url":"https:\/\/i0.wp.com\/elregionalvm.com.ar\/noticias-villa-maria\/wp-content\/uploads\/2020\/08\/WhatsApp-Image-2020-08-19-at-4.29.32-PM.jpeg?fit=1280%2C720&ssl=1","jetpack_sharing_enabled":true,"_links":{"self":[{"href":"https:\/\/elregionalvm.com.ar\/noticias-villa-maria\/wp-json\/wp\/v2\/posts\/22303","targetHints":{"allow":["GET"]}}],"collection":[{"href":"https:\/\/elregionalvm.com.ar\/noticias-villa-maria\/wp-json\/wp\/v2\/posts"}],"about":[{"href":"https:\/\/elregionalvm.com.ar\/noticias-villa-maria\/wp-json\/wp\/v2\/types\/post"}],"author":[{"embeddable":true,"href":"https:\/\/elregionalvm.com.ar\/noticias-villa-maria\/wp-json\/wp\/v2\/users\/4"}],"replies":[{"embeddable":true,"href":"https:\/\/elregionalvm.com.ar\/noticias-villa-maria\/wp-json\/wp\/v2\/comments?post=22303"}],"version-history":[{"count":2,"href":"https:\/\/elregionalvm.com.ar\/noticias-villa-maria\/wp-json\/wp\/v2\/posts\/22303\/revisions"}],"predecessor-version":[{"id":22310,"href":"https:\/\/elregionalvm.com.ar\/noticias-villa-maria\/wp-json\/wp\/v2\/posts\/22303\/revisions\/22310"}],"wp:featuredmedia":[{"embeddable":true,"href":"https:\/\/elregionalvm.com.ar\/noticias-villa-maria\/wp-json\/wp\/v2\/media\/22305"}],"wp:attachment":[{"href":"https:\/\/elregionalvm.com.ar\/noticias-villa-maria\/wp-json\/wp\/v2\/media?parent=22303"}],"wp:term":[{"taxonomy":"category","embeddable":true,"href":"https:\/\/elregionalvm.com.ar\/noticias-villa-maria\/wp-json\/wp\/v2\/categories?post=22303"},{"taxonomy":"post_tag","embeddable":true,"href":"https:\/\/elregionalvm.com.ar\/noticias-villa-maria\/wp-json\/wp\/v2\/tags?post=22303"}],"curies":[{"name":"wp","href":"https:\/\/api.w.org\/{rel}","templated":true}]}}