{"id":22512,"date":"2020-08-24T01:41:44","date_gmt":"2020-08-24T01:41:44","guid":{"rendered":"https:\/\/elregionalvm.com.ar\/noticias-villa-maria\/?p=22512"},"modified":"2020-08-24T23:31:43","modified_gmt":"2020-08-24T23:31:43","slug":"mas-de-100-bomberos-sofocaron-un-incendio-que-afecto-660-hectareas","status":"publish","type":"post","link":"https:\/\/elregionalvm.com.ar\/noticias-villa-maria\/mas-de-100-bomberos-sofocaron-un-incendio-que-afecto-660-hectareas\/","title":{"rendered":"M\u00e1s de 100 bomberos sofocaron un incendio que afect\u00f3 660 hect\u00e1reas"},"content":{"rendered":"\n<p>Un total de 105 bomberos voluntarios de Villa Mar\u00eda y de distintas localidades de la regi\u00f3n trabajaron para combatir las llamas de un voraz incendio en la zona de C\u00e1rcano, en jurisdicci\u00f3n de Villa Mar\u00eda y Ballesteros.<\/p>\n\n\n\n<p>El combate al siniestro se prolong\u00f3 a lo largo de m\u00e1s de cinco horas, en las cuales el fuego dej\u00f3 un saldo de 660 hect\u00e1reas quemadas aproximadamente.<\/p>\n\n\n\n<p>Por prevenci\u00f3n, se realiz\u00f3 la evacuaci\u00f3n de 25 personas de la localidad de C\u00e1rcano, que retornaron a sus hogares una vez que se logr\u00f3 la extinci\u00f3n del incendio.<\/p>\n\n\n\n<figure class=\"wp-block-gallery columns-3 is-cropped wp-block-gallery-1 is-layout-flex wp-block-gallery-is-layout-flex\"><ul class=\"blocks-gallery-grid\"><li class=\"blocks-gallery-item\"><figure><img data-recalc-dims=\"1\" fetchpriority=\"high\" decoding=\"async\" width=\"1024\" height=\"576\" src=\"https:\/\/i0.wp.com\/elregionalvm.com.ar\/noticias-villa-maria\/wp-content\/uploads\/2020\/08\/WhatsApp-Image-2020-08-23-at-9.10.06-PM.jpeg?resize=1024%2C576&#038;ssl=1\" alt=\"\" data-id=\"22514\" data-full-url=\"https:\/\/elregionalvm.com.ar\/noticias-villa-maria\/wp-content\/uploads\/2020\/08\/WhatsApp-Image-2020-08-23-at-9.10.06-PM.jpeg\" data-link=\"https:\/\/elregionalvm.com.ar\/noticias-villa-maria\/?attachment_id=22514\" class=\"wp-image-22514\" srcset=\"https:\/\/i0.wp.com\/elregionalvm.com.ar\/noticias-villa-maria\/wp-content\/uploads\/2020\/08\/WhatsApp-Image-2020-08-23-at-9.10.06-PM.jpeg?resize=1024%2C576&amp;ssl=1 1024w, https:\/\/i0.wp.com\/elregionalvm.com.ar\/noticias-villa-maria\/wp-content\/uploads\/2020\/08\/WhatsApp-Image-2020-08-23-at-9.10.06-PM.jpeg?resize=300%2C169&amp;ssl=1 300w, https:\/\/i0.wp.com\/elregionalvm.com.ar\/noticias-villa-maria\/wp-content\/uploads\/2020\/08\/WhatsApp-Image-2020-08-23-at-9.10.06-PM.jpeg?resize=768%2C432&amp;ssl=1 768w, https:\/\/i0.wp.com\/elregionalvm.com.ar\/noticias-villa-maria\/wp-content\/uploads\/2020\/08\/WhatsApp-Image-2020-08-23-at-9.10.06-PM.jpeg?w=1280&amp;ssl=1 1280w\" sizes=\"(max-width: 1000px) 100vw, 1000px\" \/><\/figure><\/li><li class=\"blocks-gallery-item\"><figure><img data-recalc-dims=\"1\" decoding=\"async\" width=\"1024\" height=\"578\" src=\"https:\/\/i0.wp.com\/elregionalvm.com.ar\/noticias-villa-maria\/wp-content\/uploads\/2020\/08\/WhatsApp-Image-2020-08-23-at-9.10.09-PM.jpeg?resize=1024%2C578&#038;ssl=1\" alt=\"\" data-id=\"22515\" data-full-url=\"https:\/\/elregionalvm.com.ar\/noticias-villa-maria\/wp-content\/uploads\/2020\/08\/WhatsApp-Image-2020-08-23-at-9.10.09-PM.jpeg\" data-link=\"https:\/\/elregionalvm.com.ar\/noticias-villa-maria\/?attachment_id=22515\" class=\"wp-image-22515\" srcset=\"https:\/\/i0.wp.com\/elregionalvm.com.ar\/noticias-villa-maria\/wp-content\/uploads\/2020\/08\/WhatsApp-Image-2020-08-23-at-9.10.09-PM.jpeg?resize=1024%2C578&amp;ssl=1 1024w, https:\/\/i0.wp.com\/elregionalvm.com.ar\/noticias-villa-maria\/wp-content\/uploads\/2020\/08\/WhatsApp-Image-2020-08-23-at-9.10.09-PM.jpeg?resize=300%2C169&amp;ssl=1 300w, https:\/\/i0.wp.com\/elregionalvm.com.ar\/noticias-villa-maria\/wp-content\/uploads\/2020\/08\/WhatsApp-Image-2020-08-23-at-9.10.09-PM.jpeg?resize=768%2C433&amp;ssl=1 768w, https:\/\/i0.wp.com\/elregionalvm.com.ar\/noticias-villa-maria\/wp-content\/uploads\/2020\/08\/WhatsApp-Image-2020-08-23-at-9.10.09-PM.jpeg?w=1280&amp;ssl=1 1280w\" sizes=\"(max-width: 1000px) 100vw, 1000px\" \/><\/figure><\/li><li class=\"blocks-gallery-item\"><figure><img data-recalc-dims=\"1\" decoding=\"async\" width=\"1024\" height=\"768\" src=\"https:\/\/i0.wp.com\/elregionalvm.com.ar\/noticias-villa-maria\/wp-content\/uploads\/2020\/08\/WhatsApp-Image-2020-08-23-at-9.10.07-PM.jpeg?resize=1024%2C768&#038;ssl=1\" alt=\"\" data-id=\"22516\" data-full-url=\"https:\/\/elregionalvm.com.ar\/noticias-villa-maria\/wp-content\/uploads\/2020\/08\/WhatsApp-Image-2020-08-23-at-9.10.07-PM.jpeg\" data-link=\"https:\/\/elregionalvm.com.ar\/noticias-villa-maria\/?attachment_id=22516\" class=\"wp-image-22516\" srcset=\"https:\/\/i0.wp.com\/elregionalvm.com.ar\/noticias-villa-maria\/wp-content\/uploads\/2020\/08\/WhatsApp-Image-2020-08-23-at-9.10.07-PM.jpeg?w=1024&amp;ssl=1 1024w, https:\/\/i0.wp.com\/elregionalvm.com.ar\/noticias-villa-maria\/wp-content\/uploads\/2020\/08\/WhatsApp-Image-2020-08-23-at-9.10.07-PM.jpeg?resize=300%2C225&amp;ssl=1 300w, https:\/\/i0.wp.com\/elregionalvm.com.ar\/noticias-villa-maria\/wp-content\/uploads\/2020\/08\/WhatsApp-Image-2020-08-23-at-9.10.07-PM.jpeg?resize=768%2C576&amp;ssl=1 768w\" sizes=\"(max-width: 1000px) 100vw, 1000px\" \/><\/figure><\/li><\/ul><figcaption class=\"blocks-gallery-caption\"><em>El fuego y el humo visto desde la ruta, desde el lugar del incendio y desde el aire. <\/em><\/figcaption><\/figure>\n\n\n\n<p><\/p>\n\n\n\n<p><strong>Paso a paso<\/strong><\/p>\n\n\n\n<p>Seg\u00fan el relato del jefe de cuerpos de Bomberos de Villa Mar\u00eda, Gustavo Nicola, a las 13.40 horas recibieron aviso de un incendio rural en la zona de Carcano, que comenzaba en la autopista y llegaba hasta la ruta nacional 9.<\/p>\n\n\n\n<p>\u201cSalieron en un primer momento tres dotaciones, pero por acci\u00f3n del fuerte viento y la temperatura, el fuego se propag\u00f3 r\u00e1pidamente, pas\u00f3 la ruta 9 y se dirig\u00eda a la localidad de C\u00e1rcano. All\u00ed, hubo que evacuar a personas a una escuela y al casco de la estancia\u201d, explic\u00f3 Nicola.<\/p>\n\n\n\n<p>Tras el pedido de ayuda a otros cuarteles de la regional, un total de 105 bomberos participaron en el combate al fuego, de los cuales 45 eran de Villa Mar\u00eda.<\/p>\n\n\n\n<p>\u201cTambi\u00e9n se unieron bomberos que ven\u00edan de colaborar en los incendios en las serran\u00edas cordobesas y de Ballesteros tambi\u00e9n, que tuvo un incendio paralelo\u201d, agreg\u00f3.<\/p>\n\n\n\n<p>El saldo del siniestro fue vegetaci\u00f3n quemada como rastrojo de ma\u00edz y soja, pastos naturales y montes de eucaliptus. Pero, no hubo que lamentar alg\u00fan otro tipo de da\u00f1o material.<\/p>\n\n\n\n<p><strong>Otros incendios<\/strong><\/p>\n\n\n\n<p>La de este domingo 23 de agosto fue una tarde agitada para los servidores p\u00fablicos. Es que, en forma simult\u00e1nea a este gran incendio rural, se produc\u00edan otros dos en viviendas de la ciudad, con 10 minutos de diferencia entre uno y otro.<\/p>\n\n\n\n<p>Adem\u00e1s, actuaron en un accidente de tr\u00e1nsito que dej\u00f3 dos heridos.<\/p>\n\n\n\n<p>\u201cEn total trabajaron 70 bomberos de Villa Mar\u00eda en los siniestros. Fue una tarde bastante ajetreada\u201d, concluy\u00f3 Nicola.<\/p>\n\n\n\n<p><strong>Trabajo en equipo<\/strong><\/p>\n\n\n\n<p>En la sofocaci\u00f3n del incendio rural trabajaron bomberos provenientes de:<\/p>\n\n\n\n<ul class=\"wp-block-list\"><li>Villa Mar\u00eda: 45 Bomberos con 3UL- 2UP \u2013 1 Transporte de Personal \u2013 1 Transporte de Log\u00edstica.<\/li><li>Alto Alegre: 5 Bomberos 1 UL.<\/li><li>Ticino: 5 Bomberos 1 UL.<\/li><li>Villa Nueva: 4 Bomberos 1 UP<\/li><li>Cabral: 3 Bomberos 1 UP.<\/li><li>Cintra: 2 Bomberos 1 UP.<\/li><li>Arroyo Algod\u00f3n: 2 Bomberos 1UP.<\/li><li>Morrison: 7 Bomberos- 1UL \u2013 1 UP.<\/li><li>Ballesteros: 17 Bomberos 1UL- 2UP- 1 U, Transporte de Personal.<\/li><li>Monte Ma\u00edz: 5 Bomberos 1 UL<\/li><li>Inriville: 5 Bomberos 1 UL.<\/li><li>Gral. Baldisera: 5 Bomberos 1UL.<\/li><\/ul>\n\n\n\n<p><\/p>\n\n\n\n<ul class=\"wp-block-list\"><li><strong>Mir\u00e1 el video de c\u00f3mo llegaba una unidad al lugar del incendio: <\/strong><\/li><\/ul>\n\n\n\n<figure class=\"wp-block-video\"><video controls src=\"https:\/\/elregionalvm.com.ar\/noticias-villa-maria\/wp-content\/uploads\/2020\/08\/WhatsApp-Video-2020-08-23-at-9.10.11-PM.mp4\"><\/video><\/figure>\n","protected":false},"excerpt":{"rendered":"<p>Un total de 105 bomberos voluntarios de Villa Mar\u00eda y de distintas localidades de la regi\u00f3n trabajaron para combatir las llamas de un voraz incendio en la zona de C\u00e1rcano, en jurisdicci\u00f3n de Villa Mar\u00eda y Ballesteros. El combate al siniestro se prolong\u00f3 a lo largo de m\u00e1s de cinco horas, en las cuales el [&hellip;]<\/p>\n","protected":false},"author":4,"featured_media":22513,"comment_status":"open","ping_status":"open","sticky":false,"template":"","format":"standard","meta":{"site-sidebar-layout":"default","site-content-layout":"default","ast-site-content-layout":"default","site-content-style":"default","site-sidebar-style":"default","ast-global-header-display":"","ast-banner-title-visibility":"","ast-main-header-display":"","ast-hfb-above-header-display":"","ast-hfb-below-header-display":"","ast-hfb-mobile-header-display":"","site-post-title":"","ast-breadcrumbs-content":"","ast-featured-img":"","footer-sml-layout":"","ast-disable-related-posts":"","theme-transparent-header-meta":"default","adv-header-id-meta":"","stick-header-meta":"","header-above-stick-meta":"","header-main-stick-meta":"","header-below-stick-meta":"","astra-migrate-meta-layouts":"default","ast-page-background-enabled":"default","ast-page-background-meta":{"desktop":{"background-color":"","background-image":"","background-repeat":"repeat","background-position":"center center","background-size":"auto","background-attachment":"scroll","background-type":"","background-media":"","overlay-type":"","overlay-color":"","overlay-opacity":"","overlay-gradient":""},"tablet":{"background-color":"","background-image":"","background-repeat":"repeat","background-position":"center center","background-size":"auto","background-attachment":"scroll","background-type":"","background-media":"","overlay-type":"","overlay-color":"","overlay-opacity":"","overlay-gradient":""},"mobile":{"background-color":"","background-image":"","background-repeat":"repeat","background-position":"center center","background-size":"auto","background-attachment":"scroll","background-type":"","background-media":"","overlay-type":"","overlay-color":"","overlay-opacity":"","overlay-gradient":""}},"ast-content-background-meta":{"desktop":{"background-color":"var(--ast-global-color-5)","background-image":"","background-repeat":"repeat","background-position":"center center","background-size":"auto","background-attachment":"scroll","background-type":"","background-media":"","overlay-type":"","overlay-color":"","overlay-opacity":"","overlay-gradient":""},"tablet":{"background-color":"var(--ast-global-color-5)","background-image":"","background-repeat":"repeat","background-position":"center center","background-size":"auto","background-attachment":"scroll","background-type":"","background-media":"","overlay-type":"","overlay-color":"","overlay-opacity":"","overlay-gradient":""},"mobile":{"background-color":"var(--ast-global-color-5)","background-image":"","background-repeat":"repeat","background-position":"center center","background-size":"auto","background-attachment":"scroll","background-type":"","background-media":"","overlay-type":"","overlay-color":"","overlay-opacity":"","overlay-gradient":""}},"_jetpack_memberships_contains_paid_content":false,"_joinchat":[],"footnotes":""},"categories":[2074,2],"tags":[],"class_list":["post-22512","post","type-post","status-publish","format-standard","has-post-thumbnail","hentry","category-videos","category-villa-maria"],"yoast_head":"<!-- This site is optimized with the Yoast SEO plugin v26.8 - https:\/\/yoast.com\/product\/yoast-seo-wordpress\/ -->\n<title>M\u00e1s de 100 bomberos sofocaron un incendio que afect\u00f3 660 hect\u00e1reas - El Regional<\/title>\n<meta name=\"description\" content=\"Un total de 105 bomberos voluntarios de Villa Mar\u00eda y distintas localidades de la regi\u00f3n trabajaron para combatir un voraz incendio en la zona de C\u00e1rcano.\" \/>\n<meta name=\"robots\" content=\"index, follow, max-snippet:-1, max-image-preview:large, max-video-preview:-1\" \/>\n<link rel=\"canonical\" href=\"http:\/\/elregionalvm.com.ar\/noticias-villa-maria\/mas-de-100-bomberos-sofocaron-un-incendio-que-afecto-660-hectareas\/\" \/>\n<meta property=\"og:locale\" content=\"es_ES\" \/>\n<meta property=\"og:type\" content=\"article\" \/>\n<meta property=\"og:title\" content=\"M\u00e1s de 100 bomberos sofocaron un incendio que afect\u00f3 660 hect\u00e1reas - El Regional\" \/>\n<meta property=\"og:description\" content=\"Un total de 105 bomberos voluntarios de Villa Mar\u00eda y distintas localidades de la regi\u00f3n trabajaron para combatir un voraz incendio en la zona de C\u00e1rcano.\" \/>\n<meta property=\"og:url\" content=\"http:\/\/elregionalvm.com.ar\/noticias-villa-maria\/mas-de-100-bomberos-sofocaron-un-incendio-que-afecto-660-hectareas\/\" \/>\n<meta property=\"og:site_name\" content=\"El Regional\" \/>\n<meta property=\"article:publisher\" content=\"https:\/\/www.facebook.com\/elregionalvm\" \/>\n<meta property=\"article:published_time\" content=\"2020-08-24T01:41:44+00:00\" \/>\n<meta property=\"article:modified_time\" content=\"2020-08-24T23:31:43+00:00\" \/>\n<meta property=\"og:image\" content=\"http:\/\/elregionalvm.com.ar\/noticias-villa-maria\/wp-content\/uploads\/2020\/08\/WhatsApp-Image-2020-08-23-at-9.10.11-PM.jpeg\" \/>\n\t<meta property=\"og:image:width\" content=\"1280\" \/>\n\t<meta property=\"og:image:height\" content=\"960\" \/>\n\t<meta property=\"og:image:type\" content=\"image\/jpeg\" \/>\n<meta name=\"author\" content=\"Contenidos El Regional\" \/>\n<meta name=\"twitter:card\" content=\"summary_large_image\" \/>\n<meta name=\"twitter:creator\" content=\"@elregionalvm1\" \/>\n<meta name=\"twitter:site\" content=\"@elregionalvm1\" \/>\n<meta name=\"twitter:label1\" content=\"Escrito por\" \/>\n\t<meta name=\"twitter:data1\" content=\"Contenidos El Regional\" \/>\n\t<meta name=\"twitter:label2\" content=\"Tiempo de lectura\" \/>\n\t<meta name=\"twitter:data2\" content=\"2 minutos\" \/>\n<script type=\"application\/ld+json\" class=\"yoast-schema-graph\">{\"@context\":\"https:\/\/schema.org\",\"@graph\":[{\"@type\":\"Article\",\"@id\":\"http:\/\/elregionalvm.com.ar\/noticias-villa-maria\/mas-de-100-bomberos-sofocaron-un-incendio-que-afecto-660-hectareas\/#article\",\"isPartOf\":{\"@id\":\"http:\/\/elregionalvm.com.ar\/noticias-villa-maria\/mas-de-100-bomberos-sofocaron-un-incendio-que-afecto-660-hectareas\/\"},\"author\":{\"name\":\"Contenidos El Regional\",\"@id\":\"http:\/\/elregionalvm.com.ar\/noticias-villa-maria\/#\/schema\/person\/a0fb9c422317faca23d50163151bc354\"},\"headline\":\"M\u00e1s de 100 bomberos sofocaron un incendio que afect\u00f3 660 hect\u00e1reas\",\"datePublished\":\"2020-08-24T01:41:44+00:00\",\"dateModified\":\"2020-08-24T23:31:43+00:00\",\"mainEntityOfPage\":{\"@id\":\"http:\/\/elregionalvm.com.ar\/noticias-villa-maria\/mas-de-100-bomberos-sofocaron-un-incendio-que-afecto-660-hectareas\/\"},\"wordCount\":482,\"commentCount\":0,\"image\":{\"@id\":\"http:\/\/elregionalvm.com.ar\/noticias-villa-maria\/mas-de-100-bomberos-sofocaron-un-incendio-que-afecto-660-hectareas\/#primaryimage\"},\"thumbnailUrl\":\"https:\/\/i0.wp.com\/elregionalvm.com.ar\/noticias-villa-maria\/wp-content\/uploads\/2020\/08\/WhatsApp-Image-2020-08-23-at-9.10.11-PM.jpeg?fit=1280%2C960&ssl=1\",\"articleSection\":[\"Videos\",\"Villa Mar\u00eda\"],\"inLanguage\":\"es\",\"potentialAction\":[{\"@type\":\"CommentAction\",\"name\":\"Comment\",\"target\":[\"http:\/\/elregionalvm.com.ar\/noticias-villa-maria\/mas-de-100-bomberos-sofocaron-un-incendio-que-afecto-660-hectareas\/#respond\"]}]},{\"@type\":\"WebPage\",\"@id\":\"http:\/\/elregionalvm.com.ar\/noticias-villa-maria\/mas-de-100-bomberos-sofocaron-un-incendio-que-afecto-660-hectareas\/\",\"url\":\"http:\/\/elregionalvm.com.ar\/noticias-villa-maria\/mas-de-100-bomberos-sofocaron-un-incendio-que-afecto-660-hectareas\/\",\"name\":\"M\u00e1s de 100 bomberos sofocaron un incendio que afect\u00f3 660 hect\u00e1reas - El Regional\",\"isPartOf\":{\"@id\":\"http:\/\/elregionalvm.com.ar\/noticias-villa-maria\/#website\"},\"primaryImageOfPage\":{\"@id\":\"http:\/\/elregionalvm.com.ar\/noticias-villa-maria\/mas-de-100-bomberos-sofocaron-un-incendio-que-afecto-660-hectareas\/#primaryimage\"},\"image\":{\"@id\":\"http:\/\/elregionalvm.com.ar\/noticias-villa-maria\/mas-de-100-bomberos-sofocaron-un-incendio-que-afecto-660-hectareas\/#primaryimage\"},\"thumbnailUrl\":\"https:\/\/i0.wp.com\/elregionalvm.com.ar\/noticias-villa-maria\/wp-content\/uploads\/2020\/08\/WhatsApp-Image-2020-08-23-at-9.10.11-PM.jpeg?fit=1280%2C960&ssl=1\",\"datePublished\":\"2020-08-24T01:41:44+00:00\",\"dateModified\":\"2020-08-24T23:31:43+00:00\",\"author\":{\"@id\":\"http:\/\/elregionalvm.com.ar\/noticias-villa-maria\/#\/schema\/person\/a0fb9c422317faca23d50163151bc354\"},\"description\":\"Un total de 105 bomberos voluntarios de Villa Mar\u00eda y distintas localidades de la regi\u00f3n trabajaron para combatir un voraz incendio en la zona de C\u00e1rcano.\",\"breadcrumb\":{\"@id\":\"http:\/\/elregionalvm.com.ar\/noticias-villa-maria\/mas-de-100-bomberos-sofocaron-un-incendio-que-afecto-660-hectareas\/#breadcrumb\"},\"inLanguage\":\"es\",\"potentialAction\":[{\"@type\":\"ReadAction\",\"target\":[\"http:\/\/elregionalvm.com.ar\/noticias-villa-maria\/mas-de-100-bomberos-sofocaron-un-incendio-que-afecto-660-hectareas\/\"]}]},{\"@type\":\"ImageObject\",\"inLanguage\":\"es\",\"@id\":\"http:\/\/elregionalvm.com.ar\/noticias-villa-maria\/mas-de-100-bomberos-sofocaron-un-incendio-que-afecto-660-hectareas\/#primaryimage\",\"url\":\"https:\/\/i0.wp.com\/elregionalvm.com.ar\/noticias-villa-maria\/wp-content\/uploads\/2020\/08\/WhatsApp-Image-2020-08-23-at-9.10.11-PM.jpeg?fit=1280%2C960&ssl=1\",\"contentUrl\":\"https:\/\/i0.wp.com\/elregionalvm.com.ar\/noticias-villa-maria\/wp-content\/uploads\/2020\/08\/WhatsApp-Image-2020-08-23-at-9.10.11-PM.jpeg?fit=1280%2C960&ssl=1\",\"width\":1280,\"height\":960},{\"@type\":\"BreadcrumbList\",\"@id\":\"http:\/\/elregionalvm.com.ar\/noticias-villa-maria\/mas-de-100-bomberos-sofocaron-un-incendio-que-afecto-660-hectareas\/#breadcrumb\",\"itemListElement\":[{\"@type\":\"ListItem\",\"position\":1,\"name\":\"Portada\",\"item\":\"https:\/\/elregionalvm.com.ar\/noticias-villa-maria\/\"},{\"@type\":\"ListItem\",\"position\":2,\"name\":\"M\u00e1s de 100 bomberos sofocaron un incendio que afect\u00f3 660 hect\u00e1reas\"}]},{\"@type\":\"WebSite\",\"@id\":\"http:\/\/elregionalvm.com.ar\/noticias-villa-maria\/#website\",\"url\":\"http:\/\/elregionalvm.com.ar\/noticias-villa-maria\/\",\"name\":\"El Regional\",\"description\":\"Mucho m\u00e1s que informaci\u00f3n\",\"potentialAction\":[{\"@type\":\"SearchAction\",\"target\":{\"@type\":\"EntryPoint\",\"urlTemplate\":\"http:\/\/elregionalvm.com.ar\/noticias-villa-maria\/?s={search_term_string}\"},\"query-input\":{\"@type\":\"PropertyValueSpecification\",\"valueRequired\":true,\"valueName\":\"search_term_string\"}}],\"inLanguage\":\"es\"},{\"@type\":\"Person\",\"@id\":\"http:\/\/elregionalvm.com.ar\/noticias-villa-maria\/#\/schema\/person\/a0fb9c422317faca23d50163151bc354\",\"name\":\"Contenidos El Regional\",\"image\":{\"@type\":\"ImageObject\",\"inLanguage\":\"es\",\"@id\":\"http:\/\/elregionalvm.com.ar\/noticias-villa-maria\/#\/schema\/person\/image\/\",\"url\":\"https:\/\/secure.gravatar.com\/avatar\/265b27cb2209af7bb3a1318f03305787d7981a5cc6e6cd08fe5a4ecdf99d4b48?s=96&d=mm&r=g\",\"contentUrl\":\"https:\/\/secure.gravatar.com\/avatar\/265b27cb2209af7bb3a1318f03305787d7981a5cc6e6cd08fe5a4ecdf99d4b48?s=96&d=mm&r=g\",\"caption\":\"Contenidos El Regional\"},\"url\":\"https:\/\/elregionalvm.com.ar\/noticias-villa-maria\/author\/contenido\/\"}]}<\/script>\n<!-- \/ Yoast SEO plugin. -->","yoast_head_json":{"title":"M\u00e1s de 100 bomberos sofocaron un incendio que afect\u00f3 660 hect\u00e1reas - El Regional","description":"Un total de 105 bomberos voluntarios de Villa Mar\u00eda y distintas localidades de la regi\u00f3n trabajaron para combatir un voraz incendio en la zona de C\u00e1rcano.","robots":{"index":"index","follow":"follow","max-snippet":"max-snippet:-1","max-image-preview":"max-image-preview:large","max-video-preview":"max-video-preview:-1"},"canonical":"http:\/\/elregionalvm.com.ar\/noticias-villa-maria\/mas-de-100-bomberos-sofocaron-un-incendio-que-afecto-660-hectareas\/","og_locale":"es_ES","og_type":"article","og_title":"M\u00e1s de 100 bomberos sofocaron un incendio que afect\u00f3 660 hect\u00e1reas - El Regional","og_description":"Un total de 105 bomberos voluntarios de Villa Mar\u00eda y distintas localidades de la regi\u00f3n trabajaron para combatir un voraz incendio en la zona de C\u00e1rcano.","og_url":"http:\/\/elregionalvm.com.ar\/noticias-villa-maria\/mas-de-100-bomberos-sofocaron-un-incendio-que-afecto-660-hectareas\/","og_site_name":"El Regional","article_publisher":"https:\/\/www.facebook.com\/elregionalvm","article_published_time":"2020-08-24T01:41:44+00:00","article_modified_time":"2020-08-24T23:31:43+00:00","og_image":[{"width":1280,"height":960,"url":"http:\/\/elregionalvm.com.ar\/noticias-villa-maria\/wp-content\/uploads\/2020\/08\/WhatsApp-Image-2020-08-23-at-9.10.11-PM.jpeg","type":"image\/jpeg"}],"author":"Contenidos El Regional","twitter_card":"summary_large_image","twitter_creator":"@elregionalvm1","twitter_site":"@elregionalvm1","twitter_misc":{"Escrito por":"Contenidos El Regional","Tiempo de lectura":"2 minutos"},"schema":{"@context":"https:\/\/schema.org","@graph":[{"@type":"Article","@id":"http:\/\/elregionalvm.com.ar\/noticias-villa-maria\/mas-de-100-bomberos-sofocaron-un-incendio-que-afecto-660-hectareas\/#article","isPartOf":{"@id":"http:\/\/elregionalvm.com.ar\/noticias-villa-maria\/mas-de-100-bomberos-sofocaron-un-incendio-que-afecto-660-hectareas\/"},"author":{"name":"Contenidos El Regional","@id":"http:\/\/elregionalvm.com.ar\/noticias-villa-maria\/#\/schema\/person\/a0fb9c422317faca23d50163151bc354"},"headline":"M\u00e1s de 100 bomberos sofocaron un incendio que afect\u00f3 660 hect\u00e1reas","datePublished":"2020-08-24T01:41:44+00:00","dateModified":"2020-08-24T23:31:43+00:00","mainEntityOfPage":{"@id":"http:\/\/elregionalvm.com.ar\/noticias-villa-maria\/mas-de-100-bomberos-sofocaron-un-incendio-que-afecto-660-hectareas\/"},"wordCount":482,"commentCount":0,"image":{"@id":"http:\/\/elregionalvm.com.ar\/noticias-villa-maria\/mas-de-100-bomberos-sofocaron-un-incendio-que-afecto-660-hectareas\/#primaryimage"},"thumbnailUrl":"https:\/\/i0.wp.com\/elregionalvm.com.ar\/noticias-villa-maria\/wp-content\/uploads\/2020\/08\/WhatsApp-Image-2020-08-23-at-9.10.11-PM.jpeg?fit=1280%2C960&ssl=1","articleSection":["Videos","Villa Mar\u00eda"],"inLanguage":"es","potentialAction":[{"@type":"CommentAction","name":"Comment","target":["http:\/\/elregionalvm.com.ar\/noticias-villa-maria\/mas-de-100-bomberos-sofocaron-un-incendio-que-afecto-660-hectareas\/#respond"]}]},{"@type":"WebPage","@id":"http:\/\/elregionalvm.com.ar\/noticias-villa-maria\/mas-de-100-bomberos-sofocaron-un-incendio-que-afecto-660-hectareas\/","url":"http:\/\/elregionalvm.com.ar\/noticias-villa-maria\/mas-de-100-bomberos-sofocaron-un-incendio-que-afecto-660-hectareas\/","name":"M\u00e1s de 100 bomberos sofocaron un incendio que afect\u00f3 660 hect\u00e1reas - El Regional","isPartOf":{"@id":"http:\/\/elregionalvm.com.ar\/noticias-villa-maria\/#website"},"primaryImageOfPage":{"@id":"http:\/\/elregionalvm.com.ar\/noticias-villa-maria\/mas-de-100-bomberos-sofocaron-un-incendio-que-afecto-660-hectareas\/#primaryimage"},"image":{"@id":"http:\/\/elregionalvm.com.ar\/noticias-villa-maria\/mas-de-100-bomberos-sofocaron-un-incendio-que-afecto-660-hectareas\/#primaryimage"},"thumbnailUrl":"https:\/\/i0.wp.com\/elregionalvm.com.ar\/noticias-villa-maria\/wp-content\/uploads\/2020\/08\/WhatsApp-Image-2020-08-23-at-9.10.11-PM.jpeg?fit=1280%2C960&ssl=1","datePublished":"2020-08-24T01:41:44+00:00","dateModified":"2020-08-24T23:31:43+00:00","author":{"@id":"http:\/\/elregionalvm.com.ar\/noticias-villa-maria\/#\/schema\/person\/a0fb9c422317faca23d50163151bc354"},"description":"Un total de 105 bomberos voluntarios de Villa Mar\u00eda y distintas localidades de la regi\u00f3n trabajaron para combatir un voraz incendio en la zona de C\u00e1rcano.","breadcrumb":{"@id":"http:\/\/elregionalvm.com.ar\/noticias-villa-maria\/mas-de-100-bomberos-sofocaron-un-incendio-que-afecto-660-hectareas\/#breadcrumb"},"inLanguage":"es","potentialAction":[{"@type":"ReadAction","target":["http:\/\/elregionalvm.com.ar\/noticias-villa-maria\/mas-de-100-bomberos-sofocaron-un-incendio-que-afecto-660-hectareas\/"]}]},{"@type":"ImageObject","inLanguage":"es","@id":"http:\/\/elregionalvm.com.ar\/noticias-villa-maria\/mas-de-100-bomberos-sofocaron-un-incendio-que-afecto-660-hectareas\/#primaryimage","url":"https:\/\/i0.wp.com\/elregionalvm.com.ar\/noticias-villa-maria\/wp-content\/uploads\/2020\/08\/WhatsApp-Image-2020-08-23-at-9.10.11-PM.jpeg?fit=1280%2C960&ssl=1","contentUrl":"https:\/\/i0.wp.com\/elregionalvm.com.ar\/noticias-villa-maria\/wp-content\/uploads\/2020\/08\/WhatsApp-Image-2020-08-23-at-9.10.11-PM.jpeg?fit=1280%2C960&ssl=1","width":1280,"height":960},{"@type":"BreadcrumbList","@id":"http:\/\/elregionalvm.com.ar\/noticias-villa-maria\/mas-de-100-bomberos-sofocaron-un-incendio-que-afecto-660-hectareas\/#breadcrumb","itemListElement":[{"@type":"ListItem","position":1,"name":"Portada","item":"https:\/\/elregionalvm.com.ar\/noticias-villa-maria\/"},{"@type":"ListItem","position":2,"name":"M\u00e1s de 100 bomberos sofocaron un incendio que afect\u00f3 660 hect\u00e1reas"}]},{"@type":"WebSite","@id":"http:\/\/elregionalvm.com.ar\/noticias-villa-maria\/#website","url":"http:\/\/elregionalvm.com.ar\/noticias-villa-maria\/","name":"El Regional","description":"Mucho m\u00e1s que informaci\u00f3n","potentialAction":[{"@type":"SearchAction","target":{"@type":"EntryPoint","urlTemplate":"http:\/\/elregionalvm.com.ar\/noticias-villa-maria\/?s={search_term_string}"},"query-input":{"@type":"PropertyValueSpecification","valueRequired":true,"valueName":"search_term_string"}}],"inLanguage":"es"},{"@type":"Person","@id":"http:\/\/elregionalvm.com.ar\/noticias-villa-maria\/#\/schema\/person\/a0fb9c422317faca23d50163151bc354","name":"Contenidos El Regional","image":{"@type":"ImageObject","inLanguage":"es","@id":"http:\/\/elregionalvm.com.ar\/noticias-villa-maria\/#\/schema\/person\/image\/","url":"https:\/\/secure.gravatar.com\/avatar\/265b27cb2209af7bb3a1318f03305787d7981a5cc6e6cd08fe5a4ecdf99d4b48?s=96&d=mm&r=g","contentUrl":"https:\/\/secure.gravatar.com\/avatar\/265b27cb2209af7bb3a1318f03305787d7981a5cc6e6cd08fe5a4ecdf99d4b48?s=96&d=mm&r=g","caption":"Contenidos El Regional"},"url":"https:\/\/elregionalvm.com.ar\/noticias-villa-maria\/author\/contenido\/"}]}},"jetpack_featured_media_url":"https:\/\/i0.wp.com\/elregionalvm.com.ar\/noticias-villa-maria\/wp-content\/uploads\/2020\/08\/WhatsApp-Image-2020-08-23-at-9.10.11-PM.jpeg?fit=1280%2C960&ssl=1","jetpack_sharing_enabled":true,"_links":{"self":[{"href":"https:\/\/elregionalvm.com.ar\/noticias-villa-maria\/wp-json\/wp\/v2\/posts\/22512","targetHints":{"allow":["GET"]}}],"collection":[{"href":"https:\/\/elregionalvm.com.ar\/noticias-villa-maria\/wp-json\/wp\/v2\/posts"}],"about":[{"href":"https:\/\/elregionalvm.com.ar\/noticias-villa-maria\/wp-json\/wp\/v2\/types\/post"}],"author":[{"embeddable":true,"href":"https:\/\/elregionalvm.com.ar\/noticias-villa-maria\/wp-json\/wp\/v2\/users\/4"}],"replies":[{"embeddable":true,"href":"https:\/\/elregionalvm.com.ar\/noticias-villa-maria\/wp-json\/wp\/v2\/comments?post=22512"}],"version-history":[{"count":2,"href":"https:\/\/elregionalvm.com.ar\/noticias-villa-maria\/wp-json\/wp\/v2\/posts\/22512\/revisions"}],"predecessor-version":[{"id":22519,"href":"https:\/\/elregionalvm.com.ar\/noticias-villa-maria\/wp-json\/wp\/v2\/posts\/22512\/revisions\/22519"}],"wp:featuredmedia":[{"embeddable":true,"href":"https:\/\/elregionalvm.com.ar\/noticias-villa-maria\/wp-json\/wp\/v2\/media\/22513"}],"wp:attachment":[{"href":"https:\/\/elregionalvm.com.ar\/noticias-villa-maria\/wp-json\/wp\/v2\/media?parent=22512"}],"wp:term":[{"taxonomy":"category","embeddable":true,"href":"https:\/\/elregionalvm.com.ar\/noticias-villa-maria\/wp-json\/wp\/v2\/categories?post=22512"},{"taxonomy":"post_tag","embeddable":true,"href":"https:\/\/elregionalvm.com.ar\/noticias-villa-maria\/wp-json\/wp\/v2\/tags?post=22512"}],"curies":[{"name":"wp","href":"https:\/\/api.w.org\/{rel}","templated":true}]}}