{"id":22520,"date":"2020-08-24T02:17:01","date_gmt":"2020-08-24T02:17:01","guid":{"rendered":"https:\/\/elregionalvm.com.ar\/noticias-villa-maria\/?p=22520"},"modified":"2020-08-24T02:17:02","modified_gmt":"2020-08-24T02:17:02","slug":"estacionamiento-la-oposicion-quiere-que-se-trate-la-suspension-del-cobro","status":"publish","type":"post","link":"https:\/\/elregionalvm.com.ar\/noticias-villa-maria\/estacionamiento-la-oposicion-quiere-que-se-trate-la-suspension-del-cobro\/","title":{"rendered":"Estacionamiento: la oposici\u00f3n quiere que se trate la suspensi\u00f3n del cobro"},"content":{"rendered":"\n<p>El Bloque Vamos Villa Mar\u00eda solicitar\u00e1 que esta semana se trate en el Concejo Deliberante la suspensi\u00f3n del cobro del estacionamiento medido, el cual hab\u00eda sido planteado en un proyecto de ordenanza en junio pasado.<\/p>\n\n\n\n<p>En la nota enviada a la presidente de la Comisi\u00f3n de Acuerdo, el bloque manifiesta: \u201cUrge el tratamiento de este tema, toda vez que el Municipio, como pudo verse estos d\u00edas en notificaciones agregadas a cada veh\u00edculo estacionado en la ciudad, ha vuelto a la carga con el cobro del mismo y su control, \u2018advirtiendo\u2019 a nuestros vecinos sobre su vigencia\u201d.&nbsp;<\/p>\n\n\n\n<p>\u201cAnte esta posici\u00f3n asumida por el DEM que parece desconocer la realidad social y econ\u00f3mica por la que atraviesa nuestra ciudad, y el pa\u00eds en general, insiste una vez m\u00e1s en seguir cargando de costos a nuestros vecinos con un servicio ineficiente y en consecuencia inexistente, que tiene solo un fin recaudatorio, y que hasta la fecha el Gobierno Municipal no ha podido ni ha querido abordar\u201d, agreg\u00f3 la notificaci\u00f3n.<\/p>\n\n\n\n<p><strong>Pedido de informe<\/strong><\/p>\n\n\n\n<p>En tanto, en la ma\u00f1ana de este lunes 24 de agosto, la presidenta del bloque, Karina Bruno, presentar\u00e1 un pedido de informe al jefe de Gabinete H\u00e9ctor Mu\u00f1oz sobre todo lo atinente al estacionamiento medido y el ordenamiento del tr\u00e1nsito de la ciudad, \u201cuno de los aspectos mas deficitarios de la gesti\u00f3n, y que viene sin soluci\u00f3n desde hace a\u00f1os\u201d.<\/p>\n\n\n\n<p>\u201cDesde el vencimiento de la concesi\u00f3n del estacionamiento medido, el municipio no dispuso cu\u00e1l iba a ser la nueva forma en que el mismo se iba a llevar adelante, como tampoco implement\u00f3 cambio alguno en su prestaci\u00f3n. En definitiva, no hizo nada ni para renovar, modificar, modernizar y hacer mas eficiente el estacionamiento medido, ni mucho menos en materia de tr\u00e1nsito en general\u201d, sostuvo el comunicado enviado a los medios.<\/p>\n\n\n\n<p><\/p>\n\n\n\n<p>Foto: Puntal Villa Mar\u00eda<\/p>\n","protected":false},"excerpt":{"rendered":"<p>El Bloque Vamos Villa Mar\u00eda solicitar\u00e1 que esta semana se trate en el Concejo Deliberante la suspensi\u00f3n del cobro del estacionamiento medido, el cual hab\u00eda sido planteado en un proyecto de ordenanza en junio pasado. En la nota enviada a la presidente de la Comisi\u00f3n de Acuerdo, el bloque manifiesta: \u201cUrge el tratamiento de este [&hellip;]<\/p>\n","protected":false},"author":4,"featured_media":22521,"comment_status":"open","ping_status":"open","sticky":false,"template":"","format":"standard","meta":{"site-sidebar-layout":"default","site-content-layout":"default","ast-site-content-layout":"default","site-content-style":"default","site-sidebar-style":"default","ast-global-header-display":"","ast-banner-title-visibility":"","ast-main-header-display":"","ast-hfb-above-header-display":"","ast-hfb-below-header-display":"","ast-hfb-mobile-header-display":"","site-post-title":"","ast-breadcrumbs-content":"","ast-featured-img":"","footer-sml-layout":"","ast-disable-related-posts":"","theme-transparent-header-meta":"default","adv-header-id-meta":"","stick-header-meta":"","header-above-stick-meta":"","header-main-stick-meta":"","header-below-stick-meta":"","astra-migrate-meta-layouts":"default","ast-page-background-enabled":"default","ast-page-background-meta":{"desktop":{"background-color":"","background-image":"","background-repeat":"repeat","background-position":"center center","background-size":"auto","background-attachment":"scroll","background-type":"","background-media":"","overlay-type":"","overlay-color":"","overlay-opacity":"","overlay-gradient":""},"tablet":{"background-color":"","background-image":"","background-repeat":"repeat","background-position":"center center","background-size":"auto","background-attachment":"scroll","background-type":"","background-media":"","overlay-type":"","overlay-color":"","overlay-opacity":"","overlay-gradient":""},"mobile":{"background-color":"","background-image":"","background-repeat":"repeat","background-position":"center center","background-size":"auto","background-attachment":"scroll","background-type":"","background-media":"","overlay-type":"","overlay-color":"","overlay-opacity":"","overlay-gradient":""}},"ast-content-background-meta":{"desktop":{"background-color":"var(--ast-global-color-5)","background-image":"","background-repeat":"repeat","background-position":"center center","background-size":"auto","background-attachment":"scroll","background-type":"","background-media":"","overlay-type":"","overlay-color":"","overlay-opacity":"","overlay-gradient":""},"tablet":{"background-color":"var(--ast-global-color-5)","background-image":"","background-repeat":"repeat","background-position":"center center","background-size":"auto","background-attachment":"scroll","background-type":"","background-media":"","overlay-type":"","overlay-color":"","overlay-opacity":"","overlay-gradient":""},"mobile":{"background-color":"var(--ast-global-color-5)","background-image":"","background-repeat":"repeat","background-position":"center center","background-size":"auto","background-attachment":"scroll","background-type":"","background-media":"","overlay-type":"","overlay-color":"","overlay-opacity":"","overlay-gradient":""}},"_jetpack_memberships_contains_paid_content":false,"_joinchat":[],"footnotes":""},"categories":[2089],"tags":[3252,3489,1597,1232,2219,3191,707,2779],"class_list":["post-22520","post","type-post","status-publish","format-standard","has-post-thumbnail","hentry","category-politica","tag-bloque-vamos-por-villa-maria","tag-cobro","tag-concejo-deliberante","tag-destacado","tag-estacionamiento-medido","tag-hector-munoz","tag-pedido-de-informes","tag-suspension"],"yoast_head":"<!-- This site is optimized with the Yoast SEO plugin v26.8 - https:\/\/yoast.com\/product\/yoast-seo-wordpress\/ -->\n<title>Estacionamiento: la oposici\u00f3n quiere que se trate la suspensi\u00f3n del cobro - El Regional<\/title>\n<meta name=\"description\" content=\"El Bloque Vamos Villa Mar\u00eda solicitar\u00e1 que esta semana se trate en el Concejo Deliberante la suspensi\u00f3n del cobro del estacionamiento medido.\" \/>\n<meta name=\"robots\" content=\"index, follow, max-snippet:-1, max-image-preview:large, max-video-preview:-1\" \/>\n<link rel=\"canonical\" href=\"http:\/\/elregionalvm.com.ar\/noticias-villa-maria\/estacionamiento-la-oposicion-quiere-que-se-trate-la-suspension-del-cobro\/\" \/>\n<meta property=\"og:locale\" content=\"es_ES\" \/>\n<meta property=\"og:type\" content=\"article\" \/>\n<meta property=\"og:title\" content=\"Estacionamiento: la oposici\u00f3n quiere que se trate la suspensi\u00f3n del cobro - El Regional\" \/>\n<meta property=\"og:description\" content=\"El Bloque Vamos Villa Mar\u00eda solicitar\u00e1 que esta semana se trate en el Concejo Deliberante la suspensi\u00f3n del cobro del estacionamiento medido.\" \/>\n<meta property=\"og:url\" content=\"http:\/\/elregionalvm.com.ar\/noticias-villa-maria\/estacionamiento-la-oposicion-quiere-que-se-trate-la-suspension-del-cobro\/\" \/>\n<meta property=\"og:site_name\" content=\"El Regional\" \/>\n<meta property=\"article:publisher\" content=\"https:\/\/www.facebook.com\/elregionalvm\" \/>\n<meta property=\"article:published_time\" content=\"2020-08-24T02:17:01+00:00\" \/>\n<meta property=\"article:modified_time\" content=\"2020-08-24T02:17:02+00:00\" \/>\n<meta property=\"og:image\" content=\"http:\/\/elregionalvm.com.ar\/noticias-villa-maria\/wp-content\/uploads\/2020\/08\/Estacionamiento-medido-tarjeta.jpg\" \/>\n\t<meta property=\"og:image:width\" content=\"1013\" \/>\n\t<meta property=\"og:image:height\" content=\"674\" \/>\n\t<meta property=\"og:image:type\" content=\"image\/jpeg\" \/>\n<meta name=\"author\" content=\"Contenidos El Regional\" \/>\n<meta name=\"twitter:card\" content=\"summary_large_image\" \/>\n<meta name=\"twitter:creator\" content=\"@elregionalvm1\" \/>\n<meta name=\"twitter:site\" content=\"@elregionalvm1\" \/>\n<meta name=\"twitter:label1\" content=\"Escrito por\" \/>\n\t<meta name=\"twitter:data1\" content=\"Contenidos El Regional\" \/>\n\t<meta name=\"twitter:label2\" content=\"Tiempo de lectura\" \/>\n\t<meta name=\"twitter:data2\" content=\"2 minutos\" \/>\n<script type=\"application\/ld+json\" class=\"yoast-schema-graph\">{\"@context\":\"https:\/\/schema.org\",\"@graph\":[{\"@type\":\"Article\",\"@id\":\"http:\/\/elregionalvm.com.ar\/noticias-villa-maria\/estacionamiento-la-oposicion-quiere-que-se-trate-la-suspension-del-cobro\/#article\",\"isPartOf\":{\"@id\":\"http:\/\/elregionalvm.com.ar\/noticias-villa-maria\/estacionamiento-la-oposicion-quiere-que-se-trate-la-suspension-del-cobro\/\"},\"author\":{\"name\":\"Contenidos El Regional\",\"@id\":\"http:\/\/elregionalvm.com.ar\/noticias-villa-maria\/#\/schema\/person\/a0fb9c422317faca23d50163151bc354\"},\"headline\":\"Estacionamiento: la oposici\u00f3n quiere que se trate la suspensi\u00f3n del cobro\",\"datePublished\":\"2020-08-24T02:17:01+00:00\",\"dateModified\":\"2020-08-24T02:17:02+00:00\",\"mainEntityOfPage\":{\"@id\":\"http:\/\/elregionalvm.com.ar\/noticias-villa-maria\/estacionamiento-la-oposicion-quiere-que-se-trate-la-suspension-del-cobro\/\"},\"wordCount\":339,\"commentCount\":0,\"image\":{\"@id\":\"http:\/\/elregionalvm.com.ar\/noticias-villa-maria\/estacionamiento-la-oposicion-quiere-que-se-trate-la-suspension-del-cobro\/#primaryimage\"},\"thumbnailUrl\":\"https:\/\/i0.wp.com\/elregionalvm.com.ar\/noticias-villa-maria\/wp-content\/uploads\/2020\/08\/Estacionamiento-medido-tarjeta.jpg?fit=1013%2C674&ssl=1\",\"keywords\":[\"Bloque Vamos por Villa Mar\u00eda\",\"Cobro\",\"Concejo Deliberante\",\"destacado\",\"Estacionamiento medido\",\"H\u00e9ctor Mu\u00f1oz\",\"Pedido de informes\",\"Suspensi\u00f3n\"],\"articleSection\":[\"Pol\u00edtica\"],\"inLanguage\":\"es\",\"potentialAction\":[{\"@type\":\"CommentAction\",\"name\":\"Comment\",\"target\":[\"http:\/\/elregionalvm.com.ar\/noticias-villa-maria\/estacionamiento-la-oposicion-quiere-que-se-trate-la-suspension-del-cobro\/#respond\"]}]},{\"@type\":\"WebPage\",\"@id\":\"http:\/\/elregionalvm.com.ar\/noticias-villa-maria\/estacionamiento-la-oposicion-quiere-que-se-trate-la-suspension-del-cobro\/\",\"url\":\"http:\/\/elregionalvm.com.ar\/noticias-villa-maria\/estacionamiento-la-oposicion-quiere-que-se-trate-la-suspension-del-cobro\/\",\"name\":\"Estacionamiento: la oposici\u00f3n quiere que se trate la suspensi\u00f3n del cobro - El Regional\",\"isPartOf\":{\"@id\":\"http:\/\/elregionalvm.com.ar\/noticias-villa-maria\/#website\"},\"primaryImageOfPage\":{\"@id\":\"http:\/\/elregionalvm.com.ar\/noticias-villa-maria\/estacionamiento-la-oposicion-quiere-que-se-trate-la-suspension-del-cobro\/#primaryimage\"},\"image\":{\"@id\":\"http:\/\/elregionalvm.com.ar\/noticias-villa-maria\/estacionamiento-la-oposicion-quiere-que-se-trate-la-suspension-del-cobro\/#primaryimage\"},\"thumbnailUrl\":\"https:\/\/i0.wp.com\/elregionalvm.com.ar\/noticias-villa-maria\/wp-content\/uploads\/2020\/08\/Estacionamiento-medido-tarjeta.jpg?fit=1013%2C674&ssl=1\",\"datePublished\":\"2020-08-24T02:17:01+00:00\",\"dateModified\":\"2020-08-24T02:17:02+00:00\",\"author\":{\"@id\":\"http:\/\/elregionalvm.com.ar\/noticias-villa-maria\/#\/schema\/person\/a0fb9c422317faca23d50163151bc354\"},\"description\":\"El Bloque Vamos Villa Mar\u00eda solicitar\u00e1 que esta semana se trate en el Concejo Deliberante la suspensi\u00f3n del cobro del estacionamiento medido.\",\"breadcrumb\":{\"@id\":\"http:\/\/elregionalvm.com.ar\/noticias-villa-maria\/estacionamiento-la-oposicion-quiere-que-se-trate-la-suspension-del-cobro\/#breadcrumb\"},\"inLanguage\":\"es\",\"potentialAction\":[{\"@type\":\"ReadAction\",\"target\":[\"http:\/\/elregionalvm.com.ar\/noticias-villa-maria\/estacionamiento-la-oposicion-quiere-que-se-trate-la-suspension-del-cobro\/\"]}]},{\"@type\":\"ImageObject\",\"inLanguage\":\"es\",\"@id\":\"http:\/\/elregionalvm.com.ar\/noticias-villa-maria\/estacionamiento-la-oposicion-quiere-que-se-trate-la-suspension-del-cobro\/#primaryimage\",\"url\":\"https:\/\/i0.wp.com\/elregionalvm.com.ar\/noticias-villa-maria\/wp-content\/uploads\/2020\/08\/Estacionamiento-medido-tarjeta.jpg?fit=1013%2C674&ssl=1\",\"contentUrl\":\"https:\/\/i0.wp.com\/elregionalvm.com.ar\/noticias-villa-maria\/wp-content\/uploads\/2020\/08\/Estacionamiento-medido-tarjeta.jpg?fit=1013%2C674&ssl=1\",\"width\":1013,\"height\":674},{\"@type\":\"BreadcrumbList\",\"@id\":\"http:\/\/elregionalvm.com.ar\/noticias-villa-maria\/estacionamiento-la-oposicion-quiere-que-se-trate-la-suspension-del-cobro\/#breadcrumb\",\"itemListElement\":[{\"@type\":\"ListItem\",\"position\":1,\"name\":\"Portada\",\"item\":\"https:\/\/elregionalvm.com.ar\/noticias-villa-maria\/\"},{\"@type\":\"ListItem\",\"position\":2,\"name\":\"Estacionamiento: la oposici\u00f3n quiere que se trate la suspensi\u00f3n del cobro\"}]},{\"@type\":\"WebSite\",\"@id\":\"http:\/\/elregionalvm.com.ar\/noticias-villa-maria\/#website\",\"url\":\"http:\/\/elregionalvm.com.ar\/noticias-villa-maria\/\",\"name\":\"El Regional\",\"description\":\"Mucho m\u00e1s que informaci\u00f3n\",\"potentialAction\":[{\"@type\":\"SearchAction\",\"target\":{\"@type\":\"EntryPoint\",\"urlTemplate\":\"http:\/\/elregionalvm.com.ar\/noticias-villa-maria\/?s={search_term_string}\"},\"query-input\":{\"@type\":\"PropertyValueSpecification\",\"valueRequired\":true,\"valueName\":\"search_term_string\"}}],\"inLanguage\":\"es\"},{\"@type\":\"Person\",\"@id\":\"http:\/\/elregionalvm.com.ar\/noticias-villa-maria\/#\/schema\/person\/a0fb9c422317faca23d50163151bc354\",\"name\":\"Contenidos El Regional\",\"image\":{\"@type\":\"ImageObject\",\"inLanguage\":\"es\",\"@id\":\"http:\/\/elregionalvm.com.ar\/noticias-villa-maria\/#\/schema\/person\/image\/\",\"url\":\"https:\/\/secure.gravatar.com\/avatar\/265b27cb2209af7bb3a1318f03305787d7981a5cc6e6cd08fe5a4ecdf99d4b48?s=96&d=mm&r=g\",\"contentUrl\":\"https:\/\/secure.gravatar.com\/avatar\/265b27cb2209af7bb3a1318f03305787d7981a5cc6e6cd08fe5a4ecdf99d4b48?s=96&d=mm&r=g\",\"caption\":\"Contenidos El Regional\"},\"url\":\"https:\/\/elregionalvm.com.ar\/noticias-villa-maria\/author\/contenido\/\"}]}<\/script>\n<!-- \/ Yoast SEO plugin. -->","yoast_head_json":{"title":"Estacionamiento: la oposici\u00f3n quiere que se trate la suspensi\u00f3n del cobro - El Regional","description":"El Bloque Vamos Villa Mar\u00eda solicitar\u00e1 que esta semana se trate en el Concejo Deliberante la suspensi\u00f3n del cobro del estacionamiento medido.","robots":{"index":"index","follow":"follow","max-snippet":"max-snippet:-1","max-image-preview":"max-image-preview:large","max-video-preview":"max-video-preview:-1"},"canonical":"http:\/\/elregionalvm.com.ar\/noticias-villa-maria\/estacionamiento-la-oposicion-quiere-que-se-trate-la-suspension-del-cobro\/","og_locale":"es_ES","og_type":"article","og_title":"Estacionamiento: la oposici\u00f3n quiere que se trate la suspensi\u00f3n del cobro - El Regional","og_description":"El Bloque Vamos Villa Mar\u00eda solicitar\u00e1 que esta semana se trate en el Concejo Deliberante la suspensi\u00f3n del cobro del estacionamiento medido.","og_url":"http:\/\/elregionalvm.com.ar\/noticias-villa-maria\/estacionamiento-la-oposicion-quiere-que-se-trate-la-suspension-del-cobro\/","og_site_name":"El Regional","article_publisher":"https:\/\/www.facebook.com\/elregionalvm","article_published_time":"2020-08-24T02:17:01+00:00","article_modified_time":"2020-08-24T02:17:02+00:00","og_image":[{"width":1013,"height":674,"url":"http:\/\/elregionalvm.com.ar\/noticias-villa-maria\/wp-content\/uploads\/2020\/08\/Estacionamiento-medido-tarjeta.jpg","type":"image\/jpeg"}],"author":"Contenidos El Regional","twitter_card":"summary_large_image","twitter_creator":"@elregionalvm1","twitter_site":"@elregionalvm1","twitter_misc":{"Escrito por":"Contenidos El Regional","Tiempo de lectura":"2 minutos"},"schema":{"@context":"https:\/\/schema.org","@graph":[{"@type":"Article","@id":"http:\/\/elregionalvm.com.ar\/noticias-villa-maria\/estacionamiento-la-oposicion-quiere-que-se-trate-la-suspension-del-cobro\/#article","isPartOf":{"@id":"http:\/\/elregionalvm.com.ar\/noticias-villa-maria\/estacionamiento-la-oposicion-quiere-que-se-trate-la-suspension-del-cobro\/"},"author":{"name":"Contenidos El Regional","@id":"http:\/\/elregionalvm.com.ar\/noticias-villa-maria\/#\/schema\/person\/a0fb9c422317faca23d50163151bc354"},"headline":"Estacionamiento: la oposici\u00f3n quiere que se trate la suspensi\u00f3n del cobro","datePublished":"2020-08-24T02:17:01+00:00","dateModified":"2020-08-24T02:17:02+00:00","mainEntityOfPage":{"@id":"http:\/\/elregionalvm.com.ar\/noticias-villa-maria\/estacionamiento-la-oposicion-quiere-que-se-trate-la-suspension-del-cobro\/"},"wordCount":339,"commentCount":0,"image":{"@id":"http:\/\/elregionalvm.com.ar\/noticias-villa-maria\/estacionamiento-la-oposicion-quiere-que-se-trate-la-suspension-del-cobro\/#primaryimage"},"thumbnailUrl":"https:\/\/i0.wp.com\/elregionalvm.com.ar\/noticias-villa-maria\/wp-content\/uploads\/2020\/08\/Estacionamiento-medido-tarjeta.jpg?fit=1013%2C674&ssl=1","keywords":["Bloque Vamos por Villa Mar\u00eda","Cobro","Concejo Deliberante","destacado","Estacionamiento medido","H\u00e9ctor Mu\u00f1oz","Pedido de informes","Suspensi\u00f3n"],"articleSection":["Pol\u00edtica"],"inLanguage":"es","potentialAction":[{"@type":"CommentAction","name":"Comment","target":["http:\/\/elregionalvm.com.ar\/noticias-villa-maria\/estacionamiento-la-oposicion-quiere-que-se-trate-la-suspension-del-cobro\/#respond"]}]},{"@type":"WebPage","@id":"http:\/\/elregionalvm.com.ar\/noticias-villa-maria\/estacionamiento-la-oposicion-quiere-que-se-trate-la-suspension-del-cobro\/","url":"http:\/\/elregionalvm.com.ar\/noticias-villa-maria\/estacionamiento-la-oposicion-quiere-que-se-trate-la-suspension-del-cobro\/","name":"Estacionamiento: la oposici\u00f3n quiere que se trate la suspensi\u00f3n del cobro - El Regional","isPartOf":{"@id":"http:\/\/elregionalvm.com.ar\/noticias-villa-maria\/#website"},"primaryImageOfPage":{"@id":"http:\/\/elregionalvm.com.ar\/noticias-villa-maria\/estacionamiento-la-oposicion-quiere-que-se-trate-la-suspension-del-cobro\/#primaryimage"},"image":{"@id":"http:\/\/elregionalvm.com.ar\/noticias-villa-maria\/estacionamiento-la-oposicion-quiere-que-se-trate-la-suspension-del-cobro\/#primaryimage"},"thumbnailUrl":"https:\/\/i0.wp.com\/elregionalvm.com.ar\/noticias-villa-maria\/wp-content\/uploads\/2020\/08\/Estacionamiento-medido-tarjeta.jpg?fit=1013%2C674&ssl=1","datePublished":"2020-08-24T02:17:01+00:00","dateModified":"2020-08-24T02:17:02+00:00","author":{"@id":"http:\/\/elregionalvm.com.ar\/noticias-villa-maria\/#\/schema\/person\/a0fb9c422317faca23d50163151bc354"},"description":"El Bloque Vamos Villa Mar\u00eda solicitar\u00e1 que esta semana se trate en el Concejo Deliberante la suspensi\u00f3n del cobro del estacionamiento medido.","breadcrumb":{"@id":"http:\/\/elregionalvm.com.ar\/noticias-villa-maria\/estacionamiento-la-oposicion-quiere-que-se-trate-la-suspension-del-cobro\/#breadcrumb"},"inLanguage":"es","potentialAction":[{"@type":"ReadAction","target":["http:\/\/elregionalvm.com.ar\/noticias-villa-maria\/estacionamiento-la-oposicion-quiere-que-se-trate-la-suspension-del-cobro\/"]}]},{"@type":"ImageObject","inLanguage":"es","@id":"http:\/\/elregionalvm.com.ar\/noticias-villa-maria\/estacionamiento-la-oposicion-quiere-que-se-trate-la-suspension-del-cobro\/#primaryimage","url":"https:\/\/i0.wp.com\/elregionalvm.com.ar\/noticias-villa-maria\/wp-content\/uploads\/2020\/08\/Estacionamiento-medido-tarjeta.jpg?fit=1013%2C674&ssl=1","contentUrl":"https:\/\/i0.wp.com\/elregionalvm.com.ar\/noticias-villa-maria\/wp-content\/uploads\/2020\/08\/Estacionamiento-medido-tarjeta.jpg?fit=1013%2C674&ssl=1","width":1013,"height":674},{"@type":"BreadcrumbList","@id":"http:\/\/elregionalvm.com.ar\/noticias-villa-maria\/estacionamiento-la-oposicion-quiere-que-se-trate-la-suspension-del-cobro\/#breadcrumb","itemListElement":[{"@type":"ListItem","position":1,"name":"Portada","item":"https:\/\/elregionalvm.com.ar\/noticias-villa-maria\/"},{"@type":"ListItem","position":2,"name":"Estacionamiento: la oposici\u00f3n quiere que se trate la suspensi\u00f3n del cobro"}]},{"@type":"WebSite","@id":"http:\/\/elregionalvm.com.ar\/noticias-villa-maria\/#website","url":"http:\/\/elregionalvm.com.ar\/noticias-villa-maria\/","name":"El Regional","description":"Mucho m\u00e1s que informaci\u00f3n","potentialAction":[{"@type":"SearchAction","target":{"@type":"EntryPoint","urlTemplate":"http:\/\/elregionalvm.com.ar\/noticias-villa-maria\/?s={search_term_string}"},"query-input":{"@type":"PropertyValueSpecification","valueRequired":true,"valueName":"search_term_string"}}],"inLanguage":"es"},{"@type":"Person","@id":"http:\/\/elregionalvm.com.ar\/noticias-villa-maria\/#\/schema\/person\/a0fb9c422317faca23d50163151bc354","name":"Contenidos El Regional","image":{"@type":"ImageObject","inLanguage":"es","@id":"http:\/\/elregionalvm.com.ar\/noticias-villa-maria\/#\/schema\/person\/image\/","url":"https:\/\/secure.gravatar.com\/avatar\/265b27cb2209af7bb3a1318f03305787d7981a5cc6e6cd08fe5a4ecdf99d4b48?s=96&d=mm&r=g","contentUrl":"https:\/\/secure.gravatar.com\/avatar\/265b27cb2209af7bb3a1318f03305787d7981a5cc6e6cd08fe5a4ecdf99d4b48?s=96&d=mm&r=g","caption":"Contenidos El Regional"},"url":"https:\/\/elregionalvm.com.ar\/noticias-villa-maria\/author\/contenido\/"}]}},"jetpack_featured_media_url":"https:\/\/i0.wp.com\/elregionalvm.com.ar\/noticias-villa-maria\/wp-content\/uploads\/2020\/08\/Estacionamiento-medido-tarjeta.jpg?fit=1013%2C674&ssl=1","jetpack_sharing_enabled":true,"_links":{"self":[{"href":"https:\/\/elregionalvm.com.ar\/noticias-villa-maria\/wp-json\/wp\/v2\/posts\/22520","targetHints":{"allow":["GET"]}}],"collection":[{"href":"https:\/\/elregionalvm.com.ar\/noticias-villa-maria\/wp-json\/wp\/v2\/posts"}],"about":[{"href":"https:\/\/elregionalvm.com.ar\/noticias-villa-maria\/wp-json\/wp\/v2\/types\/post"}],"author":[{"embeddable":true,"href":"https:\/\/elregionalvm.com.ar\/noticias-villa-maria\/wp-json\/wp\/v2\/users\/4"}],"replies":[{"embeddable":true,"href":"https:\/\/elregionalvm.com.ar\/noticias-villa-maria\/wp-json\/wp\/v2\/comments?post=22520"}],"version-history":[{"count":1,"href":"https:\/\/elregionalvm.com.ar\/noticias-villa-maria\/wp-json\/wp\/v2\/posts\/22520\/revisions"}],"predecessor-version":[{"id":22522,"href":"https:\/\/elregionalvm.com.ar\/noticias-villa-maria\/wp-json\/wp\/v2\/posts\/22520\/revisions\/22522"}],"wp:featuredmedia":[{"embeddable":true,"href":"https:\/\/elregionalvm.com.ar\/noticias-villa-maria\/wp-json\/wp\/v2\/media\/22521"}],"wp:attachment":[{"href":"https:\/\/elregionalvm.com.ar\/noticias-villa-maria\/wp-json\/wp\/v2\/media?parent=22520"}],"wp:term":[{"taxonomy":"category","embeddable":true,"href":"https:\/\/elregionalvm.com.ar\/noticias-villa-maria\/wp-json\/wp\/v2\/categories?post=22520"},{"taxonomy":"post_tag","embeddable":true,"href":"https:\/\/elregionalvm.com.ar\/noticias-villa-maria\/wp-json\/wp\/v2\/tags?post=22520"}],"curies":[{"name":"wp","href":"https:\/\/api.w.org\/{rel}","templated":true}]}}