{"id":22524,"date":"2020-08-24T11:17:26","date_gmt":"2020-08-24T11:17:26","guid":{"rendered":"https:\/\/elregionalvm.com.ar\/noticias-villa-maria\/?p=22524"},"modified":"2020-08-24T11:17:26","modified_gmt":"2020-08-24T11:17:26","slug":"detuvieron-en-bell-ville-a-un-joven-de-16-anos-por-narcomenudeo","status":"publish","type":"post","link":"https:\/\/elregionalvm.com.ar\/noticias-villa-maria\/detuvieron-en-bell-ville-a-un-joven-de-16-anos-por-narcomenudeo\/","title":{"rendered":"Detuvieron en Bell Ville a un joven de 16 a\u00f1os por narcomenudeo"},"content":{"rendered":"\n<p>Luego de una investigaci\u00f3n por narcomenudeo en la regi\u00f3n sudeste de la provincia de C\u00f3rdoba, la Fuerza Policial Antinarcotr\u00e1fico secuestr\u00f3 coca\u00edna, marihuana y detuvo a un joven de 16 a\u00f1os de edad por comercializaci\u00f3n de estupefacientes.<\/p>\n\n\n\n<p>El operativo fue dirigido por el Ministerio Publico Fiscal y se desarroll\u00f3 en un inmueble ubicado en barrio La Estaci\u00f3n de la ciudad de Bell Ville.<\/p>\n\n\n\n<p>En el domicilio se detuvo a un sujeto menor de edad y se incautaron varias dosis de coca\u00edna y marihuana, dinero y elementos presuntamente relacionados al fraccionamiento y comercializaci\u00f3n de las sustancias ilegales.<\/p>\n\n\n\n<p>Cabe mencionar que el dispositivo de seguridad cont\u00f3 con la presencia de personal de Polic\u00eda de C\u00f3rdoba.<\/p>\n\n\n\n<p>Por \u00faltimo, autoridades de la Fiscal\u00eda de Lucha contra el Narcotr\u00e1fico de la circunscripci\u00f3n, dispusieron el trasladado del joven a sede judicial a disposici\u00f3n del Juzgado de Menores, por supuesta infracci\u00f3n a la Ley Nacional de Estupefacientes.<\/p>\n","protected":false},"excerpt":{"rendered":"<p>Luego de una investigaci\u00f3n por narcomenudeo en la regi\u00f3n sudeste de la provincia de C\u00f3rdoba, la Fuerza Policial Antinarcotr\u00e1fico secuestr\u00f3 coca\u00edna, marihuana y detuvo a un joven de 16 a\u00f1os de edad por comercializaci\u00f3n de estupefacientes. El operativo fue dirigido por el Ministerio Publico Fiscal y se desarroll\u00f3 en un inmueble ubicado en barrio La [&hellip;]<\/p>\n","protected":false},"author":4,"featured_media":22525,"comment_status":"open","ping_status":"open","sticky":false,"template":"","format":"standard","meta":{"site-sidebar-layout":"default","site-content-layout":"default","ast-site-content-layout":"default","site-content-style":"default","site-sidebar-style":"default","ast-global-header-display":"","ast-banner-title-visibility":"","ast-main-header-display":"","ast-hfb-above-header-display":"","ast-hfb-below-header-display":"","ast-hfb-mobile-header-display":"","site-post-title":"","ast-breadcrumbs-content":"","ast-featured-img":"","footer-sml-layout":"","ast-disable-related-posts":"","theme-transparent-header-meta":"default","adv-header-id-meta":"","stick-header-meta":"","header-above-stick-meta":"","header-main-stick-meta":"","header-below-stick-meta":"","astra-migrate-meta-layouts":"default","ast-page-background-enabled":"default","ast-page-background-meta":{"desktop":{"background-color":"","background-image":"","background-repeat":"repeat","background-position":"center center","background-size":"auto","background-attachment":"scroll","background-type":"","background-media":"","overlay-type":"","overlay-color":"","overlay-opacity":"","overlay-gradient":""},"tablet":{"background-color":"","background-image":"","background-repeat":"repeat","background-position":"center center","background-size":"auto","background-attachment":"scroll","background-type":"","background-media":"","overlay-type":"","overlay-color":"","overlay-opacity":"","overlay-gradient":""},"mobile":{"background-color":"","background-image":"","background-repeat":"repeat","background-position":"center center","background-size":"auto","background-attachment":"scroll","background-type":"","background-media":"","overlay-type":"","overlay-color":"","overlay-opacity":"","overlay-gradient":""}},"ast-content-background-meta":{"desktop":{"background-color":"var(--ast-global-color-5)","background-image":"","background-repeat":"repeat","background-position":"center center","background-size":"auto","background-attachment":"scroll","background-type":"","background-media":"","overlay-type":"","overlay-color":"","overlay-opacity":"","overlay-gradient":""},"tablet":{"background-color":"var(--ast-global-color-5)","background-image":"","background-repeat":"repeat","background-position":"center center","background-size":"auto","background-attachment":"scroll","background-type":"","background-media":"","overlay-type":"","overlay-color":"","overlay-opacity":"","overlay-gradient":""},"mobile":{"background-color":"var(--ast-global-color-5)","background-image":"","background-repeat":"repeat","background-position":"center center","background-size":"auto","background-attachment":"scroll","background-type":"","background-media":"","overlay-type":"","overlay-color":"","overlay-opacity":"","overlay-gradient":""}},"_jetpack_memberships_contains_paid_content":false,"_joinchat":[],"footnotes":""},"categories":[2234],"tags":[3490,1045,1331,2373,2536,2983,2283],"class_list":["post-22524","post","type-post","status-publish","format-standard","has-post-thumbnail","hentry","category-policiales","tag-16-anos","tag-bell-ville","tag-drogas","tag-fpa","tag-investigacion","tag-joven-detenido","tag-narcomenudeo"],"yoast_head":"<!-- This site is optimized with the Yoast SEO plugin v26.8 - https:\/\/yoast.com\/product\/yoast-seo-wordpress\/ -->\n<title>Detuvieron en Bell Ville a un joven de 16 a\u00f1os por narcomenudeo - El Regional<\/title>\n<meta name=\"robots\" content=\"index, follow, max-snippet:-1, max-image-preview:large, max-video-preview:-1\" \/>\n<link rel=\"canonical\" href=\"http:\/\/elregionalvm.com.ar\/noticias-villa-maria\/detuvieron-en-bell-ville-a-un-joven-de-16-anos-por-narcomenudeo\/\" \/>\n<meta property=\"og:locale\" content=\"es_ES\" \/>\n<meta property=\"og:type\" content=\"article\" \/>\n<meta property=\"og:title\" content=\"Detuvieron en Bell Ville a un joven de 16 a\u00f1os por narcomenudeo - El Regional\" \/>\n<meta property=\"og:description\" content=\"Luego de una investigaci\u00f3n por narcomenudeo en la regi\u00f3n sudeste de la provincia de C\u00f3rdoba, la Fuerza Policial Antinarcotr\u00e1fico secuestr\u00f3 coca\u00edna, marihuana y detuvo a un joven de 16 a\u00f1os de edad por comercializaci\u00f3n de estupefacientes. El operativo fue dirigido por el Ministerio Publico Fiscal y se desarroll\u00f3 en un inmueble ubicado en barrio La [&hellip;]\" \/>\n<meta property=\"og:url\" content=\"http:\/\/elregionalvm.com.ar\/noticias-villa-maria\/detuvieron-en-bell-ville-a-un-joven-de-16-anos-por-narcomenudeo\/\" \/>\n<meta property=\"og:site_name\" content=\"El Regional\" \/>\n<meta property=\"article:publisher\" content=\"https:\/\/www.facebook.com\/elregionalvm\" \/>\n<meta property=\"article:published_time\" content=\"2020-08-24T11:17:26+00:00\" \/>\n<meta property=\"og:image\" content=\"http:\/\/elregionalvm.com.ar\/noticias-villa-maria\/wp-content\/uploads\/2020\/08\/WhatsApp-Image-2020-08-24-at-05.55.12.jpeg\" \/>\n\t<meta property=\"og:image:width\" content=\"960\" \/>\n\t<meta property=\"og:image:height\" content=\"1280\" \/>\n\t<meta property=\"og:image:type\" content=\"image\/jpeg\" \/>\n<meta name=\"author\" content=\"Contenidos El Regional\" \/>\n<meta name=\"twitter:card\" content=\"summary_large_image\" \/>\n<meta name=\"twitter:creator\" content=\"@elregionalvm1\" \/>\n<meta name=\"twitter:site\" content=\"@elregionalvm1\" \/>\n<meta name=\"twitter:label1\" content=\"Escrito por\" \/>\n\t<meta name=\"twitter:data1\" content=\"Contenidos El Regional\" \/>\n\t<meta name=\"twitter:label2\" content=\"Tiempo de lectura\" \/>\n\t<meta name=\"twitter:data2\" content=\"1 minuto\" \/>\n<script type=\"application\/ld+json\" class=\"yoast-schema-graph\">{\"@context\":\"https:\/\/schema.org\",\"@graph\":[{\"@type\":\"Article\",\"@id\":\"http:\/\/elregionalvm.com.ar\/noticias-villa-maria\/detuvieron-en-bell-ville-a-un-joven-de-16-anos-por-narcomenudeo\/#article\",\"isPartOf\":{\"@id\":\"http:\/\/elregionalvm.com.ar\/noticias-villa-maria\/detuvieron-en-bell-ville-a-un-joven-de-16-anos-por-narcomenudeo\/\"},\"author\":{\"name\":\"Contenidos El Regional\",\"@id\":\"http:\/\/elregionalvm.com.ar\/noticias-villa-maria\/#\/schema\/person\/a0fb9c422317faca23d50163151bc354\"},\"headline\":\"Detuvieron en Bell Ville a un joven de 16 a\u00f1os por narcomenudeo\",\"datePublished\":\"2020-08-24T11:17:26+00:00\",\"mainEntityOfPage\":{\"@id\":\"http:\/\/elregionalvm.com.ar\/noticias-villa-maria\/detuvieron-en-bell-ville-a-un-joven-de-16-anos-por-narcomenudeo\/\"},\"wordCount\":177,\"commentCount\":0,\"image\":{\"@id\":\"http:\/\/elregionalvm.com.ar\/noticias-villa-maria\/detuvieron-en-bell-ville-a-un-joven-de-16-anos-por-narcomenudeo\/#primaryimage\"},\"thumbnailUrl\":\"https:\/\/i0.wp.com\/elregionalvm.com.ar\/noticias-villa-maria\/wp-content\/uploads\/2020\/08\/WhatsApp-Image-2020-08-24-at-05.55.12.jpeg?fit=960%2C1280&ssl=1\",\"keywords\":[\"16 a\u00f1os\",\"Bell Ville\",\"Drogas\",\"FPA\",\"Investigaci\u00f3n\",\"joven detenido\",\"narcomenudeo\"],\"articleSection\":[\"Policiales\"],\"inLanguage\":\"es\",\"potentialAction\":[{\"@type\":\"CommentAction\",\"name\":\"Comment\",\"target\":[\"http:\/\/elregionalvm.com.ar\/noticias-villa-maria\/detuvieron-en-bell-ville-a-un-joven-de-16-anos-por-narcomenudeo\/#respond\"]}]},{\"@type\":\"WebPage\",\"@id\":\"http:\/\/elregionalvm.com.ar\/noticias-villa-maria\/detuvieron-en-bell-ville-a-un-joven-de-16-anos-por-narcomenudeo\/\",\"url\":\"http:\/\/elregionalvm.com.ar\/noticias-villa-maria\/detuvieron-en-bell-ville-a-un-joven-de-16-anos-por-narcomenudeo\/\",\"name\":\"Detuvieron en Bell Ville a un joven de 16 a\u00f1os por narcomenudeo - El Regional\",\"isPartOf\":{\"@id\":\"http:\/\/elregionalvm.com.ar\/noticias-villa-maria\/#website\"},\"primaryImageOfPage\":{\"@id\":\"http:\/\/elregionalvm.com.ar\/noticias-villa-maria\/detuvieron-en-bell-ville-a-un-joven-de-16-anos-por-narcomenudeo\/#primaryimage\"},\"image\":{\"@id\":\"http:\/\/elregionalvm.com.ar\/noticias-villa-maria\/detuvieron-en-bell-ville-a-un-joven-de-16-anos-por-narcomenudeo\/#primaryimage\"},\"thumbnailUrl\":\"https:\/\/i0.wp.com\/elregionalvm.com.ar\/noticias-villa-maria\/wp-content\/uploads\/2020\/08\/WhatsApp-Image-2020-08-24-at-05.55.12.jpeg?fit=960%2C1280&ssl=1\",\"datePublished\":\"2020-08-24T11:17:26+00:00\",\"author\":{\"@id\":\"http:\/\/elregionalvm.com.ar\/noticias-villa-maria\/#\/schema\/person\/a0fb9c422317faca23d50163151bc354\"},\"breadcrumb\":{\"@id\":\"http:\/\/elregionalvm.com.ar\/noticias-villa-maria\/detuvieron-en-bell-ville-a-un-joven-de-16-anos-por-narcomenudeo\/#breadcrumb\"},\"inLanguage\":\"es\",\"potentialAction\":[{\"@type\":\"ReadAction\",\"target\":[\"http:\/\/elregionalvm.com.ar\/noticias-villa-maria\/detuvieron-en-bell-ville-a-un-joven-de-16-anos-por-narcomenudeo\/\"]}]},{\"@type\":\"ImageObject\",\"inLanguage\":\"es\",\"@id\":\"http:\/\/elregionalvm.com.ar\/noticias-villa-maria\/detuvieron-en-bell-ville-a-un-joven-de-16-anos-por-narcomenudeo\/#primaryimage\",\"url\":\"https:\/\/i0.wp.com\/elregionalvm.com.ar\/noticias-villa-maria\/wp-content\/uploads\/2020\/08\/WhatsApp-Image-2020-08-24-at-05.55.12.jpeg?fit=960%2C1280&ssl=1\",\"contentUrl\":\"https:\/\/i0.wp.com\/elregionalvm.com.ar\/noticias-villa-maria\/wp-content\/uploads\/2020\/08\/WhatsApp-Image-2020-08-24-at-05.55.12.jpeg?fit=960%2C1280&ssl=1\",\"width\":960,\"height\":1280},{\"@type\":\"BreadcrumbList\",\"@id\":\"http:\/\/elregionalvm.com.ar\/noticias-villa-maria\/detuvieron-en-bell-ville-a-un-joven-de-16-anos-por-narcomenudeo\/#breadcrumb\",\"itemListElement\":[{\"@type\":\"ListItem\",\"position\":1,\"name\":\"Portada\",\"item\":\"https:\/\/elregionalvm.com.ar\/noticias-villa-maria\/\"},{\"@type\":\"ListItem\",\"position\":2,\"name\":\"Detuvieron en Bell Ville a un joven de 16 a\u00f1os por narcomenudeo\"}]},{\"@type\":\"WebSite\",\"@id\":\"http:\/\/elregionalvm.com.ar\/noticias-villa-maria\/#website\",\"url\":\"http:\/\/elregionalvm.com.ar\/noticias-villa-maria\/\",\"name\":\"El Regional\",\"description\":\"Mucho m\u00e1s que informaci\u00f3n\",\"potentialAction\":[{\"@type\":\"SearchAction\",\"target\":{\"@type\":\"EntryPoint\",\"urlTemplate\":\"http:\/\/elregionalvm.com.ar\/noticias-villa-maria\/?s={search_term_string}\"},\"query-input\":{\"@type\":\"PropertyValueSpecification\",\"valueRequired\":true,\"valueName\":\"search_term_string\"}}],\"inLanguage\":\"es\"},{\"@type\":\"Person\",\"@id\":\"http:\/\/elregionalvm.com.ar\/noticias-villa-maria\/#\/schema\/person\/a0fb9c422317faca23d50163151bc354\",\"name\":\"Contenidos El Regional\",\"image\":{\"@type\":\"ImageObject\",\"inLanguage\":\"es\",\"@id\":\"http:\/\/elregionalvm.com.ar\/noticias-villa-maria\/#\/schema\/person\/image\/\",\"url\":\"https:\/\/secure.gravatar.com\/avatar\/265b27cb2209af7bb3a1318f03305787d7981a5cc6e6cd08fe5a4ecdf99d4b48?s=96&d=mm&r=g\",\"contentUrl\":\"https:\/\/secure.gravatar.com\/avatar\/265b27cb2209af7bb3a1318f03305787d7981a5cc6e6cd08fe5a4ecdf99d4b48?s=96&d=mm&r=g\",\"caption\":\"Contenidos El Regional\"},\"url\":\"https:\/\/elregionalvm.com.ar\/noticias-villa-maria\/author\/contenido\/\"}]}<\/script>\n<!-- \/ Yoast SEO plugin. -->","yoast_head_json":{"title":"Detuvieron en Bell Ville a un joven de 16 a\u00f1os por narcomenudeo - El Regional","robots":{"index":"index","follow":"follow","max-snippet":"max-snippet:-1","max-image-preview":"max-image-preview:large","max-video-preview":"max-video-preview:-1"},"canonical":"http:\/\/elregionalvm.com.ar\/noticias-villa-maria\/detuvieron-en-bell-ville-a-un-joven-de-16-anos-por-narcomenudeo\/","og_locale":"es_ES","og_type":"article","og_title":"Detuvieron en Bell Ville a un joven de 16 a\u00f1os por narcomenudeo - El Regional","og_description":"Luego de una investigaci\u00f3n por narcomenudeo en la regi\u00f3n sudeste de la provincia de C\u00f3rdoba, la Fuerza Policial Antinarcotr\u00e1fico secuestr\u00f3 coca\u00edna, marihuana y detuvo a un joven de 16 a\u00f1os de edad por comercializaci\u00f3n de estupefacientes. El operativo fue dirigido por el Ministerio Publico Fiscal y se desarroll\u00f3 en un inmueble ubicado en barrio La [&hellip;]","og_url":"http:\/\/elregionalvm.com.ar\/noticias-villa-maria\/detuvieron-en-bell-ville-a-un-joven-de-16-anos-por-narcomenudeo\/","og_site_name":"El Regional","article_publisher":"https:\/\/www.facebook.com\/elregionalvm","article_published_time":"2020-08-24T11:17:26+00:00","og_image":[{"width":960,"height":1280,"url":"http:\/\/elregionalvm.com.ar\/noticias-villa-maria\/wp-content\/uploads\/2020\/08\/WhatsApp-Image-2020-08-24-at-05.55.12.jpeg","type":"image\/jpeg"}],"author":"Contenidos El Regional","twitter_card":"summary_large_image","twitter_creator":"@elregionalvm1","twitter_site":"@elregionalvm1","twitter_misc":{"Escrito por":"Contenidos El Regional","Tiempo de lectura":"1 minuto"},"schema":{"@context":"https:\/\/schema.org","@graph":[{"@type":"Article","@id":"http:\/\/elregionalvm.com.ar\/noticias-villa-maria\/detuvieron-en-bell-ville-a-un-joven-de-16-anos-por-narcomenudeo\/#article","isPartOf":{"@id":"http:\/\/elregionalvm.com.ar\/noticias-villa-maria\/detuvieron-en-bell-ville-a-un-joven-de-16-anos-por-narcomenudeo\/"},"author":{"name":"Contenidos El Regional","@id":"http:\/\/elregionalvm.com.ar\/noticias-villa-maria\/#\/schema\/person\/a0fb9c422317faca23d50163151bc354"},"headline":"Detuvieron en Bell Ville a un joven de 16 a\u00f1os por narcomenudeo","datePublished":"2020-08-24T11:17:26+00:00","mainEntityOfPage":{"@id":"http:\/\/elregionalvm.com.ar\/noticias-villa-maria\/detuvieron-en-bell-ville-a-un-joven-de-16-anos-por-narcomenudeo\/"},"wordCount":177,"commentCount":0,"image":{"@id":"http:\/\/elregionalvm.com.ar\/noticias-villa-maria\/detuvieron-en-bell-ville-a-un-joven-de-16-anos-por-narcomenudeo\/#primaryimage"},"thumbnailUrl":"https:\/\/i0.wp.com\/elregionalvm.com.ar\/noticias-villa-maria\/wp-content\/uploads\/2020\/08\/WhatsApp-Image-2020-08-24-at-05.55.12.jpeg?fit=960%2C1280&ssl=1","keywords":["16 a\u00f1os","Bell Ville","Drogas","FPA","Investigaci\u00f3n","joven detenido","narcomenudeo"],"articleSection":["Policiales"],"inLanguage":"es","potentialAction":[{"@type":"CommentAction","name":"Comment","target":["http:\/\/elregionalvm.com.ar\/noticias-villa-maria\/detuvieron-en-bell-ville-a-un-joven-de-16-anos-por-narcomenudeo\/#respond"]}]},{"@type":"WebPage","@id":"http:\/\/elregionalvm.com.ar\/noticias-villa-maria\/detuvieron-en-bell-ville-a-un-joven-de-16-anos-por-narcomenudeo\/","url":"http:\/\/elregionalvm.com.ar\/noticias-villa-maria\/detuvieron-en-bell-ville-a-un-joven-de-16-anos-por-narcomenudeo\/","name":"Detuvieron en Bell Ville a un joven de 16 a\u00f1os por narcomenudeo - El Regional","isPartOf":{"@id":"http:\/\/elregionalvm.com.ar\/noticias-villa-maria\/#website"},"primaryImageOfPage":{"@id":"http:\/\/elregionalvm.com.ar\/noticias-villa-maria\/detuvieron-en-bell-ville-a-un-joven-de-16-anos-por-narcomenudeo\/#primaryimage"},"image":{"@id":"http:\/\/elregionalvm.com.ar\/noticias-villa-maria\/detuvieron-en-bell-ville-a-un-joven-de-16-anos-por-narcomenudeo\/#primaryimage"},"thumbnailUrl":"https:\/\/i0.wp.com\/elregionalvm.com.ar\/noticias-villa-maria\/wp-content\/uploads\/2020\/08\/WhatsApp-Image-2020-08-24-at-05.55.12.jpeg?fit=960%2C1280&ssl=1","datePublished":"2020-08-24T11:17:26+00:00","author":{"@id":"http:\/\/elregionalvm.com.ar\/noticias-villa-maria\/#\/schema\/person\/a0fb9c422317faca23d50163151bc354"},"breadcrumb":{"@id":"http:\/\/elregionalvm.com.ar\/noticias-villa-maria\/detuvieron-en-bell-ville-a-un-joven-de-16-anos-por-narcomenudeo\/#breadcrumb"},"inLanguage":"es","potentialAction":[{"@type":"ReadAction","target":["http:\/\/elregionalvm.com.ar\/noticias-villa-maria\/detuvieron-en-bell-ville-a-un-joven-de-16-anos-por-narcomenudeo\/"]}]},{"@type":"ImageObject","inLanguage":"es","@id":"http:\/\/elregionalvm.com.ar\/noticias-villa-maria\/detuvieron-en-bell-ville-a-un-joven-de-16-anos-por-narcomenudeo\/#primaryimage","url":"https:\/\/i0.wp.com\/elregionalvm.com.ar\/noticias-villa-maria\/wp-content\/uploads\/2020\/08\/WhatsApp-Image-2020-08-24-at-05.55.12.jpeg?fit=960%2C1280&ssl=1","contentUrl":"https:\/\/i0.wp.com\/elregionalvm.com.ar\/noticias-villa-maria\/wp-content\/uploads\/2020\/08\/WhatsApp-Image-2020-08-24-at-05.55.12.jpeg?fit=960%2C1280&ssl=1","width":960,"height":1280},{"@type":"BreadcrumbList","@id":"http:\/\/elregionalvm.com.ar\/noticias-villa-maria\/detuvieron-en-bell-ville-a-un-joven-de-16-anos-por-narcomenudeo\/#breadcrumb","itemListElement":[{"@type":"ListItem","position":1,"name":"Portada","item":"https:\/\/elregionalvm.com.ar\/noticias-villa-maria\/"},{"@type":"ListItem","position":2,"name":"Detuvieron en Bell Ville a un joven de 16 a\u00f1os por narcomenudeo"}]},{"@type":"WebSite","@id":"http:\/\/elregionalvm.com.ar\/noticias-villa-maria\/#website","url":"http:\/\/elregionalvm.com.ar\/noticias-villa-maria\/","name":"El Regional","description":"Mucho m\u00e1s que informaci\u00f3n","potentialAction":[{"@type":"SearchAction","target":{"@type":"EntryPoint","urlTemplate":"http:\/\/elregionalvm.com.ar\/noticias-villa-maria\/?s={search_term_string}"},"query-input":{"@type":"PropertyValueSpecification","valueRequired":true,"valueName":"search_term_string"}}],"inLanguage":"es"},{"@type":"Person","@id":"http:\/\/elregionalvm.com.ar\/noticias-villa-maria\/#\/schema\/person\/a0fb9c422317faca23d50163151bc354","name":"Contenidos El Regional","image":{"@type":"ImageObject","inLanguage":"es","@id":"http:\/\/elregionalvm.com.ar\/noticias-villa-maria\/#\/schema\/person\/image\/","url":"https:\/\/secure.gravatar.com\/avatar\/265b27cb2209af7bb3a1318f03305787d7981a5cc6e6cd08fe5a4ecdf99d4b48?s=96&d=mm&r=g","contentUrl":"https:\/\/secure.gravatar.com\/avatar\/265b27cb2209af7bb3a1318f03305787d7981a5cc6e6cd08fe5a4ecdf99d4b48?s=96&d=mm&r=g","caption":"Contenidos El Regional"},"url":"https:\/\/elregionalvm.com.ar\/noticias-villa-maria\/author\/contenido\/"}]}},"jetpack_featured_media_url":"https:\/\/i0.wp.com\/elregionalvm.com.ar\/noticias-villa-maria\/wp-content\/uploads\/2020\/08\/WhatsApp-Image-2020-08-24-at-05.55.12.jpeg?fit=960%2C1280&ssl=1","jetpack_sharing_enabled":true,"_links":{"self":[{"href":"https:\/\/elregionalvm.com.ar\/noticias-villa-maria\/wp-json\/wp\/v2\/posts\/22524","targetHints":{"allow":["GET"]}}],"collection":[{"href":"https:\/\/elregionalvm.com.ar\/noticias-villa-maria\/wp-json\/wp\/v2\/posts"}],"about":[{"href":"https:\/\/elregionalvm.com.ar\/noticias-villa-maria\/wp-json\/wp\/v2\/types\/post"}],"author":[{"embeddable":true,"href":"https:\/\/elregionalvm.com.ar\/noticias-villa-maria\/wp-json\/wp\/v2\/users\/4"}],"replies":[{"embeddable":true,"href":"https:\/\/elregionalvm.com.ar\/noticias-villa-maria\/wp-json\/wp\/v2\/comments?post=22524"}],"version-history":[{"count":1,"href":"https:\/\/elregionalvm.com.ar\/noticias-villa-maria\/wp-json\/wp\/v2\/posts\/22524\/revisions"}],"predecessor-version":[{"id":22526,"href":"https:\/\/elregionalvm.com.ar\/noticias-villa-maria\/wp-json\/wp\/v2\/posts\/22524\/revisions\/22526"}],"wp:featuredmedia":[{"embeddable":true,"href":"https:\/\/elregionalvm.com.ar\/noticias-villa-maria\/wp-json\/wp\/v2\/media\/22525"}],"wp:attachment":[{"href":"https:\/\/elregionalvm.com.ar\/noticias-villa-maria\/wp-json\/wp\/v2\/media?parent=22524"}],"wp:term":[{"taxonomy":"category","embeddable":true,"href":"https:\/\/elregionalvm.com.ar\/noticias-villa-maria\/wp-json\/wp\/v2\/categories?post=22524"},{"taxonomy":"post_tag","embeddable":true,"href":"https:\/\/elregionalvm.com.ar\/noticias-villa-maria\/wp-json\/wp\/v2\/tags?post=22524"}],"curies":[{"name":"wp","href":"https:\/\/api.w.org\/{rel}","templated":true}]}}