{"id":22540,"date":"2020-08-24T17:39:56","date_gmt":"2020-08-24T17:39:56","guid":{"rendered":"https:\/\/elregionalvm.com.ar\/noticias-villa-maria\/?p=22540"},"modified":"2020-08-25T15:16:30","modified_gmt":"2020-08-25T15:16:30","slug":"a-100-anos-de-otra-pandemia-que-asolo-el-planeta-con-barbijo-incluido","status":"publish","type":"post","link":"https:\/\/elregionalvm.com.ar\/noticias-villa-maria\/a-100-anos-de-otra-pandemia-que-asolo-el-planeta-con-barbijo-incluido\/","title":{"rendered":"A 100 a\u00f1os de otra pandemia que asol\u00f3 el planeta (con barbijo incluido)"},"content":{"rendered":"\n<p><strong>Escribe: Julio A. Ben\u00edtez (<a href=\"mailto:benitezjulioalberto@gmail.com\">benitezjulioalberto@gmail.com<\/a>)<\/strong><\/p>\n\n\n\n<p>Ni la gripe aviar ni la porcina. Tampoco la peste negra o la viruela. La pandemia conocida como la \u201cGripe Espa\u00f1ola\u201d mat\u00f3 en todo el mundo, entre 1918 y 1920, a m\u00e1s de 40 millones de personas.<\/p>\n\n\n\n<p>Ha sido considerada como la m\u00e1s devastadora de la historia. Fue un brote de influenza Virus A, que no reconoci\u00f3 fronteras ni clases sociales.<\/p>\n\n\n\n<p>Los investigadores han manifestado que su comienzo se habr\u00eda producido en Francia en 1916, otros que en China en 1917 y una tercera posici\u00f3n declar\u00f3 en su informe que fue en la Base Militar de Ford Riley (E.E.U.U.) el 4 de marzo de 1918. Es decir, a 100 a\u00f1os no existe una confirmaci\u00f3n cient\u00edfica de su origen.<\/p>\n\n\n\n<p>Tras los primeros casos, la enfermedad pas\u00f3 a Espa\u00f1a, donde se contagiaron 8 millones de personas y 300 mil fallecieron. Afect\u00f3 mayormente a j\u00f3venes de entre 20 y 40 a\u00f1os, con dolor de o\u00eddos, cansancio corporal, diarreas, v\u00f3mitos y como todav\u00eda no exist\u00edan los antibi\u00f3ticos, derivaban en una mortal neumon\u00eda.<\/p>\n\n\n\n<p><strong>Parecidos y diferencias<\/strong><\/p>\n\n\n\n<p>Cien a\u00f1os despu\u00e9s, otra pandemia mantiene en vilo al planeta. Y guarda muchas similitudes con aquella. Desde su expansi\u00f3n global hasta los efectos en la salud humana, pasando por las formas de contagio, algunos s\u00edntomas y el aislamiento de enfermos en grandes salones, por ejemplo.<\/p>\n\n\n\n<figure class=\"wp-block-image size-large\"><img data-recalc-dims=\"1\" fetchpriority=\"high\" decoding=\"async\" width=\"750\" height=\"499\" src=\"https:\/\/i0.wp.com\/elregionalvm.com.ar\/noticias-villa-maria\/wp-content\/uploads\/2020\/08\/Gripe-espa%C3%B1ola-aislados-Estados-Unidos.jpg?resize=750%2C499&#038;ssl=1\" alt=\"\" class=\"wp-image-22543\" srcset=\"https:\/\/i0.wp.com\/elregionalvm.com.ar\/noticias-villa-maria\/wp-content\/uploads\/2020\/08\/Gripe-espa%C3%B1ola-aislados-Estados-Unidos.jpg?w=750&amp;ssl=1 750w, https:\/\/i0.wp.com\/elregionalvm.com.ar\/noticias-villa-maria\/wp-content\/uploads\/2020\/08\/Gripe-espa%C3%B1ola-aislados-Estados-Unidos.jpg?resize=300%2C200&amp;ssl=1 300w\" sizes=\"(max-width: 750px) 100vw, 750px\" \/><figcaption><em>Un hospital montado para atender a los pacientes que ya no ten\u00edan lugar en los centros de salud (National Archives).<\/em><\/figcaption><\/figure>\n\n\n\n<p><\/p>\n\n\n\n<p>Ese virus, como el que produce el Covid 19, era altamente contagioso y se complicaba con una neumon\u00eda. La diferencia principal es que aquella gripe atacaba a ni\u00f1os, j\u00f3venes y ancianos por igual. El coronavirus no se ensa\u00f1a con los ni\u00f1os.<\/p>\n\n\n\n<p>Incluso, se iban a parecer en la cantidad de muertes. El coronavirus iba a matar a unos 40 millones de personas en toda la Tierra, seg\u00fan algunas estimaciones de expertos cient\u00edficos que datan de los inicios de la pandemia. El Imperial College de Londres fue una de las instituciones que sostuvo esta aseveraci\u00f3n.<\/p>\n\n\n\n<p>Hasta este lunes 24 de agosto, los fallecidos por coronavirus en el mundo suman 810 mil aproximadamente. Si bien la pandemia no ha finalizado, el n\u00famero es bastante inferior a las previsiones iniciales.<\/p>\n\n\n\n<p>Claro, hay que salvar las distancias hist\u00f3ricas, pol\u00edticas, sociales, econ\u00f3micas y sanitarias entre estos dos magnos eventos para la humanidad.<\/p>\n\n\n\n<p>Y entre los aspectos parecidos, asoma una curiosidad, el uso del barbijo, que en algunos lugares de Estados Unidos resultaba obligatorio.<\/p>\n\n\n\n<p>En la foto de portada, por ejemplo, una mujer tiene un cartel que en ingl\u00e9s dice: \u201cUse barbijo&nbsp;o ir\u00e1 a la c\u00e1rcel\u201d.<\/p>\n\n\n\n<p>En otra foto se observa auna familia entera, hombres, mujeres, ni\u00f1os y tambi\u00e9n el gato, curiosamente, usando barbijo durante la pandemia de influenza. Algunos medios llegaron a rastrearla hasta una publicaci\u00f3n polaca, pero all\u00ed no se indicaba su origen.&nbsp; Posiblemente, sea Estados Unidos.<\/p>\n\n\n\n<p>Como se ve, el uso del barbijo o tapabocas no es algo novedoso, aunque ahora se haya masificado y convertido en un accesorio cotidiano m\u00e1s para salir a la calle. Por supuesto, a pesar de los detractores de su uso.<\/p>\n\n\n\n<figure class=\"wp-block-image size-large\"><img data-recalc-dims=\"1\" decoding=\"async\" width=\"681\" height=\"714\" src=\"https:\/\/i0.wp.com\/elregionalvm.com.ar\/noticias-villa-maria\/wp-content\/uploads\/2020\/08\/Gripe-espa%C3%B1ola-barbijo-gato.jpg?resize=681%2C714&#038;ssl=1\" alt=\"\" class=\"wp-image-22542\" srcset=\"https:\/\/i0.wp.com\/elregionalvm.com.ar\/noticias-villa-maria\/wp-content\/uploads\/2020\/08\/Gripe-espa%C3%B1ola-barbijo-gato.jpg?w=681&amp;ssl=1 681w, https:\/\/i0.wp.com\/elregionalvm.com.ar\/noticias-villa-maria\/wp-content\/uploads\/2020\/08\/Gripe-espa%C3%B1ola-barbijo-gato.jpg?resize=286%2C300&amp;ssl=1 286w\" sizes=\"(max-width: 681px) 100vw, 681px\" \/><figcaption>Todos con barbijo, incluso el gato. La imagen podr\u00eda ser de alg\u00fan lugar de Estados Unidos. <\/figcaption><\/figure>\n\n\n\n<p><\/p>\n\n\n\n<p><strong>Alerta de gobiernos<\/strong><\/p>\n\n\n\n<p>Los gobiernos tomaron medidas tambi\u00e9n por entonces. Veamos el caso de la provincia de Burgos, en Espa\u00f1a, lo que dec\u00eda en la portada del \u201cBolet\u00edn Oficial Extraordinario.<\/p>\n\n\n\n<p>Los parecidos con algunas medidas actuales son impresionantes. Pasaron 100 a\u00f1os y siguieron iguales.<\/p>\n\n\n\n<p>&nbsp;\u201c1) La Junta de Sanidad de mi presidencia, en la reuni\u00f3n celebrada en el d\u00eda de la fecha, adopt\u00f3 el siguiente acuerdo: Vista la comunicaci\u00f3n del Inspector Provincial de Sanidad manifestando que la epidemia de gripe aparecida hace algunos d\u00edas en la Capital, se est\u00e1 extendiendo considerablemente, invadiendo numerosos pueblos, y produce mucha mortalidad. Esta Junta, teniendo en cuenta lo dispuesto en los art\u00edculos 153 y 154 de la \u201cInstrucci\u00f3n General de Sanidad\u201d y en la \u201cReal Orden\u201d del 25 de abril \u00faltimo, acuerda en declarar la existencia de dicha epidemia en nuestra Provincia de Burgos\u201d.<\/p>\n\n\n\n<p>2) \u201cSe recuerda que la infecci\u00f3n se propaga por las gotitas de saliva que despide quien tose o habla a nuestro lado y al ser respiradas por quienes lo rodean, que est\u00e9n enfermos o convalecientes de alguna otra enfermedad, enseguida se contagiar\u00e1n.&nbsp;<\/p>\n\n\n\n<p><strong>Tienen que abstenerse, en consecuencia, de permanecer en locales cerrados, mal ventilados, donde se re\u00fane mucha gente como tabernas, bares, caf\u00e9s, etc.<\/strong> Debe extremarse la limpieza de las casas y tener abiertas todo el d\u00eda las ventanas de los dormitorios y a la vez ventilar adecuadamente el espacio de la casa donde se permanezca todo el d\u00eda. Ir al campo el mayor tiempo posible porque el aire, el agua y la luz solar son los mejores desinfectantes en esta ocasi\u00f3n.<\/p>\n\n\n\n<p>Tener adecuadamente siempre la boca limpia y, en una palabra, seguir los consejos de los m\u00e9dicos y deso\u00edr a quienes os inviten a tomar alcohol puro y\/o consumir tabaco como remedios preventivos, por ser estos mucho m\u00e1s nocivos\u201d.<\/p>\n\n\n\n<p>Firmado: Andr\u00e9s Alonso L\u00f3pez \u2013 Gobernador \u2013 Presidente \u2013 Provincia de Burgos, 4 de octubre de 1918.<\/p>\n\n\n\n<p><\/p>\n\n\n\n<figure class=\"wp-block-image size-large\"><img data-recalc-dims=\"1\" decoding=\"async\" width=\"1024\" height=\"719\" src=\"https:\/\/i0.wp.com\/elregionalvm.com.ar\/noticias-villa-maria\/wp-content\/uploads\/2020\/08\/Gripe-espa%C3%B1ola-comunicado-Burgos-2.jpg?resize=1024%2C719&#038;ssl=1\" alt=\"\" class=\"wp-image-22546\" srcset=\"https:\/\/i0.wp.com\/elregionalvm.com.ar\/noticias-villa-maria\/wp-content\/uploads\/2020\/08\/Gripe-espa%C3%B1ola-comunicado-Burgos-2.jpg?resize=1024%2C719&amp;ssl=1 1024w, https:\/\/i0.wp.com\/elregionalvm.com.ar\/noticias-villa-maria\/wp-content\/uploads\/2020\/08\/Gripe-espa%C3%B1ola-comunicado-Burgos-2.jpg?resize=300%2C211&amp;ssl=1 300w, https:\/\/i0.wp.com\/elregionalvm.com.ar\/noticias-villa-maria\/wp-content\/uploads\/2020\/08\/Gripe-espa%C3%B1ola-comunicado-Burgos-2.jpg?resize=768%2C539&amp;ssl=1 768w, https:\/\/i0.wp.com\/elregionalvm.com.ar\/noticias-villa-maria\/wp-content\/uploads\/2020\/08\/Gripe-espa%C3%B1ola-comunicado-Burgos-2.jpg?resize=1536%2C1079&amp;ssl=1 1536w, https:\/\/i0.wp.com\/elregionalvm.com.ar\/noticias-villa-maria\/wp-content\/uploads\/2020\/08\/Gripe-espa%C3%B1ola-comunicado-Burgos-2.jpg?w=1578&amp;ssl=1 1578w\" sizes=\"(max-width: 1000px) 100vw, 1000px\" \/><figcaption><em>En Burgos, Espa\u00f1a, prohibieron las reuniones en caf\u00e9s y tabernas. <\/em><\/figcaption><\/figure>\n\n\n\n<p><\/p>\n\n\n\n<p><strong>Desaparici\u00f3n<\/strong><\/p>\n\n\n\n<p>La terrible pandemia de 1918 desapareci\u00f3 como hab\u00eda comenzado. A partir de fines de 1920 y principios de 1921, se inici\u00f3 una relativa tranquilidad, ya que las muertes fueron cada vez menos, hasta que todo lleg\u00f3 a la normalidad habitual.<\/p>\n\n\n\n<p>En nuestro pa\u00eds, aquella pandemia produjo la muerte de 14.997 personas, seg\u00fan los datos proporcionados por las provincias constituidas constitucionalmente, sin contar con la informaci\u00f3n de las que eran en esa \u00e9poca \u201cGobernaciones Nacionales\u201d, como Misiones, Formosa, Chaco, La Pampa, Neuqu\u00e9n, R\u00edo Negro, Chubut, Santa Cruz y Tierra del Fuego.<\/p>\n\n\n\n<p>Fue un caso muy raro, ya que el mismo estado nacional no aport\u00f3 los datos de muertes ocurridas en dichos territorios, cuya administraci\u00f3n era de su incumbencia.<\/p>\n\n\n\n<p><\/p>\n","protected":false},"excerpt":{"rendered":"<p>Escribe: Julio A. Ben\u00edtez (benitezjulioalberto@gmail.com) Ni la gripe aviar ni la porcina. Tampoco la peste negra o la viruela. La pandemia conocida como la \u201cGripe Espa\u00f1ola\u201d mat\u00f3 en todo el mundo, entre 1918 y 1920, a m\u00e1s de 40 millones de personas. Ha sido considerada como la m\u00e1s devastadora de la historia. Fue un brote [&hellip;]<\/p>\n","protected":false},"author":4,"featured_media":22591,"comment_status":"open","ping_status":"open","sticky":false,"template":"","format":"standard","meta":{"site-sidebar-layout":"default","site-content-layout":"default","ast-site-content-layout":"default","site-content-style":"default","site-sidebar-style":"default","ast-global-header-display":"","ast-banner-title-visibility":"","ast-main-header-display":"","ast-hfb-above-header-display":"","ast-hfb-below-header-display":"","ast-hfb-mobile-header-display":"","site-post-title":"","ast-breadcrumbs-content":"","ast-featured-img":"","footer-sml-layout":"","ast-disable-related-posts":"","theme-transparent-header-meta":"default","adv-header-id-meta":"","stick-header-meta":"","header-above-stick-meta":"","header-main-stick-meta":"","header-below-stick-meta":"","astra-migrate-meta-layouts":"default","ast-page-background-enabled":"default","ast-page-background-meta":{"desktop":{"background-color":"","background-image":"","background-repeat":"repeat","background-position":"center center","background-size":"auto","background-attachment":"scroll","background-type":"","background-media":"","overlay-type":"","overlay-color":"","overlay-opacity":"","overlay-gradient":""},"tablet":{"background-color":"","background-image":"","background-repeat":"repeat","background-position":"center center","background-size":"auto","background-attachment":"scroll","background-type":"","background-media":"","overlay-type":"","overlay-color":"","overlay-opacity":"","overlay-gradient":""},"mobile":{"background-color":"","background-image":"","background-repeat":"repeat","background-position":"center center","background-size":"auto","background-attachment":"scroll","background-type":"","background-media":"","overlay-type":"","overlay-color":"","overlay-opacity":"","overlay-gradient":""}},"ast-content-background-meta":{"desktop":{"background-color":"var(--ast-global-color-5)","background-image":"","background-repeat":"repeat","background-position":"center center","background-size":"auto","background-attachment":"scroll","background-type":"","background-media":"","overlay-type":"","overlay-color":"","overlay-opacity":"","overlay-gradient":""},"tablet":{"background-color":"var(--ast-global-color-5)","background-image":"","background-repeat":"repeat","background-position":"center center","background-size":"auto","background-attachment":"scroll","background-type":"","background-media":"","overlay-type":"","overlay-color":"","overlay-opacity":"","overlay-gradient":""},"mobile":{"background-color":"var(--ast-global-color-5)","background-image":"","background-repeat":"repeat","background-position":"center center","background-size":"auto","background-attachment":"scroll","background-type":"","background-media":"","overlay-type":"","overlay-color":"","overlay-opacity":"","overlay-gradient":""}},"_jetpack_memberships_contains_paid_content":false,"_joinchat":[],"footnotes":""},"categories":[2256,2098,2323],"tags":[2177,3493,1997,2865,3492,3494],"class_list":["post-22540","post","type-post","status-publish","format-standard","has-post-thumbnail","hentry","category-coronavirus","category-historias","category-notas-secundarias","tag-barbijo","tag-cien-anos","tag-coronavirus","tag-covid-19-2","tag-gripe-espanola","tag-sintomas-parecidos"],"yoast_head":"<!-- This site is optimized with the Yoast SEO plugin v26.8 - https:\/\/yoast.com\/product\/yoast-seo-wordpress\/ -->\n<title>A 100 a\u00f1os de otra pandemia que asol\u00f3 el planeta (con barbijo incluido) - El Regional<\/title>\n<meta name=\"description\" content=\"La pandemia conocida como la \u201cGripe Espa\u00f1ola\u201d mat\u00f3 en todo el mundo a m\u00e1s de 40 millones de personas. Tiene varias semejanzas con el Covid 19.\" \/>\n<meta name=\"robots\" content=\"index, follow, max-snippet:-1, max-image-preview:large, max-video-preview:-1\" \/>\n<link rel=\"canonical\" href=\"http:\/\/elregionalvm.com.ar\/noticias-villa-maria\/a-100-anos-de-otra-pandemia-que-asolo-el-planeta-con-barbijo-incluido\/\" \/>\n<meta property=\"og:locale\" content=\"es_ES\" \/>\n<meta property=\"og:type\" content=\"article\" \/>\n<meta property=\"og:title\" content=\"A 100 a\u00f1os de otra pandemia que asol\u00f3 el planeta (con barbijo incluido) - El Regional\" \/>\n<meta property=\"og:description\" content=\"La pandemia conocida como la \u201cGripe Espa\u00f1ola\u201d mat\u00f3 en todo el mundo a m\u00e1s de 40 millones de personas. Tiene varias semejanzas con el Covid 19.\" \/>\n<meta property=\"og:url\" content=\"http:\/\/elregionalvm.com.ar\/noticias-villa-maria\/a-100-anos-de-otra-pandemia-que-asolo-el-planeta-con-barbijo-incluido\/\" \/>\n<meta property=\"og:site_name\" content=\"El Regional\" \/>\n<meta property=\"article:publisher\" content=\"https:\/\/www.facebook.com\/elregionalvm\" \/>\n<meta property=\"article:published_time\" content=\"2020-08-24T17:39:56+00:00\" \/>\n<meta property=\"article:modified_time\" content=\"2020-08-25T15:16:30+00:00\" \/>\n<meta property=\"og:image\" content=\"http:\/\/elregionalvm.com.ar\/noticias-villa-maria\/wp-content\/uploads\/2020\/08\/Gripe-espa\u00f1ola-barbijo-1.jpg\" \/>\n\t<meta property=\"og:image:width\" content=\"960\" \/>\n\t<meta property=\"og:image:height\" content=\"679\" \/>\n\t<meta property=\"og:image:type\" content=\"image\/jpeg\" \/>\n<meta name=\"author\" content=\"Contenidos El Regional\" \/>\n<meta name=\"twitter:card\" content=\"summary_large_image\" \/>\n<meta name=\"twitter:creator\" content=\"@elregionalvm1\" \/>\n<meta name=\"twitter:site\" content=\"@elregionalvm1\" \/>\n<meta name=\"twitter:label1\" content=\"Escrito por\" \/>\n\t<meta name=\"twitter:data1\" content=\"Contenidos El Regional\" \/>\n\t<meta name=\"twitter:label2\" content=\"Tiempo de lectura\" \/>\n\t<meta name=\"twitter:data2\" content=\"5 minutos\" \/>\n<script type=\"application\/ld+json\" class=\"yoast-schema-graph\">{\"@context\":\"https:\/\/schema.org\",\"@graph\":[{\"@type\":\"Article\",\"@id\":\"http:\/\/elregionalvm.com.ar\/noticias-villa-maria\/a-100-anos-de-otra-pandemia-que-asolo-el-planeta-con-barbijo-incluido\/#article\",\"isPartOf\":{\"@id\":\"http:\/\/elregionalvm.com.ar\/noticias-villa-maria\/a-100-anos-de-otra-pandemia-que-asolo-el-planeta-con-barbijo-incluido\/\"},\"author\":{\"name\":\"Contenidos El Regional\",\"@id\":\"http:\/\/elregionalvm.com.ar\/noticias-villa-maria\/#\/schema\/person\/a0fb9c422317faca23d50163151bc354\"},\"headline\":\"A 100 a\u00f1os de otra pandemia que asol\u00f3 el planeta (con barbijo incluido)\",\"datePublished\":\"2020-08-24T17:39:56+00:00\",\"dateModified\":\"2020-08-25T15:16:30+00:00\",\"mainEntityOfPage\":{\"@id\":\"http:\/\/elregionalvm.com.ar\/noticias-villa-maria\/a-100-anos-de-otra-pandemia-que-asolo-el-planeta-con-barbijo-incluido\/\"},\"wordCount\":1045,\"commentCount\":0,\"image\":{\"@id\":\"http:\/\/elregionalvm.com.ar\/noticias-villa-maria\/a-100-anos-de-otra-pandemia-que-asolo-el-planeta-con-barbijo-incluido\/#primaryimage\"},\"thumbnailUrl\":\"https:\/\/i0.wp.com\/elregionalvm.com.ar\/noticias-villa-maria\/wp-content\/uploads\/2020\/08\/Gripe-espa%C3%B1ola-barbijo-1.jpg?fit=960%2C679&ssl=1\",\"keywords\":[\"barbijo\",\"cien a\u00f1os\",\"Coronavirus\",\"Covid 19\",\"Gripe espa\u00f1ola\",\"s\u00edntomas parecidos\"],\"articleSection\":[\"Coronavirus\",\"Historias\",\"Notas\"],\"inLanguage\":\"es\",\"potentialAction\":[{\"@type\":\"CommentAction\",\"name\":\"Comment\",\"target\":[\"http:\/\/elregionalvm.com.ar\/noticias-villa-maria\/a-100-anos-de-otra-pandemia-que-asolo-el-planeta-con-barbijo-incluido\/#respond\"]}]},{\"@type\":\"WebPage\",\"@id\":\"http:\/\/elregionalvm.com.ar\/noticias-villa-maria\/a-100-anos-de-otra-pandemia-que-asolo-el-planeta-con-barbijo-incluido\/\",\"url\":\"http:\/\/elregionalvm.com.ar\/noticias-villa-maria\/a-100-anos-de-otra-pandemia-que-asolo-el-planeta-con-barbijo-incluido\/\",\"name\":\"A 100 a\u00f1os de otra pandemia que asol\u00f3 el planeta (con barbijo incluido) - El Regional\",\"isPartOf\":{\"@id\":\"http:\/\/elregionalvm.com.ar\/noticias-villa-maria\/#website\"},\"primaryImageOfPage\":{\"@id\":\"http:\/\/elregionalvm.com.ar\/noticias-villa-maria\/a-100-anos-de-otra-pandemia-que-asolo-el-planeta-con-barbijo-incluido\/#primaryimage\"},\"image\":{\"@id\":\"http:\/\/elregionalvm.com.ar\/noticias-villa-maria\/a-100-anos-de-otra-pandemia-que-asolo-el-planeta-con-barbijo-incluido\/#primaryimage\"},\"thumbnailUrl\":\"https:\/\/i0.wp.com\/elregionalvm.com.ar\/noticias-villa-maria\/wp-content\/uploads\/2020\/08\/Gripe-espa%C3%B1ola-barbijo-1.jpg?fit=960%2C679&ssl=1\",\"datePublished\":\"2020-08-24T17:39:56+00:00\",\"dateModified\":\"2020-08-25T15:16:30+00:00\",\"author\":{\"@id\":\"http:\/\/elregionalvm.com.ar\/noticias-villa-maria\/#\/schema\/person\/a0fb9c422317faca23d50163151bc354\"},\"description\":\"La pandemia conocida como la \u201cGripe Espa\u00f1ola\u201d mat\u00f3 en todo el mundo a m\u00e1s de 40 millones de personas. Tiene varias semejanzas con el Covid 19.\",\"breadcrumb\":{\"@id\":\"http:\/\/elregionalvm.com.ar\/noticias-villa-maria\/a-100-anos-de-otra-pandemia-que-asolo-el-planeta-con-barbijo-incluido\/#breadcrumb\"},\"inLanguage\":\"es\",\"potentialAction\":[{\"@type\":\"ReadAction\",\"target\":[\"http:\/\/elregionalvm.com.ar\/noticias-villa-maria\/a-100-anos-de-otra-pandemia-que-asolo-el-planeta-con-barbijo-incluido\/\"]}]},{\"@type\":\"ImageObject\",\"inLanguage\":\"es\",\"@id\":\"http:\/\/elregionalvm.com.ar\/noticias-villa-maria\/a-100-anos-de-otra-pandemia-que-asolo-el-planeta-con-barbijo-incluido\/#primaryimage\",\"url\":\"https:\/\/i0.wp.com\/elregionalvm.com.ar\/noticias-villa-maria\/wp-content\/uploads\/2020\/08\/Gripe-espa%C3%B1ola-barbijo-1.jpg?fit=960%2C679&ssl=1\",\"contentUrl\":\"https:\/\/i0.wp.com\/elregionalvm.com.ar\/noticias-villa-maria\/wp-content\/uploads\/2020\/08\/Gripe-espa%C3%B1ola-barbijo-1.jpg?fit=960%2C679&ssl=1\",\"width\":960,\"height\":679},{\"@type\":\"BreadcrumbList\",\"@id\":\"http:\/\/elregionalvm.com.ar\/noticias-villa-maria\/a-100-anos-de-otra-pandemia-que-asolo-el-planeta-con-barbijo-incluido\/#breadcrumb\",\"itemListElement\":[{\"@type\":\"ListItem\",\"position\":1,\"name\":\"Portada\",\"item\":\"https:\/\/elregionalvm.com.ar\/noticias-villa-maria\/\"},{\"@type\":\"ListItem\",\"position\":2,\"name\":\"A 100 a\u00f1os de otra pandemia que asol\u00f3 el planeta (con barbijo incluido)\"}]},{\"@type\":\"WebSite\",\"@id\":\"http:\/\/elregionalvm.com.ar\/noticias-villa-maria\/#website\",\"url\":\"http:\/\/elregionalvm.com.ar\/noticias-villa-maria\/\",\"name\":\"El Regional\",\"description\":\"Mucho m\u00e1s que informaci\u00f3n\",\"potentialAction\":[{\"@type\":\"SearchAction\",\"target\":{\"@type\":\"EntryPoint\",\"urlTemplate\":\"http:\/\/elregionalvm.com.ar\/noticias-villa-maria\/?s={search_term_string}\"},\"query-input\":{\"@type\":\"PropertyValueSpecification\",\"valueRequired\":true,\"valueName\":\"search_term_string\"}}],\"inLanguage\":\"es\"},{\"@type\":\"Person\",\"@id\":\"http:\/\/elregionalvm.com.ar\/noticias-villa-maria\/#\/schema\/person\/a0fb9c422317faca23d50163151bc354\",\"name\":\"Contenidos El Regional\",\"image\":{\"@type\":\"ImageObject\",\"inLanguage\":\"es\",\"@id\":\"http:\/\/elregionalvm.com.ar\/noticias-villa-maria\/#\/schema\/person\/image\/\",\"url\":\"https:\/\/secure.gravatar.com\/avatar\/265b27cb2209af7bb3a1318f03305787d7981a5cc6e6cd08fe5a4ecdf99d4b48?s=96&d=mm&r=g\",\"contentUrl\":\"https:\/\/secure.gravatar.com\/avatar\/265b27cb2209af7bb3a1318f03305787d7981a5cc6e6cd08fe5a4ecdf99d4b48?s=96&d=mm&r=g\",\"caption\":\"Contenidos El Regional\"},\"url\":\"https:\/\/elregionalvm.com.ar\/noticias-villa-maria\/author\/contenido\/\"}]}<\/script>\n<!-- \/ Yoast SEO plugin. -->","yoast_head_json":{"title":"A 100 a\u00f1os de otra pandemia que asol\u00f3 el planeta (con barbijo incluido) - El Regional","description":"La pandemia conocida como la \u201cGripe Espa\u00f1ola\u201d mat\u00f3 en todo el mundo a m\u00e1s de 40 millones de personas. Tiene varias semejanzas con el Covid 19.","robots":{"index":"index","follow":"follow","max-snippet":"max-snippet:-1","max-image-preview":"max-image-preview:large","max-video-preview":"max-video-preview:-1"},"canonical":"http:\/\/elregionalvm.com.ar\/noticias-villa-maria\/a-100-anos-de-otra-pandemia-que-asolo-el-planeta-con-barbijo-incluido\/","og_locale":"es_ES","og_type":"article","og_title":"A 100 a\u00f1os de otra pandemia que asol\u00f3 el planeta (con barbijo incluido) - El Regional","og_description":"La pandemia conocida como la \u201cGripe Espa\u00f1ola\u201d mat\u00f3 en todo el mundo a m\u00e1s de 40 millones de personas. Tiene varias semejanzas con el Covid 19.","og_url":"http:\/\/elregionalvm.com.ar\/noticias-villa-maria\/a-100-anos-de-otra-pandemia-que-asolo-el-planeta-con-barbijo-incluido\/","og_site_name":"El Regional","article_publisher":"https:\/\/www.facebook.com\/elregionalvm","article_published_time":"2020-08-24T17:39:56+00:00","article_modified_time":"2020-08-25T15:16:30+00:00","og_image":[{"width":960,"height":679,"url":"http:\/\/elregionalvm.com.ar\/noticias-villa-maria\/wp-content\/uploads\/2020\/08\/Gripe-espa\u00f1ola-barbijo-1.jpg","type":"image\/jpeg"}],"author":"Contenidos El Regional","twitter_card":"summary_large_image","twitter_creator":"@elregionalvm1","twitter_site":"@elregionalvm1","twitter_misc":{"Escrito por":"Contenidos El Regional","Tiempo de lectura":"5 minutos"},"schema":{"@context":"https:\/\/schema.org","@graph":[{"@type":"Article","@id":"http:\/\/elregionalvm.com.ar\/noticias-villa-maria\/a-100-anos-de-otra-pandemia-que-asolo-el-planeta-con-barbijo-incluido\/#article","isPartOf":{"@id":"http:\/\/elregionalvm.com.ar\/noticias-villa-maria\/a-100-anos-de-otra-pandemia-que-asolo-el-planeta-con-barbijo-incluido\/"},"author":{"name":"Contenidos El Regional","@id":"http:\/\/elregionalvm.com.ar\/noticias-villa-maria\/#\/schema\/person\/a0fb9c422317faca23d50163151bc354"},"headline":"A 100 a\u00f1os de otra pandemia que asol\u00f3 el planeta (con barbijo incluido)","datePublished":"2020-08-24T17:39:56+00:00","dateModified":"2020-08-25T15:16:30+00:00","mainEntityOfPage":{"@id":"http:\/\/elregionalvm.com.ar\/noticias-villa-maria\/a-100-anos-de-otra-pandemia-que-asolo-el-planeta-con-barbijo-incluido\/"},"wordCount":1045,"commentCount":0,"image":{"@id":"http:\/\/elregionalvm.com.ar\/noticias-villa-maria\/a-100-anos-de-otra-pandemia-que-asolo-el-planeta-con-barbijo-incluido\/#primaryimage"},"thumbnailUrl":"https:\/\/i0.wp.com\/elregionalvm.com.ar\/noticias-villa-maria\/wp-content\/uploads\/2020\/08\/Gripe-espa%C3%B1ola-barbijo-1.jpg?fit=960%2C679&ssl=1","keywords":["barbijo","cien a\u00f1os","Coronavirus","Covid 19","Gripe espa\u00f1ola","s\u00edntomas parecidos"],"articleSection":["Coronavirus","Historias","Notas"],"inLanguage":"es","potentialAction":[{"@type":"CommentAction","name":"Comment","target":["http:\/\/elregionalvm.com.ar\/noticias-villa-maria\/a-100-anos-de-otra-pandemia-que-asolo-el-planeta-con-barbijo-incluido\/#respond"]}]},{"@type":"WebPage","@id":"http:\/\/elregionalvm.com.ar\/noticias-villa-maria\/a-100-anos-de-otra-pandemia-que-asolo-el-planeta-con-barbijo-incluido\/","url":"http:\/\/elregionalvm.com.ar\/noticias-villa-maria\/a-100-anos-de-otra-pandemia-que-asolo-el-planeta-con-barbijo-incluido\/","name":"A 100 a\u00f1os de otra pandemia que asol\u00f3 el planeta (con barbijo incluido) - El Regional","isPartOf":{"@id":"http:\/\/elregionalvm.com.ar\/noticias-villa-maria\/#website"},"primaryImageOfPage":{"@id":"http:\/\/elregionalvm.com.ar\/noticias-villa-maria\/a-100-anos-de-otra-pandemia-que-asolo-el-planeta-con-barbijo-incluido\/#primaryimage"},"image":{"@id":"http:\/\/elregionalvm.com.ar\/noticias-villa-maria\/a-100-anos-de-otra-pandemia-que-asolo-el-planeta-con-barbijo-incluido\/#primaryimage"},"thumbnailUrl":"https:\/\/i0.wp.com\/elregionalvm.com.ar\/noticias-villa-maria\/wp-content\/uploads\/2020\/08\/Gripe-espa%C3%B1ola-barbijo-1.jpg?fit=960%2C679&ssl=1","datePublished":"2020-08-24T17:39:56+00:00","dateModified":"2020-08-25T15:16:30+00:00","author":{"@id":"http:\/\/elregionalvm.com.ar\/noticias-villa-maria\/#\/schema\/person\/a0fb9c422317faca23d50163151bc354"},"description":"La pandemia conocida como la \u201cGripe Espa\u00f1ola\u201d mat\u00f3 en todo el mundo a m\u00e1s de 40 millones de personas. Tiene varias semejanzas con el Covid 19.","breadcrumb":{"@id":"http:\/\/elregionalvm.com.ar\/noticias-villa-maria\/a-100-anos-de-otra-pandemia-que-asolo-el-planeta-con-barbijo-incluido\/#breadcrumb"},"inLanguage":"es","potentialAction":[{"@type":"ReadAction","target":["http:\/\/elregionalvm.com.ar\/noticias-villa-maria\/a-100-anos-de-otra-pandemia-que-asolo-el-planeta-con-barbijo-incluido\/"]}]},{"@type":"ImageObject","inLanguage":"es","@id":"http:\/\/elregionalvm.com.ar\/noticias-villa-maria\/a-100-anos-de-otra-pandemia-que-asolo-el-planeta-con-barbijo-incluido\/#primaryimage","url":"https:\/\/i0.wp.com\/elregionalvm.com.ar\/noticias-villa-maria\/wp-content\/uploads\/2020\/08\/Gripe-espa%C3%B1ola-barbijo-1.jpg?fit=960%2C679&ssl=1","contentUrl":"https:\/\/i0.wp.com\/elregionalvm.com.ar\/noticias-villa-maria\/wp-content\/uploads\/2020\/08\/Gripe-espa%C3%B1ola-barbijo-1.jpg?fit=960%2C679&ssl=1","width":960,"height":679},{"@type":"BreadcrumbList","@id":"http:\/\/elregionalvm.com.ar\/noticias-villa-maria\/a-100-anos-de-otra-pandemia-que-asolo-el-planeta-con-barbijo-incluido\/#breadcrumb","itemListElement":[{"@type":"ListItem","position":1,"name":"Portada","item":"https:\/\/elregionalvm.com.ar\/noticias-villa-maria\/"},{"@type":"ListItem","position":2,"name":"A 100 a\u00f1os de otra pandemia que asol\u00f3 el planeta (con barbijo incluido)"}]},{"@type":"WebSite","@id":"http:\/\/elregionalvm.com.ar\/noticias-villa-maria\/#website","url":"http:\/\/elregionalvm.com.ar\/noticias-villa-maria\/","name":"El Regional","description":"Mucho m\u00e1s que informaci\u00f3n","potentialAction":[{"@type":"SearchAction","target":{"@type":"EntryPoint","urlTemplate":"http:\/\/elregionalvm.com.ar\/noticias-villa-maria\/?s={search_term_string}"},"query-input":{"@type":"PropertyValueSpecification","valueRequired":true,"valueName":"search_term_string"}}],"inLanguage":"es"},{"@type":"Person","@id":"http:\/\/elregionalvm.com.ar\/noticias-villa-maria\/#\/schema\/person\/a0fb9c422317faca23d50163151bc354","name":"Contenidos El Regional","image":{"@type":"ImageObject","inLanguage":"es","@id":"http:\/\/elregionalvm.com.ar\/noticias-villa-maria\/#\/schema\/person\/image\/","url":"https:\/\/secure.gravatar.com\/avatar\/265b27cb2209af7bb3a1318f03305787d7981a5cc6e6cd08fe5a4ecdf99d4b48?s=96&d=mm&r=g","contentUrl":"https:\/\/secure.gravatar.com\/avatar\/265b27cb2209af7bb3a1318f03305787d7981a5cc6e6cd08fe5a4ecdf99d4b48?s=96&d=mm&r=g","caption":"Contenidos El Regional"},"url":"https:\/\/elregionalvm.com.ar\/noticias-villa-maria\/author\/contenido\/"}]}},"jetpack_featured_media_url":"https:\/\/i0.wp.com\/elregionalvm.com.ar\/noticias-villa-maria\/wp-content\/uploads\/2020\/08\/Gripe-espa%C3%B1ola-barbijo-1.jpg?fit=960%2C679&ssl=1","jetpack_sharing_enabled":true,"_links":{"self":[{"href":"https:\/\/elregionalvm.com.ar\/noticias-villa-maria\/wp-json\/wp\/v2\/posts\/22540","targetHints":{"allow":["GET"]}}],"collection":[{"href":"https:\/\/elregionalvm.com.ar\/noticias-villa-maria\/wp-json\/wp\/v2\/posts"}],"about":[{"href":"https:\/\/elregionalvm.com.ar\/noticias-villa-maria\/wp-json\/wp\/v2\/types\/post"}],"author":[{"embeddable":true,"href":"https:\/\/elregionalvm.com.ar\/noticias-villa-maria\/wp-json\/wp\/v2\/users\/4"}],"replies":[{"embeddable":true,"href":"https:\/\/elregionalvm.com.ar\/noticias-villa-maria\/wp-json\/wp\/v2\/comments?post=22540"}],"version-history":[{"count":2,"href":"https:\/\/elregionalvm.com.ar\/noticias-villa-maria\/wp-json\/wp\/v2\/posts\/22540\/revisions"}],"predecessor-version":[{"id":22592,"href":"https:\/\/elregionalvm.com.ar\/noticias-villa-maria\/wp-json\/wp\/v2\/posts\/22540\/revisions\/22592"}],"wp:featuredmedia":[{"embeddable":true,"href":"https:\/\/elregionalvm.com.ar\/noticias-villa-maria\/wp-json\/wp\/v2\/media\/22591"}],"wp:attachment":[{"href":"https:\/\/elregionalvm.com.ar\/noticias-villa-maria\/wp-json\/wp\/v2\/media?parent=22540"}],"wp:term":[{"taxonomy":"category","embeddable":true,"href":"https:\/\/elregionalvm.com.ar\/noticias-villa-maria\/wp-json\/wp\/v2\/categories?post=22540"},{"taxonomy":"post_tag","embeddable":true,"href":"https:\/\/elregionalvm.com.ar\/noticias-villa-maria\/wp-json\/wp\/v2\/tags?post=22540"}],"curies":[{"name":"wp","href":"https:\/\/api.w.org\/{rel}","templated":true}]}}