{"id":22553,"date":"2020-08-24T19:06:49","date_gmt":"2020-08-24T19:06:49","guid":{"rendered":"https:\/\/elregionalvm.com.ar\/noticias-villa-maria\/?p=22553"},"modified":"2020-08-25T11:06:21","modified_gmt":"2020-08-25T11:06:21","slug":"piden-mayor-compromiso-de-los-jovenes-para-bajar-el-nivel-de-contagios","status":"publish","type":"post","link":"https:\/\/elregionalvm.com.ar\/noticias-villa-maria\/piden-mayor-compromiso-de-los-jovenes-para-bajar-el-nivel-de-contagios\/","title":{"rendered":"Piden mayor compromiso de los j\u00f3venes para bajar el nivel de contagios"},"content":{"rendered":"\n<p>El intendente, Natalio Graglia, particip\u00f3 de la reuni\u00f3n convocada por las autoridades del COE Regional, con j\u00f3venes y representantes de organizaciones que nuclean a la juventud a nivel Villa Nueva y Villa Mar\u00eda.<\/p>\n\n\n\n<p>En el encuentro, los referentes m\u00e9dicos dieron cuenta de la situaci\u00f3n epidemiol\u00f3gica actual en marco de la emergencia sanitaria, y solicitaron la especial colaboraci\u00f3n de la juventud, para evitar reuniones sociales y de esta forma evitar la transmisi\u00f3n del coronavirus.<\/p>\n\n\n\n<p>\u201cLos \u00faltimos informes semanales nos dan la pauta de la tendencia en los contagios, y es necesario reforzar las medidas de prevenci\u00f3n\u201d, detall\u00f3 el intendente durante su alocuci\u00f3n en la presentaci\u00f3n, v\u00eda Zoom, que cont\u00f3 con un centenar de participantes, provenientes de distintas organizaciones.<\/p>\n\n\n\n<p>\u201cSabemos que son esfuerzos muy grandes los que hay que hacer, de no poder ver a familiares o amigos. Pero tambi\u00e9n sabemos del enorme trabajo que est\u00e1n haciendo los m\u00e9dicos y las fuerzas de seguridad para trabajar en materia de prevenci\u00f3n\u201d, insisti\u00f3 Graglia, quien remarc\u00f3 la necesidad de lograr el compromiso de la comunidad en general para tomar las medidas de prevenci\u00f3n que eviten nuevos contagios.<\/p>\n\n\n\n<p><strong>Participantes <\/strong><\/p>\n\n\n\n<p>La actividad cont\u00f3 con la participaci\u00f3n conjunta del presidente del Concejo Deliberante, a cargo del Departamento Ejecutivo Municipal de Villa Mar\u00eda, Pablo Rosso.<\/p>\n\n\n\n<p>Por parte de la Municipalidad de Villa Nueva, tambi\u00e9n participaron el director de Juventud, Adri\u00e1n Buteler, la directora de Relaciones Institucionales, Marina Luna, y la directora de Promoci\u00f3n de Empleo, Ariana Ludue\u00f1a.<\/p>\n","protected":false},"excerpt":{"rendered":"<p>El intendente, Natalio Graglia, particip\u00f3 de la reuni\u00f3n convocada por las autoridades del COE Regional, con j\u00f3venes y representantes de organizaciones que nuclean a la juventud a nivel Villa Nueva y Villa Mar\u00eda. En el encuentro, los referentes m\u00e9dicos dieron cuenta de la situaci\u00f3n epidemiol\u00f3gica actual en marco de la emergencia sanitaria, y solicitaron la [&hellip;]<\/p>\n","protected":false},"author":4,"featured_media":22554,"comment_status":"open","ping_status":"open","sticky":false,"template":"","format":"standard","meta":{"site-sidebar-layout":"default","site-content-layout":"default","ast-site-content-layout":"default","site-content-style":"default","site-sidebar-style":"default","ast-global-header-display":"","ast-banner-title-visibility":"","ast-main-header-display":"","ast-hfb-above-header-display":"","ast-hfb-below-header-display":"","ast-hfb-mobile-header-display":"","site-post-title":"","ast-breadcrumbs-content":"","ast-featured-img":"","footer-sml-layout":"","ast-disable-related-posts":"","theme-transparent-header-meta":"default","adv-header-id-meta":"","stick-header-meta":"","header-above-stick-meta":"","header-main-stick-meta":"","header-below-stick-meta":"","astra-migrate-meta-layouts":"default","ast-page-background-enabled":"default","ast-page-background-meta":{"desktop":{"background-color":"","background-image":"","background-repeat":"repeat","background-position":"center center","background-size":"auto","background-attachment":"scroll","background-type":"","background-media":"","overlay-type":"","overlay-color":"","overlay-opacity":"","overlay-gradient":""},"tablet":{"background-color":"","background-image":"","background-repeat":"repeat","background-position":"center center","background-size":"auto","background-attachment":"scroll","background-type":"","background-media":"","overlay-type":"","overlay-color":"","overlay-opacity":"","overlay-gradient":""},"mobile":{"background-color":"","background-image":"","background-repeat":"repeat","background-position":"center center","background-size":"auto","background-attachment":"scroll","background-type":"","background-media":"","overlay-type":"","overlay-color":"","overlay-opacity":"","overlay-gradient":""}},"ast-content-background-meta":{"desktop":{"background-color":"var(--ast-global-color-5)","background-image":"","background-repeat":"repeat","background-position":"center center","background-size":"auto","background-attachment":"scroll","background-type":"","background-media":"","overlay-type":"","overlay-color":"","overlay-opacity":"","overlay-gradient":""},"tablet":{"background-color":"var(--ast-global-color-5)","background-image":"","background-repeat":"repeat","background-position":"center center","background-size":"auto","background-attachment":"scroll","background-type":"","background-media":"","overlay-type":"","overlay-color":"","overlay-opacity":"","overlay-gradient":""},"mobile":{"background-color":"var(--ast-global-color-5)","background-image":"","background-repeat":"repeat","background-position":"center center","background-size":"auto","background-attachment":"scroll","background-type":"","background-media":"","overlay-type":"","overlay-color":"","overlay-opacity":"","overlay-gradient":""}},"_jetpack_memberships_contains_paid_content":false,"_joinchat":[],"footnotes":""},"categories":[1408],"tags":[2035,458,3105,1998,2364,114],"class_list":["post-22553","post","type-post","status-publish","format-standard","has-post-thumbnail","hentry","category-villa-nueva","tag-cuarentena","tag-jovenes","tag-municipalidad-de-villa-nueva","tag-pandemia","tag-reunion","tag-zoom"],"yoast_head":"<!-- This site is optimized with the Yoast SEO plugin v26.8 - https:\/\/yoast.com\/product\/yoast-seo-wordpress\/ -->\n<title>Piden mayor compromiso de los j\u00f3venes para bajar el nivel de contagios - El Regional<\/title>\n<meta name=\"description\" content=\"Autoridades solicitaron la especial colaboraci\u00f3n de la juventud, para evitar reuniones sociales y de esta forma evitar la transmisi\u00f3n del coronavirus.\" \/>\n<meta name=\"robots\" content=\"index, follow, max-snippet:-1, max-image-preview:large, max-video-preview:-1\" \/>\n<link rel=\"canonical\" href=\"http:\/\/elregionalvm.com.ar\/noticias-villa-maria\/piden-mayor-compromiso-de-los-jovenes-para-bajar-el-nivel-de-contagios\/\" \/>\n<meta property=\"og:locale\" content=\"es_ES\" \/>\n<meta property=\"og:type\" content=\"article\" \/>\n<meta property=\"og:title\" content=\"Piden mayor compromiso de los j\u00f3venes para bajar el nivel de contagios - El Regional\" \/>\n<meta property=\"og:description\" content=\"Autoridades solicitaron la especial colaboraci\u00f3n de la juventud, para evitar reuniones sociales y de esta forma evitar la transmisi\u00f3n del coronavirus.\" \/>\n<meta property=\"og:url\" content=\"http:\/\/elregionalvm.com.ar\/noticias-villa-maria\/piden-mayor-compromiso-de-los-jovenes-para-bajar-el-nivel-de-contagios\/\" \/>\n<meta property=\"og:site_name\" content=\"El Regional\" \/>\n<meta property=\"article:publisher\" content=\"https:\/\/www.facebook.com\/elregionalvm\" \/>\n<meta property=\"article:published_time\" content=\"2020-08-24T19:06:49+00:00\" \/>\n<meta property=\"article:modified_time\" content=\"2020-08-25T11:06:21+00:00\" \/>\n<meta property=\"og:image\" content=\"http:\/\/elregionalvm.com.ar\/noticias-villa-maria\/wp-content\/uploads\/2020\/08\/Zoom-j\u00f3venes-Villa-Nueva.jpeg\" \/>\n\t<meta property=\"og:image:width\" content=\"940\" \/>\n\t<meta property=\"og:image:height\" content=\"557\" \/>\n\t<meta property=\"og:image:type\" content=\"image\/jpeg\" \/>\n<meta name=\"author\" content=\"Contenidos El Regional\" \/>\n<meta name=\"twitter:card\" content=\"summary_large_image\" \/>\n<meta name=\"twitter:creator\" content=\"@elregionalvm1\" \/>\n<meta name=\"twitter:site\" content=\"@elregionalvm1\" \/>\n<meta name=\"twitter:label1\" content=\"Escrito por\" \/>\n\t<meta name=\"twitter:data1\" content=\"Contenidos El Regional\" \/>\n\t<meta name=\"twitter:label2\" content=\"Tiempo de lectura\" \/>\n\t<meta name=\"twitter:data2\" content=\"1 minuto\" \/>\n<script type=\"application\/ld+json\" class=\"yoast-schema-graph\">{\"@context\":\"https:\/\/schema.org\",\"@graph\":[{\"@type\":\"Article\",\"@id\":\"http:\/\/elregionalvm.com.ar\/noticias-villa-maria\/piden-mayor-compromiso-de-los-jovenes-para-bajar-el-nivel-de-contagios\/#article\",\"isPartOf\":{\"@id\":\"http:\/\/elregionalvm.com.ar\/noticias-villa-maria\/piden-mayor-compromiso-de-los-jovenes-para-bajar-el-nivel-de-contagios\/\"},\"author\":{\"name\":\"Contenidos El Regional\",\"@id\":\"http:\/\/elregionalvm.com.ar\/noticias-villa-maria\/#\/schema\/person\/a0fb9c422317faca23d50163151bc354\"},\"headline\":\"Piden mayor compromiso de los j\u00f3venes para bajar el nivel de contagios\",\"datePublished\":\"2020-08-24T19:06:49+00:00\",\"dateModified\":\"2020-08-25T11:06:21+00:00\",\"mainEntityOfPage\":{\"@id\":\"http:\/\/elregionalvm.com.ar\/noticias-villa-maria\/piden-mayor-compromiso-de-los-jovenes-para-bajar-el-nivel-de-contagios\/\"},\"wordCount\":275,\"commentCount\":0,\"image\":{\"@id\":\"http:\/\/elregionalvm.com.ar\/noticias-villa-maria\/piden-mayor-compromiso-de-los-jovenes-para-bajar-el-nivel-de-contagios\/#primaryimage\"},\"thumbnailUrl\":\"https:\/\/i0.wp.com\/elregionalvm.com.ar\/noticias-villa-maria\/wp-content\/uploads\/2020\/08\/Zoom-j%C3%B3venes-Villa-Nueva.jpeg?fit=940%2C557&ssl=1\",\"keywords\":[\"cuarentena\",\"j\u00f3venes\",\"Municipalidad de Villa Nueva\",\"pandemia\",\"reuni\u00f3n\",\"zoom\"],\"articleSection\":[\"Villa Nueva\"],\"inLanguage\":\"es\",\"potentialAction\":[{\"@type\":\"CommentAction\",\"name\":\"Comment\",\"target\":[\"http:\/\/elregionalvm.com.ar\/noticias-villa-maria\/piden-mayor-compromiso-de-los-jovenes-para-bajar-el-nivel-de-contagios\/#respond\"]}]},{\"@type\":\"WebPage\",\"@id\":\"http:\/\/elregionalvm.com.ar\/noticias-villa-maria\/piden-mayor-compromiso-de-los-jovenes-para-bajar-el-nivel-de-contagios\/\",\"url\":\"http:\/\/elregionalvm.com.ar\/noticias-villa-maria\/piden-mayor-compromiso-de-los-jovenes-para-bajar-el-nivel-de-contagios\/\",\"name\":\"Piden mayor compromiso de los j\u00f3venes para bajar el nivel de contagios - El Regional\",\"isPartOf\":{\"@id\":\"http:\/\/elregionalvm.com.ar\/noticias-villa-maria\/#website\"},\"primaryImageOfPage\":{\"@id\":\"http:\/\/elregionalvm.com.ar\/noticias-villa-maria\/piden-mayor-compromiso-de-los-jovenes-para-bajar-el-nivel-de-contagios\/#primaryimage\"},\"image\":{\"@id\":\"http:\/\/elregionalvm.com.ar\/noticias-villa-maria\/piden-mayor-compromiso-de-los-jovenes-para-bajar-el-nivel-de-contagios\/#primaryimage\"},\"thumbnailUrl\":\"https:\/\/i0.wp.com\/elregionalvm.com.ar\/noticias-villa-maria\/wp-content\/uploads\/2020\/08\/Zoom-j%C3%B3venes-Villa-Nueva.jpeg?fit=940%2C557&ssl=1\",\"datePublished\":\"2020-08-24T19:06:49+00:00\",\"dateModified\":\"2020-08-25T11:06:21+00:00\",\"author\":{\"@id\":\"http:\/\/elregionalvm.com.ar\/noticias-villa-maria\/#\/schema\/person\/a0fb9c422317faca23d50163151bc354\"},\"description\":\"Autoridades solicitaron la especial colaboraci\u00f3n de la juventud, para evitar reuniones sociales y de esta forma evitar la transmisi\u00f3n del coronavirus.\",\"breadcrumb\":{\"@id\":\"http:\/\/elregionalvm.com.ar\/noticias-villa-maria\/piden-mayor-compromiso-de-los-jovenes-para-bajar-el-nivel-de-contagios\/#breadcrumb\"},\"inLanguage\":\"es\",\"potentialAction\":[{\"@type\":\"ReadAction\",\"target\":[\"http:\/\/elregionalvm.com.ar\/noticias-villa-maria\/piden-mayor-compromiso-de-los-jovenes-para-bajar-el-nivel-de-contagios\/\"]}]},{\"@type\":\"ImageObject\",\"inLanguage\":\"es\",\"@id\":\"http:\/\/elregionalvm.com.ar\/noticias-villa-maria\/piden-mayor-compromiso-de-los-jovenes-para-bajar-el-nivel-de-contagios\/#primaryimage\",\"url\":\"https:\/\/i0.wp.com\/elregionalvm.com.ar\/noticias-villa-maria\/wp-content\/uploads\/2020\/08\/Zoom-j%C3%B3venes-Villa-Nueva.jpeg?fit=940%2C557&ssl=1\",\"contentUrl\":\"https:\/\/i0.wp.com\/elregionalvm.com.ar\/noticias-villa-maria\/wp-content\/uploads\/2020\/08\/Zoom-j%C3%B3venes-Villa-Nueva.jpeg?fit=940%2C557&ssl=1\",\"width\":940,\"height\":557},{\"@type\":\"BreadcrumbList\",\"@id\":\"http:\/\/elregionalvm.com.ar\/noticias-villa-maria\/piden-mayor-compromiso-de-los-jovenes-para-bajar-el-nivel-de-contagios\/#breadcrumb\",\"itemListElement\":[{\"@type\":\"ListItem\",\"position\":1,\"name\":\"Portada\",\"item\":\"https:\/\/elregionalvm.com.ar\/noticias-villa-maria\/\"},{\"@type\":\"ListItem\",\"position\":2,\"name\":\"Piden mayor compromiso de los j\u00f3venes para bajar el nivel de contagios\"}]},{\"@type\":\"WebSite\",\"@id\":\"http:\/\/elregionalvm.com.ar\/noticias-villa-maria\/#website\",\"url\":\"http:\/\/elregionalvm.com.ar\/noticias-villa-maria\/\",\"name\":\"El Regional\",\"description\":\"Mucho m\u00e1s que informaci\u00f3n\",\"potentialAction\":[{\"@type\":\"SearchAction\",\"target\":{\"@type\":\"EntryPoint\",\"urlTemplate\":\"http:\/\/elregionalvm.com.ar\/noticias-villa-maria\/?s={search_term_string}\"},\"query-input\":{\"@type\":\"PropertyValueSpecification\",\"valueRequired\":true,\"valueName\":\"search_term_string\"}}],\"inLanguage\":\"es\"},{\"@type\":\"Person\",\"@id\":\"http:\/\/elregionalvm.com.ar\/noticias-villa-maria\/#\/schema\/person\/a0fb9c422317faca23d50163151bc354\",\"name\":\"Contenidos El Regional\",\"image\":{\"@type\":\"ImageObject\",\"inLanguage\":\"es\",\"@id\":\"http:\/\/elregionalvm.com.ar\/noticias-villa-maria\/#\/schema\/person\/image\/\",\"url\":\"https:\/\/secure.gravatar.com\/avatar\/265b27cb2209af7bb3a1318f03305787d7981a5cc6e6cd08fe5a4ecdf99d4b48?s=96&d=mm&r=g\",\"contentUrl\":\"https:\/\/secure.gravatar.com\/avatar\/265b27cb2209af7bb3a1318f03305787d7981a5cc6e6cd08fe5a4ecdf99d4b48?s=96&d=mm&r=g\",\"caption\":\"Contenidos El Regional\"},\"url\":\"https:\/\/elregionalvm.com.ar\/noticias-villa-maria\/author\/contenido\/\"}]}<\/script>\n<!-- \/ Yoast SEO plugin. -->","yoast_head_json":{"title":"Piden mayor compromiso de los j\u00f3venes para bajar el nivel de contagios - El Regional","description":"Autoridades solicitaron la especial colaboraci\u00f3n de la juventud, para evitar reuniones sociales y de esta forma evitar la transmisi\u00f3n del coronavirus.","robots":{"index":"index","follow":"follow","max-snippet":"max-snippet:-1","max-image-preview":"max-image-preview:large","max-video-preview":"max-video-preview:-1"},"canonical":"http:\/\/elregionalvm.com.ar\/noticias-villa-maria\/piden-mayor-compromiso-de-los-jovenes-para-bajar-el-nivel-de-contagios\/","og_locale":"es_ES","og_type":"article","og_title":"Piden mayor compromiso de los j\u00f3venes para bajar el nivel de contagios - El Regional","og_description":"Autoridades solicitaron la especial colaboraci\u00f3n de la juventud, para evitar reuniones sociales y de esta forma evitar la transmisi\u00f3n del coronavirus.","og_url":"http:\/\/elregionalvm.com.ar\/noticias-villa-maria\/piden-mayor-compromiso-de-los-jovenes-para-bajar-el-nivel-de-contagios\/","og_site_name":"El Regional","article_publisher":"https:\/\/www.facebook.com\/elregionalvm","article_published_time":"2020-08-24T19:06:49+00:00","article_modified_time":"2020-08-25T11:06:21+00:00","og_image":[{"width":940,"height":557,"url":"http:\/\/elregionalvm.com.ar\/noticias-villa-maria\/wp-content\/uploads\/2020\/08\/Zoom-j\u00f3venes-Villa-Nueva.jpeg","type":"image\/jpeg"}],"author":"Contenidos El Regional","twitter_card":"summary_large_image","twitter_creator":"@elregionalvm1","twitter_site":"@elregionalvm1","twitter_misc":{"Escrito por":"Contenidos El Regional","Tiempo de lectura":"1 minuto"},"schema":{"@context":"https:\/\/schema.org","@graph":[{"@type":"Article","@id":"http:\/\/elregionalvm.com.ar\/noticias-villa-maria\/piden-mayor-compromiso-de-los-jovenes-para-bajar-el-nivel-de-contagios\/#article","isPartOf":{"@id":"http:\/\/elregionalvm.com.ar\/noticias-villa-maria\/piden-mayor-compromiso-de-los-jovenes-para-bajar-el-nivel-de-contagios\/"},"author":{"name":"Contenidos El Regional","@id":"http:\/\/elregionalvm.com.ar\/noticias-villa-maria\/#\/schema\/person\/a0fb9c422317faca23d50163151bc354"},"headline":"Piden mayor compromiso de los j\u00f3venes para bajar el nivel de contagios","datePublished":"2020-08-24T19:06:49+00:00","dateModified":"2020-08-25T11:06:21+00:00","mainEntityOfPage":{"@id":"http:\/\/elregionalvm.com.ar\/noticias-villa-maria\/piden-mayor-compromiso-de-los-jovenes-para-bajar-el-nivel-de-contagios\/"},"wordCount":275,"commentCount":0,"image":{"@id":"http:\/\/elregionalvm.com.ar\/noticias-villa-maria\/piden-mayor-compromiso-de-los-jovenes-para-bajar-el-nivel-de-contagios\/#primaryimage"},"thumbnailUrl":"https:\/\/i0.wp.com\/elregionalvm.com.ar\/noticias-villa-maria\/wp-content\/uploads\/2020\/08\/Zoom-j%C3%B3venes-Villa-Nueva.jpeg?fit=940%2C557&ssl=1","keywords":["cuarentena","j\u00f3venes","Municipalidad de Villa Nueva","pandemia","reuni\u00f3n","zoom"],"articleSection":["Villa Nueva"],"inLanguage":"es","potentialAction":[{"@type":"CommentAction","name":"Comment","target":["http:\/\/elregionalvm.com.ar\/noticias-villa-maria\/piden-mayor-compromiso-de-los-jovenes-para-bajar-el-nivel-de-contagios\/#respond"]}]},{"@type":"WebPage","@id":"http:\/\/elregionalvm.com.ar\/noticias-villa-maria\/piden-mayor-compromiso-de-los-jovenes-para-bajar-el-nivel-de-contagios\/","url":"http:\/\/elregionalvm.com.ar\/noticias-villa-maria\/piden-mayor-compromiso-de-los-jovenes-para-bajar-el-nivel-de-contagios\/","name":"Piden mayor compromiso de los j\u00f3venes para bajar el nivel de contagios - El Regional","isPartOf":{"@id":"http:\/\/elregionalvm.com.ar\/noticias-villa-maria\/#website"},"primaryImageOfPage":{"@id":"http:\/\/elregionalvm.com.ar\/noticias-villa-maria\/piden-mayor-compromiso-de-los-jovenes-para-bajar-el-nivel-de-contagios\/#primaryimage"},"image":{"@id":"http:\/\/elregionalvm.com.ar\/noticias-villa-maria\/piden-mayor-compromiso-de-los-jovenes-para-bajar-el-nivel-de-contagios\/#primaryimage"},"thumbnailUrl":"https:\/\/i0.wp.com\/elregionalvm.com.ar\/noticias-villa-maria\/wp-content\/uploads\/2020\/08\/Zoom-j%C3%B3venes-Villa-Nueva.jpeg?fit=940%2C557&ssl=1","datePublished":"2020-08-24T19:06:49+00:00","dateModified":"2020-08-25T11:06:21+00:00","author":{"@id":"http:\/\/elregionalvm.com.ar\/noticias-villa-maria\/#\/schema\/person\/a0fb9c422317faca23d50163151bc354"},"description":"Autoridades solicitaron la especial colaboraci\u00f3n de la juventud, para evitar reuniones sociales y de esta forma evitar la transmisi\u00f3n del coronavirus.","breadcrumb":{"@id":"http:\/\/elregionalvm.com.ar\/noticias-villa-maria\/piden-mayor-compromiso-de-los-jovenes-para-bajar-el-nivel-de-contagios\/#breadcrumb"},"inLanguage":"es","potentialAction":[{"@type":"ReadAction","target":["http:\/\/elregionalvm.com.ar\/noticias-villa-maria\/piden-mayor-compromiso-de-los-jovenes-para-bajar-el-nivel-de-contagios\/"]}]},{"@type":"ImageObject","inLanguage":"es","@id":"http:\/\/elregionalvm.com.ar\/noticias-villa-maria\/piden-mayor-compromiso-de-los-jovenes-para-bajar-el-nivel-de-contagios\/#primaryimage","url":"https:\/\/i0.wp.com\/elregionalvm.com.ar\/noticias-villa-maria\/wp-content\/uploads\/2020\/08\/Zoom-j%C3%B3venes-Villa-Nueva.jpeg?fit=940%2C557&ssl=1","contentUrl":"https:\/\/i0.wp.com\/elregionalvm.com.ar\/noticias-villa-maria\/wp-content\/uploads\/2020\/08\/Zoom-j%C3%B3venes-Villa-Nueva.jpeg?fit=940%2C557&ssl=1","width":940,"height":557},{"@type":"BreadcrumbList","@id":"http:\/\/elregionalvm.com.ar\/noticias-villa-maria\/piden-mayor-compromiso-de-los-jovenes-para-bajar-el-nivel-de-contagios\/#breadcrumb","itemListElement":[{"@type":"ListItem","position":1,"name":"Portada","item":"https:\/\/elregionalvm.com.ar\/noticias-villa-maria\/"},{"@type":"ListItem","position":2,"name":"Piden mayor compromiso de los j\u00f3venes para bajar el nivel de contagios"}]},{"@type":"WebSite","@id":"http:\/\/elregionalvm.com.ar\/noticias-villa-maria\/#website","url":"http:\/\/elregionalvm.com.ar\/noticias-villa-maria\/","name":"El Regional","description":"Mucho m\u00e1s que informaci\u00f3n","potentialAction":[{"@type":"SearchAction","target":{"@type":"EntryPoint","urlTemplate":"http:\/\/elregionalvm.com.ar\/noticias-villa-maria\/?s={search_term_string}"},"query-input":{"@type":"PropertyValueSpecification","valueRequired":true,"valueName":"search_term_string"}}],"inLanguage":"es"},{"@type":"Person","@id":"http:\/\/elregionalvm.com.ar\/noticias-villa-maria\/#\/schema\/person\/a0fb9c422317faca23d50163151bc354","name":"Contenidos El Regional","image":{"@type":"ImageObject","inLanguage":"es","@id":"http:\/\/elregionalvm.com.ar\/noticias-villa-maria\/#\/schema\/person\/image\/","url":"https:\/\/secure.gravatar.com\/avatar\/265b27cb2209af7bb3a1318f03305787d7981a5cc6e6cd08fe5a4ecdf99d4b48?s=96&d=mm&r=g","contentUrl":"https:\/\/secure.gravatar.com\/avatar\/265b27cb2209af7bb3a1318f03305787d7981a5cc6e6cd08fe5a4ecdf99d4b48?s=96&d=mm&r=g","caption":"Contenidos El Regional"},"url":"https:\/\/elregionalvm.com.ar\/noticias-villa-maria\/author\/contenido\/"}]}},"jetpack_featured_media_url":"https:\/\/i0.wp.com\/elregionalvm.com.ar\/noticias-villa-maria\/wp-content\/uploads\/2020\/08\/Zoom-j%C3%B3venes-Villa-Nueva.jpeg?fit=940%2C557&ssl=1","jetpack_sharing_enabled":true,"_links":{"self":[{"href":"https:\/\/elregionalvm.com.ar\/noticias-villa-maria\/wp-json\/wp\/v2\/posts\/22553","targetHints":{"allow":["GET"]}}],"collection":[{"href":"https:\/\/elregionalvm.com.ar\/noticias-villa-maria\/wp-json\/wp\/v2\/posts"}],"about":[{"href":"https:\/\/elregionalvm.com.ar\/noticias-villa-maria\/wp-json\/wp\/v2\/types\/post"}],"author":[{"embeddable":true,"href":"https:\/\/elregionalvm.com.ar\/noticias-villa-maria\/wp-json\/wp\/v2\/users\/4"}],"replies":[{"embeddable":true,"href":"https:\/\/elregionalvm.com.ar\/noticias-villa-maria\/wp-json\/wp\/v2\/comments?post=22553"}],"version-history":[{"count":1,"href":"https:\/\/elregionalvm.com.ar\/noticias-villa-maria\/wp-json\/wp\/v2\/posts\/22553\/revisions"}],"predecessor-version":[{"id":22555,"href":"https:\/\/elregionalvm.com.ar\/noticias-villa-maria\/wp-json\/wp\/v2\/posts\/22553\/revisions\/22555"}],"wp:featuredmedia":[{"embeddable":true,"href":"https:\/\/elregionalvm.com.ar\/noticias-villa-maria\/wp-json\/wp\/v2\/media\/22554"}],"wp:attachment":[{"href":"https:\/\/elregionalvm.com.ar\/noticias-villa-maria\/wp-json\/wp\/v2\/media?parent=22553"}],"wp:term":[{"taxonomy":"category","embeddable":true,"href":"https:\/\/elregionalvm.com.ar\/noticias-villa-maria\/wp-json\/wp\/v2\/categories?post=22553"},{"taxonomy":"post_tag","embeddable":true,"href":"https:\/\/elregionalvm.com.ar\/noticias-villa-maria\/wp-json\/wp\/v2\/tags?post=22553"}],"curies":[{"name":"wp","href":"https:\/\/api.w.org\/{rel}","templated":true}]}}