{"id":22556,"date":"2020-08-24T22:12:10","date_gmt":"2020-08-24T22:12:10","guid":{"rendered":"https:\/\/elregionalvm.com.ar\/noticias-villa-maria\/?p=22556"},"modified":"2020-08-24T22:12:11","modified_gmt":"2020-08-24T22:12:11","slug":"entraron-a-robar-en-una-vivienda-y-las-agarraron-con-las-manos-en-la-masa","status":"publish","type":"post","link":"https:\/\/elregionalvm.com.ar\/noticias-villa-maria\/entraron-a-robar-en-una-vivienda-y-las-agarraron-con-las-manos-en-la-masa\/","title":{"rendered":"Entraron a robar en una vivienda y las agarraron \u00abcon las manos en la masa\u00bb"},"content":{"rendered":"\n<p>Ayer por la tarde, personal policial acudi\u00f3 a una vivienda ubicada en ruta nacional N\u00ba 9, a la altura del km 554, donde ocurri\u00f3 un hecho de robo contra esa propiedad. <\/p>\n\n\n\n<p>Al llegar al lugar, se procedi\u00f3 a la aprehensi\u00f3n de dos mujeres de 19 y 21 a\u00f1os de edad por ser las supuestas autoras del delito de \u201crobo\u201d  ya que al momento de regresar el propietario, \u00e9stas habr\u00edan logrado sustraer varios elementos, entre ellos herramientas, mercader\u00edas, calzado y juegos de una consola. <\/p>\n\n\n\n<p>De todos modos, entre lo secuestrado no estaba la totalidad de los art\u00edculos electr\u00f3nicos robados en la morada, por lo que se procur\u00f3 establecer la localizaci\u00f3n de esos elementos con tareas de pesquisa realizadas por el personal de la Divisi\u00f3n Investigaciones de la departamental. Horas m\u00e1s tarde, realizaron una orden judicial de allanamiento para una vivienda de barrio Las Playas que arroj\u00f3 resultado positivo, donde procedieron al secuestro de una consola de Play Station con dos joysticks, un tel\u00e9fono celular y un televisor de 21 pulgadas.<\/p>\n\n\n\n<figure class=\"wp-block-image size-large\"><img data-recalc-dims=\"1\" fetchpriority=\"high\" decoding=\"async\" width=\"1024\" height=\"895\" src=\"https:\/\/i0.wp.com\/elregionalvm.com.ar\/noticias-villa-maria\/wp-content\/uploads\/2020\/08\/WhatsApp-Image-2020-08-24-at-18.18.59.jpeg?resize=1024%2C895&#038;ssl=1\" alt=\"\" class=\"wp-image-22558\" srcset=\"https:\/\/i0.wp.com\/elregionalvm.com.ar\/noticias-villa-maria\/wp-content\/uploads\/2020\/08\/WhatsApp-Image-2020-08-24-at-18.18.59.jpeg?resize=1024%2C895&amp;ssl=1 1024w, https:\/\/i0.wp.com\/elregionalvm.com.ar\/noticias-villa-maria\/wp-content\/uploads\/2020\/08\/WhatsApp-Image-2020-08-24-at-18.18.59.jpeg?resize=300%2C262&amp;ssl=1 300w, https:\/\/i0.wp.com\/elregionalvm.com.ar\/noticias-villa-maria\/wp-content\/uploads\/2020\/08\/WhatsApp-Image-2020-08-24-at-18.18.59.jpeg?resize=768%2C671&amp;ssl=1 768w, https:\/\/i0.wp.com\/elregionalvm.com.ar\/noticias-villa-maria\/wp-content\/uploads\/2020\/08\/WhatsApp-Image-2020-08-24-at-18.18.59.jpeg?w=1280&amp;ssl=1 1280w\" sizes=\"(max-width: 1000px) 100vw, 1000px\" \/><figcaption>Otros elementos robados que fueron recuperados por la polic\u00eda<\/figcaption><\/figure>\n","protected":false},"excerpt":{"rendered":"<p>Ayer por la tarde, personal policial acudi\u00f3 a una vivienda ubicada en ruta nacional N\u00ba 9, a la altura del km 554, donde ocurri\u00f3 un hecho de robo contra esa propiedad. Al llegar al lugar, se procedi\u00f3 a la aprehensi\u00f3n de dos mujeres de 19 y 21 a\u00f1os de edad por ser las supuestas autoras [&hellip;]<\/p>\n","protected":false},"author":4,"featured_media":22557,"comment_status":"open","ping_status":"open","sticky":false,"template":"","format":"standard","meta":{"site-sidebar-layout":"default","site-content-layout":"default","ast-site-content-layout":"default","site-content-style":"default","site-sidebar-style":"default","ast-global-header-display":"","ast-banner-title-visibility":"","ast-main-header-display":"","ast-hfb-above-header-display":"","ast-hfb-below-header-display":"","ast-hfb-mobile-header-display":"","site-post-title":"","ast-breadcrumbs-content":"","ast-featured-img":"","footer-sml-layout":"","ast-disable-related-posts":"","theme-transparent-header-meta":"default","adv-header-id-meta":"","stick-header-meta":"","header-above-stick-meta":"","header-main-stick-meta":"","header-below-stick-meta":"","astra-migrate-meta-layouts":"default","ast-page-background-enabled":"default","ast-page-background-meta":{"desktop":{"background-color":"","background-image":"","background-repeat":"repeat","background-position":"center center","background-size":"auto","background-attachment":"scroll","background-type":"","background-media":"","overlay-type":"","overlay-color":"","overlay-opacity":"","overlay-gradient":""},"tablet":{"background-color":"","background-image":"","background-repeat":"repeat","background-position":"center center","background-size":"auto","background-attachment":"scroll","background-type":"","background-media":"","overlay-type":"","overlay-color":"","overlay-opacity":"","overlay-gradient":""},"mobile":{"background-color":"","background-image":"","background-repeat":"repeat","background-position":"center center","background-size":"auto","background-attachment":"scroll","background-type":"","background-media":"","overlay-type":"","overlay-color":"","overlay-opacity":"","overlay-gradient":""}},"ast-content-background-meta":{"desktop":{"background-color":"var(--ast-global-color-5)","background-image":"","background-repeat":"repeat","background-position":"center center","background-size":"auto","background-attachment":"scroll","background-type":"","background-media":"","overlay-type":"","overlay-color":"","overlay-opacity":"","overlay-gradient":""},"tablet":{"background-color":"var(--ast-global-color-5)","background-image":"","background-repeat":"repeat","background-position":"center center","background-size":"auto","background-attachment":"scroll","background-type":"","background-media":"","overlay-type":"","overlay-color":"","overlay-opacity":"","overlay-gradient":""},"mobile":{"background-color":"var(--ast-global-color-5)","background-image":"","background-repeat":"repeat","background-position":"center center","background-size":"auto","background-attachment":"scroll","background-type":"","background-media":"","overlay-type":"","overlay-color":"","overlay-opacity":"","overlay-gradient":""}},"_jetpack_memberships_contains_paid_content":false,"_joinchat":[],"footnotes":""},"categories":[2234],"tags":[3506,3500,3502,3499,3503,3504,3505,3501],"class_list":["post-22556","post","type-post","status-publish","format-standard","has-post-thumbnail","hentry","category-policiales","tag-casa-de-las-playas","tag-elementos-recuperados","tag-km-554","tag-ladrones-atrapados","tag-play-station","tag-telefono-celular","tag-tv-21-pulgadas","tag-vivienda-ruta-9"],"yoast_head":"<!-- This site is optimized with the Yoast SEO plugin v26.8 - https:\/\/yoast.com\/product\/yoast-seo-wordpress\/ -->\n<title>Entraron a robar en una vivienda y las agarraron &quot;con las manos en la masa&quot; - El Regional<\/title>\n<meta name=\"robots\" content=\"index, follow, max-snippet:-1, max-image-preview:large, max-video-preview:-1\" \/>\n<link rel=\"canonical\" href=\"http:\/\/elregionalvm.com.ar\/noticias-villa-maria\/entraron-a-robar-en-una-vivienda-y-las-agarraron-con-las-manos-en-la-masa\/\" \/>\n<meta property=\"og:locale\" content=\"es_ES\" \/>\n<meta property=\"og:type\" content=\"article\" \/>\n<meta property=\"og:title\" content=\"Entraron a robar en una vivienda y las agarraron &quot;con las manos en la masa&quot; - El Regional\" \/>\n<meta property=\"og:description\" content=\"Ayer por la tarde, personal policial acudi\u00f3 a una vivienda ubicada en ruta nacional N\u00ba 9, a la altura del km 554, donde ocurri\u00f3 un hecho de robo contra esa propiedad. Al llegar al lugar, se procedi\u00f3 a la aprehensi\u00f3n de dos mujeres de 19 y 21 a\u00f1os de edad por ser las supuestas autoras [&hellip;]\" \/>\n<meta property=\"og:url\" content=\"http:\/\/elregionalvm.com.ar\/noticias-villa-maria\/entraron-a-robar-en-una-vivienda-y-las-agarraron-con-las-manos-en-la-masa\/\" \/>\n<meta property=\"og:site_name\" content=\"El Regional\" \/>\n<meta property=\"article:publisher\" content=\"https:\/\/www.facebook.com\/elregionalvm\" \/>\n<meta property=\"article:published_time\" content=\"2020-08-24T22:12:10+00:00\" \/>\n<meta property=\"article:modified_time\" content=\"2020-08-24T22:12:11+00:00\" \/>\n<meta property=\"og:image\" content=\"http:\/\/elregionalvm.com.ar\/noticias-villa-maria\/wp-content\/uploads\/2020\/08\/WhatsApp-Image-2020-08-24-at-18.18.58.jpeg\" \/>\n\t<meta property=\"og:image:width\" content=\"1280\" \/>\n\t<meta property=\"og:image:height\" content=\"720\" \/>\n\t<meta property=\"og:image:type\" content=\"image\/jpeg\" \/>\n<meta name=\"author\" content=\"Contenidos El Regional\" \/>\n<meta name=\"twitter:card\" content=\"summary_large_image\" \/>\n<meta name=\"twitter:creator\" content=\"@elregionalvm1\" \/>\n<meta name=\"twitter:site\" content=\"@elregionalvm1\" \/>\n<meta name=\"twitter:label1\" content=\"Escrito por\" \/>\n\t<meta name=\"twitter:data1\" content=\"Contenidos El Regional\" \/>\n\t<meta name=\"twitter:label2\" content=\"Tiempo de lectura\" \/>\n\t<meta name=\"twitter:data2\" content=\"1 minuto\" \/>\n<script type=\"application\/ld+json\" class=\"yoast-schema-graph\">{\"@context\":\"https:\/\/schema.org\",\"@graph\":[{\"@type\":\"Article\",\"@id\":\"http:\/\/elregionalvm.com.ar\/noticias-villa-maria\/entraron-a-robar-en-una-vivienda-y-las-agarraron-con-las-manos-en-la-masa\/#article\",\"isPartOf\":{\"@id\":\"http:\/\/elregionalvm.com.ar\/noticias-villa-maria\/entraron-a-robar-en-una-vivienda-y-las-agarraron-con-las-manos-en-la-masa\/\"},\"author\":{\"name\":\"Contenidos El Regional\",\"@id\":\"http:\/\/elregionalvm.com.ar\/noticias-villa-maria\/#\/schema\/person\/a0fb9c422317faca23d50163151bc354\"},\"headline\":\"Entraron a robar en una vivienda y las agarraron \u00abcon las manos en la masa\u00bb\",\"datePublished\":\"2020-08-24T22:12:10+00:00\",\"dateModified\":\"2020-08-24T22:12:11+00:00\",\"mainEntityOfPage\":{\"@id\":\"http:\/\/elregionalvm.com.ar\/noticias-villa-maria\/entraron-a-robar-en-una-vivienda-y-las-agarraron-con-las-manos-en-la-masa\/\"},\"wordCount\":199,\"commentCount\":0,\"image\":{\"@id\":\"http:\/\/elregionalvm.com.ar\/noticias-villa-maria\/entraron-a-robar-en-una-vivienda-y-las-agarraron-con-las-manos-en-la-masa\/#primaryimage\"},\"thumbnailUrl\":\"https:\/\/i0.wp.com\/elregionalvm.com.ar\/noticias-villa-maria\/wp-content\/uploads\/2020\/08\/WhatsApp-Image-2020-08-24-at-18.18.58.jpeg?fit=1280%2C720&ssl=1\",\"keywords\":[\"casa de Las Playas\",\"elementos recuperados\",\"Km 554\",\"ladrones atrapados\",\"Play Station\",\"tel\u00e9fono celular\",\"TV 21 pulgadas\",\"vivienda ruta 9\"],\"articleSection\":[\"Policiales\"],\"inLanguage\":\"es\",\"potentialAction\":[{\"@type\":\"CommentAction\",\"name\":\"Comment\",\"target\":[\"http:\/\/elregionalvm.com.ar\/noticias-villa-maria\/entraron-a-robar-en-una-vivienda-y-las-agarraron-con-las-manos-en-la-masa\/#respond\"]}]},{\"@type\":\"WebPage\",\"@id\":\"http:\/\/elregionalvm.com.ar\/noticias-villa-maria\/entraron-a-robar-en-una-vivienda-y-las-agarraron-con-las-manos-en-la-masa\/\",\"url\":\"http:\/\/elregionalvm.com.ar\/noticias-villa-maria\/entraron-a-robar-en-una-vivienda-y-las-agarraron-con-las-manos-en-la-masa\/\",\"name\":\"Entraron a robar en una vivienda y las agarraron \\\"con las manos en la masa\\\" - El Regional\",\"isPartOf\":{\"@id\":\"http:\/\/elregionalvm.com.ar\/noticias-villa-maria\/#website\"},\"primaryImageOfPage\":{\"@id\":\"http:\/\/elregionalvm.com.ar\/noticias-villa-maria\/entraron-a-robar-en-una-vivienda-y-las-agarraron-con-las-manos-en-la-masa\/#primaryimage\"},\"image\":{\"@id\":\"http:\/\/elregionalvm.com.ar\/noticias-villa-maria\/entraron-a-robar-en-una-vivienda-y-las-agarraron-con-las-manos-en-la-masa\/#primaryimage\"},\"thumbnailUrl\":\"https:\/\/i0.wp.com\/elregionalvm.com.ar\/noticias-villa-maria\/wp-content\/uploads\/2020\/08\/WhatsApp-Image-2020-08-24-at-18.18.58.jpeg?fit=1280%2C720&ssl=1\",\"datePublished\":\"2020-08-24T22:12:10+00:00\",\"dateModified\":\"2020-08-24T22:12:11+00:00\",\"author\":{\"@id\":\"http:\/\/elregionalvm.com.ar\/noticias-villa-maria\/#\/schema\/person\/a0fb9c422317faca23d50163151bc354\"},\"breadcrumb\":{\"@id\":\"http:\/\/elregionalvm.com.ar\/noticias-villa-maria\/entraron-a-robar-en-una-vivienda-y-las-agarraron-con-las-manos-en-la-masa\/#breadcrumb\"},\"inLanguage\":\"es\",\"potentialAction\":[{\"@type\":\"ReadAction\",\"target\":[\"http:\/\/elregionalvm.com.ar\/noticias-villa-maria\/entraron-a-robar-en-una-vivienda-y-las-agarraron-con-las-manos-en-la-masa\/\"]}]},{\"@type\":\"ImageObject\",\"inLanguage\":\"es\",\"@id\":\"http:\/\/elregionalvm.com.ar\/noticias-villa-maria\/entraron-a-robar-en-una-vivienda-y-las-agarraron-con-las-manos-en-la-masa\/#primaryimage\",\"url\":\"https:\/\/i0.wp.com\/elregionalvm.com.ar\/noticias-villa-maria\/wp-content\/uploads\/2020\/08\/WhatsApp-Image-2020-08-24-at-18.18.58.jpeg?fit=1280%2C720&ssl=1\",\"contentUrl\":\"https:\/\/i0.wp.com\/elregionalvm.com.ar\/noticias-villa-maria\/wp-content\/uploads\/2020\/08\/WhatsApp-Image-2020-08-24-at-18.18.58.jpeg?fit=1280%2C720&ssl=1\",\"width\":1280,\"height\":720},{\"@type\":\"BreadcrumbList\",\"@id\":\"http:\/\/elregionalvm.com.ar\/noticias-villa-maria\/entraron-a-robar-en-una-vivienda-y-las-agarraron-con-las-manos-en-la-masa\/#breadcrumb\",\"itemListElement\":[{\"@type\":\"ListItem\",\"position\":1,\"name\":\"Portada\",\"item\":\"https:\/\/elregionalvm.com.ar\/noticias-villa-maria\/\"},{\"@type\":\"ListItem\",\"position\":2,\"name\":\"Entraron a robar en una vivienda y las agarraron &#8220;con las manos en la masa&#8221;\"}]},{\"@type\":\"WebSite\",\"@id\":\"http:\/\/elregionalvm.com.ar\/noticias-villa-maria\/#website\",\"url\":\"http:\/\/elregionalvm.com.ar\/noticias-villa-maria\/\",\"name\":\"El Regional\",\"description\":\"Mucho m\u00e1s que informaci\u00f3n\",\"potentialAction\":[{\"@type\":\"SearchAction\",\"target\":{\"@type\":\"EntryPoint\",\"urlTemplate\":\"http:\/\/elregionalvm.com.ar\/noticias-villa-maria\/?s={search_term_string}\"},\"query-input\":{\"@type\":\"PropertyValueSpecification\",\"valueRequired\":true,\"valueName\":\"search_term_string\"}}],\"inLanguage\":\"es\"},{\"@type\":\"Person\",\"@id\":\"http:\/\/elregionalvm.com.ar\/noticias-villa-maria\/#\/schema\/person\/a0fb9c422317faca23d50163151bc354\",\"name\":\"Contenidos El Regional\",\"image\":{\"@type\":\"ImageObject\",\"inLanguage\":\"es\",\"@id\":\"http:\/\/elregionalvm.com.ar\/noticias-villa-maria\/#\/schema\/person\/image\/\",\"url\":\"https:\/\/secure.gravatar.com\/avatar\/265b27cb2209af7bb3a1318f03305787d7981a5cc6e6cd08fe5a4ecdf99d4b48?s=96&d=mm&r=g\",\"contentUrl\":\"https:\/\/secure.gravatar.com\/avatar\/265b27cb2209af7bb3a1318f03305787d7981a5cc6e6cd08fe5a4ecdf99d4b48?s=96&d=mm&r=g\",\"caption\":\"Contenidos El Regional\"},\"url\":\"https:\/\/elregionalvm.com.ar\/noticias-villa-maria\/author\/contenido\/\"}]}<\/script>\n<!-- \/ Yoast SEO plugin. -->","yoast_head_json":{"title":"Entraron a robar en una vivienda y las agarraron \"con las manos en la masa\" - El Regional","robots":{"index":"index","follow":"follow","max-snippet":"max-snippet:-1","max-image-preview":"max-image-preview:large","max-video-preview":"max-video-preview:-1"},"canonical":"http:\/\/elregionalvm.com.ar\/noticias-villa-maria\/entraron-a-robar-en-una-vivienda-y-las-agarraron-con-las-manos-en-la-masa\/","og_locale":"es_ES","og_type":"article","og_title":"Entraron a robar en una vivienda y las agarraron \"con las manos en la masa\" - El Regional","og_description":"Ayer por la tarde, personal policial acudi\u00f3 a una vivienda ubicada en ruta nacional N\u00ba 9, a la altura del km 554, donde ocurri\u00f3 un hecho de robo contra esa propiedad. Al llegar al lugar, se procedi\u00f3 a la aprehensi\u00f3n de dos mujeres de 19 y 21 a\u00f1os de edad por ser las supuestas autoras [&hellip;]","og_url":"http:\/\/elregionalvm.com.ar\/noticias-villa-maria\/entraron-a-robar-en-una-vivienda-y-las-agarraron-con-las-manos-en-la-masa\/","og_site_name":"El Regional","article_publisher":"https:\/\/www.facebook.com\/elregionalvm","article_published_time":"2020-08-24T22:12:10+00:00","article_modified_time":"2020-08-24T22:12:11+00:00","og_image":[{"width":1280,"height":720,"url":"http:\/\/elregionalvm.com.ar\/noticias-villa-maria\/wp-content\/uploads\/2020\/08\/WhatsApp-Image-2020-08-24-at-18.18.58.jpeg","type":"image\/jpeg"}],"author":"Contenidos El Regional","twitter_card":"summary_large_image","twitter_creator":"@elregionalvm1","twitter_site":"@elregionalvm1","twitter_misc":{"Escrito por":"Contenidos El Regional","Tiempo de lectura":"1 minuto"},"schema":{"@context":"https:\/\/schema.org","@graph":[{"@type":"Article","@id":"http:\/\/elregionalvm.com.ar\/noticias-villa-maria\/entraron-a-robar-en-una-vivienda-y-las-agarraron-con-las-manos-en-la-masa\/#article","isPartOf":{"@id":"http:\/\/elregionalvm.com.ar\/noticias-villa-maria\/entraron-a-robar-en-una-vivienda-y-las-agarraron-con-las-manos-en-la-masa\/"},"author":{"name":"Contenidos El Regional","@id":"http:\/\/elregionalvm.com.ar\/noticias-villa-maria\/#\/schema\/person\/a0fb9c422317faca23d50163151bc354"},"headline":"Entraron a robar en una vivienda y las agarraron \u00abcon las manos en la masa\u00bb","datePublished":"2020-08-24T22:12:10+00:00","dateModified":"2020-08-24T22:12:11+00:00","mainEntityOfPage":{"@id":"http:\/\/elregionalvm.com.ar\/noticias-villa-maria\/entraron-a-robar-en-una-vivienda-y-las-agarraron-con-las-manos-en-la-masa\/"},"wordCount":199,"commentCount":0,"image":{"@id":"http:\/\/elregionalvm.com.ar\/noticias-villa-maria\/entraron-a-robar-en-una-vivienda-y-las-agarraron-con-las-manos-en-la-masa\/#primaryimage"},"thumbnailUrl":"https:\/\/i0.wp.com\/elregionalvm.com.ar\/noticias-villa-maria\/wp-content\/uploads\/2020\/08\/WhatsApp-Image-2020-08-24-at-18.18.58.jpeg?fit=1280%2C720&ssl=1","keywords":["casa de Las Playas","elementos recuperados","Km 554","ladrones atrapados","Play Station","tel\u00e9fono celular","TV 21 pulgadas","vivienda ruta 9"],"articleSection":["Policiales"],"inLanguage":"es","potentialAction":[{"@type":"CommentAction","name":"Comment","target":["http:\/\/elregionalvm.com.ar\/noticias-villa-maria\/entraron-a-robar-en-una-vivienda-y-las-agarraron-con-las-manos-en-la-masa\/#respond"]}]},{"@type":"WebPage","@id":"http:\/\/elregionalvm.com.ar\/noticias-villa-maria\/entraron-a-robar-en-una-vivienda-y-las-agarraron-con-las-manos-en-la-masa\/","url":"http:\/\/elregionalvm.com.ar\/noticias-villa-maria\/entraron-a-robar-en-una-vivienda-y-las-agarraron-con-las-manos-en-la-masa\/","name":"Entraron a robar en una vivienda y las agarraron \"con las manos en la masa\" - El Regional","isPartOf":{"@id":"http:\/\/elregionalvm.com.ar\/noticias-villa-maria\/#website"},"primaryImageOfPage":{"@id":"http:\/\/elregionalvm.com.ar\/noticias-villa-maria\/entraron-a-robar-en-una-vivienda-y-las-agarraron-con-las-manos-en-la-masa\/#primaryimage"},"image":{"@id":"http:\/\/elregionalvm.com.ar\/noticias-villa-maria\/entraron-a-robar-en-una-vivienda-y-las-agarraron-con-las-manos-en-la-masa\/#primaryimage"},"thumbnailUrl":"https:\/\/i0.wp.com\/elregionalvm.com.ar\/noticias-villa-maria\/wp-content\/uploads\/2020\/08\/WhatsApp-Image-2020-08-24-at-18.18.58.jpeg?fit=1280%2C720&ssl=1","datePublished":"2020-08-24T22:12:10+00:00","dateModified":"2020-08-24T22:12:11+00:00","author":{"@id":"http:\/\/elregionalvm.com.ar\/noticias-villa-maria\/#\/schema\/person\/a0fb9c422317faca23d50163151bc354"},"breadcrumb":{"@id":"http:\/\/elregionalvm.com.ar\/noticias-villa-maria\/entraron-a-robar-en-una-vivienda-y-las-agarraron-con-las-manos-en-la-masa\/#breadcrumb"},"inLanguage":"es","potentialAction":[{"@type":"ReadAction","target":["http:\/\/elregionalvm.com.ar\/noticias-villa-maria\/entraron-a-robar-en-una-vivienda-y-las-agarraron-con-las-manos-en-la-masa\/"]}]},{"@type":"ImageObject","inLanguage":"es","@id":"http:\/\/elregionalvm.com.ar\/noticias-villa-maria\/entraron-a-robar-en-una-vivienda-y-las-agarraron-con-las-manos-en-la-masa\/#primaryimage","url":"https:\/\/i0.wp.com\/elregionalvm.com.ar\/noticias-villa-maria\/wp-content\/uploads\/2020\/08\/WhatsApp-Image-2020-08-24-at-18.18.58.jpeg?fit=1280%2C720&ssl=1","contentUrl":"https:\/\/i0.wp.com\/elregionalvm.com.ar\/noticias-villa-maria\/wp-content\/uploads\/2020\/08\/WhatsApp-Image-2020-08-24-at-18.18.58.jpeg?fit=1280%2C720&ssl=1","width":1280,"height":720},{"@type":"BreadcrumbList","@id":"http:\/\/elregionalvm.com.ar\/noticias-villa-maria\/entraron-a-robar-en-una-vivienda-y-las-agarraron-con-las-manos-en-la-masa\/#breadcrumb","itemListElement":[{"@type":"ListItem","position":1,"name":"Portada","item":"https:\/\/elregionalvm.com.ar\/noticias-villa-maria\/"},{"@type":"ListItem","position":2,"name":"Entraron a robar en una vivienda y las agarraron &#8220;con las manos en la masa&#8221;"}]},{"@type":"WebSite","@id":"http:\/\/elregionalvm.com.ar\/noticias-villa-maria\/#website","url":"http:\/\/elregionalvm.com.ar\/noticias-villa-maria\/","name":"El Regional","description":"Mucho m\u00e1s que informaci\u00f3n","potentialAction":[{"@type":"SearchAction","target":{"@type":"EntryPoint","urlTemplate":"http:\/\/elregionalvm.com.ar\/noticias-villa-maria\/?s={search_term_string}"},"query-input":{"@type":"PropertyValueSpecification","valueRequired":true,"valueName":"search_term_string"}}],"inLanguage":"es"},{"@type":"Person","@id":"http:\/\/elregionalvm.com.ar\/noticias-villa-maria\/#\/schema\/person\/a0fb9c422317faca23d50163151bc354","name":"Contenidos El Regional","image":{"@type":"ImageObject","inLanguage":"es","@id":"http:\/\/elregionalvm.com.ar\/noticias-villa-maria\/#\/schema\/person\/image\/","url":"https:\/\/secure.gravatar.com\/avatar\/265b27cb2209af7bb3a1318f03305787d7981a5cc6e6cd08fe5a4ecdf99d4b48?s=96&d=mm&r=g","contentUrl":"https:\/\/secure.gravatar.com\/avatar\/265b27cb2209af7bb3a1318f03305787d7981a5cc6e6cd08fe5a4ecdf99d4b48?s=96&d=mm&r=g","caption":"Contenidos El Regional"},"url":"https:\/\/elregionalvm.com.ar\/noticias-villa-maria\/author\/contenido\/"}]}},"jetpack_featured_media_url":"https:\/\/i0.wp.com\/elregionalvm.com.ar\/noticias-villa-maria\/wp-content\/uploads\/2020\/08\/WhatsApp-Image-2020-08-24-at-18.18.58.jpeg?fit=1280%2C720&ssl=1","jetpack_sharing_enabled":true,"_links":{"self":[{"href":"https:\/\/elregionalvm.com.ar\/noticias-villa-maria\/wp-json\/wp\/v2\/posts\/22556","targetHints":{"allow":["GET"]}}],"collection":[{"href":"https:\/\/elregionalvm.com.ar\/noticias-villa-maria\/wp-json\/wp\/v2\/posts"}],"about":[{"href":"https:\/\/elregionalvm.com.ar\/noticias-villa-maria\/wp-json\/wp\/v2\/types\/post"}],"author":[{"embeddable":true,"href":"https:\/\/elregionalvm.com.ar\/noticias-villa-maria\/wp-json\/wp\/v2\/users\/4"}],"replies":[{"embeddable":true,"href":"https:\/\/elregionalvm.com.ar\/noticias-villa-maria\/wp-json\/wp\/v2\/comments?post=22556"}],"version-history":[{"count":1,"href":"https:\/\/elregionalvm.com.ar\/noticias-villa-maria\/wp-json\/wp\/v2\/posts\/22556\/revisions"}],"predecessor-version":[{"id":22559,"href":"https:\/\/elregionalvm.com.ar\/noticias-villa-maria\/wp-json\/wp\/v2\/posts\/22556\/revisions\/22559"}],"wp:featuredmedia":[{"embeddable":true,"href":"https:\/\/elregionalvm.com.ar\/noticias-villa-maria\/wp-json\/wp\/v2\/media\/22557"}],"wp:attachment":[{"href":"https:\/\/elregionalvm.com.ar\/noticias-villa-maria\/wp-json\/wp\/v2\/media?parent=22556"}],"wp:term":[{"taxonomy":"category","embeddable":true,"href":"https:\/\/elregionalvm.com.ar\/noticias-villa-maria\/wp-json\/wp\/v2\/categories?post=22556"},{"taxonomy":"post_tag","embeddable":true,"href":"https:\/\/elregionalvm.com.ar\/noticias-villa-maria\/wp-json\/wp\/v2\/tags?post=22556"}],"curies":[{"name":"wp","href":"https:\/\/api.w.org\/{rel}","templated":true}]}}