{"id":22560,"date":"2020-08-24T23:30:43","date_gmt":"2020-08-24T23:30:43","guid":{"rendered":"https:\/\/elregionalvm.com.ar\/noticias-villa-maria\/?p=22560"},"modified":"2020-08-24T23:30:47","modified_gmt":"2020-08-24T23:30:47","slug":"ahi-viene-la-plaga-podrian-llegar-las-langostas-cerca-de-villa-maria","status":"publish","type":"post","link":"https:\/\/elregionalvm.com.ar\/noticias-villa-maria\/ahi-viene-la-plaga-podrian-llegar-las-langostas-cerca-de-villa-maria\/","title":{"rendered":"Ah\u00ed viene la plaga: \u00bfpodr\u00edan llegar las langostas cerca de Villa Mar\u00eda?"},"content":{"rendered":"\n<p>Algunos videos que se viralizaron en los \u00faltimos d\u00edas causan mucha impresi\u00f3n. Millones de langostas provenientes del norte argentino ingresaron a territorio cordob\u00e9s.<\/p>\n\n\n\n<p>Densos y oscuros nubarrones fueron avistados, grabados y fotografiados por su da\u00f1ina espectacularidad. No presagian tormentas, sino que muestran el poder de acci\u00f3n de un ej\u00e9rcito de insectos que barren con todo cultivo a su alrededor.<\/p>\n\n\n\n<p>Tienen un poder devastador. En pocas horas arrasan con todo lo que encuentran a su paso. Por eso el temor que causan entre los productores agropecuarios y la preocupaci\u00f3n que despiertan entre autoridades y especialistas.<\/p>\n\n\n\n<p>A diferencia de las mangas que asolaban hace d\u00e9cadas los campos argentinos, en la actualidad se cuenta con herramientas para hacerles frente.<\/p>\n\n\n\n<p>En este sentido, desde el fin de semana equipos del Ministerio de Agricultura y Ganader\u00eda provincial y el Senasa, en coordinaci\u00f3n con productores y entidades, se encuentran trabajando en el norte cordob\u00e9s, puntualmente en cercan\u00edas de Jes\u00fas Mar\u00eda.<\/p>\n\n\n\n<p>Durante la madrugada del \u00faltimo domingo se realizaron operativos por aire y por tierra. M\u00e1s de 140 hect\u00e1reas fueron controladas con aplicaciones a\u00e9reas y otros 6 focos atacados a trav\u00e9s de operativos terrestres.<\/p>\n\n\n\n<p>Desde la Provincia se remarc\u00f3 que por ley nacional 27.233, es obligaci\u00f3n del productor agropecuario denunciar la presencia de la plaga en sus establecimientos, como as\u00ed tambi\u00e9n el control de la misma.<\/p>\n\n\n\n<figure class=\"wp-block-gallery columns-2 is-cropped wp-block-gallery-1 is-layout-flex wp-block-gallery-is-layout-flex\"><ul class=\"blocks-gallery-grid\"><li class=\"blocks-gallery-item\"><figure><img data-recalc-dims=\"1\" fetchpriority=\"high\" decoding=\"async\" width=\"960\" height=\"660\" src=\"https:\/\/i0.wp.com\/elregionalvm.com.ar\/noticias-villa-maria\/wp-content\/uploads\/2020\/08\/Langostas-control-fumigaci%C3%B3n-2020-2.jpg?resize=960%2C660&#038;ssl=1\" alt=\"\" data-id=\"22562\" data-link=\"https:\/\/elregionalvm.com.ar\/noticias-villa-maria\/?attachment_id=22562\" class=\"wp-image-22562\" srcset=\"https:\/\/i0.wp.com\/elregionalvm.com.ar\/noticias-villa-maria\/wp-content\/uploads\/2020\/08\/Langostas-control-fumigaci%C3%B3n-2020-2.jpg?w=960&amp;ssl=1 960w, https:\/\/i0.wp.com\/elregionalvm.com.ar\/noticias-villa-maria\/wp-content\/uploads\/2020\/08\/Langostas-control-fumigaci%C3%B3n-2020-2.jpg?resize=300%2C206&amp;ssl=1 300w, https:\/\/i0.wp.com\/elregionalvm.com.ar\/noticias-villa-maria\/wp-content\/uploads\/2020\/08\/Langostas-control-fumigaci%C3%B3n-2020-2.jpg?resize=768%2C528&amp;ssl=1 768w\" sizes=\"(max-width: 960px) 100vw, 960px\" \/><\/figure><\/li><li class=\"blocks-gallery-item\"><figure><img data-recalc-dims=\"1\" decoding=\"async\" width=\"769\" height=\"1024\" src=\"https:\/\/i0.wp.com\/elregionalvm.com.ar\/noticias-villa-maria\/wp-content\/uploads\/2020\/08\/Sergio-Garesio-ingeniero-agr%C3%B3nomo.jpeg?resize=769%2C1024&#038;ssl=1\" alt=\"\" data-id=\"22563\" data-full-url=\"https:\/\/elregionalvm.com.ar\/noticias-villa-maria\/wp-content\/uploads\/2020\/08\/Sergio-Garesio-ingeniero-agr\u00f3nomo.jpeg\" data-link=\"https:\/\/elregionalvm.com.ar\/noticias-villa-maria\/?attachment_id=22563\" class=\"wp-image-22563\" srcset=\"https:\/\/i0.wp.com\/elregionalvm.com.ar\/noticias-villa-maria\/wp-content\/uploads\/2020\/08\/Sergio-Garesio-ingeniero-agr%C3%B3nomo.jpeg?w=769&amp;ssl=1 769w, https:\/\/i0.wp.com\/elregionalvm.com.ar\/noticias-villa-maria\/wp-content\/uploads\/2020\/08\/Sergio-Garesio-ingeniero-agr%C3%B3nomo.jpeg?resize=225%2C300&amp;ssl=1 225w\" sizes=\"(max-width: 769px) 100vw, 769px\" \/><\/figure><\/li><\/ul><figcaption class=\"blocks-gallery-caption\"><em>El ingeniero Garesio destac\u00f3 la importancia del monitoreo para combatir a las langostas. <\/em><\/figcaption><\/figure>\n\n\n\n<p><\/p>\n\n\n\n<p><strong>\u00bfLlegar\u00e1n a esta zona?<\/strong><\/p>\n\n\n\n<p>&nbsp;\u201cEntraron al pa\u00eds a trav\u00e9s de Paraguay, siguieron por Formosa y bajaron hasta C\u00f3rdoba. Ya van cinco o seis en lo que va del a\u00f1o, no es la primera invasi\u00f3n. La plaga actual se denomina \u2018Schistocerca cancellata\u2019\u201d, aclar\u00f3 el ingeniero agr\u00f3nomo y docente Sergio Garesio.<\/p>\n\n\n\n<p>\u201cHay condiciones que favorecen su desarrollo. El cambio ambiental, la falta de fr\u00edo, inviernos c\u00e1lidos, vientos del norte que aceleran el proceso de ingreso, hacen que las langostas procreen y se vea esa impresionante cantidad\u201d, explic\u00f3.<\/p>\n\n\n\n<p>\u201cNo hay da\u00f1o para la salud humana, s\u00ed da\u00f1os directos en cultivos, son muy voraces y han barrido lotes de trigo completos. Adem\u00e1s, da\u00f1os indirectos a la ganader\u00eda, cuando comen lotes de alfalfa o pasturas, o da\u00f1os en montes\u201d, acot\u00f3.<\/p>\n\n\n\n<p>Consultado respecto de si podr\u00eda llegar a nuestra regi\u00f3n esa horda de insectos, respondi\u00f3: \u201cSe trasladan much\u00edsimo, hacen 150 kil\u00f3metros en un d\u00eda, pero depende del viento. Si quisieran avanzar en dos d\u00edas podr\u00edan llegar a la zona de Villa Mar\u00eda\u201d.<\/p>\n\n\n\n<p>Pero, el especialista descarta que eso pueda llegar a ocurrir. \u201cNo creo que alcancen a pasar de Jes\u00fas Mar\u00eda como manga en esa cantidad, porque se est\u00e1 trabajando bien con el control y el trabajo en equipo atacando focos de langostas\u201d.<\/p>\n\n\n\n<p>Para el ingeniero, un aspecto central es el monitoreo y las denuncias de los productores para poder controlarla. \u201cNo es una plaga nueva, hay insecticidas para combatirla, pero lo central es el monitoreo y la coordinaci\u00f3n entre las partes p\u00fablica y privada (productores)\u201d.<\/p>\n\n\n\n<p>\u00bfC\u00f3mo se las ataca? Los insectos reposan al atardecer y se concentran en extensiones que van de 5 a 10 hect\u00e1reas. \u201cAntes de que vuelen de nuevo, se les realiza aplicaciones mientras est\u00e1n en reposo, durante la madrugada. Otra cosa que se trata es que el insecto no se procree y no haya recontaminaci\u00f3n local\u201d, concluy\u00f3 Garesio.<\/p>\n\n\n\n<figure class=\"wp-block-video\"><video controls src=\"blob:https:\/\/elregionalvm.com.ar\/3d04f625-6349-444e-a1bb-18d58fe4007a\"><\/video><figcaption><em>Densos nubarrones en el horizonte cada vez m\u00e1s cerca. As\u00ed aparece una manga devoradora. <\/em><\/figcaption><\/figure>\n\n\n\n<p><\/p>\n\n\n\n<p><strong>Denuncias \u00a0<\/strong><\/p>\n\n\n\n<p>Para denuncias, contactarse con Senasa a trav\u00e9s del correo electr\u00f3nico acridios@senasa.gob.ar, o a trav\u00e9s de la aplicaci\u00f3n Alertas Senasa. El Ministerio de Agricultura y Ganader\u00eda tambi\u00e9n cuenta con una l\u00ednea para denuncias: 0800-8888-AGRO.<\/p>\n\n\n\n<p>Tambi\u00e9n pueden contactarse con las oficinas locales del Instituto Nacional de Tecnolog\u00eda Agropecuaria (INTA), y con las agencias zonales que la cartera productiva posee en todo el interior provincial. Para saber sobre ubicaci\u00f3n y contacto de estas \u00faltimas, se puede consultar el sitio web del ministerio: agricultura.cba.gov.ar<\/p>\n","protected":false},"excerpt":{"rendered":"<p>Algunos videos que se viralizaron en los \u00faltimos d\u00edas causan mucha impresi\u00f3n. Millones de langostas provenientes del norte argentino ingresaron a territorio cordob\u00e9s. Densos y oscuros nubarrones fueron avistados, grabados y fotografiados por su da\u00f1ina espectacularidad. No presagian tormentas, sino que muestran el poder de acci\u00f3n de un ej\u00e9rcito de insectos que barren con todo [&hellip;]<\/p>\n","protected":false},"author":4,"featured_media":22561,"comment_status":"open","ping_status":"open","sticky":false,"template":"","format":"standard","meta":{"site-sidebar-layout":"default","site-content-layout":"default","ast-site-content-layout":"default","site-content-style":"default","site-sidebar-style":"default","ast-global-header-display":"","ast-banner-title-visibility":"","ast-main-header-display":"","ast-hfb-above-header-display":"","ast-hfb-below-header-display":"","ast-hfb-mobile-header-display":"","site-post-title":"","ast-breadcrumbs-content":"","ast-featured-img":"","footer-sml-layout":"","ast-disable-related-posts":"","theme-transparent-header-meta":"default","adv-header-id-meta":"","stick-header-meta":"","header-above-stick-meta":"","header-main-stick-meta":"","header-below-stick-meta":"","astra-migrate-meta-layouts":"default","ast-page-background-enabled":"default","ast-page-background-meta":{"desktop":{"background-color":"","background-image":"","background-repeat":"repeat","background-position":"center center","background-size":"auto","background-attachment":"scroll","background-type":"","background-media":"","overlay-type":"","overlay-color":"","overlay-opacity":"","overlay-gradient":""},"tablet":{"background-color":"","background-image":"","background-repeat":"repeat","background-position":"center center","background-size":"auto","background-attachment":"scroll","background-type":"","background-media":"","overlay-type":"","overlay-color":"","overlay-opacity":"","overlay-gradient":""},"mobile":{"background-color":"","background-image":"","background-repeat":"repeat","background-position":"center center","background-size":"auto","background-attachment":"scroll","background-type":"","background-media":"","overlay-type":"","overlay-color":"","overlay-opacity":"","overlay-gradient":""}},"ast-content-background-meta":{"desktop":{"background-color":"var(--ast-global-color-5)","background-image":"","background-repeat":"repeat","background-position":"center center","background-size":"auto","background-attachment":"scroll","background-type":"","background-media":"","overlay-type":"","overlay-color":"","overlay-opacity":"","overlay-gradient":""},"tablet":{"background-color":"var(--ast-global-color-5)","background-image":"","background-repeat":"repeat","background-position":"center center","background-size":"auto","background-attachment":"scroll","background-type":"","background-media":"","overlay-type":"","overlay-color":"","overlay-opacity":"","overlay-gradient":""},"mobile":{"background-color":"var(--ast-global-color-5)","background-image":"","background-repeat":"repeat","background-position":"center center","background-size":"auto","background-attachment":"scroll","background-type":"","background-media":"","overlay-type":"","overlay-color":"","overlay-opacity":"","overlay-gradient":""}},"_jetpack_memberships_contains_paid_content":false,"_joinchat":[],"footnotes":""},"categories":[2323,5,2074],"tags":[2598,3509,3507,3508,2681,3510,2248],"class_list":["post-22560","post","type-post","status-publish","format-standard","has-post-thumbnail","hentry","category-notas-secundarias","category-sociedad","category-videos","tag-control","tag-invasion","tag-langostas","tag-mangas","tag-monitoreo","tag-norte-cordobes","tag-villa-maria-2"],"yoast_head":"<!-- This site is optimized with the Yoast SEO plugin v26.8 - https:\/\/yoast.com\/product\/yoast-seo-wordpress\/ -->\n<title>Ah\u00ed viene la plaga: \u00bfpodr\u00edan llegar las langostas cerca de Villa Mar\u00eda? - El Regional<\/title>\n<meta name=\"description\" content=\"Tienen un poder devastador. En pocas horas arrasan con todo lo que encuentran a su paso. Por eso causan temor y preocupaci\u00f3n.\" \/>\n<meta name=\"robots\" content=\"index, follow, max-snippet:-1, max-image-preview:large, max-video-preview:-1\" \/>\n<link rel=\"canonical\" href=\"http:\/\/elregionalvm.com.ar\/noticias-villa-maria\/ahi-viene-la-plaga-podrian-llegar-las-langostas-cerca-de-villa-maria\/\" \/>\n<meta property=\"og:locale\" content=\"es_ES\" \/>\n<meta property=\"og:type\" content=\"article\" \/>\n<meta property=\"og:title\" content=\"Ah\u00ed viene la plaga: \u00bfpodr\u00edan llegar las langostas cerca de Villa Mar\u00eda? - El Regional\" \/>\n<meta property=\"og:description\" content=\"Tienen un poder devastador. En pocas horas arrasan con todo lo que encuentran a su paso. Por eso causan temor y preocupaci\u00f3n.\" \/>\n<meta property=\"og:url\" content=\"http:\/\/elregionalvm.com.ar\/noticias-villa-maria\/ahi-viene-la-plaga-podrian-llegar-las-langostas-cerca-de-villa-maria\/\" \/>\n<meta property=\"og:site_name\" content=\"El Regional\" \/>\n<meta property=\"article:publisher\" content=\"https:\/\/www.facebook.com\/elregionalvm\" \/>\n<meta property=\"article:published_time\" content=\"2020-08-24T23:30:43+00:00\" \/>\n<meta property=\"article:modified_time\" content=\"2020-08-24T23:30:47+00:00\" \/>\n<meta property=\"og:image\" content=\"http:\/\/elregionalvm.com.ar\/noticias-villa-maria\/wp-content\/uploads\/2020\/08\/Langostas-control-fumigaci\u00f3n-2020.jpg\" \/>\n\t<meta property=\"og:image:width\" content=\"993\" \/>\n\t<meta property=\"og:image:height\" content=\"660\" \/>\n\t<meta property=\"og:image:type\" content=\"image\/jpeg\" \/>\n<meta name=\"author\" content=\"Contenidos El Regional\" \/>\n<meta name=\"twitter:card\" content=\"summary_large_image\" \/>\n<meta name=\"twitter:creator\" content=\"@elregionalvm1\" \/>\n<meta name=\"twitter:site\" content=\"@elregionalvm1\" \/>\n<meta name=\"twitter:label1\" content=\"Escrito por\" \/>\n\t<meta name=\"twitter:data1\" content=\"Contenidos El Regional\" \/>\n\t<meta name=\"twitter:label2\" content=\"Tiempo de lectura\" \/>\n\t<meta name=\"twitter:data2\" content=\"3 minutos\" \/>\n<script type=\"application\/ld+json\" class=\"yoast-schema-graph\">{\"@context\":\"https:\/\/schema.org\",\"@graph\":[{\"@type\":\"Article\",\"@id\":\"http:\/\/elregionalvm.com.ar\/noticias-villa-maria\/ahi-viene-la-plaga-podrian-llegar-las-langostas-cerca-de-villa-maria\/#article\",\"isPartOf\":{\"@id\":\"http:\/\/elregionalvm.com.ar\/noticias-villa-maria\/ahi-viene-la-plaga-podrian-llegar-las-langostas-cerca-de-villa-maria\/\"},\"author\":{\"name\":\"Contenidos El Regional\",\"@id\":\"http:\/\/elregionalvm.com.ar\/noticias-villa-maria\/#\/schema\/person\/a0fb9c422317faca23d50163151bc354\"},\"headline\":\"Ah\u00ed viene la plaga: \u00bfpodr\u00edan llegar las langostas cerca de Villa Mar\u00eda?\",\"datePublished\":\"2020-08-24T23:30:43+00:00\",\"dateModified\":\"2020-08-24T23:30:47+00:00\",\"mainEntityOfPage\":{\"@id\":\"http:\/\/elregionalvm.com.ar\/noticias-villa-maria\/ahi-viene-la-plaga-podrian-llegar-las-langostas-cerca-de-villa-maria\/\"},\"wordCount\":712,\"commentCount\":0,\"image\":{\"@id\":\"http:\/\/elregionalvm.com.ar\/noticias-villa-maria\/ahi-viene-la-plaga-podrian-llegar-las-langostas-cerca-de-villa-maria\/#primaryimage\"},\"thumbnailUrl\":\"https:\/\/i0.wp.com\/elregionalvm.com.ar\/noticias-villa-maria\/wp-content\/uploads\/2020\/08\/Langostas-control-fumigaci%C3%B3n-2020.jpg?fit=993%2C660&ssl=1\",\"keywords\":[\"Control\",\"Invasi\u00f3n\",\"Langostas\",\"Mangas\",\"monitoreo\",\"norte cordob\u00e9s\",\"Villa Mar\u00eda\"],\"articleSection\":[\"Notas\",\"Sociedad\",\"Videos\"],\"inLanguage\":\"es\",\"potentialAction\":[{\"@type\":\"CommentAction\",\"name\":\"Comment\",\"target\":[\"http:\/\/elregionalvm.com.ar\/noticias-villa-maria\/ahi-viene-la-plaga-podrian-llegar-las-langostas-cerca-de-villa-maria\/#respond\"]}]},{\"@type\":\"WebPage\",\"@id\":\"http:\/\/elregionalvm.com.ar\/noticias-villa-maria\/ahi-viene-la-plaga-podrian-llegar-las-langostas-cerca-de-villa-maria\/\",\"url\":\"http:\/\/elregionalvm.com.ar\/noticias-villa-maria\/ahi-viene-la-plaga-podrian-llegar-las-langostas-cerca-de-villa-maria\/\",\"name\":\"Ah\u00ed viene la plaga: \u00bfpodr\u00edan llegar las langostas cerca de Villa Mar\u00eda? - El Regional\",\"isPartOf\":{\"@id\":\"http:\/\/elregionalvm.com.ar\/noticias-villa-maria\/#website\"},\"primaryImageOfPage\":{\"@id\":\"http:\/\/elregionalvm.com.ar\/noticias-villa-maria\/ahi-viene-la-plaga-podrian-llegar-las-langostas-cerca-de-villa-maria\/#primaryimage\"},\"image\":{\"@id\":\"http:\/\/elregionalvm.com.ar\/noticias-villa-maria\/ahi-viene-la-plaga-podrian-llegar-las-langostas-cerca-de-villa-maria\/#primaryimage\"},\"thumbnailUrl\":\"https:\/\/i0.wp.com\/elregionalvm.com.ar\/noticias-villa-maria\/wp-content\/uploads\/2020\/08\/Langostas-control-fumigaci%C3%B3n-2020.jpg?fit=993%2C660&ssl=1\",\"datePublished\":\"2020-08-24T23:30:43+00:00\",\"dateModified\":\"2020-08-24T23:30:47+00:00\",\"author\":{\"@id\":\"http:\/\/elregionalvm.com.ar\/noticias-villa-maria\/#\/schema\/person\/a0fb9c422317faca23d50163151bc354\"},\"description\":\"Tienen un poder devastador. En pocas horas arrasan con todo lo que encuentran a su paso. Por eso causan temor y preocupaci\u00f3n.\",\"breadcrumb\":{\"@id\":\"http:\/\/elregionalvm.com.ar\/noticias-villa-maria\/ahi-viene-la-plaga-podrian-llegar-las-langostas-cerca-de-villa-maria\/#breadcrumb\"},\"inLanguage\":\"es\",\"potentialAction\":[{\"@type\":\"ReadAction\",\"target\":[\"http:\/\/elregionalvm.com.ar\/noticias-villa-maria\/ahi-viene-la-plaga-podrian-llegar-las-langostas-cerca-de-villa-maria\/\"]}]},{\"@type\":\"ImageObject\",\"inLanguage\":\"es\",\"@id\":\"http:\/\/elregionalvm.com.ar\/noticias-villa-maria\/ahi-viene-la-plaga-podrian-llegar-las-langostas-cerca-de-villa-maria\/#primaryimage\",\"url\":\"https:\/\/i0.wp.com\/elregionalvm.com.ar\/noticias-villa-maria\/wp-content\/uploads\/2020\/08\/Langostas-control-fumigaci%C3%B3n-2020.jpg?fit=993%2C660&ssl=1\",\"contentUrl\":\"https:\/\/i0.wp.com\/elregionalvm.com.ar\/noticias-villa-maria\/wp-content\/uploads\/2020\/08\/Langostas-control-fumigaci%C3%B3n-2020.jpg?fit=993%2C660&ssl=1\",\"width\":993,\"height\":660},{\"@type\":\"BreadcrumbList\",\"@id\":\"http:\/\/elregionalvm.com.ar\/noticias-villa-maria\/ahi-viene-la-plaga-podrian-llegar-las-langostas-cerca-de-villa-maria\/#breadcrumb\",\"itemListElement\":[{\"@type\":\"ListItem\",\"position\":1,\"name\":\"Portada\",\"item\":\"https:\/\/elregionalvm.com.ar\/noticias-villa-maria\/\"},{\"@type\":\"ListItem\",\"position\":2,\"name\":\"Ah\u00ed viene la plaga: \u00bfpodr\u00edan llegar las langostas cerca de Villa Mar\u00eda?\"}]},{\"@type\":\"WebSite\",\"@id\":\"http:\/\/elregionalvm.com.ar\/noticias-villa-maria\/#website\",\"url\":\"http:\/\/elregionalvm.com.ar\/noticias-villa-maria\/\",\"name\":\"El Regional\",\"description\":\"Mucho m\u00e1s que informaci\u00f3n\",\"potentialAction\":[{\"@type\":\"SearchAction\",\"target\":{\"@type\":\"EntryPoint\",\"urlTemplate\":\"http:\/\/elregionalvm.com.ar\/noticias-villa-maria\/?s={search_term_string}\"},\"query-input\":{\"@type\":\"PropertyValueSpecification\",\"valueRequired\":true,\"valueName\":\"search_term_string\"}}],\"inLanguage\":\"es\"},{\"@type\":\"Person\",\"@id\":\"http:\/\/elregionalvm.com.ar\/noticias-villa-maria\/#\/schema\/person\/a0fb9c422317faca23d50163151bc354\",\"name\":\"Contenidos El Regional\",\"image\":{\"@type\":\"ImageObject\",\"inLanguage\":\"es\",\"@id\":\"http:\/\/elregionalvm.com.ar\/noticias-villa-maria\/#\/schema\/person\/image\/\",\"url\":\"https:\/\/secure.gravatar.com\/avatar\/265b27cb2209af7bb3a1318f03305787d7981a5cc6e6cd08fe5a4ecdf99d4b48?s=96&d=mm&r=g\",\"contentUrl\":\"https:\/\/secure.gravatar.com\/avatar\/265b27cb2209af7bb3a1318f03305787d7981a5cc6e6cd08fe5a4ecdf99d4b48?s=96&d=mm&r=g\",\"caption\":\"Contenidos El Regional\"},\"url\":\"https:\/\/elregionalvm.com.ar\/noticias-villa-maria\/author\/contenido\/\"}]}<\/script>\n<!-- \/ Yoast SEO plugin. -->","yoast_head_json":{"title":"Ah\u00ed viene la plaga: \u00bfpodr\u00edan llegar las langostas cerca de Villa Mar\u00eda? - El Regional","description":"Tienen un poder devastador. En pocas horas arrasan con todo lo que encuentran a su paso. Por eso causan temor y preocupaci\u00f3n.","robots":{"index":"index","follow":"follow","max-snippet":"max-snippet:-1","max-image-preview":"max-image-preview:large","max-video-preview":"max-video-preview:-1"},"canonical":"http:\/\/elregionalvm.com.ar\/noticias-villa-maria\/ahi-viene-la-plaga-podrian-llegar-las-langostas-cerca-de-villa-maria\/","og_locale":"es_ES","og_type":"article","og_title":"Ah\u00ed viene la plaga: \u00bfpodr\u00edan llegar las langostas cerca de Villa Mar\u00eda? - El Regional","og_description":"Tienen un poder devastador. En pocas horas arrasan con todo lo que encuentran a su paso. Por eso causan temor y preocupaci\u00f3n.","og_url":"http:\/\/elregionalvm.com.ar\/noticias-villa-maria\/ahi-viene-la-plaga-podrian-llegar-las-langostas-cerca-de-villa-maria\/","og_site_name":"El Regional","article_publisher":"https:\/\/www.facebook.com\/elregionalvm","article_published_time":"2020-08-24T23:30:43+00:00","article_modified_time":"2020-08-24T23:30:47+00:00","og_image":[{"width":993,"height":660,"url":"http:\/\/elregionalvm.com.ar\/noticias-villa-maria\/wp-content\/uploads\/2020\/08\/Langostas-control-fumigaci\u00f3n-2020.jpg","type":"image\/jpeg"}],"author":"Contenidos El Regional","twitter_card":"summary_large_image","twitter_creator":"@elregionalvm1","twitter_site":"@elregionalvm1","twitter_misc":{"Escrito por":"Contenidos El Regional","Tiempo de lectura":"3 minutos"},"schema":{"@context":"https:\/\/schema.org","@graph":[{"@type":"Article","@id":"http:\/\/elregionalvm.com.ar\/noticias-villa-maria\/ahi-viene-la-plaga-podrian-llegar-las-langostas-cerca-de-villa-maria\/#article","isPartOf":{"@id":"http:\/\/elregionalvm.com.ar\/noticias-villa-maria\/ahi-viene-la-plaga-podrian-llegar-las-langostas-cerca-de-villa-maria\/"},"author":{"name":"Contenidos El Regional","@id":"http:\/\/elregionalvm.com.ar\/noticias-villa-maria\/#\/schema\/person\/a0fb9c422317faca23d50163151bc354"},"headline":"Ah\u00ed viene la plaga: \u00bfpodr\u00edan llegar las langostas cerca de Villa Mar\u00eda?","datePublished":"2020-08-24T23:30:43+00:00","dateModified":"2020-08-24T23:30:47+00:00","mainEntityOfPage":{"@id":"http:\/\/elregionalvm.com.ar\/noticias-villa-maria\/ahi-viene-la-plaga-podrian-llegar-las-langostas-cerca-de-villa-maria\/"},"wordCount":712,"commentCount":0,"image":{"@id":"http:\/\/elregionalvm.com.ar\/noticias-villa-maria\/ahi-viene-la-plaga-podrian-llegar-las-langostas-cerca-de-villa-maria\/#primaryimage"},"thumbnailUrl":"https:\/\/i0.wp.com\/elregionalvm.com.ar\/noticias-villa-maria\/wp-content\/uploads\/2020\/08\/Langostas-control-fumigaci%C3%B3n-2020.jpg?fit=993%2C660&ssl=1","keywords":["Control","Invasi\u00f3n","Langostas","Mangas","monitoreo","norte cordob\u00e9s","Villa Mar\u00eda"],"articleSection":["Notas","Sociedad","Videos"],"inLanguage":"es","potentialAction":[{"@type":"CommentAction","name":"Comment","target":["http:\/\/elregionalvm.com.ar\/noticias-villa-maria\/ahi-viene-la-plaga-podrian-llegar-las-langostas-cerca-de-villa-maria\/#respond"]}]},{"@type":"WebPage","@id":"http:\/\/elregionalvm.com.ar\/noticias-villa-maria\/ahi-viene-la-plaga-podrian-llegar-las-langostas-cerca-de-villa-maria\/","url":"http:\/\/elregionalvm.com.ar\/noticias-villa-maria\/ahi-viene-la-plaga-podrian-llegar-las-langostas-cerca-de-villa-maria\/","name":"Ah\u00ed viene la plaga: \u00bfpodr\u00edan llegar las langostas cerca de Villa Mar\u00eda? - El Regional","isPartOf":{"@id":"http:\/\/elregionalvm.com.ar\/noticias-villa-maria\/#website"},"primaryImageOfPage":{"@id":"http:\/\/elregionalvm.com.ar\/noticias-villa-maria\/ahi-viene-la-plaga-podrian-llegar-las-langostas-cerca-de-villa-maria\/#primaryimage"},"image":{"@id":"http:\/\/elregionalvm.com.ar\/noticias-villa-maria\/ahi-viene-la-plaga-podrian-llegar-las-langostas-cerca-de-villa-maria\/#primaryimage"},"thumbnailUrl":"https:\/\/i0.wp.com\/elregionalvm.com.ar\/noticias-villa-maria\/wp-content\/uploads\/2020\/08\/Langostas-control-fumigaci%C3%B3n-2020.jpg?fit=993%2C660&ssl=1","datePublished":"2020-08-24T23:30:43+00:00","dateModified":"2020-08-24T23:30:47+00:00","author":{"@id":"http:\/\/elregionalvm.com.ar\/noticias-villa-maria\/#\/schema\/person\/a0fb9c422317faca23d50163151bc354"},"description":"Tienen un poder devastador. En pocas horas arrasan con todo lo que encuentran a su paso. Por eso causan temor y preocupaci\u00f3n.","breadcrumb":{"@id":"http:\/\/elregionalvm.com.ar\/noticias-villa-maria\/ahi-viene-la-plaga-podrian-llegar-las-langostas-cerca-de-villa-maria\/#breadcrumb"},"inLanguage":"es","potentialAction":[{"@type":"ReadAction","target":["http:\/\/elregionalvm.com.ar\/noticias-villa-maria\/ahi-viene-la-plaga-podrian-llegar-las-langostas-cerca-de-villa-maria\/"]}]},{"@type":"ImageObject","inLanguage":"es","@id":"http:\/\/elregionalvm.com.ar\/noticias-villa-maria\/ahi-viene-la-plaga-podrian-llegar-las-langostas-cerca-de-villa-maria\/#primaryimage","url":"https:\/\/i0.wp.com\/elregionalvm.com.ar\/noticias-villa-maria\/wp-content\/uploads\/2020\/08\/Langostas-control-fumigaci%C3%B3n-2020.jpg?fit=993%2C660&ssl=1","contentUrl":"https:\/\/i0.wp.com\/elregionalvm.com.ar\/noticias-villa-maria\/wp-content\/uploads\/2020\/08\/Langostas-control-fumigaci%C3%B3n-2020.jpg?fit=993%2C660&ssl=1","width":993,"height":660},{"@type":"BreadcrumbList","@id":"http:\/\/elregionalvm.com.ar\/noticias-villa-maria\/ahi-viene-la-plaga-podrian-llegar-las-langostas-cerca-de-villa-maria\/#breadcrumb","itemListElement":[{"@type":"ListItem","position":1,"name":"Portada","item":"https:\/\/elregionalvm.com.ar\/noticias-villa-maria\/"},{"@type":"ListItem","position":2,"name":"Ah\u00ed viene la plaga: \u00bfpodr\u00edan llegar las langostas cerca de Villa Mar\u00eda?"}]},{"@type":"WebSite","@id":"http:\/\/elregionalvm.com.ar\/noticias-villa-maria\/#website","url":"http:\/\/elregionalvm.com.ar\/noticias-villa-maria\/","name":"El Regional","description":"Mucho m\u00e1s que informaci\u00f3n","potentialAction":[{"@type":"SearchAction","target":{"@type":"EntryPoint","urlTemplate":"http:\/\/elregionalvm.com.ar\/noticias-villa-maria\/?s={search_term_string}"},"query-input":{"@type":"PropertyValueSpecification","valueRequired":true,"valueName":"search_term_string"}}],"inLanguage":"es"},{"@type":"Person","@id":"http:\/\/elregionalvm.com.ar\/noticias-villa-maria\/#\/schema\/person\/a0fb9c422317faca23d50163151bc354","name":"Contenidos El Regional","image":{"@type":"ImageObject","inLanguage":"es","@id":"http:\/\/elregionalvm.com.ar\/noticias-villa-maria\/#\/schema\/person\/image\/","url":"https:\/\/secure.gravatar.com\/avatar\/265b27cb2209af7bb3a1318f03305787d7981a5cc6e6cd08fe5a4ecdf99d4b48?s=96&d=mm&r=g","contentUrl":"https:\/\/secure.gravatar.com\/avatar\/265b27cb2209af7bb3a1318f03305787d7981a5cc6e6cd08fe5a4ecdf99d4b48?s=96&d=mm&r=g","caption":"Contenidos El Regional"},"url":"https:\/\/elregionalvm.com.ar\/noticias-villa-maria\/author\/contenido\/"}]}},"jetpack_featured_media_url":"https:\/\/i0.wp.com\/elregionalvm.com.ar\/noticias-villa-maria\/wp-content\/uploads\/2020\/08\/Langostas-control-fumigaci%C3%B3n-2020.jpg?fit=993%2C660&ssl=1","jetpack_sharing_enabled":true,"_links":{"self":[{"href":"https:\/\/elregionalvm.com.ar\/noticias-villa-maria\/wp-json\/wp\/v2\/posts\/22560","targetHints":{"allow":["GET"]}}],"collection":[{"href":"https:\/\/elregionalvm.com.ar\/noticias-villa-maria\/wp-json\/wp\/v2\/posts"}],"about":[{"href":"https:\/\/elregionalvm.com.ar\/noticias-villa-maria\/wp-json\/wp\/v2\/types\/post"}],"author":[{"embeddable":true,"href":"https:\/\/elregionalvm.com.ar\/noticias-villa-maria\/wp-json\/wp\/v2\/users\/4"}],"replies":[{"embeddable":true,"href":"https:\/\/elregionalvm.com.ar\/noticias-villa-maria\/wp-json\/wp\/v2\/comments?post=22560"}],"version-history":[{"count":1,"href":"https:\/\/elregionalvm.com.ar\/noticias-villa-maria\/wp-json\/wp\/v2\/posts\/22560\/revisions"}],"predecessor-version":[{"id":22564,"href":"https:\/\/elregionalvm.com.ar\/noticias-villa-maria\/wp-json\/wp\/v2\/posts\/22560\/revisions\/22564"}],"wp:featuredmedia":[{"embeddable":true,"href":"https:\/\/elregionalvm.com.ar\/noticias-villa-maria\/wp-json\/wp\/v2\/media\/22561"}],"wp:attachment":[{"href":"https:\/\/elregionalvm.com.ar\/noticias-villa-maria\/wp-json\/wp\/v2\/media?parent=22560"}],"wp:term":[{"taxonomy":"category","embeddable":true,"href":"https:\/\/elregionalvm.com.ar\/noticias-villa-maria\/wp-json\/wp\/v2\/categories?post=22560"},{"taxonomy":"post_tag","embeddable":true,"href":"https:\/\/elregionalvm.com.ar\/noticias-villa-maria\/wp-json\/wp\/v2\/tags?post=22560"}],"curies":[{"name":"wp","href":"https:\/\/api.w.org\/{rel}","templated":true}]}}