{"id":22578,"date":"2020-08-25T02:24:59","date_gmt":"2020-08-25T02:24:59","guid":{"rendered":"https:\/\/elregionalvm.com.ar\/noticias-villa-maria\/?p=22578"},"modified":"2020-08-26T00:39:59","modified_gmt":"2020-08-26T00:39:59","slug":"con-14-nuevos-positivos-suman-155-los-casos-en-villa-maria","status":"publish","type":"post","link":"https:\/\/elregionalvm.com.ar\/noticias-villa-maria\/con-14-nuevos-positivos-suman-155-los-casos-en-villa-maria\/","title":{"rendered":"Con 14 nuevos positivos, suman 155 los casos en Villa Mar\u00eda"},"content":{"rendered":"\n<p>En un nuevo informe diario de la situaci\u00f3n por Covid-19 en Villa Mar\u00eda, autoridades municipales informaron 14 nuevos casos positivos.<\/p>\n\n\n\n<p>De esta manera, suman 155 los contagios totales en la ciudad.<\/p>\n\n\n\n<p>De los 14 nuevos positivos, seis de estos a\u00fan no tienen nexo epidemiol\u00f3gico identificado.<\/p>\n\n\n\n<p>Con las altas m\u00e9dicas acumuladas, hay actualmente 80 casos activos. Tres de ellos demandaron internaci\u00f3n, mientras que 77 transitan el cuadro en sus hogares, y atraviesan el proceso de manera ambulatoria.<\/p>\n\n\n\n<p>En total hay 306 personas aisladas, de los cuales 226 son contactos estrechos. De estos, 28 aguardan los resultados y 198 ya recibieron el primer hisopado negativo. Adem\u00e1s, obtuvieron el alta de aislamiento 6 personas.<\/p>\n\n\n\n<p>En tanto, la tasa de duplicaci\u00f3n de casos se ubica en 9 d\u00edas.<\/p>\n\n\n\n<p>El informe fue ofrecido por Pablo Rosso, junto con la m\u00e9dica infect\u00f3loga Graciela Ortega.<\/p>\n\n\n\n<p><strong>En Villa Nueva<\/strong><\/p>\n\n\n\n<p>En la vecina ciudad, se registr\u00f3 un nuevo caso positivo de Covid 19, a la vez que se produjo el alta m\u00e9dica a un paciente.<\/p>\n\n\n\n<p>En la jornada de hoy, adem\u00e1s, se dio el alta m\u00e9dica a 8 pacientes que se encontraban en aislamiento por ser contactos estrechos.<\/p>\n\n\n\n<p>En total, actualmente, la ciudad contabiliza 13 casos activos, de los cuales 11 se encuentran guardando aislamiento domiciliario, mientras que dos personas se encuentran en internaci\u00f3n.<\/p>\n\n\n\n<p>La cantidad de contactos estrechos es de 76 personas. Todos casos que se encuentran en vigilancia epidemiol\u00f3gica para su cumplimiento efectivo de la cuarentena, hasta tanto se reciban los resultados de los correspondientes hisopados.<\/p>\n\n\n\n<figure class=\"wp-block-image size-large\"><img data-recalc-dims=\"1\" fetchpriority=\"high\" decoding=\"async\" width=\"1024\" height=\"698\" src=\"https:\/\/i0.wp.com\/elregionalvm.com.ar\/noticias-villa-maria\/wp-content\/uploads\/2020\/08\/Informe-diario-Villa-Nueva-24-de-agosto.jpeg?resize=1024%2C698&#038;ssl=1\" alt=\"\" class=\"wp-image-22581\" srcset=\"https:\/\/i0.wp.com\/elregionalvm.com.ar\/noticias-villa-maria\/wp-content\/uploads\/2020\/08\/Informe-diario-Villa-Nueva-24-de-agosto.jpeg?resize=1024%2C698&amp;ssl=1 1024w, https:\/\/i0.wp.com\/elregionalvm.com.ar\/noticias-villa-maria\/wp-content\/uploads\/2020\/08\/Informe-diario-Villa-Nueva-24-de-agosto.jpeg?resize=300%2C204&amp;ssl=1 300w, https:\/\/i0.wp.com\/elregionalvm.com.ar\/noticias-villa-maria\/wp-content\/uploads\/2020\/08\/Informe-diario-Villa-Nueva-24-de-agosto.jpeg?resize=768%2C523&amp;ssl=1 768w, https:\/\/i0.wp.com\/elregionalvm.com.ar\/noticias-villa-maria\/wp-content\/uploads\/2020\/08\/Informe-diario-Villa-Nueva-24-de-agosto.jpeg?w=1155&amp;ssl=1 1155w\" sizes=\"(max-width: 1000px) 100vw, 1000px\" \/><figcaption><em>El informe diario de Villa Nueva. <\/em><\/figcaption><\/figure>\n\n\n\n<p><\/p>\n\n\n\n<p><strong>En la provincia<\/strong><\/p>\n\n\n\n<p>El Ministerio de Salud de la Provincia inform\u00f3 que en el d\u00eda de hoy se confirmaron\u00a0207 nuevos casos, de los cuales\u00a075 corresponden a C\u00f3rdoba capital\u00a0y\u00a0132 del interior,\u00a0con la siguiente distribuci\u00f3n por departamentos:<\/p>\n\n\n\n<ul class=\"wp-block-list\"><li><strong>Col\u00f3n:<\/strong>&nbsp;Estaci\u00f3n Ju\u00e1rez Celman 1; R\u00edo Ceballos 2; Sald\u00e1n 1; Unquillo 1.<\/li><li><strong>Cruz del eje:<\/strong>&nbsp;Ciudad de Cruz del Eje 1.<\/li><li><strong>Ju\u00e1rez Celman:<\/strong>&nbsp;Carnerillo 8; General Cabrera 2; General Deheza 3.<\/li><li><strong>Marcos Ju\u00e1rez:<\/strong>&nbsp;Leones 6; ciudad de Marcos Ju\u00e1rez 4.<\/li><li><strong>Pocho:<\/strong>&nbsp;Salsacate 1.<\/li><li><strong>Punilla:<\/strong>&nbsp;Villa Carlos Paz 1; Villa Giardino 1.<\/li><li><strong>R\u00edo Cuarto:<\/strong>&nbsp;Achiras 1; Coronel Moldes 44; Las Higueras 1; ciudad de R\u00edo Cuarto 42; San Basilio 1; Vicu\u00f1a Mackenna 5; Coronel Baigorria 1.<\/li><li><strong>San Justo:<\/strong>&nbsp;San Francisco 1.<\/li><li><strong>Santa Mar\u00eda:&nbsp;<\/strong>Despe\u00f1aderos 1; Toledo 1.<\/li><li><strong>Tercero Arriba:&nbsp;<\/strong>James Craik 1; R\u00edo Tercero 1.<\/li><\/ul>\n\n\n\n<p>Del total de casos, 169 est\u00e1n vinculados a contactos estrechos de casos confirmados anteriormente y 38 se encuentran en investigaci\u00f3n.<\/p>\n\n\n\n<p>Por otra parte,\u00a0se notific\u00f3 un caso al Sistema Nacional de Vigilancia de la Salud (SNVS)<strong>,\u00a0<\/strong>correspondiente a una persona con residencia en La Rioja, pero con domicilio legal en Villa Giardino. <\/p>\n\n\n\n<p>De esta manera, la provincia de C\u00f3rdoba registra a la fecha un\u00a0total de 208 casos nuevos y un acumulado de 6.100 casos.<\/p>\n\n\n\n<p><strong>Cinco fallecimientos <\/strong><\/p>\n\n\n\n<p>En tanto, hoy\u00a0se notificaron cinco fallecimientos por Covid-19\u00a0en la provincia de C\u00f3rdoba. Se trata de tres hombres de 56, 82 y 66 a\u00f1os, oriundos de Oliva, Monte Buey y Despe\u00f1aderos, respectivamente, y dos mujeres de 53 y 45 a\u00f1os, de Villa Nueva y C\u00f3rdoba capital. <\/p>\n\n\n\n<p>La muerte de la vecina de Villa Nueva ya hab\u00eda sido dada a conocer por <strong><a href=\"http:\/\/www.elregionalvm.com.ar\">EL REGIONAL <\/a><\/strong>en la noche del domingo. <\/p>\n\n\n\n<p>Todas las personas se encontraban internadas y presentaban antecedentes de patolog\u00edas previas.Hasta la fecha\u00a0se han producido en total 104 decesos\u00a0por esta causa.<\/p>\n\n\n\n<ul class=\"wp-block-list\"><li><strong>Le\u00e9 m\u00e1s: <\/strong><\/li><\/ul>\n\n\n\n<figure class=\"wp-block-embed-wordpress wp-block-embed is-type-wp-embed is-provider-el-regional\"><div class=\"wp-block-embed__wrapper\">\n<blockquote class=\"wp-embedded-content\" data-secret=\"sOQY4NkPKF\"><a href=\"https:\/\/elregionalvm.com.ar\/noticias-villa-maria\/piden-mayor-compromiso-de-los-jovenes-para-bajar-el-nivel-de-contagios\/\">Piden mayor compromiso de los j\u00f3venes para bajar el nivel de contagios<\/a><\/blockquote><iframe class=\"wp-embedded-content\" sandbox=\"allow-scripts\" security=\"restricted\" style=\"position: absolute; clip: rect(1px, 1px, 1px, 1px);\" title=\"\u00abPiden mayor compromiso de los j\u00f3venes para bajar el nivel de contagios\u00bb \u2014 El Regional\" src=\"https:\/\/elregionalvm.com.ar\/noticias-villa-maria\/piden-mayor-compromiso-de-los-jovenes-para-bajar-el-nivel-de-contagios\/embed\/#?secret=f7jYdDbVSk#?secret=sOQY4NkPKF\" data-secret=\"sOQY4NkPKF\" width=\"500\" height=\"282\" frameborder=\"0\" marginwidth=\"0\" marginheight=\"0\" scrolling=\"no\"><\/iframe>\n<\/div><\/figure>\n","protected":false},"excerpt":{"rendered":"<p>En un nuevo informe diario de la situaci\u00f3n por Covid-19 en Villa Mar\u00eda, autoridades municipales informaron 14 nuevos casos positivos. De esta manera, suman 155 los contagios totales en la ciudad. De los 14 nuevos positivos, seis de estos a\u00fan no tienen nexo epidemiol\u00f3gico identificado. Con las altas m\u00e9dicas acumuladas, hay actualmente 80 casos activos. [&hellip;]<\/p>\n","protected":false},"author":4,"featured_media":22580,"comment_status":"open","ping_status":"open","sticky":false,"template":"","format":"standard","meta":{"site-sidebar-layout":"default","site-content-layout":"default","ast-site-content-layout":"default","site-content-style":"default","site-sidebar-style":"default","ast-global-header-display":"","ast-banner-title-visibility":"","ast-main-header-display":"","ast-hfb-above-header-display":"","ast-hfb-below-header-display":"","ast-hfb-mobile-header-display":"","site-post-title":"","ast-breadcrumbs-content":"","ast-featured-img":"","footer-sml-layout":"","ast-disable-related-posts":"","theme-transparent-header-meta":"default","adv-header-id-meta":"","stick-header-meta":"","header-above-stick-meta":"","header-main-stick-meta":"","header-below-stick-meta":"","astra-migrate-meta-layouts":"default","ast-page-background-enabled":"default","ast-page-background-meta":{"desktop":{"background-color":"","background-image":"","background-repeat":"repeat","background-position":"center center","background-size":"auto","background-attachment":"scroll","background-type":"","background-media":"","overlay-type":"","overlay-color":"","overlay-opacity":"","overlay-gradient":""},"tablet":{"background-color":"","background-image":"","background-repeat":"repeat","background-position":"center center","background-size":"auto","background-attachment":"scroll","background-type":"","background-media":"","overlay-type":"","overlay-color":"","overlay-opacity":"","overlay-gradient":""},"mobile":{"background-color":"","background-image":"","background-repeat":"repeat","background-position":"center center","background-size":"auto","background-attachment":"scroll","background-type":"","background-media":"","overlay-type":"","overlay-color":"","overlay-opacity":"","overlay-gradient":""}},"ast-content-background-meta":{"desktop":{"background-color":"var(--ast-global-color-5)","background-image":"","background-repeat":"repeat","background-position":"center center","background-size":"auto","background-attachment":"scroll","background-type":"","background-media":"","overlay-type":"","overlay-color":"","overlay-opacity":"","overlay-gradient":""},"tablet":{"background-color":"var(--ast-global-color-5)","background-image":"","background-repeat":"repeat","background-position":"center center","background-size":"auto","background-attachment":"scroll","background-type":"","background-media":"","overlay-type":"","overlay-color":"","overlay-opacity":"","overlay-gradient":""},"mobile":{"background-color":"var(--ast-global-color-5)","background-image":"","background-repeat":"repeat","background-position":"center center","background-size":"auto","background-attachment":"scroll","background-type":"","background-media":"","overlay-type":"","overlay-color":"","overlay-opacity":"","overlay-gradient":""}},"_jetpack_memberships_contains_paid_content":false,"_joinchat":[],"footnotes":""},"categories":[2256,2],"tags":[2422,2054,2130,2623,2597,2403,534,232],"class_list":["post-22578","post","type-post","status-publish","format-standard","has-post-thumbnail","hentry","category-coronavirus","category-villa-maria","tag-coe","tag-covid-19","tag-hospital-pasteur","tag-informe-epidemiologico","tag-nuevos-casos","tag-provincia-de-cordoba","tag-villa-maria","tag-villa-nueva"],"yoast_head":"<!-- This site is optimized with the Yoast SEO plugin v26.8 - https:\/\/yoast.com\/product\/yoast-seo-wordpress\/ -->\n<title>Con 14 nuevos positivos, suman 155 los casos en Villa Mar\u00eda - El Regional<\/title>\n<meta name=\"description\" content=\"En un nuevo informe diario de la situaci\u00f3n por Covid-19 en Villa Mar\u00eda, autoridades municipales informaron 14 nuevos casos positivos.\" \/>\n<meta name=\"robots\" content=\"index, follow, max-snippet:-1, max-image-preview:large, max-video-preview:-1\" \/>\n<link rel=\"canonical\" href=\"http:\/\/elregionalvm.com.ar\/noticias-villa-maria\/con-14-nuevos-positivos-suman-155-los-casos-en-villa-maria\/\" \/>\n<meta property=\"og:locale\" content=\"es_ES\" \/>\n<meta property=\"og:type\" content=\"article\" \/>\n<meta property=\"og:title\" content=\"Con 14 nuevos positivos, suman 155 los casos en Villa Mar\u00eda - El Regional\" \/>\n<meta property=\"og:description\" content=\"En un nuevo informe diario de la situaci\u00f3n por Covid-19 en Villa Mar\u00eda, autoridades municipales informaron 14 nuevos casos positivos.\" \/>\n<meta property=\"og:url\" content=\"http:\/\/elregionalvm.com.ar\/noticias-villa-maria\/con-14-nuevos-positivos-suman-155-los-casos-en-villa-maria\/\" \/>\n<meta property=\"og:site_name\" content=\"El Regional\" \/>\n<meta property=\"article:publisher\" content=\"https:\/\/www.facebook.com\/elregionalvm\" \/>\n<meta property=\"article:published_time\" content=\"2020-08-25T02:24:59+00:00\" \/>\n<meta property=\"article:modified_time\" content=\"2020-08-26T00:39:59+00:00\" \/>\n<meta property=\"og:image\" content=\"http:\/\/elregionalvm.com.ar\/noticias-villa-maria\/wp-content\/uploads\/2020\/08\/Informe-diario-24-de-agosto.jpeg\" \/>\n\t<meta property=\"og:image:width\" content=\"911\" \/>\n\t<meta property=\"og:image:height\" content=\"545\" \/>\n\t<meta property=\"og:image:type\" content=\"image\/jpeg\" \/>\n<meta name=\"author\" content=\"Contenidos El Regional\" \/>\n<meta name=\"twitter:card\" content=\"summary_large_image\" \/>\n<meta name=\"twitter:creator\" content=\"@elregionalvm1\" \/>\n<meta name=\"twitter:site\" content=\"@elregionalvm1\" \/>\n<meta name=\"twitter:label1\" content=\"Escrito por\" \/>\n\t<meta name=\"twitter:data1\" content=\"Contenidos El Regional\" \/>\n\t<meta name=\"twitter:label2\" content=\"Tiempo de lectura\" \/>\n\t<meta name=\"twitter:data2\" content=\"3 minutos\" \/>\n<script type=\"application\/ld+json\" class=\"yoast-schema-graph\">{\"@context\":\"https:\/\/schema.org\",\"@graph\":[{\"@type\":\"Article\",\"@id\":\"http:\/\/elregionalvm.com.ar\/noticias-villa-maria\/con-14-nuevos-positivos-suman-155-los-casos-en-villa-maria\/#article\",\"isPartOf\":{\"@id\":\"http:\/\/elregionalvm.com.ar\/noticias-villa-maria\/con-14-nuevos-positivos-suman-155-los-casos-en-villa-maria\/\"},\"author\":{\"name\":\"Contenidos El Regional\",\"@id\":\"http:\/\/elregionalvm.com.ar\/noticias-villa-maria\/#\/schema\/person\/a0fb9c422317faca23d50163151bc354\"},\"headline\":\"Con 14 nuevos positivos, suman 155 los casos en Villa Mar\u00eda\",\"datePublished\":\"2020-08-25T02:24:59+00:00\",\"dateModified\":\"2020-08-26T00:39:59+00:00\",\"mainEntityOfPage\":{\"@id\":\"http:\/\/elregionalvm.com.ar\/noticias-villa-maria\/con-14-nuevos-positivos-suman-155-los-casos-en-villa-maria\/\"},\"wordCount\":578,\"commentCount\":0,\"image\":{\"@id\":\"http:\/\/elregionalvm.com.ar\/noticias-villa-maria\/con-14-nuevos-positivos-suman-155-los-casos-en-villa-maria\/#primaryimage\"},\"thumbnailUrl\":\"https:\/\/i0.wp.com\/elregionalvm.com.ar\/noticias-villa-maria\/wp-content\/uploads\/2020\/08\/Informe-diario-24-de-agosto.jpeg?fit=911%2C545&ssl=1\",\"keywords\":[\"COE\",\"Covid-19\",\"Hospital Pasteur\",\"Informe epidemiol\u00f3gico\",\"Nuevos casos\",\"Provincia de C\u00f3rdoba\",\"villa maria\",\"VILLA NUEVA\"],\"articleSection\":[\"Coronavirus\",\"Villa Mar\u00eda\"],\"inLanguage\":\"es\",\"potentialAction\":[{\"@type\":\"CommentAction\",\"name\":\"Comment\",\"target\":[\"http:\/\/elregionalvm.com.ar\/noticias-villa-maria\/con-14-nuevos-positivos-suman-155-los-casos-en-villa-maria\/#respond\"]}]},{\"@type\":\"WebPage\",\"@id\":\"http:\/\/elregionalvm.com.ar\/noticias-villa-maria\/con-14-nuevos-positivos-suman-155-los-casos-en-villa-maria\/\",\"url\":\"http:\/\/elregionalvm.com.ar\/noticias-villa-maria\/con-14-nuevos-positivos-suman-155-los-casos-en-villa-maria\/\",\"name\":\"Con 14 nuevos positivos, suman 155 los casos en Villa Mar\u00eda - El Regional\",\"isPartOf\":{\"@id\":\"http:\/\/elregionalvm.com.ar\/noticias-villa-maria\/#website\"},\"primaryImageOfPage\":{\"@id\":\"http:\/\/elregionalvm.com.ar\/noticias-villa-maria\/con-14-nuevos-positivos-suman-155-los-casos-en-villa-maria\/#primaryimage\"},\"image\":{\"@id\":\"http:\/\/elregionalvm.com.ar\/noticias-villa-maria\/con-14-nuevos-positivos-suman-155-los-casos-en-villa-maria\/#primaryimage\"},\"thumbnailUrl\":\"https:\/\/i0.wp.com\/elregionalvm.com.ar\/noticias-villa-maria\/wp-content\/uploads\/2020\/08\/Informe-diario-24-de-agosto.jpeg?fit=911%2C545&ssl=1\",\"datePublished\":\"2020-08-25T02:24:59+00:00\",\"dateModified\":\"2020-08-26T00:39:59+00:00\",\"author\":{\"@id\":\"http:\/\/elregionalvm.com.ar\/noticias-villa-maria\/#\/schema\/person\/a0fb9c422317faca23d50163151bc354\"},\"description\":\"En un nuevo informe diario de la situaci\u00f3n por Covid-19 en Villa Mar\u00eda, autoridades municipales informaron 14 nuevos casos positivos.\",\"breadcrumb\":{\"@id\":\"http:\/\/elregionalvm.com.ar\/noticias-villa-maria\/con-14-nuevos-positivos-suman-155-los-casos-en-villa-maria\/#breadcrumb\"},\"inLanguage\":\"es\",\"potentialAction\":[{\"@type\":\"ReadAction\",\"target\":[\"http:\/\/elregionalvm.com.ar\/noticias-villa-maria\/con-14-nuevos-positivos-suman-155-los-casos-en-villa-maria\/\"]}]},{\"@type\":\"ImageObject\",\"inLanguage\":\"es\",\"@id\":\"http:\/\/elregionalvm.com.ar\/noticias-villa-maria\/con-14-nuevos-positivos-suman-155-los-casos-en-villa-maria\/#primaryimage\",\"url\":\"https:\/\/i0.wp.com\/elregionalvm.com.ar\/noticias-villa-maria\/wp-content\/uploads\/2020\/08\/Informe-diario-24-de-agosto.jpeg?fit=911%2C545&ssl=1\",\"contentUrl\":\"https:\/\/i0.wp.com\/elregionalvm.com.ar\/noticias-villa-maria\/wp-content\/uploads\/2020\/08\/Informe-diario-24-de-agosto.jpeg?fit=911%2C545&ssl=1\",\"width\":911,\"height\":545},{\"@type\":\"BreadcrumbList\",\"@id\":\"http:\/\/elregionalvm.com.ar\/noticias-villa-maria\/con-14-nuevos-positivos-suman-155-los-casos-en-villa-maria\/#breadcrumb\",\"itemListElement\":[{\"@type\":\"ListItem\",\"position\":1,\"name\":\"Portada\",\"item\":\"https:\/\/elregionalvm.com.ar\/noticias-villa-maria\/\"},{\"@type\":\"ListItem\",\"position\":2,\"name\":\"Con 14 nuevos positivos, suman 155 los casos en Villa Mar\u00eda\"}]},{\"@type\":\"WebSite\",\"@id\":\"http:\/\/elregionalvm.com.ar\/noticias-villa-maria\/#website\",\"url\":\"http:\/\/elregionalvm.com.ar\/noticias-villa-maria\/\",\"name\":\"El Regional\",\"description\":\"Mucho m\u00e1s que informaci\u00f3n\",\"potentialAction\":[{\"@type\":\"SearchAction\",\"target\":{\"@type\":\"EntryPoint\",\"urlTemplate\":\"http:\/\/elregionalvm.com.ar\/noticias-villa-maria\/?s={search_term_string}\"},\"query-input\":{\"@type\":\"PropertyValueSpecification\",\"valueRequired\":true,\"valueName\":\"search_term_string\"}}],\"inLanguage\":\"es\"},{\"@type\":\"Person\",\"@id\":\"http:\/\/elregionalvm.com.ar\/noticias-villa-maria\/#\/schema\/person\/a0fb9c422317faca23d50163151bc354\",\"name\":\"Contenidos El Regional\",\"image\":{\"@type\":\"ImageObject\",\"inLanguage\":\"es\",\"@id\":\"http:\/\/elregionalvm.com.ar\/noticias-villa-maria\/#\/schema\/person\/image\/\",\"url\":\"https:\/\/secure.gravatar.com\/avatar\/265b27cb2209af7bb3a1318f03305787d7981a5cc6e6cd08fe5a4ecdf99d4b48?s=96&d=mm&r=g\",\"contentUrl\":\"https:\/\/secure.gravatar.com\/avatar\/265b27cb2209af7bb3a1318f03305787d7981a5cc6e6cd08fe5a4ecdf99d4b48?s=96&d=mm&r=g\",\"caption\":\"Contenidos El Regional\"},\"url\":\"https:\/\/elregionalvm.com.ar\/noticias-villa-maria\/author\/contenido\/\"}]}<\/script>\n<!-- \/ Yoast SEO plugin. -->","yoast_head_json":{"title":"Con 14 nuevos positivos, suman 155 los casos en Villa Mar\u00eda - El Regional","description":"En un nuevo informe diario de la situaci\u00f3n por Covid-19 en Villa Mar\u00eda, autoridades municipales informaron 14 nuevos casos positivos.","robots":{"index":"index","follow":"follow","max-snippet":"max-snippet:-1","max-image-preview":"max-image-preview:large","max-video-preview":"max-video-preview:-1"},"canonical":"http:\/\/elregionalvm.com.ar\/noticias-villa-maria\/con-14-nuevos-positivos-suman-155-los-casos-en-villa-maria\/","og_locale":"es_ES","og_type":"article","og_title":"Con 14 nuevos positivos, suman 155 los casos en Villa Mar\u00eda - El Regional","og_description":"En un nuevo informe diario de la situaci\u00f3n por Covid-19 en Villa Mar\u00eda, autoridades municipales informaron 14 nuevos casos positivos.","og_url":"http:\/\/elregionalvm.com.ar\/noticias-villa-maria\/con-14-nuevos-positivos-suman-155-los-casos-en-villa-maria\/","og_site_name":"El Regional","article_publisher":"https:\/\/www.facebook.com\/elregionalvm","article_published_time":"2020-08-25T02:24:59+00:00","article_modified_time":"2020-08-26T00:39:59+00:00","og_image":[{"width":911,"height":545,"url":"http:\/\/elregionalvm.com.ar\/noticias-villa-maria\/wp-content\/uploads\/2020\/08\/Informe-diario-24-de-agosto.jpeg","type":"image\/jpeg"}],"author":"Contenidos El Regional","twitter_card":"summary_large_image","twitter_creator":"@elregionalvm1","twitter_site":"@elregionalvm1","twitter_misc":{"Escrito por":"Contenidos El Regional","Tiempo de lectura":"3 minutos"},"schema":{"@context":"https:\/\/schema.org","@graph":[{"@type":"Article","@id":"http:\/\/elregionalvm.com.ar\/noticias-villa-maria\/con-14-nuevos-positivos-suman-155-los-casos-en-villa-maria\/#article","isPartOf":{"@id":"http:\/\/elregionalvm.com.ar\/noticias-villa-maria\/con-14-nuevos-positivos-suman-155-los-casos-en-villa-maria\/"},"author":{"name":"Contenidos El Regional","@id":"http:\/\/elregionalvm.com.ar\/noticias-villa-maria\/#\/schema\/person\/a0fb9c422317faca23d50163151bc354"},"headline":"Con 14 nuevos positivos, suman 155 los casos en Villa Mar\u00eda","datePublished":"2020-08-25T02:24:59+00:00","dateModified":"2020-08-26T00:39:59+00:00","mainEntityOfPage":{"@id":"http:\/\/elregionalvm.com.ar\/noticias-villa-maria\/con-14-nuevos-positivos-suman-155-los-casos-en-villa-maria\/"},"wordCount":578,"commentCount":0,"image":{"@id":"http:\/\/elregionalvm.com.ar\/noticias-villa-maria\/con-14-nuevos-positivos-suman-155-los-casos-en-villa-maria\/#primaryimage"},"thumbnailUrl":"https:\/\/i0.wp.com\/elregionalvm.com.ar\/noticias-villa-maria\/wp-content\/uploads\/2020\/08\/Informe-diario-24-de-agosto.jpeg?fit=911%2C545&ssl=1","keywords":["COE","Covid-19","Hospital Pasteur","Informe epidemiol\u00f3gico","Nuevos casos","Provincia de C\u00f3rdoba","villa maria","VILLA NUEVA"],"articleSection":["Coronavirus","Villa Mar\u00eda"],"inLanguage":"es","potentialAction":[{"@type":"CommentAction","name":"Comment","target":["http:\/\/elregionalvm.com.ar\/noticias-villa-maria\/con-14-nuevos-positivos-suman-155-los-casos-en-villa-maria\/#respond"]}]},{"@type":"WebPage","@id":"http:\/\/elregionalvm.com.ar\/noticias-villa-maria\/con-14-nuevos-positivos-suman-155-los-casos-en-villa-maria\/","url":"http:\/\/elregionalvm.com.ar\/noticias-villa-maria\/con-14-nuevos-positivos-suman-155-los-casos-en-villa-maria\/","name":"Con 14 nuevos positivos, suman 155 los casos en Villa Mar\u00eda - El Regional","isPartOf":{"@id":"http:\/\/elregionalvm.com.ar\/noticias-villa-maria\/#website"},"primaryImageOfPage":{"@id":"http:\/\/elregionalvm.com.ar\/noticias-villa-maria\/con-14-nuevos-positivos-suman-155-los-casos-en-villa-maria\/#primaryimage"},"image":{"@id":"http:\/\/elregionalvm.com.ar\/noticias-villa-maria\/con-14-nuevos-positivos-suman-155-los-casos-en-villa-maria\/#primaryimage"},"thumbnailUrl":"https:\/\/i0.wp.com\/elregionalvm.com.ar\/noticias-villa-maria\/wp-content\/uploads\/2020\/08\/Informe-diario-24-de-agosto.jpeg?fit=911%2C545&ssl=1","datePublished":"2020-08-25T02:24:59+00:00","dateModified":"2020-08-26T00:39:59+00:00","author":{"@id":"http:\/\/elregionalvm.com.ar\/noticias-villa-maria\/#\/schema\/person\/a0fb9c422317faca23d50163151bc354"},"description":"En un nuevo informe diario de la situaci\u00f3n por Covid-19 en Villa Mar\u00eda, autoridades municipales informaron 14 nuevos casos positivos.","breadcrumb":{"@id":"http:\/\/elregionalvm.com.ar\/noticias-villa-maria\/con-14-nuevos-positivos-suman-155-los-casos-en-villa-maria\/#breadcrumb"},"inLanguage":"es","potentialAction":[{"@type":"ReadAction","target":["http:\/\/elregionalvm.com.ar\/noticias-villa-maria\/con-14-nuevos-positivos-suman-155-los-casos-en-villa-maria\/"]}]},{"@type":"ImageObject","inLanguage":"es","@id":"http:\/\/elregionalvm.com.ar\/noticias-villa-maria\/con-14-nuevos-positivos-suman-155-los-casos-en-villa-maria\/#primaryimage","url":"https:\/\/i0.wp.com\/elregionalvm.com.ar\/noticias-villa-maria\/wp-content\/uploads\/2020\/08\/Informe-diario-24-de-agosto.jpeg?fit=911%2C545&ssl=1","contentUrl":"https:\/\/i0.wp.com\/elregionalvm.com.ar\/noticias-villa-maria\/wp-content\/uploads\/2020\/08\/Informe-diario-24-de-agosto.jpeg?fit=911%2C545&ssl=1","width":911,"height":545},{"@type":"BreadcrumbList","@id":"http:\/\/elregionalvm.com.ar\/noticias-villa-maria\/con-14-nuevos-positivos-suman-155-los-casos-en-villa-maria\/#breadcrumb","itemListElement":[{"@type":"ListItem","position":1,"name":"Portada","item":"https:\/\/elregionalvm.com.ar\/noticias-villa-maria\/"},{"@type":"ListItem","position":2,"name":"Con 14 nuevos positivos, suman 155 los casos en Villa Mar\u00eda"}]},{"@type":"WebSite","@id":"http:\/\/elregionalvm.com.ar\/noticias-villa-maria\/#website","url":"http:\/\/elregionalvm.com.ar\/noticias-villa-maria\/","name":"El Regional","description":"Mucho m\u00e1s que informaci\u00f3n","potentialAction":[{"@type":"SearchAction","target":{"@type":"EntryPoint","urlTemplate":"http:\/\/elregionalvm.com.ar\/noticias-villa-maria\/?s={search_term_string}"},"query-input":{"@type":"PropertyValueSpecification","valueRequired":true,"valueName":"search_term_string"}}],"inLanguage":"es"},{"@type":"Person","@id":"http:\/\/elregionalvm.com.ar\/noticias-villa-maria\/#\/schema\/person\/a0fb9c422317faca23d50163151bc354","name":"Contenidos El Regional","image":{"@type":"ImageObject","inLanguage":"es","@id":"http:\/\/elregionalvm.com.ar\/noticias-villa-maria\/#\/schema\/person\/image\/","url":"https:\/\/secure.gravatar.com\/avatar\/265b27cb2209af7bb3a1318f03305787d7981a5cc6e6cd08fe5a4ecdf99d4b48?s=96&d=mm&r=g","contentUrl":"https:\/\/secure.gravatar.com\/avatar\/265b27cb2209af7bb3a1318f03305787d7981a5cc6e6cd08fe5a4ecdf99d4b48?s=96&d=mm&r=g","caption":"Contenidos El Regional"},"url":"https:\/\/elregionalvm.com.ar\/noticias-villa-maria\/author\/contenido\/"}]}},"jetpack_featured_media_url":"https:\/\/i0.wp.com\/elregionalvm.com.ar\/noticias-villa-maria\/wp-content\/uploads\/2020\/08\/Informe-diario-24-de-agosto.jpeg?fit=911%2C545&ssl=1","jetpack_sharing_enabled":true,"_links":{"self":[{"href":"https:\/\/elregionalvm.com.ar\/noticias-villa-maria\/wp-json\/wp\/v2\/posts\/22578","targetHints":{"allow":["GET"]}}],"collection":[{"href":"https:\/\/elregionalvm.com.ar\/noticias-villa-maria\/wp-json\/wp\/v2\/posts"}],"about":[{"href":"https:\/\/elregionalvm.com.ar\/noticias-villa-maria\/wp-json\/wp\/v2\/types\/post"}],"author":[{"embeddable":true,"href":"https:\/\/elregionalvm.com.ar\/noticias-villa-maria\/wp-json\/wp\/v2\/users\/4"}],"replies":[{"embeddable":true,"href":"https:\/\/elregionalvm.com.ar\/noticias-villa-maria\/wp-json\/wp\/v2\/comments?post=22578"}],"version-history":[{"count":1,"href":"https:\/\/elregionalvm.com.ar\/noticias-villa-maria\/wp-json\/wp\/v2\/posts\/22578\/revisions"}],"predecessor-version":[{"id":22582,"href":"https:\/\/elregionalvm.com.ar\/noticias-villa-maria\/wp-json\/wp\/v2\/posts\/22578\/revisions\/22582"}],"wp:featuredmedia":[{"embeddable":true,"href":"https:\/\/elregionalvm.com.ar\/noticias-villa-maria\/wp-json\/wp\/v2\/media\/22580"}],"wp:attachment":[{"href":"https:\/\/elregionalvm.com.ar\/noticias-villa-maria\/wp-json\/wp\/v2\/media?parent=22578"}],"wp:term":[{"taxonomy":"category","embeddable":true,"href":"https:\/\/elregionalvm.com.ar\/noticias-villa-maria\/wp-json\/wp\/v2\/categories?post=22578"},{"taxonomy":"post_tag","embeddable":true,"href":"https:\/\/elregionalvm.com.ar\/noticias-villa-maria\/wp-json\/wp\/v2\/tags?post=22578"}],"curies":[{"name":"wp","href":"https:\/\/api.w.org\/{rel}","templated":true}]}}