{"id":22583,"date":"2020-08-25T10:55:17","date_gmt":"2020-08-25T10:55:17","guid":{"rendered":"https:\/\/elregionalvm.com.ar\/noticias-villa-maria\/?p=22583"},"modified":"2020-08-25T15:15:14","modified_gmt":"2020-08-25T15:15:14","slug":"villa-nueva-un-motociclista-fracturado-tras-chocar-con-una-pick-up","status":"publish","type":"post","link":"https:\/\/elregionalvm.com.ar\/noticias-villa-maria\/villa-nueva-un-motociclista-fracturado-tras-chocar-con-una-pick-up\/","title":{"rendered":"Villa Nueva: un motociclista fracturado tras chocar con una pick-up"},"content":{"rendered":"\n<p>Este lunes, aproximadamente a las 18.45 horas, personal policial de Comisar\u00eda Villa Nueva asisti\u00f3 a un accidente de tr\u00e1nsito ocurrido en Avda. Los Lirios y Avda. Los Gigantes de barrio La Reserva de esa ciudad. All\u00ed, por causas a establecerse, colisionaron una pick-up marca Ford modelo F-100 contra una motocicleta marca Honda modelo CG.<\/p>\n\n\n\n<p>Como consecuencia del siniestro el motociclista, identificado como Ricardo Fabi\u00e1n Puchetta, de 27 a\u00f1os, debi\u00f3 ser trasladado al Hospital Regional Pasteur, donde personal m\u00e9dico le diagnostic\u00f3 lesiones graves, ya que presentaba una fractura de peron\u00e9 en su pierna izquierda.<\/p>\n","protected":false},"excerpt":{"rendered":"<p>Este lunes, aproximadamente a las 18.45 horas, personal policial de Comisar\u00eda Villa Nueva asisti\u00f3 a un accidente de tr\u00e1nsito ocurrido en Avda. Los Lirios y Avda. Los Gigantes de barrio La Reserva de esa ciudad. All\u00ed, por causas a establecerse, colisionaron una pick-up marca Ford modelo F-100 contra una motocicleta marca Honda modelo CG. Como [&hellip;]<\/p>\n","protected":false},"author":4,"featured_media":20407,"comment_status":"open","ping_status":"open","sticky":false,"template":"","format":"standard","meta":{"site-sidebar-layout":"default","site-content-layout":"default","ast-site-content-layout":"default","site-content-style":"default","site-sidebar-style":"default","ast-global-header-display":"","ast-banner-title-visibility":"","ast-main-header-display":"","ast-hfb-above-header-display":"","ast-hfb-below-header-display":"","ast-hfb-mobile-header-display":"","site-post-title":"","ast-breadcrumbs-content":"","ast-featured-img":"","footer-sml-layout":"","ast-disable-related-posts":"","theme-transparent-header-meta":"default","adv-header-id-meta":"","stick-header-meta":"","header-above-stick-meta":"","header-main-stick-meta":"","header-below-stick-meta":"","astra-migrate-meta-layouts":"default","ast-page-background-enabled":"default","ast-page-background-meta":{"desktop":{"background-color":"","background-image":"","background-repeat":"repeat","background-position":"center center","background-size":"auto","background-attachment":"scroll","background-type":"","background-media":"","overlay-type":"","overlay-color":"","overlay-opacity":"","overlay-gradient":""},"tablet":{"background-color":"","background-image":"","background-repeat":"repeat","background-position":"center center","background-size":"auto","background-attachment":"scroll","background-type":"","background-media":"","overlay-type":"","overlay-color":"","overlay-opacity":"","overlay-gradient":""},"mobile":{"background-color":"","background-image":"","background-repeat":"repeat","background-position":"center center","background-size":"auto","background-attachment":"scroll","background-type":"","background-media":"","overlay-type":"","overlay-color":"","overlay-opacity":"","overlay-gradient":""}},"ast-content-background-meta":{"desktop":{"background-color":"var(--ast-global-color-5)","background-image":"","background-repeat":"repeat","background-position":"center center","background-size":"auto","background-attachment":"scroll","background-type":"","background-media":"","overlay-type":"","overlay-color":"","overlay-opacity":"","overlay-gradient":""},"tablet":{"background-color":"var(--ast-global-color-5)","background-image":"","background-repeat":"repeat","background-position":"center center","background-size":"auto","background-attachment":"scroll","background-type":"","background-media":"","overlay-type":"","overlay-color":"","overlay-opacity":"","overlay-gradient":""},"mobile":{"background-color":"var(--ast-global-color-5)","background-image":"","background-repeat":"repeat","background-position":"center center","background-size":"auto","background-attachment":"scroll","background-type":"","background-media":"","overlay-type":"","overlay-color":"","overlay-opacity":"","overlay-gradient":""}},"_jetpack_memberships_contains_paid_content":false,"_joinchat":[],"footnotes":""},"categories":[2234],"tags":[3522,2299,1232,2130,2463,3164,3520,3521,232],"class_list":["post-22583","post","type-post","status-publish","format-standard","has-post-thumbnail","hentry","category-policiales","tag-27-anos","tag-accidente","tag-destacado","tag-hospital-pasteur","tag-moto","tag-motociclista-fracturado","tag-pick-up","tag-ricardo-fabian-puchetta","tag-villa-nueva"],"yoast_head":"<!-- This site is optimized with the Yoast SEO plugin v26.8 - https:\/\/yoast.com\/product\/yoast-seo-wordpress\/ -->\n<title>Villa Nueva: un motociclista fracturado tras chocar con una pick-up - El Regional<\/title>\n<meta name=\"robots\" content=\"index, follow, max-snippet:-1, max-image-preview:large, max-video-preview:-1\" \/>\n<link rel=\"canonical\" href=\"http:\/\/elregionalvm.com.ar\/noticias-villa-maria\/villa-nueva-un-motociclista-fracturado-tras-chocar-con-una-pick-up\/\" \/>\n<meta property=\"og:locale\" content=\"es_ES\" \/>\n<meta property=\"og:type\" content=\"article\" \/>\n<meta property=\"og:title\" content=\"Villa Nueva: un motociclista fracturado tras chocar con una pick-up - El Regional\" \/>\n<meta property=\"og:description\" content=\"Este lunes, aproximadamente a las 18.45 horas, personal policial de Comisar\u00eda Villa Nueva asisti\u00f3 a un accidente de tr\u00e1nsito ocurrido en Avda. Los Lirios y Avda. Los Gigantes de barrio La Reserva de esa ciudad. All\u00ed, por causas a establecerse, colisionaron una pick-up marca Ford modelo F-100 contra una motocicleta marca Honda modelo CG. Como [&hellip;]\" \/>\n<meta property=\"og:url\" content=\"http:\/\/elregionalvm.com.ar\/noticias-villa-maria\/villa-nueva-un-motociclista-fracturado-tras-chocar-con-una-pick-up\/\" \/>\n<meta property=\"og:site_name\" content=\"El Regional\" \/>\n<meta property=\"article:publisher\" content=\"https:\/\/www.facebook.com\/elregionalvm\" \/>\n<meta property=\"article:published_time\" content=\"2020-08-25T10:55:17+00:00\" \/>\n<meta property=\"article:modified_time\" content=\"2020-08-25T15:15:14+00:00\" \/>\n<meta property=\"og:image\" content=\"http:\/\/elregionalvm.com.ar\/noticias-villa-maria\/wp-content\/uploads\/2020\/07\/HOSPITAL-NUEVO-5.jpg\" \/>\n\t<meta property=\"og:image:width\" content=\"480\" \/>\n\t<meta property=\"og:image:height\" content=\"270\" \/>\n\t<meta property=\"og:image:type\" content=\"image\/jpeg\" \/>\n<meta name=\"author\" content=\"Contenidos El Regional\" \/>\n<meta name=\"twitter:card\" content=\"summary_large_image\" \/>\n<meta name=\"twitter:creator\" content=\"@elregionalvm1\" \/>\n<meta name=\"twitter:site\" content=\"@elregionalvm1\" \/>\n<meta name=\"twitter:label1\" content=\"Escrito por\" \/>\n\t<meta name=\"twitter:data1\" content=\"Contenidos El Regional\" \/>\n<script type=\"application\/ld+json\" class=\"yoast-schema-graph\">{\"@context\":\"https:\/\/schema.org\",\"@graph\":[{\"@type\":\"Article\",\"@id\":\"http:\/\/elregionalvm.com.ar\/noticias-villa-maria\/villa-nueva-un-motociclista-fracturado-tras-chocar-con-una-pick-up\/#article\",\"isPartOf\":{\"@id\":\"http:\/\/elregionalvm.com.ar\/noticias-villa-maria\/villa-nueva-un-motociclista-fracturado-tras-chocar-con-una-pick-up\/\"},\"author\":{\"name\":\"Contenidos El Regional\",\"@id\":\"http:\/\/elregionalvm.com.ar\/noticias-villa-maria\/#\/schema\/person\/a0fb9c422317faca23d50163151bc354\"},\"headline\":\"Villa Nueva: un motociclista fracturado tras chocar con una pick-up\",\"datePublished\":\"2020-08-25T10:55:17+00:00\",\"dateModified\":\"2020-08-25T15:15:14+00:00\",\"mainEntityOfPage\":{\"@id\":\"http:\/\/elregionalvm.com.ar\/noticias-villa-maria\/villa-nueva-un-motociclista-fracturado-tras-chocar-con-una-pick-up\/\"},\"wordCount\":106,\"commentCount\":0,\"image\":{\"@id\":\"http:\/\/elregionalvm.com.ar\/noticias-villa-maria\/villa-nueva-un-motociclista-fracturado-tras-chocar-con-una-pick-up\/#primaryimage\"},\"thumbnailUrl\":\"https:\/\/i0.wp.com\/elregionalvm.com.ar\/noticias-villa-maria\/wp-content\/uploads\/2020\/07\/HOSPITAL-NUEVO-5.jpg?fit=480%2C270&ssl=1\",\"keywords\":[\"27 a\u00f1os\",\"accidente\",\"destacado\",\"Hospital Pasteur\",\"moto\",\"motociclista fracturado\",\"pick up\",\"Ricardo Fabi\u00e1n Puchetta\",\"VILLA NUEVA\"],\"articleSection\":[\"Policiales\"],\"inLanguage\":\"es\",\"potentialAction\":[{\"@type\":\"CommentAction\",\"name\":\"Comment\",\"target\":[\"http:\/\/elregionalvm.com.ar\/noticias-villa-maria\/villa-nueva-un-motociclista-fracturado-tras-chocar-con-una-pick-up\/#respond\"]}]},{\"@type\":\"WebPage\",\"@id\":\"http:\/\/elregionalvm.com.ar\/noticias-villa-maria\/villa-nueva-un-motociclista-fracturado-tras-chocar-con-una-pick-up\/\",\"url\":\"http:\/\/elregionalvm.com.ar\/noticias-villa-maria\/villa-nueva-un-motociclista-fracturado-tras-chocar-con-una-pick-up\/\",\"name\":\"Villa Nueva: un motociclista fracturado tras chocar con una pick-up - El Regional\",\"isPartOf\":{\"@id\":\"http:\/\/elregionalvm.com.ar\/noticias-villa-maria\/#website\"},\"primaryImageOfPage\":{\"@id\":\"http:\/\/elregionalvm.com.ar\/noticias-villa-maria\/villa-nueva-un-motociclista-fracturado-tras-chocar-con-una-pick-up\/#primaryimage\"},\"image\":{\"@id\":\"http:\/\/elregionalvm.com.ar\/noticias-villa-maria\/villa-nueva-un-motociclista-fracturado-tras-chocar-con-una-pick-up\/#primaryimage\"},\"thumbnailUrl\":\"https:\/\/i0.wp.com\/elregionalvm.com.ar\/noticias-villa-maria\/wp-content\/uploads\/2020\/07\/HOSPITAL-NUEVO-5.jpg?fit=480%2C270&ssl=1\",\"datePublished\":\"2020-08-25T10:55:17+00:00\",\"dateModified\":\"2020-08-25T15:15:14+00:00\",\"author\":{\"@id\":\"http:\/\/elregionalvm.com.ar\/noticias-villa-maria\/#\/schema\/person\/a0fb9c422317faca23d50163151bc354\"},\"breadcrumb\":{\"@id\":\"http:\/\/elregionalvm.com.ar\/noticias-villa-maria\/villa-nueva-un-motociclista-fracturado-tras-chocar-con-una-pick-up\/#breadcrumb\"},\"inLanguage\":\"es\",\"potentialAction\":[{\"@type\":\"ReadAction\",\"target\":[\"http:\/\/elregionalvm.com.ar\/noticias-villa-maria\/villa-nueva-un-motociclista-fracturado-tras-chocar-con-una-pick-up\/\"]}]},{\"@type\":\"ImageObject\",\"inLanguage\":\"es\",\"@id\":\"http:\/\/elregionalvm.com.ar\/noticias-villa-maria\/villa-nueva-un-motociclista-fracturado-tras-chocar-con-una-pick-up\/#primaryimage\",\"url\":\"https:\/\/i0.wp.com\/elregionalvm.com.ar\/noticias-villa-maria\/wp-content\/uploads\/2020\/07\/HOSPITAL-NUEVO-5.jpg?fit=480%2C270&ssl=1\",\"contentUrl\":\"https:\/\/i0.wp.com\/elregionalvm.com.ar\/noticias-villa-maria\/wp-content\/uploads\/2020\/07\/HOSPITAL-NUEVO-5.jpg?fit=480%2C270&ssl=1\",\"width\":480,\"height\":270},{\"@type\":\"BreadcrumbList\",\"@id\":\"http:\/\/elregionalvm.com.ar\/noticias-villa-maria\/villa-nueva-un-motociclista-fracturado-tras-chocar-con-una-pick-up\/#breadcrumb\",\"itemListElement\":[{\"@type\":\"ListItem\",\"position\":1,\"name\":\"Portada\",\"item\":\"https:\/\/elregionalvm.com.ar\/noticias-villa-maria\/\"},{\"@type\":\"ListItem\",\"position\":2,\"name\":\"Villa Nueva: un motociclista fracturado tras chocar con una pick-up\"}]},{\"@type\":\"WebSite\",\"@id\":\"http:\/\/elregionalvm.com.ar\/noticias-villa-maria\/#website\",\"url\":\"http:\/\/elregionalvm.com.ar\/noticias-villa-maria\/\",\"name\":\"El Regional\",\"description\":\"Mucho m\u00e1s que informaci\u00f3n\",\"potentialAction\":[{\"@type\":\"SearchAction\",\"target\":{\"@type\":\"EntryPoint\",\"urlTemplate\":\"http:\/\/elregionalvm.com.ar\/noticias-villa-maria\/?s={search_term_string}\"},\"query-input\":{\"@type\":\"PropertyValueSpecification\",\"valueRequired\":true,\"valueName\":\"search_term_string\"}}],\"inLanguage\":\"es\"},{\"@type\":\"Person\",\"@id\":\"http:\/\/elregionalvm.com.ar\/noticias-villa-maria\/#\/schema\/person\/a0fb9c422317faca23d50163151bc354\",\"name\":\"Contenidos El Regional\",\"image\":{\"@type\":\"ImageObject\",\"inLanguage\":\"es\",\"@id\":\"http:\/\/elregionalvm.com.ar\/noticias-villa-maria\/#\/schema\/person\/image\/\",\"url\":\"https:\/\/secure.gravatar.com\/avatar\/265b27cb2209af7bb3a1318f03305787d7981a5cc6e6cd08fe5a4ecdf99d4b48?s=96&d=mm&r=g\",\"contentUrl\":\"https:\/\/secure.gravatar.com\/avatar\/265b27cb2209af7bb3a1318f03305787d7981a5cc6e6cd08fe5a4ecdf99d4b48?s=96&d=mm&r=g\",\"caption\":\"Contenidos El Regional\"},\"url\":\"https:\/\/elregionalvm.com.ar\/noticias-villa-maria\/author\/contenido\/\"}]}<\/script>\n<!-- \/ Yoast SEO plugin. -->","yoast_head_json":{"title":"Villa Nueva: un motociclista fracturado tras chocar con una pick-up - El Regional","robots":{"index":"index","follow":"follow","max-snippet":"max-snippet:-1","max-image-preview":"max-image-preview:large","max-video-preview":"max-video-preview:-1"},"canonical":"http:\/\/elregionalvm.com.ar\/noticias-villa-maria\/villa-nueva-un-motociclista-fracturado-tras-chocar-con-una-pick-up\/","og_locale":"es_ES","og_type":"article","og_title":"Villa Nueva: un motociclista fracturado tras chocar con una pick-up - El Regional","og_description":"Este lunes, aproximadamente a las 18.45 horas, personal policial de Comisar\u00eda Villa Nueva asisti\u00f3 a un accidente de tr\u00e1nsito ocurrido en Avda. Los Lirios y Avda. Los Gigantes de barrio La Reserva de esa ciudad. All\u00ed, por causas a establecerse, colisionaron una pick-up marca Ford modelo F-100 contra una motocicleta marca Honda modelo CG. Como [&hellip;]","og_url":"http:\/\/elregionalvm.com.ar\/noticias-villa-maria\/villa-nueva-un-motociclista-fracturado-tras-chocar-con-una-pick-up\/","og_site_name":"El Regional","article_publisher":"https:\/\/www.facebook.com\/elregionalvm","article_published_time":"2020-08-25T10:55:17+00:00","article_modified_time":"2020-08-25T15:15:14+00:00","og_image":[{"width":480,"height":270,"url":"http:\/\/elregionalvm.com.ar\/noticias-villa-maria\/wp-content\/uploads\/2020\/07\/HOSPITAL-NUEVO-5.jpg","type":"image\/jpeg"}],"author":"Contenidos El Regional","twitter_card":"summary_large_image","twitter_creator":"@elregionalvm1","twitter_site":"@elregionalvm1","twitter_misc":{"Escrito por":"Contenidos El Regional"},"schema":{"@context":"https:\/\/schema.org","@graph":[{"@type":"Article","@id":"http:\/\/elregionalvm.com.ar\/noticias-villa-maria\/villa-nueva-un-motociclista-fracturado-tras-chocar-con-una-pick-up\/#article","isPartOf":{"@id":"http:\/\/elregionalvm.com.ar\/noticias-villa-maria\/villa-nueva-un-motociclista-fracturado-tras-chocar-con-una-pick-up\/"},"author":{"name":"Contenidos El Regional","@id":"http:\/\/elregionalvm.com.ar\/noticias-villa-maria\/#\/schema\/person\/a0fb9c422317faca23d50163151bc354"},"headline":"Villa Nueva: un motociclista fracturado tras chocar con una pick-up","datePublished":"2020-08-25T10:55:17+00:00","dateModified":"2020-08-25T15:15:14+00:00","mainEntityOfPage":{"@id":"http:\/\/elregionalvm.com.ar\/noticias-villa-maria\/villa-nueva-un-motociclista-fracturado-tras-chocar-con-una-pick-up\/"},"wordCount":106,"commentCount":0,"image":{"@id":"http:\/\/elregionalvm.com.ar\/noticias-villa-maria\/villa-nueva-un-motociclista-fracturado-tras-chocar-con-una-pick-up\/#primaryimage"},"thumbnailUrl":"https:\/\/i0.wp.com\/elregionalvm.com.ar\/noticias-villa-maria\/wp-content\/uploads\/2020\/07\/HOSPITAL-NUEVO-5.jpg?fit=480%2C270&ssl=1","keywords":["27 a\u00f1os","accidente","destacado","Hospital Pasteur","moto","motociclista fracturado","pick up","Ricardo Fabi\u00e1n Puchetta","VILLA NUEVA"],"articleSection":["Policiales"],"inLanguage":"es","potentialAction":[{"@type":"CommentAction","name":"Comment","target":["http:\/\/elregionalvm.com.ar\/noticias-villa-maria\/villa-nueva-un-motociclista-fracturado-tras-chocar-con-una-pick-up\/#respond"]}]},{"@type":"WebPage","@id":"http:\/\/elregionalvm.com.ar\/noticias-villa-maria\/villa-nueva-un-motociclista-fracturado-tras-chocar-con-una-pick-up\/","url":"http:\/\/elregionalvm.com.ar\/noticias-villa-maria\/villa-nueva-un-motociclista-fracturado-tras-chocar-con-una-pick-up\/","name":"Villa Nueva: un motociclista fracturado tras chocar con una pick-up - El Regional","isPartOf":{"@id":"http:\/\/elregionalvm.com.ar\/noticias-villa-maria\/#website"},"primaryImageOfPage":{"@id":"http:\/\/elregionalvm.com.ar\/noticias-villa-maria\/villa-nueva-un-motociclista-fracturado-tras-chocar-con-una-pick-up\/#primaryimage"},"image":{"@id":"http:\/\/elregionalvm.com.ar\/noticias-villa-maria\/villa-nueva-un-motociclista-fracturado-tras-chocar-con-una-pick-up\/#primaryimage"},"thumbnailUrl":"https:\/\/i0.wp.com\/elregionalvm.com.ar\/noticias-villa-maria\/wp-content\/uploads\/2020\/07\/HOSPITAL-NUEVO-5.jpg?fit=480%2C270&ssl=1","datePublished":"2020-08-25T10:55:17+00:00","dateModified":"2020-08-25T15:15:14+00:00","author":{"@id":"http:\/\/elregionalvm.com.ar\/noticias-villa-maria\/#\/schema\/person\/a0fb9c422317faca23d50163151bc354"},"breadcrumb":{"@id":"http:\/\/elregionalvm.com.ar\/noticias-villa-maria\/villa-nueva-un-motociclista-fracturado-tras-chocar-con-una-pick-up\/#breadcrumb"},"inLanguage":"es","potentialAction":[{"@type":"ReadAction","target":["http:\/\/elregionalvm.com.ar\/noticias-villa-maria\/villa-nueva-un-motociclista-fracturado-tras-chocar-con-una-pick-up\/"]}]},{"@type":"ImageObject","inLanguage":"es","@id":"http:\/\/elregionalvm.com.ar\/noticias-villa-maria\/villa-nueva-un-motociclista-fracturado-tras-chocar-con-una-pick-up\/#primaryimage","url":"https:\/\/i0.wp.com\/elregionalvm.com.ar\/noticias-villa-maria\/wp-content\/uploads\/2020\/07\/HOSPITAL-NUEVO-5.jpg?fit=480%2C270&ssl=1","contentUrl":"https:\/\/i0.wp.com\/elregionalvm.com.ar\/noticias-villa-maria\/wp-content\/uploads\/2020\/07\/HOSPITAL-NUEVO-5.jpg?fit=480%2C270&ssl=1","width":480,"height":270},{"@type":"BreadcrumbList","@id":"http:\/\/elregionalvm.com.ar\/noticias-villa-maria\/villa-nueva-un-motociclista-fracturado-tras-chocar-con-una-pick-up\/#breadcrumb","itemListElement":[{"@type":"ListItem","position":1,"name":"Portada","item":"https:\/\/elregionalvm.com.ar\/noticias-villa-maria\/"},{"@type":"ListItem","position":2,"name":"Villa Nueva: un motociclista fracturado tras chocar con una pick-up"}]},{"@type":"WebSite","@id":"http:\/\/elregionalvm.com.ar\/noticias-villa-maria\/#website","url":"http:\/\/elregionalvm.com.ar\/noticias-villa-maria\/","name":"El Regional","description":"Mucho m\u00e1s que informaci\u00f3n","potentialAction":[{"@type":"SearchAction","target":{"@type":"EntryPoint","urlTemplate":"http:\/\/elregionalvm.com.ar\/noticias-villa-maria\/?s={search_term_string}"},"query-input":{"@type":"PropertyValueSpecification","valueRequired":true,"valueName":"search_term_string"}}],"inLanguage":"es"},{"@type":"Person","@id":"http:\/\/elregionalvm.com.ar\/noticias-villa-maria\/#\/schema\/person\/a0fb9c422317faca23d50163151bc354","name":"Contenidos El Regional","image":{"@type":"ImageObject","inLanguage":"es","@id":"http:\/\/elregionalvm.com.ar\/noticias-villa-maria\/#\/schema\/person\/image\/","url":"https:\/\/secure.gravatar.com\/avatar\/265b27cb2209af7bb3a1318f03305787d7981a5cc6e6cd08fe5a4ecdf99d4b48?s=96&d=mm&r=g","contentUrl":"https:\/\/secure.gravatar.com\/avatar\/265b27cb2209af7bb3a1318f03305787d7981a5cc6e6cd08fe5a4ecdf99d4b48?s=96&d=mm&r=g","caption":"Contenidos El Regional"},"url":"https:\/\/elregionalvm.com.ar\/noticias-villa-maria\/author\/contenido\/"}]}},"jetpack_featured_media_url":"https:\/\/i0.wp.com\/elregionalvm.com.ar\/noticias-villa-maria\/wp-content\/uploads\/2020\/07\/HOSPITAL-NUEVO-5.jpg?fit=480%2C270&ssl=1","jetpack_sharing_enabled":true,"_links":{"self":[{"href":"https:\/\/elregionalvm.com.ar\/noticias-villa-maria\/wp-json\/wp\/v2\/posts\/22583","targetHints":{"allow":["GET"]}}],"collection":[{"href":"https:\/\/elregionalvm.com.ar\/noticias-villa-maria\/wp-json\/wp\/v2\/posts"}],"about":[{"href":"https:\/\/elregionalvm.com.ar\/noticias-villa-maria\/wp-json\/wp\/v2\/types\/post"}],"author":[{"embeddable":true,"href":"https:\/\/elregionalvm.com.ar\/noticias-villa-maria\/wp-json\/wp\/v2\/users\/4"}],"replies":[{"embeddable":true,"href":"https:\/\/elregionalvm.com.ar\/noticias-villa-maria\/wp-json\/wp\/v2\/comments?post=22583"}],"version-history":[{"count":1,"href":"https:\/\/elregionalvm.com.ar\/noticias-villa-maria\/wp-json\/wp\/v2\/posts\/22583\/revisions"}],"predecessor-version":[{"id":22584,"href":"https:\/\/elregionalvm.com.ar\/noticias-villa-maria\/wp-json\/wp\/v2\/posts\/22583\/revisions\/22584"}],"wp:featuredmedia":[{"embeddable":true,"href":"https:\/\/elregionalvm.com.ar\/noticias-villa-maria\/wp-json\/wp\/v2\/media\/20407"}],"wp:attachment":[{"href":"https:\/\/elregionalvm.com.ar\/noticias-villa-maria\/wp-json\/wp\/v2\/media?parent=22583"}],"wp:term":[{"taxonomy":"category","embeddable":true,"href":"https:\/\/elregionalvm.com.ar\/noticias-villa-maria\/wp-json\/wp\/v2\/categories?post=22583"},{"taxonomy":"post_tag","embeddable":true,"href":"https:\/\/elregionalvm.com.ar\/noticias-villa-maria\/wp-json\/wp\/v2\/tags?post=22583"}],"curies":[{"name":"wp","href":"https:\/\/api.w.org\/{rel}","templated":true}]}}