{"id":22586,"date":"2020-08-25T11:07:11","date_gmt":"2020-08-25T11:07:11","guid":{"rendered":"https:\/\/elregionalvm.com.ar\/noticias-villa-maria\/?p=22586"},"modified":"2020-08-29T00:27:08","modified_gmt":"2020-08-29T00:27:08","slug":"venta-online-nos-cuentan-su-experiencia-algunos-que-apostaron-en-la-ciudad","status":"publish","type":"post","link":"https:\/\/elregionalvm.com.ar\/noticias-villa-maria\/venta-online-nos-cuentan-su-experiencia-algunos-que-apostaron-en-la-ciudad\/","title":{"rendered":"Venta online: una modalidad que crece en comercios de Villa Mar\u00eda"},"content":{"rendered":"\n<p><strong>Escribe: Gabriela Beck     <\/strong>  <\/p>\n\n\n\n<p>La pandemia modific\u00f3 no s\u00f3lo  cuestiones de nuestra vida personal, sino que a nivel econ\u00f3mico y comercial ha impulsado cambios de h\u00e1bitos  que se ven\u00edan dando de manera paulatina.  Ante el cierre generalizado de comercios que no vend\u00edan elementos esenciales en el inicio de la cuarentena m\u00e1s estricta, a muchos no les qued\u00f3 otra alternativa que zambullirse a esa opci\u00f3n como \u00fanica salida: la venta online. <\/p>\n\n\n\n<p>Por eso, quisimos indagar en algunos de los que ven\u00edan probando la modalidad y otros que se acercaron a\u00fan m\u00e1s a la comercializaci\u00f3n v\u00eda web y de otros que est\u00e1n convencidos de que es la modalidad de venta del futuro.<\/p>\n\n\n\n<p><strong>Calzados Salom\u00f3n:  \u00abLas redes como una gran vidriera virtual\u00bb<\/strong><\/p>\n\n\n\n<p>La firma ya es muy tradicional en la venta de calzados en la ciudad. Su local est\u00e1 ubicado en plena peatonal, San Mart\u00edn 31, pero desde hace tiempo tambi\u00e9n se volcaron a la venta online y las redes sociales para promocionar sus productos.<\/p>\n\n\n\n<p>Nashira Salom\u00f3n, cont\u00f3 a <strong>El Regional Diario Digital <\/strong>que utilizan hace tiempo Facebook e Instagram para mostrar casi todo lo que tienen en el local.<\/p>\n\n\n\n<p> \u00abPasa que con todo \u00e9sto de la pandemia hicimos hincapi\u00e9 en todo lo que son redes sociales y venta online. Nuestro rubro es quiz\u00e1s un poco m\u00e1s complicado para comprar porque la gente est\u00e1 acostumbrada a tocar el producto, prob\u00e1rselo, m\u00e1s o menos lo que pasa con la ropa. La gente necesita que lo que compra le quede c\u00f3modo o le guste c\u00f3mo le sienta\u00bb.<\/p>\n\n\n\n<p>\u00abSe hacen ventas online, pero no es un negocio aparte, sirve como vidriera de promoci\u00f3n, la gente nos pregunta el precio desde su casa, compara con otras firmas y luego pasa por el local, por ejemplo. Tenemos muchos seguidores, pero luego la venta se concreta en el local, es decir de manera presencial\u00bb. <\/p>\n\n\n\n<p>\u00abNo contamos por el momento con una p\u00e1gina web, nos cuesta tener un cat\u00e1logo, porque trabajamos con muchas marcas y abarcamos desde ni\u00f1os, damas, hombres, calzado para fiestas, otros que se ponen de moda, abarcamos tambi\u00e9n un calzado dirigido a se\u00f1oras u hombre m\u00e1s grandes, y no trabajamos con muchos productos y de acuerdo a la disponibilidad de stock. Todo lo que se vende en las redes es lo que tenemos en nuestro negocio\u00bb.<\/p>\n\n\n\n<figure class=\"wp-block-gallery columns-3 is-cropped wp-block-gallery-1 is-layout-flex wp-block-gallery-is-layout-flex\"><ul class=\"blocks-gallery-grid\"><li class=\"blocks-gallery-item\"><figure><img data-recalc-dims=\"1\" height=\"1024\" width=\"578\" decoding=\"async\" src=\"https:\/\/i0.wp.com\/elregionalvm.com.ar\/noticias-villa-maria\/wp-content\/uploads\/2020\/08\/WhatsApp-Image-2020-08-20-at-19.24.09-2-578x1024.jpeg?resize=578%2C1024&#038;ssl=1\" alt=\"\" data-id=\"22387\" data-link=\"https:\/\/elregionalvm.com.ar\/noticias-villa-maria\/?attachment_id=22387\" class=\"wp-image-22387\"\/><\/figure><\/li><li class=\"blocks-gallery-item\"><figure><img data-recalc-dims=\"1\" height=\"1024\" width=\"674\" decoding=\"async\" src=\"https:\/\/i0.wp.com\/elregionalvm.com.ar\/noticias-villa-maria\/wp-content\/uploads\/2020\/08\/WhatsApp-Image-2020-08-20-at-19.24.08-1-674x1024.jpeg?resize=674%2C1024&#038;ssl=1\" alt=\"\" data-id=\"22388\" data-link=\"https:\/\/elregionalvm.com.ar\/noticias-villa-maria\/?attachment_id=22388\" class=\"wp-image-22388\"\/><\/figure><\/li><li class=\"blocks-gallery-item\"><figure><img data-recalc-dims=\"1\" decoding=\"async\" src=\"https:\/\/i0.wp.com\/elregionalvm.com.ar\/noticias-villa-maria\/wp-content\/uploads\/2020\/08\/WhatsApp-Image-2020-08-20-at-19.23.59-1.jpeg?ssl=1\" alt=\"\" data-id=\"22390\" data-link=\"https:\/\/elregionalvm.com.ar\/noticias-villa-maria\/?attachment_id=22390\" class=\"wp-image-22390\"\/><\/figure><\/li><\/ul><figcaption class=\"blocks-gallery-caption\">Algunas publicaciones de sus redes sociales donde est\u00e1n respaldando sus ventas online<\/figcaption><\/figure>\n\n\n\n<p><\/p>\n\n\n\n<p>\u00abDe todas maneras pod\u00e9s comprar de manera virtual, y pod\u00e9s hacer el pago por medio de Mercado Pago, dep\u00f3sitos, transferencias, eso lo manejamos con tarjeta de cr\u00e9dito. La gente pregunta mira y dice ya me llego y me los mido. Lo cierto es que las mayores ventas online se nos da con gente que no es de Villa Mar\u00eda, estamos trabajando mucho con gente de los pueblos cercanos a nuestra ciudad, que suelen venir mucho a la ciudad, y que con motivo de la pandemia no pueden venir. Con esa gente nos pasa que nos mandan comisionista, pero todav\u00eda la venta online es una alternativa, no es el fuerte de nuestro negocio y tampoco tenemos a una persona abocado full time en eso\u00bb.<\/p>\n\n\n\n<p><strong>La experiencia en plena pandemia<\/strong><\/p>\n\n\n\n<p>\u00abCon la cuarentena m\u00e1s estricta hicimos algunas ventas e hicimos la entrega a domicilio, y de todas las ventas que hicimos, que fueron buenas con el negocio completamente cerrado, s\u00f3lo tuvimos una devoluci\u00f3n, con lo que la gente en definitiva tiene buen ojo a la hora de comprar, especialmente saben elegir determinadas marcas que ya conocen. La gente te pide que les des unos d\u00edas para la devoluci\u00f3n pero casi no hemos tenido.\u00bb<\/p>\n\n\n\n<p><strong>Los que compran<\/strong><\/p>\n\n\n\n<p>Las estad\u00edsticas que manejan desde Calzados Salom\u00f3n indican que los que m\u00e1s han comprado online son personas que van desde los 30 a los 45 a\u00f1os, \u00bb porque los adolescentes, por ejemplo, consultan mucho pero si los padres no le dan el dinero no tienen c\u00f3mo comprarlo. Las madres, a su vez, prefieren probarle el calzado al ni\u00f1o y a la hora de la compra eligen ir al negocio y con el peque\u00f1o.\u00bb<\/p>\n\n\n\n<p>Gran competencia a nivel nacional<\/p>\n\n\n\n<p>La competencia en el rubro zapater\u00eda es bastante a nivel pa\u00eds, \u00abpasa que el propio fabricante hoy por hoy tambi\u00e9n habilit\u00f3 sus propias ventas online y se hace dif\u00edcil competirles en cuanto a precios, porque es m\u00e1s barato. De todos modos, entre el env\u00edo y todo, capaz te sale m\u00e1s caro que comprarlo aqu\u00ed. Con la ventaja que quiz\u00e1s si ten\u00e9s que cambiarlo es mucho m\u00e1s f\u00e1cil el tr\u00e1mite. Igual hay personas que est\u00e1n muy acostumbrados a comprar online y otros que no se animan por miedo a hacer una mala compra y no saber c\u00f3mo reclamar.\u00bb<\/p>\n\n\n\n<p><strong>Claudio Rocha, un innovador en materia de computaci\u00f3n<\/strong><\/p>\n\n\n\n<p>En el a\u00f1o 1999, Claudio Rocha, arranc\u00f3 con su p\u00e1gina 5900.com.ar, la que comenz\u00f3 a masificarse a partir de 2005, cuando empez\u00f3 a conectarse mucho m\u00e1s gente a internet en nuestra ciudad, convirti\u00e9ndose en uno de los sitios m\u00e1s antiguos que contin\u00faan en actividad por estos d\u00edas. Seg\u00fan nos relat\u00f3 Claudio era todo un desaf\u00edo por entonces. \u00abPara que se den cuenta no exist\u00eda Google, Messenger, ni Facebook, nada de eso cuando arrancamos con todo \u00e9sto, por ejemplo con Desacatec en el 97, todo era muy distinto, diferente, muy elemental y hasta rudimentario si lo vemos desde la actualidad\u00bb, comenta casi entre risas, pero con la satisfacci\u00f3n de no haberse equivocado. Hoy todo pasa por la web. Nada escapa a las redes.<\/p>\n\n\n\n<figure class=\"wp-block-image size-large\"><img data-recalc-dims=\"1\" height=\"576\" width=\"1024\" decoding=\"async\" src=\"https:\/\/i0.wp.com\/elregionalvm.com.ar\/noticias-villa-maria\/wp-content\/uploads\/2020\/08\/WhatsApp-Image-2020-08-20-at-19.17.26-1024x576.jpeg?resize=1024%2C576&#038;ssl=1\" alt=\"\" class=\"wp-image-22566\"\/><\/figure>\n\n\n\n<p>Con esa misma mirada al futuro, desde su portal, este a\u00f1o lanz\u00f3 un \u00abShopping Virtual\u00bb, una idea que ven\u00eda desde antes de la pandemia. \u00abLo que pasa es que el coronavirus tambi\u00e9n vino a precipitar en definitiva su puesta en marcha. Antes la gente m\u00e1s joven quiz\u00e1s era la que utilizaba el cajero autom\u00e1tico, pero ahora son mucho m\u00e1s los adultos mayores que empezaron a utilizarlo. Con el Covid-19 llegaron muchos cambios de conducta. Lo mismo pasa ahora con las compras de internet, hace 21 a\u00f1os hice mi primera compra v\u00eda web y me dec\u00edan que estaba loco, pero ahora eso ha comenzado a ser moneda corriente\u00bb, sostiene Rocha.<\/p>\n\n\n\n<p>\u00abParticularmente creo que la compra online, si no es apresurada, ayuda al comprador a evaluar m\u00e1s concientemente los pro y los contra de la adquisici\u00f3n que uno quiera hacer. Por ejemplo, ten\u00e9s la posibilidad de ver un mont\u00f3n de oferentes, cu\u00e1les son las mejores ofertas, la diferencia de precios, en pantuflas, en la comodidad de tu casa. De otra manera, tal vez har\u00eda s\u00f3lo comparar\u00edas en dos o tres comercios si es que hicieras la compra personalmente. La sucursal online, est\u00e1 abierta las 24 horas y eso te permite comprar con mayor detenimiento y comparando mucho m\u00e1s, si es que sos minucioso e inteligente a la hora de optar.\u00bb<\/p>\n\n\n\n<p><strong>Fiascos siempre hay<\/strong><\/p>\n\n\n\n<p>\u00abHace como dos d\u00e9cadas compr\u00e9 una c\u00e1mara digital y me encontr\u00e9 con la caja vac\u00eda. Fue en Mercado Libre, con una empresa muy seria, pero luego descubr\u00ed que en una sucursal que despachaba la compra, te cambiaban la caja y te la enviaban envuelta, pero vac\u00eda. Hoy, por suerte, el packaging es de tal manera en Mercado Libre, te avisa que si ves vulnerado el envoltorio, no lo abras, y reci\u00e9n se le paga al vendedor cuando el comprador da el OK, diciendo que todo est\u00e1 perfecto. Es decir, la situaci\u00f3n ha cambiado bastante. En 20 a\u00f1os se ha cambiado bastante y se ha priorizado la seguridad del comprador\u00bb.<\/p>\n\n\n\n<p><strong>Un shopping virtual para la ciudad<\/strong><\/p>\n\n\n\n<p>Acerca de su nuevo emprendimiento en su p\u00e1gina web, nos cont\u00f3: \u00abSiempre fui localista y mi intenci\u00f3n es que en este shopping virtual sea con oferentes locales o de nuestra regi\u00f3n, y tratar de darle una ayuda a los negocios a la hora de incursionar en la venta online, tratando de allanarles la tarea. De todos modos, cada comercio tiene su propio carro virtual y con las caracter\u00edsticas con la que cada uno trabaja y env\u00eda sus productos\u00bb. <\/p>\n\n\n\n<p>\u00abSe trata de una forma sencilla que te permite ver el producto, cu\u00e1nto vale, etc.  y cuando est\u00e1s decidido, te pon\u00e9s de acuerdo con el oferente y lo pag\u00e1s en la forma que decidiste. Incluso algunos clientes que tengan otros sitios desarrollados pueden articular con el nuestro y encontrar un lugar siempre. Porque la idea es que todo el shopping vaya creciendo y tenga un mont\u00f3n de rubros a su disposici\u00f3n, potenciando siempre el comercio local. Todo aquel que quiera integrar este shopping, puede hacerlo desde la misma p\u00e1gina o simplemente solicitar m\u00e1s informaci\u00f3n\u00bb.<\/p>\n\n\n\n<p><\/p>\n\n\n\n<ul class=\"wp-block-list\"><li><strong>Mir\u00e1 el video: <\/strong><\/li><\/ul>\n\n\n\n<figure class=\"wp-block-embed-youtube wp-block-embed is-type-video is-provider-youtube wp-embed-aspect-16-9 wp-has-aspect-ratio\"><div class=\"wp-block-embed__wrapper\">\n<iframe title=\"5900 Shoppping\" width=\"500\" height=\"281\" src=\"https:\/\/www.youtube.com\/embed\/kA7-25RLOBs?feature=oembed\" frameborder=\"0\" allow=\"accelerometer; autoplay; clipboard-write; encrypted-media; gyroscope; picture-in-picture; web-share\" referrerpolicy=\"strict-origin-when-cross-origin\" allowfullscreen><\/iframe>\n<\/div><figcaption><em>As\u00ed nos explic\u00f3 Claudio Rocha con un video la experiencia del Shopping virtual<\/em><\/figcaption><\/figure>\n\n\n\n<p><\/p>\n\n\n\n<p>No es una vidriera de promoci\u00f3n \u00fanicamente es un sitio online, donde la gente puede comprar directamente. Y cada firma tiene su forma de vender y queda clara. A pocos meses de haberlo iniciado, Claudio Rocha nos destaca que \u00abel costo de ser pionero es tener que esperar, cuando empec\u00e9 con el portal hubo que esperar para que se hiciera conocido, con el Shopping pasa lo mismo, pero es cuesti\u00f3n de un poco de tiempo que se termine de desperezar y calculo que en el 2021 se terminar\u00e1 por afianzar y donde se sumar\u00e1n m\u00e1s firmas comerciales. Es la forma de vender que ya comenz\u00f3 y crecer\u00e1 mucho m\u00e1s en el futuro, estoy convencido\u00bb.<\/p>\n\n\n\n<p><strong>Gisela Ceirano y \u00abLo Quiero\u00bb<\/strong><\/p>\n\n\n\n<p>Abri\u00f3 su tienda \u00abLo Quiero Indumentaria \u00bb el a\u00f1o pasado en zona c\u00e9ntrica para vender ropa para ni\u00f1os y ni\u00f1as de los 2 a\u00f1os en adelante, pero con el actual contexto de pandemia, debi\u00f3 volcarse obligatoriamente a la venta online porque deb\u00eda pagar el alquiler del local y necesitaba seguir generando ingresos . Aunque intent\u00f3 mantener el local f\u00edsico, debido a la poca gente que circulaba y el dinero que no sobra en estos tiempos, decidi\u00f3 quedarse exclusivamente con la venta v\u00eda internet.<\/p>\n\n\n\n<p>\u00abTuve que adaptarme, cambiar el celular para que tener mejor calidad de fotos, m\u00e1s memoria, y empec\u00e9 a subir material a las redes con mayor asiduidad. En abril fue el fuerte de difusi\u00f3n ante la cuarentena m\u00e1s estricta, y decid\u00ed publicar en p\u00e1ginas de compraventa, que me dio buen resultado. Al comienzo, cuando la \u00fanica forma era vender por esa v\u00eda fue muy exitoso y coincidi\u00f3 adem\u00e1s con el cambio de temporada y los primeros fr\u00edos\u00bb, confiesa Gisela ante nuestra consulta.<\/p>\n\n\n\n<figure class=\"wp-block-gallery columns-3 is-cropped wp-block-gallery-2 is-layout-flex wp-block-gallery-is-layout-flex\"><ul class=\"blocks-gallery-grid\"><li class=\"blocks-gallery-item\"><figure><img data-recalc-dims=\"1\" decoding=\"async\" src=\"https:\/\/i0.wp.com\/elregionalvm.com.ar\/noticias-villa-maria\/wp-content\/uploads\/2020\/08\/WhatsApp-Image-2020-08-24-at-20.45.07.jpeg?ssl=1\" alt=\"\" data-id=\"22568\" data-link=\"https:\/\/elregionalvm.com.ar\/noticias-villa-maria\/?attachment_id=22568\" class=\"wp-image-22568\"\/><\/figure><\/li><li class=\"blocks-gallery-item\"><figure><img data-recalc-dims=\"1\" height=\"690\" width=\"1024\" decoding=\"async\" src=\"https:\/\/i0.wp.com\/elregionalvm.com.ar\/noticias-villa-maria\/wp-content\/uploads\/2020\/08\/WhatsApp-Image-2020-08-24-at-20.45.09-1024x690.jpeg?resize=1024%2C690&#038;ssl=1\" alt=\"\" data-id=\"22569\" data-link=\"https:\/\/elregionalvm.com.ar\/noticias-villa-maria\/?attachment_id=22569\" class=\"wp-image-22569\"\/><\/figure><\/li><li class=\"blocks-gallery-item\"><figure><img data-recalc-dims=\"1\" height=\"1024\" width=\"485\" decoding=\"async\" src=\"https:\/\/i0.wp.com\/elregionalvm.com.ar\/noticias-villa-maria\/wp-content\/uploads\/2020\/08\/WhatsApp-Image-2020-08-24-at-20.45.08-485x1024.jpeg?resize=485%2C1024&#038;ssl=1\" alt=\"\" data-id=\"22570\" data-full-url=\"https:\/\/elregionalvm.com.ar\/noticias-villa-maria\/wp-content\/uploads\/2020\/08\/WhatsApp-Image-2020-08-24-at-20.45.08.jpeg\" data-link=\"https:\/\/elregionalvm.com.ar\/noticias-villa-maria\/?attachment_id=22570\" class=\"wp-image-22570\"\/><\/figure><\/li><\/ul><figcaption class=\"blocks-gallery-caption\"><em>Logo, fotograf\u00edas y un abanico de productos como parte de la estrategia de venta<\/em><\/figcaption><\/figure>\n\n\n\n<p><\/p>\n\n\n\n<p>\u00abComo todos los locales estaban cerrados, la \u00fanica salida fue la venta online, con una movida bastante fuerte. Volvimos abrir reci\u00e9n en mayo, despu\u00e9s de casi dos meses cerrado, pero luego en junio tom\u00e9 la decisi\u00f3n de cerrar el local porque los m\u00e1rgenes no daban para pagar el alquiler\u00bb.<\/p>\n\n\n\n<p><strong>Detallar los productos es clave<\/strong><\/p>\n\n\n\n<p>\u00abLa calidad de la ropa, qu\u00e9 tipo de tela, los talles y buenas fotos de las prendas fueron vitales para mostrarle a la gente lo que ten\u00edamos para vender. Al principio se mandaba la prenda con cadete porque eran los \u00fanicos autorizados para circular con la cuarentena, pero luego me anim\u00e9 a repartir yo misma y a entrar en contacto con la gente que compraba y hasta le llevaba m\u00e1s opciones por si lo elegido no completaba sus expectativas. O sea, todo empezaba de manera online pero terminaba como una venta directa a domicilio y a m\u00ed me gusta el contacto con la gente, es  lo que lo m\u00e1s disfruto\u00bb.<\/p>\n\n\n\n<p><strong>Los vaivenes estacionales<\/strong><\/p>\n\n\n\n<p>\u00abPara lo que son tiendas siempre hay fuertes ventas en los cambios de temporada, si bien hubo ventas, hubo una baja en la comercializaci\u00f3n, porque los chicos no sal\u00edan, estaban adentro y no ten\u00eda sentido comprarles ropa, a no ser que fuera muy necesario. Cuando lleg\u00f3 el fr\u00edo, las ventas aumentaron y ahora cuando cambiemos y pasemos desde septiembre a la primavera, seguramente habr\u00e1 una nueva movida en la demanda\u00bb.<\/p>\n\n\n\n<p><strong>Preparando el regreso, pero sin dejar lo online de lado<\/strong><\/p>\n\n\n\n<p>Para octubre, Gisela, tiene planificado volver a tener su espacio f\u00edsico nuevamente, ha encontrado una buena ubicaci\u00f3n en la que deposita todas sus expectativas. \u00abTengo varias cosas a favor, como que no tengo que empezar de cero, con un espacio m\u00e1s reducido, achicando gastos, pero el lugar es m\u00e1s estrat\u00e9gico en pleno centro. Inicialmente son costos muy grandes, especialmente con la participaci\u00f3n de las inmobiliarias, eso hace trepar los gastos, con sellados, comisiones, etc., por lo que hay que contar con mucho dinero\u00bb.<\/p>\n\n\n\n<p>De todos modos, las dos opciones de venta seguir\u00e1n en pie. \u00abAunque abra nuevamente una tienda en el centro igual voy a seguir manteniendo la venta online porque genera una especie de comodidad que a mucha gente le gusta, que vayas a domicilio, la atiendas. Despu\u00e9s est\u00e1n los que disfrutan de salir a comprar y quiero mantener esas dos variantes\u00bb.<\/p>\n\n\n\n<p><strong>La zona como objetivo<\/strong><\/p>\n\n\n\n<p>\u00abLa venta online hizo que la tienda llegara a interesar gente en T\u00edo Pujio y hasta James Craik y aunque no envi\u00e9 prendas, los que pudieron acercarse al local, lo hicieron cuando volv\u00ed a abrir en mayo, algo que me sorprendi\u00f3 y me lleva repensar en algunas otras estrategias de venta a futuro, ideas y proyectos que nos pueden llegar a aventurarnos\u00bb, cuenta finalmente otra de las emprendedoras.<\/p>\n\n\n\n<p><strong>Comprando online a los distribuidores<\/strong><\/p>\n\n\n\n<p>Otro dato, es que muchas o casi todas las firmas que no comercializaban productos indispensables debieron tambi\u00e9n adaptarse a la compra online con sus correspondientes distribuidores en el marco de la pandemia por Covid 19, con lo que el cambio no ha sido s\u00f3lo del vendedor al consumidor final, sino tambi\u00e9n a otro nivel en la cadena de distribuci\u00f3n, ante la imposibilidad de ir a hacer las compras mayoristas a Buenos Aires u otros puntos del pa\u00eds.<\/p>\n\n\n\n<p>Lo que queda claro de todos los entrevistados, es que la web y las redes sociales son una vidriera infinita para la promoci\u00f3n de productos. Todav\u00eda en ciudades como la nuestra hay una necesidad de que convivan ambas modalidades de venta. De todos modos, la venta online lleg\u00f3 para quedarse y parece no tener techo.<\/p>\n","protected":false},"excerpt":{"rendered":"<p>Escribe: Gabriela Beck La pandemia modific\u00f3 no s\u00f3lo cuestiones de nuestra vida personal, sino que a nivel econ\u00f3mico y comercial ha impulsado cambios de h\u00e1bitos que se ven\u00edan dando de manera paulatina. Ante el cierre generalizado de comercios que no vend\u00edan elementos esenciales en el inicio de la cuarentena m\u00e1s estricta, a muchos no les [&hellip;]<\/p>\n","protected":false},"author":4,"featured_media":22590,"comment_status":"open","ping_status":"open","sticky":false,"template":"","format":"standard","meta":{"site-sidebar-layout":"default","site-content-layout":"default","ast-site-content-layout":"default","site-content-style":"default","site-sidebar-style":"default","ast-global-header-display":"","ast-banner-title-visibility":"","ast-main-header-display":"","ast-hfb-above-header-display":"","ast-hfb-below-header-display":"","ast-hfb-mobile-header-display":"","site-post-title":"","ast-breadcrumbs-content":"","ast-featured-img":"","footer-sml-layout":"","ast-disable-related-posts":"","theme-transparent-header-meta":"default","adv-header-id-meta":"","stick-header-meta":"","header-above-stick-meta":"","header-main-stick-meta":"","header-below-stick-meta":"","astra-migrate-meta-layouts":"default","ast-page-background-enabled":"default","ast-page-background-meta":{"desktop":{"background-color":"","background-image":"","background-repeat":"repeat","background-position":"center center","background-size":"auto","background-attachment":"scroll","background-type":"","background-media":"","overlay-type":"","overlay-color":"","overlay-opacity":"","overlay-gradient":""},"tablet":{"background-color":"","background-image":"","background-repeat":"repeat","background-position":"center center","background-size":"auto","background-attachment":"scroll","background-type":"","background-media":"","overlay-type":"","overlay-color":"","overlay-opacity":"","overlay-gradient":""},"mobile":{"background-color":"","background-image":"","background-repeat":"repeat","background-position":"center center","background-size":"auto","background-attachment":"scroll","background-type":"","background-media":"","overlay-type":"","overlay-color":"","overlay-opacity":"","overlay-gradient":""}},"ast-content-background-meta":{"desktop":{"background-color":"var(--ast-global-color-5)","background-image":"","background-repeat":"repeat","background-position":"center center","background-size":"auto","background-attachment":"scroll","background-type":"","background-media":"","overlay-type":"","overlay-color":"","overlay-opacity":"","overlay-gradient":""},"tablet":{"background-color":"var(--ast-global-color-5)","background-image":"","background-repeat":"repeat","background-position":"center center","background-size":"auto","background-attachment":"scroll","background-type":"","background-media":"","overlay-type":"","overlay-color":"","overlay-opacity":"","overlay-gradient":""},"mobile":{"background-color":"var(--ast-global-color-5)","background-image":"","background-repeat":"repeat","background-position":"center center","background-size":"auto","background-attachment":"scroll","background-type":"","background-media":"","overlay-type":"","overlay-color":"","overlay-opacity":"","overlay-gradient":""}},"_jetpack_memberships_contains_paid_content":false,"_joinchat":[],"footnotes":""},"categories":[5,3557],"tags":[3513,3516,3518,3512,3514,3515,1998,3517,3511],"class_list":["post-22586","post","type-post","status-publish","format-standard","has-post-thumbnail","hentry","category-sociedad","category-tercera","tag-calzados-salomon","tag-claudio-rocha","tag-comercio-virtual","tag-experiencia-local","tag-gisela-ceirano","tag-lo-quiero","tag-pandemia","tag-shopping-virtual","tag-venta-online"],"yoast_head":"<!-- This site is optimized with the Yoast SEO plugin v26.8 - https:\/\/yoast.com\/product\/yoast-seo-wordpress\/ -->\n<title>Venta online: una modalidad que crece en comercios de Villa Mar\u00eda - El Regional<\/title>\n<meta name=\"description\" content=\"Con la pandemia y la cuarentena, a muchos comerciantes no les qued\u00f3 otra alternativa que zambullirse a una opci\u00f3n como \u00fanica salida: la venta online.\" \/>\n<meta name=\"robots\" content=\"index, follow, max-snippet:-1, max-image-preview:large, max-video-preview:-1\" \/>\n<link rel=\"canonical\" href=\"http:\/\/elregionalvm.com.ar\/noticias-villa-maria\/venta-online-nos-cuentan-su-experiencia-algunos-que-apostaron-en-la-ciudad\/\" \/>\n<meta property=\"og:locale\" content=\"es_ES\" \/>\n<meta property=\"og:type\" content=\"article\" \/>\n<meta property=\"og:title\" content=\"Venta online: una modalidad que crece en comercios de Villa Mar\u00eda - El Regional\" \/>\n<meta property=\"og:description\" content=\"Con la pandemia y la cuarentena, a muchos comerciantes no les qued\u00f3 otra alternativa que zambullirse a una opci\u00f3n como \u00fanica salida: la venta online.\" \/>\n<meta property=\"og:url\" content=\"http:\/\/elregionalvm.com.ar\/noticias-villa-maria\/venta-online-nos-cuentan-su-experiencia-algunos-que-apostaron-en-la-ciudad\/\" \/>\n<meta property=\"og:site_name\" content=\"El Regional\" \/>\n<meta property=\"article:publisher\" content=\"https:\/\/www.facebook.com\/elregionalvm\" \/>\n<meta property=\"article:published_time\" content=\"2020-08-25T11:07:11+00:00\" \/>\n<meta property=\"article:modified_time\" content=\"2020-08-29T00:27:08+00:00\" \/>\n<meta property=\"og:image\" content=\"http:\/\/elregionalvm.com.ar\/noticias-villa-maria\/wp-content\/uploads\/2020\/08\/CompraOnline-vertical.jpg\" \/>\n\t<meta property=\"og:image:width\" content=\"1074\" \/>\n\t<meta property=\"og:image:height\" content=\"1179\" \/>\n\t<meta property=\"og:image:type\" content=\"image\/jpeg\" \/>\n<meta name=\"author\" content=\"Contenidos El Regional\" \/>\n<meta name=\"twitter:card\" content=\"summary_large_image\" \/>\n<meta name=\"twitter:creator\" content=\"@elregionalvm1\" \/>\n<meta name=\"twitter:site\" content=\"@elregionalvm1\" \/>\n<meta name=\"twitter:label1\" content=\"Escrito por\" \/>\n\t<meta name=\"twitter:data1\" content=\"Contenidos El Regional\" \/>\n\t<meta name=\"twitter:label2\" content=\"Tiempo de lectura\" \/>\n\t<meta name=\"twitter:data2\" content=\"12 minutos\" \/>\n<script type=\"application\/ld+json\" class=\"yoast-schema-graph\">{\"@context\":\"https:\/\/schema.org\",\"@graph\":[{\"@type\":\"Article\",\"@id\":\"http:\/\/elregionalvm.com.ar\/noticias-villa-maria\/venta-online-nos-cuentan-su-experiencia-algunos-que-apostaron-en-la-ciudad\/#article\",\"isPartOf\":{\"@id\":\"http:\/\/elregionalvm.com.ar\/noticias-villa-maria\/venta-online-nos-cuentan-su-experiencia-algunos-que-apostaron-en-la-ciudad\/\"},\"author\":{\"name\":\"Contenidos El Regional\",\"@id\":\"http:\/\/elregionalvm.com.ar\/noticias-villa-maria\/#\/schema\/person\/a0fb9c422317faca23d50163151bc354\"},\"headline\":\"Venta online: una modalidad que crece en comercios de Villa Mar\u00eda\",\"datePublished\":\"2020-08-25T11:07:11+00:00\",\"dateModified\":\"2020-08-29T00:27:08+00:00\",\"mainEntityOfPage\":{\"@id\":\"http:\/\/elregionalvm.com.ar\/noticias-villa-maria\/venta-online-nos-cuentan-su-experiencia-algunos-que-apostaron-en-la-ciudad\/\"},\"wordCount\":2490,\"commentCount\":0,\"image\":{\"@id\":\"http:\/\/elregionalvm.com.ar\/noticias-villa-maria\/venta-online-nos-cuentan-su-experiencia-algunos-que-apostaron-en-la-ciudad\/#primaryimage\"},\"thumbnailUrl\":\"https:\/\/i0.wp.com\/elregionalvm.com.ar\/noticias-villa-maria\/wp-content\/uploads\/2020\/08\/CompraOnline-vertical.jpg?fit=1074%2C1179&ssl=1\",\"keywords\":[\"Calzados Salom\u00f3n\",\"Claudio Rocha\",\"comercio virtual\",\"experiencia local\",\"Gisela Ceirano\",\"lo quiero\",\"pandemia\",\"Shopping virtual\",\"venta online\"],\"articleSection\":[\"Sociedad\",\"tercera\"],\"inLanguage\":\"es\",\"potentialAction\":[{\"@type\":\"CommentAction\",\"name\":\"Comment\",\"target\":[\"http:\/\/elregionalvm.com.ar\/noticias-villa-maria\/venta-online-nos-cuentan-su-experiencia-algunos-que-apostaron-en-la-ciudad\/#respond\"]}]},{\"@type\":\"WebPage\",\"@id\":\"http:\/\/elregionalvm.com.ar\/noticias-villa-maria\/venta-online-nos-cuentan-su-experiencia-algunos-que-apostaron-en-la-ciudad\/\",\"url\":\"http:\/\/elregionalvm.com.ar\/noticias-villa-maria\/venta-online-nos-cuentan-su-experiencia-algunos-que-apostaron-en-la-ciudad\/\",\"name\":\"Venta online: una modalidad que crece en comercios de Villa Mar\u00eda - El Regional\",\"isPartOf\":{\"@id\":\"http:\/\/elregionalvm.com.ar\/noticias-villa-maria\/#website\"},\"primaryImageOfPage\":{\"@id\":\"http:\/\/elregionalvm.com.ar\/noticias-villa-maria\/venta-online-nos-cuentan-su-experiencia-algunos-que-apostaron-en-la-ciudad\/#primaryimage\"},\"image\":{\"@id\":\"http:\/\/elregionalvm.com.ar\/noticias-villa-maria\/venta-online-nos-cuentan-su-experiencia-algunos-que-apostaron-en-la-ciudad\/#primaryimage\"},\"thumbnailUrl\":\"https:\/\/i0.wp.com\/elregionalvm.com.ar\/noticias-villa-maria\/wp-content\/uploads\/2020\/08\/CompraOnline-vertical.jpg?fit=1074%2C1179&ssl=1\",\"datePublished\":\"2020-08-25T11:07:11+00:00\",\"dateModified\":\"2020-08-29T00:27:08+00:00\",\"author\":{\"@id\":\"http:\/\/elregionalvm.com.ar\/noticias-villa-maria\/#\/schema\/person\/a0fb9c422317faca23d50163151bc354\"},\"description\":\"Con la pandemia y la cuarentena, a muchos comerciantes no les qued\u00f3 otra alternativa que zambullirse a una opci\u00f3n como \u00fanica salida: la venta online.\",\"breadcrumb\":{\"@id\":\"http:\/\/elregionalvm.com.ar\/noticias-villa-maria\/venta-online-nos-cuentan-su-experiencia-algunos-que-apostaron-en-la-ciudad\/#breadcrumb\"},\"inLanguage\":\"es\",\"potentialAction\":[{\"@type\":\"ReadAction\",\"target\":[\"http:\/\/elregionalvm.com.ar\/noticias-villa-maria\/venta-online-nos-cuentan-su-experiencia-algunos-que-apostaron-en-la-ciudad\/\"]}]},{\"@type\":\"ImageObject\",\"inLanguage\":\"es\",\"@id\":\"http:\/\/elregionalvm.com.ar\/noticias-villa-maria\/venta-online-nos-cuentan-su-experiencia-algunos-que-apostaron-en-la-ciudad\/#primaryimage\",\"url\":\"https:\/\/i0.wp.com\/elregionalvm.com.ar\/noticias-villa-maria\/wp-content\/uploads\/2020\/08\/CompraOnline-vertical.jpg?fit=1074%2C1179&ssl=1\",\"contentUrl\":\"https:\/\/i0.wp.com\/elregionalvm.com.ar\/noticias-villa-maria\/wp-content\/uploads\/2020\/08\/CompraOnline-vertical.jpg?fit=1074%2C1179&ssl=1\",\"width\":1074,\"height\":1179},{\"@type\":\"BreadcrumbList\",\"@id\":\"http:\/\/elregionalvm.com.ar\/noticias-villa-maria\/venta-online-nos-cuentan-su-experiencia-algunos-que-apostaron-en-la-ciudad\/#breadcrumb\",\"itemListElement\":[{\"@type\":\"ListItem\",\"position\":1,\"name\":\"Portada\",\"item\":\"https:\/\/elregionalvm.com.ar\/noticias-villa-maria\/\"},{\"@type\":\"ListItem\",\"position\":2,\"name\":\"Venta online: una modalidad que crece en comercios de Villa Mar\u00eda\"}]},{\"@type\":\"WebSite\",\"@id\":\"http:\/\/elregionalvm.com.ar\/noticias-villa-maria\/#website\",\"url\":\"http:\/\/elregionalvm.com.ar\/noticias-villa-maria\/\",\"name\":\"El Regional\",\"description\":\"Mucho m\u00e1s que informaci\u00f3n\",\"potentialAction\":[{\"@type\":\"SearchAction\",\"target\":{\"@type\":\"EntryPoint\",\"urlTemplate\":\"http:\/\/elregionalvm.com.ar\/noticias-villa-maria\/?s={search_term_string}\"},\"query-input\":{\"@type\":\"PropertyValueSpecification\",\"valueRequired\":true,\"valueName\":\"search_term_string\"}}],\"inLanguage\":\"es\"},{\"@type\":\"Person\",\"@id\":\"http:\/\/elregionalvm.com.ar\/noticias-villa-maria\/#\/schema\/person\/a0fb9c422317faca23d50163151bc354\",\"name\":\"Contenidos El Regional\",\"image\":{\"@type\":\"ImageObject\",\"inLanguage\":\"es\",\"@id\":\"http:\/\/elregionalvm.com.ar\/noticias-villa-maria\/#\/schema\/person\/image\/\",\"url\":\"https:\/\/secure.gravatar.com\/avatar\/265b27cb2209af7bb3a1318f03305787d7981a5cc6e6cd08fe5a4ecdf99d4b48?s=96&d=mm&r=g\",\"contentUrl\":\"https:\/\/secure.gravatar.com\/avatar\/265b27cb2209af7bb3a1318f03305787d7981a5cc6e6cd08fe5a4ecdf99d4b48?s=96&d=mm&r=g\",\"caption\":\"Contenidos El Regional\"},\"url\":\"https:\/\/elregionalvm.com.ar\/noticias-villa-maria\/author\/contenido\/\"}]}<\/script>\n<!-- \/ Yoast SEO plugin. -->","yoast_head_json":{"title":"Venta online: una modalidad que crece en comercios de Villa Mar\u00eda - El Regional","description":"Con la pandemia y la cuarentena, a muchos comerciantes no les qued\u00f3 otra alternativa que zambullirse a una opci\u00f3n como \u00fanica salida: la venta online.","robots":{"index":"index","follow":"follow","max-snippet":"max-snippet:-1","max-image-preview":"max-image-preview:large","max-video-preview":"max-video-preview:-1"},"canonical":"http:\/\/elregionalvm.com.ar\/noticias-villa-maria\/venta-online-nos-cuentan-su-experiencia-algunos-que-apostaron-en-la-ciudad\/","og_locale":"es_ES","og_type":"article","og_title":"Venta online: una modalidad que crece en comercios de Villa Mar\u00eda - El Regional","og_description":"Con la pandemia y la cuarentena, a muchos comerciantes no les qued\u00f3 otra alternativa que zambullirse a una opci\u00f3n como \u00fanica salida: la venta online.","og_url":"http:\/\/elregionalvm.com.ar\/noticias-villa-maria\/venta-online-nos-cuentan-su-experiencia-algunos-que-apostaron-en-la-ciudad\/","og_site_name":"El Regional","article_publisher":"https:\/\/www.facebook.com\/elregionalvm","article_published_time":"2020-08-25T11:07:11+00:00","article_modified_time":"2020-08-29T00:27:08+00:00","og_image":[{"width":1074,"height":1179,"url":"http:\/\/elregionalvm.com.ar\/noticias-villa-maria\/wp-content\/uploads\/2020\/08\/CompraOnline-vertical.jpg","type":"image\/jpeg"}],"author":"Contenidos El Regional","twitter_card":"summary_large_image","twitter_creator":"@elregionalvm1","twitter_site":"@elregionalvm1","twitter_misc":{"Escrito por":"Contenidos El Regional","Tiempo de lectura":"12 minutos"},"schema":{"@context":"https:\/\/schema.org","@graph":[{"@type":"Article","@id":"http:\/\/elregionalvm.com.ar\/noticias-villa-maria\/venta-online-nos-cuentan-su-experiencia-algunos-que-apostaron-en-la-ciudad\/#article","isPartOf":{"@id":"http:\/\/elregionalvm.com.ar\/noticias-villa-maria\/venta-online-nos-cuentan-su-experiencia-algunos-que-apostaron-en-la-ciudad\/"},"author":{"name":"Contenidos El Regional","@id":"http:\/\/elregionalvm.com.ar\/noticias-villa-maria\/#\/schema\/person\/a0fb9c422317faca23d50163151bc354"},"headline":"Venta online: una modalidad que crece en comercios de Villa Mar\u00eda","datePublished":"2020-08-25T11:07:11+00:00","dateModified":"2020-08-29T00:27:08+00:00","mainEntityOfPage":{"@id":"http:\/\/elregionalvm.com.ar\/noticias-villa-maria\/venta-online-nos-cuentan-su-experiencia-algunos-que-apostaron-en-la-ciudad\/"},"wordCount":2490,"commentCount":0,"image":{"@id":"http:\/\/elregionalvm.com.ar\/noticias-villa-maria\/venta-online-nos-cuentan-su-experiencia-algunos-que-apostaron-en-la-ciudad\/#primaryimage"},"thumbnailUrl":"https:\/\/i0.wp.com\/elregionalvm.com.ar\/noticias-villa-maria\/wp-content\/uploads\/2020\/08\/CompraOnline-vertical.jpg?fit=1074%2C1179&ssl=1","keywords":["Calzados Salom\u00f3n","Claudio Rocha","comercio virtual","experiencia local","Gisela Ceirano","lo quiero","pandemia","Shopping virtual","venta online"],"articleSection":["Sociedad","tercera"],"inLanguage":"es","potentialAction":[{"@type":"CommentAction","name":"Comment","target":["http:\/\/elregionalvm.com.ar\/noticias-villa-maria\/venta-online-nos-cuentan-su-experiencia-algunos-que-apostaron-en-la-ciudad\/#respond"]}]},{"@type":"WebPage","@id":"http:\/\/elregionalvm.com.ar\/noticias-villa-maria\/venta-online-nos-cuentan-su-experiencia-algunos-que-apostaron-en-la-ciudad\/","url":"http:\/\/elregionalvm.com.ar\/noticias-villa-maria\/venta-online-nos-cuentan-su-experiencia-algunos-que-apostaron-en-la-ciudad\/","name":"Venta online: una modalidad que crece en comercios de Villa Mar\u00eda - El Regional","isPartOf":{"@id":"http:\/\/elregionalvm.com.ar\/noticias-villa-maria\/#website"},"primaryImageOfPage":{"@id":"http:\/\/elregionalvm.com.ar\/noticias-villa-maria\/venta-online-nos-cuentan-su-experiencia-algunos-que-apostaron-en-la-ciudad\/#primaryimage"},"image":{"@id":"http:\/\/elregionalvm.com.ar\/noticias-villa-maria\/venta-online-nos-cuentan-su-experiencia-algunos-que-apostaron-en-la-ciudad\/#primaryimage"},"thumbnailUrl":"https:\/\/i0.wp.com\/elregionalvm.com.ar\/noticias-villa-maria\/wp-content\/uploads\/2020\/08\/CompraOnline-vertical.jpg?fit=1074%2C1179&ssl=1","datePublished":"2020-08-25T11:07:11+00:00","dateModified":"2020-08-29T00:27:08+00:00","author":{"@id":"http:\/\/elregionalvm.com.ar\/noticias-villa-maria\/#\/schema\/person\/a0fb9c422317faca23d50163151bc354"},"description":"Con la pandemia y la cuarentena, a muchos comerciantes no les qued\u00f3 otra alternativa que zambullirse a una opci\u00f3n como \u00fanica salida: la venta online.","breadcrumb":{"@id":"http:\/\/elregionalvm.com.ar\/noticias-villa-maria\/venta-online-nos-cuentan-su-experiencia-algunos-que-apostaron-en-la-ciudad\/#breadcrumb"},"inLanguage":"es","potentialAction":[{"@type":"ReadAction","target":["http:\/\/elregionalvm.com.ar\/noticias-villa-maria\/venta-online-nos-cuentan-su-experiencia-algunos-que-apostaron-en-la-ciudad\/"]}]},{"@type":"ImageObject","inLanguage":"es","@id":"http:\/\/elregionalvm.com.ar\/noticias-villa-maria\/venta-online-nos-cuentan-su-experiencia-algunos-que-apostaron-en-la-ciudad\/#primaryimage","url":"https:\/\/i0.wp.com\/elregionalvm.com.ar\/noticias-villa-maria\/wp-content\/uploads\/2020\/08\/CompraOnline-vertical.jpg?fit=1074%2C1179&ssl=1","contentUrl":"https:\/\/i0.wp.com\/elregionalvm.com.ar\/noticias-villa-maria\/wp-content\/uploads\/2020\/08\/CompraOnline-vertical.jpg?fit=1074%2C1179&ssl=1","width":1074,"height":1179},{"@type":"BreadcrumbList","@id":"http:\/\/elregionalvm.com.ar\/noticias-villa-maria\/venta-online-nos-cuentan-su-experiencia-algunos-que-apostaron-en-la-ciudad\/#breadcrumb","itemListElement":[{"@type":"ListItem","position":1,"name":"Portada","item":"https:\/\/elregionalvm.com.ar\/noticias-villa-maria\/"},{"@type":"ListItem","position":2,"name":"Venta online: una modalidad que crece en comercios de Villa Mar\u00eda"}]},{"@type":"WebSite","@id":"http:\/\/elregionalvm.com.ar\/noticias-villa-maria\/#website","url":"http:\/\/elregionalvm.com.ar\/noticias-villa-maria\/","name":"El Regional","description":"Mucho m\u00e1s que informaci\u00f3n","potentialAction":[{"@type":"SearchAction","target":{"@type":"EntryPoint","urlTemplate":"http:\/\/elregionalvm.com.ar\/noticias-villa-maria\/?s={search_term_string}"},"query-input":{"@type":"PropertyValueSpecification","valueRequired":true,"valueName":"search_term_string"}}],"inLanguage":"es"},{"@type":"Person","@id":"http:\/\/elregionalvm.com.ar\/noticias-villa-maria\/#\/schema\/person\/a0fb9c422317faca23d50163151bc354","name":"Contenidos El Regional","image":{"@type":"ImageObject","inLanguage":"es","@id":"http:\/\/elregionalvm.com.ar\/noticias-villa-maria\/#\/schema\/person\/image\/","url":"https:\/\/secure.gravatar.com\/avatar\/265b27cb2209af7bb3a1318f03305787d7981a5cc6e6cd08fe5a4ecdf99d4b48?s=96&d=mm&r=g","contentUrl":"https:\/\/secure.gravatar.com\/avatar\/265b27cb2209af7bb3a1318f03305787d7981a5cc6e6cd08fe5a4ecdf99d4b48?s=96&d=mm&r=g","caption":"Contenidos El Regional"},"url":"https:\/\/elregionalvm.com.ar\/noticias-villa-maria\/author\/contenido\/"}]}},"jetpack_featured_media_url":"https:\/\/i0.wp.com\/elregionalvm.com.ar\/noticias-villa-maria\/wp-content\/uploads\/2020\/08\/CompraOnline-vertical.jpg?fit=1074%2C1179&ssl=1","jetpack_sharing_enabled":true,"_links":{"self":[{"href":"https:\/\/elregionalvm.com.ar\/noticias-villa-maria\/wp-json\/wp\/v2\/posts\/22586","targetHints":{"allow":["GET"]}}],"collection":[{"href":"https:\/\/elregionalvm.com.ar\/noticias-villa-maria\/wp-json\/wp\/v2\/posts"}],"about":[{"href":"https:\/\/elregionalvm.com.ar\/noticias-villa-maria\/wp-json\/wp\/v2\/types\/post"}],"author":[{"embeddable":true,"href":"https:\/\/elregionalvm.com.ar\/noticias-villa-maria\/wp-json\/wp\/v2\/users\/4"}],"replies":[{"embeddable":true,"href":"https:\/\/elregionalvm.com.ar\/noticias-villa-maria\/wp-json\/wp\/v2\/comments?post=22586"}],"version-history":[{"count":2,"href":"https:\/\/elregionalvm.com.ar\/noticias-villa-maria\/wp-json\/wp\/v2\/posts\/22586\/revisions"}],"predecessor-version":[{"id":22589,"href":"https:\/\/elregionalvm.com.ar\/noticias-villa-maria\/wp-json\/wp\/v2\/posts\/22586\/revisions\/22589"}],"wp:featuredmedia":[{"embeddable":true,"href":"https:\/\/elregionalvm.com.ar\/noticias-villa-maria\/wp-json\/wp\/v2\/media\/22590"}],"wp:attachment":[{"href":"https:\/\/elregionalvm.com.ar\/noticias-villa-maria\/wp-json\/wp\/v2\/media?parent=22586"}],"wp:term":[{"taxonomy":"category","embeddable":true,"href":"https:\/\/elregionalvm.com.ar\/noticias-villa-maria\/wp-json\/wp\/v2\/categories?post=22586"},{"taxonomy":"post_tag","embeddable":true,"href":"https:\/\/elregionalvm.com.ar\/noticias-villa-maria\/wp-json\/wp\/v2\/tags?post=22586"}],"curies":[{"name":"wp","href":"https:\/\/api.w.org\/{rel}","templated":true}]}}