{"id":22594,"date":"2020-08-25T21:21:27","date_gmt":"2020-08-25T21:21:27","guid":{"rendered":"https:\/\/elregionalvm.com.ar\/noticias-villa-maria\/?p=22594"},"modified":"2020-08-27T20:12:46","modified_gmt":"2020-08-27T20:12:46","slug":"gran-labor-de-bomberos-en-la-lucha-contra-el-fuego","status":"publish","type":"post","link":"https:\/\/elregionalvm.com.ar\/noticias-villa-maria\/gran-labor-de-bomberos-en-la-lucha-contra-el-fuego\/","title":{"rendered":"Bomberos: h\u00e9roes silenciosos en la lucha contra el fuego"},"content":{"rendered":"\t\t<div data-elementor-type=\"wp-post\" data-elementor-id=\"22594\" class=\"elementor elementor-22594\" data-elementor-post-type=\"post\">\n\t\t\t\t\t\t<section data-particle_enable=\"false\" data-particle-mobile-disabled=\"false\" class=\"elementor-section elementor-top-section elementor-element elementor-element-8119a97 elementor-section-full_width elementor-section-height-default elementor-section-height-default\" data-id=\"8119a97\" data-element_type=\"section\">\n\t\t\t\t\t\t<div class=\"elementor-container elementor-column-gap-default\">\n\t\t\t\t\t<div class=\"elementor-column elementor-col-100 elementor-top-column elementor-element elementor-element-82722c1\" data-id=\"82722c1\" data-element_type=\"column\">\n\t\t\t<div class=\"elementor-widget-wrap elementor-element-populated\">\n\t\t\t\t\t\t<div class=\"elementor-element elementor-element-0ca4f13 elementor-arrows-position-inside elementor-pagination-position-outside elementor-widget elementor-widget-image-carousel\" data-id=\"0ca4f13\" data-element_type=\"widget\" data-settings=\"{&quot;navigation&quot;:&quot;both&quot;,&quot;autoplay&quot;:&quot;yes&quot;,&quot;pause_on_hover&quot;:&quot;yes&quot;,&quot;pause_on_interaction&quot;:&quot;yes&quot;,&quot;autoplay_speed&quot;:5000,&quot;infinite&quot;:&quot;yes&quot;,&quot;speed&quot;:500}\" data-widget_type=\"image-carousel.default\">\n\t\t\t\t<div class=\"elementor-widget-container\">\n\t\t\t\t\t\t\t<div class=\"elementor-image-carousel-wrapper swiper\" role=\"region\" aria-roledescription=\"carousel\" aria-label=\"Carrusel de im\u00e1genes\" dir=\"ltr\">\n\t\t\t<div class=\"elementor-image-carousel swiper-wrapper swiper-image-stretch\" aria-live=\"off\">\n\t\t\t\t\t\t\t\t<div class=\"swiper-slide\" role=\"group\" aria-roledescription=\"slide\" aria-label=\"1 de 13\"><a data-elementor-open-lightbox=\"yes\" data-elementor-lightbox-slideshow=\"0ca4f13\" data-e-action-hash=\"#elementor-action%3Aaction%3Dlightbox%26settings%3DeyJpZCI6MjI2MTYsInVybCI6ZmFsc2UsInNsaWRlc2hvdyI6IjBjYTRmMTMifQ%3D%3D\"><figure class=\"swiper-slide-inner\"><img data-recalc-dims=\"1\" decoding=\"async\" class=\"swiper-slide-image\" src=\"https:\/\/i0.wp.com\/elregionalvm.com.ar\/noticias-villa-maria\/wp-content\/uploads\/2020\/08\/7ONYRRCXCBCGNHHYDMBLXMONCI.jpg\" alt=\"\" \/><\/figure><\/a><\/div><div class=\"swiper-slide\" role=\"group\" aria-roledescription=\"slide\" aria-label=\"2 de 13\"><a data-elementor-open-lightbox=\"yes\" data-elementor-lightbox-slideshow=\"0ca4f13\" data-e-action-hash=\"#elementor-action%3Aaction%3Dlightbox%26settings%3DeyJpZCI6MjI2MTcsInVybCI6ZmFsc2UsInNsaWRlc2hvdyI6IjBjYTRmMTMifQ%3D%3D\"><figure class=\"swiper-slide-inner\"><img data-recalc-dims=\"1\" decoding=\"async\" class=\"swiper-slide-image\" src=\"https:\/\/i0.wp.com\/elregionalvm.com.ar\/noticias-villa-maria\/wp-content\/uploads\/2020\/08\/ARCHI_778708.jpg\" alt=\"\" \/><\/figure><\/a><\/div><div class=\"swiper-slide\" role=\"group\" aria-roledescription=\"slide\" aria-label=\"3 de 13\"><a data-elementor-open-lightbox=\"yes\" data-elementor-lightbox-slideshow=\"0ca4f13\" data-e-action-hash=\"#elementor-action%3Aaction%3Dlightbox%26settings%3DeyJpZCI6MjI2MTgsInVybCI6ZmFsc2UsInNsaWRlc2hvdyI6IjBjYTRmMTMifQ%3D%3D\"><figure class=\"swiper-slide-inner\"><img data-recalc-dims=\"1\" decoding=\"async\" class=\"swiper-slide-image\" src=\"https:\/\/i0.wp.com\/elregionalvm.com.ar\/noticias-villa-maria\/wp-content\/uploads\/2020\/08\/ARCHI_778923.jpg\" alt=\"\" \/><\/figure><\/a><\/div><div class=\"swiper-slide\" role=\"group\" aria-roledescription=\"slide\" aria-label=\"4 de 13\"><a data-elementor-open-lightbox=\"yes\" data-elementor-lightbox-slideshow=\"0ca4f13\" data-e-action-hash=\"#elementor-action%3Aaction%3Dlightbox%26settings%3DeyJpZCI6MjI2MTksInVybCI6ZmFsc2UsInNsaWRlc2hvdyI6IjBjYTRmMTMifQ%3D%3D\"><figure class=\"swiper-slide-inner\"><img data-recalc-dims=\"1\" decoding=\"async\" class=\"swiper-slide-image\" src=\"https:\/\/i0.wp.com\/elregionalvm.com.ar\/noticias-villa-maria\/wp-content\/uploads\/2020\/08\/ARCHI_779082.jpg\" alt=\"\" \/><\/figure><\/a><\/div><div class=\"swiper-slide\" role=\"group\" aria-roledescription=\"slide\" aria-label=\"5 de 13\"><a data-elementor-open-lightbox=\"yes\" data-elementor-lightbox-slideshow=\"0ca4f13\" data-e-action-hash=\"#elementor-action%3Aaction%3Dlightbox%26settings%3DeyJpZCI6MjI2MjAsInVybCI6ZmFsc2UsInNsaWRlc2hvdyI6IjBjYTRmMTMifQ%3D%3D\"><figure class=\"swiper-slide-inner\"><img data-recalc-dims=\"1\" decoding=\"async\" class=\"swiper-slide-image\" src=\"https:\/\/i0.wp.com\/elregionalvm.com.ar\/noticias-villa-maria\/wp-content\/uploads\/2020\/08\/ARCHI_779083.jpg\" alt=\"\" \/><\/figure><\/a><\/div><div class=\"swiper-slide\" role=\"group\" aria-roledescription=\"slide\" aria-label=\"6 de 13\"><a data-elementor-open-lightbox=\"yes\" data-elementor-lightbox-slideshow=\"0ca4f13\" data-e-action-hash=\"#elementor-action%3Aaction%3Dlightbox%26settings%3DeyJpZCI6MjI2MjEsInVybCI6ZmFsc2UsInNsaWRlc2hvdyI6IjBjYTRmMTMifQ%3D%3D\"><figure class=\"swiper-slide-inner\"><img data-recalc-dims=\"1\" decoding=\"async\" class=\"swiper-slide-image\" src=\"https:\/\/i0.wp.com\/elregionalvm.com.ar\/noticias-villa-maria\/wp-content\/uploads\/2020\/08\/ARCHI_779200.jpg\" alt=\"\" \/><\/figure><\/a><\/div><div class=\"swiper-slide\" role=\"group\" aria-roledescription=\"slide\" aria-label=\"7 de 13\"><a data-elementor-open-lightbox=\"yes\" data-elementor-lightbox-slideshow=\"0ca4f13\" data-e-action-hash=\"#elementor-action%3Aaction%3Dlightbox%26settings%3DeyJpZCI6MjI2MjIsInVybCI6ZmFsc2UsInNsaWRlc2hvdyI6IjBjYTRmMTMifQ%3D%3D\"><figure class=\"swiper-slide-inner\"><img data-recalc-dims=\"1\" decoding=\"async\" class=\"swiper-slide-image\" src=\"https:\/\/i0.wp.com\/elregionalvm.com.ar\/noticias-villa-maria\/wp-content\/uploads\/2020\/08\/FB_IMG_1598234982651.jpg\" alt=\"\" \/><\/figure><\/a><\/div><div class=\"swiper-slide\" role=\"group\" aria-roledescription=\"slide\" aria-label=\"8 de 13\"><a data-elementor-open-lightbox=\"yes\" data-elementor-lightbox-slideshow=\"0ca4f13\" data-e-action-hash=\"#elementor-action%3Aaction%3Dlightbox%26settings%3DeyJpZCI6MjI2MjMsInVybCI6ZmFsc2UsInNsaWRlc2hvdyI6IjBjYTRmMTMifQ%3D%3D\"><figure class=\"swiper-slide-inner\"><img data-recalc-dims=\"1\" decoding=\"async\" class=\"swiper-slide-image\" src=\"https:\/\/i0.wp.com\/elregionalvm.com.ar\/noticias-villa-maria\/wp-content\/uploads\/2020\/08\/fuego-ilustrativo.jpg\" alt=\"\" \/><\/figure><\/a><\/div><div class=\"swiper-slide\" role=\"group\" aria-roledescription=\"slide\" aria-label=\"9 de 13\"><a data-elementor-open-lightbox=\"yes\" data-elementor-lightbox-slideshow=\"0ca4f13\" data-e-action-hash=\"#elementor-action%3Aaction%3Dlightbox%26settings%3DeyJpZCI6MjI2MjQsInVybCI6ZmFsc2UsInNsaWRlc2hvdyI6IjBjYTRmMTMifQ%3D%3D\"><figure class=\"swiper-slide-inner\"><img data-recalc-dims=\"1\" decoding=\"async\" class=\"swiper-slide-image\" src=\"https:\/\/i0.wp.com\/elregionalvm.com.ar\/noticias-villa-maria\/wp-content\/uploads\/2020\/08\/fuego-incendio-sierras-de-cordoba-la-granja.jpg\" alt=\"\" \/><\/figure><\/a><\/div><div class=\"swiper-slide\" role=\"group\" aria-roledescription=\"slide\" aria-label=\"10 de 13\"><a data-elementor-open-lightbox=\"yes\" data-elementor-lightbox-slideshow=\"0ca4f13\" data-e-action-hash=\"#elementor-action%3Aaction%3Dlightbox%26settings%3DeyJpZCI6MjI2MjUsInVybCI6ZmFsc2UsInNsaWRlc2hvdyI6IjBjYTRmMTMifQ%3D%3D\"><figure class=\"swiper-slide-inner\"><img data-recalc-dims=\"1\" decoding=\"async\" class=\"swiper-slide-image\" src=\"https:\/\/i0.wp.com\/elregionalvm.com.ar\/noticias-villa-maria\/wp-content\/uploads\/2020\/08\/in_1569543437.jpg\" alt=\"\" \/><\/figure><\/a><\/div><div class=\"swiper-slide\" role=\"group\" aria-roledescription=\"slide\" aria-label=\"11 de 13\"><a data-elementor-open-lightbox=\"yes\" data-elementor-lightbox-slideshow=\"0ca4f13\" data-e-action-hash=\"#elementor-action%3Aaction%3Dlightbox%26settings%3DeyJpZCI6MjI2MjYsInVybCI6ZmFsc2UsInNsaWRlc2hvdyI6IjBjYTRmMTMifQ%3D%3D\"><figure class=\"swiper-slide-inner\"><img data-recalc-dims=\"1\" decoding=\"async\" class=\"swiper-slide-image\" src=\"https:\/\/i0.wp.com\/elregionalvm.com.ar\/noticias-villa-maria\/wp-content\/uploads\/2020\/08\/multimedia.normal.9064c902f5381e50.496e63656e64696f732062792070726f76696e6369615f6e6f726d616c2e6a7067.jpg\" alt=\"\" \/><\/figure><\/a><\/div><div class=\"swiper-slide\" role=\"group\" aria-roledescription=\"slide\" aria-label=\"12 de 13\"><a data-elementor-open-lightbox=\"yes\" data-elementor-lightbox-slideshow=\"0ca4f13\" data-e-action-hash=\"#elementor-action%3Aaction%3Dlightbox%26settings%3DeyJpZCI6MjI2MjcsInVybCI6ZmFsc2UsInNsaWRlc2hvdyI6IjBjYTRmMTMifQ%3D%3D\"><figure class=\"swiper-slide-inner\"><img data-recalc-dims=\"1\" decoding=\"async\" class=\"swiper-slide-image\" src=\"https:\/\/i0.wp.com\/elregionalvm.com.ar\/noticias-villa-maria\/wp-content\/uploads\/2020\/08\/NMKS5TZ3GBGLLETQMZ2A222QGU.jpg\" alt=\"\" \/><\/figure><\/a><\/div><div class=\"swiper-slide\" role=\"group\" aria-roledescription=\"slide\" aria-label=\"13 de 13\"><a data-elementor-open-lightbox=\"yes\" data-elementor-lightbox-slideshow=\"0ca4f13\" data-e-action-hash=\"#elementor-action%3Aaction%3Dlightbox%26settings%3DeyJpZCI6MjI2MjgsInVybCI6ZmFsc2UsInNsaWRlc2hvdyI6IjBjYTRmMTMifQ%3D%3D\"><figure class=\"swiper-slide-inner\"><img data-recalc-dims=\"1\" decoding=\"async\" class=\"swiper-slide-image\" src=\"https:\/\/i0.wp.com\/elregionalvm.com.ar\/noticias-villa-maria\/wp-content\/uploads\/2020\/08\/TAIZQMJ6TJF2JGSX4ZIBZ2TUTU.jpg\" alt=\"\" \/><\/figure><\/a><\/div>\t\t\t<\/div>\n\t\t\t\t\t\t\t\t\t\t\t\t<div class=\"elementor-swiper-button elementor-swiper-button-prev\" role=\"button\" tabindex=\"0\">\n\t\t\t\t\t\t<i aria-hidden=\"true\" class=\"eicon-chevron-left\"><\/i>\t\t\t\t\t<\/div>\n\t\t\t\t\t<div class=\"elementor-swiper-button elementor-swiper-button-next\" role=\"button\" tabindex=\"0\">\n\t\t\t\t\t\t<i aria-hidden=\"true\" class=\"eicon-chevron-right\"><\/i>\t\t\t\t\t<\/div>\n\t\t\t\t\n\t\t\t\t\t\t\t\t\t<div class=\"swiper-pagination\"><\/div>\n\t\t\t\t\t\t\t\t\t<\/div>\n\t\t\t\t\t\t<\/div>\n\t\t\t\t<\/div>\n\t\t\t\t\t<\/div>\n\t\t<\/div>\n\t\t\t\t\t<\/div>\n\t\t<\/section>\n\t\t\t\t<section data-particle_enable=\"false\" data-particle-mobile-disabled=\"false\" class=\"elementor-section elementor-top-section elementor-element elementor-element-44b9de86 elementor-section-boxed elementor-section-height-default elementor-section-height-default\" data-id=\"44b9de86\" data-element_type=\"section\">\n\t\t\t\t\t\t<div class=\"elementor-container elementor-column-gap-default\">\n\t\t\t\t\t<div class=\"elementor-column elementor-col-100 elementor-top-column elementor-element elementor-element-83711a7\" data-id=\"83711a7\" data-element_type=\"column\">\n\t\t\t<div class=\"elementor-widget-wrap elementor-element-populated\">\n\t\t\t\t\t\t<div class=\"elementor-element elementor-element-5160b033 elementor-widget elementor-widget-text-editor\" data-id=\"5160b033\" data-element_type=\"widget\" data-widget_type=\"text-editor.default\">\n\t\t\t\t<div class=\"elementor-widget-container\">\n\t\t\t\t\t\t\t\t\t\n<p>Cuando uno ve im\u00e1genes de la labor de los bomberos en los incendios de las serran\u00edas cordobesas, da la sensaci\u00f3n que la palabra \u00abGracias\u00bb sabe a poco.<\/p>\n\n\n\n<p>Im\u00e1genes que por momentos parecieran que fueran sacadas de un conflicto b\u00e9lico. Y es que est\u00e1n combatiendo a un enemigo feroz. Llamas que se asemejan a muros gigantes que arrasan cuanto encuentran a su paso. Y all\u00ed est\u00e1n ustedes queridos bomberos. Soportando temperaturas infernales para salvar todo cuanto sea posible, desafiando el fuego y el agotamiento. Poni\u00e9ndose en gran riesgo.<\/p>\n\n\n\n<p>Entre tantas instant\u00e1neas, una que reflej\u00f3 el Diario Clar\u00edn en redes sociales, nos llen\u00f3 de orgullo: la de nuestros bomberos en plena lucha contra los incendios.<\/p>\n\n\n\n<div class=\"wp-block-image\"><figure class=\"aligncenter size-large is-resized\"><img fetchpriority=\"high\" decoding=\"async\" data-recalc-dims=\"1\" src=\"https:\/\/i0.wp.com\/elregionalvm.com.ar\/noticias-villa-maria\/wp-content\/uploads\/2020\/08\/bomberos-clarin.png?resize=442%2C505\" alt=\"\" class=\"wp-image-22595\" width=\"442\" height=\"505\" srcset=\"https:\/\/i0.wp.com\/elregionalvm.com.ar\/noticias-villa-maria\/wp-content\/uploads\/2020\/08\/bomberos-clarin.png?w=422&amp;ssl=1 422w, https:\/\/i0.wp.com\/elregionalvm.com.ar\/noticias-villa-maria\/wp-content\/uploads\/2020\/08\/bomberos-clarin.png?resize=263%2C300&amp;ssl=1 263w\" sizes=\"(max-width: 442px) 100vw, 442px\" \/><figcaption>As\u00ed luchan nuestros bomberos villamarienses contra los incendios. Foto que se vio en Clarin digital.<\/figcaption><\/figure><\/div>\n\n\n\n<p> <\/p>\n\n\n\n<p>Estamos implorando que el cielo nos traiga la bendici\u00f3n del agua. Para tranquilidad de toda la gente que vive momentos de zozobra por estas horas y especialmente para que ustedes queridos servidores p\u00fablicos, puedan por fin regresar a casa, con la sensaci\u00f3n de una gran labor cumplida. Gracias.  Miles de gracias para nuestros h\u00e9roes sin capa, para nuestros bomberos voluntarios.<\/p>\n\n\n\n<figure class=\"wp-block-gallery columns-2 is-cropped wp-block-gallery-2 is-layout-flex wp-block-gallery-is-layout-flex\"><ul class=\"blocks-gallery-grid\"><li class=\"blocks-gallery-item\"><figure><img decoding=\"async\" data-recalc-dims=\"1\" height=\"545\" width=\"1024\" src=\"https:\/\/i0.wp.com\/elregionalvm.com.ar\/noticias-villa-maria\/wp-content\/uploads\/2020\/08\/bomberos-cordobeses-3-1024x545.jpg?resize=1024%2C545\" alt=\"\" data-id=\"22597\" data-link=\"http:\/\/elregionalvm.com.ar\/noticias-villa-maria\/?attachment_id=22597\" class=\"wp-image-22597\" srcset=\"https:\/\/i0.wp.com\/elregionalvm.com.ar\/noticias-villa-maria\/wp-content\/uploads\/2020\/08\/bomberos-cordobeses-3.jpg?resize=1024%2C545&amp;ssl=1 1024w, https:\/\/i0.wp.com\/elregionalvm.com.ar\/noticias-villa-maria\/wp-content\/uploads\/2020\/08\/bomberos-cordobeses-3.jpg?resize=300%2C160&amp;ssl=1 300w, https:\/\/i0.wp.com\/elregionalvm.com.ar\/noticias-villa-maria\/wp-content\/uploads\/2020\/08\/bomberos-cordobeses-3.jpg?resize=768%2C409&amp;ssl=1 768w, https:\/\/i0.wp.com\/elregionalvm.com.ar\/noticias-villa-maria\/wp-content\/uploads\/2020\/08\/bomberos-cordobeses-3.jpg?w=1040&amp;ssl=1 1040w\" sizes=\"(max-width: 1000px) 100vw, 1000px\" \/><\/figure><\/li><li class=\"blocks-gallery-item\"><figure><img decoding=\"async\" width=\"1000\" height=\"570\" data-recalc-dims=\"1\" src=\"https:\/\/i0.wp.com\/elregionalvm.com.ar\/noticias-villa-maria\/wp-content\/uploads\/2020\/08\/bomberos-cordobeses-4.jpg\" alt=\"\" data-id=\"22598\" data-full-url=\"http:\/\/elregionalvm.com.ar\/noticias-villa-maria\/wp-content\/uploads\/2020\/08\/bomberos-cordobeses-4.jpg\" data-link=\"http:\/\/elregionalvm.com.ar\/noticias-villa-maria\/?attachment_id=22598\" class=\"wp-image-22598\" srcset=\"https:\/\/i0.wp.com\/elregionalvm.com.ar\/noticias-villa-maria\/wp-content\/uploads\/2020\/08\/bomberos-cordobeses-4.jpg?w=1000&amp;ssl=1 1000w, https:\/\/i0.wp.com\/elregionalvm.com.ar\/noticias-villa-maria\/wp-content\/uploads\/2020\/08\/bomberos-cordobeses-4.jpg?resize=300%2C171&amp;ssl=1 300w, https:\/\/i0.wp.com\/elregionalvm.com.ar\/noticias-villa-maria\/wp-content\/uploads\/2020\/08\/bomberos-cordobeses-4.jpg?resize=768%2C438&amp;ssl=1 768w\" sizes=\"(max-width: 1000px) 100vw, 1000px\" \/><\/figure><\/li><\/ul><figcaption class=\"blocks-gallery-caption\">La ferocidad del fuego y la resistencia de nuestros bomberos<\/figcaption><\/figure>\n\t\t\t\t\t\t\t\t<\/div>\n\t\t\t\t<\/div>\n\t\t\t\t\t<\/div>\n\t\t<\/div>\n\t\t\t\t\t<\/div>\n\t\t<\/section>\n\t\t\t\t<\/div>\n\t\t","protected":false},"excerpt":{"rendered":"<p>Anterior Siguiente Cuando uno ve im\u00e1genes de la labor de los bomberos en los incendios de las serran\u00edas cordobesas, da la sensaci\u00f3n que la palabra \u00abGracias\u00bb sabe a poco. Im\u00e1genes que por momentos parecieran que fueran sacadas de un conflicto b\u00e9lico. Y es que est\u00e1n combatiendo a un enemigo feroz. Llamas que se asemejan a [&hellip;]<\/p>\n","protected":false},"author":4,"featured_media":22596,"comment_status":"open","ping_status":"open","sticky":false,"template":"","format":"standard","meta":{"site-sidebar-layout":"default","site-content-layout":"default","ast-site-content-layout":"default","site-content-style":"default","site-sidebar-style":"default","ast-global-header-display":"","ast-banner-title-visibility":"","ast-main-header-display":"","ast-hfb-above-header-display":"","ast-hfb-below-header-display":"","ast-hfb-mobile-header-display":"","site-post-title":"","ast-breadcrumbs-content":"","ast-featured-img":"","footer-sml-layout":"","ast-disable-related-posts":"","theme-transparent-header-meta":"default","adv-header-id-meta":"","stick-header-meta":"","header-above-stick-meta":"","header-main-stick-meta":"","header-below-stick-meta":"","astra-migrate-meta-layouts":"default","ast-page-background-enabled":"default","ast-page-background-meta":{"desktop":{"background-color":"","background-image":"","background-repeat":"repeat","background-position":"center center","background-size":"auto","background-attachment":"scroll","background-type":"","background-media":"","overlay-type":"","overlay-color":"","overlay-opacity":"","overlay-gradient":""},"tablet":{"background-color":"","background-image":"","background-repeat":"repeat","background-position":"center center","background-size":"auto","background-attachment":"scroll","background-type":"","background-media":"","overlay-type":"","overlay-color":"","overlay-opacity":"","overlay-gradient":""},"mobile":{"background-color":"","background-image":"","background-repeat":"repeat","background-position":"center center","background-size":"auto","background-attachment":"scroll","background-type":"","background-media":"","overlay-type":"","overlay-color":"","overlay-opacity":"","overlay-gradient":""}},"ast-content-background-meta":{"desktop":{"background-color":"var(--ast-global-color-5)","background-image":"","background-repeat":"repeat","background-position":"center center","background-size":"auto","background-attachment":"scroll","background-type":"","background-media":"","overlay-type":"","overlay-color":"","overlay-opacity":"","overlay-gradient":""},"tablet":{"background-color":"var(--ast-global-color-5)","background-image":"","background-repeat":"repeat","background-position":"center center","background-size":"auto","background-attachment":"scroll","background-type":"","background-media":"","overlay-type":"","overlay-color":"","overlay-opacity":"","overlay-gradient":""},"mobile":{"background-color":"var(--ast-global-color-5)","background-image":"","background-repeat":"repeat","background-position":"center center","background-size":"auto","background-attachment":"scroll","background-type":"","background-media":"","overlay-type":"","overlay-color":"","overlay-opacity":"","overlay-gradient":""}},"_jetpack_memberships_contains_paid_content":false,"_joinchat":[],"footnotes":""},"categories":[5],"tags":[1343,2882,2400,3523],"class_list":["post-22594","post","type-post","status-publish","format-standard","has-post-thumbnail","hentry","category-sociedad","tag-bomberos","tag-gracias","tag-incendios","tag-serranias-cordobesas"],"yoast_head":"<!-- This site is optimized with the Yoast SEO plugin v26.8 - https:\/\/yoast.com\/product\/yoast-seo-wordpress\/ -->\n<title>Bomberos: h\u00e9roes silenciosos en la lucha contra el fuego - El Regional<\/title>\n<meta name=\"robots\" content=\"index, follow, max-snippet:-1, max-image-preview:large, max-video-preview:-1\" \/>\n<link rel=\"canonical\" href=\"http:\/\/elregionalvm.com.ar\/noticias-villa-maria\/gran-labor-de-bomberos-en-la-lucha-contra-el-fuego\/\" \/>\n<meta property=\"og:locale\" content=\"es_ES\" \/>\n<meta property=\"og:type\" content=\"article\" \/>\n<meta property=\"og:title\" content=\"Bomberos: h\u00e9roes silenciosos en la lucha contra el fuego - El Regional\" \/>\n<meta property=\"og:description\" content=\"Anterior Siguiente Cuando uno ve im\u00e1genes de la labor de los bomberos en los incendios de las serran\u00edas cordobesas, da la sensaci\u00f3n que la palabra \u00abGracias\u00bb sabe a poco. Im\u00e1genes que por momentos parecieran que fueran sacadas de un conflicto b\u00e9lico. Y es que est\u00e1n combatiendo a un enemigo feroz. Llamas que se asemejan a [&hellip;]\" \/>\n<meta property=\"og:url\" content=\"http:\/\/elregionalvm.com.ar\/noticias-villa-maria\/gran-labor-de-bomberos-en-la-lucha-contra-el-fuego\/\" \/>\n<meta property=\"og:site_name\" content=\"El Regional\" \/>\n<meta property=\"article:publisher\" content=\"https:\/\/www.facebook.com\/elregionalvm\" \/>\n<meta property=\"article:published_time\" content=\"2020-08-25T21:21:27+00:00\" \/>\n<meta property=\"article:modified_time\" content=\"2020-08-27T20:12:46+00:00\" \/>\n<meta property=\"og:image\" content=\"http:\/\/elregionalvm.com.ar\/noticias-villa-maria\/wp-content\/uploads\/2020\/08\/bomberos-cordobeses-1.png\" \/>\n\t<meta property=\"og:image:width\" content=\"400\" \/>\n\t<meta property=\"og:image:height\" content=\"224\" \/>\n\t<meta property=\"og:image:type\" content=\"image\/png\" \/>\n<meta name=\"author\" content=\"Contenidos El Regional\" \/>\n<meta name=\"twitter:card\" content=\"summary_large_image\" \/>\n<meta name=\"twitter:creator\" content=\"@elregionalvm1\" \/>\n<meta name=\"twitter:site\" content=\"@elregionalvm1\" \/>\n<meta name=\"twitter:label1\" content=\"Escrito por\" \/>\n\t<meta name=\"twitter:data1\" content=\"Contenidos El Regional\" \/>\n\t<meta name=\"twitter:label2\" content=\"Tiempo de lectura\" \/>\n\t<meta name=\"twitter:data2\" content=\"1 minuto\" \/>\n<script type=\"application\/ld+json\" class=\"yoast-schema-graph\">{\"@context\":\"https:\/\/schema.org\",\"@graph\":[{\"@type\":\"Article\",\"@id\":\"http:\/\/elregionalvm.com.ar\/noticias-villa-maria\/gran-labor-de-bomberos-en-la-lucha-contra-el-fuego\/#article\",\"isPartOf\":{\"@id\":\"http:\/\/elregionalvm.com.ar\/noticias-villa-maria\/gran-labor-de-bomberos-en-la-lucha-contra-el-fuego\/\"},\"author\":{\"name\":\"Contenidos El Regional\",\"@id\":\"http:\/\/elregionalvm.com.ar\/noticias-villa-maria\/#\/schema\/person\/a0fb9c422317faca23d50163151bc354\"},\"headline\":\"Bomberos: h\u00e9roes silenciosos en la lucha contra el fuego\",\"datePublished\":\"2020-08-25T21:21:27+00:00\",\"dateModified\":\"2020-08-27T20:12:46+00:00\",\"mainEntityOfPage\":{\"@id\":\"http:\/\/elregionalvm.com.ar\/noticias-villa-maria\/gran-labor-de-bomberos-en-la-lucha-contra-el-fuego\/\"},\"wordCount\":224,\"commentCount\":0,\"image\":{\"@id\":\"http:\/\/elregionalvm.com.ar\/noticias-villa-maria\/gran-labor-de-bomberos-en-la-lucha-contra-el-fuego\/#primaryimage\"},\"thumbnailUrl\":\"https:\/\/i0.wp.com\/elregionalvm.com.ar\/noticias-villa-maria\/wp-content\/uploads\/2020\/08\/bomberos-cordobeses-1.png?fit=400%2C224&ssl=1\",\"keywords\":[\"Bomberos\",\"Gracias\",\"incendios\",\"serran\u00edas cordobesas\"],\"articleSection\":[\"Sociedad\"],\"inLanguage\":\"es\",\"potentialAction\":[{\"@type\":\"CommentAction\",\"name\":\"Comment\",\"target\":[\"http:\/\/elregionalvm.com.ar\/noticias-villa-maria\/gran-labor-de-bomberos-en-la-lucha-contra-el-fuego\/#respond\"]}]},{\"@type\":\"WebPage\",\"@id\":\"http:\/\/elregionalvm.com.ar\/noticias-villa-maria\/gran-labor-de-bomberos-en-la-lucha-contra-el-fuego\/\",\"url\":\"http:\/\/elregionalvm.com.ar\/noticias-villa-maria\/gran-labor-de-bomberos-en-la-lucha-contra-el-fuego\/\",\"name\":\"Bomberos: h\u00e9roes silenciosos en la lucha contra el fuego - El Regional\",\"isPartOf\":{\"@id\":\"http:\/\/elregionalvm.com.ar\/noticias-villa-maria\/#website\"},\"primaryImageOfPage\":{\"@id\":\"http:\/\/elregionalvm.com.ar\/noticias-villa-maria\/gran-labor-de-bomberos-en-la-lucha-contra-el-fuego\/#primaryimage\"},\"image\":{\"@id\":\"http:\/\/elregionalvm.com.ar\/noticias-villa-maria\/gran-labor-de-bomberos-en-la-lucha-contra-el-fuego\/#primaryimage\"},\"thumbnailUrl\":\"https:\/\/i0.wp.com\/elregionalvm.com.ar\/noticias-villa-maria\/wp-content\/uploads\/2020\/08\/bomberos-cordobeses-1.png?fit=400%2C224&ssl=1\",\"datePublished\":\"2020-08-25T21:21:27+00:00\",\"dateModified\":\"2020-08-27T20:12:46+00:00\",\"author\":{\"@id\":\"http:\/\/elregionalvm.com.ar\/noticias-villa-maria\/#\/schema\/person\/a0fb9c422317faca23d50163151bc354\"},\"breadcrumb\":{\"@id\":\"http:\/\/elregionalvm.com.ar\/noticias-villa-maria\/gran-labor-de-bomberos-en-la-lucha-contra-el-fuego\/#breadcrumb\"},\"inLanguage\":\"es\",\"potentialAction\":[{\"@type\":\"ReadAction\",\"target\":[\"http:\/\/elregionalvm.com.ar\/noticias-villa-maria\/gran-labor-de-bomberos-en-la-lucha-contra-el-fuego\/\"]}]},{\"@type\":\"ImageObject\",\"inLanguage\":\"es\",\"@id\":\"http:\/\/elregionalvm.com.ar\/noticias-villa-maria\/gran-labor-de-bomberos-en-la-lucha-contra-el-fuego\/#primaryimage\",\"url\":\"https:\/\/i0.wp.com\/elregionalvm.com.ar\/noticias-villa-maria\/wp-content\/uploads\/2020\/08\/bomberos-cordobeses-1.png?fit=400%2C224&ssl=1\",\"contentUrl\":\"https:\/\/i0.wp.com\/elregionalvm.com.ar\/noticias-villa-maria\/wp-content\/uploads\/2020\/08\/bomberos-cordobeses-1.png?fit=400%2C224&ssl=1\",\"width\":400,\"height\":224},{\"@type\":\"BreadcrumbList\",\"@id\":\"http:\/\/elregionalvm.com.ar\/noticias-villa-maria\/gran-labor-de-bomberos-en-la-lucha-contra-el-fuego\/#breadcrumb\",\"itemListElement\":[{\"@type\":\"ListItem\",\"position\":1,\"name\":\"Portada\",\"item\":\"https:\/\/elregionalvm.com.ar\/noticias-villa-maria\/\"},{\"@type\":\"ListItem\",\"position\":2,\"name\":\"Bomberos: h\u00e9roes silenciosos en la lucha contra el fuego\"}]},{\"@type\":\"WebSite\",\"@id\":\"http:\/\/elregionalvm.com.ar\/noticias-villa-maria\/#website\",\"url\":\"http:\/\/elregionalvm.com.ar\/noticias-villa-maria\/\",\"name\":\"El Regional\",\"description\":\"Mucho m\u00e1s que informaci\u00f3n\",\"potentialAction\":[{\"@type\":\"SearchAction\",\"target\":{\"@type\":\"EntryPoint\",\"urlTemplate\":\"http:\/\/elregionalvm.com.ar\/noticias-villa-maria\/?s={search_term_string}\"},\"query-input\":{\"@type\":\"PropertyValueSpecification\",\"valueRequired\":true,\"valueName\":\"search_term_string\"}}],\"inLanguage\":\"es\"},{\"@type\":\"Person\",\"@id\":\"http:\/\/elregionalvm.com.ar\/noticias-villa-maria\/#\/schema\/person\/a0fb9c422317faca23d50163151bc354\",\"name\":\"Contenidos El Regional\",\"image\":{\"@type\":\"ImageObject\",\"inLanguage\":\"es\",\"@id\":\"http:\/\/elregionalvm.com.ar\/noticias-villa-maria\/#\/schema\/person\/image\/\",\"url\":\"https:\/\/secure.gravatar.com\/avatar\/265b27cb2209af7bb3a1318f03305787d7981a5cc6e6cd08fe5a4ecdf99d4b48?s=96&d=mm&r=g\",\"contentUrl\":\"https:\/\/secure.gravatar.com\/avatar\/265b27cb2209af7bb3a1318f03305787d7981a5cc6e6cd08fe5a4ecdf99d4b48?s=96&d=mm&r=g\",\"caption\":\"Contenidos El Regional\"},\"url\":\"https:\/\/elregionalvm.com.ar\/noticias-villa-maria\/author\/contenido\/\"}]}<\/script>\n<!-- \/ Yoast SEO plugin. -->","yoast_head_json":{"title":"Bomberos: h\u00e9roes silenciosos en la lucha contra el fuego - El Regional","robots":{"index":"index","follow":"follow","max-snippet":"max-snippet:-1","max-image-preview":"max-image-preview:large","max-video-preview":"max-video-preview:-1"},"canonical":"http:\/\/elregionalvm.com.ar\/noticias-villa-maria\/gran-labor-de-bomberos-en-la-lucha-contra-el-fuego\/","og_locale":"es_ES","og_type":"article","og_title":"Bomberos: h\u00e9roes silenciosos en la lucha contra el fuego - El Regional","og_description":"Anterior Siguiente Cuando uno ve im\u00e1genes de la labor de los bomberos en los incendios de las serran\u00edas cordobesas, da la sensaci\u00f3n que la palabra \u00abGracias\u00bb sabe a poco. Im\u00e1genes que por momentos parecieran que fueran sacadas de un conflicto b\u00e9lico. Y es que est\u00e1n combatiendo a un enemigo feroz. Llamas que se asemejan a [&hellip;]","og_url":"http:\/\/elregionalvm.com.ar\/noticias-villa-maria\/gran-labor-de-bomberos-en-la-lucha-contra-el-fuego\/","og_site_name":"El Regional","article_publisher":"https:\/\/www.facebook.com\/elregionalvm","article_published_time":"2020-08-25T21:21:27+00:00","article_modified_time":"2020-08-27T20:12:46+00:00","og_image":[{"width":400,"height":224,"url":"http:\/\/elregionalvm.com.ar\/noticias-villa-maria\/wp-content\/uploads\/2020\/08\/bomberos-cordobeses-1.png","type":"image\/png"}],"author":"Contenidos El Regional","twitter_card":"summary_large_image","twitter_creator":"@elregionalvm1","twitter_site":"@elregionalvm1","twitter_misc":{"Escrito por":"Contenidos El Regional","Tiempo de lectura":"1 minuto"},"schema":{"@context":"https:\/\/schema.org","@graph":[{"@type":"Article","@id":"http:\/\/elregionalvm.com.ar\/noticias-villa-maria\/gran-labor-de-bomberos-en-la-lucha-contra-el-fuego\/#article","isPartOf":{"@id":"http:\/\/elregionalvm.com.ar\/noticias-villa-maria\/gran-labor-de-bomberos-en-la-lucha-contra-el-fuego\/"},"author":{"name":"Contenidos El Regional","@id":"http:\/\/elregionalvm.com.ar\/noticias-villa-maria\/#\/schema\/person\/a0fb9c422317faca23d50163151bc354"},"headline":"Bomberos: h\u00e9roes silenciosos en la lucha contra el fuego","datePublished":"2020-08-25T21:21:27+00:00","dateModified":"2020-08-27T20:12:46+00:00","mainEntityOfPage":{"@id":"http:\/\/elregionalvm.com.ar\/noticias-villa-maria\/gran-labor-de-bomberos-en-la-lucha-contra-el-fuego\/"},"wordCount":224,"commentCount":0,"image":{"@id":"http:\/\/elregionalvm.com.ar\/noticias-villa-maria\/gran-labor-de-bomberos-en-la-lucha-contra-el-fuego\/#primaryimage"},"thumbnailUrl":"https:\/\/i0.wp.com\/elregionalvm.com.ar\/noticias-villa-maria\/wp-content\/uploads\/2020\/08\/bomberos-cordobeses-1.png?fit=400%2C224&ssl=1","keywords":["Bomberos","Gracias","incendios","serran\u00edas cordobesas"],"articleSection":["Sociedad"],"inLanguage":"es","potentialAction":[{"@type":"CommentAction","name":"Comment","target":["http:\/\/elregionalvm.com.ar\/noticias-villa-maria\/gran-labor-de-bomberos-en-la-lucha-contra-el-fuego\/#respond"]}]},{"@type":"WebPage","@id":"http:\/\/elregionalvm.com.ar\/noticias-villa-maria\/gran-labor-de-bomberos-en-la-lucha-contra-el-fuego\/","url":"http:\/\/elregionalvm.com.ar\/noticias-villa-maria\/gran-labor-de-bomberos-en-la-lucha-contra-el-fuego\/","name":"Bomberos: h\u00e9roes silenciosos en la lucha contra el fuego - El Regional","isPartOf":{"@id":"http:\/\/elregionalvm.com.ar\/noticias-villa-maria\/#website"},"primaryImageOfPage":{"@id":"http:\/\/elregionalvm.com.ar\/noticias-villa-maria\/gran-labor-de-bomberos-en-la-lucha-contra-el-fuego\/#primaryimage"},"image":{"@id":"http:\/\/elregionalvm.com.ar\/noticias-villa-maria\/gran-labor-de-bomberos-en-la-lucha-contra-el-fuego\/#primaryimage"},"thumbnailUrl":"https:\/\/i0.wp.com\/elregionalvm.com.ar\/noticias-villa-maria\/wp-content\/uploads\/2020\/08\/bomberos-cordobeses-1.png?fit=400%2C224&ssl=1","datePublished":"2020-08-25T21:21:27+00:00","dateModified":"2020-08-27T20:12:46+00:00","author":{"@id":"http:\/\/elregionalvm.com.ar\/noticias-villa-maria\/#\/schema\/person\/a0fb9c422317faca23d50163151bc354"},"breadcrumb":{"@id":"http:\/\/elregionalvm.com.ar\/noticias-villa-maria\/gran-labor-de-bomberos-en-la-lucha-contra-el-fuego\/#breadcrumb"},"inLanguage":"es","potentialAction":[{"@type":"ReadAction","target":["http:\/\/elregionalvm.com.ar\/noticias-villa-maria\/gran-labor-de-bomberos-en-la-lucha-contra-el-fuego\/"]}]},{"@type":"ImageObject","inLanguage":"es","@id":"http:\/\/elregionalvm.com.ar\/noticias-villa-maria\/gran-labor-de-bomberos-en-la-lucha-contra-el-fuego\/#primaryimage","url":"https:\/\/i0.wp.com\/elregionalvm.com.ar\/noticias-villa-maria\/wp-content\/uploads\/2020\/08\/bomberos-cordobeses-1.png?fit=400%2C224&ssl=1","contentUrl":"https:\/\/i0.wp.com\/elregionalvm.com.ar\/noticias-villa-maria\/wp-content\/uploads\/2020\/08\/bomberos-cordobeses-1.png?fit=400%2C224&ssl=1","width":400,"height":224},{"@type":"BreadcrumbList","@id":"http:\/\/elregionalvm.com.ar\/noticias-villa-maria\/gran-labor-de-bomberos-en-la-lucha-contra-el-fuego\/#breadcrumb","itemListElement":[{"@type":"ListItem","position":1,"name":"Portada","item":"https:\/\/elregionalvm.com.ar\/noticias-villa-maria\/"},{"@type":"ListItem","position":2,"name":"Bomberos: h\u00e9roes silenciosos en la lucha contra el fuego"}]},{"@type":"WebSite","@id":"http:\/\/elregionalvm.com.ar\/noticias-villa-maria\/#website","url":"http:\/\/elregionalvm.com.ar\/noticias-villa-maria\/","name":"El Regional","description":"Mucho m\u00e1s que informaci\u00f3n","potentialAction":[{"@type":"SearchAction","target":{"@type":"EntryPoint","urlTemplate":"http:\/\/elregionalvm.com.ar\/noticias-villa-maria\/?s={search_term_string}"},"query-input":{"@type":"PropertyValueSpecification","valueRequired":true,"valueName":"search_term_string"}}],"inLanguage":"es"},{"@type":"Person","@id":"http:\/\/elregionalvm.com.ar\/noticias-villa-maria\/#\/schema\/person\/a0fb9c422317faca23d50163151bc354","name":"Contenidos El Regional","image":{"@type":"ImageObject","inLanguage":"es","@id":"http:\/\/elregionalvm.com.ar\/noticias-villa-maria\/#\/schema\/person\/image\/","url":"https:\/\/secure.gravatar.com\/avatar\/265b27cb2209af7bb3a1318f03305787d7981a5cc6e6cd08fe5a4ecdf99d4b48?s=96&d=mm&r=g","contentUrl":"https:\/\/secure.gravatar.com\/avatar\/265b27cb2209af7bb3a1318f03305787d7981a5cc6e6cd08fe5a4ecdf99d4b48?s=96&d=mm&r=g","caption":"Contenidos El Regional"},"url":"https:\/\/elregionalvm.com.ar\/noticias-villa-maria\/author\/contenido\/"}]}},"jetpack_featured_media_url":"https:\/\/i0.wp.com\/elregionalvm.com.ar\/noticias-villa-maria\/wp-content\/uploads\/2020\/08\/bomberos-cordobeses-1.png?fit=400%2C224&ssl=1","jetpack_sharing_enabled":true,"_links":{"self":[{"href":"https:\/\/elregionalvm.com.ar\/noticias-villa-maria\/wp-json\/wp\/v2\/posts\/22594","targetHints":{"allow":["GET"]}}],"collection":[{"href":"https:\/\/elregionalvm.com.ar\/noticias-villa-maria\/wp-json\/wp\/v2\/posts"}],"about":[{"href":"https:\/\/elregionalvm.com.ar\/noticias-villa-maria\/wp-json\/wp\/v2\/types\/post"}],"author":[{"embeddable":true,"href":"https:\/\/elregionalvm.com.ar\/noticias-villa-maria\/wp-json\/wp\/v2\/users\/4"}],"replies":[{"embeddable":true,"href":"https:\/\/elregionalvm.com.ar\/noticias-villa-maria\/wp-json\/wp\/v2\/comments?post=22594"}],"version-history":[{"count":7,"href":"https:\/\/elregionalvm.com.ar\/noticias-villa-maria\/wp-json\/wp\/v2\/posts\/22594\/revisions"}],"predecessor-version":[{"id":22674,"href":"https:\/\/elregionalvm.com.ar\/noticias-villa-maria\/wp-json\/wp\/v2\/posts\/22594\/revisions\/22674"}],"wp:featuredmedia":[{"embeddable":true,"href":"https:\/\/elregionalvm.com.ar\/noticias-villa-maria\/wp-json\/wp\/v2\/media\/22596"}],"wp:attachment":[{"href":"https:\/\/elregionalvm.com.ar\/noticias-villa-maria\/wp-json\/wp\/v2\/media?parent=22594"}],"wp:term":[{"taxonomy":"category","embeddable":true,"href":"https:\/\/elregionalvm.com.ar\/noticias-villa-maria\/wp-json\/wp\/v2\/categories?post=22594"},{"taxonomy":"post_tag","embeddable":true,"href":"https:\/\/elregionalvm.com.ar\/noticias-villa-maria\/wp-json\/wp\/v2\/tags?post=22594"}],"curies":[{"name":"wp","href":"https:\/\/api.w.org\/{rel}","templated":true}]}}