{"id":22600,"date":"2020-08-25T22:15:18","date_gmt":"2020-08-25T22:15:18","guid":{"rendered":"https:\/\/elregionalvm.com.ar\/noticias-villa-maria\/?p=22600"},"modified":"2020-08-26T17:40:39","modified_gmt":"2020-08-26T17:40:39","slug":"incendio-en-ballesteros-un-bombero-herido-y-un-perro-de-rescate-muerto","status":"publish","type":"post","link":"https:\/\/elregionalvm.com.ar\/noticias-villa-maria\/incendio-en-ballesteros-un-bombero-herido-y-un-perro-de-rescate-muerto\/","title":{"rendered":"Incendio en Ballesteros: un bombero herido y un perro de rescate muerto"},"content":{"rendered":"\n<p><strong>Escribe: Gabriela Beck <\/strong>     <\/p>\n\n\n\n<p>En medio de las noticias que tienen a los bomberos luchando contra el fuego en las sierras de C\u00f3rdoba, a un bombero de la localidad de Ballesteros se le hizo realidad la peor de sus pesadillas: sufri\u00f3 un incendio en su propia vivienda.<\/p>\n\n\n\n<p>Siendo las 2.20 de esta madrugada lleg\u00f3 el aviso de emergencia al cuartel de Ballesteros e inmediatamente se activ\u00f3 la sirena. Por razones que no se han determinado a\u00fan, tom\u00f3 fuego el garaje de la casa del bomberos Emiliano Conti, de 31 a\u00f1os, donde vive con su esposa y sus dos hijos, en el barrio Fovicor, relat\u00f3 a <strong>El Regional Diario Digital<\/strong> el sargento Santiago Arroyo, quien estuvo a cargo del operativo desplegado en el incendio. <\/p>\n\n\n\n<div class=\"wp-block-jetpack-tiled-gallery alignwide is-style-rectangular\"><div class=\"tiled-gallery__gallery\"><div class=\"tiled-gallery__row\"><div class=\"tiled-gallery__col\" style=\"flex-basis:33.33333333333333%\"><figure class=\"tiled-gallery__item\"><img decoding=\"async\" srcset=\"https:\/\/i0.wp.com\/elregionalvm.com.ar\/noticias-villa-maria\/wp-content\/uploads\/2020\/08\/incendio-ballesteros-2.jpg?strip=info&#038;w=600 600w,https:\/\/i0.wp.com\/elregionalvm.com.ar\/noticias-villa-maria\/wp-content\/uploads\/2020\/08\/incendio-ballesteros-2.jpg?strip=info&#038;w=900 900w,https:\/\/i0.wp.com\/elregionalvm.com.ar\/noticias-villa-maria\/wp-content\/uploads\/2020\/08\/incendio-ballesteros-2.jpg?strip=info&#038;w=1200 1200w,https:\/\/i0.wp.com\/elregionalvm.com.ar\/noticias-villa-maria\/wp-content\/uploads\/2020\/08\/incendio-ballesteros-2.jpg?strip=info&#038;w=1500 1500w,https:\/\/i0.wp.com\/elregionalvm.com.ar\/noticias-villa-maria\/wp-content\/uploads\/2020\/08\/incendio-ballesteros-2.jpg?strip=info&#038;w=1800 1800w,https:\/\/i0.wp.com\/elregionalvm.com.ar\/noticias-villa-maria\/wp-content\/uploads\/2020\/08\/incendio-ballesteros-2.jpg?strip=info&#038;w=2000 2000w\" alt=\"\" data-height=\"1153\" data-id=\"22601\" data-link=\"https:\/\/elregionalvm.com.ar\/noticias-villa-maria\/?attachment_id=22601\" data-url=\"https:\/\/elregionalvm.com.ar\/noticias-villa-maria\/wp-content\/uploads\/2020\/08\/incendio-ballesteros-2.jpg\" data-width=\"2048\" src=\"https:\/\/i0.wp.com\/elregionalvm.com.ar\/noticias-villa-maria\/wp-content\/uploads\/2020\/08\/incendio-ballesteros-2.jpg\" \/><\/figure><\/div><div class=\"tiled-gallery__col\" style=\"flex-basis:33.33333333333333%\"><figure class=\"tiled-gallery__item\"><img decoding=\"async\" srcset=\"https:\/\/i0.wp.com\/elregionalvm.com.ar\/noticias-villa-maria\/wp-content\/uploads\/2020\/08\/incendio-ballesteros-3.jpg?strip=info&#038;w=600 600w,https:\/\/i0.wp.com\/elregionalvm.com.ar\/noticias-villa-maria\/wp-content\/uploads\/2020\/08\/incendio-ballesteros-3.jpg?strip=info&#038;w=900 900w,https:\/\/i0.wp.com\/elregionalvm.com.ar\/noticias-villa-maria\/wp-content\/uploads\/2020\/08\/incendio-ballesteros-3.jpg?strip=info&#038;w=1200 1200w,https:\/\/i0.wp.com\/elregionalvm.com.ar\/noticias-villa-maria\/wp-content\/uploads\/2020\/08\/incendio-ballesteros-3.jpg?strip=info&#038;w=1500 1500w,https:\/\/i0.wp.com\/elregionalvm.com.ar\/noticias-villa-maria\/wp-content\/uploads\/2020\/08\/incendio-ballesteros-3.jpg?strip=info&#038;w=1800 1800w,https:\/\/i0.wp.com\/elregionalvm.com.ar\/noticias-villa-maria\/wp-content\/uploads\/2020\/08\/incendio-ballesteros-3.jpg?strip=info&#038;w=2000 2000w\" alt=\"\" data-height=\"1153\" data-id=\"22602\" data-link=\"https:\/\/elregionalvm.com.ar\/noticias-villa-maria\/?attachment_id=22602\" data-url=\"https:\/\/elregionalvm.com.ar\/noticias-villa-maria\/wp-content\/uploads\/2020\/08\/incendio-ballesteros-3.jpg\" data-width=\"2048\" src=\"https:\/\/i0.wp.com\/elregionalvm.com.ar\/noticias-villa-maria\/wp-content\/uploads\/2020\/08\/incendio-ballesteros-3.jpg\" \/><\/figure><\/div><div class=\"tiled-gallery__col\" style=\"flex-basis:33.33333333333333%\"><figure class=\"tiled-gallery__item\"><img decoding=\"async\" srcset=\"https:\/\/i1.wp.com\/elregionalvm.com.ar\/noticias-villa-maria\/wp-content\/uploads\/2020\/08\/incendio-ballesteros-4-2.jpg?strip=info&#038;w=600 600w,https:\/\/i1.wp.com\/elregionalvm.com.ar\/noticias-villa-maria\/wp-content\/uploads\/2020\/08\/incendio-ballesteros-4-2.jpg?strip=info&#038;w=900 900w,https:\/\/i1.wp.com\/elregionalvm.com.ar\/noticias-villa-maria\/wp-content\/uploads\/2020\/08\/incendio-ballesteros-4-2.jpg?strip=info&#038;w=1200 1200w,https:\/\/i1.wp.com\/elregionalvm.com.ar\/noticias-villa-maria\/wp-content\/uploads\/2020\/08\/incendio-ballesteros-4-2.jpg?strip=info&#038;w=1500 1500w,https:\/\/i1.wp.com\/elregionalvm.com.ar\/noticias-villa-maria\/wp-content\/uploads\/2020\/08\/incendio-ballesteros-4-2.jpg?strip=info&#038;w=1800 1800w,https:\/\/i1.wp.com\/elregionalvm.com.ar\/noticias-villa-maria\/wp-content\/uploads\/2020\/08\/incendio-ballesteros-4-2.jpg?strip=info&#038;w=2000 2000w\" alt=\"\" data-height=\"1153\" data-id=\"22610\" data-link=\"https:\/\/elregionalvm.com.ar\/noticias-villa-maria\/?attachment_id=22610\" data-url=\"https:\/\/elregionalvm.com.ar\/noticias-villa-maria\/wp-content\/uploads\/2020\/08\/incendio-ballesteros-4-2.jpg\" data-width=\"2048\" src=\"https:\/\/i1.wp.com\/elregionalvm.com.ar\/noticias-villa-maria\/wp-content\/uploads\/2020\/08\/incendio-ballesteros-4-2.jpg\" \/><\/figure><\/div><\/div><\/div><\/div>\n\n\n\n<p><\/p>\n\n\n\n<p>Preparado en el combate del fuego, Emiliano tom\u00f3 cartas en el asunto intentando rescatar todo lo que m\u00e1s pod\u00eda. Logr\u00f3 sacar el auto para hacer espacio en el lugar, volvi\u00f3 a la cochera a buscar a uno de sus dos perros de rescate que duermen en caniles separados. El primero fue \u00abJuan\u00bb, un perro de uno 6 a\u00f1os que integra la Brigada de B\u00fasqueda y Rescate K9 , pero cuando sal\u00eda la explosi\u00f3n de un vidrio le cort\u00f3 el tend\u00f3n de Aquiles y no pudo volver por un cachorro de un a\u00f1o, que lamentablemente muri\u00f3 en el lugar.<\/p>\n\n\n\n<p>A todo esto, llegaban 3 unidades de bomberos de esa localidad con al menos 9 efectivos. En primera instancia socorrieron a Emiliano Conti y luego procedieron a sofocar las llamas que consumieron el garage en su totalidad, junto a dos motocicletas que estaban en su interior.<\/p>\n\n\n\n<p>La familia del bombero, afortunadamente no sufri\u00f3 ning\u00fan tipo de lesi\u00f3n m\u00e1s all\u00e1 de la l\u00f3gica angustia. La labor de los servidores p\u00fablicos se extendi\u00f3 hasta pasadas las 4.30 de la madrugada.<\/p>\n\n\n\n<p>El due\u00f1o de casa, con el tend\u00f3n de Aquiles cortado, fue derivado de urgencia a una cl\u00ednica de la ciudad de Bell Ville donde fue sometido a una cirug\u00eda y se recupera satisfactoriamente. <\/p>\n\n\n\n<p><strong>Una \u00abpareja\u00bb abnegada<\/strong><\/p>\n\n\n\n<p>Emiliano, desde hace a\u00f1os est\u00e1 trabajando junto a \u00abJuan\u00bb en la Brigada de B\u00fasqueda y Rescate K 9 de la Federaci\u00f3n de Bomberos Voluntarios de la Provincia de C\u00f3rdoba.  Juntos han viajado a Salta, La Pampa y muchos otros lugares donde han desplegado la labor para la cual se han capacitado. Tambi\u00e9n han participado en b\u00fasquedas en toda nuestra regi\u00f3n, incluida nuestra ciudad. Ojal\u00e1 ambos puedan recuperarse y volver al trabajo nuevamente. <\/p>\n\n\n\n<figure class=\"wp-block-gallery columns-2 is-cropped wp-block-gallery-1 is-layout-flex wp-block-gallery-is-layout-flex\"><ul class=\"blocks-gallery-grid\"><li class=\"blocks-gallery-item\"><figure><img data-recalc-dims=\"1\" fetchpriority=\"high\" decoding=\"async\" width=\"1024\" height=\"577\" src=\"https:\/\/i0.wp.com\/elregionalvm.com.ar\/noticias-villa-maria\/wp-content\/uploads\/2020\/08\/incendio-ballesteros-5.jpg?resize=1024%2C577&#038;ssl=1\" alt=\"\" data-id=\"22604\" data-link=\"https:\/\/elregionalvm.com.ar\/noticias-villa-maria\/?attachment_id=22604\" class=\"wp-image-22604\" srcset=\"https:\/\/i0.wp.com\/elregionalvm.com.ar\/noticias-villa-maria\/wp-content\/uploads\/2020\/08\/incendio-ballesteros-5.jpg?resize=1024%2C577&amp;ssl=1 1024w, https:\/\/i0.wp.com\/elregionalvm.com.ar\/noticias-villa-maria\/wp-content\/uploads\/2020\/08\/incendio-ballesteros-5.jpg?resize=300%2C169&amp;ssl=1 300w, https:\/\/i0.wp.com\/elregionalvm.com.ar\/noticias-villa-maria\/wp-content\/uploads\/2020\/08\/incendio-ballesteros-5.jpg?resize=768%2C432&amp;ssl=1 768w, https:\/\/i0.wp.com\/elregionalvm.com.ar\/noticias-villa-maria\/wp-content\/uploads\/2020\/08\/incendio-ballesteros-5.jpg?resize=1536%2C865&amp;ssl=1 1536w, https:\/\/i0.wp.com\/elregionalvm.com.ar\/noticias-villa-maria\/wp-content\/uploads\/2020\/08\/incendio-ballesteros-5.jpg?w=2048&amp;ssl=1 2048w\" sizes=\"(max-width: 1000px) 100vw, 1000px\" \/><\/figure><\/li><li class=\"blocks-gallery-item\"><figure><img data-recalc-dims=\"1\" decoding=\"async\" width=\"1024\" height=\"577\" src=\"https:\/\/i0.wp.com\/elregionalvm.com.ar\/noticias-villa-maria\/wp-content\/uploads\/2020\/08\/incendio-ballesteros-6.jpg?resize=1024%2C577&#038;ssl=1\" alt=\"\" data-id=\"22605\" data-full-url=\"https:\/\/elregionalvm.com.ar\/noticias-villa-maria\/wp-content\/uploads\/2020\/08\/incendio-ballesteros-6.jpg\" data-link=\"https:\/\/elregionalvm.com.ar\/noticias-villa-maria\/?attachment_id=22605\" class=\"wp-image-22605\" srcset=\"https:\/\/i0.wp.com\/elregionalvm.com.ar\/noticias-villa-maria\/wp-content\/uploads\/2020\/08\/incendio-ballesteros-6.jpg?resize=1024%2C577&amp;ssl=1 1024w, https:\/\/i0.wp.com\/elregionalvm.com.ar\/noticias-villa-maria\/wp-content\/uploads\/2020\/08\/incendio-ballesteros-6.jpg?resize=300%2C169&amp;ssl=1 300w, https:\/\/i0.wp.com\/elregionalvm.com.ar\/noticias-villa-maria\/wp-content\/uploads\/2020\/08\/incendio-ballesteros-6.jpg?resize=768%2C432&amp;ssl=1 768w, https:\/\/i0.wp.com\/elregionalvm.com.ar\/noticias-villa-maria\/wp-content\/uploads\/2020\/08\/incendio-ballesteros-6.jpg?resize=1536%2C865&amp;ssl=1 1536w, https:\/\/i0.wp.com\/elregionalvm.com.ar\/noticias-villa-maria\/wp-content\/uploads\/2020\/08\/incendio-ballesteros-6.jpg?w=2048&amp;ssl=1 2048w\" sizes=\"(max-width: 1000px) 100vw, 1000px\" \/><\/figure><\/li><\/ul><\/figure>\n\n\n\n<p><\/p>\n","protected":false},"excerpt":{"rendered":"<p>Escribe: Gabriela Beck En medio de las noticias que tienen a los bomberos luchando contra el fuego en las sierras de C\u00f3rdoba, a un bombero de la localidad de Ballesteros se le hizo realidad la peor de sus pesadillas: sufri\u00f3 un incendio en su propia vivienda. Siendo las 2.20 de esta madrugada lleg\u00f3 el aviso [&hellip;]<\/p>\n","protected":false},"author":4,"featured_media":22611,"comment_status":"open","ping_status":"open","sticky":false,"template":"","format":"standard","meta":{"site-sidebar-layout":"default","site-content-layout":"default","ast-site-content-layout":"default","site-content-style":"default","site-sidebar-style":"default","ast-global-header-display":"","ast-banner-title-visibility":"","ast-main-header-display":"","ast-hfb-above-header-display":"","ast-hfb-below-header-display":"","ast-hfb-mobile-header-display":"","site-post-title":"","ast-breadcrumbs-content":"","ast-featured-img":"","footer-sml-layout":"","ast-disable-related-posts":"","theme-transparent-header-meta":"default","adv-header-id-meta":"","stick-header-meta":"","header-above-stick-meta":"","header-main-stick-meta":"","header-below-stick-meta":"","astra-migrate-meta-layouts":"default","ast-page-background-enabled":"default","ast-page-background-meta":{"desktop":{"background-color":"","background-image":"","background-repeat":"repeat","background-position":"center center","background-size":"auto","background-attachment":"scroll","background-type":"","background-media":"","overlay-type":"","overlay-color":"","overlay-opacity":"","overlay-gradient":""},"tablet":{"background-color":"","background-image":"","background-repeat":"repeat","background-position":"center center","background-size":"auto","background-attachment":"scroll","background-type":"","background-media":"","overlay-type":"","overlay-color":"","overlay-opacity":"","overlay-gradient":""},"mobile":{"background-color":"","background-image":"","background-repeat":"repeat","background-position":"center center","background-size":"auto","background-attachment":"scroll","background-type":"","background-media":"","overlay-type":"","overlay-color":"","overlay-opacity":"","overlay-gradient":""}},"ast-content-background-meta":{"desktop":{"background-color":"var(--ast-global-color-5)","background-image":"","background-repeat":"repeat","background-position":"center center","background-size":"auto","background-attachment":"scroll","background-type":"","background-media":"","overlay-type":"","overlay-color":"","overlay-opacity":"","overlay-gradient":""},"tablet":{"background-color":"var(--ast-global-color-5)","background-image":"","background-repeat":"repeat","background-position":"center center","background-size":"auto","background-attachment":"scroll","background-type":"","background-media":"","overlay-type":"","overlay-color":"","overlay-opacity":"","overlay-gradient":""},"mobile":{"background-color":"var(--ast-global-color-5)","background-image":"","background-repeat":"repeat","background-position":"center center","background-size":"auto","background-attachment":"scroll","background-type":"","background-media":"","overlay-type":"","overlay-color":"","overlay-opacity":"","overlay-gradient":""}},"_jetpack_memberships_contains_paid_content":false,"_joinchat":[],"footnotes":""},"categories":[2091],"tags":[3527,3524,3525,1232,3530,3526,1464,3529,3528],"class_list":["post-22600","post","type-post","status-publish","format-standard","has-post-thumbnail","hentry","category-region","tag-bombero-herido","tag-bomberos-ballesteros","tag-casa-de-bombero","tag-destacado","tag-emiliano-conti","tag-incendio-garage","tag-juan","tag-perro-de-rescate","tag-perro-de-rescate-muerto"],"yoast_head":"<!-- This site is optimized with the Yoast SEO plugin v26.8 - https:\/\/yoast.com\/product\/yoast-seo-wordpress\/ -->\n<title>Incendio en Ballesteros: un bombero herido y un perro de rescate muerto - El Regional<\/title>\n<meta name=\"robots\" content=\"index, follow, max-snippet:-1, max-image-preview:large, max-video-preview:-1\" \/>\n<link rel=\"canonical\" href=\"http:\/\/elregionalvm.com.ar\/noticias-villa-maria\/incendio-en-ballesteros-un-bombero-herido-y-un-perro-de-rescate-muerto\/\" \/>\n<meta property=\"og:locale\" content=\"es_ES\" \/>\n<meta property=\"og:type\" content=\"article\" \/>\n<meta property=\"og:title\" content=\"Incendio en Ballesteros: un bombero herido y un perro de rescate muerto - El Regional\" \/>\n<meta property=\"og:description\" content=\"Escribe: Gabriela Beck En medio de las noticias que tienen a los bomberos luchando contra el fuego en las sierras de C\u00f3rdoba, a un bombero de la localidad de Ballesteros se le hizo realidad la peor de sus pesadillas: sufri\u00f3 un incendio en su propia vivienda. Siendo las 2.20 de esta madrugada lleg\u00f3 el aviso [&hellip;]\" \/>\n<meta property=\"og:url\" content=\"http:\/\/elregionalvm.com.ar\/noticias-villa-maria\/incendio-en-ballesteros-un-bombero-herido-y-un-perro-de-rescate-muerto\/\" \/>\n<meta property=\"og:site_name\" content=\"El Regional\" \/>\n<meta property=\"article:publisher\" content=\"https:\/\/www.facebook.com\/elregionalvm\" \/>\n<meta property=\"article:published_time\" content=\"2020-08-25T22:15:18+00:00\" \/>\n<meta property=\"article:modified_time\" content=\"2020-08-26T17:40:39+00:00\" \/>\n<meta property=\"og:image\" content=\"http:\/\/elregionalvm.com.ar\/noticias-villa-maria\/wp-content\/uploads\/2020\/08\/incendio-ballesteros-1.jpg\" \/>\n\t<meta property=\"og:image:width\" content=\"2048\" \/>\n\t<meta property=\"og:image:height\" content=\"1153\" \/>\n\t<meta property=\"og:image:type\" content=\"image\/jpeg\" \/>\n<meta name=\"author\" content=\"Contenidos El Regional\" \/>\n<meta name=\"twitter:card\" content=\"summary_large_image\" \/>\n<meta name=\"twitter:creator\" content=\"@elregionalvm1\" \/>\n<meta name=\"twitter:site\" content=\"@elregionalvm1\" \/>\n<meta name=\"twitter:label1\" content=\"Escrito por\" \/>\n\t<meta name=\"twitter:data1\" content=\"Contenidos El Regional\" \/>\n\t<meta name=\"twitter:label2\" content=\"Tiempo de lectura\" \/>\n\t<meta name=\"twitter:data2\" content=\"2 minutos\" \/>\n<script type=\"application\/ld+json\" class=\"yoast-schema-graph\">{\"@context\":\"https:\/\/schema.org\",\"@graph\":[{\"@type\":\"Article\",\"@id\":\"http:\/\/elregionalvm.com.ar\/noticias-villa-maria\/incendio-en-ballesteros-un-bombero-herido-y-un-perro-de-rescate-muerto\/#article\",\"isPartOf\":{\"@id\":\"http:\/\/elregionalvm.com.ar\/noticias-villa-maria\/incendio-en-ballesteros-un-bombero-herido-y-un-perro-de-rescate-muerto\/\"},\"author\":{\"name\":\"Contenidos El Regional\",\"@id\":\"http:\/\/elregionalvm.com.ar\/noticias-villa-maria\/#\/schema\/person\/a0fb9c422317faca23d50163151bc354\"},\"headline\":\"Incendio en Ballesteros: un bombero herido y un perro de rescate muerto\",\"datePublished\":\"2020-08-25T22:15:18+00:00\",\"dateModified\":\"2020-08-26T17:40:39+00:00\",\"mainEntityOfPage\":{\"@id\":\"http:\/\/elregionalvm.com.ar\/noticias-villa-maria\/incendio-en-ballesteros-un-bombero-herido-y-un-perro-de-rescate-muerto\/\"},\"wordCount\":437,\"commentCount\":1,\"image\":{\"@id\":\"http:\/\/elregionalvm.com.ar\/noticias-villa-maria\/incendio-en-ballesteros-un-bombero-herido-y-un-perro-de-rescate-muerto\/#primaryimage\"},\"thumbnailUrl\":\"https:\/\/i0.wp.com\/elregionalvm.com.ar\/noticias-villa-maria\/wp-content\/uploads\/2020\/08\/incendio-ballesteros-1.jpg?fit=2048%2C1153&ssl=1\",\"keywords\":[\"bombero herido\",\"bomberos Ballesteros\",\"casa de bombero\",\"destacado\",\"Emiliano Conti\",\"incendio garage\",\"Juan\",\"perro de rescate\",\"perro de rescate muerto\"],\"articleSection\":[\"Regi\u00f3n\"],\"inLanguage\":\"es\",\"potentialAction\":[{\"@type\":\"CommentAction\",\"name\":\"Comment\",\"target\":[\"http:\/\/elregionalvm.com.ar\/noticias-villa-maria\/incendio-en-ballesteros-un-bombero-herido-y-un-perro-de-rescate-muerto\/#respond\"]}]},{\"@type\":\"WebPage\",\"@id\":\"http:\/\/elregionalvm.com.ar\/noticias-villa-maria\/incendio-en-ballesteros-un-bombero-herido-y-un-perro-de-rescate-muerto\/\",\"url\":\"http:\/\/elregionalvm.com.ar\/noticias-villa-maria\/incendio-en-ballesteros-un-bombero-herido-y-un-perro-de-rescate-muerto\/\",\"name\":\"Incendio en Ballesteros: un bombero herido y un perro de rescate muerto - El Regional\",\"isPartOf\":{\"@id\":\"http:\/\/elregionalvm.com.ar\/noticias-villa-maria\/#website\"},\"primaryImageOfPage\":{\"@id\":\"http:\/\/elregionalvm.com.ar\/noticias-villa-maria\/incendio-en-ballesteros-un-bombero-herido-y-un-perro-de-rescate-muerto\/#primaryimage\"},\"image\":{\"@id\":\"http:\/\/elregionalvm.com.ar\/noticias-villa-maria\/incendio-en-ballesteros-un-bombero-herido-y-un-perro-de-rescate-muerto\/#primaryimage\"},\"thumbnailUrl\":\"https:\/\/i0.wp.com\/elregionalvm.com.ar\/noticias-villa-maria\/wp-content\/uploads\/2020\/08\/incendio-ballesteros-1.jpg?fit=2048%2C1153&ssl=1\",\"datePublished\":\"2020-08-25T22:15:18+00:00\",\"dateModified\":\"2020-08-26T17:40:39+00:00\",\"author\":{\"@id\":\"http:\/\/elregionalvm.com.ar\/noticias-villa-maria\/#\/schema\/person\/a0fb9c422317faca23d50163151bc354\"},\"breadcrumb\":{\"@id\":\"http:\/\/elregionalvm.com.ar\/noticias-villa-maria\/incendio-en-ballesteros-un-bombero-herido-y-un-perro-de-rescate-muerto\/#breadcrumb\"},\"inLanguage\":\"es\",\"potentialAction\":[{\"@type\":\"ReadAction\",\"target\":[\"http:\/\/elregionalvm.com.ar\/noticias-villa-maria\/incendio-en-ballesteros-un-bombero-herido-y-un-perro-de-rescate-muerto\/\"]}]},{\"@type\":\"ImageObject\",\"inLanguage\":\"es\",\"@id\":\"http:\/\/elregionalvm.com.ar\/noticias-villa-maria\/incendio-en-ballesteros-un-bombero-herido-y-un-perro-de-rescate-muerto\/#primaryimage\",\"url\":\"https:\/\/i0.wp.com\/elregionalvm.com.ar\/noticias-villa-maria\/wp-content\/uploads\/2020\/08\/incendio-ballesteros-1.jpg?fit=2048%2C1153&ssl=1\",\"contentUrl\":\"https:\/\/i0.wp.com\/elregionalvm.com.ar\/noticias-villa-maria\/wp-content\/uploads\/2020\/08\/incendio-ballesteros-1.jpg?fit=2048%2C1153&ssl=1\",\"width\":2048,\"height\":1153},{\"@type\":\"BreadcrumbList\",\"@id\":\"http:\/\/elregionalvm.com.ar\/noticias-villa-maria\/incendio-en-ballesteros-un-bombero-herido-y-un-perro-de-rescate-muerto\/#breadcrumb\",\"itemListElement\":[{\"@type\":\"ListItem\",\"position\":1,\"name\":\"Portada\",\"item\":\"https:\/\/elregionalvm.com.ar\/noticias-villa-maria\/\"},{\"@type\":\"ListItem\",\"position\":2,\"name\":\"Incendio en Ballesteros: un bombero herido y un perro de rescate muerto\"}]},{\"@type\":\"WebSite\",\"@id\":\"http:\/\/elregionalvm.com.ar\/noticias-villa-maria\/#website\",\"url\":\"http:\/\/elregionalvm.com.ar\/noticias-villa-maria\/\",\"name\":\"El Regional\",\"description\":\"Mucho m\u00e1s que informaci\u00f3n\",\"potentialAction\":[{\"@type\":\"SearchAction\",\"target\":{\"@type\":\"EntryPoint\",\"urlTemplate\":\"http:\/\/elregionalvm.com.ar\/noticias-villa-maria\/?s={search_term_string}\"},\"query-input\":{\"@type\":\"PropertyValueSpecification\",\"valueRequired\":true,\"valueName\":\"search_term_string\"}}],\"inLanguage\":\"es\"},{\"@type\":\"Person\",\"@id\":\"http:\/\/elregionalvm.com.ar\/noticias-villa-maria\/#\/schema\/person\/a0fb9c422317faca23d50163151bc354\",\"name\":\"Contenidos El Regional\",\"image\":{\"@type\":\"ImageObject\",\"inLanguage\":\"es\",\"@id\":\"http:\/\/elregionalvm.com.ar\/noticias-villa-maria\/#\/schema\/person\/image\/\",\"url\":\"https:\/\/secure.gravatar.com\/avatar\/265b27cb2209af7bb3a1318f03305787d7981a5cc6e6cd08fe5a4ecdf99d4b48?s=96&d=mm&r=g\",\"contentUrl\":\"https:\/\/secure.gravatar.com\/avatar\/265b27cb2209af7bb3a1318f03305787d7981a5cc6e6cd08fe5a4ecdf99d4b48?s=96&d=mm&r=g\",\"caption\":\"Contenidos El Regional\"},\"url\":\"https:\/\/elregionalvm.com.ar\/noticias-villa-maria\/author\/contenido\/\"}]}<\/script>\n<!-- \/ Yoast SEO plugin. -->","yoast_head_json":{"title":"Incendio en Ballesteros: un bombero herido y un perro de rescate muerto - El Regional","robots":{"index":"index","follow":"follow","max-snippet":"max-snippet:-1","max-image-preview":"max-image-preview:large","max-video-preview":"max-video-preview:-1"},"canonical":"http:\/\/elregionalvm.com.ar\/noticias-villa-maria\/incendio-en-ballesteros-un-bombero-herido-y-un-perro-de-rescate-muerto\/","og_locale":"es_ES","og_type":"article","og_title":"Incendio en Ballesteros: un bombero herido y un perro de rescate muerto - El Regional","og_description":"Escribe: Gabriela Beck En medio de las noticias que tienen a los bomberos luchando contra el fuego en las sierras de C\u00f3rdoba, a un bombero de la localidad de Ballesteros se le hizo realidad la peor de sus pesadillas: sufri\u00f3 un incendio en su propia vivienda. Siendo las 2.20 de esta madrugada lleg\u00f3 el aviso [&hellip;]","og_url":"http:\/\/elregionalvm.com.ar\/noticias-villa-maria\/incendio-en-ballesteros-un-bombero-herido-y-un-perro-de-rescate-muerto\/","og_site_name":"El Regional","article_publisher":"https:\/\/www.facebook.com\/elregionalvm","article_published_time":"2020-08-25T22:15:18+00:00","article_modified_time":"2020-08-26T17:40:39+00:00","og_image":[{"width":2048,"height":1153,"url":"http:\/\/elregionalvm.com.ar\/noticias-villa-maria\/wp-content\/uploads\/2020\/08\/incendio-ballesteros-1.jpg","type":"image\/jpeg"}],"author":"Contenidos El Regional","twitter_card":"summary_large_image","twitter_creator":"@elregionalvm1","twitter_site":"@elregionalvm1","twitter_misc":{"Escrito por":"Contenidos El Regional","Tiempo de lectura":"2 minutos"},"schema":{"@context":"https:\/\/schema.org","@graph":[{"@type":"Article","@id":"http:\/\/elregionalvm.com.ar\/noticias-villa-maria\/incendio-en-ballesteros-un-bombero-herido-y-un-perro-de-rescate-muerto\/#article","isPartOf":{"@id":"http:\/\/elregionalvm.com.ar\/noticias-villa-maria\/incendio-en-ballesteros-un-bombero-herido-y-un-perro-de-rescate-muerto\/"},"author":{"name":"Contenidos El Regional","@id":"http:\/\/elregionalvm.com.ar\/noticias-villa-maria\/#\/schema\/person\/a0fb9c422317faca23d50163151bc354"},"headline":"Incendio en Ballesteros: un bombero herido y un perro de rescate muerto","datePublished":"2020-08-25T22:15:18+00:00","dateModified":"2020-08-26T17:40:39+00:00","mainEntityOfPage":{"@id":"http:\/\/elregionalvm.com.ar\/noticias-villa-maria\/incendio-en-ballesteros-un-bombero-herido-y-un-perro-de-rescate-muerto\/"},"wordCount":437,"commentCount":1,"image":{"@id":"http:\/\/elregionalvm.com.ar\/noticias-villa-maria\/incendio-en-ballesteros-un-bombero-herido-y-un-perro-de-rescate-muerto\/#primaryimage"},"thumbnailUrl":"https:\/\/i0.wp.com\/elregionalvm.com.ar\/noticias-villa-maria\/wp-content\/uploads\/2020\/08\/incendio-ballesteros-1.jpg?fit=2048%2C1153&ssl=1","keywords":["bombero herido","bomberos Ballesteros","casa de bombero","destacado","Emiliano Conti","incendio garage","Juan","perro de rescate","perro de rescate muerto"],"articleSection":["Regi\u00f3n"],"inLanguage":"es","potentialAction":[{"@type":"CommentAction","name":"Comment","target":["http:\/\/elregionalvm.com.ar\/noticias-villa-maria\/incendio-en-ballesteros-un-bombero-herido-y-un-perro-de-rescate-muerto\/#respond"]}]},{"@type":"WebPage","@id":"http:\/\/elregionalvm.com.ar\/noticias-villa-maria\/incendio-en-ballesteros-un-bombero-herido-y-un-perro-de-rescate-muerto\/","url":"http:\/\/elregionalvm.com.ar\/noticias-villa-maria\/incendio-en-ballesteros-un-bombero-herido-y-un-perro-de-rescate-muerto\/","name":"Incendio en Ballesteros: un bombero herido y un perro de rescate muerto - El Regional","isPartOf":{"@id":"http:\/\/elregionalvm.com.ar\/noticias-villa-maria\/#website"},"primaryImageOfPage":{"@id":"http:\/\/elregionalvm.com.ar\/noticias-villa-maria\/incendio-en-ballesteros-un-bombero-herido-y-un-perro-de-rescate-muerto\/#primaryimage"},"image":{"@id":"http:\/\/elregionalvm.com.ar\/noticias-villa-maria\/incendio-en-ballesteros-un-bombero-herido-y-un-perro-de-rescate-muerto\/#primaryimage"},"thumbnailUrl":"https:\/\/i0.wp.com\/elregionalvm.com.ar\/noticias-villa-maria\/wp-content\/uploads\/2020\/08\/incendio-ballesteros-1.jpg?fit=2048%2C1153&ssl=1","datePublished":"2020-08-25T22:15:18+00:00","dateModified":"2020-08-26T17:40:39+00:00","author":{"@id":"http:\/\/elregionalvm.com.ar\/noticias-villa-maria\/#\/schema\/person\/a0fb9c422317faca23d50163151bc354"},"breadcrumb":{"@id":"http:\/\/elregionalvm.com.ar\/noticias-villa-maria\/incendio-en-ballesteros-un-bombero-herido-y-un-perro-de-rescate-muerto\/#breadcrumb"},"inLanguage":"es","potentialAction":[{"@type":"ReadAction","target":["http:\/\/elregionalvm.com.ar\/noticias-villa-maria\/incendio-en-ballesteros-un-bombero-herido-y-un-perro-de-rescate-muerto\/"]}]},{"@type":"ImageObject","inLanguage":"es","@id":"http:\/\/elregionalvm.com.ar\/noticias-villa-maria\/incendio-en-ballesteros-un-bombero-herido-y-un-perro-de-rescate-muerto\/#primaryimage","url":"https:\/\/i0.wp.com\/elregionalvm.com.ar\/noticias-villa-maria\/wp-content\/uploads\/2020\/08\/incendio-ballesteros-1.jpg?fit=2048%2C1153&ssl=1","contentUrl":"https:\/\/i0.wp.com\/elregionalvm.com.ar\/noticias-villa-maria\/wp-content\/uploads\/2020\/08\/incendio-ballesteros-1.jpg?fit=2048%2C1153&ssl=1","width":2048,"height":1153},{"@type":"BreadcrumbList","@id":"http:\/\/elregionalvm.com.ar\/noticias-villa-maria\/incendio-en-ballesteros-un-bombero-herido-y-un-perro-de-rescate-muerto\/#breadcrumb","itemListElement":[{"@type":"ListItem","position":1,"name":"Portada","item":"https:\/\/elregionalvm.com.ar\/noticias-villa-maria\/"},{"@type":"ListItem","position":2,"name":"Incendio en Ballesteros: un bombero herido y un perro de rescate muerto"}]},{"@type":"WebSite","@id":"http:\/\/elregionalvm.com.ar\/noticias-villa-maria\/#website","url":"http:\/\/elregionalvm.com.ar\/noticias-villa-maria\/","name":"El Regional","description":"Mucho m\u00e1s que informaci\u00f3n","potentialAction":[{"@type":"SearchAction","target":{"@type":"EntryPoint","urlTemplate":"http:\/\/elregionalvm.com.ar\/noticias-villa-maria\/?s={search_term_string}"},"query-input":{"@type":"PropertyValueSpecification","valueRequired":true,"valueName":"search_term_string"}}],"inLanguage":"es"},{"@type":"Person","@id":"http:\/\/elregionalvm.com.ar\/noticias-villa-maria\/#\/schema\/person\/a0fb9c422317faca23d50163151bc354","name":"Contenidos El Regional","image":{"@type":"ImageObject","inLanguage":"es","@id":"http:\/\/elregionalvm.com.ar\/noticias-villa-maria\/#\/schema\/person\/image\/","url":"https:\/\/secure.gravatar.com\/avatar\/265b27cb2209af7bb3a1318f03305787d7981a5cc6e6cd08fe5a4ecdf99d4b48?s=96&d=mm&r=g","contentUrl":"https:\/\/secure.gravatar.com\/avatar\/265b27cb2209af7bb3a1318f03305787d7981a5cc6e6cd08fe5a4ecdf99d4b48?s=96&d=mm&r=g","caption":"Contenidos El Regional"},"url":"https:\/\/elregionalvm.com.ar\/noticias-villa-maria\/author\/contenido\/"}]}},"jetpack_featured_media_url":"https:\/\/i0.wp.com\/elregionalvm.com.ar\/noticias-villa-maria\/wp-content\/uploads\/2020\/08\/incendio-ballesteros-1.jpg?fit=2048%2C1153&ssl=1","jetpack_sharing_enabled":true,"_links":{"self":[{"href":"https:\/\/elregionalvm.com.ar\/noticias-villa-maria\/wp-json\/wp\/v2\/posts\/22600","targetHints":{"allow":["GET"]}}],"collection":[{"href":"https:\/\/elregionalvm.com.ar\/noticias-villa-maria\/wp-json\/wp\/v2\/posts"}],"about":[{"href":"https:\/\/elregionalvm.com.ar\/noticias-villa-maria\/wp-json\/wp\/v2\/types\/post"}],"author":[{"embeddable":true,"href":"https:\/\/elregionalvm.com.ar\/noticias-villa-maria\/wp-json\/wp\/v2\/users\/4"}],"replies":[{"embeddable":true,"href":"https:\/\/elregionalvm.com.ar\/noticias-villa-maria\/wp-json\/wp\/v2\/comments?post=22600"}],"version-history":[{"count":3,"href":"https:\/\/elregionalvm.com.ar\/noticias-villa-maria\/wp-json\/wp\/v2\/posts\/22600\/revisions"}],"predecessor-version":[{"id":22633,"href":"https:\/\/elregionalvm.com.ar\/noticias-villa-maria\/wp-json\/wp\/v2\/posts\/22600\/revisions\/22633"}],"wp:featuredmedia":[{"embeddable":true,"href":"https:\/\/elregionalvm.com.ar\/noticias-villa-maria\/wp-json\/wp\/v2\/media\/22611"}],"wp:attachment":[{"href":"https:\/\/elregionalvm.com.ar\/noticias-villa-maria\/wp-json\/wp\/v2\/media?parent=22600"}],"wp:term":[{"taxonomy":"category","embeddable":true,"href":"https:\/\/elregionalvm.com.ar\/noticias-villa-maria\/wp-json\/wp\/v2\/categories?post=22600"},{"taxonomy":"post_tag","embeddable":true,"href":"https:\/\/elregionalvm.com.ar\/noticias-villa-maria\/wp-json\/wp\/v2\/tags?post=22600"}],"curies":[{"name":"wp","href":"https:\/\/api.w.org\/{rel}","templated":true}]}}