{"id":22790,"date":"2020-08-28T12:41:04","date_gmt":"2020-08-28T12:41:04","guid":{"rendered":"https:\/\/elregionalvm.com.ar\/noticias-villa-maria\/?p=22790"},"modified":"2020-08-29T21:34:26","modified_gmt":"2020-08-29T21:34:26","slug":"por-que-tanto-odio","status":"publish","type":"post","link":"https:\/\/elregionalvm.com.ar\/noticias-villa-maria\/por-que-tanto-odio\/","title":{"rendered":"\u00bfPor qu\u00e9 tanto odio?"},"content":{"rendered":"\n<p><strong>Escribe: Cristina Pablos<\/strong><\/p>\n\n\n\n<p>Estamos viviendo una \u201cola de odio\u201d que nunca imaginamos nos pasar\u00eda a los argentinos, tan solidarios. Despu\u00e9s de haber librado tantas batallas por la libertad y la igualdad.<\/p>\n\n\n\n<p>Hay familias a las que la ideolog\u00eda o, mejor dicho, el fanatismo, ha separado. Yo misma he perdido buenos amigos por no aceptar mi pensamiento diferente. En la calle, ahora las v\u00edctimas silenciosas son las estatuas y monumentos p\u00fablicos; las decapitan, las lesionan, las arruinan.<\/p>\n\n\n\n<p>Estamos viendo algo que, al menos yo, nunca hab\u00eda visto: se roban los picaportes de los edificios (si son de bronce, mejor), los porteros el\u00e9ctricos, o la baranda de madera de una iglesia en pleno centro porte\u00f1o. Se vandalizan las tumbas.<\/p>\n\n\n\n<p>Lo que sucede es que vemos el odio en nuestra clase pol\u00edtica, en los dirigentes cuando se tiran con los muertos del Covid o en la mism\u00edsima presidente al cortarle el micr\u00f3fono a un opositor en el Senado y, a la siguiente sesi\u00f3n, cuando le dio la palabra y \u00e9l se dirigi\u00f3 a ella dici\u00e9ndole que, con lo que hab\u00eda hecho, le cortaba la voz a 40 millones de argentinos, \u00bfqu\u00e9 hac\u00eda la se\u00f1ora?, le\u00eda distra\u00eddamente unos papeles sin siquiera mirarlo (bueno, eso es mala educaci\u00f3n adem\u00e1s de odio).<\/p>\n\n\n\n<p>Tambi\u00e9n se ve el odio en los menos favorecidos, incitados por un dirigente como Grabois, a tomar tierras ajenas. \u00bfPor qu\u00e9 no se preocuparon, durante los 70 a\u00f1os que fueron gobierno, en darles a los pobres, en vez de planes, viviendas dignas con todos los servicios?<\/p>\n\n\n\n<p>Para referirme a la masiva marcha del 17 A (sobre todo en contra de la reforma judicial a medida) quiero decirle al jefe de gabinete que les pidi\u00f3 \u201cperd\u00f3n a los m\u00e9dicos por no haber podido evitar la marcha\u201d (y el contagio) dos cosas: en la marcha tambi\u00e9n hab\u00eda m\u00e9dicos y \u00bfpor qu\u00e9 no les pagan sueldos dignos? Les dan, como limosna, un bono de $5000 que la mayor\u00eda no recibi\u00f3 cuando a las personas adictas les dan $8.500 (\u00bf?).<\/p>\n\n\n\n<p>Al presidente quiero decirle (ya s\u00e9 que a m\u00ed no me escuchar\u00e1) que no hay peor sordo que el que no quiere o\u00edr. No s\u00f3lo dijo \u201clos que marchan casi nunca tienen raz\u00f3n\u201d (d\u00edgaselo a las organizaciones sociales que hacen piquetes diariamente) y que \u201cno lo doblegar\u00e1n\u201d sino que, a manera de provocaci\u00f3n, al d\u00eda siguiente mand\u00f3 el proyecto de reforma a la comisi\u00f3n que lo estudiar\u00e1 y, en el Senado Parrilli le agreg\u00f3 un art\u00edculo que no s\u00f3lo ataca a los medios de comunicaci\u00f3n, sino que silencia a toda una sociedad con derecho a informarse.<\/p>\n\n\n\n<p>Referido a la conversaci\u00f3n telef\u00f3nica sostenida con el expresidente y con dichos muy fuertes, sean o no ciertos, no es de caballeros hacer p\u00fablica una conversaci\u00f3n privada mantenida con un ex 5 meses despu\u00e9s.<\/p>\n\n\n\n<p>Siento que el presidente est\u00e1 desorientado, tironeado por dos antagonismos, aunque yo lo veo muy decidido por cu\u00e1l se inclina. Tengan cuidado, no jueguen con fuego, pueden terminar calcinados.<\/p>\n\n\n\n<p>La sociedad argentina madur\u00f3 lo suficiente como para impedir el rumbo hacia Venezuela.<\/p>\n","protected":false},"excerpt":{"rendered":"<p>Escribe: Cristina Pablos Estamos viviendo una \u201cola de odio\u201d que nunca imaginamos nos pasar\u00eda a los argentinos, tan solidarios. Despu\u00e9s de haber librado tantas batallas por la libertad y la igualdad. Hay familias a las que la ideolog\u00eda o, mejor dicho, el fanatismo, ha separado. Yo misma he perdido buenos amigos por no aceptar mi [&hellip;]<\/p>\n","protected":false},"author":4,"featured_media":22791,"comment_status":"open","ping_status":"open","sticky":false,"template":"","format":"standard","meta":{"site-sidebar-layout":"default","site-content-layout":"default","ast-site-content-layout":"default","site-content-style":"default","site-sidebar-style":"default","ast-global-header-display":"","ast-banner-title-visibility":"","ast-main-header-display":"","ast-hfb-above-header-display":"","ast-hfb-below-header-display":"","ast-hfb-mobile-header-display":"","site-post-title":"","ast-breadcrumbs-content":"","ast-featured-img":"","footer-sml-layout":"","ast-disable-related-posts":"","theme-transparent-header-meta":"default","adv-header-id-meta":"","stick-header-meta":"","header-above-stick-meta":"","header-main-stick-meta":"","header-below-stick-meta":"","astra-migrate-meta-layouts":"default","ast-page-background-enabled":"default","ast-page-background-meta":{"desktop":{"background-color":"","background-image":"","background-repeat":"repeat","background-position":"center center","background-size":"auto","background-attachment":"scroll","background-type":"","background-media":"","overlay-type":"","overlay-color":"","overlay-opacity":"","overlay-gradient":""},"tablet":{"background-color":"","background-image":"","background-repeat":"repeat","background-position":"center center","background-size":"auto","background-attachment":"scroll","background-type":"","background-media":"","overlay-type":"","overlay-color":"","overlay-opacity":"","overlay-gradient":""},"mobile":{"background-color":"","background-image":"","background-repeat":"repeat","background-position":"center center","background-size":"auto","background-attachment":"scroll","background-type":"","background-media":"","overlay-type":"","overlay-color":"","overlay-opacity":"","overlay-gradient":""}},"ast-content-background-meta":{"desktop":{"background-color":"var(--ast-global-color-5)","background-image":"","background-repeat":"repeat","background-position":"center center","background-size":"auto","background-attachment":"scroll","background-type":"","background-media":"","overlay-type":"","overlay-color":"","overlay-opacity":"","overlay-gradient":""},"tablet":{"background-color":"var(--ast-global-color-5)","background-image":"","background-repeat":"repeat","background-position":"center center","background-size":"auto","background-attachment":"scroll","background-type":"","background-media":"","overlay-type":"","overlay-color":"","overlay-opacity":"","overlay-gradient":""},"mobile":{"background-color":"var(--ast-global-color-5)","background-image":"","background-repeat":"repeat","background-position":"center center","background-size":"auto","background-attachment":"scroll","background-type":"","background-media":"","overlay-type":"","overlay-color":"","overlay-opacity":"","overlay-gradient":""}},"_jetpack_memberships_contains_paid_content":false,"_joinchat":[],"footnotes":""},"categories":[365],"tags":[3368,1470,1926,519,2939],"class_list":["post-22790","post","type-post","status-publish","format-standard","has-post-thumbnail","hentry","category-opinion","tag-ideologia","tag-movilizacion","tag-odio","tag-politica","tag-reforma-judicial"],"yoast_head":"<!-- This site is optimized with the Yoast SEO plugin v26.8 - https:\/\/yoast.com\/product\/yoast-seo-wordpress\/ -->\n<title>\u00bfPor qu\u00e9 tanto odio? - El Regional<\/title>\n<meta name=\"description\" content=\"Estamos viviendo una \u201cola de odio\u201d que nunca imaginamos nos pasar\u00eda a los argentinos. Despu\u00e9s de tantas batallas por la libertad y la igualdad.\" \/>\n<meta name=\"robots\" content=\"index, follow, max-snippet:-1, max-image-preview:large, max-video-preview:-1\" \/>\n<link rel=\"canonical\" href=\"http:\/\/elregionalvm.com.ar\/noticias-villa-maria\/por-que-tanto-odio\/\" \/>\n<meta property=\"og:locale\" content=\"es_ES\" \/>\n<meta property=\"og:type\" content=\"article\" \/>\n<meta property=\"og:title\" content=\"\u00bfPor qu\u00e9 tanto odio? - El Regional\" \/>\n<meta property=\"og:description\" content=\"Estamos viviendo una \u201cola de odio\u201d que nunca imaginamos nos pasar\u00eda a los argentinos. Despu\u00e9s de tantas batallas por la libertad y la igualdad.\" \/>\n<meta property=\"og:url\" content=\"http:\/\/elregionalvm.com.ar\/noticias-villa-maria\/por-que-tanto-odio\/\" \/>\n<meta property=\"og:site_name\" content=\"El Regional\" \/>\n<meta property=\"article:publisher\" content=\"https:\/\/www.facebook.com\/elregionalvm\" \/>\n<meta property=\"article:published_time\" content=\"2020-08-28T12:41:04+00:00\" \/>\n<meta property=\"article:modified_time\" content=\"2020-08-29T21:34:26+00:00\" \/>\n<meta property=\"og:image\" content=\"http:\/\/elregionalvm.com.ar\/noticias-villa-maria\/wp-content\/uploads\/2020\/08\/esos-ojos-preguntan-el-por-que-de-tanto-odio.jpg\" \/>\n\t<meta property=\"og:image:width\" content=\"1250\" \/>\n\t<meta property=\"og:image:height\" content=\"640\" \/>\n\t<meta property=\"og:image:type\" content=\"image\/jpeg\" \/>\n<meta name=\"author\" content=\"Contenidos El Regional\" \/>\n<meta name=\"twitter:card\" content=\"summary_large_image\" \/>\n<meta name=\"twitter:creator\" content=\"@elregionalvm1\" \/>\n<meta name=\"twitter:site\" content=\"@elregionalvm1\" \/>\n<meta name=\"twitter:label1\" content=\"Escrito por\" \/>\n\t<meta name=\"twitter:data1\" content=\"Contenidos El Regional\" \/>\n\t<meta name=\"twitter:label2\" content=\"Tiempo de lectura\" \/>\n\t<meta name=\"twitter:data2\" content=\"3 minutos\" \/>\n<script type=\"application\/ld+json\" class=\"yoast-schema-graph\">{\"@context\":\"https:\/\/schema.org\",\"@graph\":[{\"@type\":\"Article\",\"@id\":\"http:\/\/elregionalvm.com.ar\/noticias-villa-maria\/por-que-tanto-odio\/#article\",\"isPartOf\":{\"@id\":\"http:\/\/elregionalvm.com.ar\/noticias-villa-maria\/por-que-tanto-odio\/\"},\"author\":{\"name\":\"Contenidos El Regional\",\"@id\":\"http:\/\/elregionalvm.com.ar\/noticias-villa-maria\/#\/schema\/person\/a0fb9c422317faca23d50163151bc354\"},\"headline\":\"\u00bfPor qu\u00e9 tanto odio?\",\"datePublished\":\"2020-08-28T12:41:04+00:00\",\"dateModified\":\"2020-08-29T21:34:26+00:00\",\"mainEntityOfPage\":{\"@id\":\"http:\/\/elregionalvm.com.ar\/noticias-villa-maria\/por-que-tanto-odio\/\"},\"wordCount\":546,\"commentCount\":1,\"image\":{\"@id\":\"http:\/\/elregionalvm.com.ar\/noticias-villa-maria\/por-que-tanto-odio\/#primaryimage\"},\"thumbnailUrl\":\"https:\/\/i0.wp.com\/elregionalvm.com.ar\/noticias-villa-maria\/wp-content\/uploads\/2020\/08\/esos-ojos-preguntan-el-por-que-de-tanto-odio.jpg?fit=1250%2C640&ssl=1\",\"keywords\":[\"Ideolog\u00eda\",\"movilizaci\u00f3n\",\"odio\",\"Pol\u00edtica\",\"Reforma judicial\"],\"articleSection\":[\"Opini\u00f3n\"],\"inLanguage\":\"es\",\"potentialAction\":[{\"@type\":\"CommentAction\",\"name\":\"Comment\",\"target\":[\"http:\/\/elregionalvm.com.ar\/noticias-villa-maria\/por-que-tanto-odio\/#respond\"]}]},{\"@type\":\"WebPage\",\"@id\":\"http:\/\/elregionalvm.com.ar\/noticias-villa-maria\/por-que-tanto-odio\/\",\"url\":\"http:\/\/elregionalvm.com.ar\/noticias-villa-maria\/por-que-tanto-odio\/\",\"name\":\"\u00bfPor qu\u00e9 tanto odio? - El Regional\",\"isPartOf\":{\"@id\":\"http:\/\/elregionalvm.com.ar\/noticias-villa-maria\/#website\"},\"primaryImageOfPage\":{\"@id\":\"http:\/\/elregionalvm.com.ar\/noticias-villa-maria\/por-que-tanto-odio\/#primaryimage\"},\"image\":{\"@id\":\"http:\/\/elregionalvm.com.ar\/noticias-villa-maria\/por-que-tanto-odio\/#primaryimage\"},\"thumbnailUrl\":\"https:\/\/i0.wp.com\/elregionalvm.com.ar\/noticias-villa-maria\/wp-content\/uploads\/2020\/08\/esos-ojos-preguntan-el-por-que-de-tanto-odio.jpg?fit=1250%2C640&ssl=1\",\"datePublished\":\"2020-08-28T12:41:04+00:00\",\"dateModified\":\"2020-08-29T21:34:26+00:00\",\"author\":{\"@id\":\"http:\/\/elregionalvm.com.ar\/noticias-villa-maria\/#\/schema\/person\/a0fb9c422317faca23d50163151bc354\"},\"description\":\"Estamos viviendo una \u201cola de odio\u201d que nunca imaginamos nos pasar\u00eda a los argentinos. Despu\u00e9s de tantas batallas por la libertad y la igualdad.\",\"breadcrumb\":{\"@id\":\"http:\/\/elregionalvm.com.ar\/noticias-villa-maria\/por-que-tanto-odio\/#breadcrumb\"},\"inLanguage\":\"es\",\"potentialAction\":[{\"@type\":\"ReadAction\",\"target\":[\"http:\/\/elregionalvm.com.ar\/noticias-villa-maria\/por-que-tanto-odio\/\"]}]},{\"@type\":\"ImageObject\",\"inLanguage\":\"es\",\"@id\":\"http:\/\/elregionalvm.com.ar\/noticias-villa-maria\/por-que-tanto-odio\/#primaryimage\",\"url\":\"https:\/\/i0.wp.com\/elregionalvm.com.ar\/noticias-villa-maria\/wp-content\/uploads\/2020\/08\/esos-ojos-preguntan-el-por-que-de-tanto-odio.jpg?fit=1250%2C640&ssl=1\",\"contentUrl\":\"https:\/\/i0.wp.com\/elregionalvm.com.ar\/noticias-villa-maria\/wp-content\/uploads\/2020\/08\/esos-ojos-preguntan-el-por-que-de-tanto-odio.jpg?fit=1250%2C640&ssl=1\",\"width\":1250,\"height\":640},{\"@type\":\"BreadcrumbList\",\"@id\":\"http:\/\/elregionalvm.com.ar\/noticias-villa-maria\/por-que-tanto-odio\/#breadcrumb\",\"itemListElement\":[{\"@type\":\"ListItem\",\"position\":1,\"name\":\"Portada\",\"item\":\"https:\/\/elregionalvm.com.ar\/noticias-villa-maria\/\"},{\"@type\":\"ListItem\",\"position\":2,\"name\":\"\u00bfPor qu\u00e9 tanto odio?\"}]},{\"@type\":\"WebSite\",\"@id\":\"http:\/\/elregionalvm.com.ar\/noticias-villa-maria\/#website\",\"url\":\"http:\/\/elregionalvm.com.ar\/noticias-villa-maria\/\",\"name\":\"El Regional\",\"description\":\"Mucho m\u00e1s que informaci\u00f3n\",\"potentialAction\":[{\"@type\":\"SearchAction\",\"target\":{\"@type\":\"EntryPoint\",\"urlTemplate\":\"http:\/\/elregionalvm.com.ar\/noticias-villa-maria\/?s={search_term_string}\"},\"query-input\":{\"@type\":\"PropertyValueSpecification\",\"valueRequired\":true,\"valueName\":\"search_term_string\"}}],\"inLanguage\":\"es\"},{\"@type\":\"Person\",\"@id\":\"http:\/\/elregionalvm.com.ar\/noticias-villa-maria\/#\/schema\/person\/a0fb9c422317faca23d50163151bc354\",\"name\":\"Contenidos El Regional\",\"image\":{\"@type\":\"ImageObject\",\"inLanguage\":\"es\",\"@id\":\"http:\/\/elregionalvm.com.ar\/noticias-villa-maria\/#\/schema\/person\/image\/\",\"url\":\"https:\/\/secure.gravatar.com\/avatar\/265b27cb2209af7bb3a1318f03305787d7981a5cc6e6cd08fe5a4ecdf99d4b48?s=96&d=mm&r=g\",\"contentUrl\":\"https:\/\/secure.gravatar.com\/avatar\/265b27cb2209af7bb3a1318f03305787d7981a5cc6e6cd08fe5a4ecdf99d4b48?s=96&d=mm&r=g\",\"caption\":\"Contenidos El Regional\"},\"url\":\"https:\/\/elregionalvm.com.ar\/noticias-villa-maria\/author\/contenido\/\"}]}<\/script>\n<!-- \/ Yoast SEO plugin. -->","yoast_head_json":{"title":"\u00bfPor qu\u00e9 tanto odio? - El Regional","description":"Estamos viviendo una \u201cola de odio\u201d que nunca imaginamos nos pasar\u00eda a los argentinos. Despu\u00e9s de tantas batallas por la libertad y la igualdad.","robots":{"index":"index","follow":"follow","max-snippet":"max-snippet:-1","max-image-preview":"max-image-preview:large","max-video-preview":"max-video-preview:-1"},"canonical":"http:\/\/elregionalvm.com.ar\/noticias-villa-maria\/por-que-tanto-odio\/","og_locale":"es_ES","og_type":"article","og_title":"\u00bfPor qu\u00e9 tanto odio? - El Regional","og_description":"Estamos viviendo una \u201cola de odio\u201d que nunca imaginamos nos pasar\u00eda a los argentinos. Despu\u00e9s de tantas batallas por la libertad y la igualdad.","og_url":"http:\/\/elregionalvm.com.ar\/noticias-villa-maria\/por-que-tanto-odio\/","og_site_name":"El Regional","article_publisher":"https:\/\/www.facebook.com\/elregionalvm","article_published_time":"2020-08-28T12:41:04+00:00","article_modified_time":"2020-08-29T21:34:26+00:00","og_image":[{"width":1250,"height":640,"url":"http:\/\/elregionalvm.com.ar\/noticias-villa-maria\/wp-content\/uploads\/2020\/08\/esos-ojos-preguntan-el-por-que-de-tanto-odio.jpg","type":"image\/jpeg"}],"author":"Contenidos El Regional","twitter_card":"summary_large_image","twitter_creator":"@elregionalvm1","twitter_site":"@elregionalvm1","twitter_misc":{"Escrito por":"Contenidos El Regional","Tiempo de lectura":"3 minutos"},"schema":{"@context":"https:\/\/schema.org","@graph":[{"@type":"Article","@id":"http:\/\/elregionalvm.com.ar\/noticias-villa-maria\/por-que-tanto-odio\/#article","isPartOf":{"@id":"http:\/\/elregionalvm.com.ar\/noticias-villa-maria\/por-que-tanto-odio\/"},"author":{"name":"Contenidos El Regional","@id":"http:\/\/elregionalvm.com.ar\/noticias-villa-maria\/#\/schema\/person\/a0fb9c422317faca23d50163151bc354"},"headline":"\u00bfPor qu\u00e9 tanto odio?","datePublished":"2020-08-28T12:41:04+00:00","dateModified":"2020-08-29T21:34:26+00:00","mainEntityOfPage":{"@id":"http:\/\/elregionalvm.com.ar\/noticias-villa-maria\/por-que-tanto-odio\/"},"wordCount":546,"commentCount":1,"image":{"@id":"http:\/\/elregionalvm.com.ar\/noticias-villa-maria\/por-que-tanto-odio\/#primaryimage"},"thumbnailUrl":"https:\/\/i0.wp.com\/elregionalvm.com.ar\/noticias-villa-maria\/wp-content\/uploads\/2020\/08\/esos-ojos-preguntan-el-por-que-de-tanto-odio.jpg?fit=1250%2C640&ssl=1","keywords":["Ideolog\u00eda","movilizaci\u00f3n","odio","Pol\u00edtica","Reforma judicial"],"articleSection":["Opini\u00f3n"],"inLanguage":"es","potentialAction":[{"@type":"CommentAction","name":"Comment","target":["http:\/\/elregionalvm.com.ar\/noticias-villa-maria\/por-que-tanto-odio\/#respond"]}]},{"@type":"WebPage","@id":"http:\/\/elregionalvm.com.ar\/noticias-villa-maria\/por-que-tanto-odio\/","url":"http:\/\/elregionalvm.com.ar\/noticias-villa-maria\/por-que-tanto-odio\/","name":"\u00bfPor qu\u00e9 tanto odio? - El Regional","isPartOf":{"@id":"http:\/\/elregionalvm.com.ar\/noticias-villa-maria\/#website"},"primaryImageOfPage":{"@id":"http:\/\/elregionalvm.com.ar\/noticias-villa-maria\/por-que-tanto-odio\/#primaryimage"},"image":{"@id":"http:\/\/elregionalvm.com.ar\/noticias-villa-maria\/por-que-tanto-odio\/#primaryimage"},"thumbnailUrl":"https:\/\/i0.wp.com\/elregionalvm.com.ar\/noticias-villa-maria\/wp-content\/uploads\/2020\/08\/esos-ojos-preguntan-el-por-que-de-tanto-odio.jpg?fit=1250%2C640&ssl=1","datePublished":"2020-08-28T12:41:04+00:00","dateModified":"2020-08-29T21:34:26+00:00","author":{"@id":"http:\/\/elregionalvm.com.ar\/noticias-villa-maria\/#\/schema\/person\/a0fb9c422317faca23d50163151bc354"},"description":"Estamos viviendo una \u201cola de odio\u201d que nunca imaginamos nos pasar\u00eda a los argentinos. Despu\u00e9s de tantas batallas por la libertad y la igualdad.","breadcrumb":{"@id":"http:\/\/elregionalvm.com.ar\/noticias-villa-maria\/por-que-tanto-odio\/#breadcrumb"},"inLanguage":"es","potentialAction":[{"@type":"ReadAction","target":["http:\/\/elregionalvm.com.ar\/noticias-villa-maria\/por-que-tanto-odio\/"]}]},{"@type":"ImageObject","inLanguage":"es","@id":"http:\/\/elregionalvm.com.ar\/noticias-villa-maria\/por-que-tanto-odio\/#primaryimage","url":"https:\/\/i0.wp.com\/elregionalvm.com.ar\/noticias-villa-maria\/wp-content\/uploads\/2020\/08\/esos-ojos-preguntan-el-por-que-de-tanto-odio.jpg?fit=1250%2C640&ssl=1","contentUrl":"https:\/\/i0.wp.com\/elregionalvm.com.ar\/noticias-villa-maria\/wp-content\/uploads\/2020\/08\/esos-ojos-preguntan-el-por-que-de-tanto-odio.jpg?fit=1250%2C640&ssl=1","width":1250,"height":640},{"@type":"BreadcrumbList","@id":"http:\/\/elregionalvm.com.ar\/noticias-villa-maria\/por-que-tanto-odio\/#breadcrumb","itemListElement":[{"@type":"ListItem","position":1,"name":"Portada","item":"https:\/\/elregionalvm.com.ar\/noticias-villa-maria\/"},{"@type":"ListItem","position":2,"name":"\u00bfPor qu\u00e9 tanto odio?"}]},{"@type":"WebSite","@id":"http:\/\/elregionalvm.com.ar\/noticias-villa-maria\/#website","url":"http:\/\/elregionalvm.com.ar\/noticias-villa-maria\/","name":"El Regional","description":"Mucho m\u00e1s que informaci\u00f3n","potentialAction":[{"@type":"SearchAction","target":{"@type":"EntryPoint","urlTemplate":"http:\/\/elregionalvm.com.ar\/noticias-villa-maria\/?s={search_term_string}"},"query-input":{"@type":"PropertyValueSpecification","valueRequired":true,"valueName":"search_term_string"}}],"inLanguage":"es"},{"@type":"Person","@id":"http:\/\/elregionalvm.com.ar\/noticias-villa-maria\/#\/schema\/person\/a0fb9c422317faca23d50163151bc354","name":"Contenidos El Regional","image":{"@type":"ImageObject","inLanguage":"es","@id":"http:\/\/elregionalvm.com.ar\/noticias-villa-maria\/#\/schema\/person\/image\/","url":"https:\/\/secure.gravatar.com\/avatar\/265b27cb2209af7bb3a1318f03305787d7981a5cc6e6cd08fe5a4ecdf99d4b48?s=96&d=mm&r=g","contentUrl":"https:\/\/secure.gravatar.com\/avatar\/265b27cb2209af7bb3a1318f03305787d7981a5cc6e6cd08fe5a4ecdf99d4b48?s=96&d=mm&r=g","caption":"Contenidos El Regional"},"url":"https:\/\/elregionalvm.com.ar\/noticias-villa-maria\/author\/contenido\/"}]}},"jetpack_featured_media_url":"https:\/\/i0.wp.com\/elregionalvm.com.ar\/noticias-villa-maria\/wp-content\/uploads\/2020\/08\/esos-ojos-preguntan-el-por-que-de-tanto-odio.jpg?fit=1250%2C640&ssl=1","jetpack_sharing_enabled":true,"_links":{"self":[{"href":"https:\/\/elregionalvm.com.ar\/noticias-villa-maria\/wp-json\/wp\/v2\/posts\/22790","targetHints":{"allow":["GET"]}}],"collection":[{"href":"https:\/\/elregionalvm.com.ar\/noticias-villa-maria\/wp-json\/wp\/v2\/posts"}],"about":[{"href":"https:\/\/elregionalvm.com.ar\/noticias-villa-maria\/wp-json\/wp\/v2\/types\/post"}],"author":[{"embeddable":true,"href":"https:\/\/elregionalvm.com.ar\/noticias-villa-maria\/wp-json\/wp\/v2\/users\/4"}],"replies":[{"embeddable":true,"href":"https:\/\/elregionalvm.com.ar\/noticias-villa-maria\/wp-json\/wp\/v2\/comments?post=22790"}],"version-history":[{"count":1,"href":"https:\/\/elregionalvm.com.ar\/noticias-villa-maria\/wp-json\/wp\/v2\/posts\/22790\/revisions"}],"predecessor-version":[{"id":22792,"href":"https:\/\/elregionalvm.com.ar\/noticias-villa-maria\/wp-json\/wp\/v2\/posts\/22790\/revisions\/22792"}],"wp:featuredmedia":[{"embeddable":true,"href":"https:\/\/elregionalvm.com.ar\/noticias-villa-maria\/wp-json\/wp\/v2\/media\/22791"}],"wp:attachment":[{"href":"https:\/\/elregionalvm.com.ar\/noticias-villa-maria\/wp-json\/wp\/v2\/media?parent=22790"}],"wp:term":[{"taxonomy":"category","embeddable":true,"href":"https:\/\/elregionalvm.com.ar\/noticias-villa-maria\/wp-json\/wp\/v2\/categories?post=22790"},{"taxonomy":"post_tag","embeddable":true,"href":"https:\/\/elregionalvm.com.ar\/noticias-villa-maria\/wp-json\/wp\/v2\/tags?post=22790"}],"curies":[{"name":"wp","href":"https:\/\/api.w.org\/{rel}","templated":true}]}}