{"id":22811,"date":"2020-08-28T17:55:08","date_gmt":"2020-08-28T17:55:08","guid":{"rendered":"https:\/\/elregionalvm.com.ar\/noticias-villa-maria\/?p=22811"},"modified":"2020-08-28T17:55:09","modified_gmt":"2020-08-28T17:55:09","slug":"reuniones-prohibidas-habra-mas-controles-y-procesos-penales-para-infractores","status":"publish","type":"post","link":"https:\/\/elregionalvm.com.ar\/noticias-villa-maria\/reuniones-prohibidas-habra-mas-controles-y-procesos-penales-para-infractores\/","title":{"rendered":"Reuniones prohibidas: habr\u00e1 m\u00e1s controles y procesos penales para infractores"},"content":{"rendered":"\n<p>En una reuni\u00f3n cumbre entre las autoridades pol\u00edticas, judiciales, policiales y sanitarias del conglomerado Villa Mar\u00eda y Villa Nueva, se anunci\u00f3 a la sociedad mayores medidas de control y el endurecimiento del accionar de la Justicia.<\/p>\n\n\n\n<p>\u201cDesde las tres fiscal\u00edas se ha dispuesto hacer un cumplimiento estricto de todo lo que es el aislamiento social, preventivo y obligatorio. Aquel que no cumpla tendr\u00e1 el proceso penal que estipula el C\u00f3digo Penal\u201d, remarc\u00f3 la fiscal de Segundo Turno, Juliana Companys.<\/p>\n\n\n\n<p>La funcionaria judicial particip\u00f3 junto con sus pares Ren\u00e9 Bosio y Silvia Maldonado de una conferencia donde se lanzaron las advertencias contra los organizadores y participantes de reuniones sociales y familiares, prohibidas en el marco de la emergencia sanitaria por la pandemia.<\/p>\n\n\n\n<p>Tambi\u00e9n estuvieron los intendentes de ambas ciudades, Pablo Rosso y Natalio Graglia, el titular del COE Regional, Sergio Arroyo, representantes de las fuerzas de seguridad nacionales, provinciales y municipales y distintos funcionarios.<\/p>\n\n\n\n<p>\u201cSe decidi\u00f3 profundizar los controles para desactivar o accionar sobre aquellas personas que realicen reuniones familiares, sociales o juntadas en domicilio, lugares de donde salen la mayor cantidad de contactos estrechos y en donde se producen m\u00e1s contagios\u201d, destac\u00f3 el parte de prensa municipal. &nbsp;<\/p>\n\n\n\n<p>En este sentido, se comunic\u00f3 que ser\u00e1 responsable tanto el adolescente, joven o adulto que realice una fiesta o reuni\u00f3n en un domicilio, como tambi\u00e9n el titular de la vivienda. \u201cTambi\u00e9n es responsable de permitir la juntada, lo que produce que hoy tengamos los n\u00fameros que tenemos\u201d, se indic\u00f3.<\/p>\n\n\n\n<p><strong>Las razones<\/strong><\/p>\n\n\n\n<p>El crecimiento en la cantidad de casos y de contactos estrechos, con la consecuente aceleraci\u00f3n de la tasa de duplicaci\u00f3n de casos, son los motivos que fundamentan esta decisi\u00f3n conjunta de caer con todo el peso de la ley contra infractores a las normativas.&nbsp;<\/p>\n\n\n\n<p>Seg\u00fan se inform\u00f3, los principales portadores del virus son j\u00f3venes entre 20 y 30 a\u00f1os en Villa Mar\u00eda y entre 18 y 25 en Villa Nueva, que comienzan a propagarlo en adultos mayores.<\/p>\n\n\n\n<p>\u201cLos contactos estrechos que inicialmente ten\u00edan eran sus pares j\u00f3venes, pero la variable que tenemos actualmente es que empiezan a ser familiares o personas mayores de 55 a\u00f1os o con enfermedades concomitantes\u201d, dijo Arroyo.<\/p>\n\n\n\n<p>De los aproximadamente 400 contactos estrechos que hay al d\u00eda de la fecha, \u201cya pasamos el 33% de estas personas que son vulnerables frente a esta enfermedad\u201d agreg\u00f3 el m\u00e9dico.<\/p>\n\n\n\n<p>Adem\u00e1s, explic\u00f3 que, con una curva que se mantenga amesetada, condiciona y prev\u00e9 el impacto que tendr\u00e1 este grupo vulnerable sobre la asistencia sanitaria, fundamentalmente en el uso de camas cr\u00edticas.<\/p>\n\n\n\n<p>\u201cQue quede claro, estamos todos juntos y queremos cuidar a nuestros ciudadanos y las flexibilizaciones que hemos alcanzado\u201d, manifest\u00f3 Rosso.<\/p>\n\n\n\n<p><strong>Controles<\/strong><\/p>\n\n\n\n<p>En cuanto a los controles, estar\u00e1n a cargo de personal de la Polic\u00eda de C\u00f3rdoba; Gendarmer\u00eda Nacional; Polic\u00eda Federal y Seguridad Ciudadana de ambos municipios.<\/p>\n\n\n\n<p>Estas fuerzas llevar\u00e1n adelante los procedimientos, en tanto las Fiscal\u00edas har\u00e1n lo propio con los procesos penales a quienes violen el aislamiento.<\/p>\n","protected":false},"excerpt":{"rendered":"<p>En una reuni\u00f3n cumbre entre las autoridades pol\u00edticas, judiciales, policiales y sanitarias del conglomerado Villa Mar\u00eda y Villa Nueva, se anunci\u00f3 a la sociedad mayores medidas de control y el endurecimiento del accionar de la Justicia. \u201cDesde las tres fiscal\u00edas se ha dispuesto hacer un cumplimiento estricto de todo lo que es el aislamiento social, [&hellip;]<\/p>\n","protected":false},"author":4,"featured_media":22812,"comment_status":"open","ping_status":"open","sticky":false,"template":"","format":"standard","meta":{"site-sidebar-layout":"default","site-content-layout":"default","ast-site-content-layout":"default","site-content-style":"default","site-sidebar-style":"default","ast-global-header-display":"","ast-banner-title-visibility":"","ast-main-header-display":"","ast-hfb-above-header-display":"","ast-hfb-below-header-display":"","ast-hfb-mobile-header-display":"","site-post-title":"","ast-breadcrumbs-content":"","ast-featured-img":"","footer-sml-layout":"","ast-disable-related-posts":"","theme-transparent-header-meta":"default","adv-header-id-meta":"","stick-header-meta":"","header-above-stick-meta":"","header-main-stick-meta":"","header-below-stick-meta":"","astra-migrate-meta-layouts":"default","ast-page-background-enabled":"default","ast-page-background-meta":{"desktop":{"background-color":"","background-image":"","background-repeat":"repeat","background-position":"center center","background-size":"auto","background-attachment":"scroll","background-type":"","background-media":"","overlay-type":"","overlay-color":"","overlay-opacity":"","overlay-gradient":""},"tablet":{"background-color":"","background-image":"","background-repeat":"repeat","background-position":"center center","background-size":"auto","background-attachment":"scroll","background-type":"","background-media":"","overlay-type":"","overlay-color":"","overlay-opacity":"","overlay-gradient":""},"mobile":{"background-color":"","background-image":"","background-repeat":"repeat","background-position":"center center","background-size":"auto","background-attachment":"scroll","background-type":"","background-media":"","overlay-type":"","overlay-color":"","overlay-opacity":"","overlay-gradient":""}},"ast-content-background-meta":{"desktop":{"background-color":"var(--ast-global-color-5)","background-image":"","background-repeat":"repeat","background-position":"center center","background-size":"auto","background-attachment":"scroll","background-type":"","background-media":"","overlay-type":"","overlay-color":"","overlay-opacity":"","overlay-gradient":""},"tablet":{"background-color":"var(--ast-global-color-5)","background-image":"","background-repeat":"repeat","background-position":"center center","background-size":"auto","background-attachment":"scroll","background-type":"","background-media":"","overlay-type":"","overlay-color":"","overlay-opacity":"","overlay-gradient":""},"mobile":{"background-color":"var(--ast-global-color-5)","background-image":"","background-repeat":"repeat","background-position":"center center","background-size":"auto","background-attachment":"scroll","background-type":"","background-media":"","overlay-type":"","overlay-color":"","overlay-opacity":"","overlay-gradient":""}},"_jetpack_memberships_contains_paid_content":false,"_joinchat":[],"footnotes":""},"categories":[2256,2323,2],"tags":[2519,2345,2717,1998,3580,2208,3264],"class_list":["post-22811","post","type-post","status-publish","format-standard","has-post-thumbnail","hentry","category-coronavirus","category-notas-secundarias","category-villa-maria","tag-aislamiento","tag-controles","tag-infractores","tag-pandemia","tag-procesos-penales","tag-reuniones-familiares","tag-reuniones-sociales"],"yoast_head":"<!-- This site is optimized with the Yoast SEO plugin v26.8 - https:\/\/yoast.com\/product\/yoast-seo-wordpress\/ -->\n<title>Reuniones prohibidas: habr\u00e1 m\u00e1s controles y procesos penales para infractores - El Regional<\/title>\n<meta name=\"description\" content=\"En una reuni\u00f3n cumbre, se anunci\u00f3 a la sociedad mayores medidas de control y el endurecimiento del accionar de la Justicia.\" \/>\n<meta name=\"robots\" content=\"index, follow, max-snippet:-1, max-image-preview:large, max-video-preview:-1\" \/>\n<link rel=\"canonical\" href=\"http:\/\/elregionalvm.com.ar\/noticias-villa-maria\/reuniones-prohibidas-habra-mas-controles-y-procesos-penales-para-infractores\/\" \/>\n<meta property=\"og:locale\" content=\"es_ES\" \/>\n<meta property=\"og:type\" content=\"article\" \/>\n<meta property=\"og:title\" content=\"Reuniones prohibidas: habr\u00e1 m\u00e1s controles y procesos penales para infractores - El Regional\" \/>\n<meta property=\"og:description\" content=\"En una reuni\u00f3n cumbre, se anunci\u00f3 a la sociedad mayores medidas de control y el endurecimiento del accionar de la Justicia.\" \/>\n<meta property=\"og:url\" content=\"http:\/\/elregionalvm.com.ar\/noticias-villa-maria\/reuniones-prohibidas-habra-mas-controles-y-procesos-penales-para-infractores\/\" \/>\n<meta property=\"og:site_name\" content=\"El Regional\" \/>\n<meta property=\"article:publisher\" content=\"https:\/\/www.facebook.com\/elregionalvm\" \/>\n<meta property=\"article:published_time\" content=\"2020-08-28T17:55:08+00:00\" \/>\n<meta property=\"article:modified_time\" content=\"2020-08-28T17:55:09+00:00\" \/>\n<meta property=\"og:image\" content=\"http:\/\/elregionalvm.com.ar\/noticias-villa-maria\/wp-content\/uploads\/2020\/08\/Rosso-autoridades-procesos-penales-reuniones.jpeg\" \/>\n\t<meta property=\"og:image:width\" content=\"1115\" \/>\n\t<meta property=\"og:image:height\" content=\"718\" \/>\n\t<meta property=\"og:image:type\" content=\"image\/jpeg\" \/>\n<meta name=\"author\" content=\"Contenidos El Regional\" \/>\n<meta name=\"twitter:card\" content=\"summary_large_image\" \/>\n<meta name=\"twitter:creator\" content=\"@elregionalvm1\" \/>\n<meta name=\"twitter:site\" content=\"@elregionalvm1\" \/>\n<meta name=\"twitter:label1\" content=\"Escrito por\" \/>\n\t<meta name=\"twitter:data1\" content=\"Contenidos El Regional\" \/>\n\t<meta name=\"twitter:label2\" content=\"Tiempo de lectura\" \/>\n\t<meta name=\"twitter:data2\" content=\"3 minutos\" \/>\n<script type=\"application\/ld+json\" class=\"yoast-schema-graph\">{\"@context\":\"https:\/\/schema.org\",\"@graph\":[{\"@type\":\"Article\",\"@id\":\"http:\/\/elregionalvm.com.ar\/noticias-villa-maria\/reuniones-prohibidas-habra-mas-controles-y-procesos-penales-para-infractores\/#article\",\"isPartOf\":{\"@id\":\"http:\/\/elregionalvm.com.ar\/noticias-villa-maria\/reuniones-prohibidas-habra-mas-controles-y-procesos-penales-para-infractores\/\"},\"author\":{\"name\":\"Contenidos El Regional\",\"@id\":\"http:\/\/elregionalvm.com.ar\/noticias-villa-maria\/#\/schema\/person\/a0fb9c422317faca23d50163151bc354\"},\"headline\":\"Reuniones prohibidas: habr\u00e1 m\u00e1s controles y procesos penales para infractores\",\"datePublished\":\"2020-08-28T17:55:08+00:00\",\"dateModified\":\"2020-08-28T17:55:09+00:00\",\"mainEntityOfPage\":{\"@id\":\"http:\/\/elregionalvm.com.ar\/noticias-villa-maria\/reuniones-prohibidas-habra-mas-controles-y-procesos-penales-para-infractores\/\"},\"wordCount\":527,\"commentCount\":0,\"image\":{\"@id\":\"http:\/\/elregionalvm.com.ar\/noticias-villa-maria\/reuniones-prohibidas-habra-mas-controles-y-procesos-penales-para-infractores\/#primaryimage\"},\"thumbnailUrl\":\"https:\/\/i0.wp.com\/elregionalvm.com.ar\/noticias-villa-maria\/wp-content\/uploads\/2020\/08\/Rosso-autoridades-procesos-penales-reuniones.jpeg?fit=1115%2C718&ssl=1\",\"keywords\":[\"aislamiento\",\"controles\",\"Infractores\",\"pandemia\",\"procesos penales\",\"Reuniones familiares\",\"Reuniones sociales\"],\"articleSection\":[\"Coronavirus\",\"Notas\",\"Villa Mar\u00eda\"],\"inLanguage\":\"es\",\"potentialAction\":[{\"@type\":\"CommentAction\",\"name\":\"Comment\",\"target\":[\"http:\/\/elregionalvm.com.ar\/noticias-villa-maria\/reuniones-prohibidas-habra-mas-controles-y-procesos-penales-para-infractores\/#respond\"]}]},{\"@type\":\"WebPage\",\"@id\":\"http:\/\/elregionalvm.com.ar\/noticias-villa-maria\/reuniones-prohibidas-habra-mas-controles-y-procesos-penales-para-infractores\/\",\"url\":\"http:\/\/elregionalvm.com.ar\/noticias-villa-maria\/reuniones-prohibidas-habra-mas-controles-y-procesos-penales-para-infractores\/\",\"name\":\"Reuniones prohibidas: habr\u00e1 m\u00e1s controles y procesos penales para infractores - El Regional\",\"isPartOf\":{\"@id\":\"http:\/\/elregionalvm.com.ar\/noticias-villa-maria\/#website\"},\"primaryImageOfPage\":{\"@id\":\"http:\/\/elregionalvm.com.ar\/noticias-villa-maria\/reuniones-prohibidas-habra-mas-controles-y-procesos-penales-para-infractores\/#primaryimage\"},\"image\":{\"@id\":\"http:\/\/elregionalvm.com.ar\/noticias-villa-maria\/reuniones-prohibidas-habra-mas-controles-y-procesos-penales-para-infractores\/#primaryimage\"},\"thumbnailUrl\":\"https:\/\/i0.wp.com\/elregionalvm.com.ar\/noticias-villa-maria\/wp-content\/uploads\/2020\/08\/Rosso-autoridades-procesos-penales-reuniones.jpeg?fit=1115%2C718&ssl=1\",\"datePublished\":\"2020-08-28T17:55:08+00:00\",\"dateModified\":\"2020-08-28T17:55:09+00:00\",\"author\":{\"@id\":\"http:\/\/elregionalvm.com.ar\/noticias-villa-maria\/#\/schema\/person\/a0fb9c422317faca23d50163151bc354\"},\"description\":\"En una reuni\u00f3n cumbre, se anunci\u00f3 a la sociedad mayores medidas de control y el endurecimiento del accionar de la Justicia.\",\"breadcrumb\":{\"@id\":\"http:\/\/elregionalvm.com.ar\/noticias-villa-maria\/reuniones-prohibidas-habra-mas-controles-y-procesos-penales-para-infractores\/#breadcrumb\"},\"inLanguage\":\"es\",\"potentialAction\":[{\"@type\":\"ReadAction\",\"target\":[\"http:\/\/elregionalvm.com.ar\/noticias-villa-maria\/reuniones-prohibidas-habra-mas-controles-y-procesos-penales-para-infractores\/\"]}]},{\"@type\":\"ImageObject\",\"inLanguage\":\"es\",\"@id\":\"http:\/\/elregionalvm.com.ar\/noticias-villa-maria\/reuniones-prohibidas-habra-mas-controles-y-procesos-penales-para-infractores\/#primaryimage\",\"url\":\"https:\/\/i0.wp.com\/elregionalvm.com.ar\/noticias-villa-maria\/wp-content\/uploads\/2020\/08\/Rosso-autoridades-procesos-penales-reuniones.jpeg?fit=1115%2C718&ssl=1\",\"contentUrl\":\"https:\/\/i0.wp.com\/elregionalvm.com.ar\/noticias-villa-maria\/wp-content\/uploads\/2020\/08\/Rosso-autoridades-procesos-penales-reuniones.jpeg?fit=1115%2C718&ssl=1\",\"width\":1115,\"height\":718},{\"@type\":\"BreadcrumbList\",\"@id\":\"http:\/\/elregionalvm.com.ar\/noticias-villa-maria\/reuniones-prohibidas-habra-mas-controles-y-procesos-penales-para-infractores\/#breadcrumb\",\"itemListElement\":[{\"@type\":\"ListItem\",\"position\":1,\"name\":\"Portada\",\"item\":\"https:\/\/elregionalvm.com.ar\/noticias-villa-maria\/\"},{\"@type\":\"ListItem\",\"position\":2,\"name\":\"Reuniones prohibidas: habr\u00e1 m\u00e1s controles y procesos penales para infractores\"}]},{\"@type\":\"WebSite\",\"@id\":\"http:\/\/elregionalvm.com.ar\/noticias-villa-maria\/#website\",\"url\":\"http:\/\/elregionalvm.com.ar\/noticias-villa-maria\/\",\"name\":\"El Regional\",\"description\":\"Mucho m\u00e1s que informaci\u00f3n\",\"potentialAction\":[{\"@type\":\"SearchAction\",\"target\":{\"@type\":\"EntryPoint\",\"urlTemplate\":\"http:\/\/elregionalvm.com.ar\/noticias-villa-maria\/?s={search_term_string}\"},\"query-input\":{\"@type\":\"PropertyValueSpecification\",\"valueRequired\":true,\"valueName\":\"search_term_string\"}}],\"inLanguage\":\"es\"},{\"@type\":\"Person\",\"@id\":\"http:\/\/elregionalvm.com.ar\/noticias-villa-maria\/#\/schema\/person\/a0fb9c422317faca23d50163151bc354\",\"name\":\"Contenidos El Regional\",\"image\":{\"@type\":\"ImageObject\",\"inLanguage\":\"es\",\"@id\":\"http:\/\/elregionalvm.com.ar\/noticias-villa-maria\/#\/schema\/person\/image\/\",\"url\":\"https:\/\/secure.gravatar.com\/avatar\/265b27cb2209af7bb3a1318f03305787d7981a5cc6e6cd08fe5a4ecdf99d4b48?s=96&d=mm&r=g\",\"contentUrl\":\"https:\/\/secure.gravatar.com\/avatar\/265b27cb2209af7bb3a1318f03305787d7981a5cc6e6cd08fe5a4ecdf99d4b48?s=96&d=mm&r=g\",\"caption\":\"Contenidos El Regional\"},\"url\":\"https:\/\/elregionalvm.com.ar\/noticias-villa-maria\/author\/contenido\/\"}]}<\/script>\n<!-- \/ Yoast SEO plugin. -->","yoast_head_json":{"title":"Reuniones prohibidas: habr\u00e1 m\u00e1s controles y procesos penales para infractores - El Regional","description":"En una reuni\u00f3n cumbre, se anunci\u00f3 a la sociedad mayores medidas de control y el endurecimiento del accionar de la Justicia.","robots":{"index":"index","follow":"follow","max-snippet":"max-snippet:-1","max-image-preview":"max-image-preview:large","max-video-preview":"max-video-preview:-1"},"canonical":"http:\/\/elregionalvm.com.ar\/noticias-villa-maria\/reuniones-prohibidas-habra-mas-controles-y-procesos-penales-para-infractores\/","og_locale":"es_ES","og_type":"article","og_title":"Reuniones prohibidas: habr\u00e1 m\u00e1s controles y procesos penales para infractores - El Regional","og_description":"En una reuni\u00f3n cumbre, se anunci\u00f3 a la sociedad mayores medidas de control y el endurecimiento del accionar de la Justicia.","og_url":"http:\/\/elregionalvm.com.ar\/noticias-villa-maria\/reuniones-prohibidas-habra-mas-controles-y-procesos-penales-para-infractores\/","og_site_name":"El Regional","article_publisher":"https:\/\/www.facebook.com\/elregionalvm","article_published_time":"2020-08-28T17:55:08+00:00","article_modified_time":"2020-08-28T17:55:09+00:00","og_image":[{"width":1115,"height":718,"url":"http:\/\/elregionalvm.com.ar\/noticias-villa-maria\/wp-content\/uploads\/2020\/08\/Rosso-autoridades-procesos-penales-reuniones.jpeg","type":"image\/jpeg"}],"author":"Contenidos El Regional","twitter_card":"summary_large_image","twitter_creator":"@elregionalvm1","twitter_site":"@elregionalvm1","twitter_misc":{"Escrito por":"Contenidos El Regional","Tiempo de lectura":"3 minutos"},"schema":{"@context":"https:\/\/schema.org","@graph":[{"@type":"Article","@id":"http:\/\/elregionalvm.com.ar\/noticias-villa-maria\/reuniones-prohibidas-habra-mas-controles-y-procesos-penales-para-infractores\/#article","isPartOf":{"@id":"http:\/\/elregionalvm.com.ar\/noticias-villa-maria\/reuniones-prohibidas-habra-mas-controles-y-procesos-penales-para-infractores\/"},"author":{"name":"Contenidos El Regional","@id":"http:\/\/elregionalvm.com.ar\/noticias-villa-maria\/#\/schema\/person\/a0fb9c422317faca23d50163151bc354"},"headline":"Reuniones prohibidas: habr\u00e1 m\u00e1s controles y procesos penales para infractores","datePublished":"2020-08-28T17:55:08+00:00","dateModified":"2020-08-28T17:55:09+00:00","mainEntityOfPage":{"@id":"http:\/\/elregionalvm.com.ar\/noticias-villa-maria\/reuniones-prohibidas-habra-mas-controles-y-procesos-penales-para-infractores\/"},"wordCount":527,"commentCount":0,"image":{"@id":"http:\/\/elregionalvm.com.ar\/noticias-villa-maria\/reuniones-prohibidas-habra-mas-controles-y-procesos-penales-para-infractores\/#primaryimage"},"thumbnailUrl":"https:\/\/i0.wp.com\/elregionalvm.com.ar\/noticias-villa-maria\/wp-content\/uploads\/2020\/08\/Rosso-autoridades-procesos-penales-reuniones.jpeg?fit=1115%2C718&ssl=1","keywords":["aislamiento","controles","Infractores","pandemia","procesos penales","Reuniones familiares","Reuniones sociales"],"articleSection":["Coronavirus","Notas","Villa Mar\u00eda"],"inLanguage":"es","potentialAction":[{"@type":"CommentAction","name":"Comment","target":["http:\/\/elregionalvm.com.ar\/noticias-villa-maria\/reuniones-prohibidas-habra-mas-controles-y-procesos-penales-para-infractores\/#respond"]}]},{"@type":"WebPage","@id":"http:\/\/elregionalvm.com.ar\/noticias-villa-maria\/reuniones-prohibidas-habra-mas-controles-y-procesos-penales-para-infractores\/","url":"http:\/\/elregionalvm.com.ar\/noticias-villa-maria\/reuniones-prohibidas-habra-mas-controles-y-procesos-penales-para-infractores\/","name":"Reuniones prohibidas: habr\u00e1 m\u00e1s controles y procesos penales para infractores - El Regional","isPartOf":{"@id":"http:\/\/elregionalvm.com.ar\/noticias-villa-maria\/#website"},"primaryImageOfPage":{"@id":"http:\/\/elregionalvm.com.ar\/noticias-villa-maria\/reuniones-prohibidas-habra-mas-controles-y-procesos-penales-para-infractores\/#primaryimage"},"image":{"@id":"http:\/\/elregionalvm.com.ar\/noticias-villa-maria\/reuniones-prohibidas-habra-mas-controles-y-procesos-penales-para-infractores\/#primaryimage"},"thumbnailUrl":"https:\/\/i0.wp.com\/elregionalvm.com.ar\/noticias-villa-maria\/wp-content\/uploads\/2020\/08\/Rosso-autoridades-procesos-penales-reuniones.jpeg?fit=1115%2C718&ssl=1","datePublished":"2020-08-28T17:55:08+00:00","dateModified":"2020-08-28T17:55:09+00:00","author":{"@id":"http:\/\/elregionalvm.com.ar\/noticias-villa-maria\/#\/schema\/person\/a0fb9c422317faca23d50163151bc354"},"description":"En una reuni\u00f3n cumbre, se anunci\u00f3 a la sociedad mayores medidas de control y el endurecimiento del accionar de la Justicia.","breadcrumb":{"@id":"http:\/\/elregionalvm.com.ar\/noticias-villa-maria\/reuniones-prohibidas-habra-mas-controles-y-procesos-penales-para-infractores\/#breadcrumb"},"inLanguage":"es","potentialAction":[{"@type":"ReadAction","target":["http:\/\/elregionalvm.com.ar\/noticias-villa-maria\/reuniones-prohibidas-habra-mas-controles-y-procesos-penales-para-infractores\/"]}]},{"@type":"ImageObject","inLanguage":"es","@id":"http:\/\/elregionalvm.com.ar\/noticias-villa-maria\/reuniones-prohibidas-habra-mas-controles-y-procesos-penales-para-infractores\/#primaryimage","url":"https:\/\/i0.wp.com\/elregionalvm.com.ar\/noticias-villa-maria\/wp-content\/uploads\/2020\/08\/Rosso-autoridades-procesos-penales-reuniones.jpeg?fit=1115%2C718&ssl=1","contentUrl":"https:\/\/i0.wp.com\/elregionalvm.com.ar\/noticias-villa-maria\/wp-content\/uploads\/2020\/08\/Rosso-autoridades-procesos-penales-reuniones.jpeg?fit=1115%2C718&ssl=1","width":1115,"height":718},{"@type":"BreadcrumbList","@id":"http:\/\/elregionalvm.com.ar\/noticias-villa-maria\/reuniones-prohibidas-habra-mas-controles-y-procesos-penales-para-infractores\/#breadcrumb","itemListElement":[{"@type":"ListItem","position":1,"name":"Portada","item":"https:\/\/elregionalvm.com.ar\/noticias-villa-maria\/"},{"@type":"ListItem","position":2,"name":"Reuniones prohibidas: habr\u00e1 m\u00e1s controles y procesos penales para infractores"}]},{"@type":"WebSite","@id":"http:\/\/elregionalvm.com.ar\/noticias-villa-maria\/#website","url":"http:\/\/elregionalvm.com.ar\/noticias-villa-maria\/","name":"El Regional","description":"Mucho m\u00e1s que informaci\u00f3n","potentialAction":[{"@type":"SearchAction","target":{"@type":"EntryPoint","urlTemplate":"http:\/\/elregionalvm.com.ar\/noticias-villa-maria\/?s={search_term_string}"},"query-input":{"@type":"PropertyValueSpecification","valueRequired":true,"valueName":"search_term_string"}}],"inLanguage":"es"},{"@type":"Person","@id":"http:\/\/elregionalvm.com.ar\/noticias-villa-maria\/#\/schema\/person\/a0fb9c422317faca23d50163151bc354","name":"Contenidos El Regional","image":{"@type":"ImageObject","inLanguage":"es","@id":"http:\/\/elregionalvm.com.ar\/noticias-villa-maria\/#\/schema\/person\/image\/","url":"https:\/\/secure.gravatar.com\/avatar\/265b27cb2209af7bb3a1318f03305787d7981a5cc6e6cd08fe5a4ecdf99d4b48?s=96&d=mm&r=g","contentUrl":"https:\/\/secure.gravatar.com\/avatar\/265b27cb2209af7bb3a1318f03305787d7981a5cc6e6cd08fe5a4ecdf99d4b48?s=96&d=mm&r=g","caption":"Contenidos El Regional"},"url":"https:\/\/elregionalvm.com.ar\/noticias-villa-maria\/author\/contenido\/"}]}},"jetpack_featured_media_url":"https:\/\/i0.wp.com\/elregionalvm.com.ar\/noticias-villa-maria\/wp-content\/uploads\/2020\/08\/Rosso-autoridades-procesos-penales-reuniones.jpeg?fit=1115%2C718&ssl=1","jetpack_sharing_enabled":true,"_links":{"self":[{"href":"https:\/\/elregionalvm.com.ar\/noticias-villa-maria\/wp-json\/wp\/v2\/posts\/22811","targetHints":{"allow":["GET"]}}],"collection":[{"href":"https:\/\/elregionalvm.com.ar\/noticias-villa-maria\/wp-json\/wp\/v2\/posts"}],"about":[{"href":"https:\/\/elregionalvm.com.ar\/noticias-villa-maria\/wp-json\/wp\/v2\/types\/post"}],"author":[{"embeddable":true,"href":"https:\/\/elregionalvm.com.ar\/noticias-villa-maria\/wp-json\/wp\/v2\/users\/4"}],"replies":[{"embeddable":true,"href":"https:\/\/elregionalvm.com.ar\/noticias-villa-maria\/wp-json\/wp\/v2\/comments?post=22811"}],"version-history":[{"count":1,"href":"https:\/\/elregionalvm.com.ar\/noticias-villa-maria\/wp-json\/wp\/v2\/posts\/22811\/revisions"}],"predecessor-version":[{"id":22813,"href":"https:\/\/elregionalvm.com.ar\/noticias-villa-maria\/wp-json\/wp\/v2\/posts\/22811\/revisions\/22813"}],"wp:featuredmedia":[{"embeddable":true,"href":"https:\/\/elregionalvm.com.ar\/noticias-villa-maria\/wp-json\/wp\/v2\/media\/22812"}],"wp:attachment":[{"href":"https:\/\/elregionalvm.com.ar\/noticias-villa-maria\/wp-json\/wp\/v2\/media?parent=22811"}],"wp:term":[{"taxonomy":"category","embeddable":true,"href":"https:\/\/elregionalvm.com.ar\/noticias-villa-maria\/wp-json\/wp\/v2\/categories?post=22811"},{"taxonomy":"post_tag","embeddable":true,"href":"https:\/\/elregionalvm.com.ar\/noticias-villa-maria\/wp-json\/wp\/v2\/tags?post=22811"}],"curies":[{"name":"wp","href":"https:\/\/api.w.org\/{rel}","templated":true}]}}