{"id":22814,"date":"2020-08-28T18:11:34","date_gmt":"2020-08-28T18:11:34","guid":{"rendered":"https:\/\/elregionalvm.com.ar\/noticias-villa-maria\/?p=22814"},"modified":"2020-08-28T18:11:35","modified_gmt":"2020-08-28T18:11:35","slug":"agentes-sanitarias-aborigenes-trabajaran-en-municipios-saludables","status":"publish","type":"post","link":"https:\/\/elregionalvm.com.ar\/noticias-villa-maria\/agentes-sanitarias-aborigenes-trabajaran-en-municipios-saludables\/","title":{"rendered":"Agentes sanitarias abor\u00edgenes trabajar\u00e1n en Municipios Saludables"},"content":{"rendered":"\n<p>Autoridades de la Secretar\u00eda de Relaciones Institucionales y Pol\u00edticas Sociales de Villa Nueva se reunieron con agentes sanitarias abor\u00edgenes que vienen trabajando desde hace varios a\u00f1os en la ciudad.<\/p>\n\n\n\n<p>La intenci\u00f3n es integrarlas al trabajo que se viene desarrollando en el marco del Programa de Municipios Saludables, inform\u00f3 el gobierno villanovense.<\/p>\n\n\n\n<p>El secretario del \u00e1rea, Mauro Bizzarri, junto al subsecretario, Franco Graglia, y la directora de Relaciones Institucionales, Marina Luna, se reunieron con Patricia Cornejo, Karina Morales y Silvia D\u00edaz. <\/p>\n\n\n\n<p>Con ellas se establecer\u00e1 un trabajo conjunto, en busca de acercar las pol\u00edticas del estado villanovense al territorio.<\/p>\n","protected":false},"excerpt":{"rendered":"<p>Autoridades de la Secretar\u00eda de Relaciones Institucionales y Pol\u00edticas Sociales de Villa Nueva se reunieron con agentes sanitarias abor\u00edgenes que vienen trabajando desde hace varios a\u00f1os en la ciudad. La intenci\u00f3n es integrarlas al trabajo que se viene desarrollando en el marco del Programa de Municipios Saludables, inform\u00f3 el gobierno villanovense. El secretario del \u00e1rea, [&hellip;]<\/p>\n","protected":false},"author":4,"featured_media":22815,"comment_status":"open","ping_status":"open","sticky":false,"template":"","format":"standard","meta":{"site-sidebar-layout":"default","site-content-layout":"default","ast-site-content-layout":"default","site-content-style":"default","site-sidebar-style":"default","ast-global-header-display":"","ast-banner-title-visibility":"","ast-main-header-display":"","ast-hfb-above-header-display":"","ast-hfb-below-header-display":"","ast-hfb-mobile-header-display":"","site-post-title":"","ast-breadcrumbs-content":"","ast-featured-img":"","footer-sml-layout":"","ast-disable-related-posts":"","theme-transparent-header-meta":"default","adv-header-id-meta":"","stick-header-meta":"","header-above-stick-meta":"","header-main-stick-meta":"","header-below-stick-meta":"","astra-migrate-meta-layouts":"default","ast-page-background-enabled":"default","ast-page-background-meta":{"desktop":{"background-color":"","background-image":"","background-repeat":"repeat","background-position":"center center","background-size":"auto","background-attachment":"scroll","background-type":"","background-media":"","overlay-type":"","overlay-color":"","overlay-opacity":"","overlay-gradient":""},"tablet":{"background-color":"","background-image":"","background-repeat":"repeat","background-position":"center center","background-size":"auto","background-attachment":"scroll","background-type":"","background-media":"","overlay-type":"","overlay-color":"","overlay-opacity":"","overlay-gradient":""},"mobile":{"background-color":"","background-image":"","background-repeat":"repeat","background-position":"center center","background-size":"auto","background-attachment":"scroll","background-type":"","background-media":"","overlay-type":"","overlay-color":"","overlay-opacity":"","overlay-gradient":""}},"ast-content-background-meta":{"desktop":{"background-color":"var(--ast-global-color-5)","background-image":"","background-repeat":"repeat","background-position":"center center","background-size":"auto","background-attachment":"scroll","background-type":"","background-media":"","overlay-type":"","overlay-color":"","overlay-opacity":"","overlay-gradient":""},"tablet":{"background-color":"var(--ast-global-color-5)","background-image":"","background-repeat":"repeat","background-position":"center center","background-size":"auto","background-attachment":"scroll","background-type":"","background-media":"","overlay-type":"","overlay-color":"","overlay-opacity":"","overlay-gradient":""},"mobile":{"background-color":"var(--ast-global-color-5)","background-image":"","background-repeat":"repeat","background-position":"center center","background-size":"auto","background-attachment":"scroll","background-type":"","background-media":"","overlay-type":"","overlay-color":"","overlay-opacity":"","overlay-gradient":""}},"_jetpack_memberships_contains_paid_content":false,"_joinchat":[],"footnotes":""},"categories":[1408],"tags":[3581,3292,232],"class_list":["post-22814","post","type-post","status-publish","format-standard","has-post-thumbnail","hentry","category-villa-nueva","tag-agentes-sanitarias-aborigenes","tag-municipios-saludables","tag-villa-nueva"],"yoast_head":"<!-- This site is optimized with the Yoast SEO plugin v26.8 - https:\/\/yoast.com\/product\/yoast-seo-wordpress\/ -->\n<title>Agentes sanitarias abor\u00edgenes trabajar\u00e1n en Municipios Saludables - El Regional<\/title>\n<meta name=\"description\" content=\"Autoridades municipales se reunieron con agentes sanitarias abor\u00edgenes que vienen trabajando desde hace varios a\u00f1os en esa ciudad.\" \/>\n<meta name=\"robots\" content=\"index, follow, max-snippet:-1, max-image-preview:large, max-video-preview:-1\" \/>\n<link rel=\"canonical\" href=\"http:\/\/elregionalvm.com.ar\/noticias-villa-maria\/agentes-sanitarias-aborigenes-trabajaran-en-municipios-saludables\/\" \/>\n<meta property=\"og:locale\" content=\"es_ES\" \/>\n<meta property=\"og:type\" content=\"article\" \/>\n<meta property=\"og:title\" content=\"Agentes sanitarias abor\u00edgenes trabajar\u00e1n en Municipios Saludables - El Regional\" \/>\n<meta property=\"og:description\" content=\"Autoridades municipales se reunieron con agentes sanitarias abor\u00edgenes que vienen trabajando desde hace varios a\u00f1os en esa ciudad.\" \/>\n<meta property=\"og:url\" content=\"http:\/\/elregionalvm.com.ar\/noticias-villa-maria\/agentes-sanitarias-aborigenes-trabajaran-en-municipios-saludables\/\" \/>\n<meta property=\"og:site_name\" content=\"El Regional\" \/>\n<meta property=\"article:publisher\" content=\"https:\/\/www.facebook.com\/elregionalvm\" \/>\n<meta property=\"article:published_time\" content=\"2020-08-28T18:11:34+00:00\" \/>\n<meta property=\"article:modified_time\" content=\"2020-08-28T18:11:35+00:00\" \/>\n<meta property=\"og:image\" content=\"http:\/\/elregionalvm.com.ar\/noticias-villa-maria\/wp-content\/uploads\/2020\/08\/VN-agentes-sanitarias-abor\u00edgenes.jpeg\" \/>\n\t<meta property=\"og:image:width\" content=\"1280\" \/>\n\t<meta property=\"og:image:height\" content=\"720\" \/>\n\t<meta property=\"og:image:type\" content=\"image\/jpeg\" \/>\n<meta name=\"author\" content=\"Contenidos El Regional\" \/>\n<meta name=\"twitter:card\" content=\"summary_large_image\" \/>\n<meta name=\"twitter:creator\" content=\"@elregionalvm1\" \/>\n<meta name=\"twitter:site\" content=\"@elregionalvm1\" \/>\n<meta name=\"twitter:label1\" content=\"Escrito por\" \/>\n\t<meta name=\"twitter:data1\" content=\"Contenidos El Regional\" \/>\n\t<meta name=\"twitter:label2\" content=\"Tiempo de lectura\" \/>\n\t<meta name=\"twitter:data2\" content=\"1 minuto\" \/>\n<script type=\"application\/ld+json\" class=\"yoast-schema-graph\">{\"@context\":\"https:\/\/schema.org\",\"@graph\":[{\"@type\":\"Article\",\"@id\":\"http:\/\/elregionalvm.com.ar\/noticias-villa-maria\/agentes-sanitarias-aborigenes-trabajaran-en-municipios-saludables\/#article\",\"isPartOf\":{\"@id\":\"http:\/\/elregionalvm.com.ar\/noticias-villa-maria\/agentes-sanitarias-aborigenes-trabajaran-en-municipios-saludables\/\"},\"author\":{\"name\":\"Contenidos El Regional\",\"@id\":\"http:\/\/elregionalvm.com.ar\/noticias-villa-maria\/#\/schema\/person\/a0fb9c422317faca23d50163151bc354\"},\"headline\":\"Agentes sanitarias abor\u00edgenes trabajar\u00e1n en Municipios Saludables\",\"datePublished\":\"2020-08-28T18:11:34+00:00\",\"dateModified\":\"2020-08-28T18:11:35+00:00\",\"mainEntityOfPage\":{\"@id\":\"http:\/\/elregionalvm.com.ar\/noticias-villa-maria\/agentes-sanitarias-aborigenes-trabajaran-en-municipios-saludables\/\"},\"wordCount\":114,\"commentCount\":0,\"image\":{\"@id\":\"http:\/\/elregionalvm.com.ar\/noticias-villa-maria\/agentes-sanitarias-aborigenes-trabajaran-en-municipios-saludables\/#primaryimage\"},\"thumbnailUrl\":\"https:\/\/i0.wp.com\/elregionalvm.com.ar\/noticias-villa-maria\/wp-content\/uploads\/2020\/08\/VN-agentes-sanitarias-abor%C3%ADgenes.jpeg?fit=1280%2C720&ssl=1\",\"keywords\":[\"Agentes sanitarias abor\u00edgenes\",\"Municipios saludables\",\"VILLA NUEVA\"],\"articleSection\":[\"Villa Nueva\"],\"inLanguage\":\"es\",\"potentialAction\":[{\"@type\":\"CommentAction\",\"name\":\"Comment\",\"target\":[\"http:\/\/elregionalvm.com.ar\/noticias-villa-maria\/agentes-sanitarias-aborigenes-trabajaran-en-municipios-saludables\/#respond\"]}]},{\"@type\":\"WebPage\",\"@id\":\"http:\/\/elregionalvm.com.ar\/noticias-villa-maria\/agentes-sanitarias-aborigenes-trabajaran-en-municipios-saludables\/\",\"url\":\"http:\/\/elregionalvm.com.ar\/noticias-villa-maria\/agentes-sanitarias-aborigenes-trabajaran-en-municipios-saludables\/\",\"name\":\"Agentes sanitarias abor\u00edgenes trabajar\u00e1n en Municipios Saludables - El Regional\",\"isPartOf\":{\"@id\":\"http:\/\/elregionalvm.com.ar\/noticias-villa-maria\/#website\"},\"primaryImageOfPage\":{\"@id\":\"http:\/\/elregionalvm.com.ar\/noticias-villa-maria\/agentes-sanitarias-aborigenes-trabajaran-en-municipios-saludables\/#primaryimage\"},\"image\":{\"@id\":\"http:\/\/elregionalvm.com.ar\/noticias-villa-maria\/agentes-sanitarias-aborigenes-trabajaran-en-municipios-saludables\/#primaryimage\"},\"thumbnailUrl\":\"https:\/\/i0.wp.com\/elregionalvm.com.ar\/noticias-villa-maria\/wp-content\/uploads\/2020\/08\/VN-agentes-sanitarias-abor%C3%ADgenes.jpeg?fit=1280%2C720&ssl=1\",\"datePublished\":\"2020-08-28T18:11:34+00:00\",\"dateModified\":\"2020-08-28T18:11:35+00:00\",\"author\":{\"@id\":\"http:\/\/elregionalvm.com.ar\/noticias-villa-maria\/#\/schema\/person\/a0fb9c422317faca23d50163151bc354\"},\"description\":\"Autoridades municipales se reunieron con agentes sanitarias abor\u00edgenes que vienen trabajando desde hace varios a\u00f1os en esa ciudad.\",\"breadcrumb\":{\"@id\":\"http:\/\/elregionalvm.com.ar\/noticias-villa-maria\/agentes-sanitarias-aborigenes-trabajaran-en-municipios-saludables\/#breadcrumb\"},\"inLanguage\":\"es\",\"potentialAction\":[{\"@type\":\"ReadAction\",\"target\":[\"http:\/\/elregionalvm.com.ar\/noticias-villa-maria\/agentes-sanitarias-aborigenes-trabajaran-en-municipios-saludables\/\"]}]},{\"@type\":\"ImageObject\",\"inLanguage\":\"es\",\"@id\":\"http:\/\/elregionalvm.com.ar\/noticias-villa-maria\/agentes-sanitarias-aborigenes-trabajaran-en-municipios-saludables\/#primaryimage\",\"url\":\"https:\/\/i0.wp.com\/elregionalvm.com.ar\/noticias-villa-maria\/wp-content\/uploads\/2020\/08\/VN-agentes-sanitarias-abor%C3%ADgenes.jpeg?fit=1280%2C720&ssl=1\",\"contentUrl\":\"https:\/\/i0.wp.com\/elregionalvm.com.ar\/noticias-villa-maria\/wp-content\/uploads\/2020\/08\/VN-agentes-sanitarias-abor%C3%ADgenes.jpeg?fit=1280%2C720&ssl=1\",\"width\":1280,\"height\":720},{\"@type\":\"BreadcrumbList\",\"@id\":\"http:\/\/elregionalvm.com.ar\/noticias-villa-maria\/agentes-sanitarias-aborigenes-trabajaran-en-municipios-saludables\/#breadcrumb\",\"itemListElement\":[{\"@type\":\"ListItem\",\"position\":1,\"name\":\"Portada\",\"item\":\"https:\/\/elregionalvm.com.ar\/noticias-villa-maria\/\"},{\"@type\":\"ListItem\",\"position\":2,\"name\":\"Agentes sanitarias abor\u00edgenes trabajar\u00e1n en Municipios Saludables\"}]},{\"@type\":\"WebSite\",\"@id\":\"http:\/\/elregionalvm.com.ar\/noticias-villa-maria\/#website\",\"url\":\"http:\/\/elregionalvm.com.ar\/noticias-villa-maria\/\",\"name\":\"El Regional\",\"description\":\"Mucho m\u00e1s que informaci\u00f3n\",\"potentialAction\":[{\"@type\":\"SearchAction\",\"target\":{\"@type\":\"EntryPoint\",\"urlTemplate\":\"http:\/\/elregionalvm.com.ar\/noticias-villa-maria\/?s={search_term_string}\"},\"query-input\":{\"@type\":\"PropertyValueSpecification\",\"valueRequired\":true,\"valueName\":\"search_term_string\"}}],\"inLanguage\":\"es\"},{\"@type\":\"Person\",\"@id\":\"http:\/\/elregionalvm.com.ar\/noticias-villa-maria\/#\/schema\/person\/a0fb9c422317faca23d50163151bc354\",\"name\":\"Contenidos El Regional\",\"image\":{\"@type\":\"ImageObject\",\"inLanguage\":\"es\",\"@id\":\"http:\/\/elregionalvm.com.ar\/noticias-villa-maria\/#\/schema\/person\/image\/\",\"url\":\"https:\/\/secure.gravatar.com\/avatar\/265b27cb2209af7bb3a1318f03305787d7981a5cc6e6cd08fe5a4ecdf99d4b48?s=96&d=mm&r=g\",\"contentUrl\":\"https:\/\/secure.gravatar.com\/avatar\/265b27cb2209af7bb3a1318f03305787d7981a5cc6e6cd08fe5a4ecdf99d4b48?s=96&d=mm&r=g\",\"caption\":\"Contenidos El Regional\"},\"url\":\"https:\/\/elregionalvm.com.ar\/noticias-villa-maria\/author\/contenido\/\"}]}<\/script>\n<!-- \/ Yoast SEO plugin. -->","yoast_head_json":{"title":"Agentes sanitarias abor\u00edgenes trabajar\u00e1n en Municipios Saludables - El Regional","description":"Autoridades municipales se reunieron con agentes sanitarias abor\u00edgenes que vienen trabajando desde hace varios a\u00f1os en esa ciudad.","robots":{"index":"index","follow":"follow","max-snippet":"max-snippet:-1","max-image-preview":"max-image-preview:large","max-video-preview":"max-video-preview:-1"},"canonical":"http:\/\/elregionalvm.com.ar\/noticias-villa-maria\/agentes-sanitarias-aborigenes-trabajaran-en-municipios-saludables\/","og_locale":"es_ES","og_type":"article","og_title":"Agentes sanitarias abor\u00edgenes trabajar\u00e1n en Municipios Saludables - El Regional","og_description":"Autoridades municipales se reunieron con agentes sanitarias abor\u00edgenes que vienen trabajando desde hace varios a\u00f1os en esa ciudad.","og_url":"http:\/\/elregionalvm.com.ar\/noticias-villa-maria\/agentes-sanitarias-aborigenes-trabajaran-en-municipios-saludables\/","og_site_name":"El Regional","article_publisher":"https:\/\/www.facebook.com\/elregionalvm","article_published_time":"2020-08-28T18:11:34+00:00","article_modified_time":"2020-08-28T18:11:35+00:00","og_image":[{"width":1280,"height":720,"url":"http:\/\/elregionalvm.com.ar\/noticias-villa-maria\/wp-content\/uploads\/2020\/08\/VN-agentes-sanitarias-abor\u00edgenes.jpeg","type":"image\/jpeg"}],"author":"Contenidos El Regional","twitter_card":"summary_large_image","twitter_creator":"@elregionalvm1","twitter_site":"@elregionalvm1","twitter_misc":{"Escrito por":"Contenidos El Regional","Tiempo de lectura":"1 minuto"},"schema":{"@context":"https:\/\/schema.org","@graph":[{"@type":"Article","@id":"http:\/\/elregionalvm.com.ar\/noticias-villa-maria\/agentes-sanitarias-aborigenes-trabajaran-en-municipios-saludables\/#article","isPartOf":{"@id":"http:\/\/elregionalvm.com.ar\/noticias-villa-maria\/agentes-sanitarias-aborigenes-trabajaran-en-municipios-saludables\/"},"author":{"name":"Contenidos El Regional","@id":"http:\/\/elregionalvm.com.ar\/noticias-villa-maria\/#\/schema\/person\/a0fb9c422317faca23d50163151bc354"},"headline":"Agentes sanitarias abor\u00edgenes trabajar\u00e1n en Municipios Saludables","datePublished":"2020-08-28T18:11:34+00:00","dateModified":"2020-08-28T18:11:35+00:00","mainEntityOfPage":{"@id":"http:\/\/elregionalvm.com.ar\/noticias-villa-maria\/agentes-sanitarias-aborigenes-trabajaran-en-municipios-saludables\/"},"wordCount":114,"commentCount":0,"image":{"@id":"http:\/\/elregionalvm.com.ar\/noticias-villa-maria\/agentes-sanitarias-aborigenes-trabajaran-en-municipios-saludables\/#primaryimage"},"thumbnailUrl":"https:\/\/i0.wp.com\/elregionalvm.com.ar\/noticias-villa-maria\/wp-content\/uploads\/2020\/08\/VN-agentes-sanitarias-abor%C3%ADgenes.jpeg?fit=1280%2C720&ssl=1","keywords":["Agentes sanitarias abor\u00edgenes","Municipios saludables","VILLA NUEVA"],"articleSection":["Villa Nueva"],"inLanguage":"es","potentialAction":[{"@type":"CommentAction","name":"Comment","target":["http:\/\/elregionalvm.com.ar\/noticias-villa-maria\/agentes-sanitarias-aborigenes-trabajaran-en-municipios-saludables\/#respond"]}]},{"@type":"WebPage","@id":"http:\/\/elregionalvm.com.ar\/noticias-villa-maria\/agentes-sanitarias-aborigenes-trabajaran-en-municipios-saludables\/","url":"http:\/\/elregionalvm.com.ar\/noticias-villa-maria\/agentes-sanitarias-aborigenes-trabajaran-en-municipios-saludables\/","name":"Agentes sanitarias abor\u00edgenes trabajar\u00e1n en Municipios Saludables - El Regional","isPartOf":{"@id":"http:\/\/elregionalvm.com.ar\/noticias-villa-maria\/#website"},"primaryImageOfPage":{"@id":"http:\/\/elregionalvm.com.ar\/noticias-villa-maria\/agentes-sanitarias-aborigenes-trabajaran-en-municipios-saludables\/#primaryimage"},"image":{"@id":"http:\/\/elregionalvm.com.ar\/noticias-villa-maria\/agentes-sanitarias-aborigenes-trabajaran-en-municipios-saludables\/#primaryimage"},"thumbnailUrl":"https:\/\/i0.wp.com\/elregionalvm.com.ar\/noticias-villa-maria\/wp-content\/uploads\/2020\/08\/VN-agentes-sanitarias-abor%C3%ADgenes.jpeg?fit=1280%2C720&ssl=1","datePublished":"2020-08-28T18:11:34+00:00","dateModified":"2020-08-28T18:11:35+00:00","author":{"@id":"http:\/\/elregionalvm.com.ar\/noticias-villa-maria\/#\/schema\/person\/a0fb9c422317faca23d50163151bc354"},"description":"Autoridades municipales se reunieron con agentes sanitarias abor\u00edgenes que vienen trabajando desde hace varios a\u00f1os en esa ciudad.","breadcrumb":{"@id":"http:\/\/elregionalvm.com.ar\/noticias-villa-maria\/agentes-sanitarias-aborigenes-trabajaran-en-municipios-saludables\/#breadcrumb"},"inLanguage":"es","potentialAction":[{"@type":"ReadAction","target":["http:\/\/elregionalvm.com.ar\/noticias-villa-maria\/agentes-sanitarias-aborigenes-trabajaran-en-municipios-saludables\/"]}]},{"@type":"ImageObject","inLanguage":"es","@id":"http:\/\/elregionalvm.com.ar\/noticias-villa-maria\/agentes-sanitarias-aborigenes-trabajaran-en-municipios-saludables\/#primaryimage","url":"https:\/\/i0.wp.com\/elregionalvm.com.ar\/noticias-villa-maria\/wp-content\/uploads\/2020\/08\/VN-agentes-sanitarias-abor%C3%ADgenes.jpeg?fit=1280%2C720&ssl=1","contentUrl":"https:\/\/i0.wp.com\/elregionalvm.com.ar\/noticias-villa-maria\/wp-content\/uploads\/2020\/08\/VN-agentes-sanitarias-abor%C3%ADgenes.jpeg?fit=1280%2C720&ssl=1","width":1280,"height":720},{"@type":"BreadcrumbList","@id":"http:\/\/elregionalvm.com.ar\/noticias-villa-maria\/agentes-sanitarias-aborigenes-trabajaran-en-municipios-saludables\/#breadcrumb","itemListElement":[{"@type":"ListItem","position":1,"name":"Portada","item":"https:\/\/elregionalvm.com.ar\/noticias-villa-maria\/"},{"@type":"ListItem","position":2,"name":"Agentes sanitarias abor\u00edgenes trabajar\u00e1n en Municipios Saludables"}]},{"@type":"WebSite","@id":"http:\/\/elregionalvm.com.ar\/noticias-villa-maria\/#website","url":"http:\/\/elregionalvm.com.ar\/noticias-villa-maria\/","name":"El Regional","description":"Mucho m\u00e1s que informaci\u00f3n","potentialAction":[{"@type":"SearchAction","target":{"@type":"EntryPoint","urlTemplate":"http:\/\/elregionalvm.com.ar\/noticias-villa-maria\/?s={search_term_string}"},"query-input":{"@type":"PropertyValueSpecification","valueRequired":true,"valueName":"search_term_string"}}],"inLanguage":"es"},{"@type":"Person","@id":"http:\/\/elregionalvm.com.ar\/noticias-villa-maria\/#\/schema\/person\/a0fb9c422317faca23d50163151bc354","name":"Contenidos El Regional","image":{"@type":"ImageObject","inLanguage":"es","@id":"http:\/\/elregionalvm.com.ar\/noticias-villa-maria\/#\/schema\/person\/image\/","url":"https:\/\/secure.gravatar.com\/avatar\/265b27cb2209af7bb3a1318f03305787d7981a5cc6e6cd08fe5a4ecdf99d4b48?s=96&d=mm&r=g","contentUrl":"https:\/\/secure.gravatar.com\/avatar\/265b27cb2209af7bb3a1318f03305787d7981a5cc6e6cd08fe5a4ecdf99d4b48?s=96&d=mm&r=g","caption":"Contenidos El Regional"},"url":"https:\/\/elregionalvm.com.ar\/noticias-villa-maria\/author\/contenido\/"}]}},"jetpack_featured_media_url":"https:\/\/i0.wp.com\/elregionalvm.com.ar\/noticias-villa-maria\/wp-content\/uploads\/2020\/08\/VN-agentes-sanitarias-abor%C3%ADgenes.jpeg?fit=1280%2C720&ssl=1","jetpack_sharing_enabled":true,"_links":{"self":[{"href":"https:\/\/elregionalvm.com.ar\/noticias-villa-maria\/wp-json\/wp\/v2\/posts\/22814","targetHints":{"allow":["GET"]}}],"collection":[{"href":"https:\/\/elregionalvm.com.ar\/noticias-villa-maria\/wp-json\/wp\/v2\/posts"}],"about":[{"href":"https:\/\/elregionalvm.com.ar\/noticias-villa-maria\/wp-json\/wp\/v2\/types\/post"}],"author":[{"embeddable":true,"href":"https:\/\/elregionalvm.com.ar\/noticias-villa-maria\/wp-json\/wp\/v2\/users\/4"}],"replies":[{"embeddable":true,"href":"https:\/\/elregionalvm.com.ar\/noticias-villa-maria\/wp-json\/wp\/v2\/comments?post=22814"}],"version-history":[{"count":1,"href":"https:\/\/elregionalvm.com.ar\/noticias-villa-maria\/wp-json\/wp\/v2\/posts\/22814\/revisions"}],"predecessor-version":[{"id":22816,"href":"https:\/\/elregionalvm.com.ar\/noticias-villa-maria\/wp-json\/wp\/v2\/posts\/22814\/revisions\/22816"}],"wp:featuredmedia":[{"embeddable":true,"href":"https:\/\/elregionalvm.com.ar\/noticias-villa-maria\/wp-json\/wp\/v2\/media\/22815"}],"wp:attachment":[{"href":"https:\/\/elregionalvm.com.ar\/noticias-villa-maria\/wp-json\/wp\/v2\/media?parent=22814"}],"wp:term":[{"taxonomy":"category","embeddable":true,"href":"https:\/\/elregionalvm.com.ar\/noticias-villa-maria\/wp-json\/wp\/v2\/categories?post=22814"},{"taxonomy":"post_tag","embeddable":true,"href":"https:\/\/elregionalvm.com.ar\/noticias-villa-maria\/wp-json\/wp\/v2\/tags?post=22814"}],"curies":[{"name":"wp","href":"https:\/\/api.w.org\/{rel}","templated":true}]}}