{"id":22817,"date":"2020-08-28T22:33:22","date_gmt":"2020-08-28T22:33:22","guid":{"rendered":"https:\/\/elregionalvm.com.ar\/noticias-villa-maria\/?p=22817"},"modified":"2020-08-28T23:03:56","modified_gmt":"2020-08-28T23:03:56","slug":"descubren-un-auto-en-la-playosa-que-tenia-pedido-de-secuestro-desde-villa-maria","status":"publish","type":"post","link":"https:\/\/elregionalvm.com.ar\/noticias-villa-maria\/descubren-un-auto-en-la-playosa-que-tenia-pedido-de-secuestro-desde-villa-maria\/","title":{"rendered":"Descubren un auto en La Playosa que ten\u00eda pedido de secuestro desde Villa Mar\u00eda"},"content":{"rendered":"\n<p>Aproximadamente a las 10:40, personal policial de la comisaria La Playosa, conjuntamente con personal de la Polic\u00eda Federal Argentina, mientras se encontraban efectuando un control en el acceso oeste a esa localidad por Ruta Nacional N\u00ba 158, procedi\u00f3 al control de un veh\u00edculo marca Renault Clio, de color blanco, que result\u00f3 tener un pedido de secuestro vigente solicitado por magistrado de la ciudad de Villa Mar\u00eda.<\/p>\n\n\n\n<p>Inmediatamente los efectivos procedieron al  secuestro del rodado en cuesti\u00f3n e iniciaron las actuaciones correspondientes.<\/p>\n","protected":false},"excerpt":{"rendered":"<p>Aproximadamente a las 10:40, personal policial de la comisaria La Playosa, conjuntamente con personal de la Polic\u00eda Federal Argentina, mientras se encontraban efectuando un control en el acceso oeste a esa localidad por Ruta Nacional N\u00ba 158, procedi\u00f3 al control de un veh\u00edculo marca Renault Clio, de color blanco, que result\u00f3 tener un pedido de [&hellip;]<\/p>\n","protected":false},"author":4,"featured_media":22818,"comment_status":"open","ping_status":"open","sticky":false,"template":"","format":"standard","meta":{"site-sidebar-layout":"default","site-content-layout":"default","ast-site-content-layout":"default","site-content-style":"default","site-sidebar-style":"default","ast-global-header-display":"","ast-banner-title-visibility":"","ast-main-header-display":"","ast-hfb-above-header-display":"","ast-hfb-below-header-display":"","ast-hfb-mobile-header-display":"","site-post-title":"","ast-breadcrumbs-content":"","ast-featured-img":"","footer-sml-layout":"","ast-disable-related-posts":"","theme-transparent-header-meta":"default","adv-header-id-meta":"","stick-header-meta":"","header-above-stick-meta":"","header-main-stick-meta":"","header-below-stick-meta":"","astra-migrate-meta-layouts":"default","ast-page-background-enabled":"default","ast-page-background-meta":{"desktop":{"background-color":"","background-image":"","background-repeat":"repeat","background-position":"center center","background-size":"auto","background-attachment":"scroll","background-type":"","background-media":"","overlay-type":"","overlay-color":"","overlay-opacity":"","overlay-gradient":""},"tablet":{"background-color":"","background-image":"","background-repeat":"repeat","background-position":"center center","background-size":"auto","background-attachment":"scroll","background-type":"","background-media":"","overlay-type":"","overlay-color":"","overlay-opacity":"","overlay-gradient":""},"mobile":{"background-color":"","background-image":"","background-repeat":"repeat","background-position":"center center","background-size":"auto","background-attachment":"scroll","background-type":"","background-media":"","overlay-type":"","overlay-color":"","overlay-opacity":"","overlay-gradient":""}},"ast-content-background-meta":{"desktop":{"background-color":"var(--ast-global-color-5)","background-image":"","background-repeat":"repeat","background-position":"center center","background-size":"auto","background-attachment":"scroll","background-type":"","background-media":"","overlay-type":"","overlay-color":"","overlay-opacity":"","overlay-gradient":""},"tablet":{"background-color":"var(--ast-global-color-5)","background-image":"","background-repeat":"repeat","background-position":"center center","background-size":"auto","background-attachment":"scroll","background-type":"","background-media":"","overlay-type":"","overlay-color":"","overlay-opacity":"","overlay-gradient":""},"mobile":{"background-color":"var(--ast-global-color-5)","background-image":"","background-repeat":"repeat","background-position":"center center","background-size":"auto","background-attachment":"scroll","background-type":"","background-media":"","overlay-type":"","overlay-color":"","overlay-opacity":"","overlay-gradient":""}},"_jetpack_memberships_contains_paid_content":false,"_joinchat":[],"footnotes":""},"categories":[2234],"tags":[2462,3582,1232,2753,741,3583,783,2439],"class_list":["post-22817","post","type-post","status-publish","format-standard","has-post-thumbnail","hentry","category-policiales","tag-auto","tag-control-policial","tag-destacado","tag-pedido-captura","tag-policiales","tag-renault-clio","tag-ruta-158","tag-secuestro"],"yoast_head":"<!-- This site is optimized with the Yoast SEO plugin v26.8 - https:\/\/yoast.com\/product\/yoast-seo-wordpress\/ -->\n<title>Descubren un auto en La Playosa que ten\u00eda pedido de secuestro desde Villa Mar\u00eda - El Regional<\/title>\n<meta name=\"robots\" content=\"index, follow, max-snippet:-1, max-image-preview:large, max-video-preview:-1\" \/>\n<link rel=\"canonical\" href=\"http:\/\/elregionalvm.com.ar\/noticias-villa-maria\/descubren-un-auto-en-la-playosa-que-tenia-pedido-de-secuestro-desde-villa-maria\/\" \/>\n<meta property=\"og:locale\" content=\"es_ES\" \/>\n<meta property=\"og:type\" content=\"article\" \/>\n<meta property=\"og:title\" content=\"Descubren un auto en La Playosa que ten\u00eda pedido de secuestro desde Villa Mar\u00eda - El Regional\" \/>\n<meta property=\"og:description\" content=\"Aproximadamente a las 10:40, personal policial de la comisaria La Playosa, conjuntamente con personal de la Polic\u00eda Federal Argentina, mientras se encontraban efectuando un control en el acceso oeste a esa localidad por Ruta Nacional N\u00ba 158, procedi\u00f3 al control de un veh\u00edculo marca Renault Clio, de color blanco, que result\u00f3 tener un pedido de [&hellip;]\" \/>\n<meta property=\"og:url\" content=\"http:\/\/elregionalvm.com.ar\/noticias-villa-maria\/descubren-un-auto-en-la-playosa-que-tenia-pedido-de-secuestro-desde-villa-maria\/\" \/>\n<meta property=\"og:site_name\" content=\"El Regional\" \/>\n<meta property=\"article:publisher\" content=\"https:\/\/www.facebook.com\/elregionalvm\" \/>\n<meta property=\"article:published_time\" content=\"2020-08-28T22:33:22+00:00\" \/>\n<meta property=\"article:modified_time\" content=\"2020-08-28T23:03:56+00:00\" \/>\n<meta property=\"og:image\" content=\"http:\/\/elregionalvm.com.ar\/noticias-villa-maria\/wp-content\/uploads\/2020\/08\/La-Playosa-cartel.jpg\" \/>\n\t<meta property=\"og:image:width\" content=\"1120\" \/>\n\t<meta property=\"og:image:height\" content=\"630\" \/>\n\t<meta property=\"og:image:type\" content=\"image\/jpeg\" \/>\n<meta name=\"author\" content=\"Contenidos El Regional\" \/>\n<meta name=\"twitter:card\" content=\"summary_large_image\" \/>\n<meta name=\"twitter:creator\" content=\"@elregionalvm1\" \/>\n<meta name=\"twitter:site\" content=\"@elregionalvm1\" \/>\n<meta name=\"twitter:label1\" content=\"Escrito por\" \/>\n\t<meta name=\"twitter:data1\" content=\"Contenidos El Regional\" \/>\n<script type=\"application\/ld+json\" class=\"yoast-schema-graph\">{\"@context\":\"https:\/\/schema.org\",\"@graph\":[{\"@type\":\"Article\",\"@id\":\"http:\/\/elregionalvm.com.ar\/noticias-villa-maria\/descubren-un-auto-en-la-playosa-que-tenia-pedido-de-secuestro-desde-villa-maria\/#article\",\"isPartOf\":{\"@id\":\"http:\/\/elregionalvm.com.ar\/noticias-villa-maria\/descubren-un-auto-en-la-playosa-que-tenia-pedido-de-secuestro-desde-villa-maria\/\"},\"author\":{\"name\":\"Contenidos El Regional\",\"@id\":\"http:\/\/elregionalvm.com.ar\/noticias-villa-maria\/#\/schema\/person\/a0fb9c422317faca23d50163151bc354\"},\"headline\":\"Descubren un auto en La Playosa que ten\u00eda pedido de secuestro desde Villa Mar\u00eda\",\"datePublished\":\"2020-08-28T22:33:22+00:00\",\"dateModified\":\"2020-08-28T23:03:56+00:00\",\"mainEntityOfPage\":{\"@id\":\"http:\/\/elregionalvm.com.ar\/noticias-villa-maria\/descubren-un-auto-en-la-playosa-que-tenia-pedido-de-secuestro-desde-villa-maria\/\"},\"wordCount\":99,\"commentCount\":0,\"image\":{\"@id\":\"http:\/\/elregionalvm.com.ar\/noticias-villa-maria\/descubren-un-auto-en-la-playosa-que-tenia-pedido-de-secuestro-desde-villa-maria\/#primaryimage\"},\"thumbnailUrl\":\"https:\/\/i0.wp.com\/elregionalvm.com.ar\/noticias-villa-maria\/wp-content\/uploads\/2020\/08\/La-Playosa-cartel.jpg?fit=1120%2C630&ssl=1\",\"keywords\":[\"Auto\",\"control policial\",\"destacado\",\"pedido captura\",\"Policiales\",\"Renault Clio\",\"Ruta 158\",\"Secuestro\"],\"articleSection\":[\"Policiales\"],\"inLanguage\":\"es\",\"potentialAction\":[{\"@type\":\"CommentAction\",\"name\":\"Comment\",\"target\":[\"http:\/\/elregionalvm.com.ar\/noticias-villa-maria\/descubren-un-auto-en-la-playosa-que-tenia-pedido-de-secuestro-desde-villa-maria\/#respond\"]}]},{\"@type\":\"WebPage\",\"@id\":\"http:\/\/elregionalvm.com.ar\/noticias-villa-maria\/descubren-un-auto-en-la-playosa-que-tenia-pedido-de-secuestro-desde-villa-maria\/\",\"url\":\"http:\/\/elregionalvm.com.ar\/noticias-villa-maria\/descubren-un-auto-en-la-playosa-que-tenia-pedido-de-secuestro-desde-villa-maria\/\",\"name\":\"Descubren un auto en La Playosa que ten\u00eda pedido de secuestro desde Villa Mar\u00eda - El Regional\",\"isPartOf\":{\"@id\":\"http:\/\/elregionalvm.com.ar\/noticias-villa-maria\/#website\"},\"primaryImageOfPage\":{\"@id\":\"http:\/\/elregionalvm.com.ar\/noticias-villa-maria\/descubren-un-auto-en-la-playosa-que-tenia-pedido-de-secuestro-desde-villa-maria\/#primaryimage\"},\"image\":{\"@id\":\"http:\/\/elregionalvm.com.ar\/noticias-villa-maria\/descubren-un-auto-en-la-playosa-que-tenia-pedido-de-secuestro-desde-villa-maria\/#primaryimage\"},\"thumbnailUrl\":\"https:\/\/i0.wp.com\/elregionalvm.com.ar\/noticias-villa-maria\/wp-content\/uploads\/2020\/08\/La-Playosa-cartel.jpg?fit=1120%2C630&ssl=1\",\"datePublished\":\"2020-08-28T22:33:22+00:00\",\"dateModified\":\"2020-08-28T23:03:56+00:00\",\"author\":{\"@id\":\"http:\/\/elregionalvm.com.ar\/noticias-villa-maria\/#\/schema\/person\/a0fb9c422317faca23d50163151bc354\"},\"breadcrumb\":{\"@id\":\"http:\/\/elregionalvm.com.ar\/noticias-villa-maria\/descubren-un-auto-en-la-playosa-que-tenia-pedido-de-secuestro-desde-villa-maria\/#breadcrumb\"},\"inLanguage\":\"es\",\"potentialAction\":[{\"@type\":\"ReadAction\",\"target\":[\"http:\/\/elregionalvm.com.ar\/noticias-villa-maria\/descubren-un-auto-en-la-playosa-que-tenia-pedido-de-secuestro-desde-villa-maria\/\"]}]},{\"@type\":\"ImageObject\",\"inLanguage\":\"es\",\"@id\":\"http:\/\/elregionalvm.com.ar\/noticias-villa-maria\/descubren-un-auto-en-la-playosa-que-tenia-pedido-de-secuestro-desde-villa-maria\/#primaryimage\",\"url\":\"https:\/\/i0.wp.com\/elregionalvm.com.ar\/noticias-villa-maria\/wp-content\/uploads\/2020\/08\/La-Playosa-cartel.jpg?fit=1120%2C630&ssl=1\",\"contentUrl\":\"https:\/\/i0.wp.com\/elregionalvm.com.ar\/noticias-villa-maria\/wp-content\/uploads\/2020\/08\/La-Playosa-cartel.jpg?fit=1120%2C630&ssl=1\",\"width\":1120,\"height\":630},{\"@type\":\"BreadcrumbList\",\"@id\":\"http:\/\/elregionalvm.com.ar\/noticias-villa-maria\/descubren-un-auto-en-la-playosa-que-tenia-pedido-de-secuestro-desde-villa-maria\/#breadcrumb\",\"itemListElement\":[{\"@type\":\"ListItem\",\"position\":1,\"name\":\"Portada\",\"item\":\"https:\/\/elregionalvm.com.ar\/noticias-villa-maria\/\"},{\"@type\":\"ListItem\",\"position\":2,\"name\":\"Descubren un auto en La Playosa que ten\u00eda pedido de secuestro desde Villa Mar\u00eda\"}]},{\"@type\":\"WebSite\",\"@id\":\"http:\/\/elregionalvm.com.ar\/noticias-villa-maria\/#website\",\"url\":\"http:\/\/elregionalvm.com.ar\/noticias-villa-maria\/\",\"name\":\"El Regional\",\"description\":\"Mucho m\u00e1s que informaci\u00f3n\",\"potentialAction\":[{\"@type\":\"SearchAction\",\"target\":{\"@type\":\"EntryPoint\",\"urlTemplate\":\"http:\/\/elregionalvm.com.ar\/noticias-villa-maria\/?s={search_term_string}\"},\"query-input\":{\"@type\":\"PropertyValueSpecification\",\"valueRequired\":true,\"valueName\":\"search_term_string\"}}],\"inLanguage\":\"es\"},{\"@type\":\"Person\",\"@id\":\"http:\/\/elregionalvm.com.ar\/noticias-villa-maria\/#\/schema\/person\/a0fb9c422317faca23d50163151bc354\",\"name\":\"Contenidos El Regional\",\"image\":{\"@type\":\"ImageObject\",\"inLanguage\":\"es\",\"@id\":\"http:\/\/elregionalvm.com.ar\/noticias-villa-maria\/#\/schema\/person\/image\/\",\"url\":\"https:\/\/secure.gravatar.com\/avatar\/265b27cb2209af7bb3a1318f03305787d7981a5cc6e6cd08fe5a4ecdf99d4b48?s=96&d=mm&r=g\",\"contentUrl\":\"https:\/\/secure.gravatar.com\/avatar\/265b27cb2209af7bb3a1318f03305787d7981a5cc6e6cd08fe5a4ecdf99d4b48?s=96&d=mm&r=g\",\"caption\":\"Contenidos El Regional\"},\"url\":\"https:\/\/elregionalvm.com.ar\/noticias-villa-maria\/author\/contenido\/\"}]}<\/script>\n<!-- \/ Yoast SEO plugin. -->","yoast_head_json":{"title":"Descubren un auto en La Playosa que ten\u00eda pedido de secuestro desde Villa Mar\u00eda - El Regional","robots":{"index":"index","follow":"follow","max-snippet":"max-snippet:-1","max-image-preview":"max-image-preview:large","max-video-preview":"max-video-preview:-1"},"canonical":"http:\/\/elregionalvm.com.ar\/noticias-villa-maria\/descubren-un-auto-en-la-playosa-que-tenia-pedido-de-secuestro-desde-villa-maria\/","og_locale":"es_ES","og_type":"article","og_title":"Descubren un auto en La Playosa que ten\u00eda pedido de secuestro desde Villa Mar\u00eda - El Regional","og_description":"Aproximadamente a las 10:40, personal policial de la comisaria La Playosa, conjuntamente con personal de la Polic\u00eda Federal Argentina, mientras se encontraban efectuando un control en el acceso oeste a esa localidad por Ruta Nacional N\u00ba 158, procedi\u00f3 al control de un veh\u00edculo marca Renault Clio, de color blanco, que result\u00f3 tener un pedido de [&hellip;]","og_url":"http:\/\/elregionalvm.com.ar\/noticias-villa-maria\/descubren-un-auto-en-la-playosa-que-tenia-pedido-de-secuestro-desde-villa-maria\/","og_site_name":"El Regional","article_publisher":"https:\/\/www.facebook.com\/elregionalvm","article_published_time":"2020-08-28T22:33:22+00:00","article_modified_time":"2020-08-28T23:03:56+00:00","og_image":[{"width":1120,"height":630,"url":"http:\/\/elregionalvm.com.ar\/noticias-villa-maria\/wp-content\/uploads\/2020\/08\/La-Playosa-cartel.jpg","type":"image\/jpeg"}],"author":"Contenidos El Regional","twitter_card":"summary_large_image","twitter_creator":"@elregionalvm1","twitter_site":"@elregionalvm1","twitter_misc":{"Escrito por":"Contenidos El Regional"},"schema":{"@context":"https:\/\/schema.org","@graph":[{"@type":"Article","@id":"http:\/\/elregionalvm.com.ar\/noticias-villa-maria\/descubren-un-auto-en-la-playosa-que-tenia-pedido-de-secuestro-desde-villa-maria\/#article","isPartOf":{"@id":"http:\/\/elregionalvm.com.ar\/noticias-villa-maria\/descubren-un-auto-en-la-playosa-que-tenia-pedido-de-secuestro-desde-villa-maria\/"},"author":{"name":"Contenidos El Regional","@id":"http:\/\/elregionalvm.com.ar\/noticias-villa-maria\/#\/schema\/person\/a0fb9c422317faca23d50163151bc354"},"headline":"Descubren un auto en La Playosa que ten\u00eda pedido de secuestro desde Villa Mar\u00eda","datePublished":"2020-08-28T22:33:22+00:00","dateModified":"2020-08-28T23:03:56+00:00","mainEntityOfPage":{"@id":"http:\/\/elregionalvm.com.ar\/noticias-villa-maria\/descubren-un-auto-en-la-playosa-que-tenia-pedido-de-secuestro-desde-villa-maria\/"},"wordCount":99,"commentCount":0,"image":{"@id":"http:\/\/elregionalvm.com.ar\/noticias-villa-maria\/descubren-un-auto-en-la-playosa-que-tenia-pedido-de-secuestro-desde-villa-maria\/#primaryimage"},"thumbnailUrl":"https:\/\/i0.wp.com\/elregionalvm.com.ar\/noticias-villa-maria\/wp-content\/uploads\/2020\/08\/La-Playosa-cartel.jpg?fit=1120%2C630&ssl=1","keywords":["Auto","control policial","destacado","pedido captura","Policiales","Renault Clio","Ruta 158","Secuestro"],"articleSection":["Policiales"],"inLanguage":"es","potentialAction":[{"@type":"CommentAction","name":"Comment","target":["http:\/\/elregionalvm.com.ar\/noticias-villa-maria\/descubren-un-auto-en-la-playosa-que-tenia-pedido-de-secuestro-desde-villa-maria\/#respond"]}]},{"@type":"WebPage","@id":"http:\/\/elregionalvm.com.ar\/noticias-villa-maria\/descubren-un-auto-en-la-playosa-que-tenia-pedido-de-secuestro-desde-villa-maria\/","url":"http:\/\/elregionalvm.com.ar\/noticias-villa-maria\/descubren-un-auto-en-la-playosa-que-tenia-pedido-de-secuestro-desde-villa-maria\/","name":"Descubren un auto en La Playosa que ten\u00eda pedido de secuestro desde Villa Mar\u00eda - El Regional","isPartOf":{"@id":"http:\/\/elregionalvm.com.ar\/noticias-villa-maria\/#website"},"primaryImageOfPage":{"@id":"http:\/\/elregionalvm.com.ar\/noticias-villa-maria\/descubren-un-auto-en-la-playosa-que-tenia-pedido-de-secuestro-desde-villa-maria\/#primaryimage"},"image":{"@id":"http:\/\/elregionalvm.com.ar\/noticias-villa-maria\/descubren-un-auto-en-la-playosa-que-tenia-pedido-de-secuestro-desde-villa-maria\/#primaryimage"},"thumbnailUrl":"https:\/\/i0.wp.com\/elregionalvm.com.ar\/noticias-villa-maria\/wp-content\/uploads\/2020\/08\/La-Playosa-cartel.jpg?fit=1120%2C630&ssl=1","datePublished":"2020-08-28T22:33:22+00:00","dateModified":"2020-08-28T23:03:56+00:00","author":{"@id":"http:\/\/elregionalvm.com.ar\/noticias-villa-maria\/#\/schema\/person\/a0fb9c422317faca23d50163151bc354"},"breadcrumb":{"@id":"http:\/\/elregionalvm.com.ar\/noticias-villa-maria\/descubren-un-auto-en-la-playosa-que-tenia-pedido-de-secuestro-desde-villa-maria\/#breadcrumb"},"inLanguage":"es","potentialAction":[{"@type":"ReadAction","target":["http:\/\/elregionalvm.com.ar\/noticias-villa-maria\/descubren-un-auto-en-la-playosa-que-tenia-pedido-de-secuestro-desde-villa-maria\/"]}]},{"@type":"ImageObject","inLanguage":"es","@id":"http:\/\/elregionalvm.com.ar\/noticias-villa-maria\/descubren-un-auto-en-la-playosa-que-tenia-pedido-de-secuestro-desde-villa-maria\/#primaryimage","url":"https:\/\/i0.wp.com\/elregionalvm.com.ar\/noticias-villa-maria\/wp-content\/uploads\/2020\/08\/La-Playosa-cartel.jpg?fit=1120%2C630&ssl=1","contentUrl":"https:\/\/i0.wp.com\/elregionalvm.com.ar\/noticias-villa-maria\/wp-content\/uploads\/2020\/08\/La-Playosa-cartel.jpg?fit=1120%2C630&ssl=1","width":1120,"height":630},{"@type":"BreadcrumbList","@id":"http:\/\/elregionalvm.com.ar\/noticias-villa-maria\/descubren-un-auto-en-la-playosa-que-tenia-pedido-de-secuestro-desde-villa-maria\/#breadcrumb","itemListElement":[{"@type":"ListItem","position":1,"name":"Portada","item":"https:\/\/elregionalvm.com.ar\/noticias-villa-maria\/"},{"@type":"ListItem","position":2,"name":"Descubren un auto en La Playosa que ten\u00eda pedido de secuestro desde Villa Mar\u00eda"}]},{"@type":"WebSite","@id":"http:\/\/elregionalvm.com.ar\/noticias-villa-maria\/#website","url":"http:\/\/elregionalvm.com.ar\/noticias-villa-maria\/","name":"El Regional","description":"Mucho m\u00e1s que informaci\u00f3n","potentialAction":[{"@type":"SearchAction","target":{"@type":"EntryPoint","urlTemplate":"http:\/\/elregionalvm.com.ar\/noticias-villa-maria\/?s={search_term_string}"},"query-input":{"@type":"PropertyValueSpecification","valueRequired":true,"valueName":"search_term_string"}}],"inLanguage":"es"},{"@type":"Person","@id":"http:\/\/elregionalvm.com.ar\/noticias-villa-maria\/#\/schema\/person\/a0fb9c422317faca23d50163151bc354","name":"Contenidos El Regional","image":{"@type":"ImageObject","inLanguage":"es","@id":"http:\/\/elregionalvm.com.ar\/noticias-villa-maria\/#\/schema\/person\/image\/","url":"https:\/\/secure.gravatar.com\/avatar\/265b27cb2209af7bb3a1318f03305787d7981a5cc6e6cd08fe5a4ecdf99d4b48?s=96&d=mm&r=g","contentUrl":"https:\/\/secure.gravatar.com\/avatar\/265b27cb2209af7bb3a1318f03305787d7981a5cc6e6cd08fe5a4ecdf99d4b48?s=96&d=mm&r=g","caption":"Contenidos El Regional"},"url":"https:\/\/elregionalvm.com.ar\/noticias-villa-maria\/author\/contenido\/"}]}},"jetpack_featured_media_url":"https:\/\/i0.wp.com\/elregionalvm.com.ar\/noticias-villa-maria\/wp-content\/uploads\/2020\/08\/La-Playosa-cartel.jpg?fit=1120%2C630&ssl=1","jetpack_sharing_enabled":true,"_links":{"self":[{"href":"https:\/\/elregionalvm.com.ar\/noticias-villa-maria\/wp-json\/wp\/v2\/posts\/22817","targetHints":{"allow":["GET"]}}],"collection":[{"href":"https:\/\/elregionalvm.com.ar\/noticias-villa-maria\/wp-json\/wp\/v2\/posts"}],"about":[{"href":"https:\/\/elregionalvm.com.ar\/noticias-villa-maria\/wp-json\/wp\/v2\/types\/post"}],"author":[{"embeddable":true,"href":"https:\/\/elregionalvm.com.ar\/noticias-villa-maria\/wp-json\/wp\/v2\/users\/4"}],"replies":[{"embeddable":true,"href":"https:\/\/elregionalvm.com.ar\/noticias-villa-maria\/wp-json\/wp\/v2\/comments?post=22817"}],"version-history":[{"count":1,"href":"https:\/\/elregionalvm.com.ar\/noticias-villa-maria\/wp-json\/wp\/v2\/posts\/22817\/revisions"}],"predecessor-version":[{"id":22819,"href":"https:\/\/elregionalvm.com.ar\/noticias-villa-maria\/wp-json\/wp\/v2\/posts\/22817\/revisions\/22819"}],"wp:featuredmedia":[{"embeddable":true,"href":"https:\/\/elregionalvm.com.ar\/noticias-villa-maria\/wp-json\/wp\/v2\/media\/22818"}],"wp:attachment":[{"href":"https:\/\/elregionalvm.com.ar\/noticias-villa-maria\/wp-json\/wp\/v2\/media?parent=22817"}],"wp:term":[{"taxonomy":"category","embeddable":true,"href":"https:\/\/elregionalvm.com.ar\/noticias-villa-maria\/wp-json\/wp\/v2\/categories?post=22817"},{"taxonomy":"post_tag","embeddable":true,"href":"https:\/\/elregionalvm.com.ar\/noticias-villa-maria\/wp-json\/wp\/v2\/tags?post=22817"}],"curies":[{"name":"wp","href":"https:\/\/api.w.org\/{rel}","templated":true}]}}