{"id":22826,"date":"2020-08-28T23:56:07","date_gmt":"2020-08-28T23:56:07","guid":{"rendered":"https:\/\/elregionalvm.com.ar\/noticias-villa-maria\/?p=22826"},"modified":"2020-08-29T21:34:09","modified_gmt":"2020-08-29T21:34:09","slug":"a-163-anos-del-primer-viaje-en-tren-en-argentina","status":"publish","type":"post","link":"https:\/\/elregionalvm.com.ar\/noticias-villa-maria\/a-163-anos-del-primer-viaje-en-tren-en-argentina\/","title":{"rendered":"A 163 a\u00f1os del primer viaje en tren en Argentina"},"content":{"rendered":"\n<p><strong>Fue el Ferrocarril del  Oeste. En el primer viaje estuvieron Domingo Faustino Sarmiento, Bartolom\u00e9 Mitre, Dalmacio V\u00e9lez Sarsfield, Estanislao del Campo, entre otros. <\/strong><\/p>\n\n\n\n<p><strong>Escribe: Julio A. Ben\u00edtez (benitezjulioalberto@gmail.com)<\/strong><\/p>\n\n\n\n<p>En Argentina no hubo una pol\u00edtica ferroviaria definida, ya que los capitales criollos se dedicaron a comprar tierras y haciendas, en especial ganado ovino, dado que Europa demandaba el env\u00edo de m\u00e1s lanas, adem\u00e1s de carnes saladas y otros productos.<\/p>\n\n\n\n<p>Entonces no se pudo contar con el aporte nacional para la formaci\u00f3n de empresas ferroviarias, esos capitales estaban en otra cosa. Por eso, se debi\u00f3 acudir a capitales for\u00e1neos, que eran en su gran mayor\u00eda de origen ingl\u00e9s, y fueron ellos los que adquirieron todos los derechos, siguiendo por lo tanto el sistema y la pol\u00edtica ferroviaria de Inglaterra.<\/p>\n\n\n\n<p>Dado esto, pidieron total libertad de acci\u00f3n. De cualquier forma, fue sorprendente el desarrollo de los ferrocarriles en Argentina, muy anormal en su tendido de l\u00edneas, que converg\u00edan directamente o por ramales, al puerto para la exportaci\u00f3n de nuestra producci\u00f3n agr\u00edcola-ganadera.<\/p>\n\n\n\n<p>Luego de la derrota de Rosas en Caseros en 1852, por el General Urquiza, aliado con Bartolom\u00e9 Mitre, la sala de representantes de la Provincia de Buenos Aires, que se separ\u00f3 de la Confederaci\u00f3n Argentina, autoriz\u00f3 al Poder Ejecutivo para que se formara una sociedad an\u00f3nima, con capitales argentinos, para la construcci\u00f3n del \u201cCamino de Hierro de Buenos Aires al Oeste\u201d (futuro Ferrocarril Oeste), de unas 24.000 varas de longitud (una vara 0.836 Mt.), unos 20 Km.<\/p>\n\n\n\n<figure class=\"wp-block-gallery columns-2 is-cropped wp-block-gallery-1 is-layout-flex wp-block-gallery-is-layout-flex\"><ul class=\"blocks-gallery-grid\"><li class=\"blocks-gallery-item\"><figure><img data-recalc-dims=\"1\" fetchpriority=\"high\" decoding=\"async\" width=\"1024\" height=\"648\" src=\"https:\/\/i0.wp.com\/elregionalvm.com.ar\/noticias-villa-maria\/wp-content\/uploads\/2020\/08\/FerroCarrilOeste001.jpg?resize=1024%2C648&#038;ssl=1\" alt=\"\" data-id=\"22829\" data-full-url=\"https:\/\/elregionalvm.com.ar\/noticias-villa-maria\/wp-content\/uploads\/2020\/08\/FerroCarrilOeste001.jpg\" data-link=\"https:\/\/elregionalvm.com.ar\/noticias-villa-maria\/?attachment_id=22829\" class=\"wp-image-22829\" srcset=\"https:\/\/i0.wp.com\/elregionalvm.com.ar\/noticias-villa-maria\/wp-content\/uploads\/2020\/08\/FerroCarrilOeste001.jpg?resize=1024%2C648&amp;ssl=1 1024w, https:\/\/i0.wp.com\/elregionalvm.com.ar\/noticias-villa-maria\/wp-content\/uploads\/2020\/08\/FerroCarrilOeste001.jpg?resize=300%2C190&amp;ssl=1 300w, https:\/\/i0.wp.com\/elregionalvm.com.ar\/noticias-villa-maria\/wp-content\/uploads\/2020\/08\/FerroCarrilOeste001.jpg?resize=768%2C486&amp;ssl=1 768w, https:\/\/i0.wp.com\/elregionalvm.com.ar\/noticias-villa-maria\/wp-content\/uploads\/2020\/08\/FerroCarrilOeste001.jpg?resize=1536%2C972&amp;ssl=1 1536w, https:\/\/i0.wp.com\/elregionalvm.com.ar\/noticias-villa-maria\/wp-content\/uploads\/2020\/08\/FerroCarrilOeste001.jpg?resize=2048%2C1296&amp;ssl=1 2048w\" sizes=\"(max-width: 1000px) 100vw, 1000px\" \/><\/figure><\/li><li class=\"blocks-gallery-item\"><figure><img data-recalc-dims=\"1\" decoding=\"async\" width=\"750\" height=\"422\" src=\"https:\/\/i0.wp.com\/elregionalvm.com.ar\/noticias-villa-maria\/wp-content\/uploads\/2020\/08\/Tren-primero-de-argentina.jpg?resize=750%2C422&#038;ssl=1\" alt=\"\" data-id=\"22830\" data-full-url=\"https:\/\/elregionalvm.com.ar\/noticias-villa-maria\/wp-content\/uploads\/2020\/08\/Tren-primero-de-argentina.jpg\" data-link=\"https:\/\/elregionalvm.com.ar\/noticias-villa-maria\/?attachment_id=22830\" class=\"wp-image-22830\" srcset=\"https:\/\/i0.wp.com\/elregionalvm.com.ar\/noticias-villa-maria\/wp-content\/uploads\/2020\/08\/Tren-primero-de-argentina.jpg?w=750&amp;ssl=1 750w, https:\/\/i0.wp.com\/elregionalvm.com.ar\/noticias-villa-maria\/wp-content\/uploads\/2020\/08\/Tren-primero-de-argentina.jpg?resize=300%2C169&amp;ssl=1 300w\" sizes=\"(max-width: 750px) 100vw, 750px\" \/><\/figure><\/li><\/ul><figcaption class=\"blocks-gallery-caption\"><em>El Ferrocarril Oeste y uno de los coches que formaron parte de la primera formaci\u00f3n. <\/em><\/figcaption><\/figure>\n\n\n\n<p><\/p>\n\n\n\n<p><strong>Los preparativos<\/strong><\/p>\n\n\n\n<p>El primer presidente de esta compa\u00f1\u00eda fue el se\u00f1or Felipe Lavallol pero, como se dice en el p\u00e1rrafo anterior, se present\u00f3 la primera dificultad: los capitales argentinos no completaban el total de la emisi\u00f3n de los t\u00edtulos ferroviarios. Es cuando el gobierno debe hacerse cargo de esos t\u00edtulos, por lo que la empresa que se hab\u00eda proyectado como Privada, pasa a ser Mixta.<\/p>\n\n\n\n<p>La sociedad decide iniciar los tr\u00e1mites con empresas de Inglaterra, para la adquisici\u00f3n de maquinarias, v\u00edas, personal, etc. para comenzar con el tendido. Compran la famosa locomotora a vapor, bautizada \u201cLa Porte\u00f1a\u201d, veterana de la guerra de Crimea, de trocha ancha de lm.675 mm.&nbsp; Llega el ingeniero Guillermo Bradge, capataces, 160 obreros especializados, junto con materiales, v\u00edas, etc.<\/p>\n\n\n\n<p>El Ferrocarril del Oeste, inaugurado el 29 de agosto de 1857, parti\u00f3 desde donde est\u00e1 ubicado hoy el teatro Col\u00f3n hasta San Jos\u00e9 de Flores (Floresta) con un recorrido de 10 Km. y a una velocidad de 24 Km. por hora. Al tren lo formaban 3 coches de madera, de lujo, y 5 vagones de carga, tirados por La Porte\u00f1a.<\/p>\n\n\n\n<p>Viajaron, inaugurando el servicio, el gobernador de Buenos Aires don Pastor Obligado, Valent\u00edn Alsina, Domingo Faustino Sarmiento, Bartolom\u00e9 Mitre, Dalmacio V\u00e9lez Sarsfield, Estanislao del Campo, el cacique Jos\u00e9 Mar\u00eda Yanquetruz con uniforme militar y otras personalidades.<\/p>\n\n\n\n<p>Al d\u00eda siguiente ya funcion\u00f3 normalmente y desde ese momento hasta el final de 1857, fue utilizado por 56.190 pasajeros y transportadas 2.257 toneladas de carga.<\/p>\n\n\n\n<p><\/p>\n\n\n\n<ul class=\"wp-block-list\"><li><strong>Mir\u00e1 el video: <\/strong><\/li><\/ul>\n\n\n\n<figure class=\"wp-block-embed-youtube wp-block-embed is-type-video is-provider-youtube wp-embed-aspect-16-9 wp-has-aspect-ratio\"><div class=\"wp-block-embed__wrapper\">\n<iframe title=\"ferrocarril del oeste primer ferrocarril argentino\" width=\"500\" height=\"281\" src=\"https:\/\/www.youtube.com\/embed\/mZU1yfBMOMU?feature=oembed\" frameborder=\"0\" allow=\"accelerometer; autoplay; clipboard-write; encrypted-media; gyroscope; picture-in-picture; web-share\" referrerpolicy=\"strict-origin-when-cross-origin\" allowfullscreen><\/iframe>\n<\/div><\/figure>\n\n\n\n<p><\/p>\n\n\n\n<p><strong>Payada de Estanislao del Campo<\/strong><\/p>\n\n\n\n<p>Anastasio el Pollo, seud\u00f3nimo de Don Estanislao del Campo, compuso esta payada en oportunidad de la inauguraci\u00f3n del primer ferrocarril, publicado en\u00a0<em>La Tribuna<\/em>\u00a0del 30 de agosto de 1857.<\/p>\n\n\n\n<p>Cuando advert\u00ed que chiflaba<\/p>\n\n\n\n<p>un pito particular<\/p>\n\n\n\n<p>ya se dentr\u00f3 alborotar<\/p>\n\n\n\n<p>mi pingo y toda la gente<\/p>\n\n\n\n<p>porque \u00a1Cristo! Redepente<\/p>\n\n\n\n<p>nos sali\u00f3 de un corral\u00f3n<\/p>\n\n\n\n<p>negro y grande un carret\u00f3n<\/p>\n\n\n\n<p>enllenao de agua caliente.<\/p>\n\n\n\n<p>M\u00e1s chiflante y m\u00e1s ligero<\/p>\n\n\n\n<p>que una bala de ca\u00f1\u00f3n<\/p>\n\n\n\n<p>sali\u00f3 ajuera del port\u00f3n<\/p>\n\n\n\n<p>haciendo punta el primero<\/p>\n\n\n\n<p>y atao al cuarto trasero<\/p>\n\n\n\n<p>arrastrando un galer\u00f3n<\/p>\n\n\n\n<p>y en ancas sali\u00f3 en mont\u00f3n<\/p>\n\n\n\n<p>una tropa tan estra\u00f1a<\/p>\n\n\n\n<p>que no alcanzo a darme ma\u00f1a<\/p>\n\n\n\n<p>pa hacerles la esplicaci\u00f3n.<\/p>\n\n\n\n<p>Adelante iba zumbando<\/p>\n\n\n\n<p>el carret\u00f3n m\u00e1s estra\u00f1o<\/p>\n\n\n\n<p>que por la punta de un ca\u00f1o<\/p>\n\n\n\n<p>chorro de humo iba largando<\/p>\n\n\n\n<p>ni un alma lo iba tirando<\/p>\n\n\n\n<p>pues ni un guey alcanc\u00e9 a ver<\/p>\n\n\n\n<p>ni llegar puedo entender<\/p>\n\n\n\n<p>c\u00f3mo diablos galopiaba<\/p>\n\n\n\n<p>cuando naides lo tiraba<\/p>\n\n\n\n<p>s\u00f3lo el diablo al parecer.<\/p>\n\n\n\n<p>Este brujo carret\u00f3n<\/p>\n\n\n\n<p>a la juria y relinchando<\/p>\n\n\n\n<p>solito se iba cuartiando<\/p>\n\n\n\n<p>de carretas el mont\u00f3n<\/p>\n\n\n\n<p>pero lo que en la ocasi\u00f3n<\/p>\n\n\n\n<p>me hizo quedar cabilando<\/p>\n\n\n\n<p>ju\u00e9 ver que iba refregando<\/p>\n\n\n\n<p>los asientos en el suelo<\/p>\n\n\n\n<p>y que de altas con el cielo<\/p>\n\n\n\n<p>las toldas se iban tocando.<\/p>\n\n\n\n<p>Caballeros relatores<\/p>\n\n\n\n<p>por no quererlos cansar<\/p>\n\n\n\n<p>dir\u00e9 que jueron a dar<\/p>\n\n\n\n<p>en menos de un Credo a Flores<\/p>\n\n\n\n<p>y yo al ver estos primores<\/p>\n\n\n\n<p>que en mi tierra est\u00e1n pasando<\/p>\n\n\n\n<p>de alegr\u00eda lagrimando<\/p>\n\n\n\n<p>me col\u00e9 en el corral\u00f3n.<\/p>\n\n\n\n<p><\/p>\n\n\n\n<p><em>Fuente: P\u00e1gina Web &#8211; Bolet\u00edn Oficial &#8211; \u201cHistoria de los Ferrocarriles Argentinos\u201d<\/em><\/p>\n\n\n\n<p><\/p>\n\n\n\n<p><\/p>\n","protected":false},"excerpt":{"rendered":"<p>Fue el Ferrocarril del Oeste. En el primer viaje estuvieron Domingo Faustino Sarmiento, Bartolom\u00e9 Mitre, Dalmacio V\u00e9lez Sarsfield, Estanislao del Campo, entre otros. Escribe: Julio A. Ben\u00edtez (benitezjulioalberto@gmail.com) En Argentina no hubo una pol\u00edtica ferroviaria definida, ya que los capitales criollos se dedicaron a comprar tierras y haciendas, en especial ganado ovino, dado que Europa [&hellip;]<\/p>\n","protected":false},"author":4,"featured_media":22828,"comment_status":"open","ping_status":"open","sticky":false,"template":"","format":"standard","meta":{"site-sidebar-layout":"default","site-content-layout":"default","ast-site-content-layout":"default","site-content-style":"default","site-sidebar-style":"default","ast-global-header-display":"","ast-banner-title-visibility":"","ast-main-header-display":"","ast-hfb-above-header-display":"","ast-hfb-below-header-display":"","ast-hfb-mobile-header-display":"","site-post-title":"","ast-breadcrumbs-content":"","ast-featured-img":"","footer-sml-layout":"","ast-disable-related-posts":"","theme-transparent-header-meta":"default","adv-header-id-meta":"","stick-header-meta":"","header-above-stick-meta":"","header-main-stick-meta":"","header-below-stick-meta":"","astra-migrate-meta-layouts":"default","ast-page-background-enabled":"default","ast-page-background-meta":{"desktop":{"background-color":"","background-image":"","background-repeat":"repeat","background-position":"center center","background-size":"auto","background-attachment":"scroll","background-type":"","background-media":"","overlay-type":"","overlay-color":"","overlay-opacity":"","overlay-gradient":""},"tablet":{"background-color":"","background-image":"","background-repeat":"repeat","background-position":"center center","background-size":"auto","background-attachment":"scroll","background-type":"","background-media":"","overlay-type":"","overlay-color":"","overlay-opacity":"","overlay-gradient":""},"mobile":{"background-color":"","background-image":"","background-repeat":"repeat","background-position":"center center","background-size":"auto","background-attachment":"scroll","background-type":"","background-media":"","overlay-type":"","overlay-color":"","overlay-opacity":"","overlay-gradient":""}},"ast-content-background-meta":{"desktop":{"background-color":"var(--ast-global-color-5)","background-image":"","background-repeat":"repeat","background-position":"center center","background-size":"auto","background-attachment":"scroll","background-type":"","background-media":"","overlay-type":"","overlay-color":"","overlay-opacity":"","overlay-gradient":""},"tablet":{"background-color":"var(--ast-global-color-5)","background-image":"","background-repeat":"repeat","background-position":"center center","background-size":"auto","background-attachment":"scroll","background-type":"","background-media":"","overlay-type":"","overlay-color":"","overlay-opacity":"","overlay-gradient":""},"mobile":{"background-color":"var(--ast-global-color-5)","background-image":"","background-repeat":"repeat","background-position":"center center","background-size":"auto","background-attachment":"scroll","background-type":"","background-media":"","overlay-type":"","overlay-color":"","overlay-opacity":"","overlay-gradient":""}},"_jetpack_memberships_contains_paid_content":false,"_joinchat":[],"footnotes":""},"categories":[2098,3557,2074],"tags":[2290,3585,3586,3584],"class_list":["post-22826","post","type-post","status-publish","format-standard","has-post-thumbnail","hentry","category-historias","category-tercera","category-videos","tag-ferrocarril","tag-ferrocarril-oeste","tag-la-portena","tag-primer-tren"],"yoast_head":"<!-- This site is optimized with the Yoast SEO plugin v26.8 - https:\/\/yoast.com\/product\/yoast-seo-wordpress\/ -->\n<title>A 163 a\u00f1os del primer viaje en tren en Argentina - El Regional<\/title>\n<meta name=\"description\" content=\"Fue el Ferrocarril del Oeste. En el primer viaje estuvieron Domingo Faustino Sarmiento, Bartolom\u00e9 Mitre, Dalmacio V\u00e9lez Sarsfield, entre otros.\" \/>\n<meta name=\"robots\" content=\"index, follow, max-snippet:-1, max-image-preview:large, max-video-preview:-1\" \/>\n<link rel=\"canonical\" href=\"http:\/\/elregionalvm.com.ar\/noticias-villa-maria\/a-163-anos-del-primer-viaje-en-tren-en-argentina\/\" \/>\n<meta property=\"og:locale\" content=\"es_ES\" \/>\n<meta property=\"og:type\" content=\"article\" \/>\n<meta property=\"og:title\" content=\"A 163 a\u00f1os del primer viaje en tren en Argentina - El Regional\" \/>\n<meta property=\"og:description\" content=\"Fue el Ferrocarril del Oeste. En el primer viaje estuvieron Domingo Faustino Sarmiento, Bartolom\u00e9 Mitre, Dalmacio V\u00e9lez Sarsfield, entre otros.\" \/>\n<meta property=\"og:url\" content=\"http:\/\/elregionalvm.com.ar\/noticias-villa-maria\/a-163-anos-del-primer-viaje-en-tren-en-argentina\/\" \/>\n<meta property=\"og:site_name\" content=\"El Regional\" \/>\n<meta property=\"article:publisher\" content=\"https:\/\/www.facebook.com\/elregionalvm\" \/>\n<meta property=\"article:published_time\" content=\"2020-08-28T23:56:07+00:00\" \/>\n<meta property=\"article:modified_time\" content=\"2020-08-29T21:34:09+00:00\" \/>\n<meta property=\"og:image\" content=\"http:\/\/elregionalvm.com.ar\/noticias-villa-maria\/wp-content\/uploads\/2020\/08\/La-Porte\u00f1a-primer-tren-.jpg\" \/>\n\t<meta property=\"og:image:width\" content=\"1146\" \/>\n\t<meta property=\"og:image:height\" content=\"781\" \/>\n\t<meta property=\"og:image:type\" content=\"image\/jpeg\" \/>\n<meta name=\"author\" content=\"Contenidos El Regional\" \/>\n<meta name=\"twitter:card\" content=\"summary_large_image\" \/>\n<meta name=\"twitter:creator\" content=\"@elregionalvm1\" \/>\n<meta name=\"twitter:site\" content=\"@elregionalvm1\" \/>\n<meta name=\"twitter:label1\" content=\"Escrito por\" \/>\n\t<meta name=\"twitter:data1\" content=\"Contenidos El Regional\" \/>\n\t<meta name=\"twitter:label2\" content=\"Tiempo de lectura\" \/>\n\t<meta name=\"twitter:data2\" content=\"4 minutos\" \/>\n<script type=\"application\/ld+json\" class=\"yoast-schema-graph\">{\"@context\":\"https:\/\/schema.org\",\"@graph\":[{\"@type\":\"Article\",\"@id\":\"http:\/\/elregionalvm.com.ar\/noticias-villa-maria\/a-163-anos-del-primer-viaje-en-tren-en-argentina\/#article\",\"isPartOf\":{\"@id\":\"http:\/\/elregionalvm.com.ar\/noticias-villa-maria\/a-163-anos-del-primer-viaje-en-tren-en-argentina\/\"},\"author\":{\"name\":\"Contenidos El Regional\",\"@id\":\"http:\/\/elregionalvm.com.ar\/noticias-villa-maria\/#\/schema\/person\/a0fb9c422317faca23d50163151bc354\"},\"headline\":\"A 163 a\u00f1os del primer viaje en tren en Argentina\",\"datePublished\":\"2020-08-28T23:56:07+00:00\",\"dateModified\":\"2020-08-29T21:34:09+00:00\",\"mainEntityOfPage\":{\"@id\":\"http:\/\/elregionalvm.com.ar\/noticias-villa-maria\/a-163-anos-del-primer-viaje-en-tren-en-argentina\/\"},\"wordCount\":837,\"commentCount\":0,\"image\":{\"@id\":\"http:\/\/elregionalvm.com.ar\/noticias-villa-maria\/a-163-anos-del-primer-viaje-en-tren-en-argentina\/#primaryimage\"},\"thumbnailUrl\":\"https:\/\/i0.wp.com\/elregionalvm.com.ar\/noticias-villa-maria\/wp-content\/uploads\/2020\/08\/La-Porte%C3%B1a-primer-tren-.jpg?fit=1146%2C781&ssl=1\",\"keywords\":[\"Ferrocarril\",\"Ferrocarril Oeste\",\"La Porte\u00f1a\",\"Primer tren\"],\"articleSection\":[\"Historias\",\"tercera\",\"Videos\"],\"inLanguage\":\"es\",\"potentialAction\":[{\"@type\":\"CommentAction\",\"name\":\"Comment\",\"target\":[\"http:\/\/elregionalvm.com.ar\/noticias-villa-maria\/a-163-anos-del-primer-viaje-en-tren-en-argentina\/#respond\"]}]},{\"@type\":\"WebPage\",\"@id\":\"http:\/\/elregionalvm.com.ar\/noticias-villa-maria\/a-163-anos-del-primer-viaje-en-tren-en-argentina\/\",\"url\":\"http:\/\/elregionalvm.com.ar\/noticias-villa-maria\/a-163-anos-del-primer-viaje-en-tren-en-argentina\/\",\"name\":\"A 163 a\u00f1os del primer viaje en tren en Argentina - El Regional\",\"isPartOf\":{\"@id\":\"http:\/\/elregionalvm.com.ar\/noticias-villa-maria\/#website\"},\"primaryImageOfPage\":{\"@id\":\"http:\/\/elregionalvm.com.ar\/noticias-villa-maria\/a-163-anos-del-primer-viaje-en-tren-en-argentina\/#primaryimage\"},\"image\":{\"@id\":\"http:\/\/elregionalvm.com.ar\/noticias-villa-maria\/a-163-anos-del-primer-viaje-en-tren-en-argentina\/#primaryimage\"},\"thumbnailUrl\":\"https:\/\/i0.wp.com\/elregionalvm.com.ar\/noticias-villa-maria\/wp-content\/uploads\/2020\/08\/La-Porte%C3%B1a-primer-tren-.jpg?fit=1146%2C781&ssl=1\",\"datePublished\":\"2020-08-28T23:56:07+00:00\",\"dateModified\":\"2020-08-29T21:34:09+00:00\",\"author\":{\"@id\":\"http:\/\/elregionalvm.com.ar\/noticias-villa-maria\/#\/schema\/person\/a0fb9c422317faca23d50163151bc354\"},\"description\":\"Fue el Ferrocarril del Oeste. En el primer viaje estuvieron Domingo Faustino Sarmiento, Bartolom\u00e9 Mitre, Dalmacio V\u00e9lez Sarsfield, entre otros.\",\"breadcrumb\":{\"@id\":\"http:\/\/elregionalvm.com.ar\/noticias-villa-maria\/a-163-anos-del-primer-viaje-en-tren-en-argentina\/#breadcrumb\"},\"inLanguage\":\"es\",\"potentialAction\":[{\"@type\":\"ReadAction\",\"target\":[\"http:\/\/elregionalvm.com.ar\/noticias-villa-maria\/a-163-anos-del-primer-viaje-en-tren-en-argentina\/\"]}]},{\"@type\":\"ImageObject\",\"inLanguage\":\"es\",\"@id\":\"http:\/\/elregionalvm.com.ar\/noticias-villa-maria\/a-163-anos-del-primer-viaje-en-tren-en-argentina\/#primaryimage\",\"url\":\"https:\/\/i0.wp.com\/elregionalvm.com.ar\/noticias-villa-maria\/wp-content\/uploads\/2020\/08\/La-Porte%C3%B1a-primer-tren-.jpg?fit=1146%2C781&ssl=1\",\"contentUrl\":\"https:\/\/i0.wp.com\/elregionalvm.com.ar\/noticias-villa-maria\/wp-content\/uploads\/2020\/08\/La-Porte%C3%B1a-primer-tren-.jpg?fit=1146%2C781&ssl=1\",\"width\":1146,\"height\":781},{\"@type\":\"BreadcrumbList\",\"@id\":\"http:\/\/elregionalvm.com.ar\/noticias-villa-maria\/a-163-anos-del-primer-viaje-en-tren-en-argentina\/#breadcrumb\",\"itemListElement\":[{\"@type\":\"ListItem\",\"position\":1,\"name\":\"Portada\",\"item\":\"https:\/\/elregionalvm.com.ar\/noticias-villa-maria\/\"},{\"@type\":\"ListItem\",\"position\":2,\"name\":\"A 163 a\u00f1os del primer viaje en tren en Argentina\"}]},{\"@type\":\"WebSite\",\"@id\":\"http:\/\/elregionalvm.com.ar\/noticias-villa-maria\/#website\",\"url\":\"http:\/\/elregionalvm.com.ar\/noticias-villa-maria\/\",\"name\":\"El Regional\",\"description\":\"Mucho m\u00e1s que informaci\u00f3n\",\"potentialAction\":[{\"@type\":\"SearchAction\",\"target\":{\"@type\":\"EntryPoint\",\"urlTemplate\":\"http:\/\/elregionalvm.com.ar\/noticias-villa-maria\/?s={search_term_string}\"},\"query-input\":{\"@type\":\"PropertyValueSpecification\",\"valueRequired\":true,\"valueName\":\"search_term_string\"}}],\"inLanguage\":\"es\"},{\"@type\":\"Person\",\"@id\":\"http:\/\/elregionalvm.com.ar\/noticias-villa-maria\/#\/schema\/person\/a0fb9c422317faca23d50163151bc354\",\"name\":\"Contenidos El Regional\",\"image\":{\"@type\":\"ImageObject\",\"inLanguage\":\"es\",\"@id\":\"http:\/\/elregionalvm.com.ar\/noticias-villa-maria\/#\/schema\/person\/image\/\",\"url\":\"https:\/\/secure.gravatar.com\/avatar\/265b27cb2209af7bb3a1318f03305787d7981a5cc6e6cd08fe5a4ecdf99d4b48?s=96&d=mm&r=g\",\"contentUrl\":\"https:\/\/secure.gravatar.com\/avatar\/265b27cb2209af7bb3a1318f03305787d7981a5cc6e6cd08fe5a4ecdf99d4b48?s=96&d=mm&r=g\",\"caption\":\"Contenidos El Regional\"},\"url\":\"https:\/\/elregionalvm.com.ar\/noticias-villa-maria\/author\/contenido\/\"}]}<\/script>\n<!-- \/ Yoast SEO plugin. -->","yoast_head_json":{"title":"A 163 a\u00f1os del primer viaje en tren en Argentina - El Regional","description":"Fue el Ferrocarril del Oeste. En el primer viaje estuvieron Domingo Faustino Sarmiento, Bartolom\u00e9 Mitre, Dalmacio V\u00e9lez Sarsfield, entre otros.","robots":{"index":"index","follow":"follow","max-snippet":"max-snippet:-1","max-image-preview":"max-image-preview:large","max-video-preview":"max-video-preview:-1"},"canonical":"http:\/\/elregionalvm.com.ar\/noticias-villa-maria\/a-163-anos-del-primer-viaje-en-tren-en-argentina\/","og_locale":"es_ES","og_type":"article","og_title":"A 163 a\u00f1os del primer viaje en tren en Argentina - El Regional","og_description":"Fue el Ferrocarril del Oeste. En el primer viaje estuvieron Domingo Faustino Sarmiento, Bartolom\u00e9 Mitre, Dalmacio V\u00e9lez Sarsfield, entre otros.","og_url":"http:\/\/elregionalvm.com.ar\/noticias-villa-maria\/a-163-anos-del-primer-viaje-en-tren-en-argentina\/","og_site_name":"El Regional","article_publisher":"https:\/\/www.facebook.com\/elregionalvm","article_published_time":"2020-08-28T23:56:07+00:00","article_modified_time":"2020-08-29T21:34:09+00:00","og_image":[{"width":1146,"height":781,"url":"http:\/\/elregionalvm.com.ar\/noticias-villa-maria\/wp-content\/uploads\/2020\/08\/La-Porte\u00f1a-primer-tren-.jpg","type":"image\/jpeg"}],"author":"Contenidos El Regional","twitter_card":"summary_large_image","twitter_creator":"@elregionalvm1","twitter_site":"@elregionalvm1","twitter_misc":{"Escrito por":"Contenidos El Regional","Tiempo de lectura":"4 minutos"},"schema":{"@context":"https:\/\/schema.org","@graph":[{"@type":"Article","@id":"http:\/\/elregionalvm.com.ar\/noticias-villa-maria\/a-163-anos-del-primer-viaje-en-tren-en-argentina\/#article","isPartOf":{"@id":"http:\/\/elregionalvm.com.ar\/noticias-villa-maria\/a-163-anos-del-primer-viaje-en-tren-en-argentina\/"},"author":{"name":"Contenidos El Regional","@id":"http:\/\/elregionalvm.com.ar\/noticias-villa-maria\/#\/schema\/person\/a0fb9c422317faca23d50163151bc354"},"headline":"A 163 a\u00f1os del primer viaje en tren en Argentina","datePublished":"2020-08-28T23:56:07+00:00","dateModified":"2020-08-29T21:34:09+00:00","mainEntityOfPage":{"@id":"http:\/\/elregionalvm.com.ar\/noticias-villa-maria\/a-163-anos-del-primer-viaje-en-tren-en-argentina\/"},"wordCount":837,"commentCount":0,"image":{"@id":"http:\/\/elregionalvm.com.ar\/noticias-villa-maria\/a-163-anos-del-primer-viaje-en-tren-en-argentina\/#primaryimage"},"thumbnailUrl":"https:\/\/i0.wp.com\/elregionalvm.com.ar\/noticias-villa-maria\/wp-content\/uploads\/2020\/08\/La-Porte%C3%B1a-primer-tren-.jpg?fit=1146%2C781&ssl=1","keywords":["Ferrocarril","Ferrocarril Oeste","La Porte\u00f1a","Primer tren"],"articleSection":["Historias","tercera","Videos"],"inLanguage":"es","potentialAction":[{"@type":"CommentAction","name":"Comment","target":["http:\/\/elregionalvm.com.ar\/noticias-villa-maria\/a-163-anos-del-primer-viaje-en-tren-en-argentina\/#respond"]}]},{"@type":"WebPage","@id":"http:\/\/elregionalvm.com.ar\/noticias-villa-maria\/a-163-anos-del-primer-viaje-en-tren-en-argentina\/","url":"http:\/\/elregionalvm.com.ar\/noticias-villa-maria\/a-163-anos-del-primer-viaje-en-tren-en-argentina\/","name":"A 163 a\u00f1os del primer viaje en tren en Argentina - El Regional","isPartOf":{"@id":"http:\/\/elregionalvm.com.ar\/noticias-villa-maria\/#website"},"primaryImageOfPage":{"@id":"http:\/\/elregionalvm.com.ar\/noticias-villa-maria\/a-163-anos-del-primer-viaje-en-tren-en-argentina\/#primaryimage"},"image":{"@id":"http:\/\/elregionalvm.com.ar\/noticias-villa-maria\/a-163-anos-del-primer-viaje-en-tren-en-argentina\/#primaryimage"},"thumbnailUrl":"https:\/\/i0.wp.com\/elregionalvm.com.ar\/noticias-villa-maria\/wp-content\/uploads\/2020\/08\/La-Porte%C3%B1a-primer-tren-.jpg?fit=1146%2C781&ssl=1","datePublished":"2020-08-28T23:56:07+00:00","dateModified":"2020-08-29T21:34:09+00:00","author":{"@id":"http:\/\/elregionalvm.com.ar\/noticias-villa-maria\/#\/schema\/person\/a0fb9c422317faca23d50163151bc354"},"description":"Fue el Ferrocarril del Oeste. En el primer viaje estuvieron Domingo Faustino Sarmiento, Bartolom\u00e9 Mitre, Dalmacio V\u00e9lez Sarsfield, entre otros.","breadcrumb":{"@id":"http:\/\/elregionalvm.com.ar\/noticias-villa-maria\/a-163-anos-del-primer-viaje-en-tren-en-argentina\/#breadcrumb"},"inLanguage":"es","potentialAction":[{"@type":"ReadAction","target":["http:\/\/elregionalvm.com.ar\/noticias-villa-maria\/a-163-anos-del-primer-viaje-en-tren-en-argentina\/"]}]},{"@type":"ImageObject","inLanguage":"es","@id":"http:\/\/elregionalvm.com.ar\/noticias-villa-maria\/a-163-anos-del-primer-viaje-en-tren-en-argentina\/#primaryimage","url":"https:\/\/i0.wp.com\/elregionalvm.com.ar\/noticias-villa-maria\/wp-content\/uploads\/2020\/08\/La-Porte%C3%B1a-primer-tren-.jpg?fit=1146%2C781&ssl=1","contentUrl":"https:\/\/i0.wp.com\/elregionalvm.com.ar\/noticias-villa-maria\/wp-content\/uploads\/2020\/08\/La-Porte%C3%B1a-primer-tren-.jpg?fit=1146%2C781&ssl=1","width":1146,"height":781},{"@type":"BreadcrumbList","@id":"http:\/\/elregionalvm.com.ar\/noticias-villa-maria\/a-163-anos-del-primer-viaje-en-tren-en-argentina\/#breadcrumb","itemListElement":[{"@type":"ListItem","position":1,"name":"Portada","item":"https:\/\/elregionalvm.com.ar\/noticias-villa-maria\/"},{"@type":"ListItem","position":2,"name":"A 163 a\u00f1os del primer viaje en tren en Argentina"}]},{"@type":"WebSite","@id":"http:\/\/elregionalvm.com.ar\/noticias-villa-maria\/#website","url":"http:\/\/elregionalvm.com.ar\/noticias-villa-maria\/","name":"El Regional","description":"Mucho m\u00e1s que informaci\u00f3n","potentialAction":[{"@type":"SearchAction","target":{"@type":"EntryPoint","urlTemplate":"http:\/\/elregionalvm.com.ar\/noticias-villa-maria\/?s={search_term_string}"},"query-input":{"@type":"PropertyValueSpecification","valueRequired":true,"valueName":"search_term_string"}}],"inLanguage":"es"},{"@type":"Person","@id":"http:\/\/elregionalvm.com.ar\/noticias-villa-maria\/#\/schema\/person\/a0fb9c422317faca23d50163151bc354","name":"Contenidos El Regional","image":{"@type":"ImageObject","inLanguage":"es","@id":"http:\/\/elregionalvm.com.ar\/noticias-villa-maria\/#\/schema\/person\/image\/","url":"https:\/\/secure.gravatar.com\/avatar\/265b27cb2209af7bb3a1318f03305787d7981a5cc6e6cd08fe5a4ecdf99d4b48?s=96&d=mm&r=g","contentUrl":"https:\/\/secure.gravatar.com\/avatar\/265b27cb2209af7bb3a1318f03305787d7981a5cc6e6cd08fe5a4ecdf99d4b48?s=96&d=mm&r=g","caption":"Contenidos El Regional"},"url":"https:\/\/elregionalvm.com.ar\/noticias-villa-maria\/author\/contenido\/"}]}},"jetpack_featured_media_url":"https:\/\/i0.wp.com\/elregionalvm.com.ar\/noticias-villa-maria\/wp-content\/uploads\/2020\/08\/La-Porte%C3%B1a-primer-tren-.jpg?fit=1146%2C781&ssl=1","jetpack_sharing_enabled":true,"_links":{"self":[{"href":"https:\/\/elregionalvm.com.ar\/noticias-villa-maria\/wp-json\/wp\/v2\/posts\/22826","targetHints":{"allow":["GET"]}}],"collection":[{"href":"https:\/\/elregionalvm.com.ar\/noticias-villa-maria\/wp-json\/wp\/v2\/posts"}],"about":[{"href":"https:\/\/elregionalvm.com.ar\/noticias-villa-maria\/wp-json\/wp\/v2\/types\/post"}],"author":[{"embeddable":true,"href":"https:\/\/elregionalvm.com.ar\/noticias-villa-maria\/wp-json\/wp\/v2\/users\/4"}],"replies":[{"embeddable":true,"href":"https:\/\/elregionalvm.com.ar\/noticias-villa-maria\/wp-json\/wp\/v2\/comments?post=22826"}],"version-history":[{"count":2,"href":"https:\/\/elregionalvm.com.ar\/noticias-villa-maria\/wp-json\/wp\/v2\/posts\/22826\/revisions"}],"predecessor-version":[{"id":22833,"href":"https:\/\/elregionalvm.com.ar\/noticias-villa-maria\/wp-json\/wp\/v2\/posts\/22826\/revisions\/22833"}],"wp:featuredmedia":[{"embeddable":true,"href":"https:\/\/elregionalvm.com.ar\/noticias-villa-maria\/wp-json\/wp\/v2\/media\/22828"}],"wp:attachment":[{"href":"https:\/\/elregionalvm.com.ar\/noticias-villa-maria\/wp-json\/wp\/v2\/media?parent=22826"}],"wp:term":[{"taxonomy":"category","embeddable":true,"href":"https:\/\/elregionalvm.com.ar\/noticias-villa-maria\/wp-json\/wp\/v2\/categories?post=22826"},{"taxonomy":"post_tag","embeddable":true,"href":"https:\/\/elregionalvm.com.ar\/noticias-villa-maria\/wp-json\/wp\/v2\/tags?post=22826"}],"curies":[{"name":"wp","href":"https:\/\/api.w.org\/{rel}","templated":true}]}}