{"id":22901,"date":"2020-08-30T01:49:02","date_gmt":"2020-08-30T01:49:02","guid":{"rendered":"https:\/\/elregionalvm.com.ar\/noticias-villa-maria\/?p=22901"},"modified":"2020-08-30T01:49:03","modified_gmt":"2020-08-30T01:49:03","slug":"luca-el-intendente-se-realizo-un-hisopado-preventivo","status":"publish","type":"post","link":"https:\/\/elregionalvm.com.ar\/noticias-villa-maria\/luca-el-intendente-se-realizo-un-hisopado-preventivo\/","title":{"rendered":"Luca: el intendente se realiz\u00f3 un hisopado preventivo"},"content":{"rendered":"\n<p>El intendente Augusto Arietti fue hisopado este s\u00e1bado por la tarde de manera preventiva por personal del Dispensario Municipal. El procedimiento se le realiz\u00f3 tras haber presentado un cuadro febril en horas de la madrugada.<\/p>\n\n\n\n<p>As\u00ed lo inform\u00f3 el joven jefe comunal a trav\u00e9s de las redes sociales. \u00abEn consecuencia, por estos d\u00edas estar\u00e9 cumpliendo con el aislamiento preventivo y obligatorio\u00bb, indic\u00f3. <\/p>\n\n\n\n<p>Salvo la fiebre, Arietti no presentaba hasta el s\u00e1bado por la noche otro tipo de s\u00edntomas, seg\u00fan coment\u00f3 a nuestro medio.<\/p>\n\n\n\n<p>\u00abRuego a todos los vecinos extremar las medidas de cuidado y evitar reuniones de cualquier tipo, que puedan aparejar situaciones indeseadas. Colaboremos con el enorme trabajo que todo el equipo de salud de nuestra unidad sanitaria est\u00e1 llevando adelante\u00bb, remarc\u00f3. <\/p>\n\n\n\n<p><strong>Hisopados y medidas <\/strong><\/p>\n\n\n\n<p>Mientras en la localidad se aguarda el resultado de los 13 hisopados realizados y varios vecinos se encuentran en aislamiento, de modo preventivo el municipio tom\u00f3 varias medidas.<\/p>\n\n\n\n<p>En este sentido, fueron suspendidas las actividades en bares, las pr\u00e1cticas deportivas y recreativas, y las celebraciones de cultos y misas. <\/p>\n","protected":false},"excerpt":{"rendered":"<p>El intendente Augusto Arietti fue hisopado este s\u00e1bado por la tarde de manera preventiva por personal del Dispensario Municipal. El procedimiento se le realiz\u00f3 tras haber presentado un cuadro febril en horas de la madrugada. As\u00ed lo inform\u00f3 el joven jefe comunal a trav\u00e9s de las redes sociales. \u00abEn consecuencia, por estos d\u00edas estar\u00e9 cumpliendo [&hellip;]<\/p>\n","protected":false},"author":4,"featured_media":22902,"comment_status":"open","ping_status":"open","sticky":false,"template":"","format":"standard","meta":{"site-sidebar-layout":"default","site-content-layout":"default","ast-site-content-layout":"default","site-content-style":"default","site-sidebar-style":"default","ast-global-header-display":"","ast-banner-title-visibility":"","ast-main-header-display":"","ast-hfb-above-header-display":"","ast-hfb-below-header-display":"","ast-hfb-mobile-header-display":"","site-post-title":"","ast-breadcrumbs-content":"","ast-featured-img":"","footer-sml-layout":"","ast-disable-related-posts":"","theme-transparent-header-meta":"default","adv-header-id-meta":"","stick-header-meta":"","header-above-stick-meta":"","header-main-stick-meta":"","header-below-stick-meta":"","astra-migrate-meta-layouts":"default","ast-page-background-enabled":"default","ast-page-background-meta":{"desktop":{"background-color":"","background-image":"","background-repeat":"repeat","background-position":"center center","background-size":"auto","background-attachment":"scroll","background-type":"","background-media":"","overlay-type":"","overlay-color":"","overlay-opacity":"","overlay-gradient":""},"tablet":{"background-color":"","background-image":"","background-repeat":"repeat","background-position":"center center","background-size":"auto","background-attachment":"scroll","background-type":"","background-media":"","overlay-type":"","overlay-color":"","overlay-opacity":"","overlay-gradient":""},"mobile":{"background-color":"","background-image":"","background-repeat":"repeat","background-position":"center center","background-size":"auto","background-attachment":"scroll","background-type":"","background-media":"","overlay-type":"","overlay-color":"","overlay-opacity":"","overlay-gradient":""}},"ast-content-background-meta":{"desktop":{"background-color":"var(--ast-global-color-5)","background-image":"","background-repeat":"repeat","background-position":"center center","background-size":"auto","background-attachment":"scroll","background-type":"","background-media":"","overlay-type":"","overlay-color":"","overlay-opacity":"","overlay-gradient":""},"tablet":{"background-color":"var(--ast-global-color-5)","background-image":"","background-repeat":"repeat","background-position":"center center","background-size":"auto","background-attachment":"scroll","background-type":"","background-media":"","overlay-type":"","overlay-color":"","overlay-opacity":"","overlay-gradient":""},"mobile":{"background-color":"var(--ast-global-color-5)","background-image":"","background-repeat":"repeat","background-position":"center center","background-size":"auto","background-attachment":"scroll","background-type":"","background-media":"","overlay-type":"","overlay-color":"","overlay-opacity":"","overlay-gradient":""}},"_jetpack_memberships_contains_paid_content":false,"_joinchat":[],"footnotes":""},"categories":[2256,2091],"tags":[3603,2054,1232,2129,68,1383],"class_list":["post-22901","post","type-post","status-publish","format-standard","has-post-thumbnail","hentry","category-coronavirus","category-region","tag-augusto-arietti","tag-covid-19","tag-destacado","tag-hisopado","tag-intendente","tag-luca"],"yoast_head":"<!-- This site is optimized with the Yoast SEO plugin v26.8 - https:\/\/yoast.com\/product\/yoast-seo-wordpress\/ -->\n<title>Luca: el intendente se realiz\u00f3 un hisopado preventivo - El Regional<\/title>\n<meta name=\"description\" content=\"Augusto Arietti fue hisopado de manera preventiva. El procedimiento se le realiz\u00f3 tras haber presentado un cuadro febril en horas de la madrugada.\" \/>\n<meta name=\"robots\" content=\"index, follow, max-snippet:-1, max-image-preview:large, max-video-preview:-1\" \/>\n<link rel=\"canonical\" href=\"http:\/\/elregionalvm.com.ar\/noticias-villa-maria\/luca-el-intendente-se-realizo-un-hisopado-preventivo\/\" \/>\n<meta property=\"og:locale\" content=\"es_ES\" \/>\n<meta property=\"og:type\" content=\"article\" \/>\n<meta property=\"og:title\" content=\"Luca: el intendente se realiz\u00f3 un hisopado preventivo - El Regional\" \/>\n<meta property=\"og:description\" content=\"Augusto Arietti fue hisopado de manera preventiva. El procedimiento se le realiz\u00f3 tras haber presentado un cuadro febril en horas de la madrugada.\" \/>\n<meta property=\"og:url\" content=\"http:\/\/elregionalvm.com.ar\/noticias-villa-maria\/luca-el-intendente-se-realizo-un-hisopado-preventivo\/\" \/>\n<meta property=\"og:site_name\" content=\"El Regional\" \/>\n<meta property=\"article:publisher\" content=\"https:\/\/www.facebook.com\/elregionalvm\" \/>\n<meta property=\"article:published_time\" content=\"2020-08-30T01:49:02+00:00\" \/>\n<meta property=\"article:modified_time\" content=\"2020-08-30T01:49:03+00:00\" \/>\n<meta property=\"og:image\" content=\"http:\/\/elregionalvm.com.ar\/noticias-villa-maria\/wp-content\/uploads\/2020\/08\/Luca-Augusto-Arietti.jpg\" \/>\n\t<meta property=\"og:image:width\" content=\"737\" \/>\n\t<meta property=\"og:image:height\" content=\"560\" \/>\n\t<meta property=\"og:image:type\" content=\"image\/jpeg\" \/>\n<meta name=\"author\" content=\"Contenidos El Regional\" \/>\n<meta name=\"twitter:card\" content=\"summary_large_image\" \/>\n<meta name=\"twitter:creator\" content=\"@elregionalvm1\" \/>\n<meta name=\"twitter:site\" content=\"@elregionalvm1\" \/>\n<meta name=\"twitter:label1\" content=\"Escrito por\" \/>\n\t<meta name=\"twitter:data1\" content=\"Contenidos El Regional\" \/>\n\t<meta name=\"twitter:label2\" content=\"Tiempo de lectura\" \/>\n\t<meta name=\"twitter:data2\" content=\"1 minuto\" \/>\n<script type=\"application\/ld+json\" class=\"yoast-schema-graph\">{\"@context\":\"https:\/\/schema.org\",\"@graph\":[{\"@type\":\"Article\",\"@id\":\"http:\/\/elregionalvm.com.ar\/noticias-villa-maria\/luca-el-intendente-se-realizo-un-hisopado-preventivo\/#article\",\"isPartOf\":{\"@id\":\"http:\/\/elregionalvm.com.ar\/noticias-villa-maria\/luca-el-intendente-se-realizo-un-hisopado-preventivo\/\"},\"author\":{\"name\":\"Contenidos El Regional\",\"@id\":\"http:\/\/elregionalvm.com.ar\/noticias-villa-maria\/#\/schema\/person\/a0fb9c422317faca23d50163151bc354\"},\"headline\":\"Luca: el intendente se realiz\u00f3 un hisopado preventivo\",\"datePublished\":\"2020-08-30T01:49:02+00:00\",\"dateModified\":\"2020-08-30T01:49:03+00:00\",\"mainEntityOfPage\":{\"@id\":\"http:\/\/elregionalvm.com.ar\/noticias-villa-maria\/luca-el-intendente-se-realizo-un-hisopado-preventivo\/\"},\"wordCount\":189,\"commentCount\":0,\"image\":{\"@id\":\"http:\/\/elregionalvm.com.ar\/noticias-villa-maria\/luca-el-intendente-se-realizo-un-hisopado-preventivo\/#primaryimage\"},\"thumbnailUrl\":\"https:\/\/i0.wp.com\/elregionalvm.com.ar\/noticias-villa-maria\/wp-content\/uploads\/2020\/08\/Luca-Augusto-Arietti.jpg?fit=737%2C560&ssl=1\",\"keywords\":[\"Augusto Arietti\",\"Covid-19\",\"destacado\",\"Hisopado\",\"intendente\",\"lUCA\"],\"articleSection\":[\"Coronavirus\",\"Regi\u00f3n\"],\"inLanguage\":\"es\",\"potentialAction\":[{\"@type\":\"CommentAction\",\"name\":\"Comment\",\"target\":[\"http:\/\/elregionalvm.com.ar\/noticias-villa-maria\/luca-el-intendente-se-realizo-un-hisopado-preventivo\/#respond\"]}]},{\"@type\":\"WebPage\",\"@id\":\"http:\/\/elregionalvm.com.ar\/noticias-villa-maria\/luca-el-intendente-se-realizo-un-hisopado-preventivo\/\",\"url\":\"http:\/\/elregionalvm.com.ar\/noticias-villa-maria\/luca-el-intendente-se-realizo-un-hisopado-preventivo\/\",\"name\":\"Luca: el intendente se realiz\u00f3 un hisopado preventivo - El Regional\",\"isPartOf\":{\"@id\":\"http:\/\/elregionalvm.com.ar\/noticias-villa-maria\/#website\"},\"primaryImageOfPage\":{\"@id\":\"http:\/\/elregionalvm.com.ar\/noticias-villa-maria\/luca-el-intendente-se-realizo-un-hisopado-preventivo\/#primaryimage\"},\"image\":{\"@id\":\"http:\/\/elregionalvm.com.ar\/noticias-villa-maria\/luca-el-intendente-se-realizo-un-hisopado-preventivo\/#primaryimage\"},\"thumbnailUrl\":\"https:\/\/i0.wp.com\/elregionalvm.com.ar\/noticias-villa-maria\/wp-content\/uploads\/2020\/08\/Luca-Augusto-Arietti.jpg?fit=737%2C560&ssl=1\",\"datePublished\":\"2020-08-30T01:49:02+00:00\",\"dateModified\":\"2020-08-30T01:49:03+00:00\",\"author\":{\"@id\":\"http:\/\/elregionalvm.com.ar\/noticias-villa-maria\/#\/schema\/person\/a0fb9c422317faca23d50163151bc354\"},\"description\":\"Augusto Arietti fue hisopado de manera preventiva. El procedimiento se le realiz\u00f3 tras haber presentado un cuadro febril en horas de la madrugada.\",\"breadcrumb\":{\"@id\":\"http:\/\/elregionalvm.com.ar\/noticias-villa-maria\/luca-el-intendente-se-realizo-un-hisopado-preventivo\/#breadcrumb\"},\"inLanguage\":\"es\",\"potentialAction\":[{\"@type\":\"ReadAction\",\"target\":[\"http:\/\/elregionalvm.com.ar\/noticias-villa-maria\/luca-el-intendente-se-realizo-un-hisopado-preventivo\/\"]}]},{\"@type\":\"ImageObject\",\"inLanguage\":\"es\",\"@id\":\"http:\/\/elregionalvm.com.ar\/noticias-villa-maria\/luca-el-intendente-se-realizo-un-hisopado-preventivo\/#primaryimage\",\"url\":\"https:\/\/i0.wp.com\/elregionalvm.com.ar\/noticias-villa-maria\/wp-content\/uploads\/2020\/08\/Luca-Augusto-Arietti.jpg?fit=737%2C560&ssl=1\",\"contentUrl\":\"https:\/\/i0.wp.com\/elregionalvm.com.ar\/noticias-villa-maria\/wp-content\/uploads\/2020\/08\/Luca-Augusto-Arietti.jpg?fit=737%2C560&ssl=1\",\"width\":737,\"height\":560},{\"@type\":\"BreadcrumbList\",\"@id\":\"http:\/\/elregionalvm.com.ar\/noticias-villa-maria\/luca-el-intendente-se-realizo-un-hisopado-preventivo\/#breadcrumb\",\"itemListElement\":[{\"@type\":\"ListItem\",\"position\":1,\"name\":\"Portada\",\"item\":\"https:\/\/elregionalvm.com.ar\/noticias-villa-maria\/\"},{\"@type\":\"ListItem\",\"position\":2,\"name\":\"Luca: el intendente se realiz\u00f3 un hisopado preventivo\"}]},{\"@type\":\"WebSite\",\"@id\":\"http:\/\/elregionalvm.com.ar\/noticias-villa-maria\/#website\",\"url\":\"http:\/\/elregionalvm.com.ar\/noticias-villa-maria\/\",\"name\":\"El Regional\",\"description\":\"Mucho m\u00e1s que informaci\u00f3n\",\"potentialAction\":[{\"@type\":\"SearchAction\",\"target\":{\"@type\":\"EntryPoint\",\"urlTemplate\":\"http:\/\/elregionalvm.com.ar\/noticias-villa-maria\/?s={search_term_string}\"},\"query-input\":{\"@type\":\"PropertyValueSpecification\",\"valueRequired\":true,\"valueName\":\"search_term_string\"}}],\"inLanguage\":\"es\"},{\"@type\":\"Person\",\"@id\":\"http:\/\/elregionalvm.com.ar\/noticias-villa-maria\/#\/schema\/person\/a0fb9c422317faca23d50163151bc354\",\"name\":\"Contenidos El Regional\",\"image\":{\"@type\":\"ImageObject\",\"inLanguage\":\"es\",\"@id\":\"http:\/\/elregionalvm.com.ar\/noticias-villa-maria\/#\/schema\/person\/image\/\",\"url\":\"https:\/\/secure.gravatar.com\/avatar\/265b27cb2209af7bb3a1318f03305787d7981a5cc6e6cd08fe5a4ecdf99d4b48?s=96&d=mm&r=g\",\"contentUrl\":\"https:\/\/secure.gravatar.com\/avatar\/265b27cb2209af7bb3a1318f03305787d7981a5cc6e6cd08fe5a4ecdf99d4b48?s=96&d=mm&r=g\",\"caption\":\"Contenidos El Regional\"},\"url\":\"https:\/\/elregionalvm.com.ar\/noticias-villa-maria\/author\/contenido\/\"}]}<\/script>\n<!-- \/ Yoast SEO plugin. -->","yoast_head_json":{"title":"Luca: el intendente se realiz\u00f3 un hisopado preventivo - El Regional","description":"Augusto Arietti fue hisopado de manera preventiva. El procedimiento se le realiz\u00f3 tras haber presentado un cuadro febril en horas de la madrugada.","robots":{"index":"index","follow":"follow","max-snippet":"max-snippet:-1","max-image-preview":"max-image-preview:large","max-video-preview":"max-video-preview:-1"},"canonical":"http:\/\/elregionalvm.com.ar\/noticias-villa-maria\/luca-el-intendente-se-realizo-un-hisopado-preventivo\/","og_locale":"es_ES","og_type":"article","og_title":"Luca: el intendente se realiz\u00f3 un hisopado preventivo - El Regional","og_description":"Augusto Arietti fue hisopado de manera preventiva. El procedimiento se le realiz\u00f3 tras haber presentado un cuadro febril en horas de la madrugada.","og_url":"http:\/\/elregionalvm.com.ar\/noticias-villa-maria\/luca-el-intendente-se-realizo-un-hisopado-preventivo\/","og_site_name":"El Regional","article_publisher":"https:\/\/www.facebook.com\/elregionalvm","article_published_time":"2020-08-30T01:49:02+00:00","article_modified_time":"2020-08-30T01:49:03+00:00","og_image":[{"width":737,"height":560,"url":"http:\/\/elregionalvm.com.ar\/noticias-villa-maria\/wp-content\/uploads\/2020\/08\/Luca-Augusto-Arietti.jpg","type":"image\/jpeg"}],"author":"Contenidos El Regional","twitter_card":"summary_large_image","twitter_creator":"@elregionalvm1","twitter_site":"@elregionalvm1","twitter_misc":{"Escrito por":"Contenidos El Regional","Tiempo de lectura":"1 minuto"},"schema":{"@context":"https:\/\/schema.org","@graph":[{"@type":"Article","@id":"http:\/\/elregionalvm.com.ar\/noticias-villa-maria\/luca-el-intendente-se-realizo-un-hisopado-preventivo\/#article","isPartOf":{"@id":"http:\/\/elregionalvm.com.ar\/noticias-villa-maria\/luca-el-intendente-se-realizo-un-hisopado-preventivo\/"},"author":{"name":"Contenidos El Regional","@id":"http:\/\/elregionalvm.com.ar\/noticias-villa-maria\/#\/schema\/person\/a0fb9c422317faca23d50163151bc354"},"headline":"Luca: el intendente se realiz\u00f3 un hisopado preventivo","datePublished":"2020-08-30T01:49:02+00:00","dateModified":"2020-08-30T01:49:03+00:00","mainEntityOfPage":{"@id":"http:\/\/elregionalvm.com.ar\/noticias-villa-maria\/luca-el-intendente-se-realizo-un-hisopado-preventivo\/"},"wordCount":189,"commentCount":0,"image":{"@id":"http:\/\/elregionalvm.com.ar\/noticias-villa-maria\/luca-el-intendente-se-realizo-un-hisopado-preventivo\/#primaryimage"},"thumbnailUrl":"https:\/\/i0.wp.com\/elregionalvm.com.ar\/noticias-villa-maria\/wp-content\/uploads\/2020\/08\/Luca-Augusto-Arietti.jpg?fit=737%2C560&ssl=1","keywords":["Augusto Arietti","Covid-19","destacado","Hisopado","intendente","lUCA"],"articleSection":["Coronavirus","Regi\u00f3n"],"inLanguage":"es","potentialAction":[{"@type":"CommentAction","name":"Comment","target":["http:\/\/elregionalvm.com.ar\/noticias-villa-maria\/luca-el-intendente-se-realizo-un-hisopado-preventivo\/#respond"]}]},{"@type":"WebPage","@id":"http:\/\/elregionalvm.com.ar\/noticias-villa-maria\/luca-el-intendente-se-realizo-un-hisopado-preventivo\/","url":"http:\/\/elregionalvm.com.ar\/noticias-villa-maria\/luca-el-intendente-se-realizo-un-hisopado-preventivo\/","name":"Luca: el intendente se realiz\u00f3 un hisopado preventivo - El Regional","isPartOf":{"@id":"http:\/\/elregionalvm.com.ar\/noticias-villa-maria\/#website"},"primaryImageOfPage":{"@id":"http:\/\/elregionalvm.com.ar\/noticias-villa-maria\/luca-el-intendente-se-realizo-un-hisopado-preventivo\/#primaryimage"},"image":{"@id":"http:\/\/elregionalvm.com.ar\/noticias-villa-maria\/luca-el-intendente-se-realizo-un-hisopado-preventivo\/#primaryimage"},"thumbnailUrl":"https:\/\/i0.wp.com\/elregionalvm.com.ar\/noticias-villa-maria\/wp-content\/uploads\/2020\/08\/Luca-Augusto-Arietti.jpg?fit=737%2C560&ssl=1","datePublished":"2020-08-30T01:49:02+00:00","dateModified":"2020-08-30T01:49:03+00:00","author":{"@id":"http:\/\/elregionalvm.com.ar\/noticias-villa-maria\/#\/schema\/person\/a0fb9c422317faca23d50163151bc354"},"description":"Augusto Arietti fue hisopado de manera preventiva. El procedimiento se le realiz\u00f3 tras haber presentado un cuadro febril en horas de la madrugada.","breadcrumb":{"@id":"http:\/\/elregionalvm.com.ar\/noticias-villa-maria\/luca-el-intendente-se-realizo-un-hisopado-preventivo\/#breadcrumb"},"inLanguage":"es","potentialAction":[{"@type":"ReadAction","target":["http:\/\/elregionalvm.com.ar\/noticias-villa-maria\/luca-el-intendente-se-realizo-un-hisopado-preventivo\/"]}]},{"@type":"ImageObject","inLanguage":"es","@id":"http:\/\/elregionalvm.com.ar\/noticias-villa-maria\/luca-el-intendente-se-realizo-un-hisopado-preventivo\/#primaryimage","url":"https:\/\/i0.wp.com\/elregionalvm.com.ar\/noticias-villa-maria\/wp-content\/uploads\/2020\/08\/Luca-Augusto-Arietti.jpg?fit=737%2C560&ssl=1","contentUrl":"https:\/\/i0.wp.com\/elregionalvm.com.ar\/noticias-villa-maria\/wp-content\/uploads\/2020\/08\/Luca-Augusto-Arietti.jpg?fit=737%2C560&ssl=1","width":737,"height":560},{"@type":"BreadcrumbList","@id":"http:\/\/elregionalvm.com.ar\/noticias-villa-maria\/luca-el-intendente-se-realizo-un-hisopado-preventivo\/#breadcrumb","itemListElement":[{"@type":"ListItem","position":1,"name":"Portada","item":"https:\/\/elregionalvm.com.ar\/noticias-villa-maria\/"},{"@type":"ListItem","position":2,"name":"Luca: el intendente se realiz\u00f3 un hisopado preventivo"}]},{"@type":"WebSite","@id":"http:\/\/elregionalvm.com.ar\/noticias-villa-maria\/#website","url":"http:\/\/elregionalvm.com.ar\/noticias-villa-maria\/","name":"El Regional","description":"Mucho m\u00e1s que informaci\u00f3n","potentialAction":[{"@type":"SearchAction","target":{"@type":"EntryPoint","urlTemplate":"http:\/\/elregionalvm.com.ar\/noticias-villa-maria\/?s={search_term_string}"},"query-input":{"@type":"PropertyValueSpecification","valueRequired":true,"valueName":"search_term_string"}}],"inLanguage":"es"},{"@type":"Person","@id":"http:\/\/elregionalvm.com.ar\/noticias-villa-maria\/#\/schema\/person\/a0fb9c422317faca23d50163151bc354","name":"Contenidos El Regional","image":{"@type":"ImageObject","inLanguage":"es","@id":"http:\/\/elregionalvm.com.ar\/noticias-villa-maria\/#\/schema\/person\/image\/","url":"https:\/\/secure.gravatar.com\/avatar\/265b27cb2209af7bb3a1318f03305787d7981a5cc6e6cd08fe5a4ecdf99d4b48?s=96&d=mm&r=g","contentUrl":"https:\/\/secure.gravatar.com\/avatar\/265b27cb2209af7bb3a1318f03305787d7981a5cc6e6cd08fe5a4ecdf99d4b48?s=96&d=mm&r=g","caption":"Contenidos El Regional"},"url":"https:\/\/elregionalvm.com.ar\/noticias-villa-maria\/author\/contenido\/"}]}},"jetpack_featured_media_url":"https:\/\/i0.wp.com\/elregionalvm.com.ar\/noticias-villa-maria\/wp-content\/uploads\/2020\/08\/Luca-Augusto-Arietti.jpg?fit=737%2C560&ssl=1","jetpack_sharing_enabled":true,"_links":{"self":[{"href":"https:\/\/elregionalvm.com.ar\/noticias-villa-maria\/wp-json\/wp\/v2\/posts\/22901","targetHints":{"allow":["GET"]}}],"collection":[{"href":"https:\/\/elregionalvm.com.ar\/noticias-villa-maria\/wp-json\/wp\/v2\/posts"}],"about":[{"href":"https:\/\/elregionalvm.com.ar\/noticias-villa-maria\/wp-json\/wp\/v2\/types\/post"}],"author":[{"embeddable":true,"href":"https:\/\/elregionalvm.com.ar\/noticias-villa-maria\/wp-json\/wp\/v2\/users\/4"}],"replies":[{"embeddable":true,"href":"https:\/\/elregionalvm.com.ar\/noticias-villa-maria\/wp-json\/wp\/v2\/comments?post=22901"}],"version-history":[{"count":1,"href":"https:\/\/elregionalvm.com.ar\/noticias-villa-maria\/wp-json\/wp\/v2\/posts\/22901\/revisions"}],"predecessor-version":[{"id":22903,"href":"https:\/\/elregionalvm.com.ar\/noticias-villa-maria\/wp-json\/wp\/v2\/posts\/22901\/revisions\/22903"}],"wp:featuredmedia":[{"embeddable":true,"href":"https:\/\/elregionalvm.com.ar\/noticias-villa-maria\/wp-json\/wp\/v2\/media\/22902"}],"wp:attachment":[{"href":"https:\/\/elregionalvm.com.ar\/noticias-villa-maria\/wp-json\/wp\/v2\/media?parent=22901"}],"wp:term":[{"taxonomy":"category","embeddable":true,"href":"https:\/\/elregionalvm.com.ar\/noticias-villa-maria\/wp-json\/wp\/v2\/categories?post=22901"},{"taxonomy":"post_tag","embeddable":true,"href":"https:\/\/elregionalvm.com.ar\/noticias-villa-maria\/wp-json\/wp\/v2\/tags?post=22901"}],"curies":[{"name":"wp","href":"https:\/\/api.w.org\/{rel}","templated":true}]}}