{"id":22928,"date":"2020-08-30T23:08:29","date_gmt":"2020-08-30T23:08:29","guid":{"rendered":"https:\/\/elregionalvm.com.ar\/noticias-villa-maria\/?p=22928"},"modified":"2020-08-31T12:06:24","modified_gmt":"2020-08-31T12:06:24","slug":"presentan-un-laboratorio-sensible-de-lectoescritura","status":"publish","type":"post","link":"https:\/\/elregionalvm.com.ar\/noticias-villa-maria\/presentan-un-laboratorio-sensible-de-lectoescritura\/","title":{"rendered":"Presentan un Laboratorio Sensible de Lectoescritura"},"content":{"rendered":"\n<p><strong>Se trata de una invitaci\u00f3n para experimentar la lectura y la escritura de manera conjunta desde la virtualidad. Se realizar\u00e1 en dos encuentros, el 14 y 17 de septiembre de 19 a 21<\/strong> <strong>horas. <\/strong><\/p>\n\n\n\n<p>A partir de la idea de la literatura como posibilidad de encuentro, incluso en tiempos de distanciamiento social, el&nbsp; \u201cLaboratorio Sensible de Lectoescritura\u201d pone en juego el proceso de lectura y escritura como una pr\u00e1ctica sensible, afectiva y pol\u00edtica. <\/p>\n\n\n\n<p>\u00bfDe qu\u00e9 manera? A trav\u00e9s de una propuesta l\u00fadica de encuentro e indagaci\u00f3n para armar una comunidad que haga cosas con palabras pero, tambi\u00e9n, que le haga cosas a las palabras.&nbsp;<\/p>\n\n\n\n<p>La propuesta se realizar\u00e1 el lunes 14 y jueves 17 de septiembre de 19 a 21 horas de manera virtual.  Estar\u00e1 a cargo de Carolina Rodriguero y Sol Aguirre.<\/p>\n\n\n\n<p>En el primer encuentro se realizar\u00e1 una lectura com\u00fan&nbsp; de un&nbsp;corpus de fragmentos de textos de diversos autores que, en general, hablan sobre diferentes maneras de entender lo literario (aunque no se limitan s\u00f3lo a esto).&nbsp;<\/p>\n\n\n\n<p><strong>Encuentros<\/strong><\/p>\n\n\n\n<p>En el segundo encuentro, se realizar\u00e1n actividades para poner en juego operaciones de montaje de textos, im\u00e1genes y voces. As\u00ed, en ambas instancias, se activar\u00e1 una intervenci\u00f3n\/\u00bbobra\u00bb a partir de la&nbsp; din\u00e1mica conjunta.<\/p>\n\n\n\n<p>\u201cDe este modo, buscamos desestabilizar modos normalizadores y codificados de leer y escribir que obran como pr\u00e1cticas regulatorias del cuerpo. Intentaremos desteologizar el proceso de lectoescritura, lo que supone resquebrajar sermones y prescripciones que rigen al momento de&nbsp; emprender la pr\u00e1ctica e impiden transitarla como un recorrido que va activando palabras sobre el papel y cuyo vector es el movimiento. As\u00ed, pretendemos arriesgar posibilidades po\u00e9ticas para articular una experiencia en com\u00fan de cuerpo-lenguaje (y pantalla)\u201d, detall\u00f3 Carolina Rodriguero, una de las promotoras del laboratorio.<\/p>\n\n\n\n<p>Los interesados pueden realizar consultas o inscribirse al mail <a href=\"mailto:laboratoriolectoescritura@gmail.com\" target=\"_blank\" rel=\"noreferrer noopener\">laboratoriolectoescritura@gmail.com<\/a><\/p>\n","protected":false},"excerpt":{"rendered":"<p>Se trata de una invitaci\u00f3n para experimentar la lectura y la escritura de manera conjunta desde la virtualidad. Se realizar\u00e1 en dos encuentros, el 14 y 17 de septiembre de 19 a 21 horas. A partir de la idea de la literatura como posibilidad de encuentro, incluso en tiempos de distanciamiento social, el&nbsp; \u201cLaboratorio Sensible [&hellip;]<\/p>\n","protected":false},"author":4,"featured_media":22929,"comment_status":"open","ping_status":"open","sticky":false,"template":"","format":"standard","meta":{"site-sidebar-layout":"default","site-content-layout":"default","ast-site-content-layout":"default","site-content-style":"default","site-sidebar-style":"default","ast-global-header-display":"","ast-banner-title-visibility":"","ast-main-header-display":"","ast-hfb-above-header-display":"","ast-hfb-below-header-display":"","ast-hfb-mobile-header-display":"","site-post-title":"","ast-breadcrumbs-content":"","ast-featured-img":"","footer-sml-layout":"","ast-disable-related-posts":"","theme-transparent-header-meta":"default","adv-header-id-meta":"","stick-header-meta":"","header-above-stick-meta":"","header-main-stick-meta":"","header-below-stick-meta":"","astra-migrate-meta-layouts":"default","ast-page-background-enabled":"default","ast-page-background-meta":{"desktop":{"background-color":"","background-image":"","background-repeat":"repeat","background-position":"center center","background-size":"auto","background-attachment":"scroll","background-type":"","background-media":"","overlay-type":"","overlay-color":"","overlay-opacity":"","overlay-gradient":""},"tablet":{"background-color":"","background-image":"","background-repeat":"repeat","background-position":"center center","background-size":"auto","background-attachment":"scroll","background-type":"","background-media":"","overlay-type":"","overlay-color":"","overlay-opacity":"","overlay-gradient":""},"mobile":{"background-color":"","background-image":"","background-repeat":"repeat","background-position":"center center","background-size":"auto","background-attachment":"scroll","background-type":"","background-media":"","overlay-type":"","overlay-color":"","overlay-opacity":"","overlay-gradient":""}},"ast-content-background-meta":{"desktop":{"background-color":"var(--ast-global-color-5)","background-image":"","background-repeat":"repeat","background-position":"center center","background-size":"auto","background-attachment":"scroll","background-type":"","background-media":"","overlay-type":"","overlay-color":"","overlay-opacity":"","overlay-gradient":""},"tablet":{"background-color":"var(--ast-global-color-5)","background-image":"","background-repeat":"repeat","background-position":"center center","background-size":"auto","background-attachment":"scroll","background-type":"","background-media":"","overlay-type":"","overlay-color":"","overlay-opacity":"","overlay-gradient":""},"mobile":{"background-color":"var(--ast-global-color-5)","background-image":"","background-repeat":"repeat","background-position":"center center","background-size":"auto","background-attachment":"scroll","background-type":"","background-media":"","overlay-type":"","overlay-color":"","overlay-opacity":"","overlay-gradient":""}},"_jetpack_memberships_contains_paid_content":false,"_joinchat":[],"footnotes":""},"categories":[2068],"tags":[3614,3612,3611,3613],"class_list":["post-22928","post","type-post","status-publish","format-standard","has-post-thumbnail","hentry","category-cultura-deporte","tag-encuentros","tag-laboratorio-sensible","tag-lectoescritura","tag-virtualidad"],"yoast_head":"<!-- This site is optimized with the Yoast SEO plugin v26.8 - https:\/\/yoast.com\/product\/yoast-seo-wordpress\/ -->\n<title>Presentan un Laboratorio Sensible de Lectoescritura - El Regional<\/title>\n<meta name=\"description\" content=\"Se trata de una invitaci\u00f3n para experimentar la lectura y la escritura de manera conjunta desde la virtualidad. Se realizar\u00e1 en dos encuentros.\" \/>\n<meta name=\"robots\" content=\"index, follow, max-snippet:-1, max-image-preview:large, max-video-preview:-1\" \/>\n<link rel=\"canonical\" href=\"http:\/\/elregionalvm.com.ar\/noticias-villa-maria\/presentan-un-laboratorio-sensible-de-lectoescritura\/\" \/>\n<meta property=\"og:locale\" content=\"es_ES\" \/>\n<meta property=\"og:type\" content=\"article\" \/>\n<meta property=\"og:title\" content=\"Presentan un Laboratorio Sensible de Lectoescritura - El Regional\" \/>\n<meta property=\"og:description\" content=\"Se trata de una invitaci\u00f3n para experimentar la lectura y la escritura de manera conjunta desde la virtualidad. Se realizar\u00e1 en dos encuentros.\" \/>\n<meta property=\"og:url\" content=\"http:\/\/elregionalvm.com.ar\/noticias-villa-maria\/presentan-un-laboratorio-sensible-de-lectoescritura\/\" \/>\n<meta property=\"og:site_name\" content=\"El Regional\" \/>\n<meta property=\"article:publisher\" content=\"https:\/\/www.facebook.com\/elregionalvm\" \/>\n<meta property=\"article:published_time\" content=\"2020-08-30T23:08:29+00:00\" \/>\n<meta property=\"article:modified_time\" content=\"2020-08-31T12:06:24+00:00\" \/>\n<meta property=\"og:image\" content=\"http:\/\/elregionalvm.com.ar\/noticias-villa-maria\/wp-content\/uploads\/2020\/08\/Versos-que-vuelan.jpg\" \/>\n\t<meta property=\"og:image:width\" content=\"1197\" \/>\n\t<meta property=\"og:image:height\" content=\"802\" \/>\n\t<meta property=\"og:image:type\" content=\"image\/jpeg\" \/>\n<meta name=\"author\" content=\"Contenidos El Regional\" \/>\n<meta name=\"twitter:card\" content=\"summary_large_image\" \/>\n<meta name=\"twitter:creator\" content=\"@elregionalvm1\" \/>\n<meta name=\"twitter:site\" content=\"@elregionalvm1\" \/>\n<meta name=\"twitter:label1\" content=\"Escrito por\" \/>\n\t<meta name=\"twitter:data1\" content=\"Contenidos El Regional\" \/>\n\t<meta name=\"twitter:label2\" content=\"Tiempo de lectura\" \/>\n\t<meta name=\"twitter:data2\" content=\"2 minutos\" \/>\n<script type=\"application\/ld+json\" class=\"yoast-schema-graph\">{\"@context\":\"https:\/\/schema.org\",\"@graph\":[{\"@type\":\"Article\",\"@id\":\"http:\/\/elregionalvm.com.ar\/noticias-villa-maria\/presentan-un-laboratorio-sensible-de-lectoescritura\/#article\",\"isPartOf\":{\"@id\":\"http:\/\/elregionalvm.com.ar\/noticias-villa-maria\/presentan-un-laboratorio-sensible-de-lectoescritura\/\"},\"author\":{\"name\":\"Contenidos El Regional\",\"@id\":\"http:\/\/elregionalvm.com.ar\/noticias-villa-maria\/#\/schema\/person\/a0fb9c422317faca23d50163151bc354\"},\"headline\":\"Presentan un Laboratorio Sensible de Lectoescritura\",\"datePublished\":\"2020-08-30T23:08:29+00:00\",\"dateModified\":\"2020-08-31T12:06:24+00:00\",\"mainEntityOfPage\":{\"@id\":\"http:\/\/elregionalvm.com.ar\/noticias-villa-maria\/presentan-un-laboratorio-sensible-de-lectoescritura\/\"},\"wordCount\":323,\"commentCount\":0,\"image\":{\"@id\":\"http:\/\/elregionalvm.com.ar\/noticias-villa-maria\/presentan-un-laboratorio-sensible-de-lectoescritura\/#primaryimage\"},\"thumbnailUrl\":\"https:\/\/i0.wp.com\/elregionalvm.com.ar\/noticias-villa-maria\/wp-content\/uploads\/2020\/08\/Versos-que-vuelan.jpg?fit=1197%2C802&ssl=1\",\"keywords\":[\"Encuentros\",\"Laboratorio Sensible\",\"Lectoescritura\",\"Virtualidad\"],\"articleSection\":[\"Cultura\"],\"inLanguage\":\"es\",\"potentialAction\":[{\"@type\":\"CommentAction\",\"name\":\"Comment\",\"target\":[\"http:\/\/elregionalvm.com.ar\/noticias-villa-maria\/presentan-un-laboratorio-sensible-de-lectoescritura\/#respond\"]}]},{\"@type\":\"WebPage\",\"@id\":\"http:\/\/elregionalvm.com.ar\/noticias-villa-maria\/presentan-un-laboratorio-sensible-de-lectoescritura\/\",\"url\":\"http:\/\/elregionalvm.com.ar\/noticias-villa-maria\/presentan-un-laboratorio-sensible-de-lectoescritura\/\",\"name\":\"Presentan un Laboratorio Sensible de Lectoescritura - El Regional\",\"isPartOf\":{\"@id\":\"http:\/\/elregionalvm.com.ar\/noticias-villa-maria\/#website\"},\"primaryImageOfPage\":{\"@id\":\"http:\/\/elregionalvm.com.ar\/noticias-villa-maria\/presentan-un-laboratorio-sensible-de-lectoescritura\/#primaryimage\"},\"image\":{\"@id\":\"http:\/\/elregionalvm.com.ar\/noticias-villa-maria\/presentan-un-laboratorio-sensible-de-lectoescritura\/#primaryimage\"},\"thumbnailUrl\":\"https:\/\/i0.wp.com\/elregionalvm.com.ar\/noticias-villa-maria\/wp-content\/uploads\/2020\/08\/Versos-que-vuelan.jpg?fit=1197%2C802&ssl=1\",\"datePublished\":\"2020-08-30T23:08:29+00:00\",\"dateModified\":\"2020-08-31T12:06:24+00:00\",\"author\":{\"@id\":\"http:\/\/elregionalvm.com.ar\/noticias-villa-maria\/#\/schema\/person\/a0fb9c422317faca23d50163151bc354\"},\"description\":\"Se trata de una invitaci\u00f3n para experimentar la lectura y la escritura de manera conjunta desde la virtualidad. Se realizar\u00e1 en dos encuentros.\",\"breadcrumb\":{\"@id\":\"http:\/\/elregionalvm.com.ar\/noticias-villa-maria\/presentan-un-laboratorio-sensible-de-lectoescritura\/#breadcrumb\"},\"inLanguage\":\"es\",\"potentialAction\":[{\"@type\":\"ReadAction\",\"target\":[\"http:\/\/elregionalvm.com.ar\/noticias-villa-maria\/presentan-un-laboratorio-sensible-de-lectoescritura\/\"]}]},{\"@type\":\"ImageObject\",\"inLanguage\":\"es\",\"@id\":\"http:\/\/elregionalvm.com.ar\/noticias-villa-maria\/presentan-un-laboratorio-sensible-de-lectoescritura\/#primaryimage\",\"url\":\"https:\/\/i0.wp.com\/elregionalvm.com.ar\/noticias-villa-maria\/wp-content\/uploads\/2020\/08\/Versos-que-vuelan.jpg?fit=1197%2C802&ssl=1\",\"contentUrl\":\"https:\/\/i0.wp.com\/elregionalvm.com.ar\/noticias-villa-maria\/wp-content\/uploads\/2020\/08\/Versos-que-vuelan.jpg?fit=1197%2C802&ssl=1\",\"width\":1197,\"height\":802},{\"@type\":\"BreadcrumbList\",\"@id\":\"http:\/\/elregionalvm.com.ar\/noticias-villa-maria\/presentan-un-laboratorio-sensible-de-lectoescritura\/#breadcrumb\",\"itemListElement\":[{\"@type\":\"ListItem\",\"position\":1,\"name\":\"Portada\",\"item\":\"https:\/\/elregionalvm.com.ar\/noticias-villa-maria\/\"},{\"@type\":\"ListItem\",\"position\":2,\"name\":\"Presentan un Laboratorio Sensible de Lectoescritura\"}]},{\"@type\":\"WebSite\",\"@id\":\"http:\/\/elregionalvm.com.ar\/noticias-villa-maria\/#website\",\"url\":\"http:\/\/elregionalvm.com.ar\/noticias-villa-maria\/\",\"name\":\"El Regional\",\"description\":\"Mucho m\u00e1s que informaci\u00f3n\",\"potentialAction\":[{\"@type\":\"SearchAction\",\"target\":{\"@type\":\"EntryPoint\",\"urlTemplate\":\"http:\/\/elregionalvm.com.ar\/noticias-villa-maria\/?s={search_term_string}\"},\"query-input\":{\"@type\":\"PropertyValueSpecification\",\"valueRequired\":true,\"valueName\":\"search_term_string\"}}],\"inLanguage\":\"es\"},{\"@type\":\"Person\",\"@id\":\"http:\/\/elregionalvm.com.ar\/noticias-villa-maria\/#\/schema\/person\/a0fb9c422317faca23d50163151bc354\",\"name\":\"Contenidos El Regional\",\"image\":{\"@type\":\"ImageObject\",\"inLanguage\":\"es\",\"@id\":\"http:\/\/elregionalvm.com.ar\/noticias-villa-maria\/#\/schema\/person\/image\/\",\"url\":\"https:\/\/secure.gravatar.com\/avatar\/265b27cb2209af7bb3a1318f03305787d7981a5cc6e6cd08fe5a4ecdf99d4b48?s=96&d=mm&r=g\",\"contentUrl\":\"https:\/\/secure.gravatar.com\/avatar\/265b27cb2209af7bb3a1318f03305787d7981a5cc6e6cd08fe5a4ecdf99d4b48?s=96&d=mm&r=g\",\"caption\":\"Contenidos El Regional\"},\"url\":\"https:\/\/elregionalvm.com.ar\/noticias-villa-maria\/author\/contenido\/\"}]}<\/script>\n<!-- \/ Yoast SEO plugin. -->","yoast_head_json":{"title":"Presentan un Laboratorio Sensible de Lectoescritura - El Regional","description":"Se trata de una invitaci\u00f3n para experimentar la lectura y la escritura de manera conjunta desde la virtualidad. Se realizar\u00e1 en dos encuentros.","robots":{"index":"index","follow":"follow","max-snippet":"max-snippet:-1","max-image-preview":"max-image-preview:large","max-video-preview":"max-video-preview:-1"},"canonical":"http:\/\/elregionalvm.com.ar\/noticias-villa-maria\/presentan-un-laboratorio-sensible-de-lectoescritura\/","og_locale":"es_ES","og_type":"article","og_title":"Presentan un Laboratorio Sensible de Lectoescritura - El Regional","og_description":"Se trata de una invitaci\u00f3n para experimentar la lectura y la escritura de manera conjunta desde la virtualidad. Se realizar\u00e1 en dos encuentros.","og_url":"http:\/\/elregionalvm.com.ar\/noticias-villa-maria\/presentan-un-laboratorio-sensible-de-lectoescritura\/","og_site_name":"El Regional","article_publisher":"https:\/\/www.facebook.com\/elregionalvm","article_published_time":"2020-08-30T23:08:29+00:00","article_modified_time":"2020-08-31T12:06:24+00:00","og_image":[{"width":1197,"height":802,"url":"http:\/\/elregionalvm.com.ar\/noticias-villa-maria\/wp-content\/uploads\/2020\/08\/Versos-que-vuelan.jpg","type":"image\/jpeg"}],"author":"Contenidos El Regional","twitter_card":"summary_large_image","twitter_creator":"@elregionalvm1","twitter_site":"@elregionalvm1","twitter_misc":{"Escrito por":"Contenidos El Regional","Tiempo de lectura":"2 minutos"},"schema":{"@context":"https:\/\/schema.org","@graph":[{"@type":"Article","@id":"http:\/\/elregionalvm.com.ar\/noticias-villa-maria\/presentan-un-laboratorio-sensible-de-lectoescritura\/#article","isPartOf":{"@id":"http:\/\/elregionalvm.com.ar\/noticias-villa-maria\/presentan-un-laboratorio-sensible-de-lectoescritura\/"},"author":{"name":"Contenidos El Regional","@id":"http:\/\/elregionalvm.com.ar\/noticias-villa-maria\/#\/schema\/person\/a0fb9c422317faca23d50163151bc354"},"headline":"Presentan un Laboratorio Sensible de Lectoescritura","datePublished":"2020-08-30T23:08:29+00:00","dateModified":"2020-08-31T12:06:24+00:00","mainEntityOfPage":{"@id":"http:\/\/elregionalvm.com.ar\/noticias-villa-maria\/presentan-un-laboratorio-sensible-de-lectoescritura\/"},"wordCount":323,"commentCount":0,"image":{"@id":"http:\/\/elregionalvm.com.ar\/noticias-villa-maria\/presentan-un-laboratorio-sensible-de-lectoescritura\/#primaryimage"},"thumbnailUrl":"https:\/\/i0.wp.com\/elregionalvm.com.ar\/noticias-villa-maria\/wp-content\/uploads\/2020\/08\/Versos-que-vuelan.jpg?fit=1197%2C802&ssl=1","keywords":["Encuentros","Laboratorio Sensible","Lectoescritura","Virtualidad"],"articleSection":["Cultura"],"inLanguage":"es","potentialAction":[{"@type":"CommentAction","name":"Comment","target":["http:\/\/elregionalvm.com.ar\/noticias-villa-maria\/presentan-un-laboratorio-sensible-de-lectoescritura\/#respond"]}]},{"@type":"WebPage","@id":"http:\/\/elregionalvm.com.ar\/noticias-villa-maria\/presentan-un-laboratorio-sensible-de-lectoescritura\/","url":"http:\/\/elregionalvm.com.ar\/noticias-villa-maria\/presentan-un-laboratorio-sensible-de-lectoescritura\/","name":"Presentan un Laboratorio Sensible de Lectoescritura - El Regional","isPartOf":{"@id":"http:\/\/elregionalvm.com.ar\/noticias-villa-maria\/#website"},"primaryImageOfPage":{"@id":"http:\/\/elregionalvm.com.ar\/noticias-villa-maria\/presentan-un-laboratorio-sensible-de-lectoescritura\/#primaryimage"},"image":{"@id":"http:\/\/elregionalvm.com.ar\/noticias-villa-maria\/presentan-un-laboratorio-sensible-de-lectoescritura\/#primaryimage"},"thumbnailUrl":"https:\/\/i0.wp.com\/elregionalvm.com.ar\/noticias-villa-maria\/wp-content\/uploads\/2020\/08\/Versos-que-vuelan.jpg?fit=1197%2C802&ssl=1","datePublished":"2020-08-30T23:08:29+00:00","dateModified":"2020-08-31T12:06:24+00:00","author":{"@id":"http:\/\/elregionalvm.com.ar\/noticias-villa-maria\/#\/schema\/person\/a0fb9c422317faca23d50163151bc354"},"description":"Se trata de una invitaci\u00f3n para experimentar la lectura y la escritura de manera conjunta desde la virtualidad. Se realizar\u00e1 en dos encuentros.","breadcrumb":{"@id":"http:\/\/elregionalvm.com.ar\/noticias-villa-maria\/presentan-un-laboratorio-sensible-de-lectoescritura\/#breadcrumb"},"inLanguage":"es","potentialAction":[{"@type":"ReadAction","target":["http:\/\/elregionalvm.com.ar\/noticias-villa-maria\/presentan-un-laboratorio-sensible-de-lectoescritura\/"]}]},{"@type":"ImageObject","inLanguage":"es","@id":"http:\/\/elregionalvm.com.ar\/noticias-villa-maria\/presentan-un-laboratorio-sensible-de-lectoescritura\/#primaryimage","url":"https:\/\/i0.wp.com\/elregionalvm.com.ar\/noticias-villa-maria\/wp-content\/uploads\/2020\/08\/Versos-que-vuelan.jpg?fit=1197%2C802&ssl=1","contentUrl":"https:\/\/i0.wp.com\/elregionalvm.com.ar\/noticias-villa-maria\/wp-content\/uploads\/2020\/08\/Versos-que-vuelan.jpg?fit=1197%2C802&ssl=1","width":1197,"height":802},{"@type":"BreadcrumbList","@id":"http:\/\/elregionalvm.com.ar\/noticias-villa-maria\/presentan-un-laboratorio-sensible-de-lectoescritura\/#breadcrumb","itemListElement":[{"@type":"ListItem","position":1,"name":"Portada","item":"https:\/\/elregionalvm.com.ar\/noticias-villa-maria\/"},{"@type":"ListItem","position":2,"name":"Presentan un Laboratorio Sensible de Lectoescritura"}]},{"@type":"WebSite","@id":"http:\/\/elregionalvm.com.ar\/noticias-villa-maria\/#website","url":"http:\/\/elregionalvm.com.ar\/noticias-villa-maria\/","name":"El Regional","description":"Mucho m\u00e1s que informaci\u00f3n","potentialAction":[{"@type":"SearchAction","target":{"@type":"EntryPoint","urlTemplate":"http:\/\/elregionalvm.com.ar\/noticias-villa-maria\/?s={search_term_string}"},"query-input":{"@type":"PropertyValueSpecification","valueRequired":true,"valueName":"search_term_string"}}],"inLanguage":"es"},{"@type":"Person","@id":"http:\/\/elregionalvm.com.ar\/noticias-villa-maria\/#\/schema\/person\/a0fb9c422317faca23d50163151bc354","name":"Contenidos El Regional","image":{"@type":"ImageObject","inLanguage":"es","@id":"http:\/\/elregionalvm.com.ar\/noticias-villa-maria\/#\/schema\/person\/image\/","url":"https:\/\/secure.gravatar.com\/avatar\/265b27cb2209af7bb3a1318f03305787d7981a5cc6e6cd08fe5a4ecdf99d4b48?s=96&d=mm&r=g","contentUrl":"https:\/\/secure.gravatar.com\/avatar\/265b27cb2209af7bb3a1318f03305787d7981a5cc6e6cd08fe5a4ecdf99d4b48?s=96&d=mm&r=g","caption":"Contenidos El Regional"},"url":"https:\/\/elregionalvm.com.ar\/noticias-villa-maria\/author\/contenido\/"}]}},"jetpack_featured_media_url":"https:\/\/i0.wp.com\/elregionalvm.com.ar\/noticias-villa-maria\/wp-content\/uploads\/2020\/08\/Versos-que-vuelan.jpg?fit=1197%2C802&ssl=1","jetpack_sharing_enabled":true,"_links":{"self":[{"href":"https:\/\/elregionalvm.com.ar\/noticias-villa-maria\/wp-json\/wp\/v2\/posts\/22928","targetHints":{"allow":["GET"]}}],"collection":[{"href":"https:\/\/elregionalvm.com.ar\/noticias-villa-maria\/wp-json\/wp\/v2\/posts"}],"about":[{"href":"https:\/\/elregionalvm.com.ar\/noticias-villa-maria\/wp-json\/wp\/v2\/types\/post"}],"author":[{"embeddable":true,"href":"https:\/\/elregionalvm.com.ar\/noticias-villa-maria\/wp-json\/wp\/v2\/users\/4"}],"replies":[{"embeddable":true,"href":"https:\/\/elregionalvm.com.ar\/noticias-villa-maria\/wp-json\/wp\/v2\/comments?post=22928"}],"version-history":[{"count":2,"href":"https:\/\/elregionalvm.com.ar\/noticias-villa-maria\/wp-json\/wp\/v2\/posts\/22928\/revisions"}],"predecessor-version":[{"id":22962,"href":"https:\/\/elregionalvm.com.ar\/noticias-villa-maria\/wp-json\/wp\/v2\/posts\/22928\/revisions\/22962"}],"wp:featuredmedia":[{"embeddable":true,"href":"https:\/\/elregionalvm.com.ar\/noticias-villa-maria\/wp-json\/wp\/v2\/media\/22929"}],"wp:attachment":[{"href":"https:\/\/elregionalvm.com.ar\/noticias-villa-maria\/wp-json\/wp\/v2\/media?parent=22928"}],"wp:term":[{"taxonomy":"category","embeddable":true,"href":"https:\/\/elregionalvm.com.ar\/noticias-villa-maria\/wp-json\/wp\/v2\/categories?post=22928"},{"taxonomy":"post_tag","embeddable":true,"href":"https:\/\/elregionalvm.com.ar\/noticias-villa-maria\/wp-json\/wp\/v2\/tags?post=22928"}],"curies":[{"name":"wp","href":"https:\/\/api.w.org\/{rel}","templated":true}]}}