{"id":22931,"date":"2020-08-30T23:22:20","date_gmt":"2020-08-30T23:22:20","guid":{"rendered":"https:\/\/elregionalvm.com.ar\/noticias-villa-maria\/?p=22931"},"modified":"2020-08-30T23:22:21","modified_gmt":"2020-08-30T23:22:21","slug":"maten-a-los-viejos","status":"publish","type":"post","link":"https:\/\/elregionalvm.com.ar\/noticias-villa-maria\/maten-a-los-viejos\/","title":{"rendered":"\u00a1\u00a1Maten a los viejos!!"},"content":{"rendered":"\n<p><strong>Escribe: Miguel Andreis<\/strong><\/p>\n\n\n\n<p>Como en aquella antigua pel\u00edcula argentina \u201cLa Guerra del Cerdo\u201d, donde los j\u00f3venes se entreten\u00edan matando a los viejos, parece resucitarse una antigua y retorcida par\u00e1bola sobre lo que, en el pa\u00eds, se est\u00e1 haciendo con los mismos.<\/p>\n\n\n\n<p>Esta pandemia y, por ende, la cuarentena que va por los seis meses de aislamiento obligatorio, est\u00e1 condenando a una sociedad a un estado de impotencia temerosa debido a las decisiones que toman funcionarios denominados \u201cCentro de Operaciones de Emergencia\u201d, com\u00fanmente denominados COE.<\/p>\n\n\n\n<p>Individuos que NO fueron elegidos por el pueblo. Pero que sus consideraciones parecen m\u00e1s una licenciatura de censura y afrenta a la inteligencia y derechos de la ciudadan\u00eda, que a generar medidas de proteccionismo real.<\/p>\n\n\n\n<p>Se\u00f1ores del COE, ustedes me molestan, fastidian, siento que se burlan de los m\u00e1s elementales derechos constitucionales de la ciudadan\u00eda. Por momentos, presiento que nos est\u00e1n tomando el pelo, con la complicidad de no pocos medios y voces que se pliegan a estos actos.<\/p>\n\n\n\n<p>No s\u00e9 qui\u00e9nes son y menos qui\u00e9nes les dieron tanta autoridad para manejar la vida de un pueblo. Ya vamos por los seis meses de sus inconsultas determinaciones. Pero que, muy posiblemente, se estire en el tiempo, mucho m\u00e1s. Me abruman sus informes que me rememoran, en el uso de vocablos y acciones, viejos y nefastos tiempos.<\/p>\n\n\n\n<p>En esa vertiente, tambi\u00e9n me da vuelta una duda, y es si tienen la suficiente moral y \u00e9tica para aconsejarnos. Si han actuado con idoneidad. &nbsp;<\/p>\n\n\n\n<p><strong>El p\u00e1nico en distintas dimensiones<\/strong><\/p>\n\n\n\n<p>Escuchaba el viernes 29, exponer un informe que sonaba a perorata, por parte del intendente que no lo es, sino que arrib\u00f3 a ese cargo, en una parodia de los que burlan las letras de las leyes\u2026<\/p>\n\n\n\n<p>Le cito un solo caso, qu\u00e9 hizo el COE con el intendente electo Mart\u00edn Gill, que rompi\u00f3 con todos los protocolos, y que han intentado pasar al olvido tal bochornoso hecho. El pa\u00eds se enter\u00f3. Tambi\u00e9n me queda la inc\u00f3gnita, d\u00f3nde est\u00e1 la imputaci\u00f3n que la doctora Juliana Companys, Fiscal, prometi\u00f3; ser\u00eda bueno que explicara, qu\u00e9 hizo la Justicia con \u00e9l. D\u00f3nde quedaron sus alocuciones.<\/p>\n\n\n\n<p>Doctora, usted tambi\u00e9n me genera hast\u00edo, y no temo en hacer p\u00fablico lo que pienso. Escuchaba su discurso y lo que menos encontr\u00e9 en sus frases, fueron actitudes disuasivas, persuasivas. Elementales para contextos como el que estamos viviendo.<\/p>\n\n\n\n<p>No le parece doctora, que con todo este entorno de desaz\u00f3n que estamos viviendo, hablar de que quienes rompan las reglas -que me gustar\u00eda saber qu\u00e9 hicieron ustedes, cuando los del poder la rompen-, que iba a actuar la Polic\u00eda, Gendarmer\u00eda, polic\u00eda ciudadana y cuanto uniformado ande por ah\u00ed suelto. &nbsp;Lo suyo, como otros tantos conceptos, se vuelven lamentables.<\/p>\n\n\n\n<p>Aquellos que pasamos por las verdaderas \u00e9pocas oscuras del autoritarismo, nos trae ciertas reminiscencias de los avasallamientos de los derechos constitucionales. El prometer amenazante, que se cobrar\u00e1n multas siderales, como si se tratara de los mayores hechos delictivos o por lo que sea, en un estado econ\u00f3mico detonado para el hombre com\u00fan, es pat\u00e9tico.<\/p>\n\n\n\n<p><strong>Por favor, dejen de imponer m\u00e1s intimidaci\u00f3n a la sociedad<\/strong><\/p>\n\n\n\n<p>Analicen todo el contexto comunitario. Ya, desde mi perspectiva ya han cometido no pocas incongruencias. &nbsp;Si les sirve una sugerencia, controlen algunos geri\u00e1tricos que tienen a los ancianos como si se tratara de condenados al pat\u00edbulo. Casos de encierros que se vuelven terribles. Pavorosos de verdad, sobre lo que est\u00e1n viviendo esos seres en su \u00faltima etapa existencial. Una de ellas, ped\u00eda por favor, desconsolada a su hija que la sacaran a la vereda, quer\u00eda ver gente. Un autom\u00f3vil, un \u00e1rbol.<\/p>\n\n\n\n<p>No exagero, solo reservo el nombre del geri\u00e1trico y de la que nos expuso sobre lo que est\u00e1n padeciendo. Seis meses, varios\/as encerradas en una casa sin poder ni tocar a sus familiares. Es inadmisible. Vivir no solamente es esquivar al COVID 19. Requiere de otros aspectos m\u00e1s humanizados. &nbsp;Siento que ustedes se\u00f1ores del COE, se han vuelto una pesadilla totalitaria, en esta exacerbaci\u00f3n de la pandemia en cuanto a sus medidas. Quisiera tener otros sentimientos.<\/p>\n\n\n\n<p>Pero me los espantan\u2026<\/p>\n","protected":false},"excerpt":{"rendered":"<p>Escribe: Miguel Andreis Como en aquella antigua pel\u00edcula argentina \u201cLa Guerra del Cerdo\u201d, donde los j\u00f3venes se entreten\u00edan matando a los viejos, parece resucitarse una antigua y retorcida par\u00e1bola sobre lo que, en el pa\u00eds, se est\u00e1 haciendo con los mismos. Esta pandemia y, por ende, la cuarentena que va por los seis meses de [&hellip;]<\/p>\n","protected":false},"author":5,"featured_media":22932,"comment_status":"open","ping_status":"open","sticky":false,"template":"","format":"standard","meta":{"site-sidebar-layout":"default","site-content-layout":"default","ast-site-content-layout":"default","site-content-style":"default","site-sidebar-style":"default","ast-global-header-display":"","ast-banner-title-visibility":"","ast-main-header-display":"","ast-hfb-above-header-display":"","ast-hfb-below-header-display":"","ast-hfb-mobile-header-display":"","site-post-title":"","ast-breadcrumbs-content":"","ast-featured-img":"","footer-sml-layout":"","ast-disable-related-posts":"","theme-transparent-header-meta":"default","adv-header-id-meta":"","stick-header-meta":"","header-above-stick-meta":"","header-main-stick-meta":"","header-below-stick-meta":"","astra-migrate-meta-layouts":"default","ast-page-background-enabled":"default","ast-page-background-meta":{"desktop":{"background-color":"","background-image":"","background-repeat":"repeat","background-position":"center center","background-size":"auto","background-attachment":"scroll","background-type":"","background-media":"","overlay-type":"","overlay-color":"","overlay-opacity":"","overlay-gradient":""},"tablet":{"background-color":"","background-image":"","background-repeat":"repeat","background-position":"center center","background-size":"auto","background-attachment":"scroll","background-type":"","background-media":"","overlay-type":"","overlay-color":"","overlay-opacity":"","overlay-gradient":""},"mobile":{"background-color":"","background-image":"","background-repeat":"repeat","background-position":"center center","background-size":"auto","background-attachment":"scroll","background-type":"","background-media":"","overlay-type":"","overlay-color":"","overlay-opacity":"","overlay-gradient":""}},"ast-content-background-meta":{"desktop":{"background-color":"var(--ast-global-color-5)","background-image":"","background-repeat":"repeat","background-position":"center center","background-size":"auto","background-attachment":"scroll","background-type":"","background-media":"","overlay-type":"","overlay-color":"","overlay-opacity":"","overlay-gradient":""},"tablet":{"background-color":"var(--ast-global-color-5)","background-image":"","background-repeat":"repeat","background-position":"center center","background-size":"auto","background-attachment":"scroll","background-type":"","background-media":"","overlay-type":"","overlay-color":"","overlay-opacity":"","overlay-gradient":""},"mobile":{"background-color":"var(--ast-global-color-5)","background-image":"","background-repeat":"repeat","background-position":"center center","background-size":"auto","background-attachment":"scroll","background-type":"","background-media":"","overlay-type":"","overlay-color":"","overlay-opacity":"","overlay-gradient":""}},"_jetpack_memberships_contains_paid_content":false,"_joinchat":[],"footnotes":""},"categories":[2256,365],"tags":[2271,2519,2422,2865,99,1998],"class_list":["post-22931","post","type-post","status-publish","format-standard","has-post-thumbnail","hentry","category-coronavirus","category-opinion","tag-adultos-mayores","tag-aislamiento","tag-coe","tag-covid-19-2","tag-justicia","tag-pandemia"],"yoast_head":"<!-- This site is optimized with the Yoast SEO plugin v26.8 - https:\/\/yoast.com\/product\/yoast-seo-wordpress\/ -->\n<title>\u00a1\u00a1Maten a los viejos!! - El Regional<\/title>\n<meta name=\"description\" content=\"Como ocurr\u00eda en &quot;La guerra del cerdo&quot;, parece resucitarse una antigua y retorcida par\u00e1bola sobre lo que, en el pa\u00eds, se est\u00e1 haciendo.\" \/>\n<meta name=\"robots\" content=\"index, follow, max-snippet:-1, max-image-preview:large, max-video-preview:-1\" \/>\n<link rel=\"canonical\" href=\"http:\/\/elregionalvm.com.ar\/noticias-villa-maria\/maten-a-los-viejos\/\" \/>\n<meta property=\"og:locale\" content=\"es_ES\" \/>\n<meta property=\"og:type\" content=\"article\" \/>\n<meta property=\"og:title\" content=\"\u00a1\u00a1Maten a los viejos!! - El Regional\" \/>\n<meta property=\"og:description\" content=\"Como ocurr\u00eda en &quot;La guerra del cerdo&quot;, parece resucitarse una antigua y retorcida par\u00e1bola sobre lo que, en el pa\u00eds, se est\u00e1 haciendo.\" \/>\n<meta property=\"og:url\" content=\"http:\/\/elregionalvm.com.ar\/noticias-villa-maria\/maten-a-los-viejos\/\" \/>\n<meta property=\"og:site_name\" content=\"El Regional\" \/>\n<meta property=\"article:publisher\" content=\"https:\/\/www.facebook.com\/elregionalvm\" \/>\n<meta property=\"article:published_time\" content=\"2020-08-30T23:22:20+00:00\" \/>\n<meta property=\"article:modified_time\" content=\"2020-08-30T23:22:21+00:00\" \/>\n<meta property=\"og:image\" content=\"http:\/\/elregionalvm.com.ar\/noticias-villa-maria\/wp-content\/uploads\/2020\/08\/Ancianos-en-geri\u00e1trico.jpg\" \/>\n\t<meta property=\"og:image:width\" content=\"1280\" \/>\n\t<meta property=\"og:image:height\" content=\"720\" \/>\n\t<meta property=\"og:image:type\" content=\"image\/jpeg\" \/>\n<meta name=\"author\" content=\"Miguel Andreis\" \/>\n<meta name=\"twitter:card\" content=\"summary_large_image\" \/>\n<meta name=\"twitter:creator\" content=\"@elregionalvm1\" \/>\n<meta name=\"twitter:site\" content=\"@elregionalvm1\" \/>\n<meta name=\"twitter:label1\" content=\"Escrito por\" \/>\n\t<meta name=\"twitter:data1\" content=\"Miguel Andreis\" \/>\n\t<meta name=\"twitter:label2\" content=\"Tiempo de lectura\" \/>\n\t<meta name=\"twitter:data2\" content=\"4 minutos\" \/>\n<script type=\"application\/ld+json\" class=\"yoast-schema-graph\">{\"@context\":\"https:\/\/schema.org\",\"@graph\":[{\"@type\":\"Article\",\"@id\":\"http:\/\/elregionalvm.com.ar\/noticias-villa-maria\/maten-a-los-viejos\/#article\",\"isPartOf\":{\"@id\":\"http:\/\/elregionalvm.com.ar\/noticias-villa-maria\/maten-a-los-viejos\/\"},\"author\":{\"name\":\"Miguel Andreis\",\"@id\":\"http:\/\/elregionalvm.com.ar\/noticias-villa-maria\/#\/schema\/person\/df5ff3f005acf29788aed9cb359f1193\"},\"headline\":\"\u00a1\u00a1Maten a los viejos!!\",\"datePublished\":\"2020-08-30T23:22:20+00:00\",\"dateModified\":\"2020-08-30T23:22:21+00:00\",\"mainEntityOfPage\":{\"@id\":\"http:\/\/elregionalvm.com.ar\/noticias-villa-maria\/maten-a-los-viejos\/\"},\"wordCount\":731,\"commentCount\":1,\"image\":{\"@id\":\"http:\/\/elregionalvm.com.ar\/noticias-villa-maria\/maten-a-los-viejos\/#primaryimage\"},\"thumbnailUrl\":\"https:\/\/i0.wp.com\/elregionalvm.com.ar\/noticias-villa-maria\/wp-content\/uploads\/2020\/08\/Ancianos-en-geri%C3%A1trico.jpg?fit=1280%2C720&ssl=1\",\"keywords\":[\"adultos mayores\",\"aislamiento\",\"COE\",\"Covid 19\",\"Justicia\",\"pandemia\"],\"articleSection\":[\"Coronavirus\",\"Opini\u00f3n\"],\"inLanguage\":\"es\",\"potentialAction\":[{\"@type\":\"CommentAction\",\"name\":\"Comment\",\"target\":[\"http:\/\/elregionalvm.com.ar\/noticias-villa-maria\/maten-a-los-viejos\/#respond\"]}]},{\"@type\":\"WebPage\",\"@id\":\"http:\/\/elregionalvm.com.ar\/noticias-villa-maria\/maten-a-los-viejos\/\",\"url\":\"http:\/\/elregionalvm.com.ar\/noticias-villa-maria\/maten-a-los-viejos\/\",\"name\":\"\u00a1\u00a1Maten a los viejos!! - El Regional\",\"isPartOf\":{\"@id\":\"http:\/\/elregionalvm.com.ar\/noticias-villa-maria\/#website\"},\"primaryImageOfPage\":{\"@id\":\"http:\/\/elregionalvm.com.ar\/noticias-villa-maria\/maten-a-los-viejos\/#primaryimage\"},\"image\":{\"@id\":\"http:\/\/elregionalvm.com.ar\/noticias-villa-maria\/maten-a-los-viejos\/#primaryimage\"},\"thumbnailUrl\":\"https:\/\/i0.wp.com\/elregionalvm.com.ar\/noticias-villa-maria\/wp-content\/uploads\/2020\/08\/Ancianos-en-geri%C3%A1trico.jpg?fit=1280%2C720&ssl=1\",\"datePublished\":\"2020-08-30T23:22:20+00:00\",\"dateModified\":\"2020-08-30T23:22:21+00:00\",\"author\":{\"@id\":\"http:\/\/elregionalvm.com.ar\/noticias-villa-maria\/#\/schema\/person\/df5ff3f005acf29788aed9cb359f1193\"},\"description\":\"Como ocurr\u00eda en \\\"La guerra del cerdo\\\", parece resucitarse una antigua y retorcida par\u00e1bola sobre lo que, en el pa\u00eds, se est\u00e1 haciendo.\",\"breadcrumb\":{\"@id\":\"http:\/\/elregionalvm.com.ar\/noticias-villa-maria\/maten-a-los-viejos\/#breadcrumb\"},\"inLanguage\":\"es\",\"potentialAction\":[{\"@type\":\"ReadAction\",\"target\":[\"http:\/\/elregionalvm.com.ar\/noticias-villa-maria\/maten-a-los-viejos\/\"]}]},{\"@type\":\"ImageObject\",\"inLanguage\":\"es\",\"@id\":\"http:\/\/elregionalvm.com.ar\/noticias-villa-maria\/maten-a-los-viejos\/#primaryimage\",\"url\":\"https:\/\/i0.wp.com\/elregionalvm.com.ar\/noticias-villa-maria\/wp-content\/uploads\/2020\/08\/Ancianos-en-geri%C3%A1trico.jpg?fit=1280%2C720&ssl=1\",\"contentUrl\":\"https:\/\/i0.wp.com\/elregionalvm.com.ar\/noticias-villa-maria\/wp-content\/uploads\/2020\/08\/Ancianos-en-geri%C3%A1trico.jpg?fit=1280%2C720&ssl=1\",\"width\":1280,\"height\":720},{\"@type\":\"BreadcrumbList\",\"@id\":\"http:\/\/elregionalvm.com.ar\/noticias-villa-maria\/maten-a-los-viejos\/#breadcrumb\",\"itemListElement\":[{\"@type\":\"ListItem\",\"position\":1,\"name\":\"Portada\",\"item\":\"https:\/\/elregionalvm.com.ar\/noticias-villa-maria\/\"},{\"@type\":\"ListItem\",\"position\":2,\"name\":\"\u00a1\u00a1Maten a los viejos!!\"}]},{\"@type\":\"WebSite\",\"@id\":\"http:\/\/elregionalvm.com.ar\/noticias-villa-maria\/#website\",\"url\":\"http:\/\/elregionalvm.com.ar\/noticias-villa-maria\/\",\"name\":\"El Regional\",\"description\":\"Mucho m\u00e1s que informaci\u00f3n\",\"potentialAction\":[{\"@type\":\"SearchAction\",\"target\":{\"@type\":\"EntryPoint\",\"urlTemplate\":\"http:\/\/elregionalvm.com.ar\/noticias-villa-maria\/?s={search_term_string}\"},\"query-input\":{\"@type\":\"PropertyValueSpecification\",\"valueRequired\":true,\"valueName\":\"search_term_string\"}}],\"inLanguage\":\"es\"},{\"@type\":\"Person\",\"@id\":\"http:\/\/elregionalvm.com.ar\/noticias-villa-maria\/#\/schema\/person\/df5ff3f005acf29788aed9cb359f1193\",\"name\":\"Miguel Andreis\",\"image\":{\"@type\":\"ImageObject\",\"inLanguage\":\"es\",\"@id\":\"http:\/\/elregionalvm.com.ar\/noticias-villa-maria\/#\/schema\/person\/image\/\",\"url\":\"https:\/\/secure.gravatar.com\/avatar\/c643381cd03da38327c6407e6886e7182d881f2ecf94a7902ca262c41f9d8884?s=96&d=mm&r=g\",\"contentUrl\":\"https:\/\/secure.gravatar.com\/avatar\/c643381cd03da38327c6407e6886e7182d881f2ecf94a7902ca262c41f9d8884?s=96&d=mm&r=g\",\"caption\":\"Miguel Andreis\"},\"url\":\"https:\/\/elregionalvm.com.ar\/noticias-villa-maria\/author\/miguelandreis\/\"}]}<\/script>\n<!-- \/ Yoast SEO plugin. -->","yoast_head_json":{"title":"\u00a1\u00a1Maten a los viejos!! - El Regional","description":"Como ocurr\u00eda en \"La guerra del cerdo\", parece resucitarse una antigua y retorcida par\u00e1bola sobre lo que, en el pa\u00eds, se est\u00e1 haciendo.","robots":{"index":"index","follow":"follow","max-snippet":"max-snippet:-1","max-image-preview":"max-image-preview:large","max-video-preview":"max-video-preview:-1"},"canonical":"http:\/\/elregionalvm.com.ar\/noticias-villa-maria\/maten-a-los-viejos\/","og_locale":"es_ES","og_type":"article","og_title":"\u00a1\u00a1Maten a los viejos!! - El Regional","og_description":"Como ocurr\u00eda en \"La guerra del cerdo\", parece resucitarse una antigua y retorcida par\u00e1bola sobre lo que, en el pa\u00eds, se est\u00e1 haciendo.","og_url":"http:\/\/elregionalvm.com.ar\/noticias-villa-maria\/maten-a-los-viejos\/","og_site_name":"El Regional","article_publisher":"https:\/\/www.facebook.com\/elregionalvm","article_published_time":"2020-08-30T23:22:20+00:00","article_modified_time":"2020-08-30T23:22:21+00:00","og_image":[{"width":1280,"height":720,"url":"http:\/\/elregionalvm.com.ar\/noticias-villa-maria\/wp-content\/uploads\/2020\/08\/Ancianos-en-geri\u00e1trico.jpg","type":"image\/jpeg"}],"author":"Miguel Andreis","twitter_card":"summary_large_image","twitter_creator":"@elregionalvm1","twitter_site":"@elregionalvm1","twitter_misc":{"Escrito por":"Miguel Andreis","Tiempo de lectura":"4 minutos"},"schema":{"@context":"https:\/\/schema.org","@graph":[{"@type":"Article","@id":"http:\/\/elregionalvm.com.ar\/noticias-villa-maria\/maten-a-los-viejos\/#article","isPartOf":{"@id":"http:\/\/elregionalvm.com.ar\/noticias-villa-maria\/maten-a-los-viejos\/"},"author":{"name":"Miguel Andreis","@id":"http:\/\/elregionalvm.com.ar\/noticias-villa-maria\/#\/schema\/person\/df5ff3f005acf29788aed9cb359f1193"},"headline":"\u00a1\u00a1Maten a los viejos!!","datePublished":"2020-08-30T23:22:20+00:00","dateModified":"2020-08-30T23:22:21+00:00","mainEntityOfPage":{"@id":"http:\/\/elregionalvm.com.ar\/noticias-villa-maria\/maten-a-los-viejos\/"},"wordCount":731,"commentCount":1,"image":{"@id":"http:\/\/elregionalvm.com.ar\/noticias-villa-maria\/maten-a-los-viejos\/#primaryimage"},"thumbnailUrl":"https:\/\/i0.wp.com\/elregionalvm.com.ar\/noticias-villa-maria\/wp-content\/uploads\/2020\/08\/Ancianos-en-geri%C3%A1trico.jpg?fit=1280%2C720&ssl=1","keywords":["adultos mayores","aislamiento","COE","Covid 19","Justicia","pandemia"],"articleSection":["Coronavirus","Opini\u00f3n"],"inLanguage":"es","potentialAction":[{"@type":"CommentAction","name":"Comment","target":["http:\/\/elregionalvm.com.ar\/noticias-villa-maria\/maten-a-los-viejos\/#respond"]}]},{"@type":"WebPage","@id":"http:\/\/elregionalvm.com.ar\/noticias-villa-maria\/maten-a-los-viejos\/","url":"http:\/\/elregionalvm.com.ar\/noticias-villa-maria\/maten-a-los-viejos\/","name":"\u00a1\u00a1Maten a los viejos!! - El Regional","isPartOf":{"@id":"http:\/\/elregionalvm.com.ar\/noticias-villa-maria\/#website"},"primaryImageOfPage":{"@id":"http:\/\/elregionalvm.com.ar\/noticias-villa-maria\/maten-a-los-viejos\/#primaryimage"},"image":{"@id":"http:\/\/elregionalvm.com.ar\/noticias-villa-maria\/maten-a-los-viejos\/#primaryimage"},"thumbnailUrl":"https:\/\/i0.wp.com\/elregionalvm.com.ar\/noticias-villa-maria\/wp-content\/uploads\/2020\/08\/Ancianos-en-geri%C3%A1trico.jpg?fit=1280%2C720&ssl=1","datePublished":"2020-08-30T23:22:20+00:00","dateModified":"2020-08-30T23:22:21+00:00","author":{"@id":"http:\/\/elregionalvm.com.ar\/noticias-villa-maria\/#\/schema\/person\/df5ff3f005acf29788aed9cb359f1193"},"description":"Como ocurr\u00eda en \"La guerra del cerdo\", parece resucitarse una antigua y retorcida par\u00e1bola sobre lo que, en el pa\u00eds, se est\u00e1 haciendo.","breadcrumb":{"@id":"http:\/\/elregionalvm.com.ar\/noticias-villa-maria\/maten-a-los-viejos\/#breadcrumb"},"inLanguage":"es","potentialAction":[{"@type":"ReadAction","target":["http:\/\/elregionalvm.com.ar\/noticias-villa-maria\/maten-a-los-viejos\/"]}]},{"@type":"ImageObject","inLanguage":"es","@id":"http:\/\/elregionalvm.com.ar\/noticias-villa-maria\/maten-a-los-viejos\/#primaryimage","url":"https:\/\/i0.wp.com\/elregionalvm.com.ar\/noticias-villa-maria\/wp-content\/uploads\/2020\/08\/Ancianos-en-geri%C3%A1trico.jpg?fit=1280%2C720&ssl=1","contentUrl":"https:\/\/i0.wp.com\/elregionalvm.com.ar\/noticias-villa-maria\/wp-content\/uploads\/2020\/08\/Ancianos-en-geri%C3%A1trico.jpg?fit=1280%2C720&ssl=1","width":1280,"height":720},{"@type":"BreadcrumbList","@id":"http:\/\/elregionalvm.com.ar\/noticias-villa-maria\/maten-a-los-viejos\/#breadcrumb","itemListElement":[{"@type":"ListItem","position":1,"name":"Portada","item":"https:\/\/elregionalvm.com.ar\/noticias-villa-maria\/"},{"@type":"ListItem","position":2,"name":"\u00a1\u00a1Maten a los viejos!!"}]},{"@type":"WebSite","@id":"http:\/\/elregionalvm.com.ar\/noticias-villa-maria\/#website","url":"http:\/\/elregionalvm.com.ar\/noticias-villa-maria\/","name":"El Regional","description":"Mucho m\u00e1s que informaci\u00f3n","potentialAction":[{"@type":"SearchAction","target":{"@type":"EntryPoint","urlTemplate":"http:\/\/elregionalvm.com.ar\/noticias-villa-maria\/?s={search_term_string}"},"query-input":{"@type":"PropertyValueSpecification","valueRequired":true,"valueName":"search_term_string"}}],"inLanguage":"es"},{"@type":"Person","@id":"http:\/\/elregionalvm.com.ar\/noticias-villa-maria\/#\/schema\/person\/df5ff3f005acf29788aed9cb359f1193","name":"Miguel Andreis","image":{"@type":"ImageObject","inLanguage":"es","@id":"http:\/\/elregionalvm.com.ar\/noticias-villa-maria\/#\/schema\/person\/image\/","url":"https:\/\/secure.gravatar.com\/avatar\/c643381cd03da38327c6407e6886e7182d881f2ecf94a7902ca262c41f9d8884?s=96&d=mm&r=g","contentUrl":"https:\/\/secure.gravatar.com\/avatar\/c643381cd03da38327c6407e6886e7182d881f2ecf94a7902ca262c41f9d8884?s=96&d=mm&r=g","caption":"Miguel Andreis"},"url":"https:\/\/elregionalvm.com.ar\/noticias-villa-maria\/author\/miguelandreis\/"}]}},"jetpack_featured_media_url":"https:\/\/i0.wp.com\/elregionalvm.com.ar\/noticias-villa-maria\/wp-content\/uploads\/2020\/08\/Ancianos-en-geri%C3%A1trico.jpg?fit=1280%2C720&ssl=1","jetpack_sharing_enabled":true,"_links":{"self":[{"href":"https:\/\/elregionalvm.com.ar\/noticias-villa-maria\/wp-json\/wp\/v2\/posts\/22931","targetHints":{"allow":["GET"]}}],"collection":[{"href":"https:\/\/elregionalvm.com.ar\/noticias-villa-maria\/wp-json\/wp\/v2\/posts"}],"about":[{"href":"https:\/\/elregionalvm.com.ar\/noticias-villa-maria\/wp-json\/wp\/v2\/types\/post"}],"author":[{"embeddable":true,"href":"https:\/\/elregionalvm.com.ar\/noticias-villa-maria\/wp-json\/wp\/v2\/users\/5"}],"replies":[{"embeddable":true,"href":"https:\/\/elregionalvm.com.ar\/noticias-villa-maria\/wp-json\/wp\/v2\/comments?post=22931"}],"version-history":[{"count":1,"href":"https:\/\/elregionalvm.com.ar\/noticias-villa-maria\/wp-json\/wp\/v2\/posts\/22931\/revisions"}],"predecessor-version":[{"id":22933,"href":"https:\/\/elregionalvm.com.ar\/noticias-villa-maria\/wp-json\/wp\/v2\/posts\/22931\/revisions\/22933"}],"wp:featuredmedia":[{"embeddable":true,"href":"https:\/\/elregionalvm.com.ar\/noticias-villa-maria\/wp-json\/wp\/v2\/media\/22932"}],"wp:attachment":[{"href":"https:\/\/elregionalvm.com.ar\/noticias-villa-maria\/wp-json\/wp\/v2\/media?parent=22931"}],"wp:term":[{"taxonomy":"category","embeddable":true,"href":"https:\/\/elregionalvm.com.ar\/noticias-villa-maria\/wp-json\/wp\/v2\/categories?post=22931"},{"taxonomy":"post_tag","embeddable":true,"href":"https:\/\/elregionalvm.com.ar\/noticias-villa-maria\/wp-json\/wp\/v2\/tags?post=22931"}],"curies":[{"name":"wp","href":"https:\/\/api.w.org\/{rel}","templated":true}]}}