{"id":23119,"date":"2020-09-02T02:35:40","date_gmt":"2020-09-02T02:35:40","guid":{"rendered":"https:\/\/elregionalvm.com.ar\/noticias-villa-maria\/?p=23119"},"modified":"2020-09-05T01:03:10","modified_gmt":"2020-09-05T01:03:10","slug":"trece-decisiones-fatales-no-queda-stock-de-cordura","status":"publish","type":"post","link":"https:\/\/elregionalvm.com.ar\/noticias-villa-maria\/trece-decisiones-fatales-no-queda-stock-de-cordura\/","title":{"rendered":"Trece decisiones fatales: No queda stock de cordura"},"content":{"rendered":"\n<p><strong>Escribe: Miguel Andreis<\/strong><\/p>\n\n\n\n<p>S\u00e9 que desde lo period\u00edstico no es \u00e9tico hablar de esos casos. En fin, siempre lo \u00e9tico tiene una mirada subjetiva. No obstante, intento seguir esa l\u00ednea. No avanzo sobre los casos particulares. No doy nombres ni se\u00f1as. Ni lugares ni fechas exactas.<\/p>\n\n\n\n<p>Solo me refiero como una contracara de la realidad que estamos atravesando y nos arrojan como una cultura del proteccionismo imaginario. Reci\u00e9n acabo de ver los informes sobre los contagiados en Villa Mar\u00eda y la regi\u00f3n, que expon\u00edan desde el COE.<\/p>\n\n\n\n<p>Las voces que me llegan, casi siempre en tono bajo y detr\u00e1s de unos ojos grandes y asustados. \u201cLa mierda que est\u00e1 jodida la cosa en la ciudad\u2026 el bichito se ha venido con todo\u201d. Murmuran, como esperando la llegada de la parca. &nbsp;<\/p>\n\n\n\n<p>La pregunta me brota sola: \u00bfCu\u00e1ntos muertos hubo? Ninguno, me disparan con vocalizaci\u00f3n de reto. \u201cPero son positivos\u2026 Y no se sabe hasta cu\u00e1ndo van a alcanzar las camas en el Hospital. Mir\u00e1 que debieron cerrar una cl\u00ednica porque todo el personal m\u00e9dico y param\u00e9dico est\u00e1 contagiado\u201d. Se refiere al Sanatorio Cruz Azul&#8230; Interrogo nuevamente \u00bfAlg\u00fan caso fatal?&nbsp; \u201cNoooo\u201d, me lanzan a la cara como embroncados.<\/p>\n\n\n\n<p>&#8212;&#8212;&#8212;&#8212;&#8212;&#8212;&#8212;&#8212;&#8212;<\/p>\n\n\n\n<p>Toda pandemia es sin\u00f3nimo de muertes. Lo fue siempre. Si desde el primer d\u00eda que nos encerraron en nuestras casas, nos fueron mostrando fosas comunes en el cementerio de San Vicente en C\u00f3rdoba.&nbsp;<\/p>\n\n\n\n<p>La primera discusi\u00f3n era si alcanzaba para 400 o 2000. Despu\u00e9s nos olvidamos. Una y otra vez llenaban las pantallas y las tapas de diarios con las im\u00e1genes que llegaban desde Espa\u00f1a o Italia. Aterrorizaban.&nbsp; Un escenario dantesco. Eso ser\u00eda nuestro futuro. Claro que puede ser. Por el momento y a 180 d\u00edas estamos muy lejos en los guarismos pronosticados.<\/p>\n\n\n\n<p>Se turnaban en nuestra ciudad para jugar al \u201cCuco\u201d. Si ten\u00edas m\u00e1s de sesenta es como si estuvieses en tiempo de descuento. Un tincazo del Corona y adi\u00f3s sin poder dar el adi\u00f3s.&nbsp; Los casos letales que nos comunicaron, no eran de la villa. Todos de afuera y con enfermedades preexistentes. Pobres.<\/p>\n\n\n\n<p>Intento contraponer otra revisi\u00f3n. Nadie quiere los muertos. Ning\u00fan tipo de muertos. Se entiende\u2026 Ninguno. Afortunadamente la ciudad no tiene muertos por COVID19.&nbsp; Y es de esperar que no los tenga nunca.&nbsp; Claro, no quiero ni puedo olvidar que las pandemias tienen una estrecha relaci\u00f3n entre la vida y la muerte.<\/p>\n\n\n\n<p>En los \u00faltimos tiempos emergieron situaciones colaterales. Que no se las tuvo en cuenta aquel 20 de marzo. Despu\u00e9s, siempre despu\u00e9s como el tango, Juntarse en familia puede tener como colorario, detenci\u00f3n, multas y escraches. Lo mismo si andas sin barbijo. Barbijo que la OMS (Organizaci\u00f3n Mundial de la Salud) llev\u00f3 casi mes y medio discutiendo si era necesario o no. Ahora, andar sin el mismo, era casi como en el tiempo de los hombres de verde, no portabas tu documento. &nbsp;Van ganando la batalla del miedo. Todo sirve para justificar el encierro. Si hasta parece existir un orgulloso sentir patri\u00f3tico, el andar espantado. &nbsp;Siempre hay lugar en cada quien, para que ingrese el p\u00e1nico.<\/p>\n\n\n\n<p>&#8212;&#8212;&#8212;&#8212;&#8212;&#8212;&#8212;&#8212;&#8212;-<\/p>\n\n\n\n<p>Una amiga me llama esta tarde indic\u00e1ndome\u2026 \u201cOtra autoeliminaci\u00f3n en la ciudad. Es un hombre joven \u2013le da cierta cosa decir suicidio \u2013. Tambi\u00e9n a m\u00ed. Prefiero usar alg\u00fan sin\u00f3nimo. Intenta agregarme detalles. No los quiero, ya es tarde y no aludir\u00e9 a ellos.<\/p>\n\n\n\n<p>Al despedirse, antes del saludo final, agrega\u2026 \u201cf\u00edjate y cont\u00e1 bien que desde que empez\u00f3 la cuarentena, con este joven, ya ser\u00edan trece\u2026 trece. Los suicidados\u201d.<\/p>\n\n\n\n<p>Cuando desde el Poder municipal, provincial, tambi\u00e9n el nacional, nos achicharraron con relatos fatales, nos promet\u00edan alert\u00e1ndonos sobre muertes y m\u00e1s muertes. Y as\u00ed sucedi\u00f3. Solo que de los 13 aludidos ninguno muri\u00f3 de este Covid 19\u2026 es decir por dicha enfermedad. Todos por determinaciones fat\u00eddicas.&nbsp;<\/p>\n\n\n\n<p>Trece\u2026 muchos de temor, otros de angustia, otros encerrados por la econom\u00eda; la incertidumbre y la soledad mastican las v\u00edsceras\u2026 Seguramente m\u00e1s de uno debi\u00f3 suponer que las voces proven\u00edan del m\u00e1s all\u00e1. Aterrorizan y dan aprensi\u00f3n.&nbsp;<\/p>\n\n\n\n<p>Sigo preguntando: \u00bfCon tantas de estas decisiones irremediables e irrevocables, seguir\u00e1n asust\u00e1ndonos? Me interrogo.&nbsp; \u00bfAlguien se har\u00e1 cargo de estos seres que despavoridos y espantados prefirieron irse antes?<\/p>\n\n\n\n<p>No est\u00e1 bueno hablar de las autoinmolaciones\u2026 Tampoco est\u00e1 bueno hacer silencio cuando la cultura del miedo se ha robado el poco stock de cordura que nos quedaba\u2026 (Sobre que hay poca, la pisotean).<\/p>\n\n\n\n<p><\/p>\n\n\n\n<p><em>Foto: Andina.pe<\/em><\/p>\n","protected":false},"excerpt":{"rendered":"<p>Escribe: Miguel Andreis S\u00e9 que desde lo period\u00edstico no es \u00e9tico hablar de esos casos. En fin, siempre lo \u00e9tico tiene una mirada subjetiva. No obstante, intento seguir esa l\u00ednea. No avanzo sobre los casos particulares. No doy nombres ni se\u00f1as. Ni lugares ni fechas exactas. Solo me refiero como una contracara de la realidad [&hellip;]<\/p>\n","protected":false},"author":5,"featured_media":23201,"comment_status":"open","ping_status":"open","sticky":false,"template":"","format":"standard","meta":{"site-sidebar-layout":"default","site-content-layout":"default","ast-site-content-layout":"default","site-content-style":"default","site-sidebar-style":"default","ast-global-header-display":"","ast-banner-title-visibility":"","ast-main-header-display":"","ast-hfb-above-header-display":"","ast-hfb-below-header-display":"","ast-hfb-mobile-header-display":"","site-post-title":"","ast-breadcrumbs-content":"","ast-featured-img":"","footer-sml-layout":"","ast-disable-related-posts":"","theme-transparent-header-meta":"default","adv-header-id-meta":"","stick-header-meta":"","header-above-stick-meta":"","header-main-stick-meta":"","header-below-stick-meta":"","astra-migrate-meta-layouts":"default","ast-page-background-enabled":"default","ast-page-background-meta":{"desktop":{"background-color":"","background-image":"","background-repeat":"repeat","background-position":"center center","background-size":"auto","background-attachment":"scroll","background-type":"","background-media":"","overlay-type":"","overlay-color":"","overlay-opacity":"","overlay-gradient":""},"tablet":{"background-color":"","background-image":"","background-repeat":"repeat","background-position":"center center","background-size":"auto","background-attachment":"scroll","background-type":"","background-media":"","overlay-type":"","overlay-color":"","overlay-opacity":"","overlay-gradient":""},"mobile":{"background-color":"","background-image":"","background-repeat":"repeat","background-position":"center center","background-size":"auto","background-attachment":"scroll","background-type":"","background-media":"","overlay-type":"","overlay-color":"","overlay-opacity":"","overlay-gradient":""}},"ast-content-background-meta":{"desktop":{"background-color":"var(--ast-global-color-5)","background-image":"","background-repeat":"repeat","background-position":"center center","background-size":"auto","background-attachment":"scroll","background-type":"","background-media":"","overlay-type":"","overlay-color":"","overlay-opacity":"","overlay-gradient":""},"tablet":{"background-color":"var(--ast-global-color-5)","background-image":"","background-repeat":"repeat","background-position":"center center","background-size":"auto","background-attachment":"scroll","background-type":"","background-media":"","overlay-type":"","overlay-color":"","overlay-opacity":"","overlay-gradient":""},"mobile":{"background-color":"var(--ast-global-color-5)","background-image":"","background-repeat":"repeat","background-position":"center center","background-size":"auto","background-attachment":"scroll","background-type":"","background-media":"","overlay-type":"","overlay-color":"","overlay-opacity":"","overlay-gradient":""}},"_jetpack_memberships_contains_paid_content":false,"_joinchat":[],"footnotes":""},"categories":[2256,365],"tags":[2865,2035,3673,1998,3674],"class_list":["post-23119","post","type-post","status-publish","format-standard","has-post-thumbnail","hentry","category-coronavirus","category-opinion","tag-covid-19-2","tag-cuarentena","tag-decisiones-fatales","tag-pandemia","tag-suicidios"],"yoast_head":"<!-- This site is optimized with the Yoast SEO plugin v26.8 - https:\/\/yoast.com\/product\/yoast-seo-wordpress\/ -->\n<title>Trece decisiones fatales: No queda stock de cordura - El Regional<\/title>\n<meta name=\"description\" content=\"Trece\u2026 muchos de temor, otros de angustia, otros encerrados por la econom\u00eda; la incertidumbre y la soledad mastican las v\u00edsceras\u2026\" \/>\n<meta name=\"robots\" content=\"index, follow, max-snippet:-1, max-image-preview:large, max-video-preview:-1\" \/>\n<link rel=\"canonical\" href=\"http:\/\/elregionalvm.com.ar\/noticias-villa-maria\/trece-decisiones-fatales-no-queda-stock-de-cordura\/\" \/>\n<meta property=\"og:locale\" content=\"es_ES\" \/>\n<meta property=\"og:type\" content=\"article\" \/>\n<meta property=\"og:title\" content=\"Trece decisiones fatales: No queda stock de cordura - El Regional\" \/>\n<meta property=\"og:description\" content=\"Trece\u2026 muchos de temor, otros de angustia, otros encerrados por la econom\u00eda; la incertidumbre y la soledad mastican las v\u00edsceras\u2026\" \/>\n<meta property=\"og:url\" content=\"http:\/\/elregionalvm.com.ar\/noticias-villa-maria\/trece-decisiones-fatales-no-queda-stock-de-cordura\/\" \/>\n<meta property=\"og:site_name\" content=\"El Regional\" \/>\n<meta property=\"article:publisher\" content=\"https:\/\/www.facebook.com\/elregionalvm\" \/>\n<meta property=\"article:published_time\" content=\"2020-09-02T02:35:40+00:00\" \/>\n<meta property=\"article:modified_time\" content=\"2020-09-05T01:03:10+00:00\" \/>\n<meta property=\"og:image\" content=\"http:\/\/elregionalvm.com.ar\/noticias-villa-maria\/wp-content\/uploads\/2020\/09\/decisiones-fatales-1.jpg\" \/>\n\t<meta property=\"og:image:width\" content=\"1800\" \/>\n\t<meta property=\"og:image:height\" content=\"1200\" \/>\n\t<meta property=\"og:image:type\" content=\"image\/jpeg\" \/>\n<meta name=\"author\" content=\"Miguel Andreis\" \/>\n<meta name=\"twitter:card\" content=\"summary_large_image\" \/>\n<meta name=\"twitter:creator\" content=\"@elregionalvm1\" \/>\n<meta name=\"twitter:site\" content=\"@elregionalvm1\" \/>\n<meta name=\"twitter:label1\" content=\"Escrito por\" \/>\n\t<meta name=\"twitter:data1\" content=\"Miguel Andreis\" \/>\n\t<meta name=\"twitter:label2\" content=\"Tiempo de lectura\" \/>\n\t<meta name=\"twitter:data2\" content=\"4 minutos\" \/>\n<script type=\"application\/ld+json\" class=\"yoast-schema-graph\">{\"@context\":\"https:\/\/schema.org\",\"@graph\":[{\"@type\":\"Article\",\"@id\":\"http:\/\/elregionalvm.com.ar\/noticias-villa-maria\/trece-decisiones-fatales-no-queda-stock-de-cordura\/#article\",\"isPartOf\":{\"@id\":\"http:\/\/elregionalvm.com.ar\/noticias-villa-maria\/trece-decisiones-fatales-no-queda-stock-de-cordura\/\"},\"author\":{\"name\":\"Miguel Andreis\",\"@id\":\"http:\/\/elregionalvm.com.ar\/noticias-villa-maria\/#\/schema\/person\/df5ff3f005acf29788aed9cb359f1193\"},\"headline\":\"Trece decisiones fatales: No queda stock de cordura\",\"datePublished\":\"2020-09-02T02:35:40+00:00\",\"dateModified\":\"2020-09-05T01:03:10+00:00\",\"mainEntityOfPage\":{\"@id\":\"http:\/\/elregionalvm.com.ar\/noticias-villa-maria\/trece-decisiones-fatales-no-queda-stock-de-cordura\/\"},\"wordCount\":797,\"commentCount\":0,\"image\":{\"@id\":\"http:\/\/elregionalvm.com.ar\/noticias-villa-maria\/trece-decisiones-fatales-no-queda-stock-de-cordura\/#primaryimage\"},\"thumbnailUrl\":\"https:\/\/i0.wp.com\/elregionalvm.com.ar\/noticias-villa-maria\/wp-content\/uploads\/2020\/09\/decisiones-fatales-1.jpg?fit=1800%2C1200&ssl=1\",\"keywords\":[\"Covid 19\",\"cuarentena\",\"Decisiones fatales\",\"pandemia\",\"Suicidios\"],\"articleSection\":[\"Coronavirus\",\"Opini\u00f3n\"],\"inLanguage\":\"es\",\"potentialAction\":[{\"@type\":\"CommentAction\",\"name\":\"Comment\",\"target\":[\"http:\/\/elregionalvm.com.ar\/noticias-villa-maria\/trece-decisiones-fatales-no-queda-stock-de-cordura\/#respond\"]}]},{\"@type\":\"WebPage\",\"@id\":\"http:\/\/elregionalvm.com.ar\/noticias-villa-maria\/trece-decisiones-fatales-no-queda-stock-de-cordura\/\",\"url\":\"http:\/\/elregionalvm.com.ar\/noticias-villa-maria\/trece-decisiones-fatales-no-queda-stock-de-cordura\/\",\"name\":\"Trece decisiones fatales: No queda stock de cordura - El Regional\",\"isPartOf\":{\"@id\":\"http:\/\/elregionalvm.com.ar\/noticias-villa-maria\/#website\"},\"primaryImageOfPage\":{\"@id\":\"http:\/\/elregionalvm.com.ar\/noticias-villa-maria\/trece-decisiones-fatales-no-queda-stock-de-cordura\/#primaryimage\"},\"image\":{\"@id\":\"http:\/\/elregionalvm.com.ar\/noticias-villa-maria\/trece-decisiones-fatales-no-queda-stock-de-cordura\/#primaryimage\"},\"thumbnailUrl\":\"https:\/\/i0.wp.com\/elregionalvm.com.ar\/noticias-villa-maria\/wp-content\/uploads\/2020\/09\/decisiones-fatales-1.jpg?fit=1800%2C1200&ssl=1\",\"datePublished\":\"2020-09-02T02:35:40+00:00\",\"dateModified\":\"2020-09-05T01:03:10+00:00\",\"author\":{\"@id\":\"http:\/\/elregionalvm.com.ar\/noticias-villa-maria\/#\/schema\/person\/df5ff3f005acf29788aed9cb359f1193\"},\"description\":\"Trece\u2026 muchos de temor, otros de angustia, otros encerrados por la econom\u00eda; la incertidumbre y la soledad mastican las v\u00edsceras\u2026\",\"breadcrumb\":{\"@id\":\"http:\/\/elregionalvm.com.ar\/noticias-villa-maria\/trece-decisiones-fatales-no-queda-stock-de-cordura\/#breadcrumb\"},\"inLanguage\":\"es\",\"potentialAction\":[{\"@type\":\"ReadAction\",\"target\":[\"http:\/\/elregionalvm.com.ar\/noticias-villa-maria\/trece-decisiones-fatales-no-queda-stock-de-cordura\/\"]}]},{\"@type\":\"ImageObject\",\"inLanguage\":\"es\",\"@id\":\"http:\/\/elregionalvm.com.ar\/noticias-villa-maria\/trece-decisiones-fatales-no-queda-stock-de-cordura\/#primaryimage\",\"url\":\"https:\/\/i0.wp.com\/elregionalvm.com.ar\/noticias-villa-maria\/wp-content\/uploads\/2020\/09\/decisiones-fatales-1.jpg?fit=1800%2C1200&ssl=1\",\"contentUrl\":\"https:\/\/i0.wp.com\/elregionalvm.com.ar\/noticias-villa-maria\/wp-content\/uploads\/2020\/09\/decisiones-fatales-1.jpg?fit=1800%2C1200&ssl=1\",\"width\":1800,\"height\":1200},{\"@type\":\"BreadcrumbList\",\"@id\":\"http:\/\/elregionalvm.com.ar\/noticias-villa-maria\/trece-decisiones-fatales-no-queda-stock-de-cordura\/#breadcrumb\",\"itemListElement\":[{\"@type\":\"ListItem\",\"position\":1,\"name\":\"Portada\",\"item\":\"https:\/\/elregionalvm.com.ar\/noticias-villa-maria\/\"},{\"@type\":\"ListItem\",\"position\":2,\"name\":\"Trece decisiones fatales: No queda stock de cordura\"}]},{\"@type\":\"WebSite\",\"@id\":\"http:\/\/elregionalvm.com.ar\/noticias-villa-maria\/#website\",\"url\":\"http:\/\/elregionalvm.com.ar\/noticias-villa-maria\/\",\"name\":\"El Regional\",\"description\":\"Mucho m\u00e1s que informaci\u00f3n\",\"potentialAction\":[{\"@type\":\"SearchAction\",\"target\":{\"@type\":\"EntryPoint\",\"urlTemplate\":\"http:\/\/elregionalvm.com.ar\/noticias-villa-maria\/?s={search_term_string}\"},\"query-input\":{\"@type\":\"PropertyValueSpecification\",\"valueRequired\":true,\"valueName\":\"search_term_string\"}}],\"inLanguage\":\"es\"},{\"@type\":\"Person\",\"@id\":\"http:\/\/elregionalvm.com.ar\/noticias-villa-maria\/#\/schema\/person\/df5ff3f005acf29788aed9cb359f1193\",\"name\":\"Miguel Andreis\",\"image\":{\"@type\":\"ImageObject\",\"inLanguage\":\"es\",\"@id\":\"http:\/\/elregionalvm.com.ar\/noticias-villa-maria\/#\/schema\/person\/image\/\",\"url\":\"https:\/\/secure.gravatar.com\/avatar\/c643381cd03da38327c6407e6886e7182d881f2ecf94a7902ca262c41f9d8884?s=96&d=mm&r=g\",\"contentUrl\":\"https:\/\/secure.gravatar.com\/avatar\/c643381cd03da38327c6407e6886e7182d881f2ecf94a7902ca262c41f9d8884?s=96&d=mm&r=g\",\"caption\":\"Miguel Andreis\"},\"url\":\"https:\/\/elregionalvm.com.ar\/noticias-villa-maria\/author\/miguelandreis\/\"}]}<\/script>\n<!-- \/ Yoast SEO plugin. -->","yoast_head_json":{"title":"Trece decisiones fatales: No queda stock de cordura - El Regional","description":"Trece\u2026 muchos de temor, otros de angustia, otros encerrados por la econom\u00eda; la incertidumbre y la soledad mastican las v\u00edsceras\u2026","robots":{"index":"index","follow":"follow","max-snippet":"max-snippet:-1","max-image-preview":"max-image-preview:large","max-video-preview":"max-video-preview:-1"},"canonical":"http:\/\/elregionalvm.com.ar\/noticias-villa-maria\/trece-decisiones-fatales-no-queda-stock-de-cordura\/","og_locale":"es_ES","og_type":"article","og_title":"Trece decisiones fatales: No queda stock de cordura - El Regional","og_description":"Trece\u2026 muchos de temor, otros de angustia, otros encerrados por la econom\u00eda; la incertidumbre y la soledad mastican las v\u00edsceras\u2026","og_url":"http:\/\/elregionalvm.com.ar\/noticias-villa-maria\/trece-decisiones-fatales-no-queda-stock-de-cordura\/","og_site_name":"El Regional","article_publisher":"https:\/\/www.facebook.com\/elregionalvm","article_published_time":"2020-09-02T02:35:40+00:00","article_modified_time":"2020-09-05T01:03:10+00:00","og_image":[{"width":1800,"height":1200,"url":"http:\/\/elregionalvm.com.ar\/noticias-villa-maria\/wp-content\/uploads\/2020\/09\/decisiones-fatales-1.jpg","type":"image\/jpeg"}],"author":"Miguel Andreis","twitter_card":"summary_large_image","twitter_creator":"@elregionalvm1","twitter_site":"@elregionalvm1","twitter_misc":{"Escrito por":"Miguel Andreis","Tiempo de lectura":"4 minutos"},"schema":{"@context":"https:\/\/schema.org","@graph":[{"@type":"Article","@id":"http:\/\/elregionalvm.com.ar\/noticias-villa-maria\/trece-decisiones-fatales-no-queda-stock-de-cordura\/#article","isPartOf":{"@id":"http:\/\/elregionalvm.com.ar\/noticias-villa-maria\/trece-decisiones-fatales-no-queda-stock-de-cordura\/"},"author":{"name":"Miguel Andreis","@id":"http:\/\/elregionalvm.com.ar\/noticias-villa-maria\/#\/schema\/person\/df5ff3f005acf29788aed9cb359f1193"},"headline":"Trece decisiones fatales: No queda stock de cordura","datePublished":"2020-09-02T02:35:40+00:00","dateModified":"2020-09-05T01:03:10+00:00","mainEntityOfPage":{"@id":"http:\/\/elregionalvm.com.ar\/noticias-villa-maria\/trece-decisiones-fatales-no-queda-stock-de-cordura\/"},"wordCount":797,"commentCount":0,"image":{"@id":"http:\/\/elregionalvm.com.ar\/noticias-villa-maria\/trece-decisiones-fatales-no-queda-stock-de-cordura\/#primaryimage"},"thumbnailUrl":"https:\/\/i0.wp.com\/elregionalvm.com.ar\/noticias-villa-maria\/wp-content\/uploads\/2020\/09\/decisiones-fatales-1.jpg?fit=1800%2C1200&ssl=1","keywords":["Covid 19","cuarentena","Decisiones fatales","pandemia","Suicidios"],"articleSection":["Coronavirus","Opini\u00f3n"],"inLanguage":"es","potentialAction":[{"@type":"CommentAction","name":"Comment","target":["http:\/\/elregionalvm.com.ar\/noticias-villa-maria\/trece-decisiones-fatales-no-queda-stock-de-cordura\/#respond"]}]},{"@type":"WebPage","@id":"http:\/\/elregionalvm.com.ar\/noticias-villa-maria\/trece-decisiones-fatales-no-queda-stock-de-cordura\/","url":"http:\/\/elregionalvm.com.ar\/noticias-villa-maria\/trece-decisiones-fatales-no-queda-stock-de-cordura\/","name":"Trece decisiones fatales: No queda stock de cordura - El Regional","isPartOf":{"@id":"http:\/\/elregionalvm.com.ar\/noticias-villa-maria\/#website"},"primaryImageOfPage":{"@id":"http:\/\/elregionalvm.com.ar\/noticias-villa-maria\/trece-decisiones-fatales-no-queda-stock-de-cordura\/#primaryimage"},"image":{"@id":"http:\/\/elregionalvm.com.ar\/noticias-villa-maria\/trece-decisiones-fatales-no-queda-stock-de-cordura\/#primaryimage"},"thumbnailUrl":"https:\/\/i0.wp.com\/elregionalvm.com.ar\/noticias-villa-maria\/wp-content\/uploads\/2020\/09\/decisiones-fatales-1.jpg?fit=1800%2C1200&ssl=1","datePublished":"2020-09-02T02:35:40+00:00","dateModified":"2020-09-05T01:03:10+00:00","author":{"@id":"http:\/\/elregionalvm.com.ar\/noticias-villa-maria\/#\/schema\/person\/df5ff3f005acf29788aed9cb359f1193"},"description":"Trece\u2026 muchos de temor, otros de angustia, otros encerrados por la econom\u00eda; la incertidumbre y la soledad mastican las v\u00edsceras\u2026","breadcrumb":{"@id":"http:\/\/elregionalvm.com.ar\/noticias-villa-maria\/trece-decisiones-fatales-no-queda-stock-de-cordura\/#breadcrumb"},"inLanguage":"es","potentialAction":[{"@type":"ReadAction","target":["http:\/\/elregionalvm.com.ar\/noticias-villa-maria\/trece-decisiones-fatales-no-queda-stock-de-cordura\/"]}]},{"@type":"ImageObject","inLanguage":"es","@id":"http:\/\/elregionalvm.com.ar\/noticias-villa-maria\/trece-decisiones-fatales-no-queda-stock-de-cordura\/#primaryimage","url":"https:\/\/i0.wp.com\/elregionalvm.com.ar\/noticias-villa-maria\/wp-content\/uploads\/2020\/09\/decisiones-fatales-1.jpg?fit=1800%2C1200&ssl=1","contentUrl":"https:\/\/i0.wp.com\/elregionalvm.com.ar\/noticias-villa-maria\/wp-content\/uploads\/2020\/09\/decisiones-fatales-1.jpg?fit=1800%2C1200&ssl=1","width":1800,"height":1200},{"@type":"BreadcrumbList","@id":"http:\/\/elregionalvm.com.ar\/noticias-villa-maria\/trece-decisiones-fatales-no-queda-stock-de-cordura\/#breadcrumb","itemListElement":[{"@type":"ListItem","position":1,"name":"Portada","item":"https:\/\/elregionalvm.com.ar\/noticias-villa-maria\/"},{"@type":"ListItem","position":2,"name":"Trece decisiones fatales: No queda stock de cordura"}]},{"@type":"WebSite","@id":"http:\/\/elregionalvm.com.ar\/noticias-villa-maria\/#website","url":"http:\/\/elregionalvm.com.ar\/noticias-villa-maria\/","name":"El Regional","description":"Mucho m\u00e1s que informaci\u00f3n","potentialAction":[{"@type":"SearchAction","target":{"@type":"EntryPoint","urlTemplate":"http:\/\/elregionalvm.com.ar\/noticias-villa-maria\/?s={search_term_string}"},"query-input":{"@type":"PropertyValueSpecification","valueRequired":true,"valueName":"search_term_string"}}],"inLanguage":"es"},{"@type":"Person","@id":"http:\/\/elregionalvm.com.ar\/noticias-villa-maria\/#\/schema\/person\/df5ff3f005acf29788aed9cb359f1193","name":"Miguel Andreis","image":{"@type":"ImageObject","inLanguage":"es","@id":"http:\/\/elregionalvm.com.ar\/noticias-villa-maria\/#\/schema\/person\/image\/","url":"https:\/\/secure.gravatar.com\/avatar\/c643381cd03da38327c6407e6886e7182d881f2ecf94a7902ca262c41f9d8884?s=96&d=mm&r=g","contentUrl":"https:\/\/secure.gravatar.com\/avatar\/c643381cd03da38327c6407e6886e7182d881f2ecf94a7902ca262c41f9d8884?s=96&d=mm&r=g","caption":"Miguel Andreis"},"url":"https:\/\/elregionalvm.com.ar\/noticias-villa-maria\/author\/miguelandreis\/"}]}},"jetpack_featured_media_url":"https:\/\/i0.wp.com\/elregionalvm.com.ar\/noticias-villa-maria\/wp-content\/uploads\/2020\/09\/decisiones-fatales-1.jpg?fit=1800%2C1200&ssl=1","jetpack_sharing_enabled":true,"_links":{"self":[{"href":"https:\/\/elregionalvm.com.ar\/noticias-villa-maria\/wp-json\/wp\/v2\/posts\/23119","targetHints":{"allow":["GET"]}}],"collection":[{"href":"https:\/\/elregionalvm.com.ar\/noticias-villa-maria\/wp-json\/wp\/v2\/posts"}],"about":[{"href":"https:\/\/elregionalvm.com.ar\/noticias-villa-maria\/wp-json\/wp\/v2\/types\/post"}],"author":[{"embeddable":true,"href":"https:\/\/elregionalvm.com.ar\/noticias-villa-maria\/wp-json\/wp\/v2\/users\/5"}],"replies":[{"embeddable":true,"href":"https:\/\/elregionalvm.com.ar\/noticias-villa-maria\/wp-json\/wp\/v2\/comments?post=23119"}],"version-history":[{"count":4,"href":"https:\/\/elregionalvm.com.ar\/noticias-villa-maria\/wp-json\/wp\/v2\/posts\/23119\/revisions"}],"predecessor-version":[{"id":23124,"href":"https:\/\/elregionalvm.com.ar\/noticias-villa-maria\/wp-json\/wp\/v2\/posts\/23119\/revisions\/23124"}],"wp:featuredmedia":[{"embeddable":true,"href":"https:\/\/elregionalvm.com.ar\/noticias-villa-maria\/wp-json\/wp\/v2\/media\/23201"}],"wp:attachment":[{"href":"https:\/\/elregionalvm.com.ar\/noticias-villa-maria\/wp-json\/wp\/v2\/media?parent=23119"}],"wp:term":[{"taxonomy":"category","embeddable":true,"href":"https:\/\/elregionalvm.com.ar\/noticias-villa-maria\/wp-json\/wp\/v2\/categories?post=23119"},{"taxonomy":"post_tag","embeddable":true,"href":"https:\/\/elregionalvm.com.ar\/noticias-villa-maria\/wp-json\/wp\/v2\/tags?post=23119"}],"curies":[{"name":"wp","href":"https:\/\/api.w.org\/{rel}","templated":true}]}}