{"id":23129,"date":"2020-09-02T12:22:59","date_gmt":"2020-09-02T12:22:59","guid":{"rendered":"https:\/\/elregionalvm.com.ar\/noticias-villa-maria\/?p=23129"},"modified":"2020-09-03T20:25:33","modified_gmt":"2020-09-03T20:25:33","slug":"agua-bendita-volvio-la-lluvia-despues-de-4-meses","status":"publish","type":"post","link":"https:\/\/elregionalvm.com.ar\/noticias-villa-maria\/agua-bendita-volvio-la-lluvia-despues-de-4-meses\/","title":{"rendered":"Agua bendita: volvi\u00f3 la lluvia despu\u00e9s de 4 meses"},"content":{"rendered":"\n<p>Hasta las 9 de la ma\u00f1ana de este mi\u00e9rcoles 2 de septiembre, el registro de lluvia ca\u00edda en Villa Mar\u00eda alcanzaba los 25 mil\u00edmetros.<\/p>\n\n\n\n<p>Una marca m\u00e1s que significativa tomando en cuenta dos hechos puntuales: la tremenda sequ\u00eda tras cuatro meses sin precipitaciones en la ciudad y la zona, y los 3 mil\u00edmetros contabilizados en la \u00faltima medici\u00f3n realizada el 28 de abril pasado.<\/p>\n\n\n\n<p>Cuatro meses sin agua ca\u00edda del cielo, s\u00ed se\u00f1oras y se\u00f1ores.<\/p>\n\n\n\n<figure class=\"wp-block-gallery columns-2 is-cropped wp-block-gallery-1 is-layout-flex wp-block-gallery-is-layout-flex\"><ul class=\"blocks-gallery-grid\"><li class=\"blocks-gallery-item\"><figure><img data-recalc-dims=\"1\" fetchpriority=\"high\" decoding=\"async\" width=\"810\" height=\"419\" src=\"https:\/\/i0.wp.com\/elregionalvm.com.ar\/noticias-villa-maria\/wp-content\/uploads\/2020\/09\/Lluvia-en-Villa-Mar%C3%ADa-septiembre-20-2.jpeg?resize=810%2C419&#038;ssl=1\" alt=\"\" data-id=\"23132\" data-full-url=\"https:\/\/elregionalvm.com.ar\/noticias-villa-maria\/wp-content\/uploads\/2020\/09\/Lluvia-en-Villa-Mar\u00eda-septiembre-20-2.jpeg\" data-link=\"https:\/\/elregionalvm.com.ar\/noticias-villa-maria\/?attachment_id=23132\" class=\"wp-image-23132\" srcset=\"https:\/\/i0.wp.com\/elregionalvm.com.ar\/noticias-villa-maria\/wp-content\/uploads\/2020\/09\/Lluvia-en-Villa-Mar%C3%ADa-septiembre-20-2.jpeg?w=810&amp;ssl=1 810w, https:\/\/i0.wp.com\/elregionalvm.com.ar\/noticias-villa-maria\/wp-content\/uploads\/2020\/09\/Lluvia-en-Villa-Mar%C3%ADa-septiembre-20-2.jpeg?resize=300%2C155&amp;ssl=1 300w, https:\/\/i0.wp.com\/elregionalvm.com.ar\/noticias-villa-maria\/wp-content\/uploads\/2020\/09\/Lluvia-en-Villa-Mar%C3%ADa-septiembre-20-2.jpeg?resize=768%2C397&amp;ssl=1 768w\" sizes=\"(max-width: 810px) 100vw, 810px\" \/><\/figure><\/li><li class=\"blocks-gallery-item\"><figure><img data-recalc-dims=\"1\" decoding=\"async\" width=\"738\" height=\"426\" src=\"https:\/\/i0.wp.com\/elregionalvm.com.ar\/noticias-villa-maria\/wp-content\/uploads\/2020\/09\/Lluvia-en-Villa-Mar%C3%ADa-septiembre-20.jpeg?resize=738%2C426&#038;ssl=1\" alt=\"\" data-id=\"23133\" data-full-url=\"https:\/\/elregionalvm.com.ar\/noticias-villa-maria\/wp-content\/uploads\/2020\/09\/Lluvia-en-Villa-Mar\u00eda-septiembre-20.jpeg\" data-link=\"https:\/\/elregionalvm.com.ar\/noticias-villa-maria\/?attachment_id=23133\" class=\"wp-image-23133\" srcset=\"https:\/\/i0.wp.com\/elregionalvm.com.ar\/noticias-villa-maria\/wp-content\/uploads\/2020\/09\/Lluvia-en-Villa-Mar%C3%ADa-septiembre-20.jpeg?w=738&amp;ssl=1 738w, https:\/\/i0.wp.com\/elregionalvm.com.ar\/noticias-villa-maria\/wp-content\/uploads\/2020\/09\/Lluvia-en-Villa-Mar%C3%ADa-septiembre-20.jpeg?resize=300%2C173&amp;ssl=1 300w\" sizes=\"(max-width: 738px) 100vw, 738px\" \/><\/figure><\/li><\/ul><figcaption class=\"blocks-gallery-caption\"><em>Volvi\u00f3 a llover en la ciudad, tras cuatro meses. <\/em><\/figcaption><\/figure>\n\n\n\n<p><\/p>\n\n\n\n<p>La informaci\u00f3n fue provista por el magister Hern\u00e1n Allasia responsable de Clima Global (No Oficial) y habitual colaborador de EL REGIONAL.<\/p>\n\n\n\n<p>Habr\u00e1 que esperar cu\u00e1l es el registro final de lluvias para la jornada de hoy. <\/p>\n\n\n\n<p><a href=\"https:\/\/elregionalvm.com.ar\/noticias-villa-maria\/clima\/\">El tiempo para ma\u00f1ana jueves 3 de septiembre<\/a> prev\u00e9 cielo parcialmente cubierto a despejado, vientos del Norte-Noreste rotando al Sur-Suroeste, de 10 a 25 km\/h. La temperatura ir\u00e1 elev\u00e1ndose tambi\u00e9n.<\/p>\n\n\n\n<ul class=\"wp-block-list\"><li><strong>Si quer\u00e9s saber m\u00e1s del clima ingres\u00e1 al enlace de abajo: <\/strong><\/li><\/ul>\n\n\n\n<figure class=\"wp-block-embed-wordpress wp-block-embed is-type-wp-embed is-provider-el-regional\"><div class=\"wp-block-embed__wrapper\">\nhttps:\/\/elregionalvm.com.ar\/noticias-villa-maria\/clima\/\n<\/div><\/figure>\n","protected":false},"excerpt":{"rendered":"<p>Hasta las 9 de la ma\u00f1ana de este mi\u00e9rcoles 2 de septiembre, el registro de lluvia ca\u00edda en Villa Mar\u00eda alcanzaba los 25 mil\u00edmetros. Una marca m\u00e1s que significativa tomando en cuenta dos hechos puntuales: la tremenda sequ\u00eda tras cuatro meses sin precipitaciones en la ciudad y la zona, y los 3 mil\u00edmetros contabilizados en [&hellip;]<\/p>\n","protected":false},"author":4,"featured_media":23131,"comment_status":"open","ping_status":"open","sticky":false,"template":"","format":"standard","meta":{"site-sidebar-layout":"default","site-content-layout":"default","ast-site-content-layout":"default","site-content-style":"default","site-sidebar-style":"default","ast-global-header-display":"","ast-banner-title-visibility":"","ast-main-header-display":"","ast-hfb-above-header-display":"","ast-hfb-below-header-display":"","ast-hfb-mobile-header-display":"","site-post-title":"","ast-breadcrumbs-content":"","ast-featured-img":"","footer-sml-layout":"","ast-disable-related-posts":"","theme-transparent-header-meta":"default","adv-header-id-meta":"","stick-header-meta":"","header-above-stick-meta":"","header-main-stick-meta":"","header-below-stick-meta":"","astra-migrate-meta-layouts":"default","ast-page-background-enabled":"default","ast-page-background-meta":{"desktop":{"background-color":"","background-image":"","background-repeat":"repeat","background-position":"center center","background-size":"auto","background-attachment":"scroll","background-type":"","background-media":"","overlay-type":"","overlay-color":"","overlay-opacity":"","overlay-gradient":""},"tablet":{"background-color":"","background-image":"","background-repeat":"repeat","background-position":"center center","background-size":"auto","background-attachment":"scroll","background-type":"","background-media":"","overlay-type":"","overlay-color":"","overlay-opacity":"","overlay-gradient":""},"mobile":{"background-color":"","background-image":"","background-repeat":"repeat","background-position":"center center","background-size":"auto","background-attachment":"scroll","background-type":"","background-media":"","overlay-type":"","overlay-color":"","overlay-opacity":"","overlay-gradient":""}},"ast-content-background-meta":{"desktop":{"background-color":"var(--ast-global-color-5)","background-image":"","background-repeat":"repeat","background-position":"center center","background-size":"auto","background-attachment":"scroll","background-type":"","background-media":"","overlay-type":"","overlay-color":"","overlay-opacity":"","overlay-gradient":""},"tablet":{"background-color":"var(--ast-global-color-5)","background-image":"","background-repeat":"repeat","background-position":"center center","background-size":"auto","background-attachment":"scroll","background-type":"","background-media":"","overlay-type":"","overlay-color":"","overlay-opacity":"","overlay-gradient":""},"mobile":{"background-color":"var(--ast-global-color-5)","background-image":"","background-repeat":"repeat","background-position":"center center","background-size":"auto","background-attachment":"scroll","background-type":"","background-media":"","overlay-type":"","overlay-color":"","overlay-opacity":"","overlay-gradient":""}},"_jetpack_memberships_contains_paid_content":false,"_joinchat":[],"footnotes":""},"categories":[2],"tags":[3679,2164,3680,3491,2167,2494],"class_list":["post-23129","post","type-post","status-publish","format-standard","has-post-thumbnail","hentry","category-villa-maria","tag-agua-bendita","tag-clima-global","tag-cuatro-meses-sin-lluvia","tag-lluvias","tag-pronostico-extendido","tag-sequia"],"yoast_head":"<!-- This site is optimized with the Yoast SEO plugin v26.8 - https:\/\/yoast.com\/product\/yoast-seo-wordpress\/ -->\n<title>Agua bendita: volvi\u00f3 la lluvia despu\u00e9s de 4 meses - El Regional<\/title>\n<meta name=\"description\" content=\"Hasta las 9 de la ma\u00f1ana de este mi\u00e9rcoles 2 de septiembre, el registro de lluvia ca\u00edda en Villa Mar\u00eda alcanzaba los 25 mil\u00edmetros.\" \/>\n<meta name=\"robots\" content=\"index, follow, max-snippet:-1, max-image-preview:large, max-video-preview:-1\" \/>\n<link rel=\"canonical\" href=\"http:\/\/elregionalvm.com.ar\/noticias-villa-maria\/agua-bendita-volvio-la-lluvia-despues-de-4-meses\/\" \/>\n<meta property=\"og:locale\" content=\"es_ES\" \/>\n<meta property=\"og:type\" content=\"article\" \/>\n<meta property=\"og:title\" content=\"Agua bendita: volvi\u00f3 la lluvia despu\u00e9s de 4 meses - El Regional\" \/>\n<meta property=\"og:description\" content=\"Hasta las 9 de la ma\u00f1ana de este mi\u00e9rcoles 2 de septiembre, el registro de lluvia ca\u00edda en Villa Mar\u00eda alcanzaba los 25 mil\u00edmetros.\" \/>\n<meta property=\"og:url\" content=\"http:\/\/elregionalvm.com.ar\/noticias-villa-maria\/agua-bendita-volvio-la-lluvia-despues-de-4-meses\/\" \/>\n<meta property=\"og:site_name\" content=\"El Regional\" \/>\n<meta property=\"article:publisher\" content=\"https:\/\/www.facebook.com\/elregionalvm\" \/>\n<meta property=\"article:published_time\" content=\"2020-09-02T12:22:59+00:00\" \/>\n<meta property=\"article:modified_time\" content=\"2020-09-03T20:25:33+00:00\" \/>\n<meta property=\"og:image\" content=\"http:\/\/elregionalvm.com.ar\/noticias-villa-maria\/wp-content\/uploads\/2020\/09\/Lluvia-en-Villa-Mar\u00eda-septiembre-20-1.jpeg\" \/>\n\t<meta property=\"og:image:width\" content=\"869\" \/>\n\t<meta property=\"og:image:height\" content=\"471\" \/>\n\t<meta property=\"og:image:type\" content=\"image\/jpeg\" \/>\n<meta name=\"author\" content=\"Contenidos El Regional\" \/>\n<meta name=\"twitter:card\" content=\"summary_large_image\" \/>\n<meta name=\"twitter:creator\" content=\"@elregionalvm1\" \/>\n<meta name=\"twitter:site\" content=\"@elregionalvm1\" \/>\n<meta name=\"twitter:label1\" content=\"Escrito por\" \/>\n\t<meta name=\"twitter:data1\" content=\"Contenidos El Regional\" \/>\n\t<meta name=\"twitter:label2\" content=\"Tiempo de lectura\" \/>\n\t<meta name=\"twitter:data2\" content=\"1 minuto\" \/>\n<script type=\"application\/ld+json\" class=\"yoast-schema-graph\">{\"@context\":\"https:\/\/schema.org\",\"@graph\":[{\"@type\":\"Article\",\"@id\":\"http:\/\/elregionalvm.com.ar\/noticias-villa-maria\/agua-bendita-volvio-la-lluvia-despues-de-4-meses\/#article\",\"isPartOf\":{\"@id\":\"http:\/\/elregionalvm.com.ar\/noticias-villa-maria\/agua-bendita-volvio-la-lluvia-despues-de-4-meses\/\"},\"author\":{\"name\":\"Contenidos El Regional\",\"@id\":\"http:\/\/elregionalvm.com.ar\/noticias-villa-maria\/#\/schema\/person\/a0fb9c422317faca23d50163151bc354\"},\"headline\":\"Agua bendita: volvi\u00f3 la lluvia despu\u00e9s de 4 meses\",\"datePublished\":\"2020-09-02T12:22:59+00:00\",\"dateModified\":\"2020-09-03T20:25:33+00:00\",\"mainEntityOfPage\":{\"@id\":\"http:\/\/elregionalvm.com.ar\/noticias-villa-maria\/agua-bendita-volvio-la-lluvia-despues-de-4-meses\/\"},\"wordCount\":189,\"commentCount\":0,\"image\":{\"@id\":\"http:\/\/elregionalvm.com.ar\/noticias-villa-maria\/agua-bendita-volvio-la-lluvia-despues-de-4-meses\/#primaryimage\"},\"thumbnailUrl\":\"https:\/\/i0.wp.com\/elregionalvm.com.ar\/noticias-villa-maria\/wp-content\/uploads\/2020\/09\/Lluvia-en-Villa-Mar%C3%ADa-septiembre-20-1.jpeg?fit=869%2C471&ssl=1\",\"keywords\":[\"Agua bendita\",\"Clima Global\",\"cuatro meses sin lluvia\",\"Lluvias\",\"Pron\u00f3stico Extendido\",\"sequ\u00eda\"],\"articleSection\":[\"Villa Mar\u00eda\"],\"inLanguage\":\"es\",\"potentialAction\":[{\"@type\":\"CommentAction\",\"name\":\"Comment\",\"target\":[\"http:\/\/elregionalvm.com.ar\/noticias-villa-maria\/agua-bendita-volvio-la-lluvia-despues-de-4-meses\/#respond\"]}]},{\"@type\":\"WebPage\",\"@id\":\"http:\/\/elregionalvm.com.ar\/noticias-villa-maria\/agua-bendita-volvio-la-lluvia-despues-de-4-meses\/\",\"url\":\"http:\/\/elregionalvm.com.ar\/noticias-villa-maria\/agua-bendita-volvio-la-lluvia-despues-de-4-meses\/\",\"name\":\"Agua bendita: volvi\u00f3 la lluvia despu\u00e9s de 4 meses - El Regional\",\"isPartOf\":{\"@id\":\"http:\/\/elregionalvm.com.ar\/noticias-villa-maria\/#website\"},\"primaryImageOfPage\":{\"@id\":\"http:\/\/elregionalvm.com.ar\/noticias-villa-maria\/agua-bendita-volvio-la-lluvia-despues-de-4-meses\/#primaryimage\"},\"image\":{\"@id\":\"http:\/\/elregionalvm.com.ar\/noticias-villa-maria\/agua-bendita-volvio-la-lluvia-despues-de-4-meses\/#primaryimage\"},\"thumbnailUrl\":\"https:\/\/i0.wp.com\/elregionalvm.com.ar\/noticias-villa-maria\/wp-content\/uploads\/2020\/09\/Lluvia-en-Villa-Mar%C3%ADa-septiembre-20-1.jpeg?fit=869%2C471&ssl=1\",\"datePublished\":\"2020-09-02T12:22:59+00:00\",\"dateModified\":\"2020-09-03T20:25:33+00:00\",\"author\":{\"@id\":\"http:\/\/elregionalvm.com.ar\/noticias-villa-maria\/#\/schema\/person\/a0fb9c422317faca23d50163151bc354\"},\"description\":\"Hasta las 9 de la ma\u00f1ana de este mi\u00e9rcoles 2 de septiembre, el registro de lluvia ca\u00edda en Villa Mar\u00eda alcanzaba los 25 mil\u00edmetros.\",\"breadcrumb\":{\"@id\":\"http:\/\/elregionalvm.com.ar\/noticias-villa-maria\/agua-bendita-volvio-la-lluvia-despues-de-4-meses\/#breadcrumb\"},\"inLanguage\":\"es\",\"potentialAction\":[{\"@type\":\"ReadAction\",\"target\":[\"http:\/\/elregionalvm.com.ar\/noticias-villa-maria\/agua-bendita-volvio-la-lluvia-despues-de-4-meses\/\"]}]},{\"@type\":\"ImageObject\",\"inLanguage\":\"es\",\"@id\":\"http:\/\/elregionalvm.com.ar\/noticias-villa-maria\/agua-bendita-volvio-la-lluvia-despues-de-4-meses\/#primaryimage\",\"url\":\"https:\/\/i0.wp.com\/elregionalvm.com.ar\/noticias-villa-maria\/wp-content\/uploads\/2020\/09\/Lluvia-en-Villa-Mar%C3%ADa-septiembre-20-1.jpeg?fit=869%2C471&ssl=1\",\"contentUrl\":\"https:\/\/i0.wp.com\/elregionalvm.com.ar\/noticias-villa-maria\/wp-content\/uploads\/2020\/09\/Lluvia-en-Villa-Mar%C3%ADa-septiembre-20-1.jpeg?fit=869%2C471&ssl=1\",\"width\":869,\"height\":471},{\"@type\":\"BreadcrumbList\",\"@id\":\"http:\/\/elregionalvm.com.ar\/noticias-villa-maria\/agua-bendita-volvio-la-lluvia-despues-de-4-meses\/#breadcrumb\",\"itemListElement\":[{\"@type\":\"ListItem\",\"position\":1,\"name\":\"Portada\",\"item\":\"https:\/\/elregionalvm.com.ar\/noticias-villa-maria\/\"},{\"@type\":\"ListItem\",\"position\":2,\"name\":\"Agua bendita: volvi\u00f3 la lluvia despu\u00e9s de 4 meses\"}]},{\"@type\":\"WebSite\",\"@id\":\"http:\/\/elregionalvm.com.ar\/noticias-villa-maria\/#website\",\"url\":\"http:\/\/elregionalvm.com.ar\/noticias-villa-maria\/\",\"name\":\"El Regional\",\"description\":\"Mucho m\u00e1s que informaci\u00f3n\",\"potentialAction\":[{\"@type\":\"SearchAction\",\"target\":{\"@type\":\"EntryPoint\",\"urlTemplate\":\"http:\/\/elregionalvm.com.ar\/noticias-villa-maria\/?s={search_term_string}\"},\"query-input\":{\"@type\":\"PropertyValueSpecification\",\"valueRequired\":true,\"valueName\":\"search_term_string\"}}],\"inLanguage\":\"es\"},{\"@type\":\"Person\",\"@id\":\"http:\/\/elregionalvm.com.ar\/noticias-villa-maria\/#\/schema\/person\/a0fb9c422317faca23d50163151bc354\",\"name\":\"Contenidos El Regional\",\"image\":{\"@type\":\"ImageObject\",\"inLanguage\":\"es\",\"@id\":\"http:\/\/elregionalvm.com.ar\/noticias-villa-maria\/#\/schema\/person\/image\/\",\"url\":\"https:\/\/secure.gravatar.com\/avatar\/265b27cb2209af7bb3a1318f03305787d7981a5cc6e6cd08fe5a4ecdf99d4b48?s=96&d=mm&r=g\",\"contentUrl\":\"https:\/\/secure.gravatar.com\/avatar\/265b27cb2209af7bb3a1318f03305787d7981a5cc6e6cd08fe5a4ecdf99d4b48?s=96&d=mm&r=g\",\"caption\":\"Contenidos El Regional\"},\"url\":\"https:\/\/elregionalvm.com.ar\/noticias-villa-maria\/author\/contenido\/\"}]}<\/script>\n<!-- \/ Yoast SEO plugin. -->","yoast_head_json":{"title":"Agua bendita: volvi\u00f3 la lluvia despu\u00e9s de 4 meses - El Regional","description":"Hasta las 9 de la ma\u00f1ana de este mi\u00e9rcoles 2 de septiembre, el registro de lluvia ca\u00edda en Villa Mar\u00eda alcanzaba los 25 mil\u00edmetros.","robots":{"index":"index","follow":"follow","max-snippet":"max-snippet:-1","max-image-preview":"max-image-preview:large","max-video-preview":"max-video-preview:-1"},"canonical":"http:\/\/elregionalvm.com.ar\/noticias-villa-maria\/agua-bendita-volvio-la-lluvia-despues-de-4-meses\/","og_locale":"es_ES","og_type":"article","og_title":"Agua bendita: volvi\u00f3 la lluvia despu\u00e9s de 4 meses - El Regional","og_description":"Hasta las 9 de la ma\u00f1ana de este mi\u00e9rcoles 2 de septiembre, el registro de lluvia ca\u00edda en Villa Mar\u00eda alcanzaba los 25 mil\u00edmetros.","og_url":"http:\/\/elregionalvm.com.ar\/noticias-villa-maria\/agua-bendita-volvio-la-lluvia-despues-de-4-meses\/","og_site_name":"El Regional","article_publisher":"https:\/\/www.facebook.com\/elregionalvm","article_published_time":"2020-09-02T12:22:59+00:00","article_modified_time":"2020-09-03T20:25:33+00:00","og_image":[{"width":869,"height":471,"url":"http:\/\/elregionalvm.com.ar\/noticias-villa-maria\/wp-content\/uploads\/2020\/09\/Lluvia-en-Villa-Mar\u00eda-septiembre-20-1.jpeg","type":"image\/jpeg"}],"author":"Contenidos El Regional","twitter_card":"summary_large_image","twitter_creator":"@elregionalvm1","twitter_site":"@elregionalvm1","twitter_misc":{"Escrito por":"Contenidos El Regional","Tiempo de lectura":"1 minuto"},"schema":{"@context":"https:\/\/schema.org","@graph":[{"@type":"Article","@id":"http:\/\/elregionalvm.com.ar\/noticias-villa-maria\/agua-bendita-volvio-la-lluvia-despues-de-4-meses\/#article","isPartOf":{"@id":"http:\/\/elregionalvm.com.ar\/noticias-villa-maria\/agua-bendita-volvio-la-lluvia-despues-de-4-meses\/"},"author":{"name":"Contenidos El Regional","@id":"http:\/\/elregionalvm.com.ar\/noticias-villa-maria\/#\/schema\/person\/a0fb9c422317faca23d50163151bc354"},"headline":"Agua bendita: volvi\u00f3 la lluvia despu\u00e9s de 4 meses","datePublished":"2020-09-02T12:22:59+00:00","dateModified":"2020-09-03T20:25:33+00:00","mainEntityOfPage":{"@id":"http:\/\/elregionalvm.com.ar\/noticias-villa-maria\/agua-bendita-volvio-la-lluvia-despues-de-4-meses\/"},"wordCount":189,"commentCount":0,"image":{"@id":"http:\/\/elregionalvm.com.ar\/noticias-villa-maria\/agua-bendita-volvio-la-lluvia-despues-de-4-meses\/#primaryimage"},"thumbnailUrl":"https:\/\/i0.wp.com\/elregionalvm.com.ar\/noticias-villa-maria\/wp-content\/uploads\/2020\/09\/Lluvia-en-Villa-Mar%C3%ADa-septiembre-20-1.jpeg?fit=869%2C471&ssl=1","keywords":["Agua bendita","Clima Global","cuatro meses sin lluvia","Lluvias","Pron\u00f3stico Extendido","sequ\u00eda"],"articleSection":["Villa Mar\u00eda"],"inLanguage":"es","potentialAction":[{"@type":"CommentAction","name":"Comment","target":["http:\/\/elregionalvm.com.ar\/noticias-villa-maria\/agua-bendita-volvio-la-lluvia-despues-de-4-meses\/#respond"]}]},{"@type":"WebPage","@id":"http:\/\/elregionalvm.com.ar\/noticias-villa-maria\/agua-bendita-volvio-la-lluvia-despues-de-4-meses\/","url":"http:\/\/elregionalvm.com.ar\/noticias-villa-maria\/agua-bendita-volvio-la-lluvia-despues-de-4-meses\/","name":"Agua bendita: volvi\u00f3 la lluvia despu\u00e9s de 4 meses - El Regional","isPartOf":{"@id":"http:\/\/elregionalvm.com.ar\/noticias-villa-maria\/#website"},"primaryImageOfPage":{"@id":"http:\/\/elregionalvm.com.ar\/noticias-villa-maria\/agua-bendita-volvio-la-lluvia-despues-de-4-meses\/#primaryimage"},"image":{"@id":"http:\/\/elregionalvm.com.ar\/noticias-villa-maria\/agua-bendita-volvio-la-lluvia-despues-de-4-meses\/#primaryimage"},"thumbnailUrl":"https:\/\/i0.wp.com\/elregionalvm.com.ar\/noticias-villa-maria\/wp-content\/uploads\/2020\/09\/Lluvia-en-Villa-Mar%C3%ADa-septiembre-20-1.jpeg?fit=869%2C471&ssl=1","datePublished":"2020-09-02T12:22:59+00:00","dateModified":"2020-09-03T20:25:33+00:00","author":{"@id":"http:\/\/elregionalvm.com.ar\/noticias-villa-maria\/#\/schema\/person\/a0fb9c422317faca23d50163151bc354"},"description":"Hasta las 9 de la ma\u00f1ana de este mi\u00e9rcoles 2 de septiembre, el registro de lluvia ca\u00edda en Villa Mar\u00eda alcanzaba los 25 mil\u00edmetros.","breadcrumb":{"@id":"http:\/\/elregionalvm.com.ar\/noticias-villa-maria\/agua-bendita-volvio-la-lluvia-despues-de-4-meses\/#breadcrumb"},"inLanguage":"es","potentialAction":[{"@type":"ReadAction","target":["http:\/\/elregionalvm.com.ar\/noticias-villa-maria\/agua-bendita-volvio-la-lluvia-despues-de-4-meses\/"]}]},{"@type":"ImageObject","inLanguage":"es","@id":"http:\/\/elregionalvm.com.ar\/noticias-villa-maria\/agua-bendita-volvio-la-lluvia-despues-de-4-meses\/#primaryimage","url":"https:\/\/i0.wp.com\/elregionalvm.com.ar\/noticias-villa-maria\/wp-content\/uploads\/2020\/09\/Lluvia-en-Villa-Mar%C3%ADa-septiembre-20-1.jpeg?fit=869%2C471&ssl=1","contentUrl":"https:\/\/i0.wp.com\/elregionalvm.com.ar\/noticias-villa-maria\/wp-content\/uploads\/2020\/09\/Lluvia-en-Villa-Mar%C3%ADa-septiembre-20-1.jpeg?fit=869%2C471&ssl=1","width":869,"height":471},{"@type":"BreadcrumbList","@id":"http:\/\/elregionalvm.com.ar\/noticias-villa-maria\/agua-bendita-volvio-la-lluvia-despues-de-4-meses\/#breadcrumb","itemListElement":[{"@type":"ListItem","position":1,"name":"Portada","item":"https:\/\/elregionalvm.com.ar\/noticias-villa-maria\/"},{"@type":"ListItem","position":2,"name":"Agua bendita: volvi\u00f3 la lluvia despu\u00e9s de 4 meses"}]},{"@type":"WebSite","@id":"http:\/\/elregionalvm.com.ar\/noticias-villa-maria\/#website","url":"http:\/\/elregionalvm.com.ar\/noticias-villa-maria\/","name":"El Regional","description":"Mucho m\u00e1s que informaci\u00f3n","potentialAction":[{"@type":"SearchAction","target":{"@type":"EntryPoint","urlTemplate":"http:\/\/elregionalvm.com.ar\/noticias-villa-maria\/?s={search_term_string}"},"query-input":{"@type":"PropertyValueSpecification","valueRequired":true,"valueName":"search_term_string"}}],"inLanguage":"es"},{"@type":"Person","@id":"http:\/\/elregionalvm.com.ar\/noticias-villa-maria\/#\/schema\/person\/a0fb9c422317faca23d50163151bc354","name":"Contenidos El Regional","image":{"@type":"ImageObject","inLanguage":"es","@id":"http:\/\/elregionalvm.com.ar\/noticias-villa-maria\/#\/schema\/person\/image\/","url":"https:\/\/secure.gravatar.com\/avatar\/265b27cb2209af7bb3a1318f03305787d7981a5cc6e6cd08fe5a4ecdf99d4b48?s=96&d=mm&r=g","contentUrl":"https:\/\/secure.gravatar.com\/avatar\/265b27cb2209af7bb3a1318f03305787d7981a5cc6e6cd08fe5a4ecdf99d4b48?s=96&d=mm&r=g","caption":"Contenidos El Regional"},"url":"https:\/\/elregionalvm.com.ar\/noticias-villa-maria\/author\/contenido\/"}]}},"jetpack_featured_media_url":"https:\/\/i0.wp.com\/elregionalvm.com.ar\/noticias-villa-maria\/wp-content\/uploads\/2020\/09\/Lluvia-en-Villa-Mar%C3%ADa-septiembre-20-1.jpeg?fit=869%2C471&ssl=1","jetpack_sharing_enabled":true,"_links":{"self":[{"href":"https:\/\/elregionalvm.com.ar\/noticias-villa-maria\/wp-json\/wp\/v2\/posts\/23129","targetHints":{"allow":["GET"]}}],"collection":[{"href":"https:\/\/elregionalvm.com.ar\/noticias-villa-maria\/wp-json\/wp\/v2\/posts"}],"about":[{"href":"https:\/\/elregionalvm.com.ar\/noticias-villa-maria\/wp-json\/wp\/v2\/types\/post"}],"author":[{"embeddable":true,"href":"https:\/\/elregionalvm.com.ar\/noticias-villa-maria\/wp-json\/wp\/v2\/users\/4"}],"replies":[{"embeddable":true,"href":"https:\/\/elregionalvm.com.ar\/noticias-villa-maria\/wp-json\/wp\/v2\/comments?post=23129"}],"version-history":[{"count":1,"href":"https:\/\/elregionalvm.com.ar\/noticias-villa-maria\/wp-json\/wp\/v2\/posts\/23129\/revisions"}],"predecessor-version":[{"id":23134,"href":"https:\/\/elregionalvm.com.ar\/noticias-villa-maria\/wp-json\/wp\/v2\/posts\/23129\/revisions\/23134"}],"wp:featuredmedia":[{"embeddable":true,"href":"https:\/\/elregionalvm.com.ar\/noticias-villa-maria\/wp-json\/wp\/v2\/media\/23131"}],"wp:attachment":[{"href":"https:\/\/elregionalvm.com.ar\/noticias-villa-maria\/wp-json\/wp\/v2\/media?parent=23129"}],"wp:term":[{"taxonomy":"category","embeddable":true,"href":"https:\/\/elregionalvm.com.ar\/noticias-villa-maria\/wp-json\/wp\/v2\/categories?post=23129"},{"taxonomy":"post_tag","embeddable":true,"href":"https:\/\/elregionalvm.com.ar\/noticias-villa-maria\/wp-json\/wp\/v2\/tags?post=23129"}],"curies":[{"name":"wp","href":"https:\/\/api.w.org\/{rel}","templated":true}]}}