{"id":23136,"date":"2020-09-02T12:56:48","date_gmt":"2020-09-02T12:56:48","guid":{"rendered":"https:\/\/elregionalvm.com.ar\/noticias-villa-maria\/?p=23136"},"modified":"2020-09-02T14:32:01","modified_gmt":"2020-09-02T14:32:01","slug":"hospital-pasteur-primera-intervencion-de-implantacion-de-un-estimulador-medular","status":"publish","type":"post","link":"https:\/\/elregionalvm.com.ar\/noticias-villa-maria\/hospital-pasteur-primera-intervencion-de-implantacion-de-un-estimulador-medular\/","title":{"rendered":"Hospital Pasteur: primera intervenci\u00f3n de implantaci\u00f3n de un estimulador medular"},"content":{"rendered":"\n<ul class=\"wp-block-list\"><li><strong>Se realiz\u00f3 la primera intervenci\u00f3n de implantaci\u00f3n de un estimulador medular, para tratar un dolor cr\u00f3nico benigno intratable.<\/strong><\/li><li><strong>Consiste en la colocaci\u00f3n de un dispositivo electr\u00f3nico con micro electrodos sobre la m\u00e9dula espinal, para la emisi\u00f3n de est\u00edmulos el\u00e9ctricos que son regulados desde un monitor externo.<\/strong><\/li><li><strong>Este abordaje fue realizado a una persona de 50 a\u00f1os, quien presentaba este dolor vinculado con una anterior intervenci\u00f3n.<\/strong><\/li><\/ul>\n\n\n\n<p>El equipo de neurocirujanos del Hospital Pasteur realiz\u00f3 la primera intervenci\u00f3n de implantaci\u00f3n de un estimulador medular, a un paciente con dolor cr\u00f3nico benigno intratable.<\/p>\n\n\n\n<p>Este abordaje, denominado como neuromodulaci\u00f3n espinal, consiste en la&nbsp;<strong>colocaci\u00f3n de un dispositivo electr\u00f3nico con micro electrodos sobre la m\u00e9dula espinal<\/strong>, para la emisi\u00f3n de est\u00edmulos el\u00e9ctricos que son regulados desde un monitor externo.<\/p>\n\n\n\n<p>Se utiliza para tratar el dolor cr\u00f3nico y se constituye como la \u00faltima alternativa luego de agotar todos los tratamientos terap\u00e9uticos posibles; m\u00e9dicos, farmacol\u00f3gicos o kin\u00e9sicos.<\/p>\n\n\n\n<p>Esta t\u00e9cnica quir\u00fargica de alta complejidad,&nbsp;<strong>se realiz\u00f3 a un paciente de 50 a\u00f1os diagnosticado de dolor cr\u00f3nico benigno intratable<\/strong>, vinculado con una intervenci\u00f3n quir\u00fargica por la presencia de un angioma cavernoso, realizada hace ocho a\u00f1os atr\u00e1s.<\/p>\n\n\n\n<p>Heraldo Pares, jefe del servicio de neurocirug\u00eda del hospital, destac\u00f3 la importancia de esta intervenci\u00f3n quir\u00fargica realizada por primera vez en el Pasteur.&nbsp;<strong><em>\u201cEs una t\u00e9cnica innovadora y brinda la posibilidad de mejorar la calidad de vida de un paciente que transit\u00f3 durante mucho tiempo instancias de dolor extremo\u201d<\/em><\/strong>, manifest\u00f3.<\/p>\n\n\n\n<p>En cuanto al funcionamiento del estimulador medular, Marcelo Olivero, integrante del equipo, mencion\u00f3 que&nbsp;<em>\u201cla estimulaci\u00f3n se va regulando gradualmente estableciendo la intensidad y el modo de la micro corriente el\u00e9ctrica emitida, generando un fen\u00f3meno denominado distracci\u00f3n de la sensibilidad que busca atenuar, en gran medida, el dolor que padece el paciente\u201d<\/em>.<\/p>\n\n\n\n<p>Este proceso comienza a los 20 d\u00edas posteriores de la colocaci\u00f3n del implante y se complementa con una evaluaci\u00f3n continua de la evoluci\u00f3n del paciente.&nbsp;<em>\u201cPara una persona que convivi\u00f3 tanto tiempo con un dolor cr\u00f3nico, la posibilidad de atenuar o erradicar esa dolencia significa una mejora notable en su calidad de vida\u201d<\/em>, aseguraron Sebasti\u00e1n Ca\u00f1as y Marcelo Gavira, profesionales del servicio quienes, junto a Walter G\u00f3mez, completan el plantel de neurocirujanos que encabezaron la intervenci\u00f3n.<\/p>\n\n\n\n<p>Cabe destacar que&nbsp;<strong>la cirug\u00eda tuvo una duraci\u00f3n de tres horas<\/strong>, y que adem\u00e1s del servicio de neurocirug\u00eda, participaron Nicol\u00e1s \u00c1lvarez, anestesistas y las instrumentadores Ornella Genta y Rebeca Marques; quienes trabajaron en&nbsp;<strong>una experiencia in\u00e9dita para la regi\u00f3n, con importantes medidas de bioseguridad en el marco de la situaci\u00f3n sanitaria actual.<\/strong><\/p>\n","protected":false},"excerpt":{"rendered":"<p>Se realiz\u00f3 la primera intervenci\u00f3n de implantaci\u00f3n de un estimulador medular, para tratar un dolor cr\u00f3nico benigno intratable. Consiste en la colocaci\u00f3n de un dispositivo electr\u00f3nico con micro electrodos sobre la m\u00e9dula espinal, para la emisi\u00f3n de est\u00edmulos el\u00e9ctricos que son regulados desde un monitor externo. Este abordaje fue realizado a una persona de 50 [&hellip;]<\/p>\n","protected":false},"author":4,"featured_media":23137,"comment_status":"open","ping_status":"open","sticky":false,"template":"","format":"standard","meta":{"site-sidebar-layout":"default","site-content-layout":"default","ast-site-content-layout":"default","site-content-style":"default","site-sidebar-style":"default","ast-global-header-display":"","ast-banner-title-visibility":"","ast-main-header-display":"","ast-hfb-above-header-display":"","ast-hfb-below-header-display":"","ast-hfb-mobile-header-display":"","site-post-title":"","ast-breadcrumbs-content":"","ast-featured-img":"","footer-sml-layout":"","ast-disable-related-posts":"","theme-transparent-header-meta":"default","adv-header-id-meta":"","stick-header-meta":"","header-above-stick-meta":"","header-main-stick-meta":"","header-below-stick-meta":"","astra-migrate-meta-layouts":"default","ast-page-background-enabled":"default","ast-page-background-meta":{"desktop":{"background-color":"","background-image":"","background-repeat":"repeat","background-position":"center center","background-size":"auto","background-attachment":"scroll","background-type":"","background-media":"","overlay-type":"","overlay-color":"","overlay-opacity":"","overlay-gradient":""},"tablet":{"background-color":"","background-image":"","background-repeat":"repeat","background-position":"center center","background-size":"auto","background-attachment":"scroll","background-type":"","background-media":"","overlay-type":"","overlay-color":"","overlay-opacity":"","overlay-gradient":""},"mobile":{"background-color":"","background-image":"","background-repeat":"repeat","background-position":"center center","background-size":"auto","background-attachment":"scroll","background-type":"","background-media":"","overlay-type":"","overlay-color":"","overlay-opacity":"","overlay-gradient":""}},"ast-content-background-meta":{"desktop":{"background-color":"var(--ast-global-color-5)","background-image":"","background-repeat":"repeat","background-position":"center center","background-size":"auto","background-attachment":"scroll","background-type":"","background-media":"","overlay-type":"","overlay-color":"","overlay-opacity":"","overlay-gradient":""},"tablet":{"background-color":"var(--ast-global-color-5)","background-image":"","background-repeat":"repeat","background-position":"center center","background-size":"auto","background-attachment":"scroll","background-type":"","background-media":"","overlay-type":"","overlay-color":"","overlay-opacity":"","overlay-gradient":""},"mobile":{"background-color":"var(--ast-global-color-5)","background-image":"","background-repeat":"repeat","background-position":"center center","background-size":"auto","background-attachment":"scroll","background-type":"","background-media":"","overlay-type":"","overlay-color":"","overlay-opacity":"","overlay-gradient":""}},"_jetpack_memberships_contains_paid_content":false,"_joinchat":[],"footnotes":""},"categories":[2],"tags":[1232,3683,2130,3682,3681],"class_list":["post-23136","post","type-post","status-publish","format-standard","has-post-thumbnail","hentry","category-villa-maria","tag-destacado","tag-estimulador-medular","tag-hospital-pasteur","tag-implantacion","tag-primera-intervencion"],"yoast_head":"<!-- This site is optimized with the Yoast SEO plugin v26.8 - https:\/\/yoast.com\/product\/yoast-seo-wordpress\/ -->\n<title>Hospital Pasteur: primera intervenci\u00f3n de implantaci\u00f3n de un estimulador medular - El Regional<\/title>\n<meta name=\"robots\" content=\"index, follow, max-snippet:-1, max-image-preview:large, max-video-preview:-1\" \/>\n<link rel=\"canonical\" href=\"http:\/\/elregionalvm.com.ar\/noticias-villa-maria\/hospital-pasteur-primera-intervencion-de-implantacion-de-un-estimulador-medular\/\" \/>\n<meta property=\"og:locale\" content=\"es_ES\" \/>\n<meta property=\"og:type\" content=\"article\" \/>\n<meta property=\"og:title\" content=\"Hospital Pasteur: primera intervenci\u00f3n de implantaci\u00f3n de un estimulador medular - El Regional\" \/>\n<meta property=\"og:description\" content=\"Se realiz\u00f3 la primera intervenci\u00f3n de implantaci\u00f3n de un estimulador medular, para tratar un dolor cr\u00f3nico benigno intratable. Consiste en la colocaci\u00f3n de un dispositivo electr\u00f3nico con micro electrodos sobre la m\u00e9dula espinal, para la emisi\u00f3n de est\u00edmulos el\u00e9ctricos que son regulados desde un monitor externo. Este abordaje fue realizado a una persona de 50 [&hellip;]\" \/>\n<meta property=\"og:url\" content=\"http:\/\/elregionalvm.com.ar\/noticias-villa-maria\/hospital-pasteur-primera-intervencion-de-implantacion-de-un-estimulador-medular\/\" \/>\n<meta property=\"og:site_name\" content=\"El Regional\" \/>\n<meta property=\"article:publisher\" content=\"https:\/\/www.facebook.com\/elregionalvm\" \/>\n<meta property=\"article:published_time\" content=\"2020-09-02T12:56:48+00:00\" \/>\n<meta property=\"article:modified_time\" content=\"2020-09-02T14:32:01+00:00\" \/>\n<meta property=\"og:image\" content=\"http:\/\/elregionalvm.com.ar\/noticias-villa-maria\/wp-content\/uploads\/2020\/09\/hospital-pasteur-cerca.jpg\" \/>\n\t<meta property=\"og:image:width\" content=\"1024\" \/>\n\t<meta property=\"og:image:height\" content=\"683\" \/>\n\t<meta property=\"og:image:type\" content=\"image\/jpeg\" \/>\n<meta name=\"author\" content=\"Contenidos El Regional\" \/>\n<meta name=\"twitter:card\" content=\"summary_large_image\" \/>\n<meta name=\"twitter:creator\" content=\"@elregionalvm1\" \/>\n<meta name=\"twitter:site\" content=\"@elregionalvm1\" \/>\n<meta name=\"twitter:label1\" content=\"Escrito por\" \/>\n\t<meta name=\"twitter:data1\" content=\"Contenidos El Regional\" \/>\n\t<meta name=\"twitter:label2\" content=\"Tiempo de lectura\" \/>\n\t<meta name=\"twitter:data2\" content=\"2 minutos\" \/>\n<script type=\"application\/ld+json\" class=\"yoast-schema-graph\">{\"@context\":\"https:\/\/schema.org\",\"@graph\":[{\"@type\":\"Article\",\"@id\":\"http:\/\/elregionalvm.com.ar\/noticias-villa-maria\/hospital-pasteur-primera-intervencion-de-implantacion-de-un-estimulador-medular\/#article\",\"isPartOf\":{\"@id\":\"http:\/\/elregionalvm.com.ar\/noticias-villa-maria\/hospital-pasteur-primera-intervencion-de-implantacion-de-un-estimulador-medular\/\"},\"author\":{\"name\":\"Contenidos El Regional\",\"@id\":\"http:\/\/elregionalvm.com.ar\/noticias-villa-maria\/#\/schema\/person\/a0fb9c422317faca23d50163151bc354\"},\"headline\":\"Hospital Pasteur: primera intervenci\u00f3n de implantaci\u00f3n de un estimulador medular\",\"datePublished\":\"2020-09-02T12:56:48+00:00\",\"dateModified\":\"2020-09-02T14:32:01+00:00\",\"mainEntityOfPage\":{\"@id\":\"http:\/\/elregionalvm.com.ar\/noticias-villa-maria\/hospital-pasteur-primera-intervencion-de-implantacion-de-un-estimulador-medular\/\"},\"wordCount\":492,\"commentCount\":0,\"image\":{\"@id\":\"http:\/\/elregionalvm.com.ar\/noticias-villa-maria\/hospital-pasteur-primera-intervencion-de-implantacion-de-un-estimulador-medular\/#primaryimage\"},\"thumbnailUrl\":\"https:\/\/i0.wp.com\/elregionalvm.com.ar\/noticias-villa-maria\/wp-content\/uploads\/2020\/09\/hospital-pasteur-cerca.jpg?fit=1024%2C683&ssl=1\",\"keywords\":[\"destacado\",\"estimulador medular\",\"Hospital Pasteur\",\"implantaci\u00f3n\",\"primera intervenci\u00f3n\"],\"articleSection\":[\"Villa Mar\u00eda\"],\"inLanguage\":\"es\",\"potentialAction\":[{\"@type\":\"CommentAction\",\"name\":\"Comment\",\"target\":[\"http:\/\/elregionalvm.com.ar\/noticias-villa-maria\/hospital-pasteur-primera-intervencion-de-implantacion-de-un-estimulador-medular\/#respond\"]}]},{\"@type\":\"WebPage\",\"@id\":\"http:\/\/elregionalvm.com.ar\/noticias-villa-maria\/hospital-pasteur-primera-intervencion-de-implantacion-de-un-estimulador-medular\/\",\"url\":\"http:\/\/elregionalvm.com.ar\/noticias-villa-maria\/hospital-pasteur-primera-intervencion-de-implantacion-de-un-estimulador-medular\/\",\"name\":\"Hospital Pasteur: primera intervenci\u00f3n de implantaci\u00f3n de un estimulador medular - El Regional\",\"isPartOf\":{\"@id\":\"http:\/\/elregionalvm.com.ar\/noticias-villa-maria\/#website\"},\"primaryImageOfPage\":{\"@id\":\"http:\/\/elregionalvm.com.ar\/noticias-villa-maria\/hospital-pasteur-primera-intervencion-de-implantacion-de-un-estimulador-medular\/#primaryimage\"},\"image\":{\"@id\":\"http:\/\/elregionalvm.com.ar\/noticias-villa-maria\/hospital-pasteur-primera-intervencion-de-implantacion-de-un-estimulador-medular\/#primaryimage\"},\"thumbnailUrl\":\"https:\/\/i0.wp.com\/elregionalvm.com.ar\/noticias-villa-maria\/wp-content\/uploads\/2020\/09\/hospital-pasteur-cerca.jpg?fit=1024%2C683&ssl=1\",\"datePublished\":\"2020-09-02T12:56:48+00:00\",\"dateModified\":\"2020-09-02T14:32:01+00:00\",\"author\":{\"@id\":\"http:\/\/elregionalvm.com.ar\/noticias-villa-maria\/#\/schema\/person\/a0fb9c422317faca23d50163151bc354\"},\"breadcrumb\":{\"@id\":\"http:\/\/elregionalvm.com.ar\/noticias-villa-maria\/hospital-pasteur-primera-intervencion-de-implantacion-de-un-estimulador-medular\/#breadcrumb\"},\"inLanguage\":\"es\",\"potentialAction\":[{\"@type\":\"ReadAction\",\"target\":[\"http:\/\/elregionalvm.com.ar\/noticias-villa-maria\/hospital-pasteur-primera-intervencion-de-implantacion-de-un-estimulador-medular\/\"]}]},{\"@type\":\"ImageObject\",\"inLanguage\":\"es\",\"@id\":\"http:\/\/elregionalvm.com.ar\/noticias-villa-maria\/hospital-pasteur-primera-intervencion-de-implantacion-de-un-estimulador-medular\/#primaryimage\",\"url\":\"https:\/\/i0.wp.com\/elregionalvm.com.ar\/noticias-villa-maria\/wp-content\/uploads\/2020\/09\/hospital-pasteur-cerca.jpg?fit=1024%2C683&ssl=1\",\"contentUrl\":\"https:\/\/i0.wp.com\/elregionalvm.com.ar\/noticias-villa-maria\/wp-content\/uploads\/2020\/09\/hospital-pasteur-cerca.jpg?fit=1024%2C683&ssl=1\",\"width\":1024,\"height\":683},{\"@type\":\"BreadcrumbList\",\"@id\":\"http:\/\/elregionalvm.com.ar\/noticias-villa-maria\/hospital-pasteur-primera-intervencion-de-implantacion-de-un-estimulador-medular\/#breadcrumb\",\"itemListElement\":[{\"@type\":\"ListItem\",\"position\":1,\"name\":\"Portada\",\"item\":\"https:\/\/elregionalvm.com.ar\/noticias-villa-maria\/\"},{\"@type\":\"ListItem\",\"position\":2,\"name\":\"Hospital Pasteur: primera intervenci\u00f3n de implantaci\u00f3n de un estimulador medular\"}]},{\"@type\":\"WebSite\",\"@id\":\"http:\/\/elregionalvm.com.ar\/noticias-villa-maria\/#website\",\"url\":\"http:\/\/elregionalvm.com.ar\/noticias-villa-maria\/\",\"name\":\"El Regional\",\"description\":\"Mucho m\u00e1s que informaci\u00f3n\",\"potentialAction\":[{\"@type\":\"SearchAction\",\"target\":{\"@type\":\"EntryPoint\",\"urlTemplate\":\"http:\/\/elregionalvm.com.ar\/noticias-villa-maria\/?s={search_term_string}\"},\"query-input\":{\"@type\":\"PropertyValueSpecification\",\"valueRequired\":true,\"valueName\":\"search_term_string\"}}],\"inLanguage\":\"es\"},{\"@type\":\"Person\",\"@id\":\"http:\/\/elregionalvm.com.ar\/noticias-villa-maria\/#\/schema\/person\/a0fb9c422317faca23d50163151bc354\",\"name\":\"Contenidos El Regional\",\"image\":{\"@type\":\"ImageObject\",\"inLanguage\":\"es\",\"@id\":\"http:\/\/elregionalvm.com.ar\/noticias-villa-maria\/#\/schema\/person\/image\/\",\"url\":\"https:\/\/secure.gravatar.com\/avatar\/265b27cb2209af7bb3a1318f03305787d7981a5cc6e6cd08fe5a4ecdf99d4b48?s=96&d=mm&r=g\",\"contentUrl\":\"https:\/\/secure.gravatar.com\/avatar\/265b27cb2209af7bb3a1318f03305787d7981a5cc6e6cd08fe5a4ecdf99d4b48?s=96&d=mm&r=g\",\"caption\":\"Contenidos El Regional\"},\"url\":\"https:\/\/elregionalvm.com.ar\/noticias-villa-maria\/author\/contenido\/\"}]}<\/script>\n<!-- \/ Yoast SEO plugin. -->","yoast_head_json":{"title":"Hospital Pasteur: primera intervenci\u00f3n de implantaci\u00f3n de un estimulador medular - El Regional","robots":{"index":"index","follow":"follow","max-snippet":"max-snippet:-1","max-image-preview":"max-image-preview:large","max-video-preview":"max-video-preview:-1"},"canonical":"http:\/\/elregionalvm.com.ar\/noticias-villa-maria\/hospital-pasteur-primera-intervencion-de-implantacion-de-un-estimulador-medular\/","og_locale":"es_ES","og_type":"article","og_title":"Hospital Pasteur: primera intervenci\u00f3n de implantaci\u00f3n de un estimulador medular - El Regional","og_description":"Se realiz\u00f3 la primera intervenci\u00f3n de implantaci\u00f3n de un estimulador medular, para tratar un dolor cr\u00f3nico benigno intratable. Consiste en la colocaci\u00f3n de un dispositivo electr\u00f3nico con micro electrodos sobre la m\u00e9dula espinal, para la emisi\u00f3n de est\u00edmulos el\u00e9ctricos que son regulados desde un monitor externo. Este abordaje fue realizado a una persona de 50 [&hellip;]","og_url":"http:\/\/elregionalvm.com.ar\/noticias-villa-maria\/hospital-pasteur-primera-intervencion-de-implantacion-de-un-estimulador-medular\/","og_site_name":"El Regional","article_publisher":"https:\/\/www.facebook.com\/elregionalvm","article_published_time":"2020-09-02T12:56:48+00:00","article_modified_time":"2020-09-02T14:32:01+00:00","og_image":[{"width":1024,"height":683,"url":"http:\/\/elregionalvm.com.ar\/noticias-villa-maria\/wp-content\/uploads\/2020\/09\/hospital-pasteur-cerca.jpg","type":"image\/jpeg"}],"author":"Contenidos El Regional","twitter_card":"summary_large_image","twitter_creator":"@elregionalvm1","twitter_site":"@elregionalvm1","twitter_misc":{"Escrito por":"Contenidos El Regional","Tiempo de lectura":"2 minutos"},"schema":{"@context":"https:\/\/schema.org","@graph":[{"@type":"Article","@id":"http:\/\/elregionalvm.com.ar\/noticias-villa-maria\/hospital-pasteur-primera-intervencion-de-implantacion-de-un-estimulador-medular\/#article","isPartOf":{"@id":"http:\/\/elregionalvm.com.ar\/noticias-villa-maria\/hospital-pasteur-primera-intervencion-de-implantacion-de-un-estimulador-medular\/"},"author":{"name":"Contenidos El Regional","@id":"http:\/\/elregionalvm.com.ar\/noticias-villa-maria\/#\/schema\/person\/a0fb9c422317faca23d50163151bc354"},"headline":"Hospital Pasteur: primera intervenci\u00f3n de implantaci\u00f3n de un estimulador medular","datePublished":"2020-09-02T12:56:48+00:00","dateModified":"2020-09-02T14:32:01+00:00","mainEntityOfPage":{"@id":"http:\/\/elregionalvm.com.ar\/noticias-villa-maria\/hospital-pasteur-primera-intervencion-de-implantacion-de-un-estimulador-medular\/"},"wordCount":492,"commentCount":0,"image":{"@id":"http:\/\/elregionalvm.com.ar\/noticias-villa-maria\/hospital-pasteur-primera-intervencion-de-implantacion-de-un-estimulador-medular\/#primaryimage"},"thumbnailUrl":"https:\/\/i0.wp.com\/elregionalvm.com.ar\/noticias-villa-maria\/wp-content\/uploads\/2020\/09\/hospital-pasteur-cerca.jpg?fit=1024%2C683&ssl=1","keywords":["destacado","estimulador medular","Hospital Pasteur","implantaci\u00f3n","primera intervenci\u00f3n"],"articleSection":["Villa Mar\u00eda"],"inLanguage":"es","potentialAction":[{"@type":"CommentAction","name":"Comment","target":["http:\/\/elregionalvm.com.ar\/noticias-villa-maria\/hospital-pasteur-primera-intervencion-de-implantacion-de-un-estimulador-medular\/#respond"]}]},{"@type":"WebPage","@id":"http:\/\/elregionalvm.com.ar\/noticias-villa-maria\/hospital-pasteur-primera-intervencion-de-implantacion-de-un-estimulador-medular\/","url":"http:\/\/elregionalvm.com.ar\/noticias-villa-maria\/hospital-pasteur-primera-intervencion-de-implantacion-de-un-estimulador-medular\/","name":"Hospital Pasteur: primera intervenci\u00f3n de implantaci\u00f3n de un estimulador medular - El Regional","isPartOf":{"@id":"http:\/\/elregionalvm.com.ar\/noticias-villa-maria\/#website"},"primaryImageOfPage":{"@id":"http:\/\/elregionalvm.com.ar\/noticias-villa-maria\/hospital-pasteur-primera-intervencion-de-implantacion-de-un-estimulador-medular\/#primaryimage"},"image":{"@id":"http:\/\/elregionalvm.com.ar\/noticias-villa-maria\/hospital-pasteur-primera-intervencion-de-implantacion-de-un-estimulador-medular\/#primaryimage"},"thumbnailUrl":"https:\/\/i0.wp.com\/elregionalvm.com.ar\/noticias-villa-maria\/wp-content\/uploads\/2020\/09\/hospital-pasteur-cerca.jpg?fit=1024%2C683&ssl=1","datePublished":"2020-09-02T12:56:48+00:00","dateModified":"2020-09-02T14:32:01+00:00","author":{"@id":"http:\/\/elregionalvm.com.ar\/noticias-villa-maria\/#\/schema\/person\/a0fb9c422317faca23d50163151bc354"},"breadcrumb":{"@id":"http:\/\/elregionalvm.com.ar\/noticias-villa-maria\/hospital-pasteur-primera-intervencion-de-implantacion-de-un-estimulador-medular\/#breadcrumb"},"inLanguage":"es","potentialAction":[{"@type":"ReadAction","target":["http:\/\/elregionalvm.com.ar\/noticias-villa-maria\/hospital-pasteur-primera-intervencion-de-implantacion-de-un-estimulador-medular\/"]}]},{"@type":"ImageObject","inLanguage":"es","@id":"http:\/\/elregionalvm.com.ar\/noticias-villa-maria\/hospital-pasteur-primera-intervencion-de-implantacion-de-un-estimulador-medular\/#primaryimage","url":"https:\/\/i0.wp.com\/elregionalvm.com.ar\/noticias-villa-maria\/wp-content\/uploads\/2020\/09\/hospital-pasteur-cerca.jpg?fit=1024%2C683&ssl=1","contentUrl":"https:\/\/i0.wp.com\/elregionalvm.com.ar\/noticias-villa-maria\/wp-content\/uploads\/2020\/09\/hospital-pasteur-cerca.jpg?fit=1024%2C683&ssl=1","width":1024,"height":683},{"@type":"BreadcrumbList","@id":"http:\/\/elregionalvm.com.ar\/noticias-villa-maria\/hospital-pasteur-primera-intervencion-de-implantacion-de-un-estimulador-medular\/#breadcrumb","itemListElement":[{"@type":"ListItem","position":1,"name":"Portada","item":"https:\/\/elregionalvm.com.ar\/noticias-villa-maria\/"},{"@type":"ListItem","position":2,"name":"Hospital Pasteur: primera intervenci\u00f3n de implantaci\u00f3n de un estimulador medular"}]},{"@type":"WebSite","@id":"http:\/\/elregionalvm.com.ar\/noticias-villa-maria\/#website","url":"http:\/\/elregionalvm.com.ar\/noticias-villa-maria\/","name":"El Regional","description":"Mucho m\u00e1s que informaci\u00f3n","potentialAction":[{"@type":"SearchAction","target":{"@type":"EntryPoint","urlTemplate":"http:\/\/elregionalvm.com.ar\/noticias-villa-maria\/?s={search_term_string}"},"query-input":{"@type":"PropertyValueSpecification","valueRequired":true,"valueName":"search_term_string"}}],"inLanguage":"es"},{"@type":"Person","@id":"http:\/\/elregionalvm.com.ar\/noticias-villa-maria\/#\/schema\/person\/a0fb9c422317faca23d50163151bc354","name":"Contenidos El Regional","image":{"@type":"ImageObject","inLanguage":"es","@id":"http:\/\/elregionalvm.com.ar\/noticias-villa-maria\/#\/schema\/person\/image\/","url":"https:\/\/secure.gravatar.com\/avatar\/265b27cb2209af7bb3a1318f03305787d7981a5cc6e6cd08fe5a4ecdf99d4b48?s=96&d=mm&r=g","contentUrl":"https:\/\/secure.gravatar.com\/avatar\/265b27cb2209af7bb3a1318f03305787d7981a5cc6e6cd08fe5a4ecdf99d4b48?s=96&d=mm&r=g","caption":"Contenidos El Regional"},"url":"https:\/\/elregionalvm.com.ar\/noticias-villa-maria\/author\/contenido\/"}]}},"jetpack_featured_media_url":"https:\/\/i0.wp.com\/elregionalvm.com.ar\/noticias-villa-maria\/wp-content\/uploads\/2020\/09\/hospital-pasteur-cerca.jpg?fit=1024%2C683&ssl=1","jetpack_sharing_enabled":true,"_links":{"self":[{"href":"https:\/\/elregionalvm.com.ar\/noticias-villa-maria\/wp-json\/wp\/v2\/posts\/23136","targetHints":{"allow":["GET"]}}],"collection":[{"href":"https:\/\/elregionalvm.com.ar\/noticias-villa-maria\/wp-json\/wp\/v2\/posts"}],"about":[{"href":"https:\/\/elregionalvm.com.ar\/noticias-villa-maria\/wp-json\/wp\/v2\/types\/post"}],"author":[{"embeddable":true,"href":"https:\/\/elregionalvm.com.ar\/noticias-villa-maria\/wp-json\/wp\/v2\/users\/4"}],"replies":[{"embeddable":true,"href":"https:\/\/elregionalvm.com.ar\/noticias-villa-maria\/wp-json\/wp\/v2\/comments?post=23136"}],"version-history":[{"count":1,"href":"https:\/\/elregionalvm.com.ar\/noticias-villa-maria\/wp-json\/wp\/v2\/posts\/23136\/revisions"}],"predecessor-version":[{"id":23138,"href":"https:\/\/elregionalvm.com.ar\/noticias-villa-maria\/wp-json\/wp\/v2\/posts\/23136\/revisions\/23138"}],"wp:featuredmedia":[{"embeddable":true,"href":"https:\/\/elregionalvm.com.ar\/noticias-villa-maria\/wp-json\/wp\/v2\/media\/23137"}],"wp:attachment":[{"href":"https:\/\/elregionalvm.com.ar\/noticias-villa-maria\/wp-json\/wp\/v2\/media?parent=23136"}],"wp:term":[{"taxonomy":"category","embeddable":true,"href":"https:\/\/elregionalvm.com.ar\/noticias-villa-maria\/wp-json\/wp\/v2\/categories?post=23136"},{"taxonomy":"post_tag","embeddable":true,"href":"https:\/\/elregionalvm.com.ar\/noticias-villa-maria\/wp-json\/wp\/v2\/tags?post=23136"}],"curies":[{"name":"wp","href":"https:\/\/api.w.org\/{rel}","templated":true}]}}