{"id":23139,"date":"2020-09-02T15:13:52","date_gmt":"2020-09-02T15:13:52","guid":{"rendered":"https:\/\/elregionalvm.com.ar\/noticias-villa-maria\/?p=23139"},"modified":"2020-09-03T02:05:28","modified_gmt":"2020-09-03T02:05:28","slug":"canciones-para-un-dia-de-lluvia-videos","status":"publish","type":"post","link":"https:\/\/elregionalvm.com.ar\/noticias-villa-maria\/canciones-para-un-dia-de-lluvia-videos\/","title":{"rendered":"Canciones para un d\u00eda de lluvia (Videos)"},"content":{"rendered":"\n<p>La lluvia ha llegado al fin, luego de cuatro meses de hacerse esperar. Pero, m\u00e1s all\u00e1 del fen\u00f3meno meteorol\u00f3gico como tal, existen otras miradas. <\/p>\n\n\n\n<p>La poes\u00eda y la m\u00fasica alojan palabras y sonidos vinculados con la lluvia. Algunas con un tono m\u00e1s rom\u00e1ntico, otras, con un toque m\u00e1s realista, pero siempre como un tema presente en las composiciones art\u00edsticas.<\/p>\n\n\n\n<p>\u00abMe gusta caminar bajo la lluvia, porque as\u00ed nadie puede notar mis l\u00e1grimas\u00bb, se dice que dijo el inolvidable Charlie Chaplin. \u00abAlgunos dicen que la lluvia no tiene objetivo y otros dicen que est\u00e1 llena de recuerdos y deseos\u00bb, escribi\u00f3 un tal Tagor Manroo. \u00abQuiero la lluvia, lava la memoria de las aceras de la vida\u00bb, sostuvo por su parte Woody Allen.<\/p>\n\n\n\n<p>Por eso, compartimos algunas canciones que tienen a la lluvia en el centro de la escena. Ideales para compartir en un d\u00eda gris, nublado, y, por fortuna esta vez, lluvioso.<\/p>\n\n\n\n<p>Desde Antonio Birabent y Fito P\u00e1ez y Joaqu\u00edn Sabina, hasta Creedence y Guns N&#8217; Roses, pasando por Man\u00e1 y Los Gatos.<\/p>\n\n\n\n<p>\u00bfCu\u00e1l es tu frase o canci\u00f3n favorita sobre la lluvia? <\/p>\n\n\n\n<ul class=\"wp-block-list\"><li><strong>Mir\u00e1 los videos: <\/strong><\/li><\/ul>\n\n\n\n<figure class=\"wp-block-embed-youtube wp-block-embed is-type-video is-provider-youtube wp-embed-aspect-4-3 wp-has-aspect-ratio\"><div class=\"wp-block-embed__wrapper\">\n<iframe title=\"Antonio Birabent - A mi la lluvia\" width=\"500\" height=\"375\" src=\"https:\/\/www.youtube.com\/embed\/fpmybQAG5Cs?feature=oembed\" frameborder=\"0\" allow=\"accelerometer; autoplay; clipboard-write; encrypted-media; gyroscope; picture-in-picture; web-share\" referrerpolicy=\"strict-origin-when-cross-origin\" allowfullscreen><\/iframe>\n<\/div><\/figure>\n\n\n\n<p><\/p>\n\n\n\n<figure class=\"wp-block-embed-youtube wp-block-embed is-type-video is-provider-youtube wp-embed-aspect-16-9 wp-has-aspect-ratio\"><div class=\"wp-block-embed__wrapper\">\n<iframe title=\"Joaquin Sabina - Llueve Sobre Mojado\" width=\"500\" height=\"281\" src=\"https:\/\/www.youtube.com\/embed\/Y1cTclxGE64?feature=oembed\" frameborder=\"0\" allow=\"accelerometer; autoplay; clipboard-write; encrypted-media; gyroscope; picture-in-picture; web-share\" referrerpolicy=\"strict-origin-when-cross-origin\" allowfullscreen><\/iframe>\n<\/div><\/figure>\n\n\n\n<p><\/p>\n\n\n\n<figure class=\"wp-block-embed-youtube wp-block-embed is-type-video is-provider-youtube wp-embed-aspect-16-9 wp-has-aspect-ratio\"><div class=\"wp-block-embed__wrapper\">\n<iframe title=\"Man\u00e1 &amp; Sebasti\u00e1n Yatra - No Ha Parado De Llover (Video Oficial)\" width=\"500\" height=\"281\" src=\"https:\/\/www.youtube.com\/embed\/ChUjffGl5rM?feature=oembed\" frameborder=\"0\" allow=\"accelerometer; autoplay; clipboard-write; encrypted-media; gyroscope; picture-in-picture; web-share\" referrerpolicy=\"strict-origin-when-cross-origin\" allowfullscreen><\/iframe>\n<\/div><\/figure>\n\n\n\n<p><\/p>\n\n\n\n<figure class=\"wp-block-embed-youtube wp-block-embed is-type-video is-provider-youtube wp-embed-aspect-4-3 wp-has-aspect-ratio\"><div class=\"wp-block-embed__wrapper\">\n<iframe title=\"Los Gatos - Viento, dile a la lluvia\" width=\"500\" height=\"375\" src=\"https:\/\/www.youtube.com\/embed\/Yipl7zfIT4c?feature=oembed\" frameborder=\"0\" allow=\"accelerometer; autoplay; clipboard-write; encrypted-media; gyroscope; picture-in-picture; web-share\" referrerpolicy=\"strict-origin-when-cross-origin\" allowfullscreen><\/iframe>\n<\/div><\/figure>\n\n\n\n<p><\/p>\n\n\n\n<figure class=\"wp-block-embed-youtube wp-block-embed is-type-video is-provider-youtube wp-embed-aspect-16-9 wp-has-aspect-ratio\"><div class=\"wp-block-embed__wrapper\">\n<iframe title=\"Guns N&#039; Roses - November Rain\" width=\"500\" height=\"281\" src=\"https:\/\/www.youtube.com\/embed\/8SbUC-UaAxE?feature=oembed\" frameborder=\"0\" allow=\"accelerometer; autoplay; clipboard-write; encrypted-media; gyroscope; picture-in-picture; web-share\" referrerpolicy=\"strict-origin-when-cross-origin\" allowfullscreen><\/iframe>\n<\/div><\/figure>\n\n\n\n<p><\/p>\n\n\n\n<figure class=\"wp-block-embed-youtube wp-block-embed is-type-video is-provider-youtube wp-embed-aspect-16-9 wp-has-aspect-ratio\"><div class=\"wp-block-embed__wrapper\">\n<iframe title=\"Creedence Clearwater Revival - Have You Ever Seen The Rain (Official)\" width=\"500\" height=\"281\" src=\"https:\/\/www.youtube.com\/embed\/u1V8YRJnr4Q?feature=oembed\" frameborder=\"0\" allow=\"accelerometer; autoplay; clipboard-write; encrypted-media; gyroscope; picture-in-picture; web-share\" referrerpolicy=\"strict-origin-when-cross-origin\" allowfullscreen><\/iframe>\n<\/div><\/figure>\n","protected":false},"excerpt":{"rendered":"<p>La lluvia ha llegado al fin, luego de cuatro meses de hacerse esperar. Pero, m\u00e1s all\u00e1 del fen\u00f3meno meteorol\u00f3gico como tal, existen otras miradas. La poes\u00eda y la m\u00fasica alojan palabras y sonidos vinculados con la lluvia. Algunas con un tono m\u00e1s rom\u00e1ntico, otras, con un toque m\u00e1s realista, pero siempre como un tema presente [&hellip;]<\/p>\n","protected":false},"author":4,"featured_media":23146,"comment_status":"open","ping_status":"open","sticky":false,"template":"","format":"standard","meta":{"site-sidebar-layout":"default","site-content-layout":"default","ast-site-content-layout":"default","site-content-style":"default","site-sidebar-style":"default","ast-global-header-display":"","ast-banner-title-visibility":"","ast-main-header-display":"","ast-hfb-above-header-display":"","ast-hfb-below-header-display":"","ast-hfb-mobile-header-display":"","site-post-title":"","ast-breadcrumbs-content":"","ast-featured-img":"","footer-sml-layout":"","ast-disable-related-posts":"","theme-transparent-header-meta":"default","adv-header-id-meta":"","stick-header-meta":"","header-above-stick-meta":"","header-main-stick-meta":"","header-below-stick-meta":"","astra-migrate-meta-layouts":"default","ast-page-background-enabled":"default","ast-page-background-meta":{"desktop":{"background-color":"","background-image":"","background-repeat":"repeat","background-position":"center center","background-size":"auto","background-attachment":"scroll","background-type":"","background-media":"","overlay-type":"","overlay-color":"","overlay-opacity":"","overlay-gradient":""},"tablet":{"background-color":"","background-image":"","background-repeat":"repeat","background-position":"center center","background-size":"auto","background-attachment":"scroll","background-type":"","background-media":"","overlay-type":"","overlay-color":"","overlay-opacity":"","overlay-gradient":""},"mobile":{"background-color":"","background-image":"","background-repeat":"repeat","background-position":"center center","background-size":"auto","background-attachment":"scroll","background-type":"","background-media":"","overlay-type":"","overlay-color":"","overlay-opacity":"","overlay-gradient":""}},"ast-content-background-meta":{"desktop":{"background-color":"var(--ast-global-color-5)","background-image":"","background-repeat":"repeat","background-position":"center center","background-size":"auto","background-attachment":"scroll","background-type":"","background-media":"","overlay-type":"","overlay-color":"","overlay-opacity":"","overlay-gradient":""},"tablet":{"background-color":"var(--ast-global-color-5)","background-image":"","background-repeat":"repeat","background-position":"center center","background-size":"auto","background-attachment":"scroll","background-type":"","background-media":"","overlay-type":"","overlay-color":"","overlay-opacity":"","overlay-gradient":""},"mobile":{"background-color":"var(--ast-global-color-5)","background-image":"","background-repeat":"repeat","background-position":"center center","background-size":"auto","background-attachment":"scroll","background-type":"","background-media":"","overlay-type":"","overlay-color":"","overlay-opacity":"","overlay-gradient":""}},"_jetpack_memberships_contains_paid_content":false,"_joinchat":[],"footnotes":""},"categories":[2068,2074],"tags":[3684,493,3685],"class_list":["post-23139","post","type-post","status-publish","format-standard","has-post-thumbnail","hentry","category-cultura-deporte","category-videos","tag-canciones","tag-lluvia","tag-videos"],"yoast_head":"<!-- This site is optimized with the Yoast SEO plugin v26.8 - https:\/\/yoast.com\/product\/yoast-seo-wordpress\/ -->\n<title>Canciones para un d\u00eda de lluvia (Videos) - El Regional<\/title>\n<meta name=\"description\" content=\"La poes\u00eda y la m\u00fasica alojan palabras y sonidos vinculados con la lluvia. Algunas con un tono m\u00e1s rom\u00e1ntico, otras, con un toque m\u00e1s realista.\" \/>\n<meta name=\"robots\" content=\"index, follow, max-snippet:-1, max-image-preview:large, max-video-preview:-1\" \/>\n<link rel=\"canonical\" href=\"http:\/\/elregionalvm.com.ar\/noticias-villa-maria\/canciones-para-un-dia-de-lluvia-videos\/\" \/>\n<meta property=\"og:locale\" content=\"es_ES\" \/>\n<meta property=\"og:type\" content=\"article\" \/>\n<meta property=\"og:title\" content=\"Canciones para un d\u00eda de lluvia (Videos) - El Regional\" \/>\n<meta property=\"og:description\" content=\"La poes\u00eda y la m\u00fasica alojan palabras y sonidos vinculados con la lluvia. Algunas con un tono m\u00e1s rom\u00e1ntico, otras, con un toque m\u00e1s realista.\" \/>\n<meta property=\"og:url\" content=\"http:\/\/elregionalvm.com.ar\/noticias-villa-maria\/canciones-para-un-dia-de-lluvia-videos\/\" \/>\n<meta property=\"og:site_name\" content=\"El Regional\" \/>\n<meta property=\"article:publisher\" content=\"https:\/\/www.facebook.com\/elregionalvm\" \/>\n<meta property=\"article:published_time\" content=\"2020-09-02T15:13:52+00:00\" \/>\n<meta property=\"article:modified_time\" content=\"2020-09-03T02:05:28+00:00\" \/>\n<meta property=\"og:image\" content=\"http:\/\/elregionalvm.com.ar\/noticias-villa-maria\/wp-content\/uploads\/2020\/09\/Lluvia-vidrio-empa\u00f1ado-coraz\u00f3n.jpg\" \/>\n\t<meta property=\"og:image:width\" content=\"1200\" \/>\n\t<meta property=\"og:image:height\" content=\"675\" \/>\n\t<meta property=\"og:image:type\" content=\"image\/jpeg\" \/>\n<meta name=\"author\" content=\"Contenidos El Regional\" \/>\n<meta name=\"twitter:card\" content=\"summary_large_image\" \/>\n<meta name=\"twitter:creator\" content=\"@elregionalvm1\" \/>\n<meta name=\"twitter:site\" content=\"@elregionalvm1\" \/>\n<meta name=\"twitter:label1\" content=\"Escrito por\" \/>\n\t<meta name=\"twitter:data1\" content=\"Contenidos El Regional\" \/>\n\t<meta name=\"twitter:label2\" content=\"Tiempo de lectura\" \/>\n\t<meta name=\"twitter:data2\" content=\"1 minuto\" \/>\n<script type=\"application\/ld+json\" class=\"yoast-schema-graph\">{\"@context\":\"https:\/\/schema.org\",\"@graph\":[{\"@type\":\"Article\",\"@id\":\"http:\/\/elregionalvm.com.ar\/noticias-villa-maria\/canciones-para-un-dia-de-lluvia-videos\/#article\",\"isPartOf\":{\"@id\":\"http:\/\/elregionalvm.com.ar\/noticias-villa-maria\/canciones-para-un-dia-de-lluvia-videos\/\"},\"author\":{\"name\":\"Contenidos El Regional\",\"@id\":\"http:\/\/elregionalvm.com.ar\/noticias-villa-maria\/#\/schema\/person\/a0fb9c422317faca23d50163151bc354\"},\"headline\":\"Canciones para un d\u00eda de lluvia (Videos)\",\"datePublished\":\"2020-09-02T15:13:52+00:00\",\"dateModified\":\"2020-09-03T02:05:28+00:00\",\"mainEntityOfPage\":{\"@id\":\"http:\/\/elregionalvm.com.ar\/noticias-villa-maria\/canciones-para-un-dia-de-lluvia-videos\/\"},\"wordCount\":240,\"commentCount\":0,\"image\":{\"@id\":\"http:\/\/elregionalvm.com.ar\/noticias-villa-maria\/canciones-para-un-dia-de-lluvia-videos\/#primaryimage\"},\"thumbnailUrl\":\"https:\/\/i0.wp.com\/elregionalvm.com.ar\/noticias-villa-maria\/wp-content\/uploads\/2020\/09\/Lluvia-vidrio-empa%C3%B1ado-coraz%C3%B3n.jpg?fit=1200%2C675&ssl=1\",\"keywords\":[\"Canciones\",\"lluvia\",\"Videos\"],\"articleSection\":[\"Cultura\",\"Videos\"],\"inLanguage\":\"es\",\"potentialAction\":[{\"@type\":\"CommentAction\",\"name\":\"Comment\",\"target\":[\"http:\/\/elregionalvm.com.ar\/noticias-villa-maria\/canciones-para-un-dia-de-lluvia-videos\/#respond\"]}]},{\"@type\":\"WebPage\",\"@id\":\"http:\/\/elregionalvm.com.ar\/noticias-villa-maria\/canciones-para-un-dia-de-lluvia-videos\/\",\"url\":\"http:\/\/elregionalvm.com.ar\/noticias-villa-maria\/canciones-para-un-dia-de-lluvia-videos\/\",\"name\":\"Canciones para un d\u00eda de lluvia (Videos) - El Regional\",\"isPartOf\":{\"@id\":\"http:\/\/elregionalvm.com.ar\/noticias-villa-maria\/#website\"},\"primaryImageOfPage\":{\"@id\":\"http:\/\/elregionalvm.com.ar\/noticias-villa-maria\/canciones-para-un-dia-de-lluvia-videos\/#primaryimage\"},\"image\":{\"@id\":\"http:\/\/elregionalvm.com.ar\/noticias-villa-maria\/canciones-para-un-dia-de-lluvia-videos\/#primaryimage\"},\"thumbnailUrl\":\"https:\/\/i0.wp.com\/elregionalvm.com.ar\/noticias-villa-maria\/wp-content\/uploads\/2020\/09\/Lluvia-vidrio-empa%C3%B1ado-coraz%C3%B3n.jpg?fit=1200%2C675&ssl=1\",\"datePublished\":\"2020-09-02T15:13:52+00:00\",\"dateModified\":\"2020-09-03T02:05:28+00:00\",\"author\":{\"@id\":\"http:\/\/elregionalvm.com.ar\/noticias-villa-maria\/#\/schema\/person\/a0fb9c422317faca23d50163151bc354\"},\"description\":\"La poes\u00eda y la m\u00fasica alojan palabras y sonidos vinculados con la lluvia. Algunas con un tono m\u00e1s rom\u00e1ntico, otras, con un toque m\u00e1s realista.\",\"breadcrumb\":{\"@id\":\"http:\/\/elregionalvm.com.ar\/noticias-villa-maria\/canciones-para-un-dia-de-lluvia-videos\/#breadcrumb\"},\"inLanguage\":\"es\",\"potentialAction\":[{\"@type\":\"ReadAction\",\"target\":[\"http:\/\/elregionalvm.com.ar\/noticias-villa-maria\/canciones-para-un-dia-de-lluvia-videos\/\"]}]},{\"@type\":\"ImageObject\",\"inLanguage\":\"es\",\"@id\":\"http:\/\/elregionalvm.com.ar\/noticias-villa-maria\/canciones-para-un-dia-de-lluvia-videos\/#primaryimage\",\"url\":\"https:\/\/i0.wp.com\/elregionalvm.com.ar\/noticias-villa-maria\/wp-content\/uploads\/2020\/09\/Lluvia-vidrio-empa%C3%B1ado-coraz%C3%B3n.jpg?fit=1200%2C675&ssl=1\",\"contentUrl\":\"https:\/\/i0.wp.com\/elregionalvm.com.ar\/noticias-villa-maria\/wp-content\/uploads\/2020\/09\/Lluvia-vidrio-empa%C3%B1ado-coraz%C3%B3n.jpg?fit=1200%2C675&ssl=1\",\"width\":1200,\"height\":675},{\"@type\":\"BreadcrumbList\",\"@id\":\"http:\/\/elregionalvm.com.ar\/noticias-villa-maria\/canciones-para-un-dia-de-lluvia-videos\/#breadcrumb\",\"itemListElement\":[{\"@type\":\"ListItem\",\"position\":1,\"name\":\"Portada\",\"item\":\"https:\/\/elregionalvm.com.ar\/noticias-villa-maria\/\"},{\"@type\":\"ListItem\",\"position\":2,\"name\":\"Canciones para un d\u00eda de lluvia (Videos)\"}]},{\"@type\":\"WebSite\",\"@id\":\"http:\/\/elregionalvm.com.ar\/noticias-villa-maria\/#website\",\"url\":\"http:\/\/elregionalvm.com.ar\/noticias-villa-maria\/\",\"name\":\"El Regional\",\"description\":\"Mucho m\u00e1s que informaci\u00f3n\",\"potentialAction\":[{\"@type\":\"SearchAction\",\"target\":{\"@type\":\"EntryPoint\",\"urlTemplate\":\"http:\/\/elregionalvm.com.ar\/noticias-villa-maria\/?s={search_term_string}\"},\"query-input\":{\"@type\":\"PropertyValueSpecification\",\"valueRequired\":true,\"valueName\":\"search_term_string\"}}],\"inLanguage\":\"es\"},{\"@type\":\"Person\",\"@id\":\"http:\/\/elregionalvm.com.ar\/noticias-villa-maria\/#\/schema\/person\/a0fb9c422317faca23d50163151bc354\",\"name\":\"Contenidos El Regional\",\"image\":{\"@type\":\"ImageObject\",\"inLanguage\":\"es\",\"@id\":\"http:\/\/elregionalvm.com.ar\/noticias-villa-maria\/#\/schema\/person\/image\/\",\"url\":\"https:\/\/secure.gravatar.com\/avatar\/265b27cb2209af7bb3a1318f03305787d7981a5cc6e6cd08fe5a4ecdf99d4b48?s=96&d=mm&r=g\",\"contentUrl\":\"https:\/\/secure.gravatar.com\/avatar\/265b27cb2209af7bb3a1318f03305787d7981a5cc6e6cd08fe5a4ecdf99d4b48?s=96&d=mm&r=g\",\"caption\":\"Contenidos El Regional\"},\"url\":\"https:\/\/elregionalvm.com.ar\/noticias-villa-maria\/author\/contenido\/\"}]}<\/script>\n<!-- \/ Yoast SEO plugin. -->","yoast_head_json":{"title":"Canciones para un d\u00eda de lluvia (Videos) - El Regional","description":"La poes\u00eda y la m\u00fasica alojan palabras y sonidos vinculados con la lluvia. Algunas con un tono m\u00e1s rom\u00e1ntico, otras, con un toque m\u00e1s realista.","robots":{"index":"index","follow":"follow","max-snippet":"max-snippet:-1","max-image-preview":"max-image-preview:large","max-video-preview":"max-video-preview:-1"},"canonical":"http:\/\/elregionalvm.com.ar\/noticias-villa-maria\/canciones-para-un-dia-de-lluvia-videos\/","og_locale":"es_ES","og_type":"article","og_title":"Canciones para un d\u00eda de lluvia (Videos) - El Regional","og_description":"La poes\u00eda y la m\u00fasica alojan palabras y sonidos vinculados con la lluvia. Algunas con un tono m\u00e1s rom\u00e1ntico, otras, con un toque m\u00e1s realista.","og_url":"http:\/\/elregionalvm.com.ar\/noticias-villa-maria\/canciones-para-un-dia-de-lluvia-videos\/","og_site_name":"El Regional","article_publisher":"https:\/\/www.facebook.com\/elregionalvm","article_published_time":"2020-09-02T15:13:52+00:00","article_modified_time":"2020-09-03T02:05:28+00:00","og_image":[{"width":1200,"height":675,"url":"http:\/\/elregionalvm.com.ar\/noticias-villa-maria\/wp-content\/uploads\/2020\/09\/Lluvia-vidrio-empa\u00f1ado-coraz\u00f3n.jpg","type":"image\/jpeg"}],"author":"Contenidos El Regional","twitter_card":"summary_large_image","twitter_creator":"@elregionalvm1","twitter_site":"@elregionalvm1","twitter_misc":{"Escrito por":"Contenidos El Regional","Tiempo de lectura":"1 minuto"},"schema":{"@context":"https:\/\/schema.org","@graph":[{"@type":"Article","@id":"http:\/\/elregionalvm.com.ar\/noticias-villa-maria\/canciones-para-un-dia-de-lluvia-videos\/#article","isPartOf":{"@id":"http:\/\/elregionalvm.com.ar\/noticias-villa-maria\/canciones-para-un-dia-de-lluvia-videos\/"},"author":{"name":"Contenidos El Regional","@id":"http:\/\/elregionalvm.com.ar\/noticias-villa-maria\/#\/schema\/person\/a0fb9c422317faca23d50163151bc354"},"headline":"Canciones para un d\u00eda de lluvia (Videos)","datePublished":"2020-09-02T15:13:52+00:00","dateModified":"2020-09-03T02:05:28+00:00","mainEntityOfPage":{"@id":"http:\/\/elregionalvm.com.ar\/noticias-villa-maria\/canciones-para-un-dia-de-lluvia-videos\/"},"wordCount":240,"commentCount":0,"image":{"@id":"http:\/\/elregionalvm.com.ar\/noticias-villa-maria\/canciones-para-un-dia-de-lluvia-videos\/#primaryimage"},"thumbnailUrl":"https:\/\/i0.wp.com\/elregionalvm.com.ar\/noticias-villa-maria\/wp-content\/uploads\/2020\/09\/Lluvia-vidrio-empa%C3%B1ado-coraz%C3%B3n.jpg?fit=1200%2C675&ssl=1","keywords":["Canciones","lluvia","Videos"],"articleSection":["Cultura","Videos"],"inLanguage":"es","potentialAction":[{"@type":"CommentAction","name":"Comment","target":["http:\/\/elregionalvm.com.ar\/noticias-villa-maria\/canciones-para-un-dia-de-lluvia-videos\/#respond"]}]},{"@type":"WebPage","@id":"http:\/\/elregionalvm.com.ar\/noticias-villa-maria\/canciones-para-un-dia-de-lluvia-videos\/","url":"http:\/\/elregionalvm.com.ar\/noticias-villa-maria\/canciones-para-un-dia-de-lluvia-videos\/","name":"Canciones para un d\u00eda de lluvia (Videos) - El Regional","isPartOf":{"@id":"http:\/\/elregionalvm.com.ar\/noticias-villa-maria\/#website"},"primaryImageOfPage":{"@id":"http:\/\/elregionalvm.com.ar\/noticias-villa-maria\/canciones-para-un-dia-de-lluvia-videos\/#primaryimage"},"image":{"@id":"http:\/\/elregionalvm.com.ar\/noticias-villa-maria\/canciones-para-un-dia-de-lluvia-videos\/#primaryimage"},"thumbnailUrl":"https:\/\/i0.wp.com\/elregionalvm.com.ar\/noticias-villa-maria\/wp-content\/uploads\/2020\/09\/Lluvia-vidrio-empa%C3%B1ado-coraz%C3%B3n.jpg?fit=1200%2C675&ssl=1","datePublished":"2020-09-02T15:13:52+00:00","dateModified":"2020-09-03T02:05:28+00:00","author":{"@id":"http:\/\/elregionalvm.com.ar\/noticias-villa-maria\/#\/schema\/person\/a0fb9c422317faca23d50163151bc354"},"description":"La poes\u00eda y la m\u00fasica alojan palabras y sonidos vinculados con la lluvia. Algunas con un tono m\u00e1s rom\u00e1ntico, otras, con un toque m\u00e1s realista.","breadcrumb":{"@id":"http:\/\/elregionalvm.com.ar\/noticias-villa-maria\/canciones-para-un-dia-de-lluvia-videos\/#breadcrumb"},"inLanguage":"es","potentialAction":[{"@type":"ReadAction","target":["http:\/\/elregionalvm.com.ar\/noticias-villa-maria\/canciones-para-un-dia-de-lluvia-videos\/"]}]},{"@type":"ImageObject","inLanguage":"es","@id":"http:\/\/elregionalvm.com.ar\/noticias-villa-maria\/canciones-para-un-dia-de-lluvia-videos\/#primaryimage","url":"https:\/\/i0.wp.com\/elregionalvm.com.ar\/noticias-villa-maria\/wp-content\/uploads\/2020\/09\/Lluvia-vidrio-empa%C3%B1ado-coraz%C3%B3n.jpg?fit=1200%2C675&ssl=1","contentUrl":"https:\/\/i0.wp.com\/elregionalvm.com.ar\/noticias-villa-maria\/wp-content\/uploads\/2020\/09\/Lluvia-vidrio-empa%C3%B1ado-coraz%C3%B3n.jpg?fit=1200%2C675&ssl=1","width":1200,"height":675},{"@type":"BreadcrumbList","@id":"http:\/\/elregionalvm.com.ar\/noticias-villa-maria\/canciones-para-un-dia-de-lluvia-videos\/#breadcrumb","itemListElement":[{"@type":"ListItem","position":1,"name":"Portada","item":"https:\/\/elregionalvm.com.ar\/noticias-villa-maria\/"},{"@type":"ListItem","position":2,"name":"Canciones para un d\u00eda de lluvia (Videos)"}]},{"@type":"WebSite","@id":"http:\/\/elregionalvm.com.ar\/noticias-villa-maria\/#website","url":"http:\/\/elregionalvm.com.ar\/noticias-villa-maria\/","name":"El Regional","description":"Mucho m\u00e1s que informaci\u00f3n","potentialAction":[{"@type":"SearchAction","target":{"@type":"EntryPoint","urlTemplate":"http:\/\/elregionalvm.com.ar\/noticias-villa-maria\/?s={search_term_string}"},"query-input":{"@type":"PropertyValueSpecification","valueRequired":true,"valueName":"search_term_string"}}],"inLanguage":"es"},{"@type":"Person","@id":"http:\/\/elregionalvm.com.ar\/noticias-villa-maria\/#\/schema\/person\/a0fb9c422317faca23d50163151bc354","name":"Contenidos El Regional","image":{"@type":"ImageObject","inLanguage":"es","@id":"http:\/\/elregionalvm.com.ar\/noticias-villa-maria\/#\/schema\/person\/image\/","url":"https:\/\/secure.gravatar.com\/avatar\/265b27cb2209af7bb3a1318f03305787d7981a5cc6e6cd08fe5a4ecdf99d4b48?s=96&d=mm&r=g","contentUrl":"https:\/\/secure.gravatar.com\/avatar\/265b27cb2209af7bb3a1318f03305787d7981a5cc6e6cd08fe5a4ecdf99d4b48?s=96&d=mm&r=g","caption":"Contenidos El Regional"},"url":"https:\/\/elregionalvm.com.ar\/noticias-villa-maria\/author\/contenido\/"}]}},"jetpack_featured_media_url":"https:\/\/i0.wp.com\/elregionalvm.com.ar\/noticias-villa-maria\/wp-content\/uploads\/2020\/09\/Lluvia-vidrio-empa%C3%B1ado-coraz%C3%B3n.jpg?fit=1200%2C675&ssl=1","jetpack_sharing_enabled":true,"_links":{"self":[{"href":"https:\/\/elregionalvm.com.ar\/noticias-villa-maria\/wp-json\/wp\/v2\/posts\/23139","targetHints":{"allow":["GET"]}}],"collection":[{"href":"https:\/\/elregionalvm.com.ar\/noticias-villa-maria\/wp-json\/wp\/v2\/posts"}],"about":[{"href":"https:\/\/elregionalvm.com.ar\/noticias-villa-maria\/wp-json\/wp\/v2\/types\/post"}],"author":[{"embeddable":true,"href":"https:\/\/elregionalvm.com.ar\/noticias-villa-maria\/wp-json\/wp\/v2\/users\/4"}],"replies":[{"embeddable":true,"href":"https:\/\/elregionalvm.com.ar\/noticias-villa-maria\/wp-json\/wp\/v2\/comments?post=23139"}],"version-history":[{"count":1,"href":"https:\/\/elregionalvm.com.ar\/noticias-villa-maria\/wp-json\/wp\/v2\/posts\/23139\/revisions"}],"predecessor-version":[{"id":23147,"href":"https:\/\/elregionalvm.com.ar\/noticias-villa-maria\/wp-json\/wp\/v2\/posts\/23139\/revisions\/23147"}],"wp:featuredmedia":[{"embeddable":true,"href":"https:\/\/elregionalvm.com.ar\/noticias-villa-maria\/wp-json\/wp\/v2\/media\/23146"}],"wp:attachment":[{"href":"https:\/\/elregionalvm.com.ar\/noticias-villa-maria\/wp-json\/wp\/v2\/media?parent=23139"}],"wp:term":[{"taxonomy":"category","embeddable":true,"href":"https:\/\/elregionalvm.com.ar\/noticias-villa-maria\/wp-json\/wp\/v2\/categories?post=23139"},{"taxonomy":"post_tag","embeddable":true,"href":"https:\/\/elregionalvm.com.ar\/noticias-villa-maria\/wp-json\/wp\/v2\/tags?post=23139"}],"curies":[{"name":"wp","href":"https:\/\/api.w.org\/{rel}","templated":true}]}}