{"id":23154,"date":"2020-09-02T16:53:28","date_gmt":"2020-09-02T16:53:28","guid":{"rendered":"https:\/\/elregionalvm.com.ar\/noticias-villa-maria\/?p=23154"},"modified":"2020-09-03T20:25:50","modified_gmt":"2020-09-03T20:25:50","slug":"los-abuelos-no-mueren-de-covid-estan-muriendo-de-tristeza","status":"publish","type":"post","link":"https:\/\/elregionalvm.com.ar\/noticias-villa-maria\/los-abuelos-no-mueren-de-covid-estan-muriendo-de-tristeza\/","title":{"rendered":"Los abuelos no mueren de Covid, est\u00e1n muriendo de tristeza"},"content":{"rendered":"\n<p><strong>Carta abierta al Sr. Concejal en Ejercicio de la Intendencia, Ingeniero Pablo Rosso.<\/strong><\/p>\n\n\n\n<p>LOS ABUELOS NO EST\u00c1N MURIENDO DE COVID. EST\u00c1N MURIENDO DE TRISTEZA, pero no se publican en las siniestras estad\u00edsticas.<\/p>\n\n\n\n<p>En medio del contexto social inhumano, de amenazas e imputaciones que amedrentan nuestro derecho a la VIDA, a la LIBERTAD, a la CONTENCI\u00d3N de la familia\u2026 Solicito al Sr. Concejal en funciones de Intendente Municipal, Ingeniero Pablo Rosso, se implemente un protocolo para contenci\u00f3n de los abuelos que se encuentran en situaci\u00f3n de encierro desde hace SEIS MESES en los Hogares para la Tercera Edad.<\/p>\n\n\n\n<p>Un simple recorrido por los mismos le proporcionar\u00eda una visi\u00f3n totalmente diferente a las decisiones de oficina aplicadas bajo amenazas de imputaciones que vive la sociedad argentina y espec\u00edficamente la de Villa Mar\u00eda.<\/p>\n\n\n\n<p>No queremos ver m\u00e1s los ABUELOS llorando, en situaci\u00f3n de pleno dolor y encierro aspirando al menos respirar aire puro, al encuentro con alg\u00fan familiar que los contenga, minutos de privacidad para expresar sus angustias, l\u00e1grimas y dolor por una situaci\u00f3n que no merecen.<\/p>\n\n\n\n<p>No queremos m\u00e1s protocolos carcelarios, faltos de total empat\u00eda como si los que mueren de tristeza y depresi\u00f3n no pesaran sobre las espaldas de los funcionarios que los elaboraron.<\/p>\n\n\n\n<p>Los ABUELOS no se cuidan encerr\u00e1ndolos, tras rejas que marquen la diferencia entre los de adentro y los de afuera que pasamos a ser los familiares.<\/p>\n\n\n\n<p>Los ABUELOS que trabajaron toda su vida, merecen un descanso digno, con acompa\u00f1amiento y contenci\u00f3n familiar.<\/p>\n\n\n\n<p>Por todo lo expresado, solicito al Se\u00f1or Concejal, en ejercicio de la Intendencia, ingeniero Pablo Rosso, haga una excepci\u00f3n en la rigidez de los actuales protocolos para los Hogares de la Tercera Edad y se actualicen como se ha hecho en CABA y La Rioja, que los mencionados sean m\u00e1s humanos ya que es posible con los elementos de protecci\u00f3n y prevenci\u00f3n necesarios.<\/p>\n\n\n\n<p>No aceptamos m\u00e1s, bajo ning\u00fan concepto, la impotencia ante l\u00e1grimas continuas por un encierro enfermizo y mortal.<\/p>\n\n\n\n<p>Se puede y debe ser EMP\u00c1TICO. Se puede y debe PREVENIR sin REPRIMIR. Se puede y debe EDUCAR con EJEMPLO Se puede y debe CONTENER con HUMANIDAD<\/p>\n\n\n\n<p>S\u00f3lo es necesario EFICIENCIA en las MEDIDAS DE BIOSEGURIDAD\u00bb.<\/p>\n\n\n\n<p>Martha Maldonado (DNI 14.665.688)<\/p>\n\n\n\n<p><strong><em>\u201cHASTA EL \u00daLTIMO SUSPIRO TENGO MIS DERECHOS\u201d (Solange Musse<\/em>)<\/strong><\/p>\n","protected":false},"excerpt":{"rendered":"<p>Carta abierta al Sr. Concejal en Ejercicio de la Intendencia, Ingeniero Pablo Rosso. LOS ABUELOS NO EST\u00c1N MURIENDO DE COVID. EST\u00c1N MURIENDO DE TRISTEZA, pero no se publican en las siniestras estad\u00edsticas. En medio del contexto social inhumano, de amenazas e imputaciones que amedrentan nuestro derecho a la VIDA, a la LIBERTAD, a la CONTENCI\u00d3N [&hellip;]<\/p>\n","protected":false},"author":4,"featured_media":23155,"comment_status":"open","ping_status":"open","sticky":false,"template":"","format":"standard","meta":{"site-sidebar-layout":"default","site-content-layout":"default","ast-site-content-layout":"default","site-content-style":"default","site-sidebar-style":"default","ast-global-header-display":"","ast-banner-title-visibility":"","ast-main-header-display":"","ast-hfb-above-header-display":"","ast-hfb-below-header-display":"","ast-hfb-mobile-header-display":"","site-post-title":"","ast-breadcrumbs-content":"","ast-featured-img":"","footer-sml-layout":"","ast-disable-related-posts":"","theme-transparent-header-meta":"default","adv-header-id-meta":"","stick-header-meta":"","header-above-stick-meta":"","header-main-stick-meta":"","header-below-stick-meta":"","astra-migrate-meta-layouts":"default","ast-page-background-enabled":"default","ast-page-background-meta":{"desktop":{"background-color":"","background-image":"","background-repeat":"repeat","background-position":"center center","background-size":"auto","background-attachment":"scroll","background-type":"","background-media":"","overlay-type":"","overlay-color":"","overlay-opacity":"","overlay-gradient":""},"tablet":{"background-color":"","background-image":"","background-repeat":"repeat","background-position":"center center","background-size":"auto","background-attachment":"scroll","background-type":"","background-media":"","overlay-type":"","overlay-color":"","overlay-opacity":"","overlay-gradient":""},"mobile":{"background-color":"","background-image":"","background-repeat":"repeat","background-position":"center center","background-size":"auto","background-attachment":"scroll","background-type":"","background-media":"","overlay-type":"","overlay-color":"","overlay-opacity":"","overlay-gradient":""}},"ast-content-background-meta":{"desktop":{"background-color":"var(--ast-global-color-5)","background-image":"","background-repeat":"repeat","background-position":"center center","background-size":"auto","background-attachment":"scroll","background-type":"","background-media":"","overlay-type":"","overlay-color":"","overlay-opacity":"","overlay-gradient":""},"tablet":{"background-color":"var(--ast-global-color-5)","background-image":"","background-repeat":"repeat","background-position":"center center","background-size":"auto","background-attachment":"scroll","background-type":"","background-media":"","overlay-type":"","overlay-color":"","overlay-opacity":"","overlay-gradient":""},"mobile":{"background-color":"var(--ast-global-color-5)","background-image":"","background-repeat":"repeat","background-position":"center center","background-size":"auto","background-attachment":"scroll","background-type":"","background-media":"","overlay-type":"","overlay-color":"","overlay-opacity":"","overlay-gradient":""}},"_jetpack_memberships_contains_paid_content":false,"_joinchat":[],"footnotes":""},"categories":[2256,365,3557],"tags":[3686,2519,3688,2865,3687,1878,1998,3122,1370],"class_list":["post-23154","post","type-post","status-publish","format-standard","has-post-thumbnail","hentry","category-coronavirus","category-opinion","category-tercera","tag-abuelos","tag-aislamiento","tag-contencion-familiar","tag-covid-19-2","tag-geriatricos","tag-pablo-rosso","tag-pandemia","tag-protocolos","tag-tristeza"],"yoast_head":"<!-- This site is optimized with the Yoast SEO plugin v26.8 - https:\/\/yoast.com\/product\/yoast-seo-wordpress\/ -->\n<title>Los abuelos no mueren de Covid, est\u00e1n muriendo de tristeza - El Regional<\/title>\n<meta name=\"description\" content=\"Solicito un protocolo para contenci\u00f3n de los abuelos que se encuentran en situaci\u00f3n de encierro desde hace SEIS MESES en los Hogares para la Tercera Edad.\" \/>\n<meta name=\"robots\" content=\"index, follow, max-snippet:-1, max-image-preview:large, max-video-preview:-1\" \/>\n<link rel=\"canonical\" href=\"http:\/\/elregionalvm.com.ar\/noticias-villa-maria\/los-abuelos-no-mueren-de-covid-estan-muriendo-de-tristeza\/\" \/>\n<meta property=\"og:locale\" content=\"es_ES\" \/>\n<meta property=\"og:type\" content=\"article\" \/>\n<meta property=\"og:title\" content=\"Los abuelos no mueren de Covid, est\u00e1n muriendo de tristeza - El Regional\" \/>\n<meta property=\"og:description\" content=\"Solicito un protocolo para contenci\u00f3n de los abuelos que se encuentran en situaci\u00f3n de encierro desde hace SEIS MESES en los Hogares para la Tercera Edad.\" \/>\n<meta property=\"og:url\" content=\"http:\/\/elregionalvm.com.ar\/noticias-villa-maria\/los-abuelos-no-mueren-de-covid-estan-muriendo-de-tristeza\/\" \/>\n<meta property=\"og:site_name\" content=\"El Regional\" \/>\n<meta property=\"article:publisher\" content=\"https:\/\/www.facebook.com\/elregionalvm\" \/>\n<meta property=\"article:published_time\" content=\"2020-09-02T16:53:28+00:00\" \/>\n<meta property=\"article:modified_time\" content=\"2020-09-03T20:25:50+00:00\" \/>\n<meta property=\"og:image\" content=\"http:\/\/elregionalvm.com.ar\/noticias-villa-maria\/wp-content\/uploads\/2020\/09\/Abuelos-manos-soledad.jpg\" \/>\n\t<meta property=\"og:image:width\" content=\"1200\" \/>\n\t<meta property=\"og:image:height\" content=\"675\" \/>\n\t<meta property=\"og:image:type\" content=\"image\/jpeg\" \/>\n<meta name=\"author\" content=\"Contenidos El Regional\" \/>\n<meta name=\"twitter:card\" content=\"summary_large_image\" \/>\n<meta name=\"twitter:creator\" content=\"@elregionalvm1\" \/>\n<meta name=\"twitter:site\" content=\"@elregionalvm1\" \/>\n<meta name=\"twitter:label1\" content=\"Escrito por\" \/>\n\t<meta name=\"twitter:data1\" content=\"Contenidos El Regional\" \/>\n\t<meta name=\"twitter:label2\" content=\"Tiempo de lectura\" \/>\n\t<meta name=\"twitter:data2\" content=\"2 minutos\" \/>\n<script type=\"application\/ld+json\" class=\"yoast-schema-graph\">{\"@context\":\"https:\/\/schema.org\",\"@graph\":[{\"@type\":\"Article\",\"@id\":\"http:\/\/elregionalvm.com.ar\/noticias-villa-maria\/los-abuelos-no-mueren-de-covid-estan-muriendo-de-tristeza\/#article\",\"isPartOf\":{\"@id\":\"http:\/\/elregionalvm.com.ar\/noticias-villa-maria\/los-abuelos-no-mueren-de-covid-estan-muriendo-de-tristeza\/\"},\"author\":{\"name\":\"Contenidos El Regional\",\"@id\":\"http:\/\/elregionalvm.com.ar\/noticias-villa-maria\/#\/schema\/person\/a0fb9c422317faca23d50163151bc354\"},\"headline\":\"Los abuelos no mueren de Covid, est\u00e1n muriendo de tristeza\",\"datePublished\":\"2020-09-02T16:53:28+00:00\",\"dateModified\":\"2020-09-03T20:25:50+00:00\",\"mainEntityOfPage\":{\"@id\":\"http:\/\/elregionalvm.com.ar\/noticias-villa-maria\/los-abuelos-no-mueren-de-covid-estan-muriendo-de-tristeza\/\"},\"wordCount\":415,\"commentCount\":1,\"image\":{\"@id\":\"http:\/\/elregionalvm.com.ar\/noticias-villa-maria\/los-abuelos-no-mueren-de-covid-estan-muriendo-de-tristeza\/#primaryimage\"},\"thumbnailUrl\":\"https:\/\/i0.wp.com\/elregionalvm.com.ar\/noticias-villa-maria\/wp-content\/uploads\/2020\/09\/Abuelos-manos-soledad.jpg?fit=1200%2C675&ssl=1\",\"keywords\":[\"abuelos\",\"aislamiento\",\"contenci\u00f3n familiar\",\"Covid 19\",\"geri\u00e1tricos\",\"Pablo Rosso\",\"pandemia\",\"protocolos\",\"tristeza\"],\"articleSection\":[\"Coronavirus\",\"Opini\u00f3n\",\"tercera\"],\"inLanguage\":\"es\",\"potentialAction\":[{\"@type\":\"CommentAction\",\"name\":\"Comment\",\"target\":[\"http:\/\/elregionalvm.com.ar\/noticias-villa-maria\/los-abuelos-no-mueren-de-covid-estan-muriendo-de-tristeza\/#respond\"]}]},{\"@type\":\"WebPage\",\"@id\":\"http:\/\/elregionalvm.com.ar\/noticias-villa-maria\/los-abuelos-no-mueren-de-covid-estan-muriendo-de-tristeza\/\",\"url\":\"http:\/\/elregionalvm.com.ar\/noticias-villa-maria\/los-abuelos-no-mueren-de-covid-estan-muriendo-de-tristeza\/\",\"name\":\"Los abuelos no mueren de Covid, est\u00e1n muriendo de tristeza - El Regional\",\"isPartOf\":{\"@id\":\"http:\/\/elregionalvm.com.ar\/noticias-villa-maria\/#website\"},\"primaryImageOfPage\":{\"@id\":\"http:\/\/elregionalvm.com.ar\/noticias-villa-maria\/los-abuelos-no-mueren-de-covid-estan-muriendo-de-tristeza\/#primaryimage\"},\"image\":{\"@id\":\"http:\/\/elregionalvm.com.ar\/noticias-villa-maria\/los-abuelos-no-mueren-de-covid-estan-muriendo-de-tristeza\/#primaryimage\"},\"thumbnailUrl\":\"https:\/\/i0.wp.com\/elregionalvm.com.ar\/noticias-villa-maria\/wp-content\/uploads\/2020\/09\/Abuelos-manos-soledad.jpg?fit=1200%2C675&ssl=1\",\"datePublished\":\"2020-09-02T16:53:28+00:00\",\"dateModified\":\"2020-09-03T20:25:50+00:00\",\"author\":{\"@id\":\"http:\/\/elregionalvm.com.ar\/noticias-villa-maria\/#\/schema\/person\/a0fb9c422317faca23d50163151bc354\"},\"description\":\"Solicito un protocolo para contenci\u00f3n de los abuelos que se encuentran en situaci\u00f3n de encierro desde hace SEIS MESES en los Hogares para la Tercera Edad.\",\"breadcrumb\":{\"@id\":\"http:\/\/elregionalvm.com.ar\/noticias-villa-maria\/los-abuelos-no-mueren-de-covid-estan-muriendo-de-tristeza\/#breadcrumb\"},\"inLanguage\":\"es\",\"potentialAction\":[{\"@type\":\"ReadAction\",\"target\":[\"http:\/\/elregionalvm.com.ar\/noticias-villa-maria\/los-abuelos-no-mueren-de-covid-estan-muriendo-de-tristeza\/\"]}]},{\"@type\":\"ImageObject\",\"inLanguage\":\"es\",\"@id\":\"http:\/\/elregionalvm.com.ar\/noticias-villa-maria\/los-abuelos-no-mueren-de-covid-estan-muriendo-de-tristeza\/#primaryimage\",\"url\":\"https:\/\/i0.wp.com\/elregionalvm.com.ar\/noticias-villa-maria\/wp-content\/uploads\/2020\/09\/Abuelos-manos-soledad.jpg?fit=1200%2C675&ssl=1\",\"contentUrl\":\"https:\/\/i0.wp.com\/elregionalvm.com.ar\/noticias-villa-maria\/wp-content\/uploads\/2020\/09\/Abuelos-manos-soledad.jpg?fit=1200%2C675&ssl=1\",\"width\":1200,\"height\":675},{\"@type\":\"BreadcrumbList\",\"@id\":\"http:\/\/elregionalvm.com.ar\/noticias-villa-maria\/los-abuelos-no-mueren-de-covid-estan-muriendo-de-tristeza\/#breadcrumb\",\"itemListElement\":[{\"@type\":\"ListItem\",\"position\":1,\"name\":\"Portada\",\"item\":\"https:\/\/elregionalvm.com.ar\/noticias-villa-maria\/\"},{\"@type\":\"ListItem\",\"position\":2,\"name\":\"Los abuelos no mueren de Covid, est\u00e1n muriendo de tristeza\"}]},{\"@type\":\"WebSite\",\"@id\":\"http:\/\/elregionalvm.com.ar\/noticias-villa-maria\/#website\",\"url\":\"http:\/\/elregionalvm.com.ar\/noticias-villa-maria\/\",\"name\":\"El Regional\",\"description\":\"Mucho m\u00e1s que informaci\u00f3n\",\"potentialAction\":[{\"@type\":\"SearchAction\",\"target\":{\"@type\":\"EntryPoint\",\"urlTemplate\":\"http:\/\/elregionalvm.com.ar\/noticias-villa-maria\/?s={search_term_string}\"},\"query-input\":{\"@type\":\"PropertyValueSpecification\",\"valueRequired\":true,\"valueName\":\"search_term_string\"}}],\"inLanguage\":\"es\"},{\"@type\":\"Person\",\"@id\":\"http:\/\/elregionalvm.com.ar\/noticias-villa-maria\/#\/schema\/person\/a0fb9c422317faca23d50163151bc354\",\"name\":\"Contenidos El Regional\",\"image\":{\"@type\":\"ImageObject\",\"inLanguage\":\"es\",\"@id\":\"http:\/\/elregionalvm.com.ar\/noticias-villa-maria\/#\/schema\/person\/image\/\",\"url\":\"https:\/\/secure.gravatar.com\/avatar\/265b27cb2209af7bb3a1318f03305787d7981a5cc6e6cd08fe5a4ecdf99d4b48?s=96&d=mm&r=g\",\"contentUrl\":\"https:\/\/secure.gravatar.com\/avatar\/265b27cb2209af7bb3a1318f03305787d7981a5cc6e6cd08fe5a4ecdf99d4b48?s=96&d=mm&r=g\",\"caption\":\"Contenidos El Regional\"},\"url\":\"https:\/\/elregionalvm.com.ar\/noticias-villa-maria\/author\/contenido\/\"}]}<\/script>\n<!-- \/ Yoast SEO plugin. -->","yoast_head_json":{"title":"Los abuelos no mueren de Covid, est\u00e1n muriendo de tristeza - El Regional","description":"Solicito un protocolo para contenci\u00f3n de los abuelos que se encuentran en situaci\u00f3n de encierro desde hace SEIS MESES en los Hogares para la Tercera Edad.","robots":{"index":"index","follow":"follow","max-snippet":"max-snippet:-1","max-image-preview":"max-image-preview:large","max-video-preview":"max-video-preview:-1"},"canonical":"http:\/\/elregionalvm.com.ar\/noticias-villa-maria\/los-abuelos-no-mueren-de-covid-estan-muriendo-de-tristeza\/","og_locale":"es_ES","og_type":"article","og_title":"Los abuelos no mueren de Covid, est\u00e1n muriendo de tristeza - El Regional","og_description":"Solicito un protocolo para contenci\u00f3n de los abuelos que se encuentran en situaci\u00f3n de encierro desde hace SEIS MESES en los Hogares para la Tercera Edad.","og_url":"http:\/\/elregionalvm.com.ar\/noticias-villa-maria\/los-abuelos-no-mueren-de-covid-estan-muriendo-de-tristeza\/","og_site_name":"El Regional","article_publisher":"https:\/\/www.facebook.com\/elregionalvm","article_published_time":"2020-09-02T16:53:28+00:00","article_modified_time":"2020-09-03T20:25:50+00:00","og_image":[{"width":1200,"height":675,"url":"http:\/\/elregionalvm.com.ar\/noticias-villa-maria\/wp-content\/uploads\/2020\/09\/Abuelos-manos-soledad.jpg","type":"image\/jpeg"}],"author":"Contenidos El Regional","twitter_card":"summary_large_image","twitter_creator":"@elregionalvm1","twitter_site":"@elregionalvm1","twitter_misc":{"Escrito por":"Contenidos El Regional","Tiempo de lectura":"2 minutos"},"schema":{"@context":"https:\/\/schema.org","@graph":[{"@type":"Article","@id":"http:\/\/elregionalvm.com.ar\/noticias-villa-maria\/los-abuelos-no-mueren-de-covid-estan-muriendo-de-tristeza\/#article","isPartOf":{"@id":"http:\/\/elregionalvm.com.ar\/noticias-villa-maria\/los-abuelos-no-mueren-de-covid-estan-muriendo-de-tristeza\/"},"author":{"name":"Contenidos El Regional","@id":"http:\/\/elregionalvm.com.ar\/noticias-villa-maria\/#\/schema\/person\/a0fb9c422317faca23d50163151bc354"},"headline":"Los abuelos no mueren de Covid, est\u00e1n muriendo de tristeza","datePublished":"2020-09-02T16:53:28+00:00","dateModified":"2020-09-03T20:25:50+00:00","mainEntityOfPage":{"@id":"http:\/\/elregionalvm.com.ar\/noticias-villa-maria\/los-abuelos-no-mueren-de-covid-estan-muriendo-de-tristeza\/"},"wordCount":415,"commentCount":1,"image":{"@id":"http:\/\/elregionalvm.com.ar\/noticias-villa-maria\/los-abuelos-no-mueren-de-covid-estan-muriendo-de-tristeza\/#primaryimage"},"thumbnailUrl":"https:\/\/i0.wp.com\/elregionalvm.com.ar\/noticias-villa-maria\/wp-content\/uploads\/2020\/09\/Abuelos-manos-soledad.jpg?fit=1200%2C675&ssl=1","keywords":["abuelos","aislamiento","contenci\u00f3n familiar","Covid 19","geri\u00e1tricos","Pablo Rosso","pandemia","protocolos","tristeza"],"articleSection":["Coronavirus","Opini\u00f3n","tercera"],"inLanguage":"es","potentialAction":[{"@type":"CommentAction","name":"Comment","target":["http:\/\/elregionalvm.com.ar\/noticias-villa-maria\/los-abuelos-no-mueren-de-covid-estan-muriendo-de-tristeza\/#respond"]}]},{"@type":"WebPage","@id":"http:\/\/elregionalvm.com.ar\/noticias-villa-maria\/los-abuelos-no-mueren-de-covid-estan-muriendo-de-tristeza\/","url":"http:\/\/elregionalvm.com.ar\/noticias-villa-maria\/los-abuelos-no-mueren-de-covid-estan-muriendo-de-tristeza\/","name":"Los abuelos no mueren de Covid, est\u00e1n muriendo de tristeza - El Regional","isPartOf":{"@id":"http:\/\/elregionalvm.com.ar\/noticias-villa-maria\/#website"},"primaryImageOfPage":{"@id":"http:\/\/elregionalvm.com.ar\/noticias-villa-maria\/los-abuelos-no-mueren-de-covid-estan-muriendo-de-tristeza\/#primaryimage"},"image":{"@id":"http:\/\/elregionalvm.com.ar\/noticias-villa-maria\/los-abuelos-no-mueren-de-covid-estan-muriendo-de-tristeza\/#primaryimage"},"thumbnailUrl":"https:\/\/i0.wp.com\/elregionalvm.com.ar\/noticias-villa-maria\/wp-content\/uploads\/2020\/09\/Abuelos-manos-soledad.jpg?fit=1200%2C675&ssl=1","datePublished":"2020-09-02T16:53:28+00:00","dateModified":"2020-09-03T20:25:50+00:00","author":{"@id":"http:\/\/elregionalvm.com.ar\/noticias-villa-maria\/#\/schema\/person\/a0fb9c422317faca23d50163151bc354"},"description":"Solicito un protocolo para contenci\u00f3n de los abuelos que se encuentran en situaci\u00f3n de encierro desde hace SEIS MESES en los Hogares para la Tercera Edad.","breadcrumb":{"@id":"http:\/\/elregionalvm.com.ar\/noticias-villa-maria\/los-abuelos-no-mueren-de-covid-estan-muriendo-de-tristeza\/#breadcrumb"},"inLanguage":"es","potentialAction":[{"@type":"ReadAction","target":["http:\/\/elregionalvm.com.ar\/noticias-villa-maria\/los-abuelos-no-mueren-de-covid-estan-muriendo-de-tristeza\/"]}]},{"@type":"ImageObject","inLanguage":"es","@id":"http:\/\/elregionalvm.com.ar\/noticias-villa-maria\/los-abuelos-no-mueren-de-covid-estan-muriendo-de-tristeza\/#primaryimage","url":"https:\/\/i0.wp.com\/elregionalvm.com.ar\/noticias-villa-maria\/wp-content\/uploads\/2020\/09\/Abuelos-manos-soledad.jpg?fit=1200%2C675&ssl=1","contentUrl":"https:\/\/i0.wp.com\/elregionalvm.com.ar\/noticias-villa-maria\/wp-content\/uploads\/2020\/09\/Abuelos-manos-soledad.jpg?fit=1200%2C675&ssl=1","width":1200,"height":675},{"@type":"BreadcrumbList","@id":"http:\/\/elregionalvm.com.ar\/noticias-villa-maria\/los-abuelos-no-mueren-de-covid-estan-muriendo-de-tristeza\/#breadcrumb","itemListElement":[{"@type":"ListItem","position":1,"name":"Portada","item":"https:\/\/elregionalvm.com.ar\/noticias-villa-maria\/"},{"@type":"ListItem","position":2,"name":"Los abuelos no mueren de Covid, est\u00e1n muriendo de tristeza"}]},{"@type":"WebSite","@id":"http:\/\/elregionalvm.com.ar\/noticias-villa-maria\/#website","url":"http:\/\/elregionalvm.com.ar\/noticias-villa-maria\/","name":"El Regional","description":"Mucho m\u00e1s que informaci\u00f3n","potentialAction":[{"@type":"SearchAction","target":{"@type":"EntryPoint","urlTemplate":"http:\/\/elregionalvm.com.ar\/noticias-villa-maria\/?s={search_term_string}"},"query-input":{"@type":"PropertyValueSpecification","valueRequired":true,"valueName":"search_term_string"}}],"inLanguage":"es"},{"@type":"Person","@id":"http:\/\/elregionalvm.com.ar\/noticias-villa-maria\/#\/schema\/person\/a0fb9c422317faca23d50163151bc354","name":"Contenidos El Regional","image":{"@type":"ImageObject","inLanguage":"es","@id":"http:\/\/elregionalvm.com.ar\/noticias-villa-maria\/#\/schema\/person\/image\/","url":"https:\/\/secure.gravatar.com\/avatar\/265b27cb2209af7bb3a1318f03305787d7981a5cc6e6cd08fe5a4ecdf99d4b48?s=96&d=mm&r=g","contentUrl":"https:\/\/secure.gravatar.com\/avatar\/265b27cb2209af7bb3a1318f03305787d7981a5cc6e6cd08fe5a4ecdf99d4b48?s=96&d=mm&r=g","caption":"Contenidos El Regional"},"url":"https:\/\/elregionalvm.com.ar\/noticias-villa-maria\/author\/contenido\/"}]}},"jetpack_featured_media_url":"https:\/\/i0.wp.com\/elregionalvm.com.ar\/noticias-villa-maria\/wp-content\/uploads\/2020\/09\/Abuelos-manos-soledad.jpg?fit=1200%2C675&ssl=1","jetpack_sharing_enabled":true,"_links":{"self":[{"href":"https:\/\/elregionalvm.com.ar\/noticias-villa-maria\/wp-json\/wp\/v2\/posts\/23154","targetHints":{"allow":["GET"]}}],"collection":[{"href":"https:\/\/elregionalvm.com.ar\/noticias-villa-maria\/wp-json\/wp\/v2\/posts"}],"about":[{"href":"https:\/\/elregionalvm.com.ar\/noticias-villa-maria\/wp-json\/wp\/v2\/types\/post"}],"author":[{"embeddable":true,"href":"https:\/\/elregionalvm.com.ar\/noticias-villa-maria\/wp-json\/wp\/v2\/users\/4"}],"replies":[{"embeddable":true,"href":"https:\/\/elregionalvm.com.ar\/noticias-villa-maria\/wp-json\/wp\/v2\/comments?post=23154"}],"version-history":[{"count":1,"href":"https:\/\/elregionalvm.com.ar\/noticias-villa-maria\/wp-json\/wp\/v2\/posts\/23154\/revisions"}],"predecessor-version":[{"id":23156,"href":"https:\/\/elregionalvm.com.ar\/noticias-villa-maria\/wp-json\/wp\/v2\/posts\/23154\/revisions\/23156"}],"wp:featuredmedia":[{"embeddable":true,"href":"https:\/\/elregionalvm.com.ar\/noticias-villa-maria\/wp-json\/wp\/v2\/media\/23155"}],"wp:attachment":[{"href":"https:\/\/elregionalvm.com.ar\/noticias-villa-maria\/wp-json\/wp\/v2\/media?parent=23154"}],"wp:term":[{"taxonomy":"category","embeddable":true,"href":"https:\/\/elregionalvm.com.ar\/noticias-villa-maria\/wp-json\/wp\/v2\/categories?post=23154"},{"taxonomy":"post_tag","embeddable":true,"href":"https:\/\/elregionalvm.com.ar\/noticias-villa-maria\/wp-json\/wp\/v2\/tags?post=23154"}],"curies":[{"name":"wp","href":"https:\/\/api.w.org\/{rel}","templated":true}]}}