{"id":23157,"date":"2020-09-02T17:34:44","date_gmt":"2020-09-02T17:34:44","guid":{"rendered":"https:\/\/elregionalvm.com.ar\/noticias-villa-maria\/?p=23157"},"modified":"2020-09-02T17:35:12","modified_gmt":"2020-09-02T17:35:12","slug":"docentes-caravana-bocinazo-y-apagon-virtual-contra-el-ajuste","status":"publish","type":"post","link":"https:\/\/elregionalvm.com.ar\/noticias-villa-maria\/docentes-caravana-bocinazo-y-apagon-virtual-contra-el-ajuste\/","title":{"rendered":"Docentes: caravana, bocinazo y apag\u00f3n virtual contra el ajuste"},"content":{"rendered":"\n<p>El viernes 4 de septiembre, a las 10 de la ma\u00f1ana, la delegaci\u00f3n del Departamento Gral. San Mart\u00edn de la Uni\u00f3n de Educadores de la Provincia de C\u00f3rdoba (UEPC) realizar\u00e1 la cuarta caravana del a\u00f1o, al igual que en el resto de la provincia.<\/p>\n\n\n\n<p>La movilizaci\u00f3n se desarrollar\u00e1 bajo la consigna \u201c\u00a1Basta de Ajustes! \u00a1Basta de Abusos!\u201d, acompa\u00f1ado por un apag\u00f3n digital (modalidad ya implementada con anterioridad en el marco de esta cuarentena).<\/p>\n\n\n\n<p>La marcha \u201cpretende visibilizar el descontento del sector docente con las pol\u00edticas implementadas por el gobierno provincial y la no realizaci\u00f3n de acciones que el sistema educativo demanda en una coyuntura normal y m\u00e1s a\u00fan en el contexto actual\u201d, expres\u00f3 el gremio en un comunicado.<\/p>\n\n\n\n<p>\u201cLas demandas se extienden tambi\u00e9n a exigir la cobertura de cargos y horas vacantes y una visibilizaci\u00f3n de la problem\u00e1tica de conectividad por parte de estudiantes y educadores en el marco de la pandemia, considerando que muchos trabajadores de la educaci\u00f3n han debido comprarse mejores aparatos tecnol\u00f3gicos y\/o sumar m\u00e1s megas a su servicio de Internet para poder dar respuestas a las demandas de la \u2018escuela virtual\u2019\u201d, agreg\u00f3.<\/p>\n\n\n\n<p>La caravana, que tendr\u00e1 como punto de concentraci\u00f3n el Polideportivo Guillermo Evans a las 10 de la ma\u00f1ana, \u201cse repetir\u00e1 en el resto de la provincia para decir \u00a1No al ajuste jubilatorio! que llev\u00f3 adelante el gobierno provincial, recortando derechos fundamentales a los trabajadores de la educaci\u00f3n en plena pandemia\u201d.<\/p>\n\n\n\n<p><\/p>\n\n\n\n<p><em>Foto: VillaMar\u00edaYa<\/em><\/p>\n","protected":false},"excerpt":{"rendered":"<p>El viernes 4 de septiembre, a las 10 de la ma\u00f1ana, la delegaci\u00f3n del Departamento Gral. San Mart\u00edn de la Uni\u00f3n de Educadores de la Provincia de C\u00f3rdoba (UEPC) realizar\u00e1 la cuarta caravana del a\u00f1o, al igual que en el resto de la provincia. La movilizaci\u00f3n se desarrollar\u00e1 bajo la consigna \u201c\u00a1Basta de Ajustes! \u00a1Basta [&hellip;]<\/p>\n","protected":false},"author":4,"featured_media":23158,"comment_status":"open","ping_status":"open","sticky":false,"template":"","format":"standard","meta":{"site-sidebar-layout":"default","site-content-layout":"default","ast-site-content-layout":"default","site-content-style":"default","site-sidebar-style":"default","ast-global-header-display":"","ast-banner-title-visibility":"","ast-main-header-display":"","ast-hfb-above-header-display":"","ast-hfb-below-header-display":"","ast-hfb-mobile-header-display":"","site-post-title":"","ast-breadcrumbs-content":"","ast-featured-img":"","footer-sml-layout":"","ast-disable-related-posts":"","theme-transparent-header-meta":"default","adv-header-id-meta":"","stick-header-meta":"","header-above-stick-meta":"","header-main-stick-meta":"","header-below-stick-meta":"","astra-migrate-meta-layouts":"default","ast-page-background-enabled":"default","ast-page-background-meta":{"desktop":{"background-color":"","background-image":"","background-repeat":"repeat","background-position":"center center","background-size":"auto","background-attachment":"scroll","background-type":"","background-media":"","overlay-type":"","overlay-color":"","overlay-opacity":"","overlay-gradient":""},"tablet":{"background-color":"","background-image":"","background-repeat":"repeat","background-position":"center center","background-size":"auto","background-attachment":"scroll","background-type":"","background-media":"","overlay-type":"","overlay-color":"","overlay-opacity":"","overlay-gradient":""},"mobile":{"background-color":"","background-image":"","background-repeat":"repeat","background-position":"center center","background-size":"auto","background-attachment":"scroll","background-type":"","background-media":"","overlay-type":"","overlay-color":"","overlay-opacity":"","overlay-gradient":""}},"ast-content-background-meta":{"desktop":{"background-color":"var(--ast-global-color-5)","background-image":"","background-repeat":"repeat","background-position":"center center","background-size":"auto","background-attachment":"scroll","background-type":"","background-media":"","overlay-type":"","overlay-color":"","overlay-opacity":"","overlay-gradient":""},"tablet":{"background-color":"var(--ast-global-color-5)","background-image":"","background-repeat":"repeat","background-position":"center center","background-size":"auto","background-attachment":"scroll","background-type":"","background-media":"","overlay-type":"","overlay-color":"","overlay-opacity":"","overlay-gradient":""},"mobile":{"background-color":"var(--ast-global-color-5)","background-image":"","background-repeat":"repeat","background-position":"center center","background-size":"auto","background-attachment":"scroll","background-type":"","background-media":"","overlay-type":"","overlay-color":"","overlay-opacity":"","overlay-gradient":""}},"_jetpack_memberships_contains_paid_content":false,"_joinchat":[],"footnotes":""},"categories":[2323,2],"tags":[1025,3690,2920,2321,2008,2221,1998,2534,2447,3689],"class_list":["post-23157","post","type-post","status-publish","format-standard","has-post-thumbnail","hentry","category-notas-secundarias","category-villa-maria","tag-ajuste","tag-apagon-virtual","tag-bocinazo","tag-caravana","tag-docentes","tag-gobierno-provincial","tag-pandemia","tag-protestas","tag-reclamos","tag-uepc"],"yoast_head":"<!-- This site is optimized with the Yoast SEO plugin v26.8 - https:\/\/yoast.com\/product\/yoast-seo-wordpress\/ -->\n<title>Docentes: caravana, bocinazo y apag\u00f3n virtual contra el ajuste - El Regional<\/title>\n<meta name=\"description\" content=\"El viernes 4 de septiembre, a las 10 de la ma\u00f1ana, la delegaci\u00f3n del Departamento Gral. San Mart\u00edn de la UEPC realizar\u00e1 la cuarta caravana del a\u00f1o.\" \/>\n<meta name=\"robots\" content=\"index, follow, max-snippet:-1, max-image-preview:large, max-video-preview:-1\" \/>\n<link rel=\"canonical\" href=\"http:\/\/elregionalvm.com.ar\/noticias-villa-maria\/docentes-caravana-bocinazo-y-apagon-virtual-contra-el-ajuste\/\" \/>\n<meta property=\"og:locale\" content=\"es_ES\" \/>\n<meta property=\"og:type\" content=\"article\" \/>\n<meta property=\"og:title\" content=\"Docentes: caravana, bocinazo y apag\u00f3n virtual contra el ajuste - El Regional\" \/>\n<meta property=\"og:description\" content=\"El viernes 4 de septiembre, a las 10 de la ma\u00f1ana, la delegaci\u00f3n del Departamento Gral. San Mart\u00edn de la UEPC realizar\u00e1 la cuarta caravana del a\u00f1o.\" \/>\n<meta property=\"og:url\" content=\"http:\/\/elregionalvm.com.ar\/noticias-villa-maria\/docentes-caravana-bocinazo-y-apagon-virtual-contra-el-ajuste\/\" \/>\n<meta property=\"og:site_name\" content=\"El Regional\" \/>\n<meta property=\"article:publisher\" content=\"https:\/\/www.facebook.com\/elregionalvm\" \/>\n<meta property=\"article:published_time\" content=\"2020-09-02T17:34:44+00:00\" \/>\n<meta property=\"article:modified_time\" content=\"2020-09-02T17:35:12+00:00\" \/>\n<meta property=\"og:image\" content=\"http:\/\/elregionalvm.com.ar\/noticias-villa-maria\/wp-content\/uploads\/2020\/09\/Uepc-caravana.jpg\" \/>\n\t<meta property=\"og:image:width\" content=\"1200\" \/>\n\t<meta property=\"og:image:height\" content=\"675\" \/>\n\t<meta property=\"og:image:type\" content=\"image\/jpeg\" \/>\n<meta name=\"author\" content=\"Contenidos El Regional\" \/>\n<meta name=\"twitter:card\" content=\"summary_large_image\" \/>\n<meta name=\"twitter:creator\" content=\"@elregionalvm1\" \/>\n<meta name=\"twitter:site\" content=\"@elregionalvm1\" \/>\n<meta name=\"twitter:label1\" content=\"Escrito por\" \/>\n\t<meta name=\"twitter:data1\" content=\"Contenidos El Regional\" \/>\n\t<meta name=\"twitter:label2\" content=\"Tiempo de lectura\" \/>\n\t<meta name=\"twitter:data2\" content=\"1 minuto\" \/>\n<script type=\"application\/ld+json\" class=\"yoast-schema-graph\">{\"@context\":\"https:\/\/schema.org\",\"@graph\":[{\"@type\":\"Article\",\"@id\":\"http:\/\/elregionalvm.com.ar\/noticias-villa-maria\/docentes-caravana-bocinazo-y-apagon-virtual-contra-el-ajuste\/#article\",\"isPartOf\":{\"@id\":\"http:\/\/elregionalvm.com.ar\/noticias-villa-maria\/docentes-caravana-bocinazo-y-apagon-virtual-contra-el-ajuste\/\"},\"author\":{\"name\":\"Contenidos El Regional\",\"@id\":\"http:\/\/elregionalvm.com.ar\/noticias-villa-maria\/#\/schema\/person\/a0fb9c422317faca23d50163151bc354\"},\"headline\":\"Docentes: caravana, bocinazo y apag\u00f3n virtual contra el ajuste\",\"datePublished\":\"2020-09-02T17:34:44+00:00\",\"dateModified\":\"2020-09-02T17:35:12+00:00\",\"mainEntityOfPage\":{\"@id\":\"http:\/\/elregionalvm.com.ar\/noticias-villa-maria\/docentes-caravana-bocinazo-y-apagon-virtual-contra-el-ajuste\/\"},\"wordCount\":269,\"commentCount\":0,\"image\":{\"@id\":\"http:\/\/elregionalvm.com.ar\/noticias-villa-maria\/docentes-caravana-bocinazo-y-apagon-virtual-contra-el-ajuste\/#primaryimage\"},\"thumbnailUrl\":\"https:\/\/i0.wp.com\/elregionalvm.com.ar\/noticias-villa-maria\/wp-content\/uploads\/2020\/09\/Uepc-caravana.jpg?fit=1200%2C675&ssl=1\",\"keywords\":[\"ajuste\",\"apag\u00f3n virtual\",\"bocinazo\",\"Caravana\",\"docentes\",\"Gobierno provincial\",\"pandemia\",\"Protestas\",\"Reclamos\",\"UEPC\"],\"articleSection\":[\"Notas\",\"Villa Mar\u00eda\"],\"inLanguage\":\"es\",\"potentialAction\":[{\"@type\":\"CommentAction\",\"name\":\"Comment\",\"target\":[\"http:\/\/elregionalvm.com.ar\/noticias-villa-maria\/docentes-caravana-bocinazo-y-apagon-virtual-contra-el-ajuste\/#respond\"]}]},{\"@type\":\"WebPage\",\"@id\":\"http:\/\/elregionalvm.com.ar\/noticias-villa-maria\/docentes-caravana-bocinazo-y-apagon-virtual-contra-el-ajuste\/\",\"url\":\"http:\/\/elregionalvm.com.ar\/noticias-villa-maria\/docentes-caravana-bocinazo-y-apagon-virtual-contra-el-ajuste\/\",\"name\":\"Docentes: caravana, bocinazo y apag\u00f3n virtual contra el ajuste - El Regional\",\"isPartOf\":{\"@id\":\"http:\/\/elregionalvm.com.ar\/noticias-villa-maria\/#website\"},\"primaryImageOfPage\":{\"@id\":\"http:\/\/elregionalvm.com.ar\/noticias-villa-maria\/docentes-caravana-bocinazo-y-apagon-virtual-contra-el-ajuste\/#primaryimage\"},\"image\":{\"@id\":\"http:\/\/elregionalvm.com.ar\/noticias-villa-maria\/docentes-caravana-bocinazo-y-apagon-virtual-contra-el-ajuste\/#primaryimage\"},\"thumbnailUrl\":\"https:\/\/i0.wp.com\/elregionalvm.com.ar\/noticias-villa-maria\/wp-content\/uploads\/2020\/09\/Uepc-caravana.jpg?fit=1200%2C675&ssl=1\",\"datePublished\":\"2020-09-02T17:34:44+00:00\",\"dateModified\":\"2020-09-02T17:35:12+00:00\",\"author\":{\"@id\":\"http:\/\/elregionalvm.com.ar\/noticias-villa-maria\/#\/schema\/person\/a0fb9c422317faca23d50163151bc354\"},\"description\":\"El viernes 4 de septiembre, a las 10 de la ma\u00f1ana, la delegaci\u00f3n del Departamento Gral. San Mart\u00edn de la UEPC realizar\u00e1 la cuarta caravana del a\u00f1o.\",\"breadcrumb\":{\"@id\":\"http:\/\/elregionalvm.com.ar\/noticias-villa-maria\/docentes-caravana-bocinazo-y-apagon-virtual-contra-el-ajuste\/#breadcrumb\"},\"inLanguage\":\"es\",\"potentialAction\":[{\"@type\":\"ReadAction\",\"target\":[\"http:\/\/elregionalvm.com.ar\/noticias-villa-maria\/docentes-caravana-bocinazo-y-apagon-virtual-contra-el-ajuste\/\"]}]},{\"@type\":\"ImageObject\",\"inLanguage\":\"es\",\"@id\":\"http:\/\/elregionalvm.com.ar\/noticias-villa-maria\/docentes-caravana-bocinazo-y-apagon-virtual-contra-el-ajuste\/#primaryimage\",\"url\":\"https:\/\/i0.wp.com\/elregionalvm.com.ar\/noticias-villa-maria\/wp-content\/uploads\/2020\/09\/Uepc-caravana.jpg?fit=1200%2C675&ssl=1\",\"contentUrl\":\"https:\/\/i0.wp.com\/elregionalvm.com.ar\/noticias-villa-maria\/wp-content\/uploads\/2020\/09\/Uepc-caravana.jpg?fit=1200%2C675&ssl=1\",\"width\":1200,\"height\":675},{\"@type\":\"BreadcrumbList\",\"@id\":\"http:\/\/elregionalvm.com.ar\/noticias-villa-maria\/docentes-caravana-bocinazo-y-apagon-virtual-contra-el-ajuste\/#breadcrumb\",\"itemListElement\":[{\"@type\":\"ListItem\",\"position\":1,\"name\":\"Portada\",\"item\":\"https:\/\/elregionalvm.com.ar\/noticias-villa-maria\/\"},{\"@type\":\"ListItem\",\"position\":2,\"name\":\"Docentes: caravana, bocinazo y apag\u00f3n virtual contra el ajuste\"}]},{\"@type\":\"WebSite\",\"@id\":\"http:\/\/elregionalvm.com.ar\/noticias-villa-maria\/#website\",\"url\":\"http:\/\/elregionalvm.com.ar\/noticias-villa-maria\/\",\"name\":\"El Regional\",\"description\":\"Mucho m\u00e1s que informaci\u00f3n\",\"potentialAction\":[{\"@type\":\"SearchAction\",\"target\":{\"@type\":\"EntryPoint\",\"urlTemplate\":\"http:\/\/elregionalvm.com.ar\/noticias-villa-maria\/?s={search_term_string}\"},\"query-input\":{\"@type\":\"PropertyValueSpecification\",\"valueRequired\":true,\"valueName\":\"search_term_string\"}}],\"inLanguage\":\"es\"},{\"@type\":\"Person\",\"@id\":\"http:\/\/elregionalvm.com.ar\/noticias-villa-maria\/#\/schema\/person\/a0fb9c422317faca23d50163151bc354\",\"name\":\"Contenidos El Regional\",\"image\":{\"@type\":\"ImageObject\",\"inLanguage\":\"es\",\"@id\":\"http:\/\/elregionalvm.com.ar\/noticias-villa-maria\/#\/schema\/person\/image\/\",\"url\":\"https:\/\/secure.gravatar.com\/avatar\/265b27cb2209af7bb3a1318f03305787d7981a5cc6e6cd08fe5a4ecdf99d4b48?s=96&d=mm&r=g\",\"contentUrl\":\"https:\/\/secure.gravatar.com\/avatar\/265b27cb2209af7bb3a1318f03305787d7981a5cc6e6cd08fe5a4ecdf99d4b48?s=96&d=mm&r=g\",\"caption\":\"Contenidos El Regional\"},\"url\":\"https:\/\/elregionalvm.com.ar\/noticias-villa-maria\/author\/contenido\/\"}]}<\/script>\n<!-- \/ Yoast SEO plugin. -->","yoast_head_json":{"title":"Docentes: caravana, bocinazo y apag\u00f3n virtual contra el ajuste - El Regional","description":"El viernes 4 de septiembre, a las 10 de la ma\u00f1ana, la delegaci\u00f3n del Departamento Gral. San Mart\u00edn de la UEPC realizar\u00e1 la cuarta caravana del a\u00f1o.","robots":{"index":"index","follow":"follow","max-snippet":"max-snippet:-1","max-image-preview":"max-image-preview:large","max-video-preview":"max-video-preview:-1"},"canonical":"http:\/\/elregionalvm.com.ar\/noticias-villa-maria\/docentes-caravana-bocinazo-y-apagon-virtual-contra-el-ajuste\/","og_locale":"es_ES","og_type":"article","og_title":"Docentes: caravana, bocinazo y apag\u00f3n virtual contra el ajuste - El Regional","og_description":"El viernes 4 de septiembre, a las 10 de la ma\u00f1ana, la delegaci\u00f3n del Departamento Gral. San Mart\u00edn de la UEPC realizar\u00e1 la cuarta caravana del a\u00f1o.","og_url":"http:\/\/elregionalvm.com.ar\/noticias-villa-maria\/docentes-caravana-bocinazo-y-apagon-virtual-contra-el-ajuste\/","og_site_name":"El Regional","article_publisher":"https:\/\/www.facebook.com\/elregionalvm","article_published_time":"2020-09-02T17:34:44+00:00","article_modified_time":"2020-09-02T17:35:12+00:00","og_image":[{"width":1200,"height":675,"url":"http:\/\/elregionalvm.com.ar\/noticias-villa-maria\/wp-content\/uploads\/2020\/09\/Uepc-caravana.jpg","type":"image\/jpeg"}],"author":"Contenidos El Regional","twitter_card":"summary_large_image","twitter_creator":"@elregionalvm1","twitter_site":"@elregionalvm1","twitter_misc":{"Escrito por":"Contenidos El Regional","Tiempo de lectura":"1 minuto"},"schema":{"@context":"https:\/\/schema.org","@graph":[{"@type":"Article","@id":"http:\/\/elregionalvm.com.ar\/noticias-villa-maria\/docentes-caravana-bocinazo-y-apagon-virtual-contra-el-ajuste\/#article","isPartOf":{"@id":"http:\/\/elregionalvm.com.ar\/noticias-villa-maria\/docentes-caravana-bocinazo-y-apagon-virtual-contra-el-ajuste\/"},"author":{"name":"Contenidos El Regional","@id":"http:\/\/elregionalvm.com.ar\/noticias-villa-maria\/#\/schema\/person\/a0fb9c422317faca23d50163151bc354"},"headline":"Docentes: caravana, bocinazo y apag\u00f3n virtual contra el ajuste","datePublished":"2020-09-02T17:34:44+00:00","dateModified":"2020-09-02T17:35:12+00:00","mainEntityOfPage":{"@id":"http:\/\/elregionalvm.com.ar\/noticias-villa-maria\/docentes-caravana-bocinazo-y-apagon-virtual-contra-el-ajuste\/"},"wordCount":269,"commentCount":0,"image":{"@id":"http:\/\/elregionalvm.com.ar\/noticias-villa-maria\/docentes-caravana-bocinazo-y-apagon-virtual-contra-el-ajuste\/#primaryimage"},"thumbnailUrl":"https:\/\/i0.wp.com\/elregionalvm.com.ar\/noticias-villa-maria\/wp-content\/uploads\/2020\/09\/Uepc-caravana.jpg?fit=1200%2C675&ssl=1","keywords":["ajuste","apag\u00f3n virtual","bocinazo","Caravana","docentes","Gobierno provincial","pandemia","Protestas","Reclamos","UEPC"],"articleSection":["Notas","Villa Mar\u00eda"],"inLanguage":"es","potentialAction":[{"@type":"CommentAction","name":"Comment","target":["http:\/\/elregionalvm.com.ar\/noticias-villa-maria\/docentes-caravana-bocinazo-y-apagon-virtual-contra-el-ajuste\/#respond"]}]},{"@type":"WebPage","@id":"http:\/\/elregionalvm.com.ar\/noticias-villa-maria\/docentes-caravana-bocinazo-y-apagon-virtual-contra-el-ajuste\/","url":"http:\/\/elregionalvm.com.ar\/noticias-villa-maria\/docentes-caravana-bocinazo-y-apagon-virtual-contra-el-ajuste\/","name":"Docentes: caravana, bocinazo y apag\u00f3n virtual contra el ajuste - El Regional","isPartOf":{"@id":"http:\/\/elregionalvm.com.ar\/noticias-villa-maria\/#website"},"primaryImageOfPage":{"@id":"http:\/\/elregionalvm.com.ar\/noticias-villa-maria\/docentes-caravana-bocinazo-y-apagon-virtual-contra-el-ajuste\/#primaryimage"},"image":{"@id":"http:\/\/elregionalvm.com.ar\/noticias-villa-maria\/docentes-caravana-bocinazo-y-apagon-virtual-contra-el-ajuste\/#primaryimage"},"thumbnailUrl":"https:\/\/i0.wp.com\/elregionalvm.com.ar\/noticias-villa-maria\/wp-content\/uploads\/2020\/09\/Uepc-caravana.jpg?fit=1200%2C675&ssl=1","datePublished":"2020-09-02T17:34:44+00:00","dateModified":"2020-09-02T17:35:12+00:00","author":{"@id":"http:\/\/elregionalvm.com.ar\/noticias-villa-maria\/#\/schema\/person\/a0fb9c422317faca23d50163151bc354"},"description":"El viernes 4 de septiembre, a las 10 de la ma\u00f1ana, la delegaci\u00f3n del Departamento Gral. San Mart\u00edn de la UEPC realizar\u00e1 la cuarta caravana del a\u00f1o.","breadcrumb":{"@id":"http:\/\/elregionalvm.com.ar\/noticias-villa-maria\/docentes-caravana-bocinazo-y-apagon-virtual-contra-el-ajuste\/#breadcrumb"},"inLanguage":"es","potentialAction":[{"@type":"ReadAction","target":["http:\/\/elregionalvm.com.ar\/noticias-villa-maria\/docentes-caravana-bocinazo-y-apagon-virtual-contra-el-ajuste\/"]}]},{"@type":"ImageObject","inLanguage":"es","@id":"http:\/\/elregionalvm.com.ar\/noticias-villa-maria\/docentes-caravana-bocinazo-y-apagon-virtual-contra-el-ajuste\/#primaryimage","url":"https:\/\/i0.wp.com\/elregionalvm.com.ar\/noticias-villa-maria\/wp-content\/uploads\/2020\/09\/Uepc-caravana.jpg?fit=1200%2C675&ssl=1","contentUrl":"https:\/\/i0.wp.com\/elregionalvm.com.ar\/noticias-villa-maria\/wp-content\/uploads\/2020\/09\/Uepc-caravana.jpg?fit=1200%2C675&ssl=1","width":1200,"height":675},{"@type":"BreadcrumbList","@id":"http:\/\/elregionalvm.com.ar\/noticias-villa-maria\/docentes-caravana-bocinazo-y-apagon-virtual-contra-el-ajuste\/#breadcrumb","itemListElement":[{"@type":"ListItem","position":1,"name":"Portada","item":"https:\/\/elregionalvm.com.ar\/noticias-villa-maria\/"},{"@type":"ListItem","position":2,"name":"Docentes: caravana, bocinazo y apag\u00f3n virtual contra el ajuste"}]},{"@type":"WebSite","@id":"http:\/\/elregionalvm.com.ar\/noticias-villa-maria\/#website","url":"http:\/\/elregionalvm.com.ar\/noticias-villa-maria\/","name":"El Regional","description":"Mucho m\u00e1s que informaci\u00f3n","potentialAction":[{"@type":"SearchAction","target":{"@type":"EntryPoint","urlTemplate":"http:\/\/elregionalvm.com.ar\/noticias-villa-maria\/?s={search_term_string}"},"query-input":{"@type":"PropertyValueSpecification","valueRequired":true,"valueName":"search_term_string"}}],"inLanguage":"es"},{"@type":"Person","@id":"http:\/\/elregionalvm.com.ar\/noticias-villa-maria\/#\/schema\/person\/a0fb9c422317faca23d50163151bc354","name":"Contenidos El Regional","image":{"@type":"ImageObject","inLanguage":"es","@id":"http:\/\/elregionalvm.com.ar\/noticias-villa-maria\/#\/schema\/person\/image\/","url":"https:\/\/secure.gravatar.com\/avatar\/265b27cb2209af7bb3a1318f03305787d7981a5cc6e6cd08fe5a4ecdf99d4b48?s=96&d=mm&r=g","contentUrl":"https:\/\/secure.gravatar.com\/avatar\/265b27cb2209af7bb3a1318f03305787d7981a5cc6e6cd08fe5a4ecdf99d4b48?s=96&d=mm&r=g","caption":"Contenidos El Regional"},"url":"https:\/\/elregionalvm.com.ar\/noticias-villa-maria\/author\/contenido\/"}]}},"jetpack_featured_media_url":"https:\/\/i0.wp.com\/elregionalvm.com.ar\/noticias-villa-maria\/wp-content\/uploads\/2020\/09\/Uepc-caravana.jpg?fit=1200%2C675&ssl=1","jetpack_sharing_enabled":true,"_links":{"self":[{"href":"https:\/\/elregionalvm.com.ar\/noticias-villa-maria\/wp-json\/wp\/v2\/posts\/23157","targetHints":{"allow":["GET"]}}],"collection":[{"href":"https:\/\/elregionalvm.com.ar\/noticias-villa-maria\/wp-json\/wp\/v2\/posts"}],"about":[{"href":"https:\/\/elregionalvm.com.ar\/noticias-villa-maria\/wp-json\/wp\/v2\/types\/post"}],"author":[{"embeddable":true,"href":"https:\/\/elregionalvm.com.ar\/noticias-villa-maria\/wp-json\/wp\/v2\/users\/4"}],"replies":[{"embeddable":true,"href":"https:\/\/elregionalvm.com.ar\/noticias-villa-maria\/wp-json\/wp\/v2\/comments?post=23157"}],"version-history":[{"count":2,"href":"https:\/\/elregionalvm.com.ar\/noticias-villa-maria\/wp-json\/wp\/v2\/posts\/23157\/revisions"}],"predecessor-version":[{"id":23160,"href":"https:\/\/elregionalvm.com.ar\/noticias-villa-maria\/wp-json\/wp\/v2\/posts\/23157\/revisions\/23160"}],"wp:featuredmedia":[{"embeddable":true,"href":"https:\/\/elregionalvm.com.ar\/noticias-villa-maria\/wp-json\/wp\/v2\/media\/23158"}],"wp:attachment":[{"href":"https:\/\/elregionalvm.com.ar\/noticias-villa-maria\/wp-json\/wp\/v2\/media?parent=23157"}],"wp:term":[{"taxonomy":"category","embeddable":true,"href":"https:\/\/elregionalvm.com.ar\/noticias-villa-maria\/wp-json\/wp\/v2\/categories?post=23157"},{"taxonomy":"post_tag","embeddable":true,"href":"https:\/\/elregionalvm.com.ar\/noticias-villa-maria\/wp-json\/wp\/v2\/tags?post=23157"}],"curies":[{"name":"wp","href":"https:\/\/api.w.org\/{rel}","templated":true}]}}