{"id":23161,"date":"2020-09-02T18:07:05","date_gmt":"2020-09-02T18:07:05","guid":{"rendered":"https:\/\/elregionalvm.com.ar\/noticias-villa-maria\/?p=23161"},"modified":"2020-09-02T18:07:06","modified_gmt":"2020-09-02T18:07:06","slug":"villa-nueva-funcionarios-se-reunieron-con-el-obispo-jofre","status":"publish","type":"post","link":"https:\/\/elregionalvm.com.ar\/noticias-villa-maria\/villa-nueva-funcionarios-se-reunieron-con-el-obispo-jofre\/","title":{"rendered":"Villa Nueva: funcionarios se reunieron con el obispo Jofr\u00e9"},"content":{"rendered":"\n<p>Autoridades de la Secretar\u00eda de Relaciones Institucionales y Pol\u00edticas Sociales del municipio mantuvieron un encuentro con el obispo de Villa Mar\u00eda, Samuel Jofr\u00e9. <\/p>\n\n\n\n<p>La reuni\u00f3n desarrollada en la sede del Obispado de Villa Mar\u00eda sirvi\u00f3 para realizar una presentaci\u00f3n formal ante las autoridades cat\u00f3licas a nivel local, a fin de comenzar a afianzar un trabajo conjunto entre ambas partes.<\/p>\n\n\n\n<p>All\u00ed se abord\u00f3 diversas tem\u00e1ticas que hacen a la ciudad de Villa Nueva, as\u00ed como tambi\u00e9n el momento de crisis generado a partir de la emergencia sanitaria vigente por el coronavirus. <\/p>\n\n\n\n<p>Situaci\u00f3n que demanda la necesidad de incrementar la asistencia y la presencia de las instituciones de la comunidad, en favor de las personas que m\u00e1s lo necesiten.<\/p>\n\n\n\n<p>Entre los funcionarios estuvieron presentes el secretario del \u00e1rea, Mauro Bizzarri; el subsecretario, Franco Graglia, y la directora de Relaciones Institucionales, Marina Luna.<\/p>\n","protected":false},"excerpt":{"rendered":"<p>Autoridades de la Secretar\u00eda de Relaciones Institucionales y Pol\u00edticas Sociales del municipio mantuvieron un encuentro con el obispo de Villa Mar\u00eda, Samuel Jofr\u00e9. La reuni\u00f3n desarrollada en la sede del Obispado de Villa Mar\u00eda sirvi\u00f3 para realizar una presentaci\u00f3n formal ante las autoridades cat\u00f3licas a nivel local, a fin de comenzar a afianzar un trabajo [&hellip;]<\/p>\n","protected":false},"author":4,"featured_media":23164,"comment_status":"open","ping_status":"open","sticky":false,"template":"","format":"standard","meta":{"site-sidebar-layout":"default","site-content-layout":"default","ast-site-content-layout":"default","site-content-style":"default","site-sidebar-style":"default","ast-global-header-display":"","ast-banner-title-visibility":"","ast-main-header-display":"","ast-hfb-above-header-display":"","ast-hfb-below-header-display":"","ast-hfb-mobile-header-display":"","site-post-title":"","ast-breadcrumbs-content":"","ast-featured-img":"","footer-sml-layout":"","ast-disable-related-posts":"","theme-transparent-header-meta":"default","adv-header-id-meta":"","stick-header-meta":"","header-above-stick-meta":"","header-main-stick-meta":"","header-below-stick-meta":"","astra-migrate-meta-layouts":"default","ast-page-background-enabled":"default","ast-page-background-meta":{"desktop":{"background-color":"","background-image":"","background-repeat":"repeat","background-position":"center center","background-size":"auto","background-attachment":"scroll","background-type":"","background-media":"","overlay-type":"","overlay-color":"","overlay-opacity":"","overlay-gradient":""},"tablet":{"background-color":"","background-image":"","background-repeat":"repeat","background-position":"center center","background-size":"auto","background-attachment":"scroll","background-type":"","background-media":"","overlay-type":"","overlay-color":"","overlay-opacity":"","overlay-gradient":""},"mobile":{"background-color":"","background-image":"","background-repeat":"repeat","background-position":"center center","background-size":"auto","background-attachment":"scroll","background-type":"","background-media":"","overlay-type":"","overlay-color":"","overlay-opacity":"","overlay-gradient":""}},"ast-content-background-meta":{"desktop":{"background-color":"var(--ast-global-color-5)","background-image":"","background-repeat":"repeat","background-position":"center center","background-size":"auto","background-attachment":"scroll","background-type":"","background-media":"","overlay-type":"","overlay-color":"","overlay-opacity":"","overlay-gradient":""},"tablet":{"background-color":"var(--ast-global-color-5)","background-image":"","background-repeat":"repeat","background-position":"center center","background-size":"auto","background-attachment":"scroll","background-type":"","background-media":"","overlay-type":"","overlay-color":"","overlay-opacity":"","overlay-gradient":""},"mobile":{"background-color":"var(--ast-global-color-5)","background-image":"","background-repeat":"repeat","background-position":"center center","background-size":"auto","background-attachment":"scroll","background-type":"","background-media":"","overlay-type":"","overlay-color":"","overlay-opacity":"","overlay-gradient":""}},"_jetpack_memberships_contains_paid_content":false,"_joinchat":[],"footnotes":""},"categories":[1408],"tags":[],"class_list":["post-23161","post","type-post","status-publish","format-standard","has-post-thumbnail","hentry","category-villa-nueva"],"yoast_head":"<!-- This site is optimized with the Yoast SEO plugin v26.8 - https:\/\/yoast.com\/product\/yoast-seo-wordpress\/ -->\n<title>Villa Nueva: funcionarios se reunieron con el obispo Jofr\u00e9 - El Regional<\/title>\n<meta name=\"description\" content=\"Autoridades de la Secretar\u00eda de Relaciones Institucionales y Pol\u00edticas Sociales del municipio mantuvieron un encuentro con el obispo de Villa Mar\u00eda, Samuel Jofr\u00e9.\" \/>\n<meta name=\"robots\" content=\"index, follow, max-snippet:-1, max-image-preview:large, max-video-preview:-1\" \/>\n<link rel=\"canonical\" href=\"http:\/\/elregionalvm.com.ar\/noticias-villa-maria\/villa-nueva-funcionarios-se-reunieron-con-el-obispo-jofre\/\" \/>\n<meta property=\"og:locale\" content=\"es_ES\" \/>\n<meta property=\"og:type\" content=\"article\" \/>\n<meta property=\"og:title\" content=\"Villa Nueva: funcionarios se reunieron con el obispo Jofr\u00e9 - El Regional\" \/>\n<meta property=\"og:description\" content=\"Autoridades de la Secretar\u00eda de Relaciones Institucionales y Pol\u00edticas Sociales del municipio mantuvieron un encuentro con el obispo de Villa Mar\u00eda, Samuel Jofr\u00e9.\" \/>\n<meta property=\"og:url\" content=\"http:\/\/elregionalvm.com.ar\/noticias-villa-maria\/villa-nueva-funcionarios-se-reunieron-con-el-obispo-jofre\/\" \/>\n<meta property=\"og:site_name\" content=\"El Regional\" \/>\n<meta property=\"article:publisher\" content=\"https:\/\/www.facebook.com\/elregionalvm\" \/>\n<meta property=\"article:published_time\" content=\"2020-09-02T18:07:05+00:00\" \/>\n<meta property=\"article:modified_time\" content=\"2020-09-02T18:07:06+00:00\" \/>\n<meta property=\"og:image\" content=\"http:\/\/elregionalvm.com.ar\/noticias-villa-maria\/wp-content\/uploads\/2020\/09\/Villa-Nueva-reuni\u00f3n-con-Jofr\u00e9-obispo.jpg\" \/>\n\t<meta property=\"og:image:width\" content=\"2309\" \/>\n\t<meta property=\"og:image:height\" content=\"1732\" \/>\n\t<meta property=\"og:image:type\" content=\"image\/jpeg\" \/>\n<meta name=\"author\" content=\"Contenidos El Regional\" \/>\n<meta name=\"twitter:card\" content=\"summary_large_image\" \/>\n<meta name=\"twitter:creator\" content=\"@elregionalvm1\" \/>\n<meta name=\"twitter:site\" content=\"@elregionalvm1\" \/>\n<meta name=\"twitter:label1\" content=\"Escrito por\" \/>\n\t<meta name=\"twitter:data1\" content=\"Contenidos El Regional\" \/>\n\t<meta name=\"twitter:label2\" content=\"Tiempo de lectura\" \/>\n\t<meta name=\"twitter:data2\" content=\"1 minuto\" \/>\n<script type=\"application\/ld+json\" class=\"yoast-schema-graph\">{\"@context\":\"https:\/\/schema.org\",\"@graph\":[{\"@type\":\"Article\",\"@id\":\"http:\/\/elregionalvm.com.ar\/noticias-villa-maria\/villa-nueva-funcionarios-se-reunieron-con-el-obispo-jofre\/#article\",\"isPartOf\":{\"@id\":\"http:\/\/elregionalvm.com.ar\/noticias-villa-maria\/villa-nueva-funcionarios-se-reunieron-con-el-obispo-jofre\/\"},\"author\":{\"name\":\"Contenidos El Regional\",\"@id\":\"http:\/\/elregionalvm.com.ar\/noticias-villa-maria\/#\/schema\/person\/a0fb9c422317faca23d50163151bc354\"},\"headline\":\"Villa Nueva: funcionarios se reunieron con el obispo Jofr\u00e9\",\"datePublished\":\"2020-09-02T18:07:05+00:00\",\"dateModified\":\"2020-09-02T18:07:06+00:00\",\"mainEntityOfPage\":{\"@id\":\"http:\/\/elregionalvm.com.ar\/noticias-villa-maria\/villa-nueva-funcionarios-se-reunieron-con-el-obispo-jofre\/\"},\"wordCount\":160,\"commentCount\":0,\"image\":{\"@id\":\"http:\/\/elregionalvm.com.ar\/noticias-villa-maria\/villa-nueva-funcionarios-se-reunieron-con-el-obispo-jofre\/#primaryimage\"},\"thumbnailUrl\":\"https:\/\/i0.wp.com\/elregionalvm.com.ar\/noticias-villa-maria\/wp-content\/uploads\/2020\/09\/Villa-Nueva-reuni%C3%B3n-con-Jofr%C3%A9-obispo.jpg?fit=2309%2C1732&ssl=1\",\"articleSection\":[\"Villa Nueva\"],\"inLanguage\":\"es\",\"potentialAction\":[{\"@type\":\"CommentAction\",\"name\":\"Comment\",\"target\":[\"http:\/\/elregionalvm.com.ar\/noticias-villa-maria\/villa-nueva-funcionarios-se-reunieron-con-el-obispo-jofre\/#respond\"]}]},{\"@type\":\"WebPage\",\"@id\":\"http:\/\/elregionalvm.com.ar\/noticias-villa-maria\/villa-nueva-funcionarios-se-reunieron-con-el-obispo-jofre\/\",\"url\":\"http:\/\/elregionalvm.com.ar\/noticias-villa-maria\/villa-nueva-funcionarios-se-reunieron-con-el-obispo-jofre\/\",\"name\":\"Villa Nueva: funcionarios se reunieron con el obispo Jofr\u00e9 - El Regional\",\"isPartOf\":{\"@id\":\"http:\/\/elregionalvm.com.ar\/noticias-villa-maria\/#website\"},\"primaryImageOfPage\":{\"@id\":\"http:\/\/elregionalvm.com.ar\/noticias-villa-maria\/villa-nueva-funcionarios-se-reunieron-con-el-obispo-jofre\/#primaryimage\"},\"image\":{\"@id\":\"http:\/\/elregionalvm.com.ar\/noticias-villa-maria\/villa-nueva-funcionarios-se-reunieron-con-el-obispo-jofre\/#primaryimage\"},\"thumbnailUrl\":\"https:\/\/i0.wp.com\/elregionalvm.com.ar\/noticias-villa-maria\/wp-content\/uploads\/2020\/09\/Villa-Nueva-reuni%C3%B3n-con-Jofr%C3%A9-obispo.jpg?fit=2309%2C1732&ssl=1\",\"datePublished\":\"2020-09-02T18:07:05+00:00\",\"dateModified\":\"2020-09-02T18:07:06+00:00\",\"author\":{\"@id\":\"http:\/\/elregionalvm.com.ar\/noticias-villa-maria\/#\/schema\/person\/a0fb9c422317faca23d50163151bc354\"},\"description\":\"Autoridades de la Secretar\u00eda de Relaciones Institucionales y Pol\u00edticas Sociales del municipio mantuvieron un encuentro con el obispo de Villa Mar\u00eda, Samuel Jofr\u00e9.\",\"breadcrumb\":{\"@id\":\"http:\/\/elregionalvm.com.ar\/noticias-villa-maria\/villa-nueva-funcionarios-se-reunieron-con-el-obispo-jofre\/#breadcrumb\"},\"inLanguage\":\"es\",\"potentialAction\":[{\"@type\":\"ReadAction\",\"target\":[\"http:\/\/elregionalvm.com.ar\/noticias-villa-maria\/villa-nueva-funcionarios-se-reunieron-con-el-obispo-jofre\/\"]}]},{\"@type\":\"ImageObject\",\"inLanguage\":\"es\",\"@id\":\"http:\/\/elregionalvm.com.ar\/noticias-villa-maria\/villa-nueva-funcionarios-se-reunieron-con-el-obispo-jofre\/#primaryimage\",\"url\":\"https:\/\/i0.wp.com\/elregionalvm.com.ar\/noticias-villa-maria\/wp-content\/uploads\/2020\/09\/Villa-Nueva-reuni%C3%B3n-con-Jofr%C3%A9-obispo.jpg?fit=2309%2C1732&ssl=1\",\"contentUrl\":\"https:\/\/i0.wp.com\/elregionalvm.com.ar\/noticias-villa-maria\/wp-content\/uploads\/2020\/09\/Villa-Nueva-reuni%C3%B3n-con-Jofr%C3%A9-obispo.jpg?fit=2309%2C1732&ssl=1\",\"width\":2309,\"height\":1732},{\"@type\":\"BreadcrumbList\",\"@id\":\"http:\/\/elregionalvm.com.ar\/noticias-villa-maria\/villa-nueva-funcionarios-se-reunieron-con-el-obispo-jofre\/#breadcrumb\",\"itemListElement\":[{\"@type\":\"ListItem\",\"position\":1,\"name\":\"Portada\",\"item\":\"https:\/\/elregionalvm.com.ar\/noticias-villa-maria\/\"},{\"@type\":\"ListItem\",\"position\":2,\"name\":\"Villa Nueva: funcionarios se reunieron con el obispo Jofr\u00e9\"}]},{\"@type\":\"WebSite\",\"@id\":\"http:\/\/elregionalvm.com.ar\/noticias-villa-maria\/#website\",\"url\":\"http:\/\/elregionalvm.com.ar\/noticias-villa-maria\/\",\"name\":\"El Regional\",\"description\":\"Mucho m\u00e1s que informaci\u00f3n\",\"potentialAction\":[{\"@type\":\"SearchAction\",\"target\":{\"@type\":\"EntryPoint\",\"urlTemplate\":\"http:\/\/elregionalvm.com.ar\/noticias-villa-maria\/?s={search_term_string}\"},\"query-input\":{\"@type\":\"PropertyValueSpecification\",\"valueRequired\":true,\"valueName\":\"search_term_string\"}}],\"inLanguage\":\"es\"},{\"@type\":\"Person\",\"@id\":\"http:\/\/elregionalvm.com.ar\/noticias-villa-maria\/#\/schema\/person\/a0fb9c422317faca23d50163151bc354\",\"name\":\"Contenidos El Regional\",\"image\":{\"@type\":\"ImageObject\",\"inLanguage\":\"es\",\"@id\":\"http:\/\/elregionalvm.com.ar\/noticias-villa-maria\/#\/schema\/person\/image\/\",\"url\":\"https:\/\/secure.gravatar.com\/avatar\/265b27cb2209af7bb3a1318f03305787d7981a5cc6e6cd08fe5a4ecdf99d4b48?s=96&d=mm&r=g\",\"contentUrl\":\"https:\/\/secure.gravatar.com\/avatar\/265b27cb2209af7bb3a1318f03305787d7981a5cc6e6cd08fe5a4ecdf99d4b48?s=96&d=mm&r=g\",\"caption\":\"Contenidos El Regional\"},\"url\":\"https:\/\/elregionalvm.com.ar\/noticias-villa-maria\/author\/contenido\/\"}]}<\/script>\n<!-- \/ Yoast SEO plugin. -->","yoast_head_json":{"title":"Villa Nueva: funcionarios se reunieron con el obispo Jofr\u00e9 - El Regional","description":"Autoridades de la Secretar\u00eda de Relaciones Institucionales y Pol\u00edticas Sociales del municipio mantuvieron un encuentro con el obispo de Villa Mar\u00eda, Samuel Jofr\u00e9.","robots":{"index":"index","follow":"follow","max-snippet":"max-snippet:-1","max-image-preview":"max-image-preview:large","max-video-preview":"max-video-preview:-1"},"canonical":"http:\/\/elregionalvm.com.ar\/noticias-villa-maria\/villa-nueva-funcionarios-se-reunieron-con-el-obispo-jofre\/","og_locale":"es_ES","og_type":"article","og_title":"Villa Nueva: funcionarios se reunieron con el obispo Jofr\u00e9 - El Regional","og_description":"Autoridades de la Secretar\u00eda de Relaciones Institucionales y Pol\u00edticas Sociales del municipio mantuvieron un encuentro con el obispo de Villa Mar\u00eda, Samuel Jofr\u00e9.","og_url":"http:\/\/elregionalvm.com.ar\/noticias-villa-maria\/villa-nueva-funcionarios-se-reunieron-con-el-obispo-jofre\/","og_site_name":"El Regional","article_publisher":"https:\/\/www.facebook.com\/elregionalvm","article_published_time":"2020-09-02T18:07:05+00:00","article_modified_time":"2020-09-02T18:07:06+00:00","og_image":[{"width":2309,"height":1732,"url":"http:\/\/elregionalvm.com.ar\/noticias-villa-maria\/wp-content\/uploads\/2020\/09\/Villa-Nueva-reuni\u00f3n-con-Jofr\u00e9-obispo.jpg","type":"image\/jpeg"}],"author":"Contenidos El Regional","twitter_card":"summary_large_image","twitter_creator":"@elregionalvm1","twitter_site":"@elregionalvm1","twitter_misc":{"Escrito por":"Contenidos El Regional","Tiempo de lectura":"1 minuto"},"schema":{"@context":"https:\/\/schema.org","@graph":[{"@type":"Article","@id":"http:\/\/elregionalvm.com.ar\/noticias-villa-maria\/villa-nueva-funcionarios-se-reunieron-con-el-obispo-jofre\/#article","isPartOf":{"@id":"http:\/\/elregionalvm.com.ar\/noticias-villa-maria\/villa-nueva-funcionarios-se-reunieron-con-el-obispo-jofre\/"},"author":{"name":"Contenidos El Regional","@id":"http:\/\/elregionalvm.com.ar\/noticias-villa-maria\/#\/schema\/person\/a0fb9c422317faca23d50163151bc354"},"headline":"Villa Nueva: funcionarios se reunieron con el obispo Jofr\u00e9","datePublished":"2020-09-02T18:07:05+00:00","dateModified":"2020-09-02T18:07:06+00:00","mainEntityOfPage":{"@id":"http:\/\/elregionalvm.com.ar\/noticias-villa-maria\/villa-nueva-funcionarios-se-reunieron-con-el-obispo-jofre\/"},"wordCount":160,"commentCount":0,"image":{"@id":"http:\/\/elregionalvm.com.ar\/noticias-villa-maria\/villa-nueva-funcionarios-se-reunieron-con-el-obispo-jofre\/#primaryimage"},"thumbnailUrl":"https:\/\/i0.wp.com\/elregionalvm.com.ar\/noticias-villa-maria\/wp-content\/uploads\/2020\/09\/Villa-Nueva-reuni%C3%B3n-con-Jofr%C3%A9-obispo.jpg?fit=2309%2C1732&ssl=1","articleSection":["Villa Nueva"],"inLanguage":"es","potentialAction":[{"@type":"CommentAction","name":"Comment","target":["http:\/\/elregionalvm.com.ar\/noticias-villa-maria\/villa-nueva-funcionarios-se-reunieron-con-el-obispo-jofre\/#respond"]}]},{"@type":"WebPage","@id":"http:\/\/elregionalvm.com.ar\/noticias-villa-maria\/villa-nueva-funcionarios-se-reunieron-con-el-obispo-jofre\/","url":"http:\/\/elregionalvm.com.ar\/noticias-villa-maria\/villa-nueva-funcionarios-se-reunieron-con-el-obispo-jofre\/","name":"Villa Nueva: funcionarios se reunieron con el obispo Jofr\u00e9 - El Regional","isPartOf":{"@id":"http:\/\/elregionalvm.com.ar\/noticias-villa-maria\/#website"},"primaryImageOfPage":{"@id":"http:\/\/elregionalvm.com.ar\/noticias-villa-maria\/villa-nueva-funcionarios-se-reunieron-con-el-obispo-jofre\/#primaryimage"},"image":{"@id":"http:\/\/elregionalvm.com.ar\/noticias-villa-maria\/villa-nueva-funcionarios-se-reunieron-con-el-obispo-jofre\/#primaryimage"},"thumbnailUrl":"https:\/\/i0.wp.com\/elregionalvm.com.ar\/noticias-villa-maria\/wp-content\/uploads\/2020\/09\/Villa-Nueva-reuni%C3%B3n-con-Jofr%C3%A9-obispo.jpg?fit=2309%2C1732&ssl=1","datePublished":"2020-09-02T18:07:05+00:00","dateModified":"2020-09-02T18:07:06+00:00","author":{"@id":"http:\/\/elregionalvm.com.ar\/noticias-villa-maria\/#\/schema\/person\/a0fb9c422317faca23d50163151bc354"},"description":"Autoridades de la Secretar\u00eda de Relaciones Institucionales y Pol\u00edticas Sociales del municipio mantuvieron un encuentro con el obispo de Villa Mar\u00eda, Samuel Jofr\u00e9.","breadcrumb":{"@id":"http:\/\/elregionalvm.com.ar\/noticias-villa-maria\/villa-nueva-funcionarios-se-reunieron-con-el-obispo-jofre\/#breadcrumb"},"inLanguage":"es","potentialAction":[{"@type":"ReadAction","target":["http:\/\/elregionalvm.com.ar\/noticias-villa-maria\/villa-nueva-funcionarios-se-reunieron-con-el-obispo-jofre\/"]}]},{"@type":"ImageObject","inLanguage":"es","@id":"http:\/\/elregionalvm.com.ar\/noticias-villa-maria\/villa-nueva-funcionarios-se-reunieron-con-el-obispo-jofre\/#primaryimage","url":"https:\/\/i0.wp.com\/elregionalvm.com.ar\/noticias-villa-maria\/wp-content\/uploads\/2020\/09\/Villa-Nueva-reuni%C3%B3n-con-Jofr%C3%A9-obispo.jpg?fit=2309%2C1732&ssl=1","contentUrl":"https:\/\/i0.wp.com\/elregionalvm.com.ar\/noticias-villa-maria\/wp-content\/uploads\/2020\/09\/Villa-Nueva-reuni%C3%B3n-con-Jofr%C3%A9-obispo.jpg?fit=2309%2C1732&ssl=1","width":2309,"height":1732},{"@type":"BreadcrumbList","@id":"http:\/\/elregionalvm.com.ar\/noticias-villa-maria\/villa-nueva-funcionarios-se-reunieron-con-el-obispo-jofre\/#breadcrumb","itemListElement":[{"@type":"ListItem","position":1,"name":"Portada","item":"https:\/\/elregionalvm.com.ar\/noticias-villa-maria\/"},{"@type":"ListItem","position":2,"name":"Villa Nueva: funcionarios se reunieron con el obispo Jofr\u00e9"}]},{"@type":"WebSite","@id":"http:\/\/elregionalvm.com.ar\/noticias-villa-maria\/#website","url":"http:\/\/elregionalvm.com.ar\/noticias-villa-maria\/","name":"El Regional","description":"Mucho m\u00e1s que informaci\u00f3n","potentialAction":[{"@type":"SearchAction","target":{"@type":"EntryPoint","urlTemplate":"http:\/\/elregionalvm.com.ar\/noticias-villa-maria\/?s={search_term_string}"},"query-input":{"@type":"PropertyValueSpecification","valueRequired":true,"valueName":"search_term_string"}}],"inLanguage":"es"},{"@type":"Person","@id":"http:\/\/elregionalvm.com.ar\/noticias-villa-maria\/#\/schema\/person\/a0fb9c422317faca23d50163151bc354","name":"Contenidos El Regional","image":{"@type":"ImageObject","inLanguage":"es","@id":"http:\/\/elregionalvm.com.ar\/noticias-villa-maria\/#\/schema\/person\/image\/","url":"https:\/\/secure.gravatar.com\/avatar\/265b27cb2209af7bb3a1318f03305787d7981a5cc6e6cd08fe5a4ecdf99d4b48?s=96&d=mm&r=g","contentUrl":"https:\/\/secure.gravatar.com\/avatar\/265b27cb2209af7bb3a1318f03305787d7981a5cc6e6cd08fe5a4ecdf99d4b48?s=96&d=mm&r=g","caption":"Contenidos El Regional"},"url":"https:\/\/elregionalvm.com.ar\/noticias-villa-maria\/author\/contenido\/"}]}},"jetpack_featured_media_url":"https:\/\/i0.wp.com\/elregionalvm.com.ar\/noticias-villa-maria\/wp-content\/uploads\/2020\/09\/Villa-Nueva-reuni%C3%B3n-con-Jofr%C3%A9-obispo.jpg?fit=2309%2C1732&ssl=1","jetpack_sharing_enabled":true,"_links":{"self":[{"href":"https:\/\/elregionalvm.com.ar\/noticias-villa-maria\/wp-json\/wp\/v2\/posts\/23161","targetHints":{"allow":["GET"]}}],"collection":[{"href":"https:\/\/elregionalvm.com.ar\/noticias-villa-maria\/wp-json\/wp\/v2\/posts"}],"about":[{"href":"https:\/\/elregionalvm.com.ar\/noticias-villa-maria\/wp-json\/wp\/v2\/types\/post"}],"author":[{"embeddable":true,"href":"https:\/\/elregionalvm.com.ar\/noticias-villa-maria\/wp-json\/wp\/v2\/users\/4"}],"replies":[{"embeddable":true,"href":"https:\/\/elregionalvm.com.ar\/noticias-villa-maria\/wp-json\/wp\/v2\/comments?post=23161"}],"version-history":[{"count":1,"href":"https:\/\/elregionalvm.com.ar\/noticias-villa-maria\/wp-json\/wp\/v2\/posts\/23161\/revisions"}],"predecessor-version":[{"id":23165,"href":"https:\/\/elregionalvm.com.ar\/noticias-villa-maria\/wp-json\/wp\/v2\/posts\/23161\/revisions\/23165"}],"wp:featuredmedia":[{"embeddable":true,"href":"https:\/\/elregionalvm.com.ar\/noticias-villa-maria\/wp-json\/wp\/v2\/media\/23164"}],"wp:attachment":[{"href":"https:\/\/elregionalvm.com.ar\/noticias-villa-maria\/wp-json\/wp\/v2\/media?parent=23161"}],"wp:term":[{"taxonomy":"category","embeddable":true,"href":"https:\/\/elregionalvm.com.ar\/noticias-villa-maria\/wp-json\/wp\/v2\/categories?post=23161"},{"taxonomy":"post_tag","embeddable":true,"href":"https:\/\/elregionalvm.com.ar\/noticias-villa-maria\/wp-json\/wp\/v2\/tags?post=23161"}],"curies":[{"name":"wp","href":"https:\/\/api.w.org\/{rel}","templated":true}]}}