{"id":23173,"date":"2020-09-02T22:37:58","date_gmt":"2020-09-02T22:37:58","guid":{"rendered":"https:\/\/elregionalvm.com.ar\/noticias-villa-maria\/?p=23173"},"modified":"2020-09-02T22:37:59","modified_gmt":"2020-09-02T22:37:59","slug":"concejales-de-vamos-villa-maria-solicitan-datos-educativos-a-sachetto","status":"publish","type":"post","link":"https:\/\/elregionalvm.com.ar\/noticias-villa-maria\/concejales-de-vamos-villa-maria-solicitan-datos-educativos-a-sachetto\/","title":{"rendered":"Concejales de Vamos Villa Mar\u00eda solicitan datos educativos a Sachetto"},"content":{"rendered":"\n<p>Integrantes del Bloque Vamos Villa Mar\u00eda solicitan informes al Profesor Rafael Sachetto, actual Secretario de Educaci\u00f3n, Cultura y Promoci\u00f3n de la Ciencia de la Municipalidad de Villa Mar\u00eda sobre algunos temas en particular referidos en una nota publicada el pasado 23 de agosto de 2020,  donde se inform\u00f3 que desde marzo se desvincularon parcialmente 21 chicos y chicas y seis lo hicieron de manera total en la ciudad.<\/p>\n\n\n\n<p>A tenor de esa informaci\u00f3n, los concejales quieren conocer qu\u00e9 tipo de relevamiento se realiz\u00f3, para obtener dichos datos. Tambi\u00e9n en esa nota period\u00edstica de \u00abEl Diario\u00bb, se resalta que han mantenido reuniones con docentes y equipos directivos, y por lo tanto desean conocer qu\u00e9 porcentajes de desvinculaci\u00f3n se les ha informado de parte de cada establecimiento escolar. Y, si la Secretar\u00eda a cargo de Sachetto ha mantenido contacto con las Inspectoras de Nivel Primario y Secundario, a tenor de las desvinculaciones escolares.<\/p>\n\n\n\n<p>De paso en esa nota period\u00edstica, se indica que \u201cla Provincia es la responsable primaria de garantizar la educaci\u00f3n\u2026.y que lo ha hecho con Mi Aula Virtual, pero falta avanzar en la posibilidad de conectividad\u201d. En este sentido, luego de seis meses de iniciadas las clases, esperan que se informe si la secretar\u00eda, ha realizado gestiones o acciones , y en su caso, cuales, ante la Provincia, para que los ni\u00f1os, y ni\u00f1as que tienen problemas de conectividad, puedan tener acceso a su derecho a la educaci\u00f3n.<\/p>\n\n\n\n<p>Tambi\u00e9n se requieren datos sobre los recursos de Tecnoteca y Medioteca, para resolver el problema de la desvinculaci\u00f3n al sistema educativo de los ni\u00f1os y ni\u00f1as. Adem\u00e1s que se informe c\u00f3mo ser\u00eda el plan\/proyecto\/protocolo, etc, para la utilizaci\u00f3n de dichos recursos, atento que son espacios, adonde no pueden concurrir los ni\u00f1os\/ni\u00f1as por la situaci\u00f3n sanitaria.<\/p>\n\n\n\n<p>Todo el pedido se hace en virtud a que el Concejo Deliberante dict\u00f3 una Resoluci\u00f3n de manera un\u00e1nime, para que el DEM garantice el acceso a la conectividad a alumnos y alumnas de barrios vulnerables o perif\u00e9ricos, mientras no puedan regresar a las clases presenciales. En su caso, si se tiene previsto alguna acci\u00f3n con relaci\u00f3n a la normativa citada.<br>\u00bfQu\u00e9 tipo de abordaje y asistencia se est\u00e1 llevando a cabo, con aquellos hogares que no poseen conectividad, ello para el sostenimiento de la propuesta educativa, y el tan necesario v\u00ednculo con sus pares y docentes, y con la retroalimentaci\u00f3n que garantice la continuidad de las trayectorias escolares?<\/p>\n\n\n\n<p>Por otro lado, preguntan c\u00f3mo se ha continuado con el Programa \u201cApoyo Escolar -Terminalidad Educativa\u201d que recib\u00edan los ni\u00f1os, ni\u00f1as y adolescentes que cursan el nivel primario y secundario.<\/p>\n\n\n\n<p>Finalmente quieren saber de qu\u00e9 manera los equipos m\u00f3viles de educaci\u00f3n se encuentran trabajando en el contexto de distanciamiento social, con relaci\u00f3n a aquellos, ni\u00f1os, ni\u00f1as y adolescentes, cuyas problem\u00e1ticas de aprendizaje, eran abordadas anteriormente.<\/p>\n","protected":false},"excerpt":{"rendered":"<p>Integrantes del Bloque Vamos Villa Mar\u00eda solicitan informes al Profesor Rafael Sachetto, actual Secretario de Educaci\u00f3n, Cultura y Promoci\u00f3n de la Ciencia de la Municipalidad de Villa Mar\u00eda sobre algunos temas en particular referidos en una nota publicada el pasado 23 de agosto de 2020, donde se inform\u00f3 que desde marzo se desvincularon parcialmente 21 [&hellip;]<\/p>\n","protected":false},"author":4,"featured_media":23174,"comment_status":"open","ping_status":"open","sticky":false,"template":"","format":"standard","meta":{"site-sidebar-layout":"default","site-content-layout":"default","ast-site-content-layout":"default","site-content-style":"default","site-sidebar-style":"default","ast-global-header-display":"","ast-banner-title-visibility":"","ast-main-header-display":"","ast-hfb-above-header-display":"","ast-hfb-below-header-display":"","ast-hfb-mobile-header-display":"","site-post-title":"","ast-breadcrumbs-content":"","ast-featured-img":"","footer-sml-layout":"","ast-disable-related-posts":"","theme-transparent-header-meta":"default","adv-header-id-meta":"","stick-header-meta":"","header-above-stick-meta":"","header-main-stick-meta":"","header-below-stick-meta":"","astra-migrate-meta-layouts":"default","ast-page-background-enabled":"default","ast-page-background-meta":{"desktop":{"background-color":"","background-image":"","background-repeat":"repeat","background-position":"center center","background-size":"auto","background-attachment":"scroll","background-type":"","background-media":"","overlay-type":"","overlay-color":"","overlay-opacity":"","overlay-gradient":""},"tablet":{"background-color":"","background-image":"","background-repeat":"repeat","background-position":"center center","background-size":"auto","background-attachment":"scroll","background-type":"","background-media":"","overlay-type":"","overlay-color":"","overlay-opacity":"","overlay-gradient":""},"mobile":{"background-color":"","background-image":"","background-repeat":"repeat","background-position":"center center","background-size":"auto","background-attachment":"scroll","background-type":"","background-media":"","overlay-type":"","overlay-color":"","overlay-opacity":"","overlay-gradient":""}},"ast-content-background-meta":{"desktop":{"background-color":"var(--ast-global-color-5)","background-image":"","background-repeat":"repeat","background-position":"center center","background-size":"auto","background-attachment":"scroll","background-type":"","background-media":"","overlay-type":"","overlay-color":"","overlay-opacity":"","overlay-gradient":""},"tablet":{"background-color":"var(--ast-global-color-5)","background-image":"","background-repeat":"repeat","background-position":"center center","background-size":"auto","background-attachment":"scroll","background-type":"","background-media":"","overlay-type":"","overlay-color":"","overlay-opacity":"","overlay-gradient":""},"mobile":{"background-color":"var(--ast-global-color-5)","background-image":"","background-repeat":"repeat","background-position":"center center","background-size":"auto","background-attachment":"scroll","background-type":"","background-media":"","overlay-type":"","overlay-color":"","overlay-opacity":"","overlay-gradient":""}},"_jetpack_memberships_contains_paid_content":false,"_joinchat":[],"footnotes":""},"categories":[2],"tags":[770,3698,2157,707,3697,2930],"class_list":["post-23173","post","type-post","status-publish","format-standard","has-post-thumbnail","hentry","category-villa-maria","tag-concejales","tag-conectividad","tag-educacion","tag-pedido-de-informes","tag-rafael-sachetto","tag-vamos-villa-maria"],"yoast_head":"<!-- This site is optimized with the Yoast SEO plugin v26.8 - https:\/\/yoast.com\/product\/yoast-seo-wordpress\/ -->\n<title>Concejales de Vamos Villa Mar\u00eda solicitan datos educativos a Sachetto - El Regional<\/title>\n<meta name=\"robots\" content=\"index, follow, max-snippet:-1, max-image-preview:large, max-video-preview:-1\" \/>\n<link rel=\"canonical\" href=\"http:\/\/elregionalvm.com.ar\/noticias-villa-maria\/concejales-de-vamos-villa-maria-solicitan-datos-educativos-a-sachetto\/\" \/>\n<meta property=\"og:locale\" content=\"es_ES\" \/>\n<meta property=\"og:type\" content=\"article\" \/>\n<meta property=\"og:title\" content=\"Concejales de Vamos Villa Mar\u00eda solicitan datos educativos a Sachetto - El Regional\" \/>\n<meta property=\"og:description\" content=\"Integrantes del Bloque Vamos Villa Mar\u00eda solicitan informes al Profesor Rafael Sachetto, actual Secretario de Educaci\u00f3n, Cultura y Promoci\u00f3n de la Ciencia de la Municipalidad de Villa Mar\u00eda sobre algunos temas en particular referidos en una nota publicada el pasado 23 de agosto de 2020, donde se inform\u00f3 que desde marzo se desvincularon parcialmente 21 [&hellip;]\" \/>\n<meta property=\"og:url\" content=\"http:\/\/elregionalvm.com.ar\/noticias-villa-maria\/concejales-de-vamos-villa-maria-solicitan-datos-educativos-a-sachetto\/\" \/>\n<meta property=\"og:site_name\" content=\"El Regional\" \/>\n<meta property=\"article:publisher\" content=\"https:\/\/www.facebook.com\/elregionalvm\" \/>\n<meta property=\"article:published_time\" content=\"2020-09-02T22:37:58+00:00\" \/>\n<meta property=\"article:modified_time\" content=\"2020-09-02T22:37:59+00:00\" \/>\n<meta property=\"og:image\" content=\"http:\/\/elregionalvm.com.ar\/noticias-villa-maria\/wp-content\/uploads\/2020\/09\/escolaridad-virtual.jpg\" \/>\n\t<meta property=\"og:image:width\" content=\"512\" \/>\n\t<meta property=\"og:image:height\" content=\"288\" \/>\n\t<meta property=\"og:image:type\" content=\"image\/jpeg\" \/>\n<meta name=\"author\" content=\"Contenidos El Regional\" \/>\n<meta name=\"twitter:card\" content=\"summary_large_image\" \/>\n<meta name=\"twitter:creator\" content=\"@elregionalvm1\" \/>\n<meta name=\"twitter:site\" content=\"@elregionalvm1\" \/>\n<meta name=\"twitter:label1\" content=\"Escrito por\" \/>\n\t<meta name=\"twitter:data1\" content=\"Contenidos El Regional\" \/>\n\t<meta name=\"twitter:label2\" content=\"Tiempo de lectura\" \/>\n\t<meta name=\"twitter:data2\" content=\"3 minutos\" \/>\n<script type=\"application\/ld+json\" class=\"yoast-schema-graph\">{\"@context\":\"https:\/\/schema.org\",\"@graph\":[{\"@type\":\"Article\",\"@id\":\"http:\/\/elregionalvm.com.ar\/noticias-villa-maria\/concejales-de-vamos-villa-maria-solicitan-datos-educativos-a-sachetto\/#article\",\"isPartOf\":{\"@id\":\"http:\/\/elregionalvm.com.ar\/noticias-villa-maria\/concejales-de-vamos-villa-maria-solicitan-datos-educativos-a-sachetto\/\"},\"author\":{\"name\":\"Contenidos El Regional\",\"@id\":\"http:\/\/elregionalvm.com.ar\/noticias-villa-maria\/#\/schema\/person\/a0fb9c422317faca23d50163151bc354\"},\"headline\":\"Concejales de Vamos Villa Mar\u00eda solicitan datos educativos a Sachetto\",\"datePublished\":\"2020-09-02T22:37:58+00:00\",\"dateModified\":\"2020-09-02T22:37:59+00:00\",\"mainEntityOfPage\":{\"@id\":\"http:\/\/elregionalvm.com.ar\/noticias-villa-maria\/concejales-de-vamos-villa-maria-solicitan-datos-educativos-a-sachetto\/\"},\"wordCount\":519,\"commentCount\":0,\"image\":{\"@id\":\"http:\/\/elregionalvm.com.ar\/noticias-villa-maria\/concejales-de-vamos-villa-maria-solicitan-datos-educativos-a-sachetto\/#primaryimage\"},\"thumbnailUrl\":\"https:\/\/i0.wp.com\/elregionalvm.com.ar\/noticias-villa-maria\/wp-content\/uploads\/2020\/09\/escolaridad-virtual.jpg?fit=512%2C288&ssl=1\",\"keywords\":[\"Concejales\",\"conectividad\",\"Educaci\u00f3n\",\"Pedido de informes\",\"Rafael Sachetto\",\"Vamos Villa Mar\u00eda\"],\"articleSection\":[\"Villa Mar\u00eda\"],\"inLanguage\":\"es\",\"potentialAction\":[{\"@type\":\"CommentAction\",\"name\":\"Comment\",\"target\":[\"http:\/\/elregionalvm.com.ar\/noticias-villa-maria\/concejales-de-vamos-villa-maria-solicitan-datos-educativos-a-sachetto\/#respond\"]}]},{\"@type\":\"WebPage\",\"@id\":\"http:\/\/elregionalvm.com.ar\/noticias-villa-maria\/concejales-de-vamos-villa-maria-solicitan-datos-educativos-a-sachetto\/\",\"url\":\"http:\/\/elregionalvm.com.ar\/noticias-villa-maria\/concejales-de-vamos-villa-maria-solicitan-datos-educativos-a-sachetto\/\",\"name\":\"Concejales de Vamos Villa Mar\u00eda solicitan datos educativos a Sachetto - El Regional\",\"isPartOf\":{\"@id\":\"http:\/\/elregionalvm.com.ar\/noticias-villa-maria\/#website\"},\"primaryImageOfPage\":{\"@id\":\"http:\/\/elregionalvm.com.ar\/noticias-villa-maria\/concejales-de-vamos-villa-maria-solicitan-datos-educativos-a-sachetto\/#primaryimage\"},\"image\":{\"@id\":\"http:\/\/elregionalvm.com.ar\/noticias-villa-maria\/concejales-de-vamos-villa-maria-solicitan-datos-educativos-a-sachetto\/#primaryimage\"},\"thumbnailUrl\":\"https:\/\/i0.wp.com\/elregionalvm.com.ar\/noticias-villa-maria\/wp-content\/uploads\/2020\/09\/escolaridad-virtual.jpg?fit=512%2C288&ssl=1\",\"datePublished\":\"2020-09-02T22:37:58+00:00\",\"dateModified\":\"2020-09-02T22:37:59+00:00\",\"author\":{\"@id\":\"http:\/\/elregionalvm.com.ar\/noticias-villa-maria\/#\/schema\/person\/a0fb9c422317faca23d50163151bc354\"},\"breadcrumb\":{\"@id\":\"http:\/\/elregionalvm.com.ar\/noticias-villa-maria\/concejales-de-vamos-villa-maria-solicitan-datos-educativos-a-sachetto\/#breadcrumb\"},\"inLanguage\":\"es\",\"potentialAction\":[{\"@type\":\"ReadAction\",\"target\":[\"http:\/\/elregionalvm.com.ar\/noticias-villa-maria\/concejales-de-vamos-villa-maria-solicitan-datos-educativos-a-sachetto\/\"]}]},{\"@type\":\"ImageObject\",\"inLanguage\":\"es\",\"@id\":\"http:\/\/elregionalvm.com.ar\/noticias-villa-maria\/concejales-de-vamos-villa-maria-solicitan-datos-educativos-a-sachetto\/#primaryimage\",\"url\":\"https:\/\/i0.wp.com\/elregionalvm.com.ar\/noticias-villa-maria\/wp-content\/uploads\/2020\/09\/escolaridad-virtual.jpg?fit=512%2C288&ssl=1\",\"contentUrl\":\"https:\/\/i0.wp.com\/elregionalvm.com.ar\/noticias-villa-maria\/wp-content\/uploads\/2020\/09\/escolaridad-virtual.jpg?fit=512%2C288&ssl=1\",\"width\":512,\"height\":288},{\"@type\":\"BreadcrumbList\",\"@id\":\"http:\/\/elregionalvm.com.ar\/noticias-villa-maria\/concejales-de-vamos-villa-maria-solicitan-datos-educativos-a-sachetto\/#breadcrumb\",\"itemListElement\":[{\"@type\":\"ListItem\",\"position\":1,\"name\":\"Portada\",\"item\":\"https:\/\/elregionalvm.com.ar\/noticias-villa-maria\/\"},{\"@type\":\"ListItem\",\"position\":2,\"name\":\"Concejales de Vamos Villa Mar\u00eda solicitan datos educativos a Sachetto\"}]},{\"@type\":\"WebSite\",\"@id\":\"http:\/\/elregionalvm.com.ar\/noticias-villa-maria\/#website\",\"url\":\"http:\/\/elregionalvm.com.ar\/noticias-villa-maria\/\",\"name\":\"El Regional\",\"description\":\"Mucho m\u00e1s que informaci\u00f3n\",\"potentialAction\":[{\"@type\":\"SearchAction\",\"target\":{\"@type\":\"EntryPoint\",\"urlTemplate\":\"http:\/\/elregionalvm.com.ar\/noticias-villa-maria\/?s={search_term_string}\"},\"query-input\":{\"@type\":\"PropertyValueSpecification\",\"valueRequired\":true,\"valueName\":\"search_term_string\"}}],\"inLanguage\":\"es\"},{\"@type\":\"Person\",\"@id\":\"http:\/\/elregionalvm.com.ar\/noticias-villa-maria\/#\/schema\/person\/a0fb9c422317faca23d50163151bc354\",\"name\":\"Contenidos El Regional\",\"image\":{\"@type\":\"ImageObject\",\"inLanguage\":\"es\",\"@id\":\"http:\/\/elregionalvm.com.ar\/noticias-villa-maria\/#\/schema\/person\/image\/\",\"url\":\"https:\/\/secure.gravatar.com\/avatar\/265b27cb2209af7bb3a1318f03305787d7981a5cc6e6cd08fe5a4ecdf99d4b48?s=96&d=mm&r=g\",\"contentUrl\":\"https:\/\/secure.gravatar.com\/avatar\/265b27cb2209af7bb3a1318f03305787d7981a5cc6e6cd08fe5a4ecdf99d4b48?s=96&d=mm&r=g\",\"caption\":\"Contenidos El Regional\"},\"url\":\"https:\/\/elregionalvm.com.ar\/noticias-villa-maria\/author\/contenido\/\"}]}<\/script>\n<!-- \/ Yoast SEO plugin. -->","yoast_head_json":{"title":"Concejales de Vamos Villa Mar\u00eda solicitan datos educativos a Sachetto - El Regional","robots":{"index":"index","follow":"follow","max-snippet":"max-snippet:-1","max-image-preview":"max-image-preview:large","max-video-preview":"max-video-preview:-1"},"canonical":"http:\/\/elregionalvm.com.ar\/noticias-villa-maria\/concejales-de-vamos-villa-maria-solicitan-datos-educativos-a-sachetto\/","og_locale":"es_ES","og_type":"article","og_title":"Concejales de Vamos Villa Mar\u00eda solicitan datos educativos a Sachetto - El Regional","og_description":"Integrantes del Bloque Vamos Villa Mar\u00eda solicitan informes al Profesor Rafael Sachetto, actual Secretario de Educaci\u00f3n, Cultura y Promoci\u00f3n de la Ciencia de la Municipalidad de Villa Mar\u00eda sobre algunos temas en particular referidos en una nota publicada el pasado 23 de agosto de 2020, donde se inform\u00f3 que desde marzo se desvincularon parcialmente 21 [&hellip;]","og_url":"http:\/\/elregionalvm.com.ar\/noticias-villa-maria\/concejales-de-vamos-villa-maria-solicitan-datos-educativos-a-sachetto\/","og_site_name":"El Regional","article_publisher":"https:\/\/www.facebook.com\/elregionalvm","article_published_time":"2020-09-02T22:37:58+00:00","article_modified_time":"2020-09-02T22:37:59+00:00","og_image":[{"width":512,"height":288,"url":"http:\/\/elregionalvm.com.ar\/noticias-villa-maria\/wp-content\/uploads\/2020\/09\/escolaridad-virtual.jpg","type":"image\/jpeg"}],"author":"Contenidos El Regional","twitter_card":"summary_large_image","twitter_creator":"@elregionalvm1","twitter_site":"@elregionalvm1","twitter_misc":{"Escrito por":"Contenidos El Regional","Tiempo de lectura":"3 minutos"},"schema":{"@context":"https:\/\/schema.org","@graph":[{"@type":"Article","@id":"http:\/\/elregionalvm.com.ar\/noticias-villa-maria\/concejales-de-vamos-villa-maria-solicitan-datos-educativos-a-sachetto\/#article","isPartOf":{"@id":"http:\/\/elregionalvm.com.ar\/noticias-villa-maria\/concejales-de-vamos-villa-maria-solicitan-datos-educativos-a-sachetto\/"},"author":{"name":"Contenidos El Regional","@id":"http:\/\/elregionalvm.com.ar\/noticias-villa-maria\/#\/schema\/person\/a0fb9c422317faca23d50163151bc354"},"headline":"Concejales de Vamos Villa Mar\u00eda solicitan datos educativos a Sachetto","datePublished":"2020-09-02T22:37:58+00:00","dateModified":"2020-09-02T22:37:59+00:00","mainEntityOfPage":{"@id":"http:\/\/elregionalvm.com.ar\/noticias-villa-maria\/concejales-de-vamos-villa-maria-solicitan-datos-educativos-a-sachetto\/"},"wordCount":519,"commentCount":0,"image":{"@id":"http:\/\/elregionalvm.com.ar\/noticias-villa-maria\/concejales-de-vamos-villa-maria-solicitan-datos-educativos-a-sachetto\/#primaryimage"},"thumbnailUrl":"https:\/\/i0.wp.com\/elregionalvm.com.ar\/noticias-villa-maria\/wp-content\/uploads\/2020\/09\/escolaridad-virtual.jpg?fit=512%2C288&ssl=1","keywords":["Concejales","conectividad","Educaci\u00f3n","Pedido de informes","Rafael Sachetto","Vamos Villa Mar\u00eda"],"articleSection":["Villa Mar\u00eda"],"inLanguage":"es","potentialAction":[{"@type":"CommentAction","name":"Comment","target":["http:\/\/elregionalvm.com.ar\/noticias-villa-maria\/concejales-de-vamos-villa-maria-solicitan-datos-educativos-a-sachetto\/#respond"]}]},{"@type":"WebPage","@id":"http:\/\/elregionalvm.com.ar\/noticias-villa-maria\/concejales-de-vamos-villa-maria-solicitan-datos-educativos-a-sachetto\/","url":"http:\/\/elregionalvm.com.ar\/noticias-villa-maria\/concejales-de-vamos-villa-maria-solicitan-datos-educativos-a-sachetto\/","name":"Concejales de Vamos Villa Mar\u00eda solicitan datos educativos a Sachetto - El Regional","isPartOf":{"@id":"http:\/\/elregionalvm.com.ar\/noticias-villa-maria\/#website"},"primaryImageOfPage":{"@id":"http:\/\/elregionalvm.com.ar\/noticias-villa-maria\/concejales-de-vamos-villa-maria-solicitan-datos-educativos-a-sachetto\/#primaryimage"},"image":{"@id":"http:\/\/elregionalvm.com.ar\/noticias-villa-maria\/concejales-de-vamos-villa-maria-solicitan-datos-educativos-a-sachetto\/#primaryimage"},"thumbnailUrl":"https:\/\/i0.wp.com\/elregionalvm.com.ar\/noticias-villa-maria\/wp-content\/uploads\/2020\/09\/escolaridad-virtual.jpg?fit=512%2C288&ssl=1","datePublished":"2020-09-02T22:37:58+00:00","dateModified":"2020-09-02T22:37:59+00:00","author":{"@id":"http:\/\/elregionalvm.com.ar\/noticias-villa-maria\/#\/schema\/person\/a0fb9c422317faca23d50163151bc354"},"breadcrumb":{"@id":"http:\/\/elregionalvm.com.ar\/noticias-villa-maria\/concejales-de-vamos-villa-maria-solicitan-datos-educativos-a-sachetto\/#breadcrumb"},"inLanguage":"es","potentialAction":[{"@type":"ReadAction","target":["http:\/\/elregionalvm.com.ar\/noticias-villa-maria\/concejales-de-vamos-villa-maria-solicitan-datos-educativos-a-sachetto\/"]}]},{"@type":"ImageObject","inLanguage":"es","@id":"http:\/\/elregionalvm.com.ar\/noticias-villa-maria\/concejales-de-vamos-villa-maria-solicitan-datos-educativos-a-sachetto\/#primaryimage","url":"https:\/\/i0.wp.com\/elregionalvm.com.ar\/noticias-villa-maria\/wp-content\/uploads\/2020\/09\/escolaridad-virtual.jpg?fit=512%2C288&ssl=1","contentUrl":"https:\/\/i0.wp.com\/elregionalvm.com.ar\/noticias-villa-maria\/wp-content\/uploads\/2020\/09\/escolaridad-virtual.jpg?fit=512%2C288&ssl=1","width":512,"height":288},{"@type":"BreadcrumbList","@id":"http:\/\/elregionalvm.com.ar\/noticias-villa-maria\/concejales-de-vamos-villa-maria-solicitan-datos-educativos-a-sachetto\/#breadcrumb","itemListElement":[{"@type":"ListItem","position":1,"name":"Portada","item":"https:\/\/elregionalvm.com.ar\/noticias-villa-maria\/"},{"@type":"ListItem","position":2,"name":"Concejales de Vamos Villa Mar\u00eda solicitan datos educativos a Sachetto"}]},{"@type":"WebSite","@id":"http:\/\/elregionalvm.com.ar\/noticias-villa-maria\/#website","url":"http:\/\/elregionalvm.com.ar\/noticias-villa-maria\/","name":"El Regional","description":"Mucho m\u00e1s que informaci\u00f3n","potentialAction":[{"@type":"SearchAction","target":{"@type":"EntryPoint","urlTemplate":"http:\/\/elregionalvm.com.ar\/noticias-villa-maria\/?s={search_term_string}"},"query-input":{"@type":"PropertyValueSpecification","valueRequired":true,"valueName":"search_term_string"}}],"inLanguage":"es"},{"@type":"Person","@id":"http:\/\/elregionalvm.com.ar\/noticias-villa-maria\/#\/schema\/person\/a0fb9c422317faca23d50163151bc354","name":"Contenidos El Regional","image":{"@type":"ImageObject","inLanguage":"es","@id":"http:\/\/elregionalvm.com.ar\/noticias-villa-maria\/#\/schema\/person\/image\/","url":"https:\/\/secure.gravatar.com\/avatar\/265b27cb2209af7bb3a1318f03305787d7981a5cc6e6cd08fe5a4ecdf99d4b48?s=96&d=mm&r=g","contentUrl":"https:\/\/secure.gravatar.com\/avatar\/265b27cb2209af7bb3a1318f03305787d7981a5cc6e6cd08fe5a4ecdf99d4b48?s=96&d=mm&r=g","caption":"Contenidos El Regional"},"url":"https:\/\/elregionalvm.com.ar\/noticias-villa-maria\/author\/contenido\/"}]}},"jetpack_featured_media_url":"https:\/\/i0.wp.com\/elregionalvm.com.ar\/noticias-villa-maria\/wp-content\/uploads\/2020\/09\/escolaridad-virtual.jpg?fit=512%2C288&ssl=1","jetpack_sharing_enabled":true,"_links":{"self":[{"href":"https:\/\/elregionalvm.com.ar\/noticias-villa-maria\/wp-json\/wp\/v2\/posts\/23173","targetHints":{"allow":["GET"]}}],"collection":[{"href":"https:\/\/elregionalvm.com.ar\/noticias-villa-maria\/wp-json\/wp\/v2\/posts"}],"about":[{"href":"https:\/\/elregionalvm.com.ar\/noticias-villa-maria\/wp-json\/wp\/v2\/types\/post"}],"author":[{"embeddable":true,"href":"https:\/\/elregionalvm.com.ar\/noticias-villa-maria\/wp-json\/wp\/v2\/users\/4"}],"replies":[{"embeddable":true,"href":"https:\/\/elregionalvm.com.ar\/noticias-villa-maria\/wp-json\/wp\/v2\/comments?post=23173"}],"version-history":[{"count":1,"href":"https:\/\/elregionalvm.com.ar\/noticias-villa-maria\/wp-json\/wp\/v2\/posts\/23173\/revisions"}],"predecessor-version":[{"id":23175,"href":"https:\/\/elregionalvm.com.ar\/noticias-villa-maria\/wp-json\/wp\/v2\/posts\/23173\/revisions\/23175"}],"wp:featuredmedia":[{"embeddable":true,"href":"https:\/\/elregionalvm.com.ar\/noticias-villa-maria\/wp-json\/wp\/v2\/media\/23174"}],"wp:attachment":[{"href":"https:\/\/elregionalvm.com.ar\/noticias-villa-maria\/wp-json\/wp\/v2\/media?parent=23173"}],"wp:term":[{"taxonomy":"category","embeddable":true,"href":"https:\/\/elregionalvm.com.ar\/noticias-villa-maria\/wp-json\/wp\/v2\/categories?post=23173"},{"taxonomy":"post_tag","embeddable":true,"href":"https:\/\/elregionalvm.com.ar\/noticias-villa-maria\/wp-json\/wp\/v2\/tags?post=23173"}],"curies":[{"name":"wp","href":"https:\/\/api.w.org\/{rel}","templated":true}]}}