{"id":23176,"date":"2020-09-02T22:51:21","date_gmt":"2020-09-02T22:51:21","guid":{"rendered":"https:\/\/elregionalvm.com.ar\/noticias-villa-maria\/?p=23176"},"modified":"2020-09-02T22:51:22","modified_gmt":"2020-09-02T22:51:22","slug":"concientizan-a-vecinos-sobre-la-separacion-de-residuos","status":"publish","type":"post","link":"https:\/\/elregionalvm.com.ar\/noticias-villa-maria\/concientizan-a-vecinos-sobre-la-separacion-de-residuos\/","title":{"rendered":"Concientizan a vecinos sobre la separaci\u00f3n de residuos"},"content":{"rendered":"\n<p>A partir de esta semana, el municipio, a trav\u00e9s de la Subsecretar\u00eda de Ambiente, inici\u00f3 una campa\u00f1a para sensibilizar y acrecentar la concientizaci\u00f3n sobre la separaci\u00f3n domiciliaria de residuos, reforzando as\u00ed el uso del servicio.<\/p>\n\n\n\n<p>Desde esta semana, personal del \u00e1rea de Ambiente, con la colaboraci\u00f3n de trabajadoras de las cooperativas 7 de Febrero y Patrulla Ambiental, se encuentran recorriendo los sectores para profundizar y promover la separaci\u00f3n de materiales como papel, cart\u00f3n, metal, pl\u00e1sticos, vidrios, entre otros.<\/p>\n\n\n\n<p>La campa\u00f1a, que se seguir\u00e1 desarrollando en el resto de los barrios en los pr\u00f3ximos d\u00edas, inici\u00f3 en barrio Lamadrid, y hace hincapi\u00e9 en que los vecinos y vecinas, lleven adelante la separaci\u00f3n en origen, volvi\u00e9ndose as\u00ed actores fundamentales para que los residuos puedan entrar en la cadena de reciclado.<\/p>\n\n\n\n<p>De esta manera, los barrios en los que continuar\u00e1 la campa\u00f1a son Ameghino, Santa Ana, Rivadavia, San Justo, Sarmiento, Parque Norte, Trinitarios, Almirante Brown, Ram\u00f3n Carrillo, Carlos Pellegrini, Centro, G\u00fcemes, General Paz, Palermo, Mariano Moreno y Vista Verde.<\/p>\n\n\n\n<p>Con esta acci\u00f3n se avanza en la gesti\u00f3n integral de la separaci\u00f3n de residuos s\u00f3lidos que comienza en el lugar donde se generan y consiste en discriminar cualquier objeto o material inorg\u00e1nico reutilizable resultante del consumo, para pasar as\u00ed al circuito productivo generando alternativas en su posterior aprovechamiento.<\/p>\n\n\n\n<p>Cabe destacar que, recientemente, el municipio potenci\u00f3 el servicio de recolecci\u00f3n diferenciada, en un trabajo conjunto con la empresa prestataria Cotreco y con la Cooperativa 7 de Febrero. En ese marco, se asignaron camiones para este tipo de desechos, debidamente identificados con una gr\u00e1fica informativa.<\/p>\n\n\n\n<p>De acuerdo a los datos con que cuenta el municipio, los vecinos y vecinas de la ciudad incrementaron la separaci\u00f3n en origen en un 20 por ciento respecto a 2019.<\/p>\n","protected":false},"excerpt":{"rendered":"<p>A partir de esta semana, el municipio, a trav\u00e9s de la Subsecretar\u00eda de Ambiente, inici\u00f3 una campa\u00f1a para sensibilizar y acrecentar la concientizaci\u00f3n sobre la separaci\u00f3n domiciliaria de residuos, reforzando as\u00ed el uso del servicio. Desde esta semana, personal del \u00e1rea de Ambiente, con la colaboraci\u00f3n de trabajadoras de las cooperativas 7 de Febrero y [&hellip;]<\/p>\n","protected":false},"author":4,"featured_media":23179,"comment_status":"open","ping_status":"open","sticky":false,"template":"","format":"standard","meta":{"site-sidebar-layout":"default","site-content-layout":"default","ast-site-content-layout":"default","site-content-style":"default","site-sidebar-style":"default","ast-global-header-display":"","ast-banner-title-visibility":"","ast-main-header-display":"","ast-hfb-above-header-display":"","ast-hfb-below-header-display":"","ast-hfb-mobile-header-display":"","site-post-title":"","ast-breadcrumbs-content":"","ast-featured-img":"","footer-sml-layout":"","ast-disable-related-posts":"","theme-transparent-header-meta":"default","adv-header-id-meta":"","stick-header-meta":"","header-above-stick-meta":"","header-main-stick-meta":"","header-below-stick-meta":"","astra-migrate-meta-layouts":"default","ast-page-background-enabled":"default","ast-page-background-meta":{"desktop":{"background-color":"","background-image":"","background-repeat":"repeat","background-position":"center center","background-size":"auto","background-attachment":"scroll","background-type":"","background-media":"","overlay-type":"","overlay-color":"","overlay-opacity":"","overlay-gradient":""},"tablet":{"background-color":"","background-image":"","background-repeat":"repeat","background-position":"center center","background-size":"auto","background-attachment":"scroll","background-type":"","background-media":"","overlay-type":"","overlay-color":"","overlay-opacity":"","overlay-gradient":""},"mobile":{"background-color":"","background-image":"","background-repeat":"repeat","background-position":"center center","background-size":"auto","background-attachment":"scroll","background-type":"","background-media":"","overlay-type":"","overlay-color":"","overlay-opacity":"","overlay-gradient":""}},"ast-content-background-meta":{"desktop":{"background-color":"var(--ast-global-color-5)","background-image":"","background-repeat":"repeat","background-position":"center center","background-size":"auto","background-attachment":"scroll","background-type":"","background-media":"","overlay-type":"","overlay-color":"","overlay-opacity":"","overlay-gradient":""},"tablet":{"background-color":"var(--ast-global-color-5)","background-image":"","background-repeat":"repeat","background-position":"center center","background-size":"auto","background-attachment":"scroll","background-type":"","background-media":"","overlay-type":"","overlay-color":"","overlay-opacity":"","overlay-gradient":""},"mobile":{"background-color":"var(--ast-global-color-5)","background-image":"","background-repeat":"repeat","background-position":"center center","background-size":"auto","background-attachment":"scroll","background-type":"","background-media":"","overlay-type":"","overlay-color":"","overlay-opacity":"","overlay-gradient":""}},"_jetpack_memberships_contains_paid_content":false,"_joinchat":[],"footnotes":""},"categories":[2],"tags":[3702,3701,3700,3699],"class_list":["post-23176","post","type-post","status-publish","format-standard","has-post-thumbnail","hentry","category-villa-maria","tag-campana-concientizacion","tag-inorganicos","tag-organicos","tag-separacion-residuos"],"yoast_head":"<!-- This site is optimized with the Yoast SEO plugin v26.8 - https:\/\/yoast.com\/product\/yoast-seo-wordpress\/ -->\n<title>Concientizan a vecinos sobre la separaci\u00f3n de residuos - El Regional<\/title>\n<meta name=\"robots\" content=\"index, follow, max-snippet:-1, max-image-preview:large, max-video-preview:-1\" \/>\n<link rel=\"canonical\" href=\"http:\/\/elregionalvm.com.ar\/noticias-villa-maria\/concientizan-a-vecinos-sobre-la-separacion-de-residuos\/\" \/>\n<meta property=\"og:locale\" content=\"es_ES\" \/>\n<meta property=\"og:type\" content=\"article\" \/>\n<meta property=\"og:title\" content=\"Concientizan a vecinos sobre la separaci\u00f3n de residuos - El Regional\" \/>\n<meta property=\"og:description\" content=\"A partir de esta semana, el municipio, a trav\u00e9s de la Subsecretar\u00eda de Ambiente, inici\u00f3 una campa\u00f1a para sensibilizar y acrecentar la concientizaci\u00f3n sobre la separaci\u00f3n domiciliaria de residuos, reforzando as\u00ed el uso del servicio. Desde esta semana, personal del \u00e1rea de Ambiente, con la colaboraci\u00f3n de trabajadoras de las cooperativas 7 de Febrero y [&hellip;]\" \/>\n<meta property=\"og:url\" content=\"http:\/\/elregionalvm.com.ar\/noticias-villa-maria\/concientizan-a-vecinos-sobre-la-separacion-de-residuos\/\" \/>\n<meta property=\"og:site_name\" content=\"El Regional\" \/>\n<meta property=\"article:publisher\" content=\"https:\/\/www.facebook.com\/elregionalvm\" \/>\n<meta property=\"article:published_time\" content=\"2020-09-02T22:51:21+00:00\" \/>\n<meta property=\"article:modified_time\" content=\"2020-09-02T22:51:22+00:00\" \/>\n<meta property=\"og:image\" content=\"http:\/\/elregionalvm.com.ar\/noticias-villa-maria\/wp-content\/uploads\/2020\/09\/residuos-separados.jpg\" \/>\n\t<meta property=\"og:image:width\" content=\"1023\" \/>\n\t<meta property=\"og:image:height\" content=\"630\" \/>\n\t<meta property=\"og:image:type\" content=\"image\/jpeg\" \/>\n<meta name=\"author\" content=\"Contenidos El Regional\" \/>\n<meta name=\"twitter:card\" content=\"summary_large_image\" \/>\n<meta name=\"twitter:creator\" content=\"@elregionalvm1\" \/>\n<meta name=\"twitter:site\" content=\"@elregionalvm1\" \/>\n<meta name=\"twitter:label1\" content=\"Escrito por\" \/>\n\t<meta name=\"twitter:data1\" content=\"Contenidos El Regional\" \/>\n\t<meta name=\"twitter:label2\" content=\"Tiempo de lectura\" \/>\n\t<meta name=\"twitter:data2\" content=\"2 minutos\" \/>\n<script type=\"application\/ld+json\" class=\"yoast-schema-graph\">{\"@context\":\"https:\/\/schema.org\",\"@graph\":[{\"@type\":\"Article\",\"@id\":\"http:\/\/elregionalvm.com.ar\/noticias-villa-maria\/concientizan-a-vecinos-sobre-la-separacion-de-residuos\/#article\",\"isPartOf\":{\"@id\":\"http:\/\/elregionalvm.com.ar\/noticias-villa-maria\/concientizan-a-vecinos-sobre-la-separacion-de-residuos\/\"},\"author\":{\"name\":\"Contenidos El Regional\",\"@id\":\"http:\/\/elregionalvm.com.ar\/noticias-villa-maria\/#\/schema\/person\/a0fb9c422317faca23d50163151bc354\"},\"headline\":\"Concientizan a vecinos sobre la separaci\u00f3n de residuos\",\"datePublished\":\"2020-09-02T22:51:21+00:00\",\"dateModified\":\"2020-09-02T22:51:22+00:00\",\"mainEntityOfPage\":{\"@id\":\"http:\/\/elregionalvm.com.ar\/noticias-villa-maria\/concientizan-a-vecinos-sobre-la-separacion-de-residuos\/\"},\"wordCount\":319,\"commentCount\":0,\"image\":{\"@id\":\"http:\/\/elregionalvm.com.ar\/noticias-villa-maria\/concientizan-a-vecinos-sobre-la-separacion-de-residuos\/#primaryimage\"},\"thumbnailUrl\":\"https:\/\/i0.wp.com\/elregionalvm.com.ar\/noticias-villa-maria\/wp-content\/uploads\/2020\/09\/residuos-separados.jpg?fit=1023%2C630&ssl=1\",\"keywords\":[\"campa\u00f1a concientizaci\u00f3n\",\"inorg\u00e1nicos\",\"org\u00e1nicos\",\"separaci\u00f3n residuos\"],\"articleSection\":[\"Villa Mar\u00eda\"],\"inLanguage\":\"es\",\"potentialAction\":[{\"@type\":\"CommentAction\",\"name\":\"Comment\",\"target\":[\"http:\/\/elregionalvm.com.ar\/noticias-villa-maria\/concientizan-a-vecinos-sobre-la-separacion-de-residuos\/#respond\"]}]},{\"@type\":\"WebPage\",\"@id\":\"http:\/\/elregionalvm.com.ar\/noticias-villa-maria\/concientizan-a-vecinos-sobre-la-separacion-de-residuos\/\",\"url\":\"http:\/\/elregionalvm.com.ar\/noticias-villa-maria\/concientizan-a-vecinos-sobre-la-separacion-de-residuos\/\",\"name\":\"Concientizan a vecinos sobre la separaci\u00f3n de residuos - El Regional\",\"isPartOf\":{\"@id\":\"http:\/\/elregionalvm.com.ar\/noticias-villa-maria\/#website\"},\"primaryImageOfPage\":{\"@id\":\"http:\/\/elregionalvm.com.ar\/noticias-villa-maria\/concientizan-a-vecinos-sobre-la-separacion-de-residuos\/#primaryimage\"},\"image\":{\"@id\":\"http:\/\/elregionalvm.com.ar\/noticias-villa-maria\/concientizan-a-vecinos-sobre-la-separacion-de-residuos\/#primaryimage\"},\"thumbnailUrl\":\"https:\/\/i0.wp.com\/elregionalvm.com.ar\/noticias-villa-maria\/wp-content\/uploads\/2020\/09\/residuos-separados.jpg?fit=1023%2C630&ssl=1\",\"datePublished\":\"2020-09-02T22:51:21+00:00\",\"dateModified\":\"2020-09-02T22:51:22+00:00\",\"author\":{\"@id\":\"http:\/\/elregionalvm.com.ar\/noticias-villa-maria\/#\/schema\/person\/a0fb9c422317faca23d50163151bc354\"},\"breadcrumb\":{\"@id\":\"http:\/\/elregionalvm.com.ar\/noticias-villa-maria\/concientizan-a-vecinos-sobre-la-separacion-de-residuos\/#breadcrumb\"},\"inLanguage\":\"es\",\"potentialAction\":[{\"@type\":\"ReadAction\",\"target\":[\"http:\/\/elregionalvm.com.ar\/noticias-villa-maria\/concientizan-a-vecinos-sobre-la-separacion-de-residuos\/\"]}]},{\"@type\":\"ImageObject\",\"inLanguage\":\"es\",\"@id\":\"http:\/\/elregionalvm.com.ar\/noticias-villa-maria\/concientizan-a-vecinos-sobre-la-separacion-de-residuos\/#primaryimage\",\"url\":\"https:\/\/i0.wp.com\/elregionalvm.com.ar\/noticias-villa-maria\/wp-content\/uploads\/2020\/09\/residuos-separados.jpg?fit=1023%2C630&ssl=1\",\"contentUrl\":\"https:\/\/i0.wp.com\/elregionalvm.com.ar\/noticias-villa-maria\/wp-content\/uploads\/2020\/09\/residuos-separados.jpg?fit=1023%2C630&ssl=1\",\"width\":1023,\"height\":630},{\"@type\":\"BreadcrumbList\",\"@id\":\"http:\/\/elregionalvm.com.ar\/noticias-villa-maria\/concientizan-a-vecinos-sobre-la-separacion-de-residuos\/#breadcrumb\",\"itemListElement\":[{\"@type\":\"ListItem\",\"position\":1,\"name\":\"Portada\",\"item\":\"https:\/\/elregionalvm.com.ar\/noticias-villa-maria\/\"},{\"@type\":\"ListItem\",\"position\":2,\"name\":\"Concientizan a vecinos sobre la separaci\u00f3n de residuos\"}]},{\"@type\":\"WebSite\",\"@id\":\"http:\/\/elregionalvm.com.ar\/noticias-villa-maria\/#website\",\"url\":\"http:\/\/elregionalvm.com.ar\/noticias-villa-maria\/\",\"name\":\"El Regional\",\"description\":\"Mucho m\u00e1s que informaci\u00f3n\",\"potentialAction\":[{\"@type\":\"SearchAction\",\"target\":{\"@type\":\"EntryPoint\",\"urlTemplate\":\"http:\/\/elregionalvm.com.ar\/noticias-villa-maria\/?s={search_term_string}\"},\"query-input\":{\"@type\":\"PropertyValueSpecification\",\"valueRequired\":true,\"valueName\":\"search_term_string\"}}],\"inLanguage\":\"es\"},{\"@type\":\"Person\",\"@id\":\"http:\/\/elregionalvm.com.ar\/noticias-villa-maria\/#\/schema\/person\/a0fb9c422317faca23d50163151bc354\",\"name\":\"Contenidos El Regional\",\"image\":{\"@type\":\"ImageObject\",\"inLanguage\":\"es\",\"@id\":\"http:\/\/elregionalvm.com.ar\/noticias-villa-maria\/#\/schema\/person\/image\/\",\"url\":\"https:\/\/secure.gravatar.com\/avatar\/265b27cb2209af7bb3a1318f03305787d7981a5cc6e6cd08fe5a4ecdf99d4b48?s=96&d=mm&r=g\",\"contentUrl\":\"https:\/\/secure.gravatar.com\/avatar\/265b27cb2209af7bb3a1318f03305787d7981a5cc6e6cd08fe5a4ecdf99d4b48?s=96&d=mm&r=g\",\"caption\":\"Contenidos El Regional\"},\"url\":\"https:\/\/elregionalvm.com.ar\/noticias-villa-maria\/author\/contenido\/\"}]}<\/script>\n<!-- \/ Yoast SEO plugin. -->","yoast_head_json":{"title":"Concientizan a vecinos sobre la separaci\u00f3n de residuos - El Regional","robots":{"index":"index","follow":"follow","max-snippet":"max-snippet:-1","max-image-preview":"max-image-preview:large","max-video-preview":"max-video-preview:-1"},"canonical":"http:\/\/elregionalvm.com.ar\/noticias-villa-maria\/concientizan-a-vecinos-sobre-la-separacion-de-residuos\/","og_locale":"es_ES","og_type":"article","og_title":"Concientizan a vecinos sobre la separaci\u00f3n de residuos - El Regional","og_description":"A partir de esta semana, el municipio, a trav\u00e9s de la Subsecretar\u00eda de Ambiente, inici\u00f3 una campa\u00f1a para sensibilizar y acrecentar la concientizaci\u00f3n sobre la separaci\u00f3n domiciliaria de residuos, reforzando as\u00ed el uso del servicio. Desde esta semana, personal del \u00e1rea de Ambiente, con la colaboraci\u00f3n de trabajadoras de las cooperativas 7 de Febrero y [&hellip;]","og_url":"http:\/\/elregionalvm.com.ar\/noticias-villa-maria\/concientizan-a-vecinos-sobre-la-separacion-de-residuos\/","og_site_name":"El Regional","article_publisher":"https:\/\/www.facebook.com\/elregionalvm","article_published_time":"2020-09-02T22:51:21+00:00","article_modified_time":"2020-09-02T22:51:22+00:00","og_image":[{"width":1023,"height":630,"url":"http:\/\/elregionalvm.com.ar\/noticias-villa-maria\/wp-content\/uploads\/2020\/09\/residuos-separados.jpg","type":"image\/jpeg"}],"author":"Contenidos El Regional","twitter_card":"summary_large_image","twitter_creator":"@elregionalvm1","twitter_site":"@elregionalvm1","twitter_misc":{"Escrito por":"Contenidos El Regional","Tiempo de lectura":"2 minutos"},"schema":{"@context":"https:\/\/schema.org","@graph":[{"@type":"Article","@id":"http:\/\/elregionalvm.com.ar\/noticias-villa-maria\/concientizan-a-vecinos-sobre-la-separacion-de-residuos\/#article","isPartOf":{"@id":"http:\/\/elregionalvm.com.ar\/noticias-villa-maria\/concientizan-a-vecinos-sobre-la-separacion-de-residuos\/"},"author":{"name":"Contenidos El Regional","@id":"http:\/\/elregionalvm.com.ar\/noticias-villa-maria\/#\/schema\/person\/a0fb9c422317faca23d50163151bc354"},"headline":"Concientizan a vecinos sobre la separaci\u00f3n de residuos","datePublished":"2020-09-02T22:51:21+00:00","dateModified":"2020-09-02T22:51:22+00:00","mainEntityOfPage":{"@id":"http:\/\/elregionalvm.com.ar\/noticias-villa-maria\/concientizan-a-vecinos-sobre-la-separacion-de-residuos\/"},"wordCount":319,"commentCount":0,"image":{"@id":"http:\/\/elregionalvm.com.ar\/noticias-villa-maria\/concientizan-a-vecinos-sobre-la-separacion-de-residuos\/#primaryimage"},"thumbnailUrl":"https:\/\/i0.wp.com\/elregionalvm.com.ar\/noticias-villa-maria\/wp-content\/uploads\/2020\/09\/residuos-separados.jpg?fit=1023%2C630&ssl=1","keywords":["campa\u00f1a concientizaci\u00f3n","inorg\u00e1nicos","org\u00e1nicos","separaci\u00f3n residuos"],"articleSection":["Villa Mar\u00eda"],"inLanguage":"es","potentialAction":[{"@type":"CommentAction","name":"Comment","target":["http:\/\/elregionalvm.com.ar\/noticias-villa-maria\/concientizan-a-vecinos-sobre-la-separacion-de-residuos\/#respond"]}]},{"@type":"WebPage","@id":"http:\/\/elregionalvm.com.ar\/noticias-villa-maria\/concientizan-a-vecinos-sobre-la-separacion-de-residuos\/","url":"http:\/\/elregionalvm.com.ar\/noticias-villa-maria\/concientizan-a-vecinos-sobre-la-separacion-de-residuos\/","name":"Concientizan a vecinos sobre la separaci\u00f3n de residuos - El Regional","isPartOf":{"@id":"http:\/\/elregionalvm.com.ar\/noticias-villa-maria\/#website"},"primaryImageOfPage":{"@id":"http:\/\/elregionalvm.com.ar\/noticias-villa-maria\/concientizan-a-vecinos-sobre-la-separacion-de-residuos\/#primaryimage"},"image":{"@id":"http:\/\/elregionalvm.com.ar\/noticias-villa-maria\/concientizan-a-vecinos-sobre-la-separacion-de-residuos\/#primaryimage"},"thumbnailUrl":"https:\/\/i0.wp.com\/elregionalvm.com.ar\/noticias-villa-maria\/wp-content\/uploads\/2020\/09\/residuos-separados.jpg?fit=1023%2C630&ssl=1","datePublished":"2020-09-02T22:51:21+00:00","dateModified":"2020-09-02T22:51:22+00:00","author":{"@id":"http:\/\/elregionalvm.com.ar\/noticias-villa-maria\/#\/schema\/person\/a0fb9c422317faca23d50163151bc354"},"breadcrumb":{"@id":"http:\/\/elregionalvm.com.ar\/noticias-villa-maria\/concientizan-a-vecinos-sobre-la-separacion-de-residuos\/#breadcrumb"},"inLanguage":"es","potentialAction":[{"@type":"ReadAction","target":["http:\/\/elregionalvm.com.ar\/noticias-villa-maria\/concientizan-a-vecinos-sobre-la-separacion-de-residuos\/"]}]},{"@type":"ImageObject","inLanguage":"es","@id":"http:\/\/elregionalvm.com.ar\/noticias-villa-maria\/concientizan-a-vecinos-sobre-la-separacion-de-residuos\/#primaryimage","url":"https:\/\/i0.wp.com\/elregionalvm.com.ar\/noticias-villa-maria\/wp-content\/uploads\/2020\/09\/residuos-separados.jpg?fit=1023%2C630&ssl=1","contentUrl":"https:\/\/i0.wp.com\/elregionalvm.com.ar\/noticias-villa-maria\/wp-content\/uploads\/2020\/09\/residuos-separados.jpg?fit=1023%2C630&ssl=1","width":1023,"height":630},{"@type":"BreadcrumbList","@id":"http:\/\/elregionalvm.com.ar\/noticias-villa-maria\/concientizan-a-vecinos-sobre-la-separacion-de-residuos\/#breadcrumb","itemListElement":[{"@type":"ListItem","position":1,"name":"Portada","item":"https:\/\/elregionalvm.com.ar\/noticias-villa-maria\/"},{"@type":"ListItem","position":2,"name":"Concientizan a vecinos sobre la separaci\u00f3n de residuos"}]},{"@type":"WebSite","@id":"http:\/\/elregionalvm.com.ar\/noticias-villa-maria\/#website","url":"http:\/\/elregionalvm.com.ar\/noticias-villa-maria\/","name":"El Regional","description":"Mucho m\u00e1s que informaci\u00f3n","potentialAction":[{"@type":"SearchAction","target":{"@type":"EntryPoint","urlTemplate":"http:\/\/elregionalvm.com.ar\/noticias-villa-maria\/?s={search_term_string}"},"query-input":{"@type":"PropertyValueSpecification","valueRequired":true,"valueName":"search_term_string"}}],"inLanguage":"es"},{"@type":"Person","@id":"http:\/\/elregionalvm.com.ar\/noticias-villa-maria\/#\/schema\/person\/a0fb9c422317faca23d50163151bc354","name":"Contenidos El Regional","image":{"@type":"ImageObject","inLanguage":"es","@id":"http:\/\/elregionalvm.com.ar\/noticias-villa-maria\/#\/schema\/person\/image\/","url":"https:\/\/secure.gravatar.com\/avatar\/265b27cb2209af7bb3a1318f03305787d7981a5cc6e6cd08fe5a4ecdf99d4b48?s=96&d=mm&r=g","contentUrl":"https:\/\/secure.gravatar.com\/avatar\/265b27cb2209af7bb3a1318f03305787d7981a5cc6e6cd08fe5a4ecdf99d4b48?s=96&d=mm&r=g","caption":"Contenidos El Regional"},"url":"https:\/\/elregionalvm.com.ar\/noticias-villa-maria\/author\/contenido\/"}]}},"jetpack_featured_media_url":"https:\/\/i0.wp.com\/elregionalvm.com.ar\/noticias-villa-maria\/wp-content\/uploads\/2020\/09\/residuos-separados.jpg?fit=1023%2C630&ssl=1","jetpack_sharing_enabled":true,"_links":{"self":[{"href":"https:\/\/elregionalvm.com.ar\/noticias-villa-maria\/wp-json\/wp\/v2\/posts\/23176","targetHints":{"allow":["GET"]}}],"collection":[{"href":"https:\/\/elregionalvm.com.ar\/noticias-villa-maria\/wp-json\/wp\/v2\/posts"}],"about":[{"href":"https:\/\/elregionalvm.com.ar\/noticias-villa-maria\/wp-json\/wp\/v2\/types\/post"}],"author":[{"embeddable":true,"href":"https:\/\/elregionalvm.com.ar\/noticias-villa-maria\/wp-json\/wp\/v2\/users\/4"}],"replies":[{"embeddable":true,"href":"https:\/\/elregionalvm.com.ar\/noticias-villa-maria\/wp-json\/wp\/v2\/comments?post=23176"}],"version-history":[{"count":2,"href":"https:\/\/elregionalvm.com.ar\/noticias-villa-maria\/wp-json\/wp\/v2\/posts\/23176\/revisions"}],"predecessor-version":[{"id":23180,"href":"https:\/\/elregionalvm.com.ar\/noticias-villa-maria\/wp-json\/wp\/v2\/posts\/23176\/revisions\/23180"}],"wp:featuredmedia":[{"embeddable":true,"href":"https:\/\/elregionalvm.com.ar\/noticias-villa-maria\/wp-json\/wp\/v2\/media\/23179"}],"wp:attachment":[{"href":"https:\/\/elregionalvm.com.ar\/noticias-villa-maria\/wp-json\/wp\/v2\/media?parent=23176"}],"wp:term":[{"taxonomy":"category","embeddable":true,"href":"https:\/\/elregionalvm.com.ar\/noticias-villa-maria\/wp-json\/wp\/v2\/categories?post=23176"},{"taxonomy":"post_tag","embeddable":true,"href":"https:\/\/elregionalvm.com.ar\/noticias-villa-maria\/wp-json\/wp\/v2\/tags?post=23176"}],"curies":[{"name":"wp","href":"https:\/\/api.w.org\/{rel}","templated":true}]}}