{"id":23207,"date":"2020-09-03T19:40:20","date_gmt":"2020-09-03T19:40:20","guid":{"rendered":"https:\/\/elregionalvm.com.ar\/noticias-villa-maria\/?p=23207"},"modified":"2020-09-03T21:32:46","modified_gmt":"2020-09-03T21:32:46","slug":"jardines-maternales-habilitados-para-dictar-talleres-culturales","status":"publish","type":"post","link":"https:\/\/elregionalvm.com.ar\/noticias-villa-maria\/jardines-maternales-habilitados-para-dictar-talleres-culturales\/","title":{"rendered":"Jardines maternales, habilitados para dictar talleres culturales"},"content":{"rendered":"\n<p><strong>El Concejo Deliberante habilit\u00f3 el funcionamiento de los jardines maternales privados, exclusivamente, como Centros para el Dictado de Talleres Culturales Diversos<\/strong>.<\/p>\n\n\n\n<p>Estos espacios funcionar\u00e1n de lunes a viernes en los turnos de ma\u00f1ana y tarde de tres horas cada uno por el t\u00e9rmino de quince d\u00edas h\u00e1biles como una prueba piloto. <\/p>\n\n\n\n<p>La actividad podr\u00e1 suspenderse en cualquier momento, si las condiciones sanitarias as\u00ed lo exigen.\u00a0<\/p>\n\n\n\n<p>En los establecimientos se deber\u00e1 colocar un rociador para la ropa y dem\u00e1s elementos con una sustancia de alcohol al 70% y dispensar alcohol en gel para la higiene de manos. <\/p>\n\n\n\n<p>Tambi\u00e9n se deber\u00e1 tomar la temperatura corporal a trav\u00e9s de term\u00f3metros con toma a distancia o c\u00e1maras con medici\u00f3n de temperatura.\u00a0<\/p>\n\n\n\n<p>En caso de no contar con estos elementos, podr\u00e1 suplirse con term\u00f3metros digitales o anal\u00f3gicos, debiendo en tal caso proceder a la higienizaci\u00f3n con un pa\u00f1o embebido con alcohol puro antes y despu\u00e9s de cada toma.<\/p>\n\n\n\n<p><strong>Condiciones<\/strong><\/p>\n\n\n\n<p>Dentro de la entidad, toda persona debe llevar correctamente colocado de manera permanente un barbijo no quir\u00fargico, obligaci\u00f3n que alcanza tanto a quienes prestan alg\u00fan servicio o realiza alguna actividad, como a los terceros que eventualmente ingresen al lugar. <\/p>\n\n\n\n<p>La distancia personal m\u00ednima de dos metros debe ser respetada en todo momento en cualquier tipo de actividad.<\/p>\n\n\n\n<p>Debe generarse un programa de limpieza de las instalaciones debidamente programado, que prevea al menos una limpieza profunda diaria y mantenimiento cada dos horas. <\/p>\n\n\n\n<p>La limpieza de los pisos se realizar\u00e1 mediante el sistema \u201cdoble trapo-doble balde\u201d, procediendo primero a una higienizaci\u00f3n de la superficie con un trapo con detergente o cualquier otro l\u00edquido limpiador y, luego de su secado, con otro trapo distinto con la sustancia desinfectante.<\/p>\n\n\n\n<p>El mobiliario deber\u00e1 ser desinfectado con un sistema similar, primero retirando la tierra con un pa\u00f1o h\u00famedo y luego con otro pa\u00f1o con una soluci\u00f3n de hipoclorito de sodio al 10% o alcohol al 70% que puede ser dispensada sobre la superficie con un rociador.<\/p>\n\n\n\n<p><strong>Ampliaci\u00f3n de horarios<\/strong><\/p>\n\n\n\n<p>Por otra parte, se flexibiliz\u00f3 los horarios de Estudio de Danzas, Canto y Teatro, quedando establecido que la actividad se desarrollar\u00e1 de 7 a 23 horas. <\/p>\n\n\n\n<p>En tanto, las actividades deportivas no competitivas individuales se ampl\u00edan de 7 a 21 horas.\u00a0<\/p>\n","protected":false},"excerpt":{"rendered":"<p>El Concejo Deliberante habilit\u00f3 el funcionamiento de los jardines maternales privados, exclusivamente, como Centros para el Dictado de Talleres Culturales Diversos. Estos espacios funcionar\u00e1n de lunes a viernes en los turnos de ma\u00f1ana y tarde de tres horas cada uno por el t\u00e9rmino de quince d\u00edas h\u00e1biles como una prueba piloto. La actividad podr\u00e1 suspenderse [&hellip;]<\/p>\n","protected":false},"author":4,"featured_media":23208,"comment_status":"open","ping_status":"open","sticky":false,"template":"","format":"standard","meta":{"site-sidebar-layout":"default","site-content-layout":"default","ast-site-content-layout":"default","site-content-style":"default","site-sidebar-style":"default","ast-global-header-display":"","ast-banner-title-visibility":"","ast-main-header-display":"","ast-hfb-above-header-display":"","ast-hfb-below-header-display":"","ast-hfb-mobile-header-display":"","site-post-title":"","ast-breadcrumbs-content":"","ast-featured-img":"","footer-sml-layout":"","ast-disable-related-posts":"","theme-transparent-header-meta":"default","adv-header-id-meta":"","stick-header-meta":"","header-above-stick-meta":"","header-main-stick-meta":"","header-below-stick-meta":"","astra-migrate-meta-layouts":"default","ast-page-background-enabled":"default","ast-page-background-meta":{"desktop":{"background-color":"","background-image":"","background-repeat":"repeat","background-position":"center center","background-size":"auto","background-attachment":"scroll","background-type":"","background-media":"","overlay-type":"","overlay-color":"","overlay-opacity":"","overlay-gradient":""},"tablet":{"background-color":"","background-image":"","background-repeat":"repeat","background-position":"center center","background-size":"auto","background-attachment":"scroll","background-type":"","background-media":"","overlay-type":"","overlay-color":"","overlay-opacity":"","overlay-gradient":""},"mobile":{"background-color":"","background-image":"","background-repeat":"repeat","background-position":"center center","background-size":"auto","background-attachment":"scroll","background-type":"","background-media":"","overlay-type":"","overlay-color":"","overlay-opacity":"","overlay-gradient":""}},"ast-content-background-meta":{"desktop":{"background-color":"var(--ast-global-color-5)","background-image":"","background-repeat":"repeat","background-position":"center center","background-size":"auto","background-attachment":"scroll","background-type":"","background-media":"","overlay-type":"","overlay-color":"","overlay-opacity":"","overlay-gradient":""},"tablet":{"background-color":"var(--ast-global-color-5)","background-image":"","background-repeat":"repeat","background-position":"center center","background-size":"auto","background-attachment":"scroll","background-type":"","background-media":"","overlay-type":"","overlay-color":"","overlay-opacity":"","overlay-gradient":""},"mobile":{"background-color":"var(--ast-global-color-5)","background-image":"","background-repeat":"repeat","background-position":"center center","background-size":"auto","background-attachment":"scroll","background-type":"","background-media":"","overlay-type":"","overlay-color":"","overlay-opacity":"","overlay-gradient":""}},"_jetpack_memberships_contains_paid_content":false,"_joinchat":[],"footnotes":""},"categories":[2],"tags":[2777,2865,1232,2136,3261,3122,3715],"class_list":["post-23207","post","type-post","status-publish","format-standard","has-post-thumbnail","hentry","category-villa-maria","tag-ampliacion-horaria","tag-covid-19-2","tag-destacado","tag-habilitacion","tag-jardines-maternales","tag-protocolos","tag-talleres-culturales"],"yoast_head":"<!-- This site is optimized with the Yoast SEO plugin v26.8 - https:\/\/yoast.com\/product\/yoast-seo-wordpress\/ -->\n<title>Jardines maternales, habilitados para dictar talleres culturales - El Regional<\/title>\n<meta name=\"description\" content=\"El Concejo Deliberante habilit\u00f3 el funcionamiento de los jardines maternales privados, exclusivamente, como Centros para el Dictado de Talleres Culturales.\" \/>\n<meta name=\"robots\" content=\"index, follow, max-snippet:-1, max-image-preview:large, max-video-preview:-1\" \/>\n<link rel=\"canonical\" href=\"http:\/\/elregionalvm.com.ar\/noticias-villa-maria\/jardines-maternales-habilitados-para-dictar-talleres-culturales\/\" \/>\n<meta property=\"og:locale\" content=\"es_ES\" \/>\n<meta property=\"og:type\" content=\"article\" \/>\n<meta property=\"og:title\" content=\"Jardines maternales, habilitados para dictar talleres culturales - El Regional\" \/>\n<meta property=\"og:description\" content=\"El Concejo Deliberante habilit\u00f3 el funcionamiento de los jardines maternales privados, exclusivamente, como Centros para el Dictado de Talleres Culturales.\" \/>\n<meta property=\"og:url\" content=\"http:\/\/elregionalvm.com.ar\/noticias-villa-maria\/jardines-maternales-habilitados-para-dictar-talleres-culturales\/\" \/>\n<meta property=\"og:site_name\" content=\"El Regional\" \/>\n<meta property=\"article:publisher\" content=\"https:\/\/www.facebook.com\/elregionalvm\" \/>\n<meta property=\"article:published_time\" content=\"2020-09-03T19:40:20+00:00\" \/>\n<meta property=\"article:modified_time\" content=\"2020-09-03T21:32:46+00:00\" \/>\n<meta property=\"og:image\" content=\"http:\/\/elregionalvm.com.ar\/noticias-villa-maria\/wp-content\/uploads\/2020\/09\/Jard\u00edn-maternal.jpg\" \/>\n\t<meta property=\"og:image:width\" content=\"1709\" \/>\n\t<meta property=\"og:image:height\" content=\"1145\" \/>\n\t<meta property=\"og:image:type\" content=\"image\/jpeg\" \/>\n<meta name=\"author\" content=\"Contenidos El Regional\" \/>\n<meta name=\"twitter:card\" content=\"summary_large_image\" \/>\n<meta name=\"twitter:creator\" content=\"@elregionalvm1\" \/>\n<meta name=\"twitter:site\" content=\"@elregionalvm1\" \/>\n<meta name=\"twitter:label1\" content=\"Escrito por\" \/>\n\t<meta name=\"twitter:data1\" content=\"Contenidos El Regional\" \/>\n\t<meta name=\"twitter:label2\" content=\"Tiempo de lectura\" \/>\n\t<meta name=\"twitter:data2\" content=\"2 minutos\" \/>\n<script type=\"application\/ld+json\" class=\"yoast-schema-graph\">{\"@context\":\"https:\/\/schema.org\",\"@graph\":[{\"@type\":\"Article\",\"@id\":\"http:\/\/elregionalvm.com.ar\/noticias-villa-maria\/jardines-maternales-habilitados-para-dictar-talleres-culturales\/#article\",\"isPartOf\":{\"@id\":\"http:\/\/elregionalvm.com.ar\/noticias-villa-maria\/jardines-maternales-habilitados-para-dictar-talleres-culturales\/\"},\"author\":{\"name\":\"Contenidos El Regional\",\"@id\":\"http:\/\/elregionalvm.com.ar\/noticias-villa-maria\/#\/schema\/person\/a0fb9c422317faca23d50163151bc354\"},\"headline\":\"Jardines maternales, habilitados para dictar talleres culturales\",\"datePublished\":\"2020-09-03T19:40:20+00:00\",\"dateModified\":\"2020-09-03T21:32:46+00:00\",\"mainEntityOfPage\":{\"@id\":\"http:\/\/elregionalvm.com.ar\/noticias-villa-maria\/jardines-maternales-habilitados-para-dictar-talleres-culturales\/\"},\"wordCount\":396,\"commentCount\":0,\"image\":{\"@id\":\"http:\/\/elregionalvm.com.ar\/noticias-villa-maria\/jardines-maternales-habilitados-para-dictar-talleres-culturales\/#primaryimage\"},\"thumbnailUrl\":\"https:\/\/i0.wp.com\/elregionalvm.com.ar\/noticias-villa-maria\/wp-content\/uploads\/2020\/09\/Jard%C3%ADn-maternal.jpg?fit=1709%2C1145&ssl=1\",\"keywords\":[\"Ampliaci\u00f3n horaria\",\"Covid 19\",\"destacado\",\"Habilitaci\u00f3n\",\"Jardines maternales\",\"protocolos\",\"Talleres culturales\"],\"articleSection\":[\"Villa Mar\u00eda\"],\"inLanguage\":\"es\",\"potentialAction\":[{\"@type\":\"CommentAction\",\"name\":\"Comment\",\"target\":[\"http:\/\/elregionalvm.com.ar\/noticias-villa-maria\/jardines-maternales-habilitados-para-dictar-talleres-culturales\/#respond\"]}]},{\"@type\":\"WebPage\",\"@id\":\"http:\/\/elregionalvm.com.ar\/noticias-villa-maria\/jardines-maternales-habilitados-para-dictar-talleres-culturales\/\",\"url\":\"http:\/\/elregionalvm.com.ar\/noticias-villa-maria\/jardines-maternales-habilitados-para-dictar-talleres-culturales\/\",\"name\":\"Jardines maternales, habilitados para dictar talleres culturales - El Regional\",\"isPartOf\":{\"@id\":\"http:\/\/elregionalvm.com.ar\/noticias-villa-maria\/#website\"},\"primaryImageOfPage\":{\"@id\":\"http:\/\/elregionalvm.com.ar\/noticias-villa-maria\/jardines-maternales-habilitados-para-dictar-talleres-culturales\/#primaryimage\"},\"image\":{\"@id\":\"http:\/\/elregionalvm.com.ar\/noticias-villa-maria\/jardines-maternales-habilitados-para-dictar-talleres-culturales\/#primaryimage\"},\"thumbnailUrl\":\"https:\/\/i0.wp.com\/elregionalvm.com.ar\/noticias-villa-maria\/wp-content\/uploads\/2020\/09\/Jard%C3%ADn-maternal.jpg?fit=1709%2C1145&ssl=1\",\"datePublished\":\"2020-09-03T19:40:20+00:00\",\"dateModified\":\"2020-09-03T21:32:46+00:00\",\"author\":{\"@id\":\"http:\/\/elregionalvm.com.ar\/noticias-villa-maria\/#\/schema\/person\/a0fb9c422317faca23d50163151bc354\"},\"description\":\"El Concejo Deliberante habilit\u00f3 el funcionamiento de los jardines maternales privados, exclusivamente, como Centros para el Dictado de Talleres Culturales.\",\"breadcrumb\":{\"@id\":\"http:\/\/elregionalvm.com.ar\/noticias-villa-maria\/jardines-maternales-habilitados-para-dictar-talleres-culturales\/#breadcrumb\"},\"inLanguage\":\"es\",\"potentialAction\":[{\"@type\":\"ReadAction\",\"target\":[\"http:\/\/elregionalvm.com.ar\/noticias-villa-maria\/jardines-maternales-habilitados-para-dictar-talleres-culturales\/\"]}]},{\"@type\":\"ImageObject\",\"inLanguage\":\"es\",\"@id\":\"http:\/\/elregionalvm.com.ar\/noticias-villa-maria\/jardines-maternales-habilitados-para-dictar-talleres-culturales\/#primaryimage\",\"url\":\"https:\/\/i0.wp.com\/elregionalvm.com.ar\/noticias-villa-maria\/wp-content\/uploads\/2020\/09\/Jard%C3%ADn-maternal.jpg?fit=1709%2C1145&ssl=1\",\"contentUrl\":\"https:\/\/i0.wp.com\/elregionalvm.com.ar\/noticias-villa-maria\/wp-content\/uploads\/2020\/09\/Jard%C3%ADn-maternal.jpg?fit=1709%2C1145&ssl=1\",\"width\":1709,\"height\":1145},{\"@type\":\"BreadcrumbList\",\"@id\":\"http:\/\/elregionalvm.com.ar\/noticias-villa-maria\/jardines-maternales-habilitados-para-dictar-talleres-culturales\/#breadcrumb\",\"itemListElement\":[{\"@type\":\"ListItem\",\"position\":1,\"name\":\"Portada\",\"item\":\"https:\/\/elregionalvm.com.ar\/noticias-villa-maria\/\"},{\"@type\":\"ListItem\",\"position\":2,\"name\":\"Jardines maternales, habilitados para dictar talleres culturales\"}]},{\"@type\":\"WebSite\",\"@id\":\"http:\/\/elregionalvm.com.ar\/noticias-villa-maria\/#website\",\"url\":\"http:\/\/elregionalvm.com.ar\/noticias-villa-maria\/\",\"name\":\"El Regional\",\"description\":\"Mucho m\u00e1s que informaci\u00f3n\",\"potentialAction\":[{\"@type\":\"SearchAction\",\"target\":{\"@type\":\"EntryPoint\",\"urlTemplate\":\"http:\/\/elregionalvm.com.ar\/noticias-villa-maria\/?s={search_term_string}\"},\"query-input\":{\"@type\":\"PropertyValueSpecification\",\"valueRequired\":true,\"valueName\":\"search_term_string\"}}],\"inLanguage\":\"es\"},{\"@type\":\"Person\",\"@id\":\"http:\/\/elregionalvm.com.ar\/noticias-villa-maria\/#\/schema\/person\/a0fb9c422317faca23d50163151bc354\",\"name\":\"Contenidos El Regional\",\"image\":{\"@type\":\"ImageObject\",\"inLanguage\":\"es\",\"@id\":\"http:\/\/elregionalvm.com.ar\/noticias-villa-maria\/#\/schema\/person\/image\/\",\"url\":\"https:\/\/secure.gravatar.com\/avatar\/265b27cb2209af7bb3a1318f03305787d7981a5cc6e6cd08fe5a4ecdf99d4b48?s=96&d=mm&r=g\",\"contentUrl\":\"https:\/\/secure.gravatar.com\/avatar\/265b27cb2209af7bb3a1318f03305787d7981a5cc6e6cd08fe5a4ecdf99d4b48?s=96&d=mm&r=g\",\"caption\":\"Contenidos El Regional\"},\"url\":\"https:\/\/elregionalvm.com.ar\/noticias-villa-maria\/author\/contenido\/\"}]}<\/script>\n<!-- \/ Yoast SEO plugin. -->","yoast_head_json":{"title":"Jardines maternales, habilitados para dictar talleres culturales - El Regional","description":"El Concejo Deliberante habilit\u00f3 el funcionamiento de los jardines maternales privados, exclusivamente, como Centros para el Dictado de Talleres Culturales.","robots":{"index":"index","follow":"follow","max-snippet":"max-snippet:-1","max-image-preview":"max-image-preview:large","max-video-preview":"max-video-preview:-1"},"canonical":"http:\/\/elregionalvm.com.ar\/noticias-villa-maria\/jardines-maternales-habilitados-para-dictar-talleres-culturales\/","og_locale":"es_ES","og_type":"article","og_title":"Jardines maternales, habilitados para dictar talleres culturales - El Regional","og_description":"El Concejo Deliberante habilit\u00f3 el funcionamiento de los jardines maternales privados, exclusivamente, como Centros para el Dictado de Talleres Culturales.","og_url":"http:\/\/elregionalvm.com.ar\/noticias-villa-maria\/jardines-maternales-habilitados-para-dictar-talleres-culturales\/","og_site_name":"El Regional","article_publisher":"https:\/\/www.facebook.com\/elregionalvm","article_published_time":"2020-09-03T19:40:20+00:00","article_modified_time":"2020-09-03T21:32:46+00:00","og_image":[{"width":1709,"height":1145,"url":"http:\/\/elregionalvm.com.ar\/noticias-villa-maria\/wp-content\/uploads\/2020\/09\/Jard\u00edn-maternal.jpg","type":"image\/jpeg"}],"author":"Contenidos El Regional","twitter_card":"summary_large_image","twitter_creator":"@elregionalvm1","twitter_site":"@elregionalvm1","twitter_misc":{"Escrito por":"Contenidos El Regional","Tiempo de lectura":"2 minutos"},"schema":{"@context":"https:\/\/schema.org","@graph":[{"@type":"Article","@id":"http:\/\/elregionalvm.com.ar\/noticias-villa-maria\/jardines-maternales-habilitados-para-dictar-talleres-culturales\/#article","isPartOf":{"@id":"http:\/\/elregionalvm.com.ar\/noticias-villa-maria\/jardines-maternales-habilitados-para-dictar-talleres-culturales\/"},"author":{"name":"Contenidos El Regional","@id":"http:\/\/elregionalvm.com.ar\/noticias-villa-maria\/#\/schema\/person\/a0fb9c422317faca23d50163151bc354"},"headline":"Jardines maternales, habilitados para dictar talleres culturales","datePublished":"2020-09-03T19:40:20+00:00","dateModified":"2020-09-03T21:32:46+00:00","mainEntityOfPage":{"@id":"http:\/\/elregionalvm.com.ar\/noticias-villa-maria\/jardines-maternales-habilitados-para-dictar-talleres-culturales\/"},"wordCount":396,"commentCount":0,"image":{"@id":"http:\/\/elregionalvm.com.ar\/noticias-villa-maria\/jardines-maternales-habilitados-para-dictar-talleres-culturales\/#primaryimage"},"thumbnailUrl":"https:\/\/i0.wp.com\/elregionalvm.com.ar\/noticias-villa-maria\/wp-content\/uploads\/2020\/09\/Jard%C3%ADn-maternal.jpg?fit=1709%2C1145&ssl=1","keywords":["Ampliaci\u00f3n horaria","Covid 19","destacado","Habilitaci\u00f3n","Jardines maternales","protocolos","Talleres culturales"],"articleSection":["Villa Mar\u00eda"],"inLanguage":"es","potentialAction":[{"@type":"CommentAction","name":"Comment","target":["http:\/\/elregionalvm.com.ar\/noticias-villa-maria\/jardines-maternales-habilitados-para-dictar-talleres-culturales\/#respond"]}]},{"@type":"WebPage","@id":"http:\/\/elregionalvm.com.ar\/noticias-villa-maria\/jardines-maternales-habilitados-para-dictar-talleres-culturales\/","url":"http:\/\/elregionalvm.com.ar\/noticias-villa-maria\/jardines-maternales-habilitados-para-dictar-talleres-culturales\/","name":"Jardines maternales, habilitados para dictar talleres culturales - El Regional","isPartOf":{"@id":"http:\/\/elregionalvm.com.ar\/noticias-villa-maria\/#website"},"primaryImageOfPage":{"@id":"http:\/\/elregionalvm.com.ar\/noticias-villa-maria\/jardines-maternales-habilitados-para-dictar-talleres-culturales\/#primaryimage"},"image":{"@id":"http:\/\/elregionalvm.com.ar\/noticias-villa-maria\/jardines-maternales-habilitados-para-dictar-talleres-culturales\/#primaryimage"},"thumbnailUrl":"https:\/\/i0.wp.com\/elregionalvm.com.ar\/noticias-villa-maria\/wp-content\/uploads\/2020\/09\/Jard%C3%ADn-maternal.jpg?fit=1709%2C1145&ssl=1","datePublished":"2020-09-03T19:40:20+00:00","dateModified":"2020-09-03T21:32:46+00:00","author":{"@id":"http:\/\/elregionalvm.com.ar\/noticias-villa-maria\/#\/schema\/person\/a0fb9c422317faca23d50163151bc354"},"description":"El Concejo Deliberante habilit\u00f3 el funcionamiento de los jardines maternales privados, exclusivamente, como Centros para el Dictado de Talleres Culturales.","breadcrumb":{"@id":"http:\/\/elregionalvm.com.ar\/noticias-villa-maria\/jardines-maternales-habilitados-para-dictar-talleres-culturales\/#breadcrumb"},"inLanguage":"es","potentialAction":[{"@type":"ReadAction","target":["http:\/\/elregionalvm.com.ar\/noticias-villa-maria\/jardines-maternales-habilitados-para-dictar-talleres-culturales\/"]}]},{"@type":"ImageObject","inLanguage":"es","@id":"http:\/\/elregionalvm.com.ar\/noticias-villa-maria\/jardines-maternales-habilitados-para-dictar-talleres-culturales\/#primaryimage","url":"https:\/\/i0.wp.com\/elregionalvm.com.ar\/noticias-villa-maria\/wp-content\/uploads\/2020\/09\/Jard%C3%ADn-maternal.jpg?fit=1709%2C1145&ssl=1","contentUrl":"https:\/\/i0.wp.com\/elregionalvm.com.ar\/noticias-villa-maria\/wp-content\/uploads\/2020\/09\/Jard%C3%ADn-maternal.jpg?fit=1709%2C1145&ssl=1","width":1709,"height":1145},{"@type":"BreadcrumbList","@id":"http:\/\/elregionalvm.com.ar\/noticias-villa-maria\/jardines-maternales-habilitados-para-dictar-talleres-culturales\/#breadcrumb","itemListElement":[{"@type":"ListItem","position":1,"name":"Portada","item":"https:\/\/elregionalvm.com.ar\/noticias-villa-maria\/"},{"@type":"ListItem","position":2,"name":"Jardines maternales, habilitados para dictar talleres culturales"}]},{"@type":"WebSite","@id":"http:\/\/elregionalvm.com.ar\/noticias-villa-maria\/#website","url":"http:\/\/elregionalvm.com.ar\/noticias-villa-maria\/","name":"El Regional","description":"Mucho m\u00e1s que informaci\u00f3n","potentialAction":[{"@type":"SearchAction","target":{"@type":"EntryPoint","urlTemplate":"http:\/\/elregionalvm.com.ar\/noticias-villa-maria\/?s={search_term_string}"},"query-input":{"@type":"PropertyValueSpecification","valueRequired":true,"valueName":"search_term_string"}}],"inLanguage":"es"},{"@type":"Person","@id":"http:\/\/elregionalvm.com.ar\/noticias-villa-maria\/#\/schema\/person\/a0fb9c422317faca23d50163151bc354","name":"Contenidos El Regional","image":{"@type":"ImageObject","inLanguage":"es","@id":"http:\/\/elregionalvm.com.ar\/noticias-villa-maria\/#\/schema\/person\/image\/","url":"https:\/\/secure.gravatar.com\/avatar\/265b27cb2209af7bb3a1318f03305787d7981a5cc6e6cd08fe5a4ecdf99d4b48?s=96&d=mm&r=g","contentUrl":"https:\/\/secure.gravatar.com\/avatar\/265b27cb2209af7bb3a1318f03305787d7981a5cc6e6cd08fe5a4ecdf99d4b48?s=96&d=mm&r=g","caption":"Contenidos El Regional"},"url":"https:\/\/elregionalvm.com.ar\/noticias-villa-maria\/author\/contenido\/"}]}},"jetpack_featured_media_url":"https:\/\/i0.wp.com\/elregionalvm.com.ar\/noticias-villa-maria\/wp-content\/uploads\/2020\/09\/Jard%C3%ADn-maternal.jpg?fit=1709%2C1145&ssl=1","jetpack_sharing_enabled":true,"_links":{"self":[{"href":"https:\/\/elregionalvm.com.ar\/noticias-villa-maria\/wp-json\/wp\/v2\/posts\/23207","targetHints":{"allow":["GET"]}}],"collection":[{"href":"https:\/\/elregionalvm.com.ar\/noticias-villa-maria\/wp-json\/wp\/v2\/posts"}],"about":[{"href":"https:\/\/elregionalvm.com.ar\/noticias-villa-maria\/wp-json\/wp\/v2\/types\/post"}],"author":[{"embeddable":true,"href":"https:\/\/elregionalvm.com.ar\/noticias-villa-maria\/wp-json\/wp\/v2\/users\/4"}],"replies":[{"embeddable":true,"href":"https:\/\/elregionalvm.com.ar\/noticias-villa-maria\/wp-json\/wp\/v2\/comments?post=23207"}],"version-history":[{"count":1,"href":"https:\/\/elregionalvm.com.ar\/noticias-villa-maria\/wp-json\/wp\/v2\/posts\/23207\/revisions"}],"predecessor-version":[{"id":23209,"href":"https:\/\/elregionalvm.com.ar\/noticias-villa-maria\/wp-json\/wp\/v2\/posts\/23207\/revisions\/23209"}],"wp:featuredmedia":[{"embeddable":true,"href":"https:\/\/elregionalvm.com.ar\/noticias-villa-maria\/wp-json\/wp\/v2\/media\/23208"}],"wp:attachment":[{"href":"https:\/\/elregionalvm.com.ar\/noticias-villa-maria\/wp-json\/wp\/v2\/media?parent=23207"}],"wp:term":[{"taxonomy":"category","embeddable":true,"href":"https:\/\/elregionalvm.com.ar\/noticias-villa-maria\/wp-json\/wp\/v2\/categories?post=23207"},{"taxonomy":"post_tag","embeddable":true,"href":"https:\/\/elregionalvm.com.ar\/noticias-villa-maria\/wp-json\/wp\/v2\/tags?post=23207"}],"curies":[{"name":"wp","href":"https:\/\/api.w.org\/{rel}","templated":true}]}}