{"id":23529,"date":"2020-09-09T00:34:15","date_gmt":"2020-09-09T00:34:15","guid":{"rendered":"https:\/\/elregionalvm.com.ar\/noticias-villa-maria\/?p=23529"},"modified":"2020-09-09T02:01:24","modified_gmt":"2020-09-09T02:01:24","slug":"villa-maria-10-nuevos-casos-y-341-en-total","status":"publish","type":"post","link":"https:\/\/elregionalvm.com.ar\/noticias-villa-maria\/villa-maria-10-nuevos-casos-y-341-en-total\/","title":{"rendered":"Villa Mar\u00eda: 10 nuevos casos y 341 en total"},"content":{"rendered":"\n<p>En un nuevo informe epidemiol\u00f3gico, autoridades municipales confirmaron 10 nuevos casos positivos de Covid 19. De esta forma, los casos totales son 341 y los activos suman 146.<\/p>\n\n\n\n<p>Los recuperados con alta m\u00e9dica definitiva son entonces 195, seg\u00fan la informaci\u00f3n oficial.<\/p>\n\n\n\n<p>De los casos positivos, 14 se encuentran internados, mientras que el resto permanece en sus domicilios con s\u00edntomas leves o asintom\u00e1ticos. <\/p>\n\n\n\n<p>En tanto, hubo 18 altas de aislamiento y 15 contactos estrechos recibieron su primer hisopado negativo.<\/p>\n\n\n\n<p>El total de contactos estrechos detectados totalizan 484.<\/p>\n\n\n\n<p><strong>En alerta<\/strong><\/p>\n\n\n\n<p>El concejal a cargo del Ejecutivo Pablo Rosso manifest\u00f3, entre otras cuestiones, que la ciudad se encuentra ante \u00abel pico de la enfermedad\u00bb y remarc\u00f3 que los casos est\u00e1n en aumento.<\/p>\n\n\n\n<p>Tambi\u00e9n aclar\u00f3 que cada caso positivo contagia a entre 2 y 3 personas. \u00abCuando no hay nexo epidemiol\u00f3gico, esa cantidad aumenta\u00bb, agreg\u00f3 por su parte la infect\u00f3loga Graciela Ortega.<\/p>\n\n\n\n<p>La especialista se mostr\u00f3 alarmada por la situaci\u00f3n, al igual que el resto de las autoridades sanitarias. \u00abEstamos muy preocupados en la mesa de epidemiolog\u00eda por la cantidad de casos sin nexo. Est\u00e1 lejos de controlarse, la pandemia reci\u00e9n empieza, y falta rato para que esto est\u00e9 controlado\u00bb, remarc\u00f3. <\/p>\n\n\n\n<p>Por otro parte, al tiempo que advirti\u00f3 el incremento de la demanda de la infraestructura sanitaria, alert\u00f3 por las consecuencias en el personal de salud. \u00abTenemos diezmado el Hospital por casos positivos y contactos estrechos de m\u00e9dicos y enfermeros. Se est\u00e1 haciendo muy dif\u00edcil trabajar\u00bb, alert\u00f3. <\/p>\n\n\n\n<p><\/p>\n\n\n\n<p><\/p>\n","protected":false},"excerpt":{"rendered":"<p>En un nuevo informe epidemiol\u00f3gico, autoridades municipales confirmaron 10 nuevos casos positivos de Covid 19. De esta forma, los casos totales son 341 y los activos suman 146. Los recuperados con alta m\u00e9dica definitiva son entonces 195, seg\u00fan la informaci\u00f3n oficial. De los casos positivos, 14 se encuentran internados, mientras que el resto permanece en [&hellip;]<\/p>\n","protected":false},"author":4,"featured_media":23536,"comment_status":"open","ping_status":"open","sticky":false,"template":"","format":"standard","meta":{"site-sidebar-layout":"default","site-content-layout":"default","ast-site-content-layout":"default","site-content-style":"default","site-sidebar-style":"default","ast-global-header-display":"","ast-banner-title-visibility":"","ast-main-header-display":"","ast-hfb-above-header-display":"","ast-hfb-below-header-display":"","ast-hfb-mobile-header-display":"","site-post-title":"","ast-breadcrumbs-content":"","ast-featured-img":"","footer-sml-layout":"","ast-disable-related-posts":"","theme-transparent-header-meta":"default","adv-header-id-meta":"","stick-header-meta":"","header-above-stick-meta":"","header-main-stick-meta":"","header-below-stick-meta":"","astra-migrate-meta-layouts":"default","ast-page-background-enabled":"default","ast-page-background-meta":{"desktop":{"background-color":"","background-image":"","background-repeat":"repeat","background-position":"center center","background-size":"auto","background-attachment":"scroll","background-type":"","background-media":"","overlay-type":"","overlay-color":"","overlay-opacity":"","overlay-gradient":""},"tablet":{"background-color":"","background-image":"","background-repeat":"repeat","background-position":"center center","background-size":"auto","background-attachment":"scroll","background-type":"","background-media":"","overlay-type":"","overlay-color":"","overlay-opacity":"","overlay-gradient":""},"mobile":{"background-color":"","background-image":"","background-repeat":"repeat","background-position":"center center","background-size":"auto","background-attachment":"scroll","background-type":"","background-media":"","overlay-type":"","overlay-color":"","overlay-opacity":"","overlay-gradient":""}},"ast-content-background-meta":{"desktop":{"background-color":"var(--ast-global-color-5)","background-image":"","background-repeat":"repeat","background-position":"center center","background-size":"auto","background-attachment":"scroll","background-type":"","background-media":"","overlay-type":"","overlay-color":"","overlay-opacity":"","overlay-gradient":""},"tablet":{"background-color":"var(--ast-global-color-5)","background-image":"","background-repeat":"repeat","background-position":"center center","background-size":"auto","background-attachment":"scroll","background-type":"","background-media":"","overlay-type":"","overlay-color":"","overlay-opacity":"","overlay-gradient":""},"mobile":{"background-color":"var(--ast-global-color-5)","background-image":"","background-repeat":"repeat","background-position":"center center","background-size":"auto","background-attachment":"scroll","background-type":"","background-media":"","overlay-type":"","overlay-color":"","overlay-opacity":"","overlay-gradient":""}},"_jetpack_memberships_contains_paid_content":false,"_joinchat":[],"footnotes":""},"categories":[2256,2],"tags":[3120,2865,1232,2130,2623,2597,2248],"class_list":["post-23529","post","type-post","status-publish","format-standard","has-post-thumbnail","hentry","category-coronavirus","category-villa-maria","tag-coe-regional","tag-covid-19-2","tag-destacado","tag-hospital-pasteur","tag-informe-epidemiologico","tag-nuevos-casos","tag-villa-maria-2"],"yoast_head":"<!-- This site is optimized with the Yoast SEO plugin v26.8 - https:\/\/yoast.com\/product\/yoast-seo-wordpress\/ -->\n<title>Villa Mar\u00eda: 10 nuevos casos y 341 en total - El Regional<\/title>\n<meta name=\"description\" content=\"En un nuevo informe, autoridades municipales confirmaron 10 nuevos casos positivos de Covid 19. Los casos totales son 341 y los activos suman 153.\" \/>\n<meta name=\"robots\" content=\"index, follow, max-snippet:-1, max-image-preview:large, max-video-preview:-1\" \/>\n<link rel=\"canonical\" href=\"http:\/\/elregionalvm.com.ar\/noticias-villa-maria\/villa-maria-10-nuevos-casos-y-341-en-total\/\" \/>\n<meta property=\"og:locale\" content=\"es_ES\" \/>\n<meta property=\"og:type\" content=\"article\" \/>\n<meta property=\"og:title\" content=\"Villa Mar\u00eda: 10 nuevos casos y 341 en total - El Regional\" \/>\n<meta property=\"og:description\" content=\"En un nuevo informe, autoridades municipales confirmaron 10 nuevos casos positivos de Covid 19. Los casos totales son 341 y los activos suman 153.\" \/>\n<meta property=\"og:url\" content=\"http:\/\/elregionalvm.com.ar\/noticias-villa-maria\/villa-maria-10-nuevos-casos-y-341-en-total\/\" \/>\n<meta property=\"og:site_name\" content=\"El Regional\" \/>\n<meta property=\"article:publisher\" content=\"https:\/\/www.facebook.com\/elregionalvm\" \/>\n<meta property=\"article:published_time\" content=\"2020-09-09T00:34:15+00:00\" \/>\n<meta property=\"article:modified_time\" content=\"2020-09-09T02:01:24+00:00\" \/>\n<meta property=\"og:image\" content=\"http:\/\/elregionalvm.com.ar\/noticias-villa-maria\/wp-content\/uploads\/2020\/09\/Informe-diario-8-de-septiembre-corregido.jpeg\" \/>\n\t<meta property=\"og:image:width\" content=\"1280\" \/>\n\t<meta property=\"og:image:height\" content=\"1280\" \/>\n\t<meta property=\"og:image:type\" content=\"image\/jpeg\" \/>\n<meta name=\"author\" content=\"Contenidos El Regional\" \/>\n<meta name=\"twitter:card\" content=\"summary_large_image\" \/>\n<meta name=\"twitter:creator\" content=\"@elregionalvm1\" \/>\n<meta name=\"twitter:site\" content=\"@elregionalvm1\" \/>\n<meta name=\"twitter:label1\" content=\"Escrito por\" \/>\n\t<meta name=\"twitter:data1\" content=\"Contenidos El Regional\" \/>\n\t<meta name=\"twitter:label2\" content=\"Tiempo de lectura\" \/>\n\t<meta name=\"twitter:data2\" content=\"1 minuto\" \/>\n<script type=\"application\/ld+json\" class=\"yoast-schema-graph\">{\"@context\":\"https:\/\/schema.org\",\"@graph\":[{\"@type\":\"Article\",\"@id\":\"http:\/\/elregionalvm.com.ar\/noticias-villa-maria\/villa-maria-10-nuevos-casos-y-341-en-total\/#article\",\"isPartOf\":{\"@id\":\"http:\/\/elregionalvm.com.ar\/noticias-villa-maria\/villa-maria-10-nuevos-casos-y-341-en-total\/\"},\"author\":{\"name\":\"Contenidos El Regional\",\"@id\":\"http:\/\/elregionalvm.com.ar\/noticias-villa-maria\/#\/schema\/person\/a0fb9c422317faca23d50163151bc354\"},\"headline\":\"Villa Mar\u00eda: 10 nuevos casos y 341 en total\",\"datePublished\":\"2020-09-09T00:34:15+00:00\",\"dateModified\":\"2020-09-09T02:01:24+00:00\",\"mainEntityOfPage\":{\"@id\":\"http:\/\/elregionalvm.com.ar\/noticias-villa-maria\/villa-maria-10-nuevos-casos-y-341-en-total\/\"},\"wordCount\":255,\"commentCount\":0,\"image\":{\"@id\":\"http:\/\/elregionalvm.com.ar\/noticias-villa-maria\/villa-maria-10-nuevos-casos-y-341-en-total\/#primaryimage\"},\"thumbnailUrl\":\"https:\/\/i0.wp.com\/elregionalvm.com.ar\/noticias-villa-maria\/wp-content\/uploads\/2020\/09\/Informe-diario-8-de-septiembre-corregido.jpeg?fit=1280%2C1280&ssl=1\",\"keywords\":[\"COE Regional\",\"Covid 19\",\"destacado\",\"Hospital Pasteur\",\"Informe epidemiol\u00f3gico\",\"Nuevos casos\",\"Villa Mar\u00eda\"],\"articleSection\":[\"Coronavirus\",\"Villa Mar\u00eda\"],\"inLanguage\":\"es\",\"potentialAction\":[{\"@type\":\"CommentAction\",\"name\":\"Comment\",\"target\":[\"http:\/\/elregionalvm.com.ar\/noticias-villa-maria\/villa-maria-10-nuevos-casos-y-341-en-total\/#respond\"]}]},{\"@type\":\"WebPage\",\"@id\":\"http:\/\/elregionalvm.com.ar\/noticias-villa-maria\/villa-maria-10-nuevos-casos-y-341-en-total\/\",\"url\":\"http:\/\/elregionalvm.com.ar\/noticias-villa-maria\/villa-maria-10-nuevos-casos-y-341-en-total\/\",\"name\":\"Villa Mar\u00eda: 10 nuevos casos y 341 en total - El Regional\",\"isPartOf\":{\"@id\":\"http:\/\/elregionalvm.com.ar\/noticias-villa-maria\/#website\"},\"primaryImageOfPage\":{\"@id\":\"http:\/\/elregionalvm.com.ar\/noticias-villa-maria\/villa-maria-10-nuevos-casos-y-341-en-total\/#primaryimage\"},\"image\":{\"@id\":\"http:\/\/elregionalvm.com.ar\/noticias-villa-maria\/villa-maria-10-nuevos-casos-y-341-en-total\/#primaryimage\"},\"thumbnailUrl\":\"https:\/\/i0.wp.com\/elregionalvm.com.ar\/noticias-villa-maria\/wp-content\/uploads\/2020\/09\/Informe-diario-8-de-septiembre-corregido.jpeg?fit=1280%2C1280&ssl=1\",\"datePublished\":\"2020-09-09T00:34:15+00:00\",\"dateModified\":\"2020-09-09T02:01:24+00:00\",\"author\":{\"@id\":\"http:\/\/elregionalvm.com.ar\/noticias-villa-maria\/#\/schema\/person\/a0fb9c422317faca23d50163151bc354\"},\"description\":\"En un nuevo informe, autoridades municipales confirmaron 10 nuevos casos positivos de Covid 19. Los casos totales son 341 y los activos suman 153.\",\"breadcrumb\":{\"@id\":\"http:\/\/elregionalvm.com.ar\/noticias-villa-maria\/villa-maria-10-nuevos-casos-y-341-en-total\/#breadcrumb\"},\"inLanguage\":\"es\",\"potentialAction\":[{\"@type\":\"ReadAction\",\"target\":[\"http:\/\/elregionalvm.com.ar\/noticias-villa-maria\/villa-maria-10-nuevos-casos-y-341-en-total\/\"]}]},{\"@type\":\"ImageObject\",\"inLanguage\":\"es\",\"@id\":\"http:\/\/elregionalvm.com.ar\/noticias-villa-maria\/villa-maria-10-nuevos-casos-y-341-en-total\/#primaryimage\",\"url\":\"https:\/\/i0.wp.com\/elregionalvm.com.ar\/noticias-villa-maria\/wp-content\/uploads\/2020\/09\/Informe-diario-8-de-septiembre-corregido.jpeg?fit=1280%2C1280&ssl=1\",\"contentUrl\":\"https:\/\/i0.wp.com\/elregionalvm.com.ar\/noticias-villa-maria\/wp-content\/uploads\/2020\/09\/Informe-diario-8-de-septiembre-corregido.jpeg?fit=1280%2C1280&ssl=1\",\"width\":1280,\"height\":1280},{\"@type\":\"BreadcrumbList\",\"@id\":\"http:\/\/elregionalvm.com.ar\/noticias-villa-maria\/villa-maria-10-nuevos-casos-y-341-en-total\/#breadcrumb\",\"itemListElement\":[{\"@type\":\"ListItem\",\"position\":1,\"name\":\"Portada\",\"item\":\"https:\/\/elregionalvm.com.ar\/noticias-villa-maria\/\"},{\"@type\":\"ListItem\",\"position\":2,\"name\":\"Villa Mar\u00eda: 10 nuevos casos y 341 en total\"}]},{\"@type\":\"WebSite\",\"@id\":\"http:\/\/elregionalvm.com.ar\/noticias-villa-maria\/#website\",\"url\":\"http:\/\/elregionalvm.com.ar\/noticias-villa-maria\/\",\"name\":\"El Regional\",\"description\":\"Mucho m\u00e1s que informaci\u00f3n\",\"potentialAction\":[{\"@type\":\"SearchAction\",\"target\":{\"@type\":\"EntryPoint\",\"urlTemplate\":\"http:\/\/elregionalvm.com.ar\/noticias-villa-maria\/?s={search_term_string}\"},\"query-input\":{\"@type\":\"PropertyValueSpecification\",\"valueRequired\":true,\"valueName\":\"search_term_string\"}}],\"inLanguage\":\"es\"},{\"@type\":\"Person\",\"@id\":\"http:\/\/elregionalvm.com.ar\/noticias-villa-maria\/#\/schema\/person\/a0fb9c422317faca23d50163151bc354\",\"name\":\"Contenidos El Regional\",\"image\":{\"@type\":\"ImageObject\",\"inLanguage\":\"es\",\"@id\":\"http:\/\/elregionalvm.com.ar\/noticias-villa-maria\/#\/schema\/person\/image\/\",\"url\":\"https:\/\/secure.gravatar.com\/avatar\/265b27cb2209af7bb3a1318f03305787d7981a5cc6e6cd08fe5a4ecdf99d4b48?s=96&d=mm&r=g\",\"contentUrl\":\"https:\/\/secure.gravatar.com\/avatar\/265b27cb2209af7bb3a1318f03305787d7981a5cc6e6cd08fe5a4ecdf99d4b48?s=96&d=mm&r=g\",\"caption\":\"Contenidos El Regional\"},\"url\":\"https:\/\/elregionalvm.com.ar\/noticias-villa-maria\/author\/contenido\/\"}]}<\/script>\n<!-- \/ Yoast SEO plugin. -->","yoast_head_json":{"title":"Villa Mar\u00eda: 10 nuevos casos y 341 en total - El Regional","description":"En un nuevo informe, autoridades municipales confirmaron 10 nuevos casos positivos de Covid 19. Los casos totales son 341 y los activos suman 153.","robots":{"index":"index","follow":"follow","max-snippet":"max-snippet:-1","max-image-preview":"max-image-preview:large","max-video-preview":"max-video-preview:-1"},"canonical":"http:\/\/elregionalvm.com.ar\/noticias-villa-maria\/villa-maria-10-nuevos-casos-y-341-en-total\/","og_locale":"es_ES","og_type":"article","og_title":"Villa Mar\u00eda: 10 nuevos casos y 341 en total - El Regional","og_description":"En un nuevo informe, autoridades municipales confirmaron 10 nuevos casos positivos de Covid 19. Los casos totales son 341 y los activos suman 153.","og_url":"http:\/\/elregionalvm.com.ar\/noticias-villa-maria\/villa-maria-10-nuevos-casos-y-341-en-total\/","og_site_name":"El Regional","article_publisher":"https:\/\/www.facebook.com\/elregionalvm","article_published_time":"2020-09-09T00:34:15+00:00","article_modified_time":"2020-09-09T02:01:24+00:00","og_image":[{"width":1280,"height":1280,"url":"http:\/\/elregionalvm.com.ar\/noticias-villa-maria\/wp-content\/uploads\/2020\/09\/Informe-diario-8-de-septiembre-corregido.jpeg","type":"image\/jpeg"}],"author":"Contenidos El Regional","twitter_card":"summary_large_image","twitter_creator":"@elregionalvm1","twitter_site":"@elregionalvm1","twitter_misc":{"Escrito por":"Contenidos El Regional","Tiempo de lectura":"1 minuto"},"schema":{"@context":"https:\/\/schema.org","@graph":[{"@type":"Article","@id":"http:\/\/elregionalvm.com.ar\/noticias-villa-maria\/villa-maria-10-nuevos-casos-y-341-en-total\/#article","isPartOf":{"@id":"http:\/\/elregionalvm.com.ar\/noticias-villa-maria\/villa-maria-10-nuevos-casos-y-341-en-total\/"},"author":{"name":"Contenidos El Regional","@id":"http:\/\/elregionalvm.com.ar\/noticias-villa-maria\/#\/schema\/person\/a0fb9c422317faca23d50163151bc354"},"headline":"Villa Mar\u00eda: 10 nuevos casos y 341 en total","datePublished":"2020-09-09T00:34:15+00:00","dateModified":"2020-09-09T02:01:24+00:00","mainEntityOfPage":{"@id":"http:\/\/elregionalvm.com.ar\/noticias-villa-maria\/villa-maria-10-nuevos-casos-y-341-en-total\/"},"wordCount":255,"commentCount":0,"image":{"@id":"http:\/\/elregionalvm.com.ar\/noticias-villa-maria\/villa-maria-10-nuevos-casos-y-341-en-total\/#primaryimage"},"thumbnailUrl":"https:\/\/i0.wp.com\/elregionalvm.com.ar\/noticias-villa-maria\/wp-content\/uploads\/2020\/09\/Informe-diario-8-de-septiembre-corregido.jpeg?fit=1280%2C1280&ssl=1","keywords":["COE Regional","Covid 19","destacado","Hospital Pasteur","Informe epidemiol\u00f3gico","Nuevos casos","Villa Mar\u00eda"],"articleSection":["Coronavirus","Villa Mar\u00eda"],"inLanguage":"es","potentialAction":[{"@type":"CommentAction","name":"Comment","target":["http:\/\/elregionalvm.com.ar\/noticias-villa-maria\/villa-maria-10-nuevos-casos-y-341-en-total\/#respond"]}]},{"@type":"WebPage","@id":"http:\/\/elregionalvm.com.ar\/noticias-villa-maria\/villa-maria-10-nuevos-casos-y-341-en-total\/","url":"http:\/\/elregionalvm.com.ar\/noticias-villa-maria\/villa-maria-10-nuevos-casos-y-341-en-total\/","name":"Villa Mar\u00eda: 10 nuevos casos y 341 en total - El Regional","isPartOf":{"@id":"http:\/\/elregionalvm.com.ar\/noticias-villa-maria\/#website"},"primaryImageOfPage":{"@id":"http:\/\/elregionalvm.com.ar\/noticias-villa-maria\/villa-maria-10-nuevos-casos-y-341-en-total\/#primaryimage"},"image":{"@id":"http:\/\/elregionalvm.com.ar\/noticias-villa-maria\/villa-maria-10-nuevos-casos-y-341-en-total\/#primaryimage"},"thumbnailUrl":"https:\/\/i0.wp.com\/elregionalvm.com.ar\/noticias-villa-maria\/wp-content\/uploads\/2020\/09\/Informe-diario-8-de-septiembre-corregido.jpeg?fit=1280%2C1280&ssl=1","datePublished":"2020-09-09T00:34:15+00:00","dateModified":"2020-09-09T02:01:24+00:00","author":{"@id":"http:\/\/elregionalvm.com.ar\/noticias-villa-maria\/#\/schema\/person\/a0fb9c422317faca23d50163151bc354"},"description":"En un nuevo informe, autoridades municipales confirmaron 10 nuevos casos positivos de Covid 19. Los casos totales son 341 y los activos suman 153.","breadcrumb":{"@id":"http:\/\/elregionalvm.com.ar\/noticias-villa-maria\/villa-maria-10-nuevos-casos-y-341-en-total\/#breadcrumb"},"inLanguage":"es","potentialAction":[{"@type":"ReadAction","target":["http:\/\/elregionalvm.com.ar\/noticias-villa-maria\/villa-maria-10-nuevos-casos-y-341-en-total\/"]}]},{"@type":"ImageObject","inLanguage":"es","@id":"http:\/\/elregionalvm.com.ar\/noticias-villa-maria\/villa-maria-10-nuevos-casos-y-341-en-total\/#primaryimage","url":"https:\/\/i0.wp.com\/elregionalvm.com.ar\/noticias-villa-maria\/wp-content\/uploads\/2020\/09\/Informe-diario-8-de-septiembre-corregido.jpeg?fit=1280%2C1280&ssl=1","contentUrl":"https:\/\/i0.wp.com\/elregionalvm.com.ar\/noticias-villa-maria\/wp-content\/uploads\/2020\/09\/Informe-diario-8-de-septiembre-corregido.jpeg?fit=1280%2C1280&ssl=1","width":1280,"height":1280},{"@type":"BreadcrumbList","@id":"http:\/\/elregionalvm.com.ar\/noticias-villa-maria\/villa-maria-10-nuevos-casos-y-341-en-total\/#breadcrumb","itemListElement":[{"@type":"ListItem","position":1,"name":"Portada","item":"https:\/\/elregionalvm.com.ar\/noticias-villa-maria\/"},{"@type":"ListItem","position":2,"name":"Villa Mar\u00eda: 10 nuevos casos y 341 en total"}]},{"@type":"WebSite","@id":"http:\/\/elregionalvm.com.ar\/noticias-villa-maria\/#website","url":"http:\/\/elregionalvm.com.ar\/noticias-villa-maria\/","name":"El Regional","description":"Mucho m\u00e1s que informaci\u00f3n","potentialAction":[{"@type":"SearchAction","target":{"@type":"EntryPoint","urlTemplate":"http:\/\/elregionalvm.com.ar\/noticias-villa-maria\/?s={search_term_string}"},"query-input":{"@type":"PropertyValueSpecification","valueRequired":true,"valueName":"search_term_string"}}],"inLanguage":"es"},{"@type":"Person","@id":"http:\/\/elregionalvm.com.ar\/noticias-villa-maria\/#\/schema\/person\/a0fb9c422317faca23d50163151bc354","name":"Contenidos El Regional","image":{"@type":"ImageObject","inLanguage":"es","@id":"http:\/\/elregionalvm.com.ar\/noticias-villa-maria\/#\/schema\/person\/image\/","url":"https:\/\/secure.gravatar.com\/avatar\/265b27cb2209af7bb3a1318f03305787d7981a5cc6e6cd08fe5a4ecdf99d4b48?s=96&d=mm&r=g","contentUrl":"https:\/\/secure.gravatar.com\/avatar\/265b27cb2209af7bb3a1318f03305787d7981a5cc6e6cd08fe5a4ecdf99d4b48?s=96&d=mm&r=g","caption":"Contenidos El Regional"},"url":"https:\/\/elregionalvm.com.ar\/noticias-villa-maria\/author\/contenido\/"}]}},"jetpack_featured_media_url":"https:\/\/i0.wp.com\/elregionalvm.com.ar\/noticias-villa-maria\/wp-content\/uploads\/2020\/09\/Informe-diario-8-de-septiembre-corregido.jpeg?fit=1280%2C1280&ssl=1","jetpack_sharing_enabled":true,"_links":{"self":[{"href":"https:\/\/elregionalvm.com.ar\/noticias-villa-maria\/wp-json\/wp\/v2\/posts\/23529","targetHints":{"allow":["GET"]}}],"collection":[{"href":"https:\/\/elregionalvm.com.ar\/noticias-villa-maria\/wp-json\/wp\/v2\/posts"}],"about":[{"href":"https:\/\/elregionalvm.com.ar\/noticias-villa-maria\/wp-json\/wp\/v2\/types\/post"}],"author":[{"embeddable":true,"href":"https:\/\/elregionalvm.com.ar\/noticias-villa-maria\/wp-json\/wp\/v2\/users\/4"}],"replies":[{"embeddable":true,"href":"https:\/\/elregionalvm.com.ar\/noticias-villa-maria\/wp-json\/wp\/v2\/comments?post=23529"}],"version-history":[{"count":4,"href":"https:\/\/elregionalvm.com.ar\/noticias-villa-maria\/wp-json\/wp\/v2\/posts\/23529\/revisions"}],"predecessor-version":[{"id":23535,"href":"https:\/\/elregionalvm.com.ar\/noticias-villa-maria\/wp-json\/wp\/v2\/posts\/23529\/revisions\/23535"}],"wp:featuredmedia":[{"embeddable":true,"href":"https:\/\/elregionalvm.com.ar\/noticias-villa-maria\/wp-json\/wp\/v2\/media\/23536"}],"wp:attachment":[{"href":"https:\/\/elregionalvm.com.ar\/noticias-villa-maria\/wp-json\/wp\/v2\/media?parent=23529"}],"wp:term":[{"taxonomy":"category","embeddable":true,"href":"https:\/\/elregionalvm.com.ar\/noticias-villa-maria\/wp-json\/wp\/v2\/categories?post=23529"},{"taxonomy":"post_tag","embeddable":true,"href":"https:\/\/elregionalvm.com.ar\/noticias-villa-maria\/wp-json\/wp\/v2\/tags?post=23529"}],"curies":[{"name":"wp","href":"https:\/\/api.w.org\/{rel}","templated":true}]}}