{"id":23547,"date":"2020-09-09T14:09:18","date_gmt":"2020-09-09T14:09:18","guid":{"rendered":"https:\/\/elregionalvm.com.ar\/noticias-villa-maria\/?p=23547"},"modified":"2020-09-10T17:47:37","modified_gmt":"2020-09-10T17:47:37","slug":"geriatrico-confirman-nuevos-casos-en-abuelos-y-personal","status":"publish","type":"post","link":"https:\/\/elregionalvm.com.ar\/noticias-villa-maria\/geriatrico-confirman-nuevos-casos-en-abuelos-y-personal\/","title":{"rendered":"Geri\u00e1trico: confirman nuevos casos en abuelos y personal"},"content":{"rendered":"\n<p>A los cuatro casos positivos de Covid 19 registrados en residentes de un geri\u00e1trico de Villa Mar\u00eda, se suman nuevos casos en abuelos y personal.<\/p>\n\n\n\n<p>As\u00ed lo confirm\u00f3 en di\u00e1logo con<strong><a href=\"http:\/\/www.elregionalvm.com.ar\"> EL REGIONAL<\/a><\/strong> la responsable del establecimiento ubicado en Bulevar Sarmiento 2310, a cargo de la Fundaci\u00f3n C\u00e1ntaros, Silvina Broggi.<\/p>\n\n\n\n<p>\u201cHan llegado nuevos resultados con pacientes positivos, portadores del virus, pero totalmente asintom\u00e1ticos. Est\u00e1n estables, pero se han derivado a diferentes cl\u00ednicas de la ciudad para ser monitoreados\u201d, explic\u00f3 Broggi.<\/p>\n\n\n\n<p>Parte del personal tambi\u00e9n dio resultado positivo tras los hisopados analizados de manera urgente por el Laboratorio Central. \u201cSon todas asintom\u00e1ticas y tambi\u00e9n ya han sido aisladas. Se encuentran en sus domicilios\u201d, aclar\u00f3. &nbsp;&nbsp;<\/p>\n\n\n\n<p><strong>Las cifras<\/strong><\/p>\n\n\n\n<p>Respecto de la cantidad de casos, la directiva no confirm\u00f3 una cifra exacta. \u201cNo tenemos n\u00fameros oficiales definitivos. A\u00fan faltan algunos resultados\u201d, expres\u00f3.<\/p>\n\n\n\n<p>Extraoficialmente se pudo conocer que se habr\u00eda realizado unos 40 hisopados, de los cuales entre 20 y 25 pertenecer\u00edan a residentes en la instituci\u00f3n y el resto, al personal.<\/p>\n\n\n\n<p>Seg\u00fan pudo conocer este medio, los contagiados ser\u00edan alrededor de 15, entre adultos mayores y personal. Aunque, la informaci\u00f3n no pudo ser confirmada de manera oficial.<\/p>\n\n\n\n<p><strong>Medidas y controles<\/strong><\/p>\n\n\n\n<p>La representante legal de la fundaci\u00f3n remarc\u00f3 que se procedi\u00f3 a la desinfecci\u00f3n del inmueble y que all\u00ed permanecen quienes tuvieron resultados negativos.<\/p>\n\n\n\n<p>\u201cEn la instituci\u00f3n estamos viviendo los que hemos dado negativo, tanto de pacientes como personal, para evitar toda circulaci\u00f3n\u201d, indic\u00f3.<\/p>\n\n\n\n<p>\u201cEstamos con todas las energ\u00edas en cuidar a los abuelos sanos, en rezar mucho para que los contagiados tengan s\u00edntomas leves y puedan volver pronto con nosotros. Y para que el personal tenga fuerzas para superar todo esto\u201d, destac\u00f3.<\/p>\n\n\n\n<p>\u201cEstamos abocados a dar informaci\u00f3n y acompa\u00f1ar a las familias como lo hemos hecho siempre trabajando en equipo\u201d, finaliz\u00f3 Broggi.<\/p>\n\n\n\n<p><\/p>\n\n\n\n<figure class=\"wp-block-image size-large\"><img data-recalc-dims=\"1\" fetchpriority=\"high\" decoding=\"async\" width=\"720\" height=\"540\" src=\"https:\/\/i0.wp.com\/elregionalvm.com.ar\/noticias-villa-maria\/wp-content\/uploads\/2020\/09\/Geriatrico-.jpeg?resize=720%2C540&#038;ssl=1\" alt=\"\" class=\"wp-image-23549\" srcset=\"https:\/\/i0.wp.com\/elregionalvm.com.ar\/noticias-villa-maria\/wp-content\/uploads\/2020\/09\/Geriatrico-.jpeg?w=720&amp;ssl=1 720w, https:\/\/i0.wp.com\/elregionalvm.com.ar\/noticias-villa-maria\/wp-content\/uploads\/2020\/09\/Geriatrico-.jpeg?resize=300%2C225&amp;ssl=1 300w\" sizes=\"(max-width: 720px) 100vw, 720px\" \/><figcaption><em>Frente del establecimiento donde se detectaron nuevos contagios. <\/em><\/figcaption><\/figure>\n\n\n\n<p><\/p>\n\n\n\n<p><strong>Comunicado<\/strong><\/p>\n\n\n\n<p>La Fundaci\u00f3n C\u00e1ntaros hab\u00eda emitido un comunicado informando de la situaci\u00f3n de los cuatro casos iniciales.<\/p>\n\n\n\n<p>\u201cEste fin de semana se han detectado 4 positivos entre los residentes, los mismos han sido trasladados a diferentes cl\u00ednicas de la ciudad, tres de ellos se encuentran con s\u00edntomas leves y uno transitando patolog\u00edas previas que se suman a su cuadro de COVID\u201d.<\/p>\n\n\n\n<p>\u201cFueron r\u00e1pidamente detectados gracias al accionar de los equipos liderados por la Dra. Graciela ORTEGA y la secretaria de habilitaciones municipales Valeria SUAREZ. Siguiendo el protocolo toda la poblaci\u00f3n, aun siendo asintom\u00e1tica, ha sido hisopada (personal y pacientes), por lo que nos encontramos a la espera de dichos resultados\u201d, continu\u00f3 el texto.<\/p>\n\n\n\n<p>\u201cDestacamos la heroica reacci\u00f3n de todos nuestros trabajadores, quienes, de manera un\u00e1nime, junto a nuestra presidente Silvina BROGGI decidieron atrincherarse en nuestra residencia, dejando a sus obligaciones familiares y meti\u00e9ndose de lleno en la vocaci\u00f3n que las llama: la de cuidar de nuestros adultos mayores\u201d, remarc\u00f3.<\/p>\n\n\n\n<p>\u201cDecidimos formar grupos de profesionales que vivir\u00e1n durante 14 d\u00edas con los residentes hasta ser reemplazados por el siguiente equipo, el cual contar\u00e1 con un hisopado previo para asegurarnos de mantener lo m\u00e1s est\u00e9ril posible la circulaci\u00f3n aqu\u00ed adentro\u201d, finaliz\u00f3 el parte.<\/p>\n","protected":false},"excerpt":{"rendered":"<p>A los cuatro casos positivos de Covid 19 registrados en residentes de un geri\u00e1trico de Villa Mar\u00eda, se suman nuevos casos en abuelos y personal. As\u00ed lo confirm\u00f3 en di\u00e1logo con EL REGIONAL la responsable del establecimiento ubicado en Bulevar Sarmiento 2310, a cargo de la Fundaci\u00f3n C\u00e1ntaros, Silvina Broggi. \u201cHan llegado nuevos resultados con [&hellip;]<\/p>\n","protected":false},"author":6,"featured_media":23585,"comment_status":"open","ping_status":"open","sticky":false,"template":"","format":"standard","meta":{"site-sidebar-layout":"default","site-content-layout":"default","ast-site-content-layout":"default","site-content-style":"default","site-sidebar-style":"default","ast-global-header-display":"","ast-banner-title-visibility":"","ast-main-header-display":"","ast-hfb-above-header-display":"","ast-hfb-below-header-display":"","ast-hfb-mobile-header-display":"","site-post-title":"","ast-breadcrumbs-content":"","ast-featured-img":"","footer-sml-layout":"","ast-disable-related-posts":"","theme-transparent-header-meta":"default","adv-header-id-meta":"","stick-header-meta":"","header-above-stick-meta":"","header-main-stick-meta":"","header-below-stick-meta":"","astra-migrate-meta-layouts":"default","ast-page-background-enabled":"default","ast-page-background-meta":{"desktop":{"background-color":"","background-image":"","background-repeat":"repeat","background-position":"center center","background-size":"auto","background-attachment":"scroll","background-type":"","background-media":"","overlay-type":"","overlay-color":"","overlay-opacity":"","overlay-gradient":""},"tablet":{"background-color":"","background-image":"","background-repeat":"repeat","background-position":"center center","background-size":"auto","background-attachment":"scroll","background-type":"","background-media":"","overlay-type":"","overlay-color":"","overlay-opacity":"","overlay-gradient":""},"mobile":{"background-color":"","background-image":"","background-repeat":"repeat","background-position":"center center","background-size":"auto","background-attachment":"scroll","background-type":"","background-media":"","overlay-type":"","overlay-color":"","overlay-opacity":"","overlay-gradient":""}},"ast-content-background-meta":{"desktop":{"background-color":"var(--ast-global-color-5)","background-image":"","background-repeat":"repeat","background-position":"center center","background-size":"auto","background-attachment":"scroll","background-type":"","background-media":"","overlay-type":"","overlay-color":"","overlay-opacity":"","overlay-gradient":""},"tablet":{"background-color":"var(--ast-global-color-5)","background-image":"","background-repeat":"repeat","background-position":"center center","background-size":"auto","background-attachment":"scroll","background-type":"","background-media":"","overlay-type":"","overlay-color":"","overlay-opacity":"","overlay-gradient":""},"mobile":{"background-color":"var(--ast-global-color-5)","background-image":"","background-repeat":"repeat","background-position":"center center","background-size":"auto","background-attachment":"scroll","background-type":"","background-media":"","overlay-type":"","overlay-color":"","overlay-opacity":"","overlay-gradient":""}},"_jetpack_memberships_contains_paid_content":false,"_joinchat":[],"footnotes":""},"categories":[2256,3557,2],"tags":[2271,2865,3832,2597,3833],"class_list":["post-23547","post","type-post","status-publish","format-standard","has-post-thumbnail","hentry","category-coronavirus","category-tercera","category-villa-maria","tag-adultos-mayores","tag-covid-19-2","tag-geriatrico","tag-nuevos-casos","tag-personal"],"yoast_head":"<!-- This site is optimized with the Yoast SEO plugin v26.8 - https:\/\/yoast.com\/product\/yoast-seo-wordpress\/ -->\n<title>Geri\u00e1trico: confirman nuevos casos en abuelos y personal - El Regional<\/title>\n<meta name=\"description\" content=\"A los cuatro casos positivos de Covid 19 registrados en residentes de un geri\u00e1trico, se suman nuevos casos en abuelos y personal. Ser\u00edan alreder de 15.\" \/>\n<meta name=\"robots\" content=\"index, follow, max-snippet:-1, max-image-preview:large, max-video-preview:-1\" \/>\n<link rel=\"canonical\" href=\"http:\/\/elregionalvm.com.ar\/noticias-villa-maria\/geriatrico-confirman-nuevos-casos-en-abuelos-y-personal\/\" \/>\n<meta property=\"og:locale\" content=\"es_ES\" \/>\n<meta property=\"og:type\" content=\"article\" \/>\n<meta property=\"og:title\" content=\"Geri\u00e1trico: confirman nuevos casos en abuelos y personal - El Regional\" \/>\n<meta property=\"og:description\" content=\"A los cuatro casos positivos de Covid 19 registrados en residentes de un geri\u00e1trico, se suman nuevos casos en abuelos y personal. Ser\u00edan alreder de 15.\" \/>\n<meta property=\"og:url\" content=\"http:\/\/elregionalvm.com.ar\/noticias-villa-maria\/geriatrico-confirman-nuevos-casos-en-abuelos-y-personal\/\" \/>\n<meta property=\"og:site_name\" content=\"El Regional\" \/>\n<meta property=\"article:publisher\" content=\"https:\/\/www.facebook.com\/elregionalvm\" \/>\n<meta property=\"article:published_time\" content=\"2020-09-09T14:09:18+00:00\" \/>\n<meta property=\"article:modified_time\" content=\"2020-09-10T17:47:37+00:00\" \/>\n<meta property=\"og:image\" content=\"http:\/\/elregionalvm.com.ar\/noticias-villa-maria\/wp-content\/uploads\/2020\/09\/Geri\u00e1trico-2.jpeg\" \/>\n\t<meta property=\"og:image:width\" content=\"720\" \/>\n\t<meta property=\"og:image:height\" content=\"540\" \/>\n\t<meta property=\"og:image:type\" content=\"image\/jpeg\" \/>\n<meta name=\"author\" content=\"Germ\u00e1n Giacchero\" \/>\n<meta name=\"twitter:card\" content=\"summary_large_image\" \/>\n<meta name=\"twitter:creator\" content=\"@elregionalvm1\" \/>\n<meta name=\"twitter:site\" content=\"@elregionalvm1\" \/>\n<meta name=\"twitter:label1\" content=\"Escrito por\" \/>\n\t<meta name=\"twitter:data1\" content=\"Germ\u00e1n Giacchero\" \/>\n\t<meta name=\"twitter:label2\" content=\"Tiempo de lectura\" \/>\n\t<meta name=\"twitter:data2\" content=\"3 minutos\" \/>\n<script type=\"application\/ld+json\" class=\"yoast-schema-graph\">{\"@context\":\"https:\/\/schema.org\",\"@graph\":[{\"@type\":\"Article\",\"@id\":\"http:\/\/elregionalvm.com.ar\/noticias-villa-maria\/geriatrico-confirman-nuevos-casos-en-abuelos-y-personal\/#article\",\"isPartOf\":{\"@id\":\"http:\/\/elregionalvm.com.ar\/noticias-villa-maria\/geriatrico-confirman-nuevos-casos-en-abuelos-y-personal\/\"},\"author\":{\"name\":\"Germ\u00e1n Giacchero\",\"@id\":\"http:\/\/elregionalvm.com.ar\/noticias-villa-maria\/#\/schema\/person\/d5e4b04966154131701e52c45d3efec9\"},\"headline\":\"Geri\u00e1trico: confirman nuevos casos en abuelos y personal\",\"datePublished\":\"2020-09-09T14:09:18+00:00\",\"dateModified\":\"2020-09-10T17:47:37+00:00\",\"mainEntityOfPage\":{\"@id\":\"http:\/\/elregionalvm.com.ar\/noticias-villa-maria\/geriatrico-confirman-nuevos-casos-en-abuelos-y-personal\/\"},\"wordCount\":556,\"commentCount\":1,\"image\":{\"@id\":\"http:\/\/elregionalvm.com.ar\/noticias-villa-maria\/geriatrico-confirman-nuevos-casos-en-abuelos-y-personal\/#primaryimage\"},\"thumbnailUrl\":\"https:\/\/i0.wp.com\/elregionalvm.com.ar\/noticias-villa-maria\/wp-content\/uploads\/2020\/09\/Geri%C3%A1trico-2.jpeg?fit=720%2C540&ssl=1\",\"keywords\":[\"adultos mayores\",\"Covid 19\",\"Geri\u00e1trico\",\"Nuevos casos\",\"Personal\"],\"articleSection\":[\"Coronavirus\",\"tercera\",\"Villa Mar\u00eda\"],\"inLanguage\":\"es\",\"potentialAction\":[{\"@type\":\"CommentAction\",\"name\":\"Comment\",\"target\":[\"http:\/\/elregionalvm.com.ar\/noticias-villa-maria\/geriatrico-confirman-nuevos-casos-en-abuelos-y-personal\/#respond\"]}]},{\"@type\":\"WebPage\",\"@id\":\"http:\/\/elregionalvm.com.ar\/noticias-villa-maria\/geriatrico-confirman-nuevos-casos-en-abuelos-y-personal\/\",\"url\":\"http:\/\/elregionalvm.com.ar\/noticias-villa-maria\/geriatrico-confirman-nuevos-casos-en-abuelos-y-personal\/\",\"name\":\"Geri\u00e1trico: confirman nuevos casos en abuelos y personal - El Regional\",\"isPartOf\":{\"@id\":\"http:\/\/elregionalvm.com.ar\/noticias-villa-maria\/#website\"},\"primaryImageOfPage\":{\"@id\":\"http:\/\/elregionalvm.com.ar\/noticias-villa-maria\/geriatrico-confirman-nuevos-casos-en-abuelos-y-personal\/#primaryimage\"},\"image\":{\"@id\":\"http:\/\/elregionalvm.com.ar\/noticias-villa-maria\/geriatrico-confirman-nuevos-casos-en-abuelos-y-personal\/#primaryimage\"},\"thumbnailUrl\":\"https:\/\/i0.wp.com\/elregionalvm.com.ar\/noticias-villa-maria\/wp-content\/uploads\/2020\/09\/Geri%C3%A1trico-2.jpeg?fit=720%2C540&ssl=1\",\"datePublished\":\"2020-09-09T14:09:18+00:00\",\"dateModified\":\"2020-09-10T17:47:37+00:00\",\"author\":{\"@id\":\"http:\/\/elregionalvm.com.ar\/noticias-villa-maria\/#\/schema\/person\/d5e4b04966154131701e52c45d3efec9\"},\"description\":\"A los cuatro casos positivos de Covid 19 registrados en residentes de un geri\u00e1trico, se suman nuevos casos en abuelos y personal. Ser\u00edan alreder de 15.\",\"breadcrumb\":{\"@id\":\"http:\/\/elregionalvm.com.ar\/noticias-villa-maria\/geriatrico-confirman-nuevos-casos-en-abuelos-y-personal\/#breadcrumb\"},\"inLanguage\":\"es\",\"potentialAction\":[{\"@type\":\"ReadAction\",\"target\":[\"http:\/\/elregionalvm.com.ar\/noticias-villa-maria\/geriatrico-confirman-nuevos-casos-en-abuelos-y-personal\/\"]}]},{\"@type\":\"ImageObject\",\"inLanguage\":\"es\",\"@id\":\"http:\/\/elregionalvm.com.ar\/noticias-villa-maria\/geriatrico-confirman-nuevos-casos-en-abuelos-y-personal\/#primaryimage\",\"url\":\"https:\/\/i0.wp.com\/elregionalvm.com.ar\/noticias-villa-maria\/wp-content\/uploads\/2020\/09\/Geri%C3%A1trico-2.jpeg?fit=720%2C540&ssl=1\",\"contentUrl\":\"https:\/\/i0.wp.com\/elregionalvm.com.ar\/noticias-villa-maria\/wp-content\/uploads\/2020\/09\/Geri%C3%A1trico-2.jpeg?fit=720%2C540&ssl=1\",\"width\":720,\"height\":540},{\"@type\":\"BreadcrumbList\",\"@id\":\"http:\/\/elregionalvm.com.ar\/noticias-villa-maria\/geriatrico-confirman-nuevos-casos-en-abuelos-y-personal\/#breadcrumb\",\"itemListElement\":[{\"@type\":\"ListItem\",\"position\":1,\"name\":\"Portada\",\"item\":\"https:\/\/elregionalvm.com.ar\/noticias-villa-maria\/\"},{\"@type\":\"ListItem\",\"position\":2,\"name\":\"Geri\u00e1trico: confirman nuevos casos en abuelos y personal\"}]},{\"@type\":\"WebSite\",\"@id\":\"http:\/\/elregionalvm.com.ar\/noticias-villa-maria\/#website\",\"url\":\"http:\/\/elregionalvm.com.ar\/noticias-villa-maria\/\",\"name\":\"El Regional\",\"description\":\"Mucho m\u00e1s que informaci\u00f3n\",\"potentialAction\":[{\"@type\":\"SearchAction\",\"target\":{\"@type\":\"EntryPoint\",\"urlTemplate\":\"http:\/\/elregionalvm.com.ar\/noticias-villa-maria\/?s={search_term_string}\"},\"query-input\":{\"@type\":\"PropertyValueSpecification\",\"valueRequired\":true,\"valueName\":\"search_term_string\"}}],\"inLanguage\":\"es\"},{\"@type\":\"Person\",\"@id\":\"http:\/\/elregionalvm.com.ar\/noticias-villa-maria\/#\/schema\/person\/d5e4b04966154131701e52c45d3efec9\",\"name\":\"Germ\u00e1n Giacchero\",\"image\":{\"@type\":\"ImageObject\",\"inLanguage\":\"es\",\"@id\":\"http:\/\/elregionalvm.com.ar\/noticias-villa-maria\/#\/schema\/person\/image\/\",\"url\":\"https:\/\/secure.gravatar.com\/avatar\/fda163ba5ef0307ee5be9846e10f83b6e83d0cfb260d3b2464830318894c6b04?s=96&d=mm&r=g\",\"contentUrl\":\"https:\/\/secure.gravatar.com\/avatar\/fda163ba5ef0307ee5be9846e10f83b6e83d0cfb260d3b2464830318894c6b04?s=96&d=mm&r=g\",\"caption\":\"Germ\u00e1n Giacchero\"},\"url\":\"https:\/\/elregionalvm.com.ar\/noticias-villa-maria\/author\/germangiacchero\/\"}]}<\/script>\n<!-- \/ Yoast SEO plugin. -->","yoast_head_json":{"title":"Geri\u00e1trico: confirman nuevos casos en abuelos y personal - El Regional","description":"A los cuatro casos positivos de Covid 19 registrados en residentes de un geri\u00e1trico, se suman nuevos casos en abuelos y personal. Ser\u00edan alreder de 15.","robots":{"index":"index","follow":"follow","max-snippet":"max-snippet:-1","max-image-preview":"max-image-preview:large","max-video-preview":"max-video-preview:-1"},"canonical":"http:\/\/elregionalvm.com.ar\/noticias-villa-maria\/geriatrico-confirman-nuevos-casos-en-abuelos-y-personal\/","og_locale":"es_ES","og_type":"article","og_title":"Geri\u00e1trico: confirman nuevos casos en abuelos y personal - El Regional","og_description":"A los cuatro casos positivos de Covid 19 registrados en residentes de un geri\u00e1trico, se suman nuevos casos en abuelos y personal. Ser\u00edan alreder de 15.","og_url":"http:\/\/elregionalvm.com.ar\/noticias-villa-maria\/geriatrico-confirman-nuevos-casos-en-abuelos-y-personal\/","og_site_name":"El Regional","article_publisher":"https:\/\/www.facebook.com\/elregionalvm","article_published_time":"2020-09-09T14:09:18+00:00","article_modified_time":"2020-09-10T17:47:37+00:00","og_image":[{"width":720,"height":540,"url":"http:\/\/elregionalvm.com.ar\/noticias-villa-maria\/wp-content\/uploads\/2020\/09\/Geri\u00e1trico-2.jpeg","type":"image\/jpeg"}],"author":"Germ\u00e1n Giacchero","twitter_card":"summary_large_image","twitter_creator":"@elregionalvm1","twitter_site":"@elregionalvm1","twitter_misc":{"Escrito por":"Germ\u00e1n Giacchero","Tiempo de lectura":"3 minutos"},"schema":{"@context":"https:\/\/schema.org","@graph":[{"@type":"Article","@id":"http:\/\/elregionalvm.com.ar\/noticias-villa-maria\/geriatrico-confirman-nuevos-casos-en-abuelos-y-personal\/#article","isPartOf":{"@id":"http:\/\/elregionalvm.com.ar\/noticias-villa-maria\/geriatrico-confirman-nuevos-casos-en-abuelos-y-personal\/"},"author":{"name":"Germ\u00e1n Giacchero","@id":"http:\/\/elregionalvm.com.ar\/noticias-villa-maria\/#\/schema\/person\/d5e4b04966154131701e52c45d3efec9"},"headline":"Geri\u00e1trico: confirman nuevos casos en abuelos y personal","datePublished":"2020-09-09T14:09:18+00:00","dateModified":"2020-09-10T17:47:37+00:00","mainEntityOfPage":{"@id":"http:\/\/elregionalvm.com.ar\/noticias-villa-maria\/geriatrico-confirman-nuevos-casos-en-abuelos-y-personal\/"},"wordCount":556,"commentCount":1,"image":{"@id":"http:\/\/elregionalvm.com.ar\/noticias-villa-maria\/geriatrico-confirman-nuevos-casos-en-abuelos-y-personal\/#primaryimage"},"thumbnailUrl":"https:\/\/i0.wp.com\/elregionalvm.com.ar\/noticias-villa-maria\/wp-content\/uploads\/2020\/09\/Geri%C3%A1trico-2.jpeg?fit=720%2C540&ssl=1","keywords":["adultos mayores","Covid 19","Geri\u00e1trico","Nuevos casos","Personal"],"articleSection":["Coronavirus","tercera","Villa Mar\u00eda"],"inLanguage":"es","potentialAction":[{"@type":"CommentAction","name":"Comment","target":["http:\/\/elregionalvm.com.ar\/noticias-villa-maria\/geriatrico-confirman-nuevos-casos-en-abuelos-y-personal\/#respond"]}]},{"@type":"WebPage","@id":"http:\/\/elregionalvm.com.ar\/noticias-villa-maria\/geriatrico-confirman-nuevos-casos-en-abuelos-y-personal\/","url":"http:\/\/elregionalvm.com.ar\/noticias-villa-maria\/geriatrico-confirman-nuevos-casos-en-abuelos-y-personal\/","name":"Geri\u00e1trico: confirman nuevos casos en abuelos y personal - El Regional","isPartOf":{"@id":"http:\/\/elregionalvm.com.ar\/noticias-villa-maria\/#website"},"primaryImageOfPage":{"@id":"http:\/\/elregionalvm.com.ar\/noticias-villa-maria\/geriatrico-confirman-nuevos-casos-en-abuelos-y-personal\/#primaryimage"},"image":{"@id":"http:\/\/elregionalvm.com.ar\/noticias-villa-maria\/geriatrico-confirman-nuevos-casos-en-abuelos-y-personal\/#primaryimage"},"thumbnailUrl":"https:\/\/i0.wp.com\/elregionalvm.com.ar\/noticias-villa-maria\/wp-content\/uploads\/2020\/09\/Geri%C3%A1trico-2.jpeg?fit=720%2C540&ssl=1","datePublished":"2020-09-09T14:09:18+00:00","dateModified":"2020-09-10T17:47:37+00:00","author":{"@id":"http:\/\/elregionalvm.com.ar\/noticias-villa-maria\/#\/schema\/person\/d5e4b04966154131701e52c45d3efec9"},"description":"A los cuatro casos positivos de Covid 19 registrados en residentes de un geri\u00e1trico, se suman nuevos casos en abuelos y personal. Ser\u00edan alreder de 15.","breadcrumb":{"@id":"http:\/\/elregionalvm.com.ar\/noticias-villa-maria\/geriatrico-confirman-nuevos-casos-en-abuelos-y-personal\/#breadcrumb"},"inLanguage":"es","potentialAction":[{"@type":"ReadAction","target":["http:\/\/elregionalvm.com.ar\/noticias-villa-maria\/geriatrico-confirman-nuevos-casos-en-abuelos-y-personal\/"]}]},{"@type":"ImageObject","inLanguage":"es","@id":"http:\/\/elregionalvm.com.ar\/noticias-villa-maria\/geriatrico-confirman-nuevos-casos-en-abuelos-y-personal\/#primaryimage","url":"https:\/\/i0.wp.com\/elregionalvm.com.ar\/noticias-villa-maria\/wp-content\/uploads\/2020\/09\/Geri%C3%A1trico-2.jpeg?fit=720%2C540&ssl=1","contentUrl":"https:\/\/i0.wp.com\/elregionalvm.com.ar\/noticias-villa-maria\/wp-content\/uploads\/2020\/09\/Geri%C3%A1trico-2.jpeg?fit=720%2C540&ssl=1","width":720,"height":540},{"@type":"BreadcrumbList","@id":"http:\/\/elregionalvm.com.ar\/noticias-villa-maria\/geriatrico-confirman-nuevos-casos-en-abuelos-y-personal\/#breadcrumb","itemListElement":[{"@type":"ListItem","position":1,"name":"Portada","item":"https:\/\/elregionalvm.com.ar\/noticias-villa-maria\/"},{"@type":"ListItem","position":2,"name":"Geri\u00e1trico: confirman nuevos casos en abuelos y personal"}]},{"@type":"WebSite","@id":"http:\/\/elregionalvm.com.ar\/noticias-villa-maria\/#website","url":"http:\/\/elregionalvm.com.ar\/noticias-villa-maria\/","name":"El Regional","description":"Mucho m\u00e1s que informaci\u00f3n","potentialAction":[{"@type":"SearchAction","target":{"@type":"EntryPoint","urlTemplate":"http:\/\/elregionalvm.com.ar\/noticias-villa-maria\/?s={search_term_string}"},"query-input":{"@type":"PropertyValueSpecification","valueRequired":true,"valueName":"search_term_string"}}],"inLanguage":"es"},{"@type":"Person","@id":"http:\/\/elregionalvm.com.ar\/noticias-villa-maria\/#\/schema\/person\/d5e4b04966154131701e52c45d3efec9","name":"Germ\u00e1n Giacchero","image":{"@type":"ImageObject","inLanguage":"es","@id":"http:\/\/elregionalvm.com.ar\/noticias-villa-maria\/#\/schema\/person\/image\/","url":"https:\/\/secure.gravatar.com\/avatar\/fda163ba5ef0307ee5be9846e10f83b6e83d0cfb260d3b2464830318894c6b04?s=96&d=mm&r=g","contentUrl":"https:\/\/secure.gravatar.com\/avatar\/fda163ba5ef0307ee5be9846e10f83b6e83d0cfb260d3b2464830318894c6b04?s=96&d=mm&r=g","caption":"Germ\u00e1n Giacchero"},"url":"https:\/\/elregionalvm.com.ar\/noticias-villa-maria\/author\/germangiacchero\/"}]}},"jetpack_featured_media_url":"https:\/\/i0.wp.com\/elregionalvm.com.ar\/noticias-villa-maria\/wp-content\/uploads\/2020\/09\/Geri%C3%A1trico-2.jpeg?fit=720%2C540&ssl=1","jetpack_sharing_enabled":true,"_links":{"self":[{"href":"https:\/\/elregionalvm.com.ar\/noticias-villa-maria\/wp-json\/wp\/v2\/posts\/23547","targetHints":{"allow":["GET"]}}],"collection":[{"href":"https:\/\/elregionalvm.com.ar\/noticias-villa-maria\/wp-json\/wp\/v2\/posts"}],"about":[{"href":"https:\/\/elregionalvm.com.ar\/noticias-villa-maria\/wp-json\/wp\/v2\/types\/post"}],"author":[{"embeddable":true,"href":"https:\/\/elregionalvm.com.ar\/noticias-villa-maria\/wp-json\/wp\/v2\/users\/6"}],"replies":[{"embeddable":true,"href":"https:\/\/elregionalvm.com.ar\/noticias-villa-maria\/wp-json\/wp\/v2\/comments?post=23547"}],"version-history":[{"count":2,"href":"https:\/\/elregionalvm.com.ar\/noticias-villa-maria\/wp-json\/wp\/v2\/posts\/23547\/revisions"}],"predecessor-version":[{"id":23551,"href":"https:\/\/elregionalvm.com.ar\/noticias-villa-maria\/wp-json\/wp\/v2\/posts\/23547\/revisions\/23551"}],"wp:featuredmedia":[{"embeddable":true,"href":"https:\/\/elregionalvm.com.ar\/noticias-villa-maria\/wp-json\/wp\/v2\/media\/23585"}],"wp:attachment":[{"href":"https:\/\/elregionalvm.com.ar\/noticias-villa-maria\/wp-json\/wp\/v2\/media?parent=23547"}],"wp:term":[{"taxonomy":"category","embeddable":true,"href":"https:\/\/elregionalvm.com.ar\/noticias-villa-maria\/wp-json\/wp\/v2\/categories?post=23547"},{"taxonomy":"post_tag","embeddable":true,"href":"https:\/\/elregionalvm.com.ar\/noticias-villa-maria\/wp-json\/wp\/v2\/tags?post=23547"}],"curies":[{"name":"wp","href":"https:\/\/api.w.org\/{rel}","templated":true}]}}