{"id":23552,"date":"2020-09-09T20:03:13","date_gmt":"2020-09-09T20:03:13","guid":{"rendered":"https:\/\/elregionalvm.com.ar\/noticias-villa-maria\/?p=23552"},"modified":"2020-09-09T20:03:15","modified_gmt":"2020-09-09T20:03:15","slug":"pobreza-los-que-deberian-pedir-disculpas","status":"publish","type":"post","link":"https:\/\/elregionalvm.com.ar\/noticias-villa-maria\/pobreza-los-que-deberian-pedir-disculpas\/","title":{"rendered":"Pobreza: los que deber\u00edan pedir disculpas"},"content":{"rendered":"\n<p><strong>Escribe: Cristina Pablos<\/strong><\/p>\n\n\n\n<p>Parece que, a veces, es un pecado ser pobre. Ser pobre es \u00a1tantas cosas! aparte de la falta de dinero.<\/p>\n\n\n\n<p>Casi imposible imaginar una vida distinta fuera de la villa. Se vive cotidianamente y sin tregua el espantoso caos de los d\u00edas sin huella. En esos lugares tambi\u00e9n sucede que las ganas de luchar se agotan d\u00eda a d\u00eda. Acaso, el sobrevivir se puede convertir en un largo descenso hacia ninguna parte. Unos pocos se animan a so\u00f1ar y, algunos, hacen realidad sus sue\u00f1os.<\/p>\n\n\n\n<p>Esto es algo que muchos gobiernos creen se soluciona con un plan social o un plato de comida. Sin embargo, no es as\u00ed. Hay pobres con mucha dignidad que, antes que un plato de comida, preferir\u00edan un trabajo fijo que les permita comer lo que quieran.<\/p>\n\n\n\n<p>En 1963, durante el gobierno del Dr. Illia, la pobreza era del 3%. Luego de la dictadura militar y durante varios a\u00f1os de gobiernos populistas y de los otros, los \u00edndices se elevaron considerablemente.<\/p>\n\n\n\n<p>Durante el gobierno de Cambiemos, el presidente Macri prometi\u00f3 pobreza 0, algo que no s\u00f3lo no sucedi\u00f3, sino que el \u00edndice se elev\u00f3 a casi el 40%.<\/p>\n\n\n\n<p>Este a\u00f1o se calcula que el \u00edndice rondar\u00e1 el 50%; con uno de cada 2 habitantes pobre y el 60% de los ni\u00f1os por debajo de la l\u00ednea de pobreza y a\u00fan de indigencia.<\/p>\n\n\n\n<p>Muchos son los gobiernos que deben pedir disculpas, no votos, a sus ciudadanos.<\/p>\n","protected":false},"excerpt":{"rendered":"<p>Escribe: Cristina Pablos Parece que, a veces, es un pecado ser pobre. Ser pobre es \u00a1tantas cosas! aparte de la falta de dinero. Casi imposible imaginar una vida distinta fuera de la villa. Se vive cotidianamente y sin tregua el espantoso caos de los d\u00edas sin huella. En esos lugares tambi\u00e9n sucede que las ganas [&hellip;]<\/p>\n","protected":false},"author":4,"featured_media":23553,"comment_status":"open","ping_status":"open","sticky":false,"template":"","format":"standard","meta":{"site-sidebar-layout":"default","site-content-layout":"default","ast-site-content-layout":"default","site-content-style":"default","site-sidebar-style":"default","ast-global-header-display":"","ast-banner-title-visibility":"","ast-main-header-display":"","ast-hfb-above-header-display":"","ast-hfb-below-header-display":"","ast-hfb-mobile-header-display":"","site-post-title":"","ast-breadcrumbs-content":"","ast-featured-img":"","footer-sml-layout":"","ast-disable-related-posts":"","theme-transparent-header-meta":"default","adv-header-id-meta":"","stick-header-meta":"","header-above-stick-meta":"","header-main-stick-meta":"","header-below-stick-meta":"","astra-migrate-meta-layouts":"default","ast-page-background-enabled":"default","ast-page-background-meta":{"desktop":{"background-color":"","background-image":"","background-repeat":"repeat","background-position":"center center","background-size":"auto","background-attachment":"scroll","background-type":"","background-media":"","overlay-type":"","overlay-color":"","overlay-opacity":"","overlay-gradient":""},"tablet":{"background-color":"","background-image":"","background-repeat":"repeat","background-position":"center center","background-size":"auto","background-attachment":"scroll","background-type":"","background-media":"","overlay-type":"","overlay-color":"","overlay-opacity":"","overlay-gradient":""},"mobile":{"background-color":"","background-image":"","background-repeat":"repeat","background-position":"center center","background-size":"auto","background-attachment":"scroll","background-type":"","background-media":"","overlay-type":"","overlay-color":"","overlay-opacity":"","overlay-gradient":""}},"ast-content-background-meta":{"desktop":{"background-color":"var(--ast-global-color-5)","background-image":"","background-repeat":"repeat","background-position":"center center","background-size":"auto","background-attachment":"scroll","background-type":"","background-media":"","overlay-type":"","overlay-color":"","overlay-opacity":"","overlay-gradient":""},"tablet":{"background-color":"var(--ast-global-color-5)","background-image":"","background-repeat":"repeat","background-position":"center center","background-size":"auto","background-attachment":"scroll","background-type":"","background-media":"","overlay-type":"","overlay-color":"","overlay-opacity":"","overlay-gradient":""},"mobile":{"background-color":"var(--ast-global-color-5)","background-image":"","background-repeat":"repeat","background-position":"center center","background-size":"auto","background-attachment":"scroll","background-type":"","background-media":"","overlay-type":"","overlay-color":"","overlay-opacity":"","overlay-gradient":""}},"_jetpack_memberships_contains_paid_content":false,"_joinchat":[],"footnotes":""},"categories":[2323,365],"tags":[303,3834,3332,2858,609],"class_list":["post-23552","post","type-post","status-publish","format-standard","has-post-thumbnail","hentry","category-notas-secundarias","category-opinion","tag-dinero","tag-disculpas","tag-gobiernos","tag-planes","tag-pobreza"],"yoast_head":"<!-- This site is optimized with the Yoast SEO plugin v26.8 - https:\/\/yoast.com\/product\/yoast-seo-wordpress\/ -->\n<title>Pobreza: los que deber\u00edan pedir disculpas - El Regional<\/title>\n<meta name=\"description\" content=\"Este a\u00f1o se calcula que el \u00edndice rondar\u00e1 el 50%; con uno de cada 2 habitantes pobre y el 60% de los ni\u00f1os por debajo de la l\u00ednea de pobreza e indigencia.\" \/>\n<meta name=\"robots\" content=\"index, follow, max-snippet:-1, max-image-preview:large, max-video-preview:-1\" \/>\n<link rel=\"canonical\" href=\"http:\/\/elregionalvm.com.ar\/noticias-villa-maria\/pobreza-los-que-deberian-pedir-disculpas\/\" \/>\n<meta property=\"og:locale\" content=\"es_ES\" \/>\n<meta property=\"og:type\" content=\"article\" \/>\n<meta property=\"og:title\" content=\"Pobreza: los que deber\u00edan pedir disculpas - El Regional\" \/>\n<meta property=\"og:description\" content=\"Este a\u00f1o se calcula que el \u00edndice rondar\u00e1 el 50%; con uno de cada 2 habitantes pobre y el 60% de los ni\u00f1os por debajo de la l\u00ednea de pobreza e indigencia.\" \/>\n<meta property=\"og:url\" content=\"http:\/\/elregionalvm.com.ar\/noticias-villa-maria\/pobreza-los-que-deberian-pedir-disculpas\/\" \/>\n<meta property=\"og:site_name\" content=\"El Regional\" \/>\n<meta property=\"article:publisher\" content=\"https:\/\/www.facebook.com\/elregionalvm\" \/>\n<meta property=\"article:published_time\" content=\"2020-09-09T20:03:13+00:00\" \/>\n<meta property=\"article:modified_time\" content=\"2020-09-09T20:03:15+00:00\" \/>\n<meta property=\"og:image\" content=\"http:\/\/elregionalvm.com.ar\/noticias-villa-maria\/wp-content\/uploads\/2020\/09\/Pobreza-villa-v\u00edas.jpg\" \/>\n\t<meta property=\"og:image:width\" content=\"1326\" \/>\n\t<meta property=\"og:image:height\" content=\"824\" \/>\n\t<meta property=\"og:image:type\" content=\"image\/jpeg\" \/>\n<meta name=\"author\" content=\"Contenidos El Regional\" \/>\n<meta name=\"twitter:card\" content=\"summary_large_image\" \/>\n<meta name=\"twitter:creator\" content=\"@elregionalvm1\" \/>\n<meta name=\"twitter:site\" content=\"@elregionalvm1\" \/>\n<meta name=\"twitter:label1\" content=\"Escrito por\" \/>\n\t<meta name=\"twitter:data1\" content=\"Contenidos El Regional\" \/>\n\t<meta name=\"twitter:label2\" content=\"Tiempo de lectura\" \/>\n\t<meta name=\"twitter:data2\" content=\"1 minuto\" \/>\n<script type=\"application\/ld+json\" class=\"yoast-schema-graph\">{\"@context\":\"https:\/\/schema.org\",\"@graph\":[{\"@type\":\"Article\",\"@id\":\"http:\/\/elregionalvm.com.ar\/noticias-villa-maria\/pobreza-los-que-deberian-pedir-disculpas\/#article\",\"isPartOf\":{\"@id\":\"http:\/\/elregionalvm.com.ar\/noticias-villa-maria\/pobreza-los-que-deberian-pedir-disculpas\/\"},\"author\":{\"name\":\"Contenidos El Regional\",\"@id\":\"http:\/\/elregionalvm.com.ar\/noticias-villa-maria\/#\/schema\/person\/a0fb9c422317faca23d50163151bc354\"},\"headline\":\"Pobreza: los que deber\u00edan pedir disculpas\",\"datePublished\":\"2020-09-09T20:03:13+00:00\",\"dateModified\":\"2020-09-09T20:03:15+00:00\",\"mainEntityOfPage\":{\"@id\":\"http:\/\/elregionalvm.com.ar\/noticias-villa-maria\/pobreza-los-que-deberian-pedir-disculpas\/\"},\"wordCount\":254,\"commentCount\":0,\"image\":{\"@id\":\"http:\/\/elregionalvm.com.ar\/noticias-villa-maria\/pobreza-los-que-deberian-pedir-disculpas\/#primaryimage\"},\"thumbnailUrl\":\"https:\/\/i0.wp.com\/elregionalvm.com.ar\/noticias-villa-maria\/wp-content\/uploads\/2020\/09\/Pobreza-villa-v%C3%ADas.jpg?fit=1326%2C824&ssl=1\",\"keywords\":[\"dinero\",\"disculpas\",\"Gobiernos\",\"Planes\",\"Pobreza\"],\"articleSection\":[\"Notas\",\"Opini\u00f3n\"],\"inLanguage\":\"es\",\"potentialAction\":[{\"@type\":\"CommentAction\",\"name\":\"Comment\",\"target\":[\"http:\/\/elregionalvm.com.ar\/noticias-villa-maria\/pobreza-los-que-deberian-pedir-disculpas\/#respond\"]}]},{\"@type\":\"WebPage\",\"@id\":\"http:\/\/elregionalvm.com.ar\/noticias-villa-maria\/pobreza-los-que-deberian-pedir-disculpas\/\",\"url\":\"http:\/\/elregionalvm.com.ar\/noticias-villa-maria\/pobreza-los-que-deberian-pedir-disculpas\/\",\"name\":\"Pobreza: los que deber\u00edan pedir disculpas - El Regional\",\"isPartOf\":{\"@id\":\"http:\/\/elregionalvm.com.ar\/noticias-villa-maria\/#website\"},\"primaryImageOfPage\":{\"@id\":\"http:\/\/elregionalvm.com.ar\/noticias-villa-maria\/pobreza-los-que-deberian-pedir-disculpas\/#primaryimage\"},\"image\":{\"@id\":\"http:\/\/elregionalvm.com.ar\/noticias-villa-maria\/pobreza-los-que-deberian-pedir-disculpas\/#primaryimage\"},\"thumbnailUrl\":\"https:\/\/i0.wp.com\/elregionalvm.com.ar\/noticias-villa-maria\/wp-content\/uploads\/2020\/09\/Pobreza-villa-v%C3%ADas.jpg?fit=1326%2C824&ssl=1\",\"datePublished\":\"2020-09-09T20:03:13+00:00\",\"dateModified\":\"2020-09-09T20:03:15+00:00\",\"author\":{\"@id\":\"http:\/\/elregionalvm.com.ar\/noticias-villa-maria\/#\/schema\/person\/a0fb9c422317faca23d50163151bc354\"},\"description\":\"Este a\u00f1o se calcula que el \u00edndice rondar\u00e1 el 50%; con uno de cada 2 habitantes pobre y el 60% de los ni\u00f1os por debajo de la l\u00ednea de pobreza e indigencia.\",\"breadcrumb\":{\"@id\":\"http:\/\/elregionalvm.com.ar\/noticias-villa-maria\/pobreza-los-que-deberian-pedir-disculpas\/#breadcrumb\"},\"inLanguage\":\"es\",\"potentialAction\":[{\"@type\":\"ReadAction\",\"target\":[\"http:\/\/elregionalvm.com.ar\/noticias-villa-maria\/pobreza-los-que-deberian-pedir-disculpas\/\"]}]},{\"@type\":\"ImageObject\",\"inLanguage\":\"es\",\"@id\":\"http:\/\/elregionalvm.com.ar\/noticias-villa-maria\/pobreza-los-que-deberian-pedir-disculpas\/#primaryimage\",\"url\":\"https:\/\/i0.wp.com\/elregionalvm.com.ar\/noticias-villa-maria\/wp-content\/uploads\/2020\/09\/Pobreza-villa-v%C3%ADas.jpg?fit=1326%2C824&ssl=1\",\"contentUrl\":\"https:\/\/i0.wp.com\/elregionalvm.com.ar\/noticias-villa-maria\/wp-content\/uploads\/2020\/09\/Pobreza-villa-v%C3%ADas.jpg?fit=1326%2C824&ssl=1\",\"width\":1326,\"height\":824},{\"@type\":\"BreadcrumbList\",\"@id\":\"http:\/\/elregionalvm.com.ar\/noticias-villa-maria\/pobreza-los-que-deberian-pedir-disculpas\/#breadcrumb\",\"itemListElement\":[{\"@type\":\"ListItem\",\"position\":1,\"name\":\"Portada\",\"item\":\"https:\/\/elregionalvm.com.ar\/noticias-villa-maria\/\"},{\"@type\":\"ListItem\",\"position\":2,\"name\":\"Pobreza: los que deber\u00edan pedir disculpas\"}]},{\"@type\":\"WebSite\",\"@id\":\"http:\/\/elregionalvm.com.ar\/noticias-villa-maria\/#website\",\"url\":\"http:\/\/elregionalvm.com.ar\/noticias-villa-maria\/\",\"name\":\"El Regional\",\"description\":\"Mucho m\u00e1s que informaci\u00f3n\",\"potentialAction\":[{\"@type\":\"SearchAction\",\"target\":{\"@type\":\"EntryPoint\",\"urlTemplate\":\"http:\/\/elregionalvm.com.ar\/noticias-villa-maria\/?s={search_term_string}\"},\"query-input\":{\"@type\":\"PropertyValueSpecification\",\"valueRequired\":true,\"valueName\":\"search_term_string\"}}],\"inLanguage\":\"es\"},{\"@type\":\"Person\",\"@id\":\"http:\/\/elregionalvm.com.ar\/noticias-villa-maria\/#\/schema\/person\/a0fb9c422317faca23d50163151bc354\",\"name\":\"Contenidos El Regional\",\"image\":{\"@type\":\"ImageObject\",\"inLanguage\":\"es\",\"@id\":\"http:\/\/elregionalvm.com.ar\/noticias-villa-maria\/#\/schema\/person\/image\/\",\"url\":\"https:\/\/secure.gravatar.com\/avatar\/265b27cb2209af7bb3a1318f03305787d7981a5cc6e6cd08fe5a4ecdf99d4b48?s=96&d=mm&r=g\",\"contentUrl\":\"https:\/\/secure.gravatar.com\/avatar\/265b27cb2209af7bb3a1318f03305787d7981a5cc6e6cd08fe5a4ecdf99d4b48?s=96&d=mm&r=g\",\"caption\":\"Contenidos El Regional\"},\"url\":\"https:\/\/elregionalvm.com.ar\/noticias-villa-maria\/author\/contenido\/\"}]}<\/script>\n<!-- \/ Yoast SEO plugin. -->","yoast_head_json":{"title":"Pobreza: los que deber\u00edan pedir disculpas - El Regional","description":"Este a\u00f1o se calcula que el \u00edndice rondar\u00e1 el 50%; con uno de cada 2 habitantes pobre y el 60% de los ni\u00f1os por debajo de la l\u00ednea de pobreza e indigencia.","robots":{"index":"index","follow":"follow","max-snippet":"max-snippet:-1","max-image-preview":"max-image-preview:large","max-video-preview":"max-video-preview:-1"},"canonical":"http:\/\/elregionalvm.com.ar\/noticias-villa-maria\/pobreza-los-que-deberian-pedir-disculpas\/","og_locale":"es_ES","og_type":"article","og_title":"Pobreza: los que deber\u00edan pedir disculpas - El Regional","og_description":"Este a\u00f1o se calcula que el \u00edndice rondar\u00e1 el 50%; con uno de cada 2 habitantes pobre y el 60% de los ni\u00f1os por debajo de la l\u00ednea de pobreza e indigencia.","og_url":"http:\/\/elregionalvm.com.ar\/noticias-villa-maria\/pobreza-los-que-deberian-pedir-disculpas\/","og_site_name":"El Regional","article_publisher":"https:\/\/www.facebook.com\/elregionalvm","article_published_time":"2020-09-09T20:03:13+00:00","article_modified_time":"2020-09-09T20:03:15+00:00","og_image":[{"width":1326,"height":824,"url":"http:\/\/elregionalvm.com.ar\/noticias-villa-maria\/wp-content\/uploads\/2020\/09\/Pobreza-villa-v\u00edas.jpg","type":"image\/jpeg"}],"author":"Contenidos El Regional","twitter_card":"summary_large_image","twitter_creator":"@elregionalvm1","twitter_site":"@elregionalvm1","twitter_misc":{"Escrito por":"Contenidos El Regional","Tiempo de lectura":"1 minuto"},"schema":{"@context":"https:\/\/schema.org","@graph":[{"@type":"Article","@id":"http:\/\/elregionalvm.com.ar\/noticias-villa-maria\/pobreza-los-que-deberian-pedir-disculpas\/#article","isPartOf":{"@id":"http:\/\/elregionalvm.com.ar\/noticias-villa-maria\/pobreza-los-que-deberian-pedir-disculpas\/"},"author":{"name":"Contenidos El Regional","@id":"http:\/\/elregionalvm.com.ar\/noticias-villa-maria\/#\/schema\/person\/a0fb9c422317faca23d50163151bc354"},"headline":"Pobreza: los que deber\u00edan pedir disculpas","datePublished":"2020-09-09T20:03:13+00:00","dateModified":"2020-09-09T20:03:15+00:00","mainEntityOfPage":{"@id":"http:\/\/elregionalvm.com.ar\/noticias-villa-maria\/pobreza-los-que-deberian-pedir-disculpas\/"},"wordCount":254,"commentCount":0,"image":{"@id":"http:\/\/elregionalvm.com.ar\/noticias-villa-maria\/pobreza-los-que-deberian-pedir-disculpas\/#primaryimage"},"thumbnailUrl":"https:\/\/i0.wp.com\/elregionalvm.com.ar\/noticias-villa-maria\/wp-content\/uploads\/2020\/09\/Pobreza-villa-v%C3%ADas.jpg?fit=1326%2C824&ssl=1","keywords":["dinero","disculpas","Gobiernos","Planes","Pobreza"],"articleSection":["Notas","Opini\u00f3n"],"inLanguage":"es","potentialAction":[{"@type":"CommentAction","name":"Comment","target":["http:\/\/elregionalvm.com.ar\/noticias-villa-maria\/pobreza-los-que-deberian-pedir-disculpas\/#respond"]}]},{"@type":"WebPage","@id":"http:\/\/elregionalvm.com.ar\/noticias-villa-maria\/pobreza-los-que-deberian-pedir-disculpas\/","url":"http:\/\/elregionalvm.com.ar\/noticias-villa-maria\/pobreza-los-que-deberian-pedir-disculpas\/","name":"Pobreza: los que deber\u00edan pedir disculpas - El Regional","isPartOf":{"@id":"http:\/\/elregionalvm.com.ar\/noticias-villa-maria\/#website"},"primaryImageOfPage":{"@id":"http:\/\/elregionalvm.com.ar\/noticias-villa-maria\/pobreza-los-que-deberian-pedir-disculpas\/#primaryimage"},"image":{"@id":"http:\/\/elregionalvm.com.ar\/noticias-villa-maria\/pobreza-los-que-deberian-pedir-disculpas\/#primaryimage"},"thumbnailUrl":"https:\/\/i0.wp.com\/elregionalvm.com.ar\/noticias-villa-maria\/wp-content\/uploads\/2020\/09\/Pobreza-villa-v%C3%ADas.jpg?fit=1326%2C824&ssl=1","datePublished":"2020-09-09T20:03:13+00:00","dateModified":"2020-09-09T20:03:15+00:00","author":{"@id":"http:\/\/elregionalvm.com.ar\/noticias-villa-maria\/#\/schema\/person\/a0fb9c422317faca23d50163151bc354"},"description":"Este a\u00f1o se calcula que el \u00edndice rondar\u00e1 el 50%; con uno de cada 2 habitantes pobre y el 60% de los ni\u00f1os por debajo de la l\u00ednea de pobreza e indigencia.","breadcrumb":{"@id":"http:\/\/elregionalvm.com.ar\/noticias-villa-maria\/pobreza-los-que-deberian-pedir-disculpas\/#breadcrumb"},"inLanguage":"es","potentialAction":[{"@type":"ReadAction","target":["http:\/\/elregionalvm.com.ar\/noticias-villa-maria\/pobreza-los-que-deberian-pedir-disculpas\/"]}]},{"@type":"ImageObject","inLanguage":"es","@id":"http:\/\/elregionalvm.com.ar\/noticias-villa-maria\/pobreza-los-que-deberian-pedir-disculpas\/#primaryimage","url":"https:\/\/i0.wp.com\/elregionalvm.com.ar\/noticias-villa-maria\/wp-content\/uploads\/2020\/09\/Pobreza-villa-v%C3%ADas.jpg?fit=1326%2C824&ssl=1","contentUrl":"https:\/\/i0.wp.com\/elregionalvm.com.ar\/noticias-villa-maria\/wp-content\/uploads\/2020\/09\/Pobreza-villa-v%C3%ADas.jpg?fit=1326%2C824&ssl=1","width":1326,"height":824},{"@type":"BreadcrumbList","@id":"http:\/\/elregionalvm.com.ar\/noticias-villa-maria\/pobreza-los-que-deberian-pedir-disculpas\/#breadcrumb","itemListElement":[{"@type":"ListItem","position":1,"name":"Portada","item":"https:\/\/elregionalvm.com.ar\/noticias-villa-maria\/"},{"@type":"ListItem","position":2,"name":"Pobreza: los que deber\u00edan pedir disculpas"}]},{"@type":"WebSite","@id":"http:\/\/elregionalvm.com.ar\/noticias-villa-maria\/#website","url":"http:\/\/elregionalvm.com.ar\/noticias-villa-maria\/","name":"El Regional","description":"Mucho m\u00e1s que informaci\u00f3n","potentialAction":[{"@type":"SearchAction","target":{"@type":"EntryPoint","urlTemplate":"http:\/\/elregionalvm.com.ar\/noticias-villa-maria\/?s={search_term_string}"},"query-input":{"@type":"PropertyValueSpecification","valueRequired":true,"valueName":"search_term_string"}}],"inLanguage":"es"},{"@type":"Person","@id":"http:\/\/elregionalvm.com.ar\/noticias-villa-maria\/#\/schema\/person\/a0fb9c422317faca23d50163151bc354","name":"Contenidos El Regional","image":{"@type":"ImageObject","inLanguage":"es","@id":"http:\/\/elregionalvm.com.ar\/noticias-villa-maria\/#\/schema\/person\/image\/","url":"https:\/\/secure.gravatar.com\/avatar\/265b27cb2209af7bb3a1318f03305787d7981a5cc6e6cd08fe5a4ecdf99d4b48?s=96&d=mm&r=g","contentUrl":"https:\/\/secure.gravatar.com\/avatar\/265b27cb2209af7bb3a1318f03305787d7981a5cc6e6cd08fe5a4ecdf99d4b48?s=96&d=mm&r=g","caption":"Contenidos El Regional"},"url":"https:\/\/elregionalvm.com.ar\/noticias-villa-maria\/author\/contenido\/"}]}},"jetpack_featured_media_url":"https:\/\/i0.wp.com\/elregionalvm.com.ar\/noticias-villa-maria\/wp-content\/uploads\/2020\/09\/Pobreza-villa-v%C3%ADas.jpg?fit=1326%2C824&ssl=1","jetpack_sharing_enabled":true,"_links":{"self":[{"href":"https:\/\/elregionalvm.com.ar\/noticias-villa-maria\/wp-json\/wp\/v2\/posts\/23552","targetHints":{"allow":["GET"]}}],"collection":[{"href":"https:\/\/elregionalvm.com.ar\/noticias-villa-maria\/wp-json\/wp\/v2\/posts"}],"about":[{"href":"https:\/\/elregionalvm.com.ar\/noticias-villa-maria\/wp-json\/wp\/v2\/types\/post"}],"author":[{"embeddable":true,"href":"https:\/\/elregionalvm.com.ar\/noticias-villa-maria\/wp-json\/wp\/v2\/users\/4"}],"replies":[{"embeddable":true,"href":"https:\/\/elregionalvm.com.ar\/noticias-villa-maria\/wp-json\/wp\/v2\/comments?post=23552"}],"version-history":[{"count":1,"href":"https:\/\/elregionalvm.com.ar\/noticias-villa-maria\/wp-json\/wp\/v2\/posts\/23552\/revisions"}],"predecessor-version":[{"id":23554,"href":"https:\/\/elregionalvm.com.ar\/noticias-villa-maria\/wp-json\/wp\/v2\/posts\/23552\/revisions\/23554"}],"wp:featuredmedia":[{"embeddable":true,"href":"https:\/\/elregionalvm.com.ar\/noticias-villa-maria\/wp-json\/wp\/v2\/media\/23553"}],"wp:attachment":[{"href":"https:\/\/elregionalvm.com.ar\/noticias-villa-maria\/wp-json\/wp\/v2\/media?parent=23552"}],"wp:term":[{"taxonomy":"category","embeddable":true,"href":"https:\/\/elregionalvm.com.ar\/noticias-villa-maria\/wp-json\/wp\/v2\/categories?post=23552"},{"taxonomy":"post_tag","embeddable":true,"href":"https:\/\/elregionalvm.com.ar\/noticias-villa-maria\/wp-json\/wp\/v2\/tags?post=23552"}],"curies":[{"name":"wp","href":"https:\/\/api.w.org\/{rel}","templated":true}]}}