{"id":23555,"date":"2020-09-09T22:06:57","date_gmt":"2020-09-09T22:06:57","guid":{"rendered":"https:\/\/elregionalvm.com.ar\/noticias-villa-maria\/?p=23555"},"modified":"2020-09-11T03:36:51","modified_gmt":"2020-09-11T03:36:51","slug":"depresion-y-estres-efectos-de-la-pandemia-y-la-extensa-cuarentena","status":"publish","type":"post","link":"https:\/\/elregionalvm.com.ar\/noticias-villa-maria\/depresion-y-estres-efectos-de-la-pandemia-y-la-extensa-cuarentena\/","title":{"rendered":"Depresi\u00f3n y estr\u00e9s, efectos de la pandemia y la extensa cuarentena"},"content":{"rendered":"\t\t<div data-elementor-type=\"wp-post\" data-elementor-id=\"23555\" class=\"elementor elementor-23555\" data-elementor-post-type=\"post\">\n\t\t\t\t\t\t<section data-particle_enable=\"false\" data-particle-mobile-disabled=\"false\" class=\"elementor-section elementor-top-section elementor-element elementor-element-4b736ee elementor-section-boxed elementor-section-height-default elementor-section-height-default\" data-id=\"4b736ee\" data-element_type=\"section\">\n\t\t\t\t\t\t<div class=\"elementor-container elementor-column-gap-default\">\n\t\t\t\t\t<div class=\"elementor-column elementor-col-100 elementor-top-column elementor-element elementor-element-2e77e892\" data-id=\"2e77e892\" data-element_type=\"column\">\n\t\t\t<div class=\"elementor-widget-wrap elementor-element-populated\">\n\t\t\t\t\t\t<div class=\"elementor-element elementor-element-7d32d8fa elementor-widget elementor-widget-text-editor\" data-id=\"7d32d8fa\" data-element_type=\"widget\" data-widget_type=\"text-editor.default\">\n\t\t\t\t<div class=\"elementor-widget-container\">\n\t\t\t\t\t\t\t\t\t\n<p><strong>Escribe: Gabriela Beck<\/strong> &#8211; D\u00edas atr\u00e1s el Dr. Nicol\u00e1s Noriega aport\u00f3 datos muy interesantes que ameritan rescatarse sobre algunos efectos que provoca en las personas en general esta pandemia y la extensi\u00f3n de la cuarentena en particular, en una entrevista telef\u00f3nica que sali\u00f3 al aire por Radio Centro (*).<\/p>\n\n<p>El Dr. Noriega es un alergista muy reconocido en Villa Mar\u00eda y la regi\u00f3n y se ha enfocado en el estudio de las enfermedades inmuno al\u00e9rgicas y merced a un Mag\u00edster que ha obtenido en Psiconeuroinmunoendocrinolog\u00eda\u00a0(PNIE) \u00a0aborda distintas problem\u00e1ticas teniendo en cuenta la relaci\u00f3n entre los sistemas nervioso, hormonal, inmune y la conducta de los pacientes. Es decir lleva a cabo un abordaje multidisciplinario sobre las alergias en general.<\/p>\n\n<p>\u201cEst\u00e1 claro que las emociones, el estr\u00e9s, la ansiedad y la depresi\u00f3n tienen mucho que ver en el desencadenamiento de las enfermedades en la consecuci\u00f3n y en el tratamiento de las mismas y la calidad de vida de los pacientes. Como nunca, con la pandemia, estas variables est\u00e1n cobrando mucha relevancia a la hora de lograr \u00f3ptimos resultados\u201d, comenz\u00f3 destacando el Dr. Noriega y con estudios concretos.<\/p>\n\n<p><strong>Trabajo en equipo<\/strong><\/p>\n\n<p>El doctor Noriega junto a su esposa, la Psic\u00f3loga Mar\u00eda Sof\u00eda Pedraza, integran el Centro de Enfermedades Al\u00e9rgicas Psicosom\u00e1ticas y por Stress, que investiga y publica distintos art\u00edculos de inter\u00e9s para ellos. Seg\u00fan relat\u00f3 Noriega, \u201cla primera investigaci\u00f3n fue espec\u00edficamente sobre un conocimiento general de la salud mental y esta vez nos metimos en el terreno de la depresi\u00f3n. Este es un momento especial, en el cual por la pandemia las emociones est\u00e1n a flor de piel, por lo que a trav\u00e9s de una encuesta, obtuvimos cifras realmente muy interesantes cuando las personas asistieron a los centros de salud y sobre si estaban al tanto o no sobre la depresi\u00f3n\u201d.<\/p>\n\n<p><strong>Miedo a la depresi\u00f3n, un miedo que no ayuda<\/strong><\/p>\n\n<p>Detallando resultados de parte de esa encuesta surgi\u00f3 que cuando se les consultaba si conoc\u00edan lo que es la depresi\u00f3n m\u00e1s del 50% de los pacientes respond\u00edan que \u00abpoco\u00bb, lo que denota el gran desconocimiento de la tem\u00e1tica. Despu\u00e9s, el 40% de los encuestados sobre un total de 162 personas, sosten\u00eda en una escala del 1 al 5, que el tema \u201cdepresi\u00f3n\u201d les provoca miedo y que es un diagn\u00f3stico que est\u00e1 estigmatizado o les provoca rechazo.<\/p>\n\t\t\t\t\t\t\t\t<\/div>\n\t\t\t\t<\/div>\n\t\t\t\t\t<\/div>\n\t\t<\/div>\n\t\t\t\t\t<\/div>\n\t\t<\/section>\n\t\t\t\t<section data-particle_enable=\"false\" data-particle-mobile-disabled=\"false\" class=\"elementor-section elementor-top-section elementor-element elementor-element-34053cf elementor-section-boxed elementor-section-height-default elementor-section-height-default\" data-id=\"34053cf\" data-element_type=\"section\">\n\t\t\t\t\t\t<div class=\"elementor-container elementor-column-gap-default\">\n\t\t\t\t\t<div class=\"elementor-column elementor-col-100 elementor-top-column elementor-element elementor-element-cfc62f7\" data-id=\"cfc62f7\" data-element_type=\"column\">\n\t\t\t<div class=\"elementor-widget-wrap elementor-element-populated\">\n\t\t\t\t\t\t<div class=\"elementor-element elementor-element-f55c849 elementor-widget elementor-widget-video\" data-id=\"f55c849\" data-element_type=\"widget\" data-settings=\"{&quot;youtube_url&quot;:&quot;https:\\\/\\\/www.youtube.com\\\/watch?v=nCdr9939Wgs&amp;feature=youtu.be&quot;,&quot;video_type&quot;:&quot;youtube&quot;,&quot;controls&quot;:&quot;yes&quot;}\" data-widget_type=\"video.default\">\n\t\t\t\t<div class=\"elementor-widget-container\">\n\t\t\t\t\t\t\t<div class=\"elementor-wrapper elementor-open-inline\">\n\t\t\t<div class=\"elementor-video\"><\/div>\t\t<\/div>\n\t\t\t\t\t\t<\/div>\n\t\t\t\t<\/div>\n\t\t\t\t\t<\/div>\n\t\t<\/div>\n\t\t\t\t\t<\/div>\n\t\t<\/section>\n\t\t\t\t<section data-particle_enable=\"false\" data-particle-mobile-disabled=\"false\" class=\"elementor-section elementor-top-section elementor-element elementor-element-daa9f7a elementor-section-boxed elementor-section-height-default elementor-section-height-default\" data-id=\"daa9f7a\" data-element_type=\"section\">\n\t\t\t\t\t\t<div class=\"elementor-container elementor-column-gap-default\">\n\t\t\t\t\t<div class=\"elementor-column elementor-col-100 elementor-top-column elementor-element elementor-element-0fd3774\" data-id=\"0fd3774\" data-element_type=\"column\">\n\t\t\t<div class=\"elementor-widget-wrap elementor-element-populated\">\n\t\t\t\t\t\t<div class=\"elementor-element elementor-element-312621c elementor-widget elementor-widget-text-editor\" data-id=\"312621c\" data-element_type=\"widget\" data-widget_type=\"text-editor.default\">\n\t\t\t\t<div class=\"elementor-widget-container\">\n\t\t\t\t\t\t\t\t\t\n<figure class=\"wp-block-embed-youtube wp-block-embed is-type-video is-provider-youtube wp-embed-aspect-16-9 wp-has-aspect-ratio\">\n<div class=\"wp-block-embed__wrapper\"><span style=\"font-size: 16px; font-style: normal;\">Ellos mismos se presentaron para <\/span><strong style=\"font-size: 16px; font-style: normal;\">El Regional Diario Digital<\/strong><span style=\"font-size: 16px; font-style: normal;\"> y nos introdujeron en los resultados de su encuesta:<\/span><\/div>\n<\/figure>\n\n<div>\u00a0<\/div>\n<div><strong>Conclusiones finales de la Encuesta<\/strong><\/div>\n<div class=\"wp-block-file\"><a class=\"wp-block-file__button\" href=\"http:\/\/elregionalvm.com.ar\/noticias-villa-maria\/wp-content\/uploads\/2020\/09\/Conclusiones-Finales-ENCUESTA-Total-encuestas-enviadas-visualizadas-y-contestadas-seg\u00fan-tres-herramientas.pdf\" download=\"\">Descarg\u00e1 haciendo click aqu\u00ed<\/a><\/div>\n\n<p><strong>\u00bfCero depresi\u00f3n en consultorios?<\/strong><\/p>\n\n<p>En la lectura que hace el Dr. Noriega sobre la encuesta llevada a cabo apunta que \u201csobre la asociaci\u00f3n de los desencadenantes de las enfermedades, el 61% lo relacion\u00f3 directamente con la depresi\u00f3n, el estr\u00e9s y en el caso de las alergias s\u00f3lo el 19%\u201d. Otro marcador importante, que en lo personal a nuestro facultativo le result\u00f3 atractivo, \u201ces que al diagn\u00f3stico de depresi\u00f3n lo hacen u observan directamente psic\u00f3logos o psiquiatras, ya que lo m\u00e9dicos cl\u00ednicos, alergistas o m\u00e9dicos de cabecera no existimos en el tratamiento de esta entidad m\u00e9dica\u201d. Algo que no deja de ser un llamado de atenci\u00f3n. \u00a0\u201cAl diagn\u00f3stico de depresi\u00f3n en su mayor\u00eda s\u00f3lo lo indagan\u00a0 psiquiatras o psic\u00f3logos, mientras que m\u00e9dicos de cabecera o cl\u00ednicos menos del 3% se anima a colocarlo como una posibilidad. Es decir, que pr\u00e1cticamente en los consultorios de los especialistas o m\u00e9dicos cl\u00ednicos la palabra depresi\u00f3n est\u00e1 casi ausente\u201d.<\/p>\n\n<p><strong>Su experiencia como alergista<\/strong><\/p>\n\n<p>De acuerdo a lo que ha vivenciado el propio doctor Nicol\u00e1s Noriega, \u201ccuando llega una persona que acude a mi consultorio por un tema al\u00e9rgico, ya sea por cuestiones nasales, bronquiales o de piel, por ejemplo, trato de brindarle el tratamiento tradicional con antial\u00e9rgicos, corticoides, pero\u00a0 luego trato de indagar de manera humana, sobre datos de su vida, si son casados, solteros, su modo de vida, problemas familiares o laborales, acerc\u00e1ndome al afecto emocional y personal de la persona y descubre v\u00ednculos familiares disfuncionales, estr\u00e9s laboral, de lo m\u00e1s diverso y ah\u00ed es cuando aparecen palabras como estr\u00e9s, depresi\u00f3n o ansiedad. Entonces, lo que trato de brindarles en ese momento es un abordaje humano sobre estos temas, para revertir esos estados de \u00e1nimo. Una herramienta fundamental para tratar que asistan a terapias con psic\u00f3logos o especialistas que puedan ayudarlos a resolver esa parte de su psiquis, para que ellos mismos tomen el control de sus vidas y los ayude a salir adelante\u201d.<\/p>\n\n<p><strong>Cuando asoman las alergias<\/strong><\/p>\n\n<p>\u201cLa alergia no distingue de edades\u201d, sostiene el Dr. Noriega ante la pregunta de cu\u00e1l es el grupo etario o el rango de edad que se ve afectado por las alergias. \u00abHe tenido pacientes de 4 a 5 meses, hasta pacientes de 80 o 90 a\u00f1os. No hay una edad predominante, todos estamos expuestos. \u201cTambi\u00e9n en esta \u00e9poca de pandemia he recibido mucha consulta sobre el agravamiento de los s\u00edntomas por la cuarentena tan prolongada, en mi consultorio de medicina privada, hemos recibido gente con s\u00edntomas ps\u00edquicos, irritabilidad, enojo, alteraci\u00f3n del sue\u00f1o miedo a la muerte, bronca, miedo al contagio. Al paciente que ten\u00eda problemas al\u00e9rgicos se los agrava y al que no pose\u00eda se los dispara. La pandemia y cuarentena agudizaron las cuestiones al\u00e9rgicas.<\/p>\n\n<p>Est\u00e1 claro que las alergias son multifactoriales, cuestiones ambientales, factores hormonales, emocionales y hasta el factor atmosf\u00e9rico. Por ejemplo, las alergias se multiplican en per\u00edodos de sequ\u00eda, con la presi\u00f3n atmosf\u00e9rica alta se agudizan los trastornos de piel; cuando hay mucha humedad los trastornos branquiales y nasales aumentan. D\u00edas prolongados de lluvia o abundante humedad tambi\u00e9n pueden traer aparejado s\u00edntomas ligados a la depresi\u00f3n.<\/p>\n\n<p>Siguiendo con algunos ejemplos pr\u00e1cticos el doctor destac\u00f3 que una mujer consult\u00f3 por trastornos del sue\u00f1o, algo raro en ella, y simplemente tras una charla surgi\u00f3 que se debe a estos momentos de pandemia que atravesamos. \u201cSimplemente a esa paciente le sucedi\u00f3 que antes de la cuarentena sal\u00eda a trabajar, llevaba una vida social m\u00e1s activa y luego, cuando apareci\u00f3 lo del coronavirus, empez\u00f3 a recluirse, a escuchar a sus hijos que le aconsejan permanentemente que se cuide, las peores noticias sobre la enfermedad y los s\u00edntomas de alteraci\u00f3n del sue\u00f1o no tardaron en aparecer\u00bb.<\/p>\n\n<p><strong>\u00bfM\u00e1s consultas por el Covid 19?<\/strong><\/p>\n\n<p>El Dr. Noriega no anda con vueltas y se sincera. \u201cEs importante saber que en los consultorios no todo es Covid-19. De todos los pacientes que he tenido he tratado de encontrar s\u00edntomas m\u00e1s respiratorios, fiebre, dolor de garganta, estuve a punto de mandar a hisopar uno de esos casos pero no se hizo finalmente\u201d. Si bien estamos en pandemia las otras enfermedades no desaparecieron y a eso hay que tenerlo en cuenta.<\/p>\n\n<p>Sobre si hay un autoreconocimiento de los pacientes si se notan acelerados, ansiosos, el Dr. Noriega sostiene que \u00abpor lo general hay gente que responde de manera positiva a la idea de trabajar desde ambos aspectos, de la parte al\u00e9rgica y tambi\u00e9n desde su salud vinculada a sus emociones. La respuesta es positiva cuando todo es tratado con mucho tacto, ya que cuando se le menciona la depresi\u00f3n algunos se asustan.\u00bb<\/p>\n\n<p><strong>Como diferenciar estr\u00e9s, angustia o depresi\u00f3n<\/strong><\/p>\n\n<p>Con un simple ejemplo el propio doctor ayud\u00f3 a distinguir una de la otra: \u00abYo al realizar esta entrevista, me siento estresado porque no estoy acostumbrado a realizarlas; si ese estr\u00e9s permanece constante y se suman otros factores, aparecen la angustia y ansiedad y si todo eso contin\u00faa en el tiempo sin resolverse y hay conflictos familiares, laborales puede aparecer la depresi\u00f3n. As\u00ed es como la situaci\u00f3n se torna m\u00e1s complicada\u201d.<\/p>\n\n<p><strong>La soluci\u00f3n al alcance de nuestras manos&#8230;<\/strong><\/p>\n\n<p>Para no quedarnos con una sensaci\u00f3n amarga tras el abordaje de esta tem\u00e1tica el mismo Dr. Noriega recomend\u00f3 \u00abque es importante tratar de llevar una vida lo m\u00e1s sana posible, con correcta alimentaci\u00f3n, actividad f\u00edsica, fortalecer los v\u00ednculos, tener una vida activa en la medida de las posibilidades. Es fundamental tener un psiquismo sano, con v\u00ednculos familiares, laborales, amistosos los m\u00e1s sanos posibles. No guardar tanta tierra bajo la alfombra, problemas personales irresueltos, tener una vida sana mentalmente, porque en la medida que tengamos pensamientos positivos, claros, situaciones conflictivas resueltas, las posibilidades de crear diabetes, hipertensi\u00f3n, alergias ser\u00e1n inferiores, que la calidad de vida sea lo m\u00e1s sana y prolijita posible, porque en la medida que nos proponemos eso tendremos una vida m\u00e1s feliz. Todo es importante, pero a medida que se tenga una cabecita lo m\u00e1s limpia de problemas, la vida ser\u00e1 m\u00e1s f\u00e1cil y la enfermedad estar\u00e1 m\u00e1s lejos\u201d.<\/p>\n\n<p>(*) En la entrevista que sali\u00f3 al aire por Radio Centro se sum\u00f3 tambi\u00e9n Miguel Andreis, a quien agradecemos su participaci\u00f3n.<\/p>\n\t\t\t\t\t\t\t\t<\/div>\n\t\t\t\t<\/div>\n\t\t\t\t\t<\/div>\n\t\t<\/div>\n\t\t\t\t\t<\/div>\n\t\t<\/section>\n\t\t\t\t<\/div>\n\t\t","protected":false},"excerpt":{"rendered":"<p>Escribe: Gabriela Beck &#8211; D\u00edas atr\u00e1s el Dr. Nicol\u00e1s Noriega aport\u00f3 datos muy interesantes que ameritan rescatarse sobre algunos efectos que provoca en las personas en general esta pandemia y la extensi\u00f3n de la cuarentena en particular, en una entrevista telef\u00f3nica que sali\u00f3 al aire por Radio Centro (*). El Dr. Noriega es un alergista [&hellip;]<\/p>\n","protected":false},"author":4,"featured_media":23578,"comment_status":"open","ping_status":"open","sticky":false,"template":"","format":"standard","meta":{"site-sidebar-layout":"default","site-content-layout":"default","ast-site-content-layout":"default","site-content-style":"default","site-sidebar-style":"default","ast-global-header-display":"","ast-banner-title-visibility":"","ast-main-header-display":"","ast-hfb-above-header-display":"","ast-hfb-below-header-display":"","ast-hfb-mobile-header-display":"","site-post-title":"","ast-breadcrumbs-content":"","ast-featured-img":"","footer-sml-layout":"","ast-disable-related-posts":"","theme-transparent-header-meta":"default","adv-header-id-meta":"","stick-header-meta":"","header-above-stick-meta":"","header-main-stick-meta":"","header-below-stick-meta":"","astra-migrate-meta-layouts":"default","ast-page-background-enabled":"default","ast-page-background-meta":{"desktop":{"background-color":"","background-image":"","background-repeat":"repeat","background-position":"center center","background-size":"auto","background-attachment":"scroll","background-type":"","background-media":"","overlay-type":"","overlay-color":"","overlay-opacity":"","overlay-gradient":""},"tablet":{"background-color":"","background-image":"","background-repeat":"repeat","background-position":"center center","background-size":"auto","background-attachment":"scroll","background-type":"","background-media":"","overlay-type":"","overlay-color":"","overlay-opacity":"","overlay-gradient":""},"mobile":{"background-color":"","background-image":"","background-repeat":"repeat","background-position":"center center","background-size":"auto","background-attachment":"scroll","background-type":"","background-media":"","overlay-type":"","overlay-color":"","overlay-opacity":"","overlay-gradient":""}},"ast-content-background-meta":{"desktop":{"background-color":"var(--ast-global-color-5)","background-image":"","background-repeat":"repeat","background-position":"center center","background-size":"auto","background-attachment":"scroll","background-type":"","background-media":"","overlay-type":"","overlay-color":"","overlay-opacity":"","overlay-gradient":""},"tablet":{"background-color":"var(--ast-global-color-5)","background-image":"","background-repeat":"repeat","background-position":"center center","background-size":"auto","background-attachment":"scroll","background-type":"","background-media":"","overlay-type":"","overlay-color":"","overlay-opacity":"","overlay-gradient":""},"mobile":{"background-color":"var(--ast-global-color-5)","background-image":"","background-repeat":"repeat","background-position":"center center","background-size":"auto","background-attachment":"scroll","background-type":"","background-media":"","overlay-type":"","overlay-color":"","overlay-opacity":"","overlay-gradient":""}},"_jetpack_memberships_contains_paid_content":false,"_joinchat":[],"footnotes":""},"categories":[5,3557],"tags":[3839,2035,3838,3330,3836,269,3835,1998,3837],"class_list":["post-23555","post","type-post","status-publish","format-standard","has-post-thumbnail","hentry","category-sociedad","category-tercera","tag-alergias","tag-cuarentena","tag-datos","tag-depresion","tag-dr-nicolas-noriega","tag-encuesta","tag-estres","tag-pandemia","tag-psicologa-maria-sofia-pedraza"],"yoast_head":"<!-- This site is optimized with the Yoast SEO plugin v26.8 - https:\/\/yoast.com\/product\/yoast-seo-wordpress\/ -->\n<title>Depresi\u00f3n y estr\u00e9s, efectos de la pandemia y la extensa cuarentena - El Regional<\/title>\n<meta name=\"robots\" content=\"index, follow, max-snippet:-1, max-image-preview:large, max-video-preview:-1\" \/>\n<link rel=\"canonical\" href=\"http:\/\/elregionalvm.com.ar\/noticias-villa-maria\/depresion-y-estres-efectos-de-la-pandemia-y-la-extensa-cuarentena\/\" \/>\n<meta property=\"og:locale\" content=\"es_ES\" \/>\n<meta property=\"og:type\" content=\"article\" \/>\n<meta property=\"og:title\" content=\"Depresi\u00f3n y estr\u00e9s, efectos de la pandemia y la extensa cuarentena - El Regional\" \/>\n<meta property=\"og:description\" content=\"Escribe: Gabriela Beck &#8211; D\u00edas atr\u00e1s el Dr. Nicol\u00e1s Noriega aport\u00f3 datos muy interesantes que ameritan rescatarse sobre algunos efectos que provoca en las personas en general esta pandemia y la extensi\u00f3n de la cuarentena en particular, en una entrevista telef\u00f3nica que sali\u00f3 al aire por Radio Centro (*). El Dr. Noriega es un alergista [&hellip;]\" \/>\n<meta property=\"og:url\" content=\"http:\/\/elregionalvm.com.ar\/noticias-villa-maria\/depresion-y-estres-efectos-de-la-pandemia-y-la-extensa-cuarentena\/\" \/>\n<meta property=\"og:site_name\" content=\"El Regional\" \/>\n<meta property=\"article:publisher\" content=\"https:\/\/www.facebook.com\/elregionalvm\" \/>\n<meta property=\"article:published_time\" content=\"2020-09-09T22:06:57+00:00\" \/>\n<meta property=\"article:modified_time\" content=\"2020-09-11T03:36:51+00:00\" \/>\n<meta property=\"og:image\" content=\"http:\/\/elregionalvm.com.ar\/noticias-villa-maria\/wp-content\/uploads\/2020\/09\/depresion.jpg\" \/>\n\t<meta property=\"og:image:width\" content=\"946\" \/>\n\t<meta property=\"og:image:height\" content=\"1080\" \/>\n\t<meta property=\"og:image:type\" content=\"image\/jpeg\" \/>\n<meta name=\"author\" content=\"Contenidos El Regional\" \/>\n<meta name=\"twitter:card\" content=\"summary_large_image\" \/>\n<meta name=\"twitter:creator\" content=\"@elregionalvm1\" \/>\n<meta name=\"twitter:site\" content=\"@elregionalvm1\" \/>\n<meta name=\"twitter:label1\" content=\"Escrito por\" \/>\n\t<meta name=\"twitter:data1\" content=\"Contenidos El Regional\" \/>\n\t<meta name=\"twitter:label2\" content=\"Tiempo de lectura\" \/>\n\t<meta name=\"twitter:data2\" content=\"8 minutos\" \/>\n<script type=\"application\/ld+json\" class=\"yoast-schema-graph\">{\"@context\":\"https:\/\/schema.org\",\"@graph\":[{\"@type\":\"Article\",\"@id\":\"http:\/\/elregionalvm.com.ar\/noticias-villa-maria\/depresion-y-estres-efectos-de-la-pandemia-y-la-extensa-cuarentena\/#article\",\"isPartOf\":{\"@id\":\"http:\/\/elregionalvm.com.ar\/noticias-villa-maria\/depresion-y-estres-efectos-de-la-pandemia-y-la-extensa-cuarentena\/\"},\"author\":{\"name\":\"Contenidos El Regional\",\"@id\":\"http:\/\/elregionalvm.com.ar\/noticias-villa-maria\/#\/schema\/person\/a0fb9c422317faca23d50163151bc354\"},\"headline\":\"Depresi\u00f3n y estr\u00e9s, efectos de la pandemia y la extensa cuarentena\",\"datePublished\":\"2020-09-09T22:06:57+00:00\",\"dateModified\":\"2020-09-11T03:36:51+00:00\",\"mainEntityOfPage\":{\"@id\":\"http:\/\/elregionalvm.com.ar\/noticias-villa-maria\/depresion-y-estres-efectos-de-la-pandemia-y-la-extensa-cuarentena\/\"},\"wordCount\":1575,\"commentCount\":0,\"image\":{\"@id\":\"http:\/\/elregionalvm.com.ar\/noticias-villa-maria\/depresion-y-estres-efectos-de-la-pandemia-y-la-extensa-cuarentena\/#primaryimage\"},\"thumbnailUrl\":\"https:\/\/i0.wp.com\/elregionalvm.com.ar\/noticias-villa-maria\/wp-content\/uploads\/2020\/09\/depresion.jpg?fit=946%2C1080&ssl=1\",\"keywords\":[\"alergias\",\"cuarentena\",\"datos\",\"depresi\u00f3n\",\"Dr. Nicol\u00e1s Noriega\",\"encuesta\",\"estr\u00e9s\",\"pandemia\",\"Psic\u00f3loga Mar\u00eda Sof\u00eda Pedraza\"],\"articleSection\":[\"Sociedad\",\"tercera\"],\"inLanguage\":\"es\",\"potentialAction\":[{\"@type\":\"CommentAction\",\"name\":\"Comment\",\"target\":[\"http:\/\/elregionalvm.com.ar\/noticias-villa-maria\/depresion-y-estres-efectos-de-la-pandemia-y-la-extensa-cuarentena\/#respond\"]}]},{\"@type\":\"WebPage\",\"@id\":\"http:\/\/elregionalvm.com.ar\/noticias-villa-maria\/depresion-y-estres-efectos-de-la-pandemia-y-la-extensa-cuarentena\/\",\"url\":\"http:\/\/elregionalvm.com.ar\/noticias-villa-maria\/depresion-y-estres-efectos-de-la-pandemia-y-la-extensa-cuarentena\/\",\"name\":\"Depresi\u00f3n y estr\u00e9s, efectos de la pandemia y la extensa cuarentena - El Regional\",\"isPartOf\":{\"@id\":\"http:\/\/elregionalvm.com.ar\/noticias-villa-maria\/#website\"},\"primaryImageOfPage\":{\"@id\":\"http:\/\/elregionalvm.com.ar\/noticias-villa-maria\/depresion-y-estres-efectos-de-la-pandemia-y-la-extensa-cuarentena\/#primaryimage\"},\"image\":{\"@id\":\"http:\/\/elregionalvm.com.ar\/noticias-villa-maria\/depresion-y-estres-efectos-de-la-pandemia-y-la-extensa-cuarentena\/#primaryimage\"},\"thumbnailUrl\":\"https:\/\/i0.wp.com\/elregionalvm.com.ar\/noticias-villa-maria\/wp-content\/uploads\/2020\/09\/depresion.jpg?fit=946%2C1080&ssl=1\",\"datePublished\":\"2020-09-09T22:06:57+00:00\",\"dateModified\":\"2020-09-11T03:36:51+00:00\",\"author\":{\"@id\":\"http:\/\/elregionalvm.com.ar\/noticias-villa-maria\/#\/schema\/person\/a0fb9c422317faca23d50163151bc354\"},\"breadcrumb\":{\"@id\":\"http:\/\/elregionalvm.com.ar\/noticias-villa-maria\/depresion-y-estres-efectos-de-la-pandemia-y-la-extensa-cuarentena\/#breadcrumb\"},\"inLanguage\":\"es\",\"potentialAction\":[{\"@type\":\"ReadAction\",\"target\":[\"http:\/\/elregionalvm.com.ar\/noticias-villa-maria\/depresion-y-estres-efectos-de-la-pandemia-y-la-extensa-cuarentena\/\"]}]},{\"@type\":\"ImageObject\",\"inLanguage\":\"es\",\"@id\":\"http:\/\/elregionalvm.com.ar\/noticias-villa-maria\/depresion-y-estres-efectos-de-la-pandemia-y-la-extensa-cuarentena\/#primaryimage\",\"url\":\"https:\/\/i0.wp.com\/elregionalvm.com.ar\/noticias-villa-maria\/wp-content\/uploads\/2020\/09\/depresion.jpg?fit=946%2C1080&ssl=1\",\"contentUrl\":\"https:\/\/i0.wp.com\/elregionalvm.com.ar\/noticias-villa-maria\/wp-content\/uploads\/2020\/09\/depresion.jpg?fit=946%2C1080&ssl=1\",\"width\":946,\"height\":1080},{\"@type\":\"BreadcrumbList\",\"@id\":\"http:\/\/elregionalvm.com.ar\/noticias-villa-maria\/depresion-y-estres-efectos-de-la-pandemia-y-la-extensa-cuarentena\/#breadcrumb\",\"itemListElement\":[{\"@type\":\"ListItem\",\"position\":1,\"name\":\"Portada\",\"item\":\"https:\/\/elregionalvm.com.ar\/noticias-villa-maria\/\"},{\"@type\":\"ListItem\",\"position\":2,\"name\":\"Depresi\u00f3n y estr\u00e9s, efectos de la pandemia y la extensa cuarentena\"}]},{\"@type\":\"WebSite\",\"@id\":\"http:\/\/elregionalvm.com.ar\/noticias-villa-maria\/#website\",\"url\":\"http:\/\/elregionalvm.com.ar\/noticias-villa-maria\/\",\"name\":\"El Regional\",\"description\":\"Mucho m\u00e1s que informaci\u00f3n\",\"potentialAction\":[{\"@type\":\"SearchAction\",\"target\":{\"@type\":\"EntryPoint\",\"urlTemplate\":\"http:\/\/elregionalvm.com.ar\/noticias-villa-maria\/?s={search_term_string}\"},\"query-input\":{\"@type\":\"PropertyValueSpecification\",\"valueRequired\":true,\"valueName\":\"search_term_string\"}}],\"inLanguage\":\"es\"},{\"@type\":\"Person\",\"@id\":\"http:\/\/elregionalvm.com.ar\/noticias-villa-maria\/#\/schema\/person\/a0fb9c422317faca23d50163151bc354\",\"name\":\"Contenidos El Regional\",\"image\":{\"@type\":\"ImageObject\",\"inLanguage\":\"es\",\"@id\":\"http:\/\/elregionalvm.com.ar\/noticias-villa-maria\/#\/schema\/person\/image\/\",\"url\":\"https:\/\/secure.gravatar.com\/avatar\/265b27cb2209af7bb3a1318f03305787d7981a5cc6e6cd08fe5a4ecdf99d4b48?s=96&d=mm&r=g\",\"contentUrl\":\"https:\/\/secure.gravatar.com\/avatar\/265b27cb2209af7bb3a1318f03305787d7981a5cc6e6cd08fe5a4ecdf99d4b48?s=96&d=mm&r=g\",\"caption\":\"Contenidos El Regional\"},\"url\":\"https:\/\/elregionalvm.com.ar\/noticias-villa-maria\/author\/contenido\/\"}]}<\/script>\n<!-- \/ Yoast SEO plugin. -->","yoast_head_json":{"title":"Depresi\u00f3n y estr\u00e9s, efectos de la pandemia y la extensa cuarentena - El Regional","robots":{"index":"index","follow":"follow","max-snippet":"max-snippet:-1","max-image-preview":"max-image-preview:large","max-video-preview":"max-video-preview:-1"},"canonical":"http:\/\/elregionalvm.com.ar\/noticias-villa-maria\/depresion-y-estres-efectos-de-la-pandemia-y-la-extensa-cuarentena\/","og_locale":"es_ES","og_type":"article","og_title":"Depresi\u00f3n y estr\u00e9s, efectos de la pandemia y la extensa cuarentena - El Regional","og_description":"Escribe: Gabriela Beck &#8211; D\u00edas atr\u00e1s el Dr. Nicol\u00e1s Noriega aport\u00f3 datos muy interesantes que ameritan rescatarse sobre algunos efectos que provoca en las personas en general esta pandemia y la extensi\u00f3n de la cuarentena en particular, en una entrevista telef\u00f3nica que sali\u00f3 al aire por Radio Centro (*). El Dr. Noriega es un alergista [&hellip;]","og_url":"http:\/\/elregionalvm.com.ar\/noticias-villa-maria\/depresion-y-estres-efectos-de-la-pandemia-y-la-extensa-cuarentena\/","og_site_name":"El Regional","article_publisher":"https:\/\/www.facebook.com\/elregionalvm","article_published_time":"2020-09-09T22:06:57+00:00","article_modified_time":"2020-09-11T03:36:51+00:00","og_image":[{"width":946,"height":1080,"url":"http:\/\/elregionalvm.com.ar\/noticias-villa-maria\/wp-content\/uploads\/2020\/09\/depresion.jpg","type":"image\/jpeg"}],"author":"Contenidos El Regional","twitter_card":"summary_large_image","twitter_creator":"@elregionalvm1","twitter_site":"@elregionalvm1","twitter_misc":{"Escrito por":"Contenidos El Regional","Tiempo de lectura":"8 minutos"},"schema":{"@context":"https:\/\/schema.org","@graph":[{"@type":"Article","@id":"http:\/\/elregionalvm.com.ar\/noticias-villa-maria\/depresion-y-estres-efectos-de-la-pandemia-y-la-extensa-cuarentena\/#article","isPartOf":{"@id":"http:\/\/elregionalvm.com.ar\/noticias-villa-maria\/depresion-y-estres-efectos-de-la-pandemia-y-la-extensa-cuarentena\/"},"author":{"name":"Contenidos El Regional","@id":"http:\/\/elregionalvm.com.ar\/noticias-villa-maria\/#\/schema\/person\/a0fb9c422317faca23d50163151bc354"},"headline":"Depresi\u00f3n y estr\u00e9s, efectos de la pandemia y la extensa cuarentena","datePublished":"2020-09-09T22:06:57+00:00","dateModified":"2020-09-11T03:36:51+00:00","mainEntityOfPage":{"@id":"http:\/\/elregionalvm.com.ar\/noticias-villa-maria\/depresion-y-estres-efectos-de-la-pandemia-y-la-extensa-cuarentena\/"},"wordCount":1575,"commentCount":0,"image":{"@id":"http:\/\/elregionalvm.com.ar\/noticias-villa-maria\/depresion-y-estres-efectos-de-la-pandemia-y-la-extensa-cuarentena\/#primaryimage"},"thumbnailUrl":"https:\/\/i0.wp.com\/elregionalvm.com.ar\/noticias-villa-maria\/wp-content\/uploads\/2020\/09\/depresion.jpg?fit=946%2C1080&ssl=1","keywords":["alergias","cuarentena","datos","depresi\u00f3n","Dr. Nicol\u00e1s Noriega","encuesta","estr\u00e9s","pandemia","Psic\u00f3loga Mar\u00eda Sof\u00eda Pedraza"],"articleSection":["Sociedad","tercera"],"inLanguage":"es","potentialAction":[{"@type":"CommentAction","name":"Comment","target":["http:\/\/elregionalvm.com.ar\/noticias-villa-maria\/depresion-y-estres-efectos-de-la-pandemia-y-la-extensa-cuarentena\/#respond"]}]},{"@type":"WebPage","@id":"http:\/\/elregionalvm.com.ar\/noticias-villa-maria\/depresion-y-estres-efectos-de-la-pandemia-y-la-extensa-cuarentena\/","url":"http:\/\/elregionalvm.com.ar\/noticias-villa-maria\/depresion-y-estres-efectos-de-la-pandemia-y-la-extensa-cuarentena\/","name":"Depresi\u00f3n y estr\u00e9s, efectos de la pandemia y la extensa cuarentena - El Regional","isPartOf":{"@id":"http:\/\/elregionalvm.com.ar\/noticias-villa-maria\/#website"},"primaryImageOfPage":{"@id":"http:\/\/elregionalvm.com.ar\/noticias-villa-maria\/depresion-y-estres-efectos-de-la-pandemia-y-la-extensa-cuarentena\/#primaryimage"},"image":{"@id":"http:\/\/elregionalvm.com.ar\/noticias-villa-maria\/depresion-y-estres-efectos-de-la-pandemia-y-la-extensa-cuarentena\/#primaryimage"},"thumbnailUrl":"https:\/\/i0.wp.com\/elregionalvm.com.ar\/noticias-villa-maria\/wp-content\/uploads\/2020\/09\/depresion.jpg?fit=946%2C1080&ssl=1","datePublished":"2020-09-09T22:06:57+00:00","dateModified":"2020-09-11T03:36:51+00:00","author":{"@id":"http:\/\/elregionalvm.com.ar\/noticias-villa-maria\/#\/schema\/person\/a0fb9c422317faca23d50163151bc354"},"breadcrumb":{"@id":"http:\/\/elregionalvm.com.ar\/noticias-villa-maria\/depresion-y-estres-efectos-de-la-pandemia-y-la-extensa-cuarentena\/#breadcrumb"},"inLanguage":"es","potentialAction":[{"@type":"ReadAction","target":["http:\/\/elregionalvm.com.ar\/noticias-villa-maria\/depresion-y-estres-efectos-de-la-pandemia-y-la-extensa-cuarentena\/"]}]},{"@type":"ImageObject","inLanguage":"es","@id":"http:\/\/elregionalvm.com.ar\/noticias-villa-maria\/depresion-y-estres-efectos-de-la-pandemia-y-la-extensa-cuarentena\/#primaryimage","url":"https:\/\/i0.wp.com\/elregionalvm.com.ar\/noticias-villa-maria\/wp-content\/uploads\/2020\/09\/depresion.jpg?fit=946%2C1080&ssl=1","contentUrl":"https:\/\/i0.wp.com\/elregionalvm.com.ar\/noticias-villa-maria\/wp-content\/uploads\/2020\/09\/depresion.jpg?fit=946%2C1080&ssl=1","width":946,"height":1080},{"@type":"BreadcrumbList","@id":"http:\/\/elregionalvm.com.ar\/noticias-villa-maria\/depresion-y-estres-efectos-de-la-pandemia-y-la-extensa-cuarentena\/#breadcrumb","itemListElement":[{"@type":"ListItem","position":1,"name":"Portada","item":"https:\/\/elregionalvm.com.ar\/noticias-villa-maria\/"},{"@type":"ListItem","position":2,"name":"Depresi\u00f3n y estr\u00e9s, efectos de la pandemia y la extensa cuarentena"}]},{"@type":"WebSite","@id":"http:\/\/elregionalvm.com.ar\/noticias-villa-maria\/#website","url":"http:\/\/elregionalvm.com.ar\/noticias-villa-maria\/","name":"El Regional","description":"Mucho m\u00e1s que informaci\u00f3n","potentialAction":[{"@type":"SearchAction","target":{"@type":"EntryPoint","urlTemplate":"http:\/\/elregionalvm.com.ar\/noticias-villa-maria\/?s={search_term_string}"},"query-input":{"@type":"PropertyValueSpecification","valueRequired":true,"valueName":"search_term_string"}}],"inLanguage":"es"},{"@type":"Person","@id":"http:\/\/elregionalvm.com.ar\/noticias-villa-maria\/#\/schema\/person\/a0fb9c422317faca23d50163151bc354","name":"Contenidos El Regional","image":{"@type":"ImageObject","inLanguage":"es","@id":"http:\/\/elregionalvm.com.ar\/noticias-villa-maria\/#\/schema\/person\/image\/","url":"https:\/\/secure.gravatar.com\/avatar\/265b27cb2209af7bb3a1318f03305787d7981a5cc6e6cd08fe5a4ecdf99d4b48?s=96&d=mm&r=g","contentUrl":"https:\/\/secure.gravatar.com\/avatar\/265b27cb2209af7bb3a1318f03305787d7981a5cc6e6cd08fe5a4ecdf99d4b48?s=96&d=mm&r=g","caption":"Contenidos El Regional"},"url":"https:\/\/elregionalvm.com.ar\/noticias-villa-maria\/author\/contenido\/"}]}},"jetpack_featured_media_url":"https:\/\/i0.wp.com\/elregionalvm.com.ar\/noticias-villa-maria\/wp-content\/uploads\/2020\/09\/depresion.jpg?fit=946%2C1080&ssl=1","jetpack_sharing_enabled":true,"_links":{"self":[{"href":"https:\/\/elregionalvm.com.ar\/noticias-villa-maria\/wp-json\/wp\/v2\/posts\/23555","targetHints":{"allow":["GET"]}}],"collection":[{"href":"https:\/\/elregionalvm.com.ar\/noticias-villa-maria\/wp-json\/wp\/v2\/posts"}],"about":[{"href":"https:\/\/elregionalvm.com.ar\/noticias-villa-maria\/wp-json\/wp\/v2\/types\/post"}],"author":[{"embeddable":true,"href":"https:\/\/elregionalvm.com.ar\/noticias-villa-maria\/wp-json\/wp\/v2\/users\/4"}],"replies":[{"embeddable":true,"href":"https:\/\/elregionalvm.com.ar\/noticias-villa-maria\/wp-json\/wp\/v2\/comments?post=23555"}],"version-history":[{"count":9,"href":"https:\/\/elregionalvm.com.ar\/noticias-villa-maria\/wp-json\/wp\/v2\/posts\/23555\/revisions"}],"predecessor-version":[{"id":23579,"href":"https:\/\/elregionalvm.com.ar\/noticias-villa-maria\/wp-json\/wp\/v2\/posts\/23555\/revisions\/23579"}],"wp:featuredmedia":[{"embeddable":true,"href":"https:\/\/elregionalvm.com.ar\/noticias-villa-maria\/wp-json\/wp\/v2\/media\/23578"}],"wp:attachment":[{"href":"https:\/\/elregionalvm.com.ar\/noticias-villa-maria\/wp-json\/wp\/v2\/media?parent=23555"}],"wp:term":[{"taxonomy":"category","embeddable":true,"href":"https:\/\/elregionalvm.com.ar\/noticias-villa-maria\/wp-json\/wp\/v2\/categories?post=23555"},{"taxonomy":"post_tag","embeddable":true,"href":"https:\/\/elregionalvm.com.ar\/noticias-villa-maria\/wp-json\/wp\/v2\/tags?post=23555"}],"curies":[{"name":"wp","href":"https:\/\/api.w.org\/{rel}","templated":true}]}}