{"id":23569,"date":"2020-09-09T22:49:38","date_gmt":"2020-09-09T22:49:38","guid":{"rendered":"https:\/\/elregionalvm.com.ar\/noticias-villa-maria\/?p=23569"},"modified":"2020-09-09T23:28:41","modified_gmt":"2020-09-09T23:28:41","slug":"extrano-robo-a-responsable-de-ong-video","status":"publish","type":"post","link":"https:\/\/elregionalvm.com.ar\/noticias-villa-maria\/extrano-robo-a-responsable-de-ong-video\/","title":{"rendered":"Extra\u00f1o robo a responsable de ONG (Video)"},"content":{"rendered":"\n<p><strong>Escribe: Carolina Durand<\/strong><\/p>\n\n\n\n<p>Desde la ONG Vida Nueva, informaron que en horas del mediod\u00eda, a Cecilia Besonne, presidente de la entidad, le sustrajeron de su veh\u00edculo un bolso con importantes elementos personales.<\/p>\n\n\n\n<p>El robo ocurri\u00f3 a la altura de Viamonte 660, Barrio Lamadrid, en horas de la siesta, luego de que la damnificada habr\u00eda salido de la Municipalidad de Villa Mar\u00eda. La secuencia fue captada por c\u00e1maras de seguridad del lugar. <\/p>\n\n\n\n<p>Las im\u00e1genes muestran c\u00f3mo  un sujeto con buzo amarillo, se desplazaba detr\u00e1s del veh\u00edculo que conduc\u00eda Besonne y al estacionar, el rodado menor sigui\u00f3 su curso.<\/p>\n\n\n\n<figure class=\"wp-block-embed-youtube wp-block-embed is-type-video is-provider-youtube wp-embed-aspect-4-3 wp-has-aspect-ratio\"><div class=\"wp-block-embed__wrapper\">\n<iframe title=\"Rob\u00f3 en una camioneta y qued\u00f3 registrado por las c\u00e1maras\" width=\"500\" height=\"375\" src=\"https:\/\/www.youtube.com\/embed\/EB0Sdv6YyLk?feature=oembed\" frameborder=\"0\" allow=\"accelerometer; autoplay; clipboard-write; encrypted-media; gyroscope; picture-in-picture; web-share\" referrerpolicy=\"strict-origin-when-cross-origin\" allowfullscreen><\/iframe>\n<\/div><\/figure>\n\n\n\n<p><\/p>\n\n\n\n<p><strong>Secuencia del robo sospechosa<\/strong><\/p>\n\n\n\n<p>La mujer estaciona, cierra con llave y se aleja del lugar. A los pocos minutos, las im\u00e1genes captaron c\u00f3mo el sujeto de manera sospechosa se acerca al veh\u00edculo, intenta abrir la puerta del lado de acompa\u00f1ante, luego la del conductor y vuelve a la puerta forzada primeramente, para romper el vidrio y robar.<\/p>\n\n\n\n<p>La actitud que muestran las c\u00e1maras, es que fue directo a forzar las puertas. Las sospechas recaen en que el maleante sab\u00eda que en el asiento delantero hab\u00eda un bolso.<\/p>\n\n\n\n<p>\u201cQue m\u00e1s explicar si el video habla por s\u00ed solo\u201d, dice parte del escrito que la ONG comparti\u00f3 en redes sociales junto con el video del robo. \u201cEn estos momentos la indignaci\u00f3n nos inunda y la impunidad con la que se maneja nos asombra. Necesitamos identificar a esta persona, por suerte su imagen es clara y en Villa Mar\u00eda\/Villa Nueva nos conocemos todos\u201d, contin\u00faa la descripci\u00f3n que acompa\u00f1an las im\u00e1genes.<\/p>\n\n\n\n<p>Consultado uno de los colaboradores de Vida Nueva, asegur\u00f3 \u201cestar muy ofuscado con el hecho y que a\u00fan no han podido establecer si hab\u00eda documentaci\u00f3n importante o alguna suma de dinero relevante en el bolso, ya que Besonne se encuentra sin celular\u201d.<\/p>\n\n\n\n<figure class=\"wp-block-embed-youtube wp-block-embed is-type-video is-provider-youtube wp-embed-aspect-16-9 wp-has-aspect-ratio\"><div class=\"wp-block-embed__wrapper\">\n<iframe title=\"Rob\u00f3 en una camioneta y qued\u00f3 registrado por las c\u00e1maras\" width=\"500\" height=\"281\" src=\"https:\/\/www.youtube.com\/embed\/P7xeq65rP98?feature=oembed\" frameborder=\"0\" allow=\"accelerometer; autoplay; clipboard-write; encrypted-media; gyroscope; picture-in-picture; web-share\" referrerpolicy=\"strict-origin-when-cross-origin\" allowfullscreen><\/iframe>\n<\/div><figcaption><em>La secuencia del robo.<\/em><\/figcaption><\/figure>\n\n\n\n<p><\/p>\n\n\n\n<p><strong>Objetivos de la ONG<\/strong><\/p>\n\n\n\n<p>La ONG se enfocada en el rescate y protecci\u00f3n de animales desde hace tres a\u00f1os, por medio de un grupo de voluntarios que ten\u00edan un proyecto en vista para intentar erradicar el maltrato y abandono animal.<\/p>\n\n\n\n<p>Algunos de los objetivos de la Fundaci\u00f3n a corto y largo plazo por los que trabajan a diario, son fomentar el buen trato animal; concientizar sobre el trato animal haciendo hincapi\u00e9 en las nuevas generaciones tanto sea en colegios como en eventos masivos, para as\u00ed evitar el abandono, fomentar la adopci\u00f3n y lograr una tenencia responsable del mismo; defender bajo legislaci\u00f3n vigente su protecci\u00f3n y defensa, debiendo cumplir las leyes existentes; denunciar las irregularidades que tengan que ver con la tenencia de animales, entre otros.<\/p>\n","protected":false},"excerpt":{"rendered":"<p>Escribe: Carolina Durand Desde la ONG Vida Nueva, informaron que en horas del mediod\u00eda, a Cecilia Besonne, presidente de la entidad, le sustrajeron de su veh\u00edculo un bolso con importantes elementos personales. El robo ocurri\u00f3 a la altura de Viamonte 660, Barrio Lamadrid, en horas de la siesta, luego de que la damnificada habr\u00eda salido [&hellip;]<\/p>\n","protected":false},"author":4,"featured_media":23572,"comment_status":"open","ping_status":"open","sticky":false,"template":"","format":"standard","meta":{"site-sidebar-layout":"default","site-content-layout":"default","ast-site-content-layout":"default","site-content-style":"default","site-sidebar-style":"default","ast-global-header-display":"","ast-banner-title-visibility":"","ast-main-header-display":"","ast-hfb-above-header-display":"","ast-hfb-below-header-display":"","ast-hfb-mobile-header-display":"","site-post-title":"","ast-breadcrumbs-content":"","ast-featured-img":"","footer-sml-layout":"","ast-disable-related-posts":"","theme-transparent-header-meta":"default","adv-header-id-meta":"","stick-header-meta":"","header-above-stick-meta":"","header-main-stick-meta":"","header-below-stick-meta":"","astra-migrate-meta-layouts":"default","ast-page-background-enabled":"default","ast-page-background-meta":{"desktop":{"background-color":"","background-image":"","background-repeat":"repeat","background-position":"center center","background-size":"auto","background-attachment":"scroll","background-type":"","background-media":"","overlay-type":"","overlay-color":"","overlay-opacity":"","overlay-gradient":""},"tablet":{"background-color":"","background-image":"","background-repeat":"repeat","background-position":"center center","background-size":"auto","background-attachment":"scroll","background-type":"","background-media":"","overlay-type":"","overlay-color":"","overlay-opacity":"","overlay-gradient":""},"mobile":{"background-color":"","background-image":"","background-repeat":"repeat","background-position":"center center","background-size":"auto","background-attachment":"scroll","background-type":"","background-media":"","overlay-type":"","overlay-color":"","overlay-opacity":"","overlay-gradient":""}},"ast-content-background-meta":{"desktop":{"background-color":"var(--ast-global-color-5)","background-image":"","background-repeat":"repeat","background-position":"center center","background-size":"auto","background-attachment":"scroll","background-type":"","background-media":"","overlay-type":"","overlay-color":"","overlay-opacity":"","overlay-gradient":""},"tablet":{"background-color":"var(--ast-global-color-5)","background-image":"","background-repeat":"repeat","background-position":"center center","background-size":"auto","background-attachment":"scroll","background-type":"","background-media":"","overlay-type":"","overlay-color":"","overlay-opacity":"","overlay-gradient":""},"mobile":{"background-color":"var(--ast-global-color-5)","background-image":"","background-repeat":"repeat","background-position":"center center","background-size":"auto","background-attachment":"scroll","background-type":"","background-media":"","overlay-type":"","overlay-color":"","overlay-opacity":"","overlay-gradient":""}},"_jetpack_memberships_contains_paid_content":false,"_joinchat":[],"footnotes":""},"categories":[2323,2074,2],"tags":[3848,3845,3847,3846,741,1160,2075],"class_list":["post-23569","post","type-post","status-publish","format-standard","has-post-thumbnail","hentry","category-notas-secundarias","category-videos","category-villa-maria","tag-camara-de-seguridad","tag-camioneta","tag-nueva-vida","tag-ong","tag-policiales","tag-robo","tag-video"],"yoast_head":"<!-- This site is optimized with the Yoast SEO plugin v26.8 - https:\/\/yoast.com\/product\/yoast-seo-wordpress\/ -->\n<title>Extra\u00f1o robo a responsable de ONG (Video) - El Regional<\/title>\n<meta name=\"description\" content=\"Desde la ONG Vida Nueva, informaron que en horas del mediod\u00eda, a Cecilia Besonne, presidente de la entidad, le sustrajeron un bolso de su veh\u00edculo.\" \/>\n<meta name=\"robots\" content=\"index, follow, max-snippet:-1, max-image-preview:large, max-video-preview:-1\" \/>\n<link rel=\"canonical\" href=\"http:\/\/elregionalvm.com.ar\/noticias-villa-maria\/extrano-robo-a-responsable-de-ong-video\/\" \/>\n<meta property=\"og:locale\" content=\"es_ES\" \/>\n<meta property=\"og:type\" content=\"article\" \/>\n<meta property=\"og:title\" content=\"Extra\u00f1o robo a responsable de ONG (Video) - El Regional\" \/>\n<meta property=\"og:description\" content=\"Desde la ONG Vida Nueva, informaron que en horas del mediod\u00eda, a Cecilia Besonne, presidente de la entidad, le sustrajeron un bolso de su veh\u00edculo.\" \/>\n<meta property=\"og:url\" content=\"http:\/\/elregionalvm.com.ar\/noticias-villa-maria\/extrano-robo-a-responsable-de-ong-video\/\" \/>\n<meta property=\"og:site_name\" content=\"El Regional\" \/>\n<meta property=\"article:publisher\" content=\"https:\/\/www.facebook.com\/elregionalvm\" \/>\n<meta property=\"article:published_time\" content=\"2020-09-09T22:49:38+00:00\" \/>\n<meta property=\"article:modified_time\" content=\"2020-09-09T23:28:41+00:00\" \/>\n<meta property=\"og:image\" content=\"http:\/\/elregionalvm.com.ar\/noticias-villa-maria\/wp-content\/uploads\/2020\/09\/Robo-captura-video.jpg\" \/>\n\t<meta property=\"og:image:width\" content=\"786\" \/>\n\t<meta property=\"og:image:height\" content=\"489\" \/>\n\t<meta property=\"og:image:type\" content=\"image\/jpeg\" \/>\n<meta name=\"author\" content=\"Contenidos El Regional\" \/>\n<meta name=\"twitter:card\" content=\"summary_large_image\" \/>\n<meta name=\"twitter:creator\" content=\"@elregionalvm1\" \/>\n<meta name=\"twitter:site\" content=\"@elregionalvm1\" \/>\n<meta name=\"twitter:label1\" content=\"Escrito por\" \/>\n\t<meta name=\"twitter:data1\" content=\"Contenidos El Regional\" \/>\n\t<meta name=\"twitter:label2\" content=\"Tiempo de lectura\" \/>\n\t<meta name=\"twitter:data2\" content=\"2 minutos\" \/>\n<script type=\"application\/ld+json\" class=\"yoast-schema-graph\">{\"@context\":\"https:\/\/schema.org\",\"@graph\":[{\"@type\":\"Article\",\"@id\":\"http:\/\/elregionalvm.com.ar\/noticias-villa-maria\/extrano-robo-a-responsable-de-ong-video\/#article\",\"isPartOf\":{\"@id\":\"http:\/\/elregionalvm.com.ar\/noticias-villa-maria\/extrano-robo-a-responsable-de-ong-video\/\"},\"author\":{\"name\":\"Contenidos El Regional\",\"@id\":\"http:\/\/elregionalvm.com.ar\/noticias-villa-maria\/#\/schema\/person\/a0fb9c422317faca23d50163151bc354\"},\"headline\":\"Extra\u00f1o robo a responsable de ONG (Video)\",\"datePublished\":\"2020-09-09T22:49:38+00:00\",\"dateModified\":\"2020-09-09T23:28:41+00:00\",\"mainEntityOfPage\":{\"@id\":\"http:\/\/elregionalvm.com.ar\/noticias-villa-maria\/extrano-robo-a-responsable-de-ong-video\/\"},\"wordCount\":479,\"commentCount\":0,\"image\":{\"@id\":\"http:\/\/elregionalvm.com.ar\/noticias-villa-maria\/extrano-robo-a-responsable-de-ong-video\/#primaryimage\"},\"thumbnailUrl\":\"https:\/\/i0.wp.com\/elregionalvm.com.ar\/noticias-villa-maria\/wp-content\/uploads\/2020\/09\/Robo-captura-video.jpg?fit=786%2C489&ssl=1\",\"keywords\":[\"C\u00e1mara de seguridad\",\"Camioneta\",\"Nueva Vida\",\"ONG\",\"Policiales\",\"Robo\",\"video\"],\"articleSection\":[\"Notas\",\"Videos\",\"Villa Mar\u00eda\"],\"inLanguage\":\"es\",\"potentialAction\":[{\"@type\":\"CommentAction\",\"name\":\"Comment\",\"target\":[\"http:\/\/elregionalvm.com.ar\/noticias-villa-maria\/extrano-robo-a-responsable-de-ong-video\/#respond\"]}]},{\"@type\":\"WebPage\",\"@id\":\"http:\/\/elregionalvm.com.ar\/noticias-villa-maria\/extrano-robo-a-responsable-de-ong-video\/\",\"url\":\"http:\/\/elregionalvm.com.ar\/noticias-villa-maria\/extrano-robo-a-responsable-de-ong-video\/\",\"name\":\"Extra\u00f1o robo a responsable de ONG (Video) - El Regional\",\"isPartOf\":{\"@id\":\"http:\/\/elregionalvm.com.ar\/noticias-villa-maria\/#website\"},\"primaryImageOfPage\":{\"@id\":\"http:\/\/elregionalvm.com.ar\/noticias-villa-maria\/extrano-robo-a-responsable-de-ong-video\/#primaryimage\"},\"image\":{\"@id\":\"http:\/\/elregionalvm.com.ar\/noticias-villa-maria\/extrano-robo-a-responsable-de-ong-video\/#primaryimage\"},\"thumbnailUrl\":\"https:\/\/i0.wp.com\/elregionalvm.com.ar\/noticias-villa-maria\/wp-content\/uploads\/2020\/09\/Robo-captura-video.jpg?fit=786%2C489&ssl=1\",\"datePublished\":\"2020-09-09T22:49:38+00:00\",\"dateModified\":\"2020-09-09T23:28:41+00:00\",\"author\":{\"@id\":\"http:\/\/elregionalvm.com.ar\/noticias-villa-maria\/#\/schema\/person\/a0fb9c422317faca23d50163151bc354\"},\"description\":\"Desde la ONG Vida Nueva, informaron que en horas del mediod\u00eda, a Cecilia Besonne, presidente de la entidad, le sustrajeron un bolso de su veh\u00edculo.\",\"breadcrumb\":{\"@id\":\"http:\/\/elregionalvm.com.ar\/noticias-villa-maria\/extrano-robo-a-responsable-de-ong-video\/#breadcrumb\"},\"inLanguage\":\"es\",\"potentialAction\":[{\"@type\":\"ReadAction\",\"target\":[\"http:\/\/elregionalvm.com.ar\/noticias-villa-maria\/extrano-robo-a-responsable-de-ong-video\/\"]}]},{\"@type\":\"ImageObject\",\"inLanguage\":\"es\",\"@id\":\"http:\/\/elregionalvm.com.ar\/noticias-villa-maria\/extrano-robo-a-responsable-de-ong-video\/#primaryimage\",\"url\":\"https:\/\/i0.wp.com\/elregionalvm.com.ar\/noticias-villa-maria\/wp-content\/uploads\/2020\/09\/Robo-captura-video.jpg?fit=786%2C489&ssl=1\",\"contentUrl\":\"https:\/\/i0.wp.com\/elregionalvm.com.ar\/noticias-villa-maria\/wp-content\/uploads\/2020\/09\/Robo-captura-video.jpg?fit=786%2C489&ssl=1\",\"width\":786,\"height\":489},{\"@type\":\"BreadcrumbList\",\"@id\":\"http:\/\/elregionalvm.com.ar\/noticias-villa-maria\/extrano-robo-a-responsable-de-ong-video\/#breadcrumb\",\"itemListElement\":[{\"@type\":\"ListItem\",\"position\":1,\"name\":\"Portada\",\"item\":\"https:\/\/elregionalvm.com.ar\/noticias-villa-maria\/\"},{\"@type\":\"ListItem\",\"position\":2,\"name\":\"Extra\u00f1o robo a responsable de ONG (Video)\"}]},{\"@type\":\"WebSite\",\"@id\":\"http:\/\/elregionalvm.com.ar\/noticias-villa-maria\/#website\",\"url\":\"http:\/\/elregionalvm.com.ar\/noticias-villa-maria\/\",\"name\":\"El Regional\",\"description\":\"Mucho m\u00e1s que informaci\u00f3n\",\"potentialAction\":[{\"@type\":\"SearchAction\",\"target\":{\"@type\":\"EntryPoint\",\"urlTemplate\":\"http:\/\/elregionalvm.com.ar\/noticias-villa-maria\/?s={search_term_string}\"},\"query-input\":{\"@type\":\"PropertyValueSpecification\",\"valueRequired\":true,\"valueName\":\"search_term_string\"}}],\"inLanguage\":\"es\"},{\"@type\":\"Person\",\"@id\":\"http:\/\/elregionalvm.com.ar\/noticias-villa-maria\/#\/schema\/person\/a0fb9c422317faca23d50163151bc354\",\"name\":\"Contenidos El Regional\",\"image\":{\"@type\":\"ImageObject\",\"inLanguage\":\"es\",\"@id\":\"http:\/\/elregionalvm.com.ar\/noticias-villa-maria\/#\/schema\/person\/image\/\",\"url\":\"https:\/\/secure.gravatar.com\/avatar\/265b27cb2209af7bb3a1318f03305787d7981a5cc6e6cd08fe5a4ecdf99d4b48?s=96&d=mm&r=g\",\"contentUrl\":\"https:\/\/secure.gravatar.com\/avatar\/265b27cb2209af7bb3a1318f03305787d7981a5cc6e6cd08fe5a4ecdf99d4b48?s=96&d=mm&r=g\",\"caption\":\"Contenidos El Regional\"},\"url\":\"https:\/\/elregionalvm.com.ar\/noticias-villa-maria\/author\/contenido\/\"}]}<\/script>\n<!-- \/ Yoast SEO plugin. -->","yoast_head_json":{"title":"Extra\u00f1o robo a responsable de ONG (Video) - El Regional","description":"Desde la ONG Vida Nueva, informaron que en horas del mediod\u00eda, a Cecilia Besonne, presidente de la entidad, le sustrajeron un bolso de su veh\u00edculo.","robots":{"index":"index","follow":"follow","max-snippet":"max-snippet:-1","max-image-preview":"max-image-preview:large","max-video-preview":"max-video-preview:-1"},"canonical":"http:\/\/elregionalvm.com.ar\/noticias-villa-maria\/extrano-robo-a-responsable-de-ong-video\/","og_locale":"es_ES","og_type":"article","og_title":"Extra\u00f1o robo a responsable de ONG (Video) - El Regional","og_description":"Desde la ONG Vida Nueva, informaron que en horas del mediod\u00eda, a Cecilia Besonne, presidente de la entidad, le sustrajeron un bolso de su veh\u00edculo.","og_url":"http:\/\/elregionalvm.com.ar\/noticias-villa-maria\/extrano-robo-a-responsable-de-ong-video\/","og_site_name":"El Regional","article_publisher":"https:\/\/www.facebook.com\/elregionalvm","article_published_time":"2020-09-09T22:49:38+00:00","article_modified_time":"2020-09-09T23:28:41+00:00","og_image":[{"width":786,"height":489,"url":"http:\/\/elregionalvm.com.ar\/noticias-villa-maria\/wp-content\/uploads\/2020\/09\/Robo-captura-video.jpg","type":"image\/jpeg"}],"author":"Contenidos El Regional","twitter_card":"summary_large_image","twitter_creator":"@elregionalvm1","twitter_site":"@elregionalvm1","twitter_misc":{"Escrito por":"Contenidos El Regional","Tiempo de lectura":"2 minutos"},"schema":{"@context":"https:\/\/schema.org","@graph":[{"@type":"Article","@id":"http:\/\/elregionalvm.com.ar\/noticias-villa-maria\/extrano-robo-a-responsable-de-ong-video\/#article","isPartOf":{"@id":"http:\/\/elregionalvm.com.ar\/noticias-villa-maria\/extrano-robo-a-responsable-de-ong-video\/"},"author":{"name":"Contenidos El Regional","@id":"http:\/\/elregionalvm.com.ar\/noticias-villa-maria\/#\/schema\/person\/a0fb9c422317faca23d50163151bc354"},"headline":"Extra\u00f1o robo a responsable de ONG (Video)","datePublished":"2020-09-09T22:49:38+00:00","dateModified":"2020-09-09T23:28:41+00:00","mainEntityOfPage":{"@id":"http:\/\/elregionalvm.com.ar\/noticias-villa-maria\/extrano-robo-a-responsable-de-ong-video\/"},"wordCount":479,"commentCount":0,"image":{"@id":"http:\/\/elregionalvm.com.ar\/noticias-villa-maria\/extrano-robo-a-responsable-de-ong-video\/#primaryimage"},"thumbnailUrl":"https:\/\/i0.wp.com\/elregionalvm.com.ar\/noticias-villa-maria\/wp-content\/uploads\/2020\/09\/Robo-captura-video.jpg?fit=786%2C489&ssl=1","keywords":["C\u00e1mara de seguridad","Camioneta","Nueva Vida","ONG","Policiales","Robo","video"],"articleSection":["Notas","Videos","Villa Mar\u00eda"],"inLanguage":"es","potentialAction":[{"@type":"CommentAction","name":"Comment","target":["http:\/\/elregionalvm.com.ar\/noticias-villa-maria\/extrano-robo-a-responsable-de-ong-video\/#respond"]}]},{"@type":"WebPage","@id":"http:\/\/elregionalvm.com.ar\/noticias-villa-maria\/extrano-robo-a-responsable-de-ong-video\/","url":"http:\/\/elregionalvm.com.ar\/noticias-villa-maria\/extrano-robo-a-responsable-de-ong-video\/","name":"Extra\u00f1o robo a responsable de ONG (Video) - El Regional","isPartOf":{"@id":"http:\/\/elregionalvm.com.ar\/noticias-villa-maria\/#website"},"primaryImageOfPage":{"@id":"http:\/\/elregionalvm.com.ar\/noticias-villa-maria\/extrano-robo-a-responsable-de-ong-video\/#primaryimage"},"image":{"@id":"http:\/\/elregionalvm.com.ar\/noticias-villa-maria\/extrano-robo-a-responsable-de-ong-video\/#primaryimage"},"thumbnailUrl":"https:\/\/i0.wp.com\/elregionalvm.com.ar\/noticias-villa-maria\/wp-content\/uploads\/2020\/09\/Robo-captura-video.jpg?fit=786%2C489&ssl=1","datePublished":"2020-09-09T22:49:38+00:00","dateModified":"2020-09-09T23:28:41+00:00","author":{"@id":"http:\/\/elregionalvm.com.ar\/noticias-villa-maria\/#\/schema\/person\/a0fb9c422317faca23d50163151bc354"},"description":"Desde la ONG Vida Nueva, informaron que en horas del mediod\u00eda, a Cecilia Besonne, presidente de la entidad, le sustrajeron un bolso de su veh\u00edculo.","breadcrumb":{"@id":"http:\/\/elregionalvm.com.ar\/noticias-villa-maria\/extrano-robo-a-responsable-de-ong-video\/#breadcrumb"},"inLanguage":"es","potentialAction":[{"@type":"ReadAction","target":["http:\/\/elregionalvm.com.ar\/noticias-villa-maria\/extrano-robo-a-responsable-de-ong-video\/"]}]},{"@type":"ImageObject","inLanguage":"es","@id":"http:\/\/elregionalvm.com.ar\/noticias-villa-maria\/extrano-robo-a-responsable-de-ong-video\/#primaryimage","url":"https:\/\/i0.wp.com\/elregionalvm.com.ar\/noticias-villa-maria\/wp-content\/uploads\/2020\/09\/Robo-captura-video.jpg?fit=786%2C489&ssl=1","contentUrl":"https:\/\/i0.wp.com\/elregionalvm.com.ar\/noticias-villa-maria\/wp-content\/uploads\/2020\/09\/Robo-captura-video.jpg?fit=786%2C489&ssl=1","width":786,"height":489},{"@type":"BreadcrumbList","@id":"http:\/\/elregionalvm.com.ar\/noticias-villa-maria\/extrano-robo-a-responsable-de-ong-video\/#breadcrumb","itemListElement":[{"@type":"ListItem","position":1,"name":"Portada","item":"https:\/\/elregionalvm.com.ar\/noticias-villa-maria\/"},{"@type":"ListItem","position":2,"name":"Extra\u00f1o robo a responsable de ONG (Video)"}]},{"@type":"WebSite","@id":"http:\/\/elregionalvm.com.ar\/noticias-villa-maria\/#website","url":"http:\/\/elregionalvm.com.ar\/noticias-villa-maria\/","name":"El Regional","description":"Mucho m\u00e1s que informaci\u00f3n","potentialAction":[{"@type":"SearchAction","target":{"@type":"EntryPoint","urlTemplate":"http:\/\/elregionalvm.com.ar\/noticias-villa-maria\/?s={search_term_string}"},"query-input":{"@type":"PropertyValueSpecification","valueRequired":true,"valueName":"search_term_string"}}],"inLanguage":"es"},{"@type":"Person","@id":"http:\/\/elregionalvm.com.ar\/noticias-villa-maria\/#\/schema\/person\/a0fb9c422317faca23d50163151bc354","name":"Contenidos El Regional","image":{"@type":"ImageObject","inLanguage":"es","@id":"http:\/\/elregionalvm.com.ar\/noticias-villa-maria\/#\/schema\/person\/image\/","url":"https:\/\/secure.gravatar.com\/avatar\/265b27cb2209af7bb3a1318f03305787d7981a5cc6e6cd08fe5a4ecdf99d4b48?s=96&d=mm&r=g","contentUrl":"https:\/\/secure.gravatar.com\/avatar\/265b27cb2209af7bb3a1318f03305787d7981a5cc6e6cd08fe5a4ecdf99d4b48?s=96&d=mm&r=g","caption":"Contenidos El Regional"},"url":"https:\/\/elregionalvm.com.ar\/noticias-villa-maria\/author\/contenido\/"}]}},"jetpack_featured_media_url":"https:\/\/i0.wp.com\/elregionalvm.com.ar\/noticias-villa-maria\/wp-content\/uploads\/2020\/09\/Robo-captura-video.jpg?fit=786%2C489&ssl=1","jetpack_sharing_enabled":true,"_links":{"self":[{"href":"https:\/\/elregionalvm.com.ar\/noticias-villa-maria\/wp-json\/wp\/v2\/posts\/23569","targetHints":{"allow":["GET"]}}],"collection":[{"href":"https:\/\/elregionalvm.com.ar\/noticias-villa-maria\/wp-json\/wp\/v2\/posts"}],"about":[{"href":"https:\/\/elregionalvm.com.ar\/noticias-villa-maria\/wp-json\/wp\/v2\/types\/post"}],"author":[{"embeddable":true,"href":"https:\/\/elregionalvm.com.ar\/noticias-villa-maria\/wp-json\/wp\/v2\/users\/4"}],"replies":[{"embeddable":true,"href":"https:\/\/elregionalvm.com.ar\/noticias-villa-maria\/wp-json\/wp\/v2\/comments?post=23569"}],"version-history":[{"count":4,"href":"https:\/\/elregionalvm.com.ar\/noticias-villa-maria\/wp-json\/wp\/v2\/posts\/23569\/revisions"}],"predecessor-version":[{"id":23582,"href":"https:\/\/elregionalvm.com.ar\/noticias-villa-maria\/wp-json\/wp\/v2\/posts\/23569\/revisions\/23582"}],"wp:featuredmedia":[{"embeddable":true,"href":"https:\/\/elregionalvm.com.ar\/noticias-villa-maria\/wp-json\/wp\/v2\/media\/23572"}],"wp:attachment":[{"href":"https:\/\/elregionalvm.com.ar\/noticias-villa-maria\/wp-json\/wp\/v2\/media?parent=23569"}],"wp:term":[{"taxonomy":"category","embeddable":true,"href":"https:\/\/elregionalvm.com.ar\/noticias-villa-maria\/wp-json\/wp\/v2\/categories?post=23569"},{"taxonomy":"post_tag","embeddable":true,"href":"https:\/\/elregionalvm.com.ar\/noticias-villa-maria\/wp-json\/wp\/v2\/tags?post=23569"}],"curies":[{"name":"wp","href":"https:\/\/api.w.org\/{rel}","templated":true}]}}