{"id":23672,"date":"2020-09-11T02:48:11","date_gmt":"2020-09-11T02:48:11","guid":{"rendered":"https:\/\/elregionalvm.com.ar\/noticias-villa-maria\/?p=23672"},"modified":"2020-09-11T03:04:54","modified_gmt":"2020-09-11T03:04:54","slug":"fallecio-un-paciente-sospechoso-de-90-anos-proveniente-de-un-geriatrico","status":"publish","type":"post","link":"https:\/\/elregionalvm.com.ar\/noticias-villa-maria\/fallecio-un-paciente-sospechoso-de-90-anos-proveniente-de-un-geriatrico\/","title":{"rendered":"Falleci\u00f3 un paciente \u00absospechoso\u00bb de 90 a\u00f1os proveniente de un geri\u00e1trico"},"content":{"rendered":"\n<p>Un anciano de 90 a\u00f1os  que se encontraba internado en una cl\u00ednica privada de Villa Mar\u00eda falleci\u00f3 hoy, seg\u00fan indic\u00f3 el informe diario emitido por el Hospital Pasteur.<\/p>\n\n\n\n<p>Se trata de un caso sospechoso, no confirmado de Covid 19, que proven\u00eda de un geri\u00e1trico local y padec\u00eda neumon\u00eda bilateral, indic\u00f3 el parte oficial.<\/p>\n\n\n\n<p>Esta muerte no se relaciona con ninguno de los residentes del geri\u00e1trico que debi\u00f3 derivar en los \u00faltimos d\u00edas a varios de sus abuelos a sanatorios de la ciudad. <\/p>\n\n\n\n<p>Desde la Fundaci\u00f3n C\u00e1ntaros confirmaron que no se trata de ninguno de sus hu\u00e9spedes. \u00abIncluso en su gran mayor\u00eda son casi todos asintom\u00e1ticos\u00bb, remarcaron.<\/p>\n\n\n\n<p>Fuentes hospitalarias indicaron que el paciente fallecido se alojaba en el establecimiento \u00abSan Eduardo\u00bb, que posee dos sucursales, una en Jos\u00e9 Ingenieros al 500 y la otra en San Juan al 500.<\/p>\n\n\n\n<p>Fue el \u00fanico deceso registrado en  la jornada.<\/p>\n\n\n\n<p><strong>Internados<\/strong><\/p>\n\n\n\n<p>En tanto, en el centro de salud provincial se encuentran internados 23 pacientes, de los cuales 8 son positivos. <\/p>\n\n\n\n<p>Son pacientes de Marcos Ju\u00e1rez, Oliva, Villa Mar\u00eda, Los Surgentes, Monte Ma\u00edz, General Cabrera, James Craik, Arroyo Cabral, Las Perdices, Cintra, General Deheza, General Roca, Luca, Leones, Laguna Larga y Buenos Aires.<\/p>\n\n\n\n<p>En las cl\u00ednicas privadas, hay 66 personas internadas, de las cuales 39 son casos positivos. Se hallan 50 en sala com\u00fan y el resto en UTI. <\/p>\n","protected":false},"excerpt":{"rendered":"<p>Un anciano de 90 a\u00f1os que se encontraba internado en una cl\u00ednica privada de Villa Mar\u00eda falleci\u00f3 hoy, seg\u00fan indic\u00f3 el informe diario emitido por el Hospital Pasteur. Se trata de un caso sospechoso, no confirmado de Covid 19, que proven\u00eda de un geri\u00e1trico local y padec\u00eda neumon\u00eda bilateral, indic\u00f3 el parte oficial. Esta muerte [&hellip;]<\/p>\n","protected":false},"author":4,"featured_media":23111,"comment_status":"open","ping_status":"open","sticky":false,"template":"","format":"standard","meta":{"site-sidebar-layout":"default","site-content-layout":"default","ast-site-content-layout":"default","site-content-style":"default","site-sidebar-style":"default","ast-global-header-display":"","ast-banner-title-visibility":"","ast-main-header-display":"","ast-hfb-above-header-display":"","ast-hfb-below-header-display":"","ast-hfb-mobile-header-display":"","site-post-title":"","ast-breadcrumbs-content":"","ast-featured-img":"","footer-sml-layout":"","ast-disable-related-posts":"","theme-transparent-header-meta":"default","adv-header-id-meta":"","stick-header-meta":"","header-above-stick-meta":"","header-main-stick-meta":"","header-below-stick-meta":"","astra-migrate-meta-layouts":"default","ast-page-background-enabled":"default","ast-page-background-meta":{"desktop":{"background-color":"","background-image":"","background-repeat":"repeat","background-position":"center center","background-size":"auto","background-attachment":"scroll","background-type":"","background-media":"","overlay-type":"","overlay-color":"","overlay-opacity":"","overlay-gradient":""},"tablet":{"background-color":"","background-image":"","background-repeat":"repeat","background-position":"center center","background-size":"auto","background-attachment":"scroll","background-type":"","background-media":"","overlay-type":"","overlay-color":"","overlay-opacity":"","overlay-gradient":""},"mobile":{"background-color":"","background-image":"","background-repeat":"repeat","background-position":"center center","background-size":"auto","background-attachment":"scroll","background-type":"","background-media":"","overlay-type":"","overlay-color":"","overlay-opacity":"","overlay-gradient":""}},"ast-content-background-meta":{"desktop":{"background-color":"var(--ast-global-color-5)","background-image":"","background-repeat":"repeat","background-position":"center center","background-size":"auto","background-attachment":"scroll","background-type":"","background-media":"","overlay-type":"","overlay-color":"","overlay-opacity":"","overlay-gradient":""},"tablet":{"background-color":"var(--ast-global-color-5)","background-image":"","background-repeat":"repeat","background-position":"center center","background-size":"auto","background-attachment":"scroll","background-type":"","background-media":"","overlay-type":"","overlay-color":"","overlay-opacity":"","overlay-gradient":""},"mobile":{"background-color":"var(--ast-global-color-5)","background-image":"","background-repeat":"repeat","background-position":"center center","background-size":"auto","background-attachment":"scroll","background-type":"","background-media":"","overlay-type":"","overlay-color":"","overlay-opacity":"","overlay-gradient":""}},"_jetpack_memberships_contains_paid_content":false,"_joinchat":[],"footnotes":""},"categories":[2256,2323,2],"tags":[2433,3623,2865,261,3832,2130,2437],"class_list":["post-23672","post","type-post","status-publish","format-standard","has-post-thumbnail","hentry","category-coronavirus","category-notas-secundarias","category-villa-maria","tag-casos-sospechosos","tag-clinica-privada","tag-covid-19-2","tag-fallecimiento","tag-geriatrico","tag-hospital-pasteur","tag-internados"],"yoast_head":"<!-- This site is optimized with the Yoast SEO plugin v26.8 - https:\/\/yoast.com\/product\/yoast-seo-wordpress\/ -->\n<title>Falleci\u00f3 un paciente &quot;sospechoso&quot; de 90 a\u00f1os proveniente de un geri\u00e1trico - El Regional<\/title>\n<meta name=\"description\" content=\"Un anciano de 90 a\u00f1os que se encontraba internado en una cl\u00ednica privada falleci\u00f3 este jueves, seg\u00fan indic\u00f3 el informe emitido por el Hospital Pasteur.\" \/>\n<meta name=\"robots\" content=\"index, follow, max-snippet:-1, max-image-preview:large, max-video-preview:-1\" \/>\n<link rel=\"canonical\" href=\"http:\/\/elregionalvm.com.ar\/noticias-villa-maria\/fallecio-un-paciente-sospechoso-de-90-anos-proveniente-de-un-geriatrico\/\" \/>\n<meta property=\"og:locale\" content=\"es_ES\" \/>\n<meta property=\"og:type\" content=\"article\" \/>\n<meta property=\"og:title\" content=\"Falleci\u00f3 un paciente &quot;sospechoso&quot; de 90 a\u00f1os proveniente de un geri\u00e1trico - El Regional\" \/>\n<meta property=\"og:description\" content=\"Un anciano de 90 a\u00f1os que se encontraba internado en una cl\u00ednica privada falleci\u00f3 este jueves, seg\u00fan indic\u00f3 el informe emitido por el Hospital Pasteur.\" \/>\n<meta property=\"og:url\" content=\"http:\/\/elregionalvm.com.ar\/noticias-villa-maria\/fallecio-un-paciente-sospechoso-de-90-anos-proveniente-de-un-geriatrico\/\" \/>\n<meta property=\"og:site_name\" content=\"El Regional\" \/>\n<meta property=\"article:publisher\" content=\"https:\/\/www.facebook.com\/elregionalvm\" \/>\n<meta property=\"article:published_time\" content=\"2020-09-11T02:48:11+00:00\" \/>\n<meta property=\"article:modified_time\" content=\"2020-09-11T03:04:54+00:00\" \/>\n<meta property=\"og:image\" content=\"http:\/\/elregionalvm.com.ar\/noticias-villa-maria\/wp-content\/uploads\/2020\/09\/coronavirus-paciente.jpg\" \/>\n\t<meta property=\"og:image:width\" content=\"1024\" \/>\n\t<meta property=\"og:image:height\" content=\"680\" \/>\n\t<meta property=\"og:image:type\" content=\"image\/jpeg\" \/>\n<meta name=\"author\" content=\"Contenidos El Regional\" \/>\n<meta name=\"twitter:card\" content=\"summary_large_image\" \/>\n<meta name=\"twitter:creator\" content=\"@elregionalvm1\" \/>\n<meta name=\"twitter:site\" content=\"@elregionalvm1\" \/>\n<meta name=\"twitter:label1\" content=\"Escrito por\" \/>\n\t<meta name=\"twitter:data1\" content=\"Contenidos El Regional\" \/>\n\t<meta name=\"twitter:label2\" content=\"Tiempo de lectura\" \/>\n\t<meta name=\"twitter:data2\" content=\"1 minuto\" \/>\n<script type=\"application\/ld+json\" class=\"yoast-schema-graph\">{\"@context\":\"https:\/\/schema.org\",\"@graph\":[{\"@type\":\"Article\",\"@id\":\"http:\/\/elregionalvm.com.ar\/noticias-villa-maria\/fallecio-un-paciente-sospechoso-de-90-anos-proveniente-de-un-geriatrico\/#article\",\"isPartOf\":{\"@id\":\"http:\/\/elregionalvm.com.ar\/noticias-villa-maria\/fallecio-un-paciente-sospechoso-de-90-anos-proveniente-de-un-geriatrico\/\"},\"author\":{\"name\":\"Contenidos El Regional\",\"@id\":\"http:\/\/elregionalvm.com.ar\/noticias-villa-maria\/#\/schema\/person\/a0fb9c422317faca23d50163151bc354\"},\"headline\":\"Falleci\u00f3 un paciente \u00absospechoso\u00bb de 90 a\u00f1os proveniente de un geri\u00e1trico\",\"datePublished\":\"2020-09-11T02:48:11+00:00\",\"dateModified\":\"2020-09-11T03:04:54+00:00\",\"mainEntityOfPage\":{\"@id\":\"http:\/\/elregionalvm.com.ar\/noticias-villa-maria\/fallecio-un-paciente-sospechoso-de-90-anos-proveniente-de-un-geriatrico\/\"},\"wordCount\":247,\"commentCount\":0,\"image\":{\"@id\":\"http:\/\/elregionalvm.com.ar\/noticias-villa-maria\/fallecio-un-paciente-sospechoso-de-90-anos-proveniente-de-un-geriatrico\/#primaryimage\"},\"thumbnailUrl\":\"https:\/\/i0.wp.com\/elregionalvm.com.ar\/noticias-villa-maria\/wp-content\/uploads\/2020\/09\/coronavirus-paciente.jpg?fit=1024%2C680&ssl=1\",\"keywords\":[\"Casos sospechosos\",\"Cl\u00ednica privada\",\"Covid 19\",\"fallecimiento\",\"Geri\u00e1trico\",\"Hospital Pasteur\",\"internados\"],\"articleSection\":[\"Coronavirus\",\"Notas\",\"Villa Mar\u00eda\"],\"inLanguage\":\"es\",\"potentialAction\":[{\"@type\":\"CommentAction\",\"name\":\"Comment\",\"target\":[\"http:\/\/elregionalvm.com.ar\/noticias-villa-maria\/fallecio-un-paciente-sospechoso-de-90-anos-proveniente-de-un-geriatrico\/#respond\"]}]},{\"@type\":\"WebPage\",\"@id\":\"http:\/\/elregionalvm.com.ar\/noticias-villa-maria\/fallecio-un-paciente-sospechoso-de-90-anos-proveniente-de-un-geriatrico\/\",\"url\":\"http:\/\/elregionalvm.com.ar\/noticias-villa-maria\/fallecio-un-paciente-sospechoso-de-90-anos-proveniente-de-un-geriatrico\/\",\"name\":\"Falleci\u00f3 un paciente \\\"sospechoso\\\" de 90 a\u00f1os proveniente de un geri\u00e1trico - El Regional\",\"isPartOf\":{\"@id\":\"http:\/\/elregionalvm.com.ar\/noticias-villa-maria\/#website\"},\"primaryImageOfPage\":{\"@id\":\"http:\/\/elregionalvm.com.ar\/noticias-villa-maria\/fallecio-un-paciente-sospechoso-de-90-anos-proveniente-de-un-geriatrico\/#primaryimage\"},\"image\":{\"@id\":\"http:\/\/elregionalvm.com.ar\/noticias-villa-maria\/fallecio-un-paciente-sospechoso-de-90-anos-proveniente-de-un-geriatrico\/#primaryimage\"},\"thumbnailUrl\":\"https:\/\/i0.wp.com\/elregionalvm.com.ar\/noticias-villa-maria\/wp-content\/uploads\/2020\/09\/coronavirus-paciente.jpg?fit=1024%2C680&ssl=1\",\"datePublished\":\"2020-09-11T02:48:11+00:00\",\"dateModified\":\"2020-09-11T03:04:54+00:00\",\"author\":{\"@id\":\"http:\/\/elregionalvm.com.ar\/noticias-villa-maria\/#\/schema\/person\/a0fb9c422317faca23d50163151bc354\"},\"description\":\"Un anciano de 90 a\u00f1os que se encontraba internado en una cl\u00ednica privada falleci\u00f3 este jueves, seg\u00fan indic\u00f3 el informe emitido por el Hospital Pasteur.\",\"breadcrumb\":{\"@id\":\"http:\/\/elregionalvm.com.ar\/noticias-villa-maria\/fallecio-un-paciente-sospechoso-de-90-anos-proveniente-de-un-geriatrico\/#breadcrumb\"},\"inLanguage\":\"es\",\"potentialAction\":[{\"@type\":\"ReadAction\",\"target\":[\"http:\/\/elregionalvm.com.ar\/noticias-villa-maria\/fallecio-un-paciente-sospechoso-de-90-anos-proveniente-de-un-geriatrico\/\"]}]},{\"@type\":\"ImageObject\",\"inLanguage\":\"es\",\"@id\":\"http:\/\/elregionalvm.com.ar\/noticias-villa-maria\/fallecio-un-paciente-sospechoso-de-90-anos-proveniente-de-un-geriatrico\/#primaryimage\",\"url\":\"https:\/\/i0.wp.com\/elregionalvm.com.ar\/noticias-villa-maria\/wp-content\/uploads\/2020\/09\/coronavirus-paciente.jpg?fit=1024%2C680&ssl=1\",\"contentUrl\":\"https:\/\/i0.wp.com\/elregionalvm.com.ar\/noticias-villa-maria\/wp-content\/uploads\/2020\/09\/coronavirus-paciente.jpg?fit=1024%2C680&ssl=1\",\"width\":1024,\"height\":680},{\"@type\":\"BreadcrumbList\",\"@id\":\"http:\/\/elregionalvm.com.ar\/noticias-villa-maria\/fallecio-un-paciente-sospechoso-de-90-anos-proveniente-de-un-geriatrico\/#breadcrumb\",\"itemListElement\":[{\"@type\":\"ListItem\",\"position\":1,\"name\":\"Portada\",\"item\":\"https:\/\/elregionalvm.com.ar\/noticias-villa-maria\/\"},{\"@type\":\"ListItem\",\"position\":2,\"name\":\"Falleci\u00f3 un paciente &#8220;sospechoso&#8221; de 90 a\u00f1os proveniente de un geri\u00e1trico\"}]},{\"@type\":\"WebSite\",\"@id\":\"http:\/\/elregionalvm.com.ar\/noticias-villa-maria\/#website\",\"url\":\"http:\/\/elregionalvm.com.ar\/noticias-villa-maria\/\",\"name\":\"El Regional\",\"description\":\"Mucho m\u00e1s que informaci\u00f3n\",\"potentialAction\":[{\"@type\":\"SearchAction\",\"target\":{\"@type\":\"EntryPoint\",\"urlTemplate\":\"http:\/\/elregionalvm.com.ar\/noticias-villa-maria\/?s={search_term_string}\"},\"query-input\":{\"@type\":\"PropertyValueSpecification\",\"valueRequired\":true,\"valueName\":\"search_term_string\"}}],\"inLanguage\":\"es\"},{\"@type\":\"Person\",\"@id\":\"http:\/\/elregionalvm.com.ar\/noticias-villa-maria\/#\/schema\/person\/a0fb9c422317faca23d50163151bc354\",\"name\":\"Contenidos El Regional\",\"image\":{\"@type\":\"ImageObject\",\"inLanguage\":\"es\",\"@id\":\"http:\/\/elregionalvm.com.ar\/noticias-villa-maria\/#\/schema\/person\/image\/\",\"url\":\"https:\/\/secure.gravatar.com\/avatar\/265b27cb2209af7bb3a1318f03305787d7981a5cc6e6cd08fe5a4ecdf99d4b48?s=96&d=mm&r=g\",\"contentUrl\":\"https:\/\/secure.gravatar.com\/avatar\/265b27cb2209af7bb3a1318f03305787d7981a5cc6e6cd08fe5a4ecdf99d4b48?s=96&d=mm&r=g\",\"caption\":\"Contenidos El Regional\"},\"url\":\"https:\/\/elregionalvm.com.ar\/noticias-villa-maria\/author\/contenido\/\"}]}<\/script>\n<!-- \/ Yoast SEO plugin. -->","yoast_head_json":{"title":"Falleci\u00f3 un paciente \"sospechoso\" de 90 a\u00f1os proveniente de un geri\u00e1trico - El Regional","description":"Un anciano de 90 a\u00f1os que se encontraba internado en una cl\u00ednica privada falleci\u00f3 este jueves, seg\u00fan indic\u00f3 el informe emitido por el Hospital Pasteur.","robots":{"index":"index","follow":"follow","max-snippet":"max-snippet:-1","max-image-preview":"max-image-preview:large","max-video-preview":"max-video-preview:-1"},"canonical":"http:\/\/elregionalvm.com.ar\/noticias-villa-maria\/fallecio-un-paciente-sospechoso-de-90-anos-proveniente-de-un-geriatrico\/","og_locale":"es_ES","og_type":"article","og_title":"Falleci\u00f3 un paciente \"sospechoso\" de 90 a\u00f1os proveniente de un geri\u00e1trico - El Regional","og_description":"Un anciano de 90 a\u00f1os que se encontraba internado en una cl\u00ednica privada falleci\u00f3 este jueves, seg\u00fan indic\u00f3 el informe emitido por el Hospital Pasteur.","og_url":"http:\/\/elregionalvm.com.ar\/noticias-villa-maria\/fallecio-un-paciente-sospechoso-de-90-anos-proveniente-de-un-geriatrico\/","og_site_name":"El Regional","article_publisher":"https:\/\/www.facebook.com\/elregionalvm","article_published_time":"2020-09-11T02:48:11+00:00","article_modified_time":"2020-09-11T03:04:54+00:00","og_image":[{"width":1024,"height":680,"url":"http:\/\/elregionalvm.com.ar\/noticias-villa-maria\/wp-content\/uploads\/2020\/09\/coronavirus-paciente.jpg","type":"image\/jpeg"}],"author":"Contenidos El Regional","twitter_card":"summary_large_image","twitter_creator":"@elregionalvm1","twitter_site":"@elregionalvm1","twitter_misc":{"Escrito por":"Contenidos El Regional","Tiempo de lectura":"1 minuto"},"schema":{"@context":"https:\/\/schema.org","@graph":[{"@type":"Article","@id":"http:\/\/elregionalvm.com.ar\/noticias-villa-maria\/fallecio-un-paciente-sospechoso-de-90-anos-proveniente-de-un-geriatrico\/#article","isPartOf":{"@id":"http:\/\/elregionalvm.com.ar\/noticias-villa-maria\/fallecio-un-paciente-sospechoso-de-90-anos-proveniente-de-un-geriatrico\/"},"author":{"name":"Contenidos El Regional","@id":"http:\/\/elregionalvm.com.ar\/noticias-villa-maria\/#\/schema\/person\/a0fb9c422317faca23d50163151bc354"},"headline":"Falleci\u00f3 un paciente \u00absospechoso\u00bb de 90 a\u00f1os proveniente de un geri\u00e1trico","datePublished":"2020-09-11T02:48:11+00:00","dateModified":"2020-09-11T03:04:54+00:00","mainEntityOfPage":{"@id":"http:\/\/elregionalvm.com.ar\/noticias-villa-maria\/fallecio-un-paciente-sospechoso-de-90-anos-proveniente-de-un-geriatrico\/"},"wordCount":247,"commentCount":0,"image":{"@id":"http:\/\/elregionalvm.com.ar\/noticias-villa-maria\/fallecio-un-paciente-sospechoso-de-90-anos-proveniente-de-un-geriatrico\/#primaryimage"},"thumbnailUrl":"https:\/\/i0.wp.com\/elregionalvm.com.ar\/noticias-villa-maria\/wp-content\/uploads\/2020\/09\/coronavirus-paciente.jpg?fit=1024%2C680&ssl=1","keywords":["Casos sospechosos","Cl\u00ednica privada","Covid 19","fallecimiento","Geri\u00e1trico","Hospital Pasteur","internados"],"articleSection":["Coronavirus","Notas","Villa Mar\u00eda"],"inLanguage":"es","potentialAction":[{"@type":"CommentAction","name":"Comment","target":["http:\/\/elregionalvm.com.ar\/noticias-villa-maria\/fallecio-un-paciente-sospechoso-de-90-anos-proveniente-de-un-geriatrico\/#respond"]}]},{"@type":"WebPage","@id":"http:\/\/elregionalvm.com.ar\/noticias-villa-maria\/fallecio-un-paciente-sospechoso-de-90-anos-proveniente-de-un-geriatrico\/","url":"http:\/\/elregionalvm.com.ar\/noticias-villa-maria\/fallecio-un-paciente-sospechoso-de-90-anos-proveniente-de-un-geriatrico\/","name":"Falleci\u00f3 un paciente \"sospechoso\" de 90 a\u00f1os proveniente de un geri\u00e1trico - El Regional","isPartOf":{"@id":"http:\/\/elregionalvm.com.ar\/noticias-villa-maria\/#website"},"primaryImageOfPage":{"@id":"http:\/\/elregionalvm.com.ar\/noticias-villa-maria\/fallecio-un-paciente-sospechoso-de-90-anos-proveniente-de-un-geriatrico\/#primaryimage"},"image":{"@id":"http:\/\/elregionalvm.com.ar\/noticias-villa-maria\/fallecio-un-paciente-sospechoso-de-90-anos-proveniente-de-un-geriatrico\/#primaryimage"},"thumbnailUrl":"https:\/\/i0.wp.com\/elregionalvm.com.ar\/noticias-villa-maria\/wp-content\/uploads\/2020\/09\/coronavirus-paciente.jpg?fit=1024%2C680&ssl=1","datePublished":"2020-09-11T02:48:11+00:00","dateModified":"2020-09-11T03:04:54+00:00","author":{"@id":"http:\/\/elregionalvm.com.ar\/noticias-villa-maria\/#\/schema\/person\/a0fb9c422317faca23d50163151bc354"},"description":"Un anciano de 90 a\u00f1os que se encontraba internado en una cl\u00ednica privada falleci\u00f3 este jueves, seg\u00fan indic\u00f3 el informe emitido por el Hospital Pasteur.","breadcrumb":{"@id":"http:\/\/elregionalvm.com.ar\/noticias-villa-maria\/fallecio-un-paciente-sospechoso-de-90-anos-proveniente-de-un-geriatrico\/#breadcrumb"},"inLanguage":"es","potentialAction":[{"@type":"ReadAction","target":["http:\/\/elregionalvm.com.ar\/noticias-villa-maria\/fallecio-un-paciente-sospechoso-de-90-anos-proveniente-de-un-geriatrico\/"]}]},{"@type":"ImageObject","inLanguage":"es","@id":"http:\/\/elregionalvm.com.ar\/noticias-villa-maria\/fallecio-un-paciente-sospechoso-de-90-anos-proveniente-de-un-geriatrico\/#primaryimage","url":"https:\/\/i0.wp.com\/elregionalvm.com.ar\/noticias-villa-maria\/wp-content\/uploads\/2020\/09\/coronavirus-paciente.jpg?fit=1024%2C680&ssl=1","contentUrl":"https:\/\/i0.wp.com\/elregionalvm.com.ar\/noticias-villa-maria\/wp-content\/uploads\/2020\/09\/coronavirus-paciente.jpg?fit=1024%2C680&ssl=1","width":1024,"height":680},{"@type":"BreadcrumbList","@id":"http:\/\/elregionalvm.com.ar\/noticias-villa-maria\/fallecio-un-paciente-sospechoso-de-90-anos-proveniente-de-un-geriatrico\/#breadcrumb","itemListElement":[{"@type":"ListItem","position":1,"name":"Portada","item":"https:\/\/elregionalvm.com.ar\/noticias-villa-maria\/"},{"@type":"ListItem","position":2,"name":"Falleci\u00f3 un paciente &#8220;sospechoso&#8221; de 90 a\u00f1os proveniente de un geri\u00e1trico"}]},{"@type":"WebSite","@id":"http:\/\/elregionalvm.com.ar\/noticias-villa-maria\/#website","url":"http:\/\/elregionalvm.com.ar\/noticias-villa-maria\/","name":"El Regional","description":"Mucho m\u00e1s que informaci\u00f3n","potentialAction":[{"@type":"SearchAction","target":{"@type":"EntryPoint","urlTemplate":"http:\/\/elregionalvm.com.ar\/noticias-villa-maria\/?s={search_term_string}"},"query-input":{"@type":"PropertyValueSpecification","valueRequired":true,"valueName":"search_term_string"}}],"inLanguage":"es"},{"@type":"Person","@id":"http:\/\/elregionalvm.com.ar\/noticias-villa-maria\/#\/schema\/person\/a0fb9c422317faca23d50163151bc354","name":"Contenidos El Regional","image":{"@type":"ImageObject","inLanguage":"es","@id":"http:\/\/elregionalvm.com.ar\/noticias-villa-maria\/#\/schema\/person\/image\/","url":"https:\/\/secure.gravatar.com\/avatar\/265b27cb2209af7bb3a1318f03305787d7981a5cc6e6cd08fe5a4ecdf99d4b48?s=96&d=mm&r=g","contentUrl":"https:\/\/secure.gravatar.com\/avatar\/265b27cb2209af7bb3a1318f03305787d7981a5cc6e6cd08fe5a4ecdf99d4b48?s=96&d=mm&r=g","caption":"Contenidos El Regional"},"url":"https:\/\/elregionalvm.com.ar\/noticias-villa-maria\/author\/contenido\/"}]}},"jetpack_featured_media_url":"https:\/\/i0.wp.com\/elregionalvm.com.ar\/noticias-villa-maria\/wp-content\/uploads\/2020\/09\/coronavirus-paciente.jpg?fit=1024%2C680&ssl=1","jetpack_sharing_enabled":true,"_links":{"self":[{"href":"https:\/\/elregionalvm.com.ar\/noticias-villa-maria\/wp-json\/wp\/v2\/posts\/23672","targetHints":{"allow":["GET"]}}],"collection":[{"href":"https:\/\/elregionalvm.com.ar\/noticias-villa-maria\/wp-json\/wp\/v2\/posts"}],"about":[{"href":"https:\/\/elregionalvm.com.ar\/noticias-villa-maria\/wp-json\/wp\/v2\/types\/post"}],"author":[{"embeddable":true,"href":"https:\/\/elregionalvm.com.ar\/noticias-villa-maria\/wp-json\/wp\/v2\/users\/4"}],"replies":[{"embeddable":true,"href":"https:\/\/elregionalvm.com.ar\/noticias-villa-maria\/wp-json\/wp\/v2\/comments?post=23672"}],"version-history":[{"count":2,"href":"https:\/\/elregionalvm.com.ar\/noticias-villa-maria\/wp-json\/wp\/v2\/posts\/23672\/revisions"}],"predecessor-version":[{"id":23675,"href":"https:\/\/elregionalvm.com.ar\/noticias-villa-maria\/wp-json\/wp\/v2\/posts\/23672\/revisions\/23675"}],"wp:featuredmedia":[{"embeddable":true,"href":"https:\/\/elregionalvm.com.ar\/noticias-villa-maria\/wp-json\/wp\/v2\/media\/23111"}],"wp:attachment":[{"href":"https:\/\/elregionalvm.com.ar\/noticias-villa-maria\/wp-json\/wp\/v2\/media?parent=23672"}],"wp:term":[{"taxonomy":"category","embeddable":true,"href":"https:\/\/elregionalvm.com.ar\/noticias-villa-maria\/wp-json\/wp\/v2\/categories?post=23672"},{"taxonomy":"post_tag","embeddable":true,"href":"https:\/\/elregionalvm.com.ar\/noticias-villa-maria\/wp-json\/wp\/v2\/tags?post=23672"}],"curies":[{"name":"wp","href":"https:\/\/api.w.org\/{rel}","templated":true}]}}