{"id":23821,"date":"2020-09-14T01:22:49","date_gmt":"2020-09-14T01:22:49","guid":{"rendered":"https:\/\/elregionalvm.com.ar\/noticias-villa-maria\/?p=23821"},"modified":"2020-09-15T01:08:17","modified_gmt":"2020-09-15T01:08:17","slug":"contagios-record-43-nuevos-casos-en-villa-maria","status":"publish","type":"post","link":"https:\/\/elregionalvm.com.ar\/noticias-villa-maria\/contagios-record-43-nuevos-casos-en-villa-maria\/","title":{"rendered":"Contagios r\u00e9cord: 43 nuevos casos en Villa Mar\u00eda"},"content":{"rendered":"\n<p>Este domingo 13 de septiembre, Villa Mar\u00eda registr\u00f3 la mayor cantidad de casos positivos de Covid 19 en un d\u00eda.<\/p>\n\n\n\n<p>El informe oficial dio cuenta de 43 resultados positivos, lo que hace un total de 452 contagios notificados desde julio pasado.<\/p>\n\n\n\n<p>Ayer hab\u00eda superado la barrera de los 400 infectados, tras la detecci\u00f3n de 25 nuevos positivos.<\/p>\n\n\n\n<p>Una cifra que preocupa a las autoridades y que va en sinton\u00eda con el aumento esperado en relaci\u00f3n con la situaci\u00f3n sanitaria actual. \u201cEstamos llegando a las peores semanas\u201d, advirtieron d\u00edas atr\u00e1s funcionarios municipales y autoridades m\u00e9dicas.<\/p>\n\n\n\n<p>Del total de contagios, se encuentran activos 211 casos, la mayor\u00eda de los cuales no requiri\u00f3 internaci\u00f3n y se encuentran aislados en sus domicilios con s\u00edntomas leves o en estado asintom\u00e1tico.<\/p>\n\n\n\n<p>Pero, ya van tres d\u00edas en los que no se producen altas m\u00e9dicas, algo que era com\u00fan en los informes diarios emitidos por el municipio.<\/p>\n\n\n\n<p>Seg\u00fan los datos del informe epidemiol\u00f3gico, las altas de aislamiento alcanzaron los 56 casos.<\/p>\n\n\n\n<p>Los contactos estrechos suman 455 personas que se encuentran en aislamiento.<\/p>\n\n\n\n<p>En la \u00faltima semana se contabiliz\u00f3 un total de 136 casos positivos nuevos.<\/p>\n\n\n\n<p><\/p>\n\n\n\n<figure class=\"wp-block-image size-large\"><img data-recalc-dims=\"1\" fetchpriority=\"high\" decoding=\"async\" width=\"1024\" height=\"668\" src=\"https:\/\/i0.wp.com\/elregionalvm.com.ar\/noticias-villa-maria\/wp-content\/uploads\/2020\/09\/Informe-diario-13-de-septiembre-.jpeg?resize=1024%2C668&#038;ssl=1\" alt=\"\" class=\"wp-image-23822\" srcset=\"https:\/\/i0.wp.com\/elregionalvm.com.ar\/noticias-villa-maria\/wp-content\/uploads\/2020\/09\/Informe-diario-13-de-septiembre-.jpeg?resize=1024%2C668&amp;ssl=1 1024w, https:\/\/i0.wp.com\/elregionalvm.com.ar\/noticias-villa-maria\/wp-content\/uploads\/2020\/09\/Informe-diario-13-de-septiembre-.jpeg?resize=300%2C196&amp;ssl=1 300w, https:\/\/i0.wp.com\/elregionalvm.com.ar\/noticias-villa-maria\/wp-content\/uploads\/2020\/09\/Informe-diario-13-de-septiembre-.jpeg?resize=768%2C501&amp;ssl=1 768w, https:\/\/i0.wp.com\/elregionalvm.com.ar\/noticias-villa-maria\/wp-content\/uploads\/2020\/09\/Informe-diario-13-de-septiembre-.jpeg?w=1120&amp;ssl=1 1120w\" sizes=\"(max-width: 1000px) 100vw, 1000px\" \/><figcaption><em>Gr\u00e1fico del informe correspondiente a este domingo 13.<\/em><\/figcaption><\/figure>\n\n\n\n<p><\/p>\n\n\n\n<p><strong>R\u00e9cord tambi\u00e9n en  Villa Nueva<\/strong><\/p>\n\n\n\n<p>En tanto, este domingo se registraron 10 nuevos casos positivos de Covid en Villa Nueva. Se trata de la mayor cantidad de positivos en un d\u00eda desde que se conocieron los primeros contagios.<\/p>\n\n\n\n<p><\/p>\n\n\n\n<ul class=\"wp-block-list\"><li><strong>Le\u00e9 m\u00e1s: <\/strong><\/li><\/ul>\n\n\n\n<figure class=\"wp-block-embed-wordpress wp-block-embed is-type-wp-embed is-provider-el-regional\"><div class=\"wp-block-embed__wrapper\">\n<blockquote class=\"wp-embedded-content\" data-secret=\"0rvjifCcDr\"><a href=\"https:\/\/elregionalvm.com.ar\/noticias-villa-maria\/villa-nueva-sumo-la-mayor-cantidad-en-un-dia-10-casos\/\">Villa Nueva sum\u00f3 la mayor cantidad en un d\u00eda: 10 casos<\/a><\/blockquote><iframe class=\"wp-embedded-content\" sandbox=\"allow-scripts\" security=\"restricted\" style=\"position: absolute; visibility: hidden;\" title=\"\u00abVilla Nueva sum\u00f3 la mayor cantidad en un d\u00eda: 10 casos\u00bb \u2014 El Regional\" src=\"https:\/\/elregionalvm.com.ar\/noticias-villa-maria\/villa-nueva-sumo-la-mayor-cantidad-en-un-dia-10-casos\/embed\/#?secret=FnT45KtqBZ#?secret=0rvjifCcDr\" data-secret=\"0rvjifCcDr\" width=\"500\" height=\"282\" frameborder=\"0\" marginwidth=\"0\" marginheight=\"0\" scrolling=\"no\"><\/iframe>\n<\/div><\/figure>\n\n\n\n<p><strong>En la Regi\u00f3n<\/strong><\/p>\n\n\n\n<p>Este domingo por la noche, el Hospital Pasteur notific\u00f3 71 nuevos casos positivos, contando los de Villa Mar\u00eda y Villa Nueva. <\/p>\n\n\n\n<p>Adem\u00e1s, se confirm\u00f3 uno m\u00e1s en Pozo del Molle,  9 en las Las Perdices, 3 en Luca, uno en General Deheza, uno en Dalmacio V\u00e9lez, uno en Cruz Alta, uno en Pasco y otro en Idiaz\u00e1bal.<\/p>\n","protected":false},"excerpt":{"rendered":"<p>Este domingo 13 de septiembre, Villa Mar\u00eda registr\u00f3 la mayor cantidad de casos positivos de Covid 19 en un d\u00eda. El informe oficial dio cuenta de 43 resultados positivos, lo que hace un total de 452 contagios notificados desde julio pasado. Ayer hab\u00eda superado la barrera de los 400 infectados, tras la detecci\u00f3n de 25 [&hellip;]<\/p>\n","protected":false},"author":4,"featured_media":0,"comment_status":"open","ping_status":"open","sticky":false,"template":"","format":"standard","meta":{"site-sidebar-layout":"default","site-content-layout":"default","ast-site-content-layout":"default","site-content-style":"default","site-sidebar-style":"default","ast-global-header-display":"","ast-banner-title-visibility":"","ast-main-header-display":"","ast-hfb-above-header-display":"","ast-hfb-below-header-display":"","ast-hfb-mobile-header-display":"","site-post-title":"","ast-breadcrumbs-content":"","ast-featured-img":"","footer-sml-layout":"","ast-disable-related-posts":"","theme-transparent-header-meta":"default","adv-header-id-meta":"","stick-header-meta":"","header-above-stick-meta":"","header-main-stick-meta":"","header-below-stick-meta":"","astra-migrate-meta-layouts":"default","ast-page-background-enabled":"default","ast-page-background-meta":{"desktop":{"background-color":"","background-image":"","background-repeat":"repeat","background-position":"center center","background-size":"auto","background-attachment":"scroll","background-type":"","background-media":"","overlay-type":"","overlay-color":"","overlay-opacity":"","overlay-gradient":""},"tablet":{"background-color":"","background-image":"","background-repeat":"repeat","background-position":"center center","background-size":"auto","background-attachment":"scroll","background-type":"","background-media":"","overlay-type":"","overlay-color":"","overlay-opacity":"","overlay-gradient":""},"mobile":{"background-color":"","background-image":"","background-repeat":"repeat","background-position":"center center","background-size":"auto","background-attachment":"scroll","background-type":"","background-media":"","overlay-type":"","overlay-color":"","overlay-opacity":"","overlay-gradient":""}},"ast-content-background-meta":{"desktop":{"background-color":"var(--ast-global-color-5)","background-image":"","background-repeat":"repeat","background-position":"center center","background-size":"auto","background-attachment":"scroll","background-type":"","background-media":"","overlay-type":"","overlay-color":"","overlay-opacity":"","overlay-gradient":""},"tablet":{"background-color":"var(--ast-global-color-5)","background-image":"","background-repeat":"repeat","background-position":"center center","background-size":"auto","background-attachment":"scroll","background-type":"","background-media":"","overlay-type":"","overlay-color":"","overlay-opacity":"","overlay-gradient":""},"mobile":{"background-color":"var(--ast-global-color-5)","background-image":"","background-repeat":"repeat","background-position":"center center","background-size":"auto","background-attachment":"scroll","background-type":"","background-media":"","overlay-type":"","overlay-color":"","overlay-opacity":"","overlay-gradient":""}},"_jetpack_memberships_contains_paid_content":false,"_joinchat":[],"footnotes":""},"categories":[2256,2],"tags":[3108,2422,2865,2130,2623,2597,3939,3725,534,232],"class_list":["post-23821","post","type-post","status-publish","format-standard","hentry","category-coronavirus","category-villa-maria","tag-alerta","tag-coe","tag-covid-19-2","tag-hospital-pasteur","tag-informe-epidemiologico","tag-nuevos-casos","tag-pico","tag-record","tag-villa-maria","tag-villa-nueva"],"yoast_head":"<!-- This site is optimized with the Yoast SEO plugin v26.8 - https:\/\/yoast.com\/product\/yoast-seo-wordpress\/ -->\n<title>Contagios r\u00e9cord: 43 nuevos casos en Villa Mar\u00eda - El Regional<\/title>\n<meta name=\"description\" content=\"Este domingo 13 de septiembre, Villa Mar\u00eda registr\u00f3 la mayor cantidad de casos positivos de Covid 19 en un d\u00eda. Se trata de 43 resultados positivos.\" \/>\n<meta name=\"robots\" content=\"index, follow, max-snippet:-1, max-image-preview:large, max-video-preview:-1\" \/>\n<link rel=\"canonical\" href=\"http:\/\/elregionalvm.com.ar\/noticias-villa-maria\/contagios-record-43-nuevos-casos-en-villa-maria\/\" \/>\n<meta property=\"og:locale\" content=\"es_ES\" \/>\n<meta property=\"og:type\" content=\"article\" \/>\n<meta property=\"og:title\" content=\"Contagios r\u00e9cord: 43 nuevos casos en Villa Mar\u00eda - El Regional\" \/>\n<meta property=\"og:description\" content=\"Este domingo 13 de septiembre, Villa Mar\u00eda registr\u00f3 la mayor cantidad de casos positivos de Covid 19 en un d\u00eda. Se trata de 43 resultados positivos.\" \/>\n<meta property=\"og:url\" content=\"http:\/\/elregionalvm.com.ar\/noticias-villa-maria\/contagios-record-43-nuevos-casos-en-villa-maria\/\" \/>\n<meta property=\"og:site_name\" content=\"El Regional\" \/>\n<meta property=\"article:publisher\" content=\"https:\/\/www.facebook.com\/elregionalvm\" \/>\n<meta property=\"article:published_time\" content=\"2020-09-14T01:22:49+00:00\" \/>\n<meta property=\"article:modified_time\" content=\"2020-09-15T01:08:17+00:00\" \/>\n<meta property=\"og:image\" content=\"http:\/\/elregionalvm.com.ar\/noticias-villa-maria\/wp-content\/uploads\/2020\/07\/coronavirus-20.jpg\" \/>\n\t<meta property=\"og:image:width\" content=\"1000\" \/>\n\t<meta property=\"og:image:height\" content=\"667\" \/>\n\t<meta property=\"og:image:type\" content=\"image\/jpeg\" \/>\n<meta name=\"author\" content=\"Contenidos El Regional\" \/>\n<meta name=\"twitter:card\" content=\"summary_large_image\" \/>\n<meta name=\"twitter:creator\" content=\"@elregionalvm1\" \/>\n<meta name=\"twitter:site\" content=\"@elregionalvm1\" \/>\n<meta name=\"twitter:label1\" content=\"Escrito por\" \/>\n\t<meta name=\"twitter:data1\" content=\"Contenidos El Regional\" \/>\n\t<meta name=\"twitter:label2\" content=\"Tiempo de lectura\" \/>\n\t<meta name=\"twitter:data2\" content=\"2 minutos\" \/>\n<script type=\"application\/ld+json\" class=\"yoast-schema-graph\">{\"@context\":\"https:\/\/schema.org\",\"@graph\":[{\"@type\":\"Article\",\"@id\":\"http:\/\/elregionalvm.com.ar\/noticias-villa-maria\/contagios-record-43-nuevos-casos-en-villa-maria\/#article\",\"isPartOf\":{\"@id\":\"http:\/\/elregionalvm.com.ar\/noticias-villa-maria\/contagios-record-43-nuevos-casos-en-villa-maria\/\"},\"author\":{\"name\":\"Contenidos El Regional\",\"@id\":\"http:\/\/elregionalvm.com.ar\/noticias-villa-maria\/#\/schema\/person\/a0fb9c422317faca23d50163151bc354\"},\"headline\":\"Contagios r\u00e9cord: 43 nuevos casos en Villa Mar\u00eda\",\"datePublished\":\"2020-09-14T01:22:49+00:00\",\"dateModified\":\"2020-09-15T01:08:17+00:00\",\"mainEntityOfPage\":{\"@id\":\"http:\/\/elregionalvm.com.ar\/noticias-villa-maria\/contagios-record-43-nuevos-casos-en-villa-maria\/\"},\"wordCount\":327,\"commentCount\":0,\"image\":{\"@id\":\"http:\/\/elregionalvm.com.ar\/noticias-villa-maria\/contagios-record-43-nuevos-casos-en-villa-maria\/#primaryimage\"},\"thumbnailUrl\":\"https:\/\/elregionalvm.com.ar\/noticias-villa-maria\/wp-content\/uploads\/2020\/09\/Informe-diario-13-de-septiembre--1024x668.jpeg\",\"keywords\":[\"alerta\",\"COE\",\"Covid 19\",\"Hospital Pasteur\",\"Informe epidemiol\u00f3gico\",\"Nuevos casos\",\"Pico\",\"R\u00e9cord\",\"villa maria\",\"VILLA NUEVA\"],\"articleSection\":[\"Coronavirus\",\"Villa Mar\u00eda\"],\"inLanguage\":\"es\",\"potentialAction\":[{\"@type\":\"CommentAction\",\"name\":\"Comment\",\"target\":[\"http:\/\/elregionalvm.com.ar\/noticias-villa-maria\/contagios-record-43-nuevos-casos-en-villa-maria\/#respond\"]}]},{\"@type\":\"WebPage\",\"@id\":\"http:\/\/elregionalvm.com.ar\/noticias-villa-maria\/contagios-record-43-nuevos-casos-en-villa-maria\/\",\"url\":\"http:\/\/elregionalvm.com.ar\/noticias-villa-maria\/contagios-record-43-nuevos-casos-en-villa-maria\/\",\"name\":\"Contagios r\u00e9cord: 43 nuevos casos en Villa Mar\u00eda - El Regional\",\"isPartOf\":{\"@id\":\"http:\/\/elregionalvm.com.ar\/noticias-villa-maria\/#website\"},\"primaryImageOfPage\":{\"@id\":\"http:\/\/elregionalvm.com.ar\/noticias-villa-maria\/contagios-record-43-nuevos-casos-en-villa-maria\/#primaryimage\"},\"image\":{\"@id\":\"http:\/\/elregionalvm.com.ar\/noticias-villa-maria\/contagios-record-43-nuevos-casos-en-villa-maria\/#primaryimage\"},\"thumbnailUrl\":\"https:\/\/elregionalvm.com.ar\/noticias-villa-maria\/wp-content\/uploads\/2020\/09\/Informe-diario-13-de-septiembre--1024x668.jpeg\",\"datePublished\":\"2020-09-14T01:22:49+00:00\",\"dateModified\":\"2020-09-15T01:08:17+00:00\",\"author\":{\"@id\":\"http:\/\/elregionalvm.com.ar\/noticias-villa-maria\/#\/schema\/person\/a0fb9c422317faca23d50163151bc354\"},\"description\":\"Este domingo 13 de septiembre, Villa Mar\u00eda registr\u00f3 la mayor cantidad de casos positivos de Covid 19 en un d\u00eda. Se trata de 43 resultados positivos.\",\"breadcrumb\":{\"@id\":\"http:\/\/elregionalvm.com.ar\/noticias-villa-maria\/contagios-record-43-nuevos-casos-en-villa-maria\/#breadcrumb\"},\"inLanguage\":\"es\",\"potentialAction\":[{\"@type\":\"ReadAction\",\"target\":[\"http:\/\/elregionalvm.com.ar\/noticias-villa-maria\/contagios-record-43-nuevos-casos-en-villa-maria\/\"]}]},{\"@type\":\"ImageObject\",\"inLanguage\":\"es\",\"@id\":\"http:\/\/elregionalvm.com.ar\/noticias-villa-maria\/contagios-record-43-nuevos-casos-en-villa-maria\/#primaryimage\",\"url\":\"https:\/\/elregionalvm.com.ar\/noticias-villa-maria\/wp-content\/uploads\/2020\/09\/Informe-diario-13-de-septiembre--1024x668.jpeg\",\"contentUrl\":\"https:\/\/elregionalvm.com.ar\/noticias-villa-maria\/wp-content\/uploads\/2020\/09\/Informe-diario-13-de-septiembre--1024x668.jpeg\"},{\"@type\":\"BreadcrumbList\",\"@id\":\"http:\/\/elregionalvm.com.ar\/noticias-villa-maria\/contagios-record-43-nuevos-casos-en-villa-maria\/#breadcrumb\",\"itemListElement\":[{\"@type\":\"ListItem\",\"position\":1,\"name\":\"Portada\",\"item\":\"https:\/\/elregionalvm.com.ar\/noticias-villa-maria\/\"},{\"@type\":\"ListItem\",\"position\":2,\"name\":\"Contagios r\u00e9cord: 43 nuevos casos en Villa Mar\u00eda\"}]},{\"@type\":\"WebSite\",\"@id\":\"http:\/\/elregionalvm.com.ar\/noticias-villa-maria\/#website\",\"url\":\"http:\/\/elregionalvm.com.ar\/noticias-villa-maria\/\",\"name\":\"El Regional\",\"description\":\"Mucho m\u00e1s que informaci\u00f3n\",\"potentialAction\":[{\"@type\":\"SearchAction\",\"target\":{\"@type\":\"EntryPoint\",\"urlTemplate\":\"http:\/\/elregionalvm.com.ar\/noticias-villa-maria\/?s={search_term_string}\"},\"query-input\":{\"@type\":\"PropertyValueSpecification\",\"valueRequired\":true,\"valueName\":\"search_term_string\"}}],\"inLanguage\":\"es\"},{\"@type\":\"Person\",\"@id\":\"http:\/\/elregionalvm.com.ar\/noticias-villa-maria\/#\/schema\/person\/a0fb9c422317faca23d50163151bc354\",\"name\":\"Contenidos El Regional\",\"image\":{\"@type\":\"ImageObject\",\"inLanguage\":\"es\",\"@id\":\"http:\/\/elregionalvm.com.ar\/noticias-villa-maria\/#\/schema\/person\/image\/\",\"url\":\"https:\/\/secure.gravatar.com\/avatar\/265b27cb2209af7bb3a1318f03305787d7981a5cc6e6cd08fe5a4ecdf99d4b48?s=96&d=mm&r=g\",\"contentUrl\":\"https:\/\/secure.gravatar.com\/avatar\/265b27cb2209af7bb3a1318f03305787d7981a5cc6e6cd08fe5a4ecdf99d4b48?s=96&d=mm&r=g\",\"caption\":\"Contenidos El Regional\"},\"url\":\"https:\/\/elregionalvm.com.ar\/noticias-villa-maria\/author\/contenido\/\"}]}<\/script>\n<!-- \/ Yoast SEO plugin. -->","yoast_head_json":{"title":"Contagios r\u00e9cord: 43 nuevos casos en Villa Mar\u00eda - El Regional","description":"Este domingo 13 de septiembre, Villa Mar\u00eda registr\u00f3 la mayor cantidad de casos positivos de Covid 19 en un d\u00eda. Se trata de 43 resultados positivos.","robots":{"index":"index","follow":"follow","max-snippet":"max-snippet:-1","max-image-preview":"max-image-preview:large","max-video-preview":"max-video-preview:-1"},"canonical":"http:\/\/elregionalvm.com.ar\/noticias-villa-maria\/contagios-record-43-nuevos-casos-en-villa-maria\/","og_locale":"es_ES","og_type":"article","og_title":"Contagios r\u00e9cord: 43 nuevos casos en Villa Mar\u00eda - El Regional","og_description":"Este domingo 13 de septiembre, Villa Mar\u00eda registr\u00f3 la mayor cantidad de casos positivos de Covid 19 en un d\u00eda. Se trata de 43 resultados positivos.","og_url":"http:\/\/elregionalvm.com.ar\/noticias-villa-maria\/contagios-record-43-nuevos-casos-en-villa-maria\/","og_site_name":"El Regional","article_publisher":"https:\/\/www.facebook.com\/elregionalvm","article_published_time":"2020-09-14T01:22:49+00:00","article_modified_time":"2020-09-15T01:08:17+00:00","og_image":[{"width":1000,"height":667,"url":"http:\/\/elregionalvm.com.ar\/noticias-villa-maria\/wp-content\/uploads\/2020\/07\/coronavirus-20.jpg","type":"image\/jpeg"}],"author":"Contenidos El Regional","twitter_card":"summary_large_image","twitter_creator":"@elregionalvm1","twitter_site":"@elregionalvm1","twitter_misc":{"Escrito por":"Contenidos El Regional","Tiempo de lectura":"2 minutos"},"schema":{"@context":"https:\/\/schema.org","@graph":[{"@type":"Article","@id":"http:\/\/elregionalvm.com.ar\/noticias-villa-maria\/contagios-record-43-nuevos-casos-en-villa-maria\/#article","isPartOf":{"@id":"http:\/\/elregionalvm.com.ar\/noticias-villa-maria\/contagios-record-43-nuevos-casos-en-villa-maria\/"},"author":{"name":"Contenidos El Regional","@id":"http:\/\/elregionalvm.com.ar\/noticias-villa-maria\/#\/schema\/person\/a0fb9c422317faca23d50163151bc354"},"headline":"Contagios r\u00e9cord: 43 nuevos casos en Villa Mar\u00eda","datePublished":"2020-09-14T01:22:49+00:00","dateModified":"2020-09-15T01:08:17+00:00","mainEntityOfPage":{"@id":"http:\/\/elregionalvm.com.ar\/noticias-villa-maria\/contagios-record-43-nuevos-casos-en-villa-maria\/"},"wordCount":327,"commentCount":0,"image":{"@id":"http:\/\/elregionalvm.com.ar\/noticias-villa-maria\/contagios-record-43-nuevos-casos-en-villa-maria\/#primaryimage"},"thumbnailUrl":"https:\/\/elregionalvm.com.ar\/noticias-villa-maria\/wp-content\/uploads\/2020\/09\/Informe-diario-13-de-septiembre--1024x668.jpeg","keywords":["alerta","COE","Covid 19","Hospital Pasteur","Informe epidemiol\u00f3gico","Nuevos casos","Pico","R\u00e9cord","villa maria","VILLA NUEVA"],"articleSection":["Coronavirus","Villa Mar\u00eda"],"inLanguage":"es","potentialAction":[{"@type":"CommentAction","name":"Comment","target":["http:\/\/elregionalvm.com.ar\/noticias-villa-maria\/contagios-record-43-nuevos-casos-en-villa-maria\/#respond"]}]},{"@type":"WebPage","@id":"http:\/\/elregionalvm.com.ar\/noticias-villa-maria\/contagios-record-43-nuevos-casos-en-villa-maria\/","url":"http:\/\/elregionalvm.com.ar\/noticias-villa-maria\/contagios-record-43-nuevos-casos-en-villa-maria\/","name":"Contagios r\u00e9cord: 43 nuevos casos en Villa Mar\u00eda - El Regional","isPartOf":{"@id":"http:\/\/elregionalvm.com.ar\/noticias-villa-maria\/#website"},"primaryImageOfPage":{"@id":"http:\/\/elregionalvm.com.ar\/noticias-villa-maria\/contagios-record-43-nuevos-casos-en-villa-maria\/#primaryimage"},"image":{"@id":"http:\/\/elregionalvm.com.ar\/noticias-villa-maria\/contagios-record-43-nuevos-casos-en-villa-maria\/#primaryimage"},"thumbnailUrl":"https:\/\/elregionalvm.com.ar\/noticias-villa-maria\/wp-content\/uploads\/2020\/09\/Informe-diario-13-de-septiembre--1024x668.jpeg","datePublished":"2020-09-14T01:22:49+00:00","dateModified":"2020-09-15T01:08:17+00:00","author":{"@id":"http:\/\/elregionalvm.com.ar\/noticias-villa-maria\/#\/schema\/person\/a0fb9c422317faca23d50163151bc354"},"description":"Este domingo 13 de septiembre, Villa Mar\u00eda registr\u00f3 la mayor cantidad de casos positivos de Covid 19 en un d\u00eda. Se trata de 43 resultados positivos.","breadcrumb":{"@id":"http:\/\/elregionalvm.com.ar\/noticias-villa-maria\/contagios-record-43-nuevos-casos-en-villa-maria\/#breadcrumb"},"inLanguage":"es","potentialAction":[{"@type":"ReadAction","target":["http:\/\/elregionalvm.com.ar\/noticias-villa-maria\/contagios-record-43-nuevos-casos-en-villa-maria\/"]}]},{"@type":"ImageObject","inLanguage":"es","@id":"http:\/\/elregionalvm.com.ar\/noticias-villa-maria\/contagios-record-43-nuevos-casos-en-villa-maria\/#primaryimage","url":"https:\/\/elregionalvm.com.ar\/noticias-villa-maria\/wp-content\/uploads\/2020\/09\/Informe-diario-13-de-septiembre--1024x668.jpeg","contentUrl":"https:\/\/elregionalvm.com.ar\/noticias-villa-maria\/wp-content\/uploads\/2020\/09\/Informe-diario-13-de-septiembre--1024x668.jpeg"},{"@type":"BreadcrumbList","@id":"http:\/\/elregionalvm.com.ar\/noticias-villa-maria\/contagios-record-43-nuevos-casos-en-villa-maria\/#breadcrumb","itemListElement":[{"@type":"ListItem","position":1,"name":"Portada","item":"https:\/\/elregionalvm.com.ar\/noticias-villa-maria\/"},{"@type":"ListItem","position":2,"name":"Contagios r\u00e9cord: 43 nuevos casos en Villa Mar\u00eda"}]},{"@type":"WebSite","@id":"http:\/\/elregionalvm.com.ar\/noticias-villa-maria\/#website","url":"http:\/\/elregionalvm.com.ar\/noticias-villa-maria\/","name":"El Regional","description":"Mucho m\u00e1s que informaci\u00f3n","potentialAction":[{"@type":"SearchAction","target":{"@type":"EntryPoint","urlTemplate":"http:\/\/elregionalvm.com.ar\/noticias-villa-maria\/?s={search_term_string}"},"query-input":{"@type":"PropertyValueSpecification","valueRequired":true,"valueName":"search_term_string"}}],"inLanguage":"es"},{"@type":"Person","@id":"http:\/\/elregionalvm.com.ar\/noticias-villa-maria\/#\/schema\/person\/a0fb9c422317faca23d50163151bc354","name":"Contenidos El Regional","image":{"@type":"ImageObject","inLanguage":"es","@id":"http:\/\/elregionalvm.com.ar\/noticias-villa-maria\/#\/schema\/person\/image\/","url":"https:\/\/secure.gravatar.com\/avatar\/265b27cb2209af7bb3a1318f03305787d7981a5cc6e6cd08fe5a4ecdf99d4b48?s=96&d=mm&r=g","contentUrl":"https:\/\/secure.gravatar.com\/avatar\/265b27cb2209af7bb3a1318f03305787d7981a5cc6e6cd08fe5a4ecdf99d4b48?s=96&d=mm&r=g","caption":"Contenidos El Regional"},"url":"https:\/\/elregionalvm.com.ar\/noticias-villa-maria\/author\/contenido\/"}]}},"jetpack_featured_media_url":"","jetpack_sharing_enabled":true,"_links":{"self":[{"href":"https:\/\/elregionalvm.com.ar\/noticias-villa-maria\/wp-json\/wp\/v2\/posts\/23821","targetHints":{"allow":["GET"]}}],"collection":[{"href":"https:\/\/elregionalvm.com.ar\/noticias-villa-maria\/wp-json\/wp\/v2\/posts"}],"about":[{"href":"https:\/\/elregionalvm.com.ar\/noticias-villa-maria\/wp-json\/wp\/v2\/types\/post"}],"author":[{"embeddable":true,"href":"https:\/\/elregionalvm.com.ar\/noticias-villa-maria\/wp-json\/wp\/v2\/users\/4"}],"replies":[{"embeddable":true,"href":"https:\/\/elregionalvm.com.ar\/noticias-villa-maria\/wp-json\/wp\/v2\/comments?post=23821"}],"version-history":[{"count":2,"href":"https:\/\/elregionalvm.com.ar\/noticias-villa-maria\/wp-json\/wp\/v2\/posts\/23821\/revisions"}],"predecessor-version":[{"id":23826,"href":"https:\/\/elregionalvm.com.ar\/noticias-villa-maria\/wp-json\/wp\/v2\/posts\/23821\/revisions\/23826"}],"wp:attachment":[{"href":"https:\/\/elregionalvm.com.ar\/noticias-villa-maria\/wp-json\/wp\/v2\/media?parent=23821"}],"wp:term":[{"taxonomy":"category","embeddable":true,"href":"https:\/\/elregionalvm.com.ar\/noticias-villa-maria\/wp-json\/wp\/v2\/categories?post=23821"},{"taxonomy":"post_tag","embeddable":true,"href":"https:\/\/elregionalvm.com.ar\/noticias-villa-maria\/wp-json\/wp\/v2\/tags?post=23821"}],"curies":[{"name":"wp","href":"https:\/\/api.w.org\/{rel}","templated":true}]}}