{"id":23827,"date":"2020-09-14T11:17:14","date_gmt":"2020-09-14T11:17:14","guid":{"rendered":"https:\/\/elregionalvm.com.ar\/noticias-villa-maria\/?p=23827"},"modified":"2020-09-14T12:29:48","modified_gmt":"2020-09-14T12:29:48","slug":"accidente-y-agresion-lo-derivaron-nockeado-al-hospital","status":"publish","type":"post","link":"https:\/\/elregionalvm.com.ar\/noticias-villa-maria\/accidente-y-agresion-lo-derivaron-nockeado-al-hospital\/","title":{"rendered":"Accidente y agresi\u00f3n: lo derivaron nockeado al hospital"},"content":{"rendered":"\n<p>Ayer, a las 18:30, personal policial se constituy\u00f3 en intersecci\u00f3n de Bv. Espa\u00f1a y Buenos Aires, donde se habr\u00eda producido un incidente entre dos conductores. Al llegar al lugar, el personal policial encuentra inconsciente a un hombre de 58 a\u00f1os de edad, quien fue trasladado hacia el Hospital Pasteur por bomberos voluntarios.<\/p>\n\n\n\n<p>A ra\u00edz del episodio, se procedi\u00f3 a la aprehensi\u00f3n del agresor, un hombre de 35 a\u00f1os de edad quien fue trasladado por lesiones leves. Se secuestr\u00f3 una pick up Volkswagen Amarok propiedad del lesionado y una motocicleta Honda CB1 del aprehendido.<\/p>\n\n\n\n<p><strong>Llevaba un compresor robado de una obra<\/strong><\/p>\n\n\n\n<p>En la madrugada de este lunes, aproximadamente a la 01.00, en calle Alem y San Juan procedieron al control de un hombre de 25 a\u00f1os de edad, quien llevaba consigo un compresor. As\u00ed se logr\u00f3 determinar que el compresor fue sustra\u00eddo desde una obra en construcci\u00f3n ubicada en San Juan al 700, motivo por el cual fue aprehendido por robo.<\/p>\n","protected":false},"excerpt":{"rendered":"<p>Ayer, a las 18:30, personal policial se constituy\u00f3 en intersecci\u00f3n de Bv. Espa\u00f1a y Buenos Aires, donde se habr\u00eda producido un incidente entre dos conductores. Al llegar al lugar, el personal policial encuentra inconsciente a un hombre de 58 a\u00f1os de edad, quien fue trasladado hacia el Hospital Pasteur por bomberos voluntarios. A ra\u00edz del [&hellip;]<\/p>\n","protected":false},"author":4,"featured_media":23545,"comment_status":"open","ping_status":"open","sticky":false,"template":"","format":"standard","meta":{"site-sidebar-layout":"default","site-content-layout":"default","ast-site-content-layout":"default","site-content-style":"default","site-sidebar-style":"default","ast-global-header-display":"","ast-banner-title-visibility":"","ast-main-header-display":"","ast-hfb-above-header-display":"","ast-hfb-below-header-display":"","ast-hfb-mobile-header-display":"","site-post-title":"","ast-breadcrumbs-content":"","ast-featured-img":"","footer-sml-layout":"","ast-disable-related-posts":"","theme-transparent-header-meta":"default","adv-header-id-meta":"","stick-header-meta":"","header-above-stick-meta":"","header-main-stick-meta":"","header-below-stick-meta":"","astra-migrate-meta-layouts":"default","ast-page-background-enabled":"default","ast-page-background-meta":{"desktop":{"background-color":"","background-image":"","background-repeat":"repeat","background-position":"center center","background-size":"auto","background-attachment":"scroll","background-type":"","background-media":"","overlay-type":"","overlay-color":"","overlay-opacity":"","overlay-gradient":""},"tablet":{"background-color":"","background-image":"","background-repeat":"repeat","background-position":"center center","background-size":"auto","background-attachment":"scroll","background-type":"","background-media":"","overlay-type":"","overlay-color":"","overlay-opacity":"","overlay-gradient":""},"mobile":{"background-color":"","background-image":"","background-repeat":"repeat","background-position":"center center","background-size":"auto","background-attachment":"scroll","background-type":"","background-media":"","overlay-type":"","overlay-color":"","overlay-opacity":"","overlay-gradient":""}},"ast-content-background-meta":{"desktop":{"background-color":"var(--ast-global-color-5)","background-image":"","background-repeat":"repeat","background-position":"center center","background-size":"auto","background-attachment":"scroll","background-type":"","background-media":"","overlay-type":"","overlay-color":"","overlay-opacity":"","overlay-gradient":""},"tablet":{"background-color":"var(--ast-global-color-5)","background-image":"","background-repeat":"repeat","background-position":"center center","background-size":"auto","background-attachment":"scroll","background-type":"","background-media":"","overlay-type":"","overlay-color":"","overlay-opacity":"","overlay-gradient":""},"mobile":{"background-color":"var(--ast-global-color-5)","background-image":"","background-repeat":"repeat","background-position":"center center","background-size":"auto","background-attachment":"scroll","background-type":"","background-media":"","overlay-type":"","overlay-color":"","overlay-opacity":"","overlay-gradient":""}},"_jetpack_memberships_contains_paid_content":false,"_joinchat":[],"footnotes":""},"categories":[2234],"tags":[2299,3940,1232,1551,3941,3942],"class_list":["post-23827","post","type-post","status-publish","format-standard","has-post-thumbnail","hentry","category-policiales","tag-accidente","tag-agresion","tag-destacado","tag-hospital","tag-nockeado","tag-robo-compresor"],"yoast_head":"<!-- This site is optimized with the Yoast SEO plugin v26.8 - https:\/\/yoast.com\/product\/yoast-seo-wordpress\/ -->\n<title>Accidente y agresi\u00f3n: lo derivaron nockeado al hospital - El Regional<\/title>\n<meta name=\"robots\" content=\"index, follow, max-snippet:-1, max-image-preview:large, max-video-preview:-1\" \/>\n<link rel=\"canonical\" href=\"http:\/\/elregionalvm.com.ar\/noticias-villa-maria\/accidente-y-agresion-lo-derivaron-nockeado-al-hospital\/\" \/>\n<meta property=\"og:locale\" content=\"es_ES\" \/>\n<meta property=\"og:type\" content=\"article\" \/>\n<meta property=\"og:title\" content=\"Accidente y agresi\u00f3n: lo derivaron nockeado al hospital - El Regional\" \/>\n<meta property=\"og:description\" content=\"Ayer, a las 18:30, personal policial se constituy\u00f3 en intersecci\u00f3n de Bv. Espa\u00f1a y Buenos Aires, donde se habr\u00eda producido un incidente entre dos conductores. Al llegar al lugar, el personal policial encuentra inconsciente a un hombre de 58 a\u00f1os de edad, quien fue trasladado hacia el Hospital Pasteur por bomberos voluntarios. A ra\u00edz del [&hellip;]\" \/>\n<meta property=\"og:url\" content=\"http:\/\/elregionalvm.com.ar\/noticias-villa-maria\/accidente-y-agresion-lo-derivaron-nockeado-al-hospital\/\" \/>\n<meta property=\"og:site_name\" content=\"El Regional\" \/>\n<meta property=\"article:publisher\" content=\"https:\/\/www.facebook.com\/elregionalvm\" \/>\n<meta property=\"article:published_time\" content=\"2020-09-14T11:17:14+00:00\" \/>\n<meta property=\"article:modified_time\" content=\"2020-09-14T12:29:48+00:00\" \/>\n<meta property=\"og:image\" content=\"http:\/\/elregionalvm.com.ar\/noticias-villa-maria\/wp-content\/uploads\/2020\/09\/polic\u00eda-villa-maria-2.jpg\" \/>\n\t<meta property=\"og:image:width\" content=\"1072\" \/>\n\t<meta property=\"og:image:height\" content=\"589\" \/>\n\t<meta property=\"og:image:type\" content=\"image\/jpeg\" \/>\n<meta name=\"author\" content=\"Contenidos El Regional\" \/>\n<meta name=\"twitter:card\" content=\"summary_large_image\" \/>\n<meta name=\"twitter:creator\" content=\"@elregionalvm1\" \/>\n<meta name=\"twitter:site\" content=\"@elregionalvm1\" \/>\n<meta name=\"twitter:label1\" content=\"Escrito por\" \/>\n\t<meta name=\"twitter:data1\" content=\"Contenidos El Regional\" \/>\n\t<meta name=\"twitter:label2\" content=\"Tiempo de lectura\" \/>\n\t<meta name=\"twitter:data2\" content=\"1 minuto\" \/>\n<script type=\"application\/ld+json\" class=\"yoast-schema-graph\">{\"@context\":\"https:\/\/schema.org\",\"@graph\":[{\"@type\":\"Article\",\"@id\":\"http:\/\/elregionalvm.com.ar\/noticias-villa-maria\/accidente-y-agresion-lo-derivaron-nockeado-al-hospital\/#article\",\"isPartOf\":{\"@id\":\"http:\/\/elregionalvm.com.ar\/noticias-villa-maria\/accidente-y-agresion-lo-derivaron-nockeado-al-hospital\/\"},\"author\":{\"name\":\"Contenidos El Regional\",\"@id\":\"http:\/\/elregionalvm.com.ar\/noticias-villa-maria\/#\/schema\/person\/a0fb9c422317faca23d50163151bc354\"},\"headline\":\"Accidente y agresi\u00f3n: lo derivaron nockeado al hospital\",\"datePublished\":\"2020-09-14T11:17:14+00:00\",\"dateModified\":\"2020-09-14T12:29:48+00:00\",\"mainEntityOfPage\":{\"@id\":\"http:\/\/elregionalvm.com.ar\/noticias-villa-maria\/accidente-y-agresion-lo-derivaron-nockeado-al-hospital\/\"},\"wordCount\":173,\"commentCount\":0,\"image\":{\"@id\":\"http:\/\/elregionalvm.com.ar\/noticias-villa-maria\/accidente-y-agresion-lo-derivaron-nockeado-al-hospital\/#primaryimage\"},\"thumbnailUrl\":\"https:\/\/i0.wp.com\/elregionalvm.com.ar\/noticias-villa-maria\/wp-content\/uploads\/2020\/09\/polic%C3%ADa-villa-maria-2.jpg?fit=1072%2C589&ssl=1\",\"keywords\":[\"accidente\",\"agresi\u00f3n\",\"destacado\",\"Hospital\",\"nockeado\",\"robo compresor\"],\"articleSection\":[\"Policiales\"],\"inLanguage\":\"es\",\"potentialAction\":[{\"@type\":\"CommentAction\",\"name\":\"Comment\",\"target\":[\"http:\/\/elregionalvm.com.ar\/noticias-villa-maria\/accidente-y-agresion-lo-derivaron-nockeado-al-hospital\/#respond\"]}]},{\"@type\":\"WebPage\",\"@id\":\"http:\/\/elregionalvm.com.ar\/noticias-villa-maria\/accidente-y-agresion-lo-derivaron-nockeado-al-hospital\/\",\"url\":\"http:\/\/elregionalvm.com.ar\/noticias-villa-maria\/accidente-y-agresion-lo-derivaron-nockeado-al-hospital\/\",\"name\":\"Accidente y agresi\u00f3n: lo derivaron nockeado al hospital - El Regional\",\"isPartOf\":{\"@id\":\"http:\/\/elregionalvm.com.ar\/noticias-villa-maria\/#website\"},\"primaryImageOfPage\":{\"@id\":\"http:\/\/elregionalvm.com.ar\/noticias-villa-maria\/accidente-y-agresion-lo-derivaron-nockeado-al-hospital\/#primaryimage\"},\"image\":{\"@id\":\"http:\/\/elregionalvm.com.ar\/noticias-villa-maria\/accidente-y-agresion-lo-derivaron-nockeado-al-hospital\/#primaryimage\"},\"thumbnailUrl\":\"https:\/\/i0.wp.com\/elregionalvm.com.ar\/noticias-villa-maria\/wp-content\/uploads\/2020\/09\/polic%C3%ADa-villa-maria-2.jpg?fit=1072%2C589&ssl=1\",\"datePublished\":\"2020-09-14T11:17:14+00:00\",\"dateModified\":\"2020-09-14T12:29:48+00:00\",\"author\":{\"@id\":\"http:\/\/elregionalvm.com.ar\/noticias-villa-maria\/#\/schema\/person\/a0fb9c422317faca23d50163151bc354\"},\"breadcrumb\":{\"@id\":\"http:\/\/elregionalvm.com.ar\/noticias-villa-maria\/accidente-y-agresion-lo-derivaron-nockeado-al-hospital\/#breadcrumb\"},\"inLanguage\":\"es\",\"potentialAction\":[{\"@type\":\"ReadAction\",\"target\":[\"http:\/\/elregionalvm.com.ar\/noticias-villa-maria\/accidente-y-agresion-lo-derivaron-nockeado-al-hospital\/\"]}]},{\"@type\":\"ImageObject\",\"inLanguage\":\"es\",\"@id\":\"http:\/\/elregionalvm.com.ar\/noticias-villa-maria\/accidente-y-agresion-lo-derivaron-nockeado-al-hospital\/#primaryimage\",\"url\":\"https:\/\/i0.wp.com\/elregionalvm.com.ar\/noticias-villa-maria\/wp-content\/uploads\/2020\/09\/polic%C3%ADa-villa-maria-2.jpg?fit=1072%2C589&ssl=1\",\"contentUrl\":\"https:\/\/i0.wp.com\/elregionalvm.com.ar\/noticias-villa-maria\/wp-content\/uploads\/2020\/09\/polic%C3%ADa-villa-maria-2.jpg?fit=1072%2C589&ssl=1\",\"width\":1072,\"height\":589},{\"@type\":\"BreadcrumbList\",\"@id\":\"http:\/\/elregionalvm.com.ar\/noticias-villa-maria\/accidente-y-agresion-lo-derivaron-nockeado-al-hospital\/#breadcrumb\",\"itemListElement\":[{\"@type\":\"ListItem\",\"position\":1,\"name\":\"Portada\",\"item\":\"https:\/\/elregionalvm.com.ar\/noticias-villa-maria\/\"},{\"@type\":\"ListItem\",\"position\":2,\"name\":\"Accidente y agresi\u00f3n: lo derivaron nockeado al hospital\"}]},{\"@type\":\"WebSite\",\"@id\":\"http:\/\/elregionalvm.com.ar\/noticias-villa-maria\/#website\",\"url\":\"http:\/\/elregionalvm.com.ar\/noticias-villa-maria\/\",\"name\":\"El Regional\",\"description\":\"Mucho m\u00e1s que informaci\u00f3n\",\"potentialAction\":[{\"@type\":\"SearchAction\",\"target\":{\"@type\":\"EntryPoint\",\"urlTemplate\":\"http:\/\/elregionalvm.com.ar\/noticias-villa-maria\/?s={search_term_string}\"},\"query-input\":{\"@type\":\"PropertyValueSpecification\",\"valueRequired\":true,\"valueName\":\"search_term_string\"}}],\"inLanguage\":\"es\"},{\"@type\":\"Person\",\"@id\":\"http:\/\/elregionalvm.com.ar\/noticias-villa-maria\/#\/schema\/person\/a0fb9c422317faca23d50163151bc354\",\"name\":\"Contenidos El Regional\",\"image\":{\"@type\":\"ImageObject\",\"inLanguage\":\"es\",\"@id\":\"http:\/\/elregionalvm.com.ar\/noticias-villa-maria\/#\/schema\/person\/image\/\",\"url\":\"https:\/\/secure.gravatar.com\/avatar\/265b27cb2209af7bb3a1318f03305787d7981a5cc6e6cd08fe5a4ecdf99d4b48?s=96&d=mm&r=g\",\"contentUrl\":\"https:\/\/secure.gravatar.com\/avatar\/265b27cb2209af7bb3a1318f03305787d7981a5cc6e6cd08fe5a4ecdf99d4b48?s=96&d=mm&r=g\",\"caption\":\"Contenidos El Regional\"},\"url\":\"https:\/\/elregionalvm.com.ar\/noticias-villa-maria\/author\/contenido\/\"}]}<\/script>\n<!-- \/ Yoast SEO plugin. -->","yoast_head_json":{"title":"Accidente y agresi\u00f3n: lo derivaron nockeado al hospital - El Regional","robots":{"index":"index","follow":"follow","max-snippet":"max-snippet:-1","max-image-preview":"max-image-preview:large","max-video-preview":"max-video-preview:-1"},"canonical":"http:\/\/elregionalvm.com.ar\/noticias-villa-maria\/accidente-y-agresion-lo-derivaron-nockeado-al-hospital\/","og_locale":"es_ES","og_type":"article","og_title":"Accidente y agresi\u00f3n: lo derivaron nockeado al hospital - El Regional","og_description":"Ayer, a las 18:30, personal policial se constituy\u00f3 en intersecci\u00f3n de Bv. Espa\u00f1a y Buenos Aires, donde se habr\u00eda producido un incidente entre dos conductores. Al llegar al lugar, el personal policial encuentra inconsciente a un hombre de 58 a\u00f1os de edad, quien fue trasladado hacia el Hospital Pasteur por bomberos voluntarios. A ra\u00edz del [&hellip;]","og_url":"http:\/\/elregionalvm.com.ar\/noticias-villa-maria\/accidente-y-agresion-lo-derivaron-nockeado-al-hospital\/","og_site_name":"El Regional","article_publisher":"https:\/\/www.facebook.com\/elregionalvm","article_published_time":"2020-09-14T11:17:14+00:00","article_modified_time":"2020-09-14T12:29:48+00:00","og_image":[{"width":1072,"height":589,"url":"http:\/\/elregionalvm.com.ar\/noticias-villa-maria\/wp-content\/uploads\/2020\/09\/polic\u00eda-villa-maria-2.jpg","type":"image\/jpeg"}],"author":"Contenidos El Regional","twitter_card":"summary_large_image","twitter_creator":"@elregionalvm1","twitter_site":"@elregionalvm1","twitter_misc":{"Escrito por":"Contenidos El Regional","Tiempo de lectura":"1 minuto"},"schema":{"@context":"https:\/\/schema.org","@graph":[{"@type":"Article","@id":"http:\/\/elregionalvm.com.ar\/noticias-villa-maria\/accidente-y-agresion-lo-derivaron-nockeado-al-hospital\/#article","isPartOf":{"@id":"http:\/\/elregionalvm.com.ar\/noticias-villa-maria\/accidente-y-agresion-lo-derivaron-nockeado-al-hospital\/"},"author":{"name":"Contenidos El Regional","@id":"http:\/\/elregionalvm.com.ar\/noticias-villa-maria\/#\/schema\/person\/a0fb9c422317faca23d50163151bc354"},"headline":"Accidente y agresi\u00f3n: lo derivaron nockeado al hospital","datePublished":"2020-09-14T11:17:14+00:00","dateModified":"2020-09-14T12:29:48+00:00","mainEntityOfPage":{"@id":"http:\/\/elregionalvm.com.ar\/noticias-villa-maria\/accidente-y-agresion-lo-derivaron-nockeado-al-hospital\/"},"wordCount":173,"commentCount":0,"image":{"@id":"http:\/\/elregionalvm.com.ar\/noticias-villa-maria\/accidente-y-agresion-lo-derivaron-nockeado-al-hospital\/#primaryimage"},"thumbnailUrl":"https:\/\/i0.wp.com\/elregionalvm.com.ar\/noticias-villa-maria\/wp-content\/uploads\/2020\/09\/polic%C3%ADa-villa-maria-2.jpg?fit=1072%2C589&ssl=1","keywords":["accidente","agresi\u00f3n","destacado","Hospital","nockeado","robo compresor"],"articleSection":["Policiales"],"inLanguage":"es","potentialAction":[{"@type":"CommentAction","name":"Comment","target":["http:\/\/elregionalvm.com.ar\/noticias-villa-maria\/accidente-y-agresion-lo-derivaron-nockeado-al-hospital\/#respond"]}]},{"@type":"WebPage","@id":"http:\/\/elregionalvm.com.ar\/noticias-villa-maria\/accidente-y-agresion-lo-derivaron-nockeado-al-hospital\/","url":"http:\/\/elregionalvm.com.ar\/noticias-villa-maria\/accidente-y-agresion-lo-derivaron-nockeado-al-hospital\/","name":"Accidente y agresi\u00f3n: lo derivaron nockeado al hospital - El Regional","isPartOf":{"@id":"http:\/\/elregionalvm.com.ar\/noticias-villa-maria\/#website"},"primaryImageOfPage":{"@id":"http:\/\/elregionalvm.com.ar\/noticias-villa-maria\/accidente-y-agresion-lo-derivaron-nockeado-al-hospital\/#primaryimage"},"image":{"@id":"http:\/\/elregionalvm.com.ar\/noticias-villa-maria\/accidente-y-agresion-lo-derivaron-nockeado-al-hospital\/#primaryimage"},"thumbnailUrl":"https:\/\/i0.wp.com\/elregionalvm.com.ar\/noticias-villa-maria\/wp-content\/uploads\/2020\/09\/polic%C3%ADa-villa-maria-2.jpg?fit=1072%2C589&ssl=1","datePublished":"2020-09-14T11:17:14+00:00","dateModified":"2020-09-14T12:29:48+00:00","author":{"@id":"http:\/\/elregionalvm.com.ar\/noticias-villa-maria\/#\/schema\/person\/a0fb9c422317faca23d50163151bc354"},"breadcrumb":{"@id":"http:\/\/elregionalvm.com.ar\/noticias-villa-maria\/accidente-y-agresion-lo-derivaron-nockeado-al-hospital\/#breadcrumb"},"inLanguage":"es","potentialAction":[{"@type":"ReadAction","target":["http:\/\/elregionalvm.com.ar\/noticias-villa-maria\/accidente-y-agresion-lo-derivaron-nockeado-al-hospital\/"]}]},{"@type":"ImageObject","inLanguage":"es","@id":"http:\/\/elregionalvm.com.ar\/noticias-villa-maria\/accidente-y-agresion-lo-derivaron-nockeado-al-hospital\/#primaryimage","url":"https:\/\/i0.wp.com\/elregionalvm.com.ar\/noticias-villa-maria\/wp-content\/uploads\/2020\/09\/polic%C3%ADa-villa-maria-2.jpg?fit=1072%2C589&ssl=1","contentUrl":"https:\/\/i0.wp.com\/elregionalvm.com.ar\/noticias-villa-maria\/wp-content\/uploads\/2020\/09\/polic%C3%ADa-villa-maria-2.jpg?fit=1072%2C589&ssl=1","width":1072,"height":589},{"@type":"BreadcrumbList","@id":"http:\/\/elregionalvm.com.ar\/noticias-villa-maria\/accidente-y-agresion-lo-derivaron-nockeado-al-hospital\/#breadcrumb","itemListElement":[{"@type":"ListItem","position":1,"name":"Portada","item":"https:\/\/elregionalvm.com.ar\/noticias-villa-maria\/"},{"@type":"ListItem","position":2,"name":"Accidente y agresi\u00f3n: lo derivaron nockeado al hospital"}]},{"@type":"WebSite","@id":"http:\/\/elregionalvm.com.ar\/noticias-villa-maria\/#website","url":"http:\/\/elregionalvm.com.ar\/noticias-villa-maria\/","name":"El Regional","description":"Mucho m\u00e1s que informaci\u00f3n","potentialAction":[{"@type":"SearchAction","target":{"@type":"EntryPoint","urlTemplate":"http:\/\/elregionalvm.com.ar\/noticias-villa-maria\/?s={search_term_string}"},"query-input":{"@type":"PropertyValueSpecification","valueRequired":true,"valueName":"search_term_string"}}],"inLanguage":"es"},{"@type":"Person","@id":"http:\/\/elregionalvm.com.ar\/noticias-villa-maria\/#\/schema\/person\/a0fb9c422317faca23d50163151bc354","name":"Contenidos El Regional","image":{"@type":"ImageObject","inLanguage":"es","@id":"http:\/\/elregionalvm.com.ar\/noticias-villa-maria\/#\/schema\/person\/image\/","url":"https:\/\/secure.gravatar.com\/avatar\/265b27cb2209af7bb3a1318f03305787d7981a5cc6e6cd08fe5a4ecdf99d4b48?s=96&d=mm&r=g","contentUrl":"https:\/\/secure.gravatar.com\/avatar\/265b27cb2209af7bb3a1318f03305787d7981a5cc6e6cd08fe5a4ecdf99d4b48?s=96&d=mm&r=g","caption":"Contenidos El Regional"},"url":"https:\/\/elregionalvm.com.ar\/noticias-villa-maria\/author\/contenido\/"}]}},"jetpack_featured_media_url":"https:\/\/i0.wp.com\/elregionalvm.com.ar\/noticias-villa-maria\/wp-content\/uploads\/2020\/09\/polic%C3%ADa-villa-maria-2.jpg?fit=1072%2C589&ssl=1","jetpack_sharing_enabled":true,"_links":{"self":[{"href":"https:\/\/elregionalvm.com.ar\/noticias-villa-maria\/wp-json\/wp\/v2\/posts\/23827","targetHints":{"allow":["GET"]}}],"collection":[{"href":"https:\/\/elregionalvm.com.ar\/noticias-villa-maria\/wp-json\/wp\/v2\/posts"}],"about":[{"href":"https:\/\/elregionalvm.com.ar\/noticias-villa-maria\/wp-json\/wp\/v2\/types\/post"}],"author":[{"embeddable":true,"href":"https:\/\/elregionalvm.com.ar\/noticias-villa-maria\/wp-json\/wp\/v2\/users\/4"}],"replies":[{"embeddable":true,"href":"https:\/\/elregionalvm.com.ar\/noticias-villa-maria\/wp-json\/wp\/v2\/comments?post=23827"}],"version-history":[{"count":1,"href":"https:\/\/elregionalvm.com.ar\/noticias-villa-maria\/wp-json\/wp\/v2\/posts\/23827\/revisions"}],"predecessor-version":[{"id":23828,"href":"https:\/\/elregionalvm.com.ar\/noticias-villa-maria\/wp-json\/wp\/v2\/posts\/23827\/revisions\/23828"}],"wp:featuredmedia":[{"embeddable":true,"href":"https:\/\/elregionalvm.com.ar\/noticias-villa-maria\/wp-json\/wp\/v2\/media\/23545"}],"wp:attachment":[{"href":"https:\/\/elregionalvm.com.ar\/noticias-villa-maria\/wp-json\/wp\/v2\/media?parent=23827"}],"wp:term":[{"taxonomy":"category","embeddable":true,"href":"https:\/\/elregionalvm.com.ar\/noticias-villa-maria\/wp-json\/wp\/v2\/categories?post=23827"},{"taxonomy":"post_tag","embeddable":true,"href":"https:\/\/elregionalvm.com.ar\/noticias-villa-maria\/wp-json\/wp\/v2\/tags?post=23827"}],"curies":[{"name":"wp","href":"https:\/\/api.w.org\/{rel}","templated":true}]}}