{"id":23829,"date":"2020-09-14T12:27:30","date_gmt":"2020-09-14T12:27:30","guid":{"rendered":"https:\/\/elregionalvm.com.ar\/noticias-villa-maria\/?p=23829"},"modified":"2020-09-15T01:08:27","modified_gmt":"2020-09-15T01:08:27","slug":"incendio-en-el-hotel-alem-bomberos-sofocan-el-fuego","status":"publish","type":"post","link":"https:\/\/elregionalvm.com.ar\/noticias-villa-maria\/incendio-en-el-hotel-alem-bomberos-sofocan-el-fuego\/","title":{"rendered":"Explosi\u00f3n e incendio en el hotel Alem: 6 trasladados al Hospital Pasteur"},"content":{"rendered":"\n<p>Hace instantes, al menos dos autobombas acudieron a sofocar el incendio producido en las instalaciones del hotel Alem, ubicado en Alem y Teniente Iba\u00f1ez, al frente de lo que era antiguamente el Servicentro Baudino.<\/p>\n\n\n\n<p>El incidente se produjo en horas de esta ma\u00f1ana, aunque se desconoce el origen del fuego.<\/p>\n\n\n\n<p>Tras la explosi\u00f3n e incendio desatado hace instantes en el hotel, 6 personas fueron trasladadas al Hospital Pasteur. Todos fueron asistidos en la Guardia Central por inhalaci\u00f3n de mon\u00f3xido de carbono con asistencia de ox\u00edgeno, inform\u00f3 el centro de salud provincial.<\/p>\n\n\n\n<p>Un solo paciente presenta quemaduras leves en el rostro por lo que requiri\u00f3 curaciones, mientras que un menor de 2 a\u00f1os se encuentra fuera de peligro internado en cama fr\u00eda. <br><br><strong>Operativo<\/strong><\/p>\n\n\n\n<p>Seg\u00fan el parte oficial de Bomberos, se procedi\u00f3 a la evacuaci\u00f3n de 21 personas, 9 hacia el Hospital Pasteur, una hacia una cl\u00ednica privada, mientras que 11 fueron asistidas en el lugar.<\/p>\n\n\n\n<p>Trabajaron seis unidades propias, entre estas, 4 ambulancias, una autobomba y una escalera mec\u00e1nica, junto con 30 efectivos del cuartel.<\/p>\n\n\n\n<p>Adem\u00e1s, se cont\u00f3 con la colaboraci\u00f3n de una ambulancia privada, de la Polic\u00eda de C\u00f3rdoba, Seguridad Ciudadana y Gendarmer\u00eda Nacional.<\/p>\n\n\n\n<p><strong>Mir\u00e1 la galer\u00eda de fotos de Bomberos: <\/strong><\/p>\n\n\n\n<figure class=\"wp-block-gallery columns-3 is-cropped wp-block-gallery-1 is-layout-flex wp-block-gallery-is-layout-flex\"><ul class=\"blocks-gallery-grid\"><li class=\"blocks-gallery-item\"><figure><img data-recalc-dims=\"1\" fetchpriority=\"high\" decoding=\"async\" width=\"1024\" height=\"1024\" src=\"https:\/\/i0.wp.com\/elregionalvm.com.ar\/noticias-villa-maria\/wp-content\/uploads\/2020\/09\/Bomberos-hotel-alem.jpg?resize=1024%2C1024&#038;ssl=1\" alt=\"\" data-id=\"23836\" data-full-url=\"https:\/\/elregionalvm.com.ar\/noticias-villa-maria\/wp-content\/uploads\/2020\/09\/Bomberos-hotel-alem.jpg\" data-link=\"https:\/\/elregionalvm.com.ar\/noticias-villa-maria\/incendio-en-el-hotel-alem-bomberos-sofocan-el-fuego\/bomberos-hotel-alem\/\" class=\"wp-image-23836\" srcset=\"https:\/\/i0.wp.com\/elregionalvm.com.ar\/noticias-villa-maria\/wp-content\/uploads\/2020\/09\/Bomberos-hotel-alem.jpg?resize=1024%2C1024&amp;ssl=1 1024w, https:\/\/i0.wp.com\/elregionalvm.com.ar\/noticias-villa-maria\/wp-content\/uploads\/2020\/09\/Bomberos-hotel-alem.jpg?resize=300%2C300&amp;ssl=1 300w, https:\/\/i0.wp.com\/elregionalvm.com.ar\/noticias-villa-maria\/wp-content\/uploads\/2020\/09\/Bomberos-hotel-alem.jpg?resize=768%2C768&amp;ssl=1 768w, https:\/\/i0.wp.com\/elregionalvm.com.ar\/noticias-villa-maria\/wp-content\/uploads\/2020\/09\/Bomberos-hotel-alem.jpg?w=1080&amp;ssl=1 1080w\" sizes=\"(max-width: 1000px) 100vw, 1000px\" \/><\/figure><\/li><li class=\"blocks-gallery-item\"><figure><img data-recalc-dims=\"1\" decoding=\"async\" width=\"1024\" height=\"1024\" src=\"https:\/\/i0.wp.com\/elregionalvm.com.ar\/noticias-villa-maria\/wp-content\/uploads\/2020\/09\/Bomberos-hotel-alem-1.jpg?resize=1024%2C1024&#038;ssl=1\" alt=\"\" data-id=\"23835\" data-full-url=\"https:\/\/elregionalvm.com.ar\/noticias-villa-maria\/wp-content\/uploads\/2020\/09\/Bomberos-hotel-alem-1.jpg\" data-link=\"https:\/\/elregionalvm.com.ar\/noticias-villa-maria\/incendio-en-el-hotel-alem-bomberos-sofocan-el-fuego\/bomberos-hotel-alem-1\/\" class=\"wp-image-23835\" srcset=\"https:\/\/i0.wp.com\/elregionalvm.com.ar\/noticias-villa-maria\/wp-content\/uploads\/2020\/09\/Bomberos-hotel-alem-1.jpg?resize=1024%2C1024&amp;ssl=1 1024w, https:\/\/i0.wp.com\/elregionalvm.com.ar\/noticias-villa-maria\/wp-content\/uploads\/2020\/09\/Bomberos-hotel-alem-1.jpg?resize=300%2C300&amp;ssl=1 300w, https:\/\/i0.wp.com\/elregionalvm.com.ar\/noticias-villa-maria\/wp-content\/uploads\/2020\/09\/Bomberos-hotel-alem-1.jpg?resize=768%2C768&amp;ssl=1 768w, https:\/\/i0.wp.com\/elregionalvm.com.ar\/noticias-villa-maria\/wp-content\/uploads\/2020\/09\/Bomberos-hotel-alem-1.jpg?w=1080&amp;ssl=1 1080w\" sizes=\"(max-width: 1000px) 100vw, 1000px\" \/><\/figure><\/li><li class=\"blocks-gallery-item\"><figure><img data-recalc-dims=\"1\" decoding=\"async\" width=\"1024\" height=\"1024\" src=\"https:\/\/i0.wp.com\/elregionalvm.com.ar\/noticias-villa-maria\/wp-content\/uploads\/2020\/09\/Bomberos-hotel-alem-3.jpg?resize=1024%2C1024&#038;ssl=1\" alt=\"\" data-id=\"23837\" data-full-url=\"https:\/\/elregionalvm.com.ar\/noticias-villa-maria\/wp-content\/uploads\/2020\/09\/Bomberos-hotel-alem-3.jpg\" data-link=\"https:\/\/elregionalvm.com.ar\/noticias-villa-maria\/incendio-en-el-hotel-alem-bomberos-sofocan-el-fuego\/bomberos-hotel-alem-3\/\" class=\"wp-image-23837\" srcset=\"https:\/\/i0.wp.com\/elregionalvm.com.ar\/noticias-villa-maria\/wp-content\/uploads\/2020\/09\/Bomberos-hotel-alem-3.jpg?resize=1024%2C1024&amp;ssl=1 1024w, https:\/\/i0.wp.com\/elregionalvm.com.ar\/noticias-villa-maria\/wp-content\/uploads\/2020\/09\/Bomberos-hotel-alem-3.jpg?resize=300%2C300&amp;ssl=1 300w, https:\/\/i0.wp.com\/elregionalvm.com.ar\/noticias-villa-maria\/wp-content\/uploads\/2020\/09\/Bomberos-hotel-alem-3.jpg?resize=768%2C768&amp;ssl=1 768w, https:\/\/i0.wp.com\/elregionalvm.com.ar\/noticias-villa-maria\/wp-content\/uploads\/2020\/09\/Bomberos-hotel-alem-3.jpg?w=1080&amp;ssl=1 1080w\" sizes=\"(max-width: 1000px) 100vw, 1000px\" \/><\/figure><\/li><\/ul><\/figure>\n\n\n\n<p><em>Foto portada: Villa Mar\u00eda Ya<\/em><\/p>\n","protected":false},"excerpt":{"rendered":"<p>Hace instantes, al menos dos autobombas acudieron a sofocar el incendio producido en las instalaciones del hotel Alem, ubicado en Alem y Teniente Iba\u00f1ez, al frente de lo que era antiguamente el Servicentro Baudino. El incidente se produjo en horas de esta ma\u00f1ana, aunque se desconoce el origen del fuego. Tras la explosi\u00f3n e incendio [&hellip;]<\/p>\n","protected":false},"author":4,"featured_media":23830,"comment_status":"open","ping_status":"open","sticky":false,"template":"","format":"standard","meta":{"site-sidebar-layout":"default","site-content-layout":"default","ast-site-content-layout":"default","site-content-style":"default","site-sidebar-style":"default","ast-global-header-display":"","ast-banner-title-visibility":"","ast-main-header-display":"","ast-hfb-above-header-display":"","ast-hfb-below-header-display":"","ast-hfb-mobile-header-display":"","site-post-title":"","ast-breadcrumbs-content":"","ast-featured-img":"","footer-sml-layout":"","ast-disable-related-posts":"","theme-transparent-header-meta":"default","adv-header-id-meta":"","stick-header-meta":"","header-above-stick-meta":"","header-main-stick-meta":"","header-below-stick-meta":"","astra-migrate-meta-layouts":"default","ast-page-background-enabled":"default","ast-page-background-meta":{"desktop":{"background-color":"","background-image":"","background-repeat":"repeat","background-position":"center center","background-size":"auto","background-attachment":"scroll","background-type":"","background-media":"","overlay-type":"","overlay-color":"","overlay-opacity":"","overlay-gradient":""},"tablet":{"background-color":"","background-image":"","background-repeat":"repeat","background-position":"center center","background-size":"auto","background-attachment":"scroll","background-type":"","background-media":"","overlay-type":"","overlay-color":"","overlay-opacity":"","overlay-gradient":""},"mobile":{"background-color":"","background-image":"","background-repeat":"repeat","background-position":"center center","background-size":"auto","background-attachment":"scroll","background-type":"","background-media":"","overlay-type":"","overlay-color":"","overlay-opacity":"","overlay-gradient":""}},"ast-content-background-meta":{"desktop":{"background-color":"var(--ast-global-color-5)","background-image":"","background-repeat":"repeat","background-position":"center center","background-size":"auto","background-attachment":"scroll","background-type":"","background-media":"","overlay-type":"","overlay-color":"","overlay-opacity":"","overlay-gradient":""},"tablet":{"background-color":"var(--ast-global-color-5)","background-image":"","background-repeat":"repeat","background-position":"center center","background-size":"auto","background-attachment":"scroll","background-type":"","background-media":"","overlay-type":"","overlay-color":"","overlay-opacity":"","overlay-gradient":""},"mobile":{"background-color":"var(--ast-global-color-5)","background-image":"","background-repeat":"repeat","background-position":"center center","background-size":"auto","background-attachment":"scroll","background-type":"","background-media":"","overlay-type":"","overlay-color":"","overlay-opacity":"","overlay-gradient":""}},"_jetpack_memberships_contains_paid_content":false,"_joinchat":[],"footnotes":""},"categories":[2323,3557,2],"tags":[3590,3944,2130,3943,1487,534],"class_list":["post-23829","post","type-post","status-publish","format-standard","has-post-thumbnail","hentry","category-notas-secundarias","category-tercera","category-villa-maria","tag-bomberos-voluntarios","tag-heridos","tag-hospital-pasteur","tag-hotel-alem","tag-incendio","tag-villa-maria"],"yoast_head":"<!-- This site is optimized with the Yoast SEO plugin v26.8 - https:\/\/yoast.com\/product\/yoast-seo-wordpress\/ -->\n<title>Explosi\u00f3n e incendio en el hotel Alem: 6 trasladados al Hospital Pasteur - El Regional<\/title>\n<meta name=\"description\" content=\"Tras la explosi\u00f3n e incendio desatado hace instantes en el Hotel Alem, 6 personas fueron trasladadas al Hospital Pasteur.\" \/>\n<meta name=\"robots\" content=\"index, follow, max-snippet:-1, max-image-preview:large, max-video-preview:-1\" \/>\n<link rel=\"canonical\" href=\"http:\/\/elregionalvm.com.ar\/noticias-villa-maria\/incendio-en-el-hotel-alem-bomberos-sofocan-el-fuego\/\" \/>\n<meta property=\"og:locale\" content=\"es_ES\" \/>\n<meta property=\"og:type\" content=\"article\" \/>\n<meta property=\"og:title\" content=\"Explosi\u00f3n e incendio en el hotel Alem: 6 trasladados al Hospital Pasteur - El Regional\" \/>\n<meta property=\"og:description\" content=\"Tras la explosi\u00f3n e incendio desatado hace instantes en el Hotel Alem, 6 personas fueron trasladadas al Hospital Pasteur.\" \/>\n<meta property=\"og:url\" content=\"http:\/\/elregionalvm.com.ar\/noticias-villa-maria\/incendio-en-el-hotel-alem-bomberos-sofocan-el-fuego\/\" \/>\n<meta property=\"og:site_name\" content=\"El Regional\" \/>\n<meta property=\"article:publisher\" content=\"https:\/\/www.facebook.com\/elregionalvm\" \/>\n<meta property=\"article:published_time\" content=\"2020-09-14T12:27:30+00:00\" \/>\n<meta property=\"article:modified_time\" content=\"2020-09-15T01:08:27+00:00\" \/>\n<meta property=\"og:image\" content=\"http:\/\/elregionalvm.com.ar\/noticias-villa-maria\/wp-content\/uploads\/2020\/09\/incendio-Hotel-Alem.jpg\" \/>\n\t<meta property=\"og:image:width\" content=\"1200\" \/>\n\t<meta property=\"og:image:height\" content=\"675\" \/>\n\t<meta property=\"og:image:type\" content=\"image\/jpeg\" \/>\n<meta name=\"author\" content=\"Contenidos El Regional\" \/>\n<meta name=\"twitter:card\" content=\"summary_large_image\" \/>\n<meta name=\"twitter:creator\" content=\"@elregionalvm1\" \/>\n<meta name=\"twitter:site\" content=\"@elregionalvm1\" \/>\n<meta name=\"twitter:label1\" content=\"Escrito por\" \/>\n\t<meta name=\"twitter:data1\" content=\"Contenidos El Regional\" \/>\n\t<meta name=\"twitter:label2\" content=\"Tiempo de lectura\" \/>\n\t<meta name=\"twitter:data2\" content=\"1 minuto\" \/>\n<script type=\"application\/ld+json\" class=\"yoast-schema-graph\">{\"@context\":\"https:\/\/schema.org\",\"@graph\":[{\"@type\":\"Article\",\"@id\":\"http:\/\/elregionalvm.com.ar\/noticias-villa-maria\/incendio-en-el-hotel-alem-bomberos-sofocan-el-fuego\/#article\",\"isPartOf\":{\"@id\":\"http:\/\/elregionalvm.com.ar\/noticias-villa-maria\/incendio-en-el-hotel-alem-bomberos-sofocan-el-fuego\/\"},\"author\":{\"name\":\"Contenidos El Regional\",\"@id\":\"http:\/\/elregionalvm.com.ar\/noticias-villa-maria\/#\/schema\/person\/a0fb9c422317faca23d50163151bc354\"},\"headline\":\"Explosi\u00f3n e incendio en el hotel Alem: 6 trasladados al Hospital Pasteur\",\"datePublished\":\"2020-09-14T12:27:30+00:00\",\"dateModified\":\"2020-09-15T01:08:27+00:00\",\"mainEntityOfPage\":{\"@id\":\"http:\/\/elregionalvm.com.ar\/noticias-villa-maria\/incendio-en-el-hotel-alem-bomberos-sofocan-el-fuego\/\"},\"wordCount\":230,\"commentCount\":0,\"image\":{\"@id\":\"http:\/\/elregionalvm.com.ar\/noticias-villa-maria\/incendio-en-el-hotel-alem-bomberos-sofocan-el-fuego\/#primaryimage\"},\"thumbnailUrl\":\"https:\/\/i0.wp.com\/elregionalvm.com.ar\/noticias-villa-maria\/wp-content\/uploads\/2020\/09\/incendio-Hotel-Alem.jpg?fit=1200%2C675&ssl=1\",\"keywords\":[\"Bomberos Voluntarios\",\"Heridos\",\"Hospital Pasteur\",\"Hotel Alem\",\"Incendio\",\"villa maria\"],\"articleSection\":[\"Notas\",\"tercera\",\"Villa Mar\u00eda\"],\"inLanguage\":\"es\",\"potentialAction\":[{\"@type\":\"CommentAction\",\"name\":\"Comment\",\"target\":[\"http:\/\/elregionalvm.com.ar\/noticias-villa-maria\/incendio-en-el-hotel-alem-bomberos-sofocan-el-fuego\/#respond\"]}]},{\"@type\":\"WebPage\",\"@id\":\"http:\/\/elregionalvm.com.ar\/noticias-villa-maria\/incendio-en-el-hotel-alem-bomberos-sofocan-el-fuego\/\",\"url\":\"http:\/\/elregionalvm.com.ar\/noticias-villa-maria\/incendio-en-el-hotel-alem-bomberos-sofocan-el-fuego\/\",\"name\":\"Explosi\u00f3n e incendio en el hotel Alem: 6 trasladados al Hospital Pasteur - El Regional\",\"isPartOf\":{\"@id\":\"http:\/\/elregionalvm.com.ar\/noticias-villa-maria\/#website\"},\"primaryImageOfPage\":{\"@id\":\"http:\/\/elregionalvm.com.ar\/noticias-villa-maria\/incendio-en-el-hotel-alem-bomberos-sofocan-el-fuego\/#primaryimage\"},\"image\":{\"@id\":\"http:\/\/elregionalvm.com.ar\/noticias-villa-maria\/incendio-en-el-hotel-alem-bomberos-sofocan-el-fuego\/#primaryimage\"},\"thumbnailUrl\":\"https:\/\/i0.wp.com\/elregionalvm.com.ar\/noticias-villa-maria\/wp-content\/uploads\/2020\/09\/incendio-Hotel-Alem.jpg?fit=1200%2C675&ssl=1\",\"datePublished\":\"2020-09-14T12:27:30+00:00\",\"dateModified\":\"2020-09-15T01:08:27+00:00\",\"author\":{\"@id\":\"http:\/\/elregionalvm.com.ar\/noticias-villa-maria\/#\/schema\/person\/a0fb9c422317faca23d50163151bc354\"},\"description\":\"Tras la explosi\u00f3n e incendio desatado hace instantes en el Hotel Alem, 6 personas fueron trasladadas al Hospital Pasteur.\",\"breadcrumb\":{\"@id\":\"http:\/\/elregionalvm.com.ar\/noticias-villa-maria\/incendio-en-el-hotel-alem-bomberos-sofocan-el-fuego\/#breadcrumb\"},\"inLanguage\":\"es\",\"potentialAction\":[{\"@type\":\"ReadAction\",\"target\":[\"http:\/\/elregionalvm.com.ar\/noticias-villa-maria\/incendio-en-el-hotel-alem-bomberos-sofocan-el-fuego\/\"]}]},{\"@type\":\"ImageObject\",\"inLanguage\":\"es\",\"@id\":\"http:\/\/elregionalvm.com.ar\/noticias-villa-maria\/incendio-en-el-hotel-alem-bomberos-sofocan-el-fuego\/#primaryimage\",\"url\":\"https:\/\/i0.wp.com\/elregionalvm.com.ar\/noticias-villa-maria\/wp-content\/uploads\/2020\/09\/incendio-Hotel-Alem.jpg?fit=1200%2C675&ssl=1\",\"contentUrl\":\"https:\/\/i0.wp.com\/elregionalvm.com.ar\/noticias-villa-maria\/wp-content\/uploads\/2020\/09\/incendio-Hotel-Alem.jpg?fit=1200%2C675&ssl=1\",\"width\":1200,\"height\":675},{\"@type\":\"BreadcrumbList\",\"@id\":\"http:\/\/elregionalvm.com.ar\/noticias-villa-maria\/incendio-en-el-hotel-alem-bomberos-sofocan-el-fuego\/#breadcrumb\",\"itemListElement\":[{\"@type\":\"ListItem\",\"position\":1,\"name\":\"Portada\",\"item\":\"https:\/\/elregionalvm.com.ar\/noticias-villa-maria\/\"},{\"@type\":\"ListItem\",\"position\":2,\"name\":\"Explosi\u00f3n e incendio en el hotel Alem: 6 trasladados al Hospital Pasteur\"}]},{\"@type\":\"WebSite\",\"@id\":\"http:\/\/elregionalvm.com.ar\/noticias-villa-maria\/#website\",\"url\":\"http:\/\/elregionalvm.com.ar\/noticias-villa-maria\/\",\"name\":\"El Regional\",\"description\":\"Mucho m\u00e1s que informaci\u00f3n\",\"potentialAction\":[{\"@type\":\"SearchAction\",\"target\":{\"@type\":\"EntryPoint\",\"urlTemplate\":\"http:\/\/elregionalvm.com.ar\/noticias-villa-maria\/?s={search_term_string}\"},\"query-input\":{\"@type\":\"PropertyValueSpecification\",\"valueRequired\":true,\"valueName\":\"search_term_string\"}}],\"inLanguage\":\"es\"},{\"@type\":\"Person\",\"@id\":\"http:\/\/elregionalvm.com.ar\/noticias-villa-maria\/#\/schema\/person\/a0fb9c422317faca23d50163151bc354\",\"name\":\"Contenidos El Regional\",\"image\":{\"@type\":\"ImageObject\",\"inLanguage\":\"es\",\"@id\":\"http:\/\/elregionalvm.com.ar\/noticias-villa-maria\/#\/schema\/person\/image\/\",\"url\":\"https:\/\/secure.gravatar.com\/avatar\/265b27cb2209af7bb3a1318f03305787d7981a5cc6e6cd08fe5a4ecdf99d4b48?s=96&d=mm&r=g\",\"contentUrl\":\"https:\/\/secure.gravatar.com\/avatar\/265b27cb2209af7bb3a1318f03305787d7981a5cc6e6cd08fe5a4ecdf99d4b48?s=96&d=mm&r=g\",\"caption\":\"Contenidos El Regional\"},\"url\":\"https:\/\/elregionalvm.com.ar\/noticias-villa-maria\/author\/contenido\/\"}]}<\/script>\n<!-- \/ Yoast SEO plugin. -->","yoast_head_json":{"title":"Explosi\u00f3n e incendio en el hotel Alem: 6 trasladados al Hospital Pasteur - El Regional","description":"Tras la explosi\u00f3n e incendio desatado hace instantes en el Hotel Alem, 6 personas fueron trasladadas al Hospital Pasteur.","robots":{"index":"index","follow":"follow","max-snippet":"max-snippet:-1","max-image-preview":"max-image-preview:large","max-video-preview":"max-video-preview:-1"},"canonical":"http:\/\/elregionalvm.com.ar\/noticias-villa-maria\/incendio-en-el-hotel-alem-bomberos-sofocan-el-fuego\/","og_locale":"es_ES","og_type":"article","og_title":"Explosi\u00f3n e incendio en el hotel Alem: 6 trasladados al Hospital Pasteur - El Regional","og_description":"Tras la explosi\u00f3n e incendio desatado hace instantes en el Hotel Alem, 6 personas fueron trasladadas al Hospital Pasteur.","og_url":"http:\/\/elregionalvm.com.ar\/noticias-villa-maria\/incendio-en-el-hotel-alem-bomberos-sofocan-el-fuego\/","og_site_name":"El Regional","article_publisher":"https:\/\/www.facebook.com\/elregionalvm","article_published_time":"2020-09-14T12:27:30+00:00","article_modified_time":"2020-09-15T01:08:27+00:00","og_image":[{"width":1200,"height":675,"url":"http:\/\/elregionalvm.com.ar\/noticias-villa-maria\/wp-content\/uploads\/2020\/09\/incendio-Hotel-Alem.jpg","type":"image\/jpeg"}],"author":"Contenidos El Regional","twitter_card":"summary_large_image","twitter_creator":"@elregionalvm1","twitter_site":"@elregionalvm1","twitter_misc":{"Escrito por":"Contenidos El Regional","Tiempo de lectura":"1 minuto"},"schema":{"@context":"https:\/\/schema.org","@graph":[{"@type":"Article","@id":"http:\/\/elregionalvm.com.ar\/noticias-villa-maria\/incendio-en-el-hotel-alem-bomberos-sofocan-el-fuego\/#article","isPartOf":{"@id":"http:\/\/elregionalvm.com.ar\/noticias-villa-maria\/incendio-en-el-hotel-alem-bomberos-sofocan-el-fuego\/"},"author":{"name":"Contenidos El Regional","@id":"http:\/\/elregionalvm.com.ar\/noticias-villa-maria\/#\/schema\/person\/a0fb9c422317faca23d50163151bc354"},"headline":"Explosi\u00f3n e incendio en el hotel Alem: 6 trasladados al Hospital Pasteur","datePublished":"2020-09-14T12:27:30+00:00","dateModified":"2020-09-15T01:08:27+00:00","mainEntityOfPage":{"@id":"http:\/\/elregionalvm.com.ar\/noticias-villa-maria\/incendio-en-el-hotel-alem-bomberos-sofocan-el-fuego\/"},"wordCount":230,"commentCount":0,"image":{"@id":"http:\/\/elregionalvm.com.ar\/noticias-villa-maria\/incendio-en-el-hotel-alem-bomberos-sofocan-el-fuego\/#primaryimage"},"thumbnailUrl":"https:\/\/i0.wp.com\/elregionalvm.com.ar\/noticias-villa-maria\/wp-content\/uploads\/2020\/09\/incendio-Hotel-Alem.jpg?fit=1200%2C675&ssl=1","keywords":["Bomberos Voluntarios","Heridos","Hospital Pasteur","Hotel Alem","Incendio","villa maria"],"articleSection":["Notas","tercera","Villa Mar\u00eda"],"inLanguage":"es","potentialAction":[{"@type":"CommentAction","name":"Comment","target":["http:\/\/elregionalvm.com.ar\/noticias-villa-maria\/incendio-en-el-hotel-alem-bomberos-sofocan-el-fuego\/#respond"]}]},{"@type":"WebPage","@id":"http:\/\/elregionalvm.com.ar\/noticias-villa-maria\/incendio-en-el-hotel-alem-bomberos-sofocan-el-fuego\/","url":"http:\/\/elregionalvm.com.ar\/noticias-villa-maria\/incendio-en-el-hotel-alem-bomberos-sofocan-el-fuego\/","name":"Explosi\u00f3n e incendio en el hotel Alem: 6 trasladados al Hospital Pasteur - El Regional","isPartOf":{"@id":"http:\/\/elregionalvm.com.ar\/noticias-villa-maria\/#website"},"primaryImageOfPage":{"@id":"http:\/\/elregionalvm.com.ar\/noticias-villa-maria\/incendio-en-el-hotel-alem-bomberos-sofocan-el-fuego\/#primaryimage"},"image":{"@id":"http:\/\/elregionalvm.com.ar\/noticias-villa-maria\/incendio-en-el-hotel-alem-bomberos-sofocan-el-fuego\/#primaryimage"},"thumbnailUrl":"https:\/\/i0.wp.com\/elregionalvm.com.ar\/noticias-villa-maria\/wp-content\/uploads\/2020\/09\/incendio-Hotel-Alem.jpg?fit=1200%2C675&ssl=1","datePublished":"2020-09-14T12:27:30+00:00","dateModified":"2020-09-15T01:08:27+00:00","author":{"@id":"http:\/\/elregionalvm.com.ar\/noticias-villa-maria\/#\/schema\/person\/a0fb9c422317faca23d50163151bc354"},"description":"Tras la explosi\u00f3n e incendio desatado hace instantes en el Hotel Alem, 6 personas fueron trasladadas al Hospital Pasteur.","breadcrumb":{"@id":"http:\/\/elregionalvm.com.ar\/noticias-villa-maria\/incendio-en-el-hotel-alem-bomberos-sofocan-el-fuego\/#breadcrumb"},"inLanguage":"es","potentialAction":[{"@type":"ReadAction","target":["http:\/\/elregionalvm.com.ar\/noticias-villa-maria\/incendio-en-el-hotel-alem-bomberos-sofocan-el-fuego\/"]}]},{"@type":"ImageObject","inLanguage":"es","@id":"http:\/\/elregionalvm.com.ar\/noticias-villa-maria\/incendio-en-el-hotel-alem-bomberos-sofocan-el-fuego\/#primaryimage","url":"https:\/\/i0.wp.com\/elregionalvm.com.ar\/noticias-villa-maria\/wp-content\/uploads\/2020\/09\/incendio-Hotel-Alem.jpg?fit=1200%2C675&ssl=1","contentUrl":"https:\/\/i0.wp.com\/elregionalvm.com.ar\/noticias-villa-maria\/wp-content\/uploads\/2020\/09\/incendio-Hotel-Alem.jpg?fit=1200%2C675&ssl=1","width":1200,"height":675},{"@type":"BreadcrumbList","@id":"http:\/\/elregionalvm.com.ar\/noticias-villa-maria\/incendio-en-el-hotel-alem-bomberos-sofocan-el-fuego\/#breadcrumb","itemListElement":[{"@type":"ListItem","position":1,"name":"Portada","item":"https:\/\/elregionalvm.com.ar\/noticias-villa-maria\/"},{"@type":"ListItem","position":2,"name":"Explosi\u00f3n e incendio en el hotel Alem: 6 trasladados al Hospital Pasteur"}]},{"@type":"WebSite","@id":"http:\/\/elregionalvm.com.ar\/noticias-villa-maria\/#website","url":"http:\/\/elregionalvm.com.ar\/noticias-villa-maria\/","name":"El Regional","description":"Mucho m\u00e1s que informaci\u00f3n","potentialAction":[{"@type":"SearchAction","target":{"@type":"EntryPoint","urlTemplate":"http:\/\/elregionalvm.com.ar\/noticias-villa-maria\/?s={search_term_string}"},"query-input":{"@type":"PropertyValueSpecification","valueRequired":true,"valueName":"search_term_string"}}],"inLanguage":"es"},{"@type":"Person","@id":"http:\/\/elregionalvm.com.ar\/noticias-villa-maria\/#\/schema\/person\/a0fb9c422317faca23d50163151bc354","name":"Contenidos El Regional","image":{"@type":"ImageObject","inLanguage":"es","@id":"http:\/\/elregionalvm.com.ar\/noticias-villa-maria\/#\/schema\/person\/image\/","url":"https:\/\/secure.gravatar.com\/avatar\/265b27cb2209af7bb3a1318f03305787d7981a5cc6e6cd08fe5a4ecdf99d4b48?s=96&d=mm&r=g","contentUrl":"https:\/\/secure.gravatar.com\/avatar\/265b27cb2209af7bb3a1318f03305787d7981a5cc6e6cd08fe5a4ecdf99d4b48?s=96&d=mm&r=g","caption":"Contenidos El Regional"},"url":"https:\/\/elregionalvm.com.ar\/noticias-villa-maria\/author\/contenido\/"}]}},"jetpack_featured_media_url":"https:\/\/i0.wp.com\/elregionalvm.com.ar\/noticias-villa-maria\/wp-content\/uploads\/2020\/09\/incendio-Hotel-Alem.jpg?fit=1200%2C675&ssl=1","jetpack_sharing_enabled":true,"_links":{"self":[{"href":"https:\/\/elregionalvm.com.ar\/noticias-villa-maria\/wp-json\/wp\/v2\/posts\/23829","targetHints":{"allow":["GET"]}}],"collection":[{"href":"https:\/\/elregionalvm.com.ar\/noticias-villa-maria\/wp-json\/wp\/v2\/posts"}],"about":[{"href":"https:\/\/elregionalvm.com.ar\/noticias-villa-maria\/wp-json\/wp\/v2\/types\/post"}],"author":[{"embeddable":true,"href":"https:\/\/elregionalvm.com.ar\/noticias-villa-maria\/wp-json\/wp\/v2\/users\/4"}],"replies":[{"embeddable":true,"href":"https:\/\/elregionalvm.com.ar\/noticias-villa-maria\/wp-json\/wp\/v2\/comments?post=23829"}],"version-history":[{"count":5,"href":"https:\/\/elregionalvm.com.ar\/noticias-villa-maria\/wp-json\/wp\/v2\/posts\/23829\/revisions"}],"predecessor-version":[{"id":23838,"href":"https:\/\/elregionalvm.com.ar\/noticias-villa-maria\/wp-json\/wp\/v2\/posts\/23829\/revisions\/23838"}],"wp:featuredmedia":[{"embeddable":true,"href":"https:\/\/elregionalvm.com.ar\/noticias-villa-maria\/wp-json\/wp\/v2\/media\/23830"}],"wp:attachment":[{"href":"https:\/\/elregionalvm.com.ar\/noticias-villa-maria\/wp-json\/wp\/v2\/media?parent=23829"}],"wp:term":[{"taxonomy":"category","embeddable":true,"href":"https:\/\/elregionalvm.com.ar\/noticias-villa-maria\/wp-json\/wp\/v2\/categories?post=23829"},{"taxonomy":"post_tag","embeddable":true,"href":"https:\/\/elregionalvm.com.ar\/noticias-villa-maria\/wp-json\/wp\/v2\/tags?post=23829"}],"curies":[{"name":"wp","href":"https:\/\/api.w.org\/{rel}","templated":true}]}}