{"id":23839,"date":"2020-09-14T17:24:35","date_gmt":"2020-09-14T17:24:35","guid":{"rendered":"https:\/\/elregionalvm.com.ar\/noticias-villa-maria\/?p=23839"},"modified":"2020-09-14T23:28:00","modified_gmt":"2020-09-14T23:28:00","slug":"taxistas-reunion-con-de-falco-por-la-crisis-del-sector","status":"publish","type":"post","link":"https:\/\/elregionalvm.com.ar\/noticias-villa-maria\/taxistas-reunion-con-de-falco-por-la-crisis-del-sector\/","title":{"rendered":"Taxistas: reuni\u00f3n con De Falco por la crisis del sector"},"content":{"rendered":"\n<p>El presidente del Concejo Deliberante, Carlos De Falco, mantuvo una reuni\u00f3n con dos representantes de Radio Taxis, Jos\u00e9 Pedano, el presidente, y una integrante de la comisi\u00f3n. <\/p>\n\n\n\n<p>En el encuentro se abordaron varios temas, entre estos, la preocupaci\u00f3n de los taxistas por la situaci\u00f3n que atraviesa el sector. Sobre todo, por la baja en la demanda del servicio y el aumento del GNC, uno de los insumos m\u00e1s importantes.<\/p>\n\n\n\n<p>\u00abEstuvimos hablando tambi\u00e9n de un proyecto de ordenanza que hemos presentado, respecto a algunos aspectos que tiendan a aliviar un poco la situaci\u00f3n. Por ejemplo, que no haya que cambiar el modelo que se encuentra vencido, por lo menos mientras dure la pandemia.  Y otros temas que hacen al quehacer diario de este servicio p\u00fablico\u00bb, expres\u00f3 Defalco.<\/p>\n\n\n\n<p>El edil indic\u00f3 que seguir\u00e1 el di\u00e1logo. \u00abTrabajamos permanentemente con los prestatarios, porque merecen toda la atenci\u00f3n del estado municipal\u00bb, sostuvo.<\/p>\n\n\n\n<p><\/p>\n\n\n\n<ul class=\"wp-block-list\"><li><strong>Mir\u00e1 el video:<\/strong><\/li><\/ul>\n\n\n\n<figure class=\"wp-block-video\"><video controls src=\"blob:https:\/\/elregionalvm.com.ar\/e873e1fe-d4e1-4158-9775-cb7547bebcfb\"><\/video><\/figure>\n\n\n\n<p><\/p>\n\n\n\n<p><\/p>\n","protected":false},"excerpt":{"rendered":"<p>El presidente del Concejo Deliberante, Carlos De Falco, mantuvo una reuni\u00f3n con dos representantes de Radio Taxis, Jos\u00e9 Pedano, el presidente, y una integrante de la comisi\u00f3n. En el encuentro se abordaron varios temas, entre estos, la preocupaci\u00f3n de los taxistas por la situaci\u00f3n que atraviesa el sector. Sobre todo, por la baja en la [&hellip;]<\/p>\n","protected":false},"author":4,"featured_media":23840,"comment_status":"open","ping_status":"open","sticky":false,"template":"","format":"standard","meta":{"site-sidebar-layout":"default","site-content-layout":"default","ast-site-content-layout":"default","site-content-style":"default","site-sidebar-style":"default","ast-global-header-display":"","ast-banner-title-visibility":"","ast-main-header-display":"","ast-hfb-above-header-display":"","ast-hfb-below-header-display":"","ast-hfb-mobile-header-display":"","site-post-title":"","ast-breadcrumbs-content":"","ast-featured-img":"","footer-sml-layout":"","ast-disable-related-posts":"","theme-transparent-header-meta":"default","adv-header-id-meta":"","stick-header-meta":"","header-above-stick-meta":"","header-main-stick-meta":"","header-below-stick-meta":"","astra-migrate-meta-layouts":"default","ast-page-background-enabled":"default","ast-page-background-meta":{"desktop":{"background-color":"","background-image":"","background-repeat":"repeat","background-position":"center center","background-size":"auto","background-attachment":"scroll","background-type":"","background-media":"","overlay-type":"","overlay-color":"","overlay-opacity":"","overlay-gradient":""},"tablet":{"background-color":"","background-image":"","background-repeat":"repeat","background-position":"center center","background-size":"auto","background-attachment":"scroll","background-type":"","background-media":"","overlay-type":"","overlay-color":"","overlay-opacity":"","overlay-gradient":""},"mobile":{"background-color":"","background-image":"","background-repeat":"repeat","background-position":"center center","background-size":"auto","background-attachment":"scroll","background-type":"","background-media":"","overlay-type":"","overlay-color":"","overlay-opacity":"","overlay-gradient":""}},"ast-content-background-meta":{"desktop":{"background-color":"var(--ast-global-color-5)","background-image":"","background-repeat":"repeat","background-position":"center center","background-size":"auto","background-attachment":"scroll","background-type":"","background-media":"","overlay-type":"","overlay-color":"","overlay-opacity":"","overlay-gradient":""},"tablet":{"background-color":"var(--ast-global-color-5)","background-image":"","background-repeat":"repeat","background-position":"center center","background-size":"auto","background-attachment":"scroll","background-type":"","background-media":"","overlay-type":"","overlay-color":"","overlay-opacity":"","overlay-gradient":""},"mobile":{"background-color":"var(--ast-global-color-5)","background-image":"","background-repeat":"repeat","background-position":"center center","background-size":"auto","background-attachment":"scroll","background-type":"","background-media":"","overlay-type":"","overlay-color":"","overlay-opacity":"","overlay-gradient":""}},"_jetpack_memberships_contains_paid_content":false,"_joinchat":[],"footnotes":""},"categories":[2],"tags":[3945,1597,814,1232,1998,3946,534],"class_list":["post-23839","post","type-post","status-publish","format-standard","has-post-thumbnail","hentry","category-villa-maria","tag-carlos-de-falco","tag-concejo-deliberante","tag-crisis","tag-destacado","tag-pandemia","tag-radio-taxis","tag-villa-maria"],"yoast_head":"<!-- This site is optimized with the Yoast SEO plugin v26.8 - https:\/\/yoast.com\/product\/yoast-seo-wordpress\/ -->\n<title>Taxistas: reuni\u00f3n con De Falco por la crisis del sector - El Regional<\/title>\n<meta name=\"description\" content=\"El presidente del Concejo Deliberante, Carlos De Falco, mantuvo una reuni\u00f3n con dos representantes de Radio Taxis, por la situaci\u00f3n del sector.\" \/>\n<meta name=\"robots\" content=\"index, follow, max-snippet:-1, max-image-preview:large, max-video-preview:-1\" \/>\n<link rel=\"canonical\" href=\"http:\/\/elregionalvm.com.ar\/noticias-villa-maria\/taxistas-reunion-con-de-falco-por-la-crisis-del-sector\/\" \/>\n<meta property=\"og:locale\" content=\"es_ES\" \/>\n<meta property=\"og:type\" content=\"article\" \/>\n<meta property=\"og:title\" content=\"Taxistas: reuni\u00f3n con De Falco por la crisis del sector - El Regional\" \/>\n<meta property=\"og:description\" content=\"El presidente del Concejo Deliberante, Carlos De Falco, mantuvo una reuni\u00f3n con dos representantes de Radio Taxis, por la situaci\u00f3n del sector.\" \/>\n<meta property=\"og:url\" content=\"http:\/\/elregionalvm.com.ar\/noticias-villa-maria\/taxistas-reunion-con-de-falco-por-la-crisis-del-sector\/\" \/>\n<meta property=\"og:site_name\" content=\"El Regional\" \/>\n<meta property=\"article:publisher\" content=\"https:\/\/www.facebook.com\/elregionalvm\" \/>\n<meta property=\"article:published_time\" content=\"2020-09-14T17:24:35+00:00\" \/>\n<meta property=\"article:modified_time\" content=\"2020-09-14T23:28:00+00:00\" \/>\n<meta property=\"og:image\" content=\"http:\/\/elregionalvm.com.ar\/noticias-villa-maria\/wp-content\/uploads\/2020\/09\/Defalco-permisionarios-Taxi-.jpeg\" \/>\n\t<meta property=\"og:image:width\" content=\"1280\" \/>\n\t<meta property=\"og:image:height\" content=\"960\" \/>\n\t<meta property=\"og:image:type\" content=\"image\/jpeg\" \/>\n<meta name=\"author\" content=\"Contenidos El Regional\" \/>\n<meta name=\"twitter:card\" content=\"summary_large_image\" \/>\n<meta name=\"twitter:creator\" content=\"@elregionalvm1\" \/>\n<meta name=\"twitter:site\" content=\"@elregionalvm1\" \/>\n<meta name=\"twitter:label1\" content=\"Escrito por\" \/>\n\t<meta name=\"twitter:data1\" content=\"Contenidos El Regional\" \/>\n\t<meta name=\"twitter:label2\" content=\"Tiempo de lectura\" \/>\n\t<meta name=\"twitter:data2\" content=\"1 minuto\" \/>\n<script type=\"application\/ld+json\" class=\"yoast-schema-graph\">{\"@context\":\"https:\/\/schema.org\",\"@graph\":[{\"@type\":\"Article\",\"@id\":\"http:\/\/elregionalvm.com.ar\/noticias-villa-maria\/taxistas-reunion-con-de-falco-por-la-crisis-del-sector\/#article\",\"isPartOf\":{\"@id\":\"http:\/\/elregionalvm.com.ar\/noticias-villa-maria\/taxistas-reunion-con-de-falco-por-la-crisis-del-sector\/\"},\"author\":{\"name\":\"Contenidos El Regional\",\"@id\":\"http:\/\/elregionalvm.com.ar\/noticias-villa-maria\/#\/schema\/person\/a0fb9c422317faca23d50163151bc354\"},\"headline\":\"Taxistas: reuni\u00f3n con De Falco por la crisis del sector\",\"datePublished\":\"2020-09-14T17:24:35+00:00\",\"dateModified\":\"2020-09-14T23:28:00+00:00\",\"mainEntityOfPage\":{\"@id\":\"http:\/\/elregionalvm.com.ar\/noticias-villa-maria\/taxistas-reunion-con-de-falco-por-la-crisis-del-sector\/\"},\"wordCount\":171,\"commentCount\":0,\"image\":{\"@id\":\"http:\/\/elregionalvm.com.ar\/noticias-villa-maria\/taxistas-reunion-con-de-falco-por-la-crisis-del-sector\/#primaryimage\"},\"thumbnailUrl\":\"https:\/\/i0.wp.com\/elregionalvm.com.ar\/noticias-villa-maria\/wp-content\/uploads\/2020\/09\/Defalco-permisionarios-Taxi-.jpeg?fit=1280%2C960&ssl=1\",\"keywords\":[\"Carlos De Falco\",\"Concejo Deliberante\",\"crisis\",\"destacado\",\"pandemia\",\"Radio Taxis\",\"villa maria\"],\"articleSection\":[\"Villa Mar\u00eda\"],\"inLanguage\":\"es\",\"potentialAction\":[{\"@type\":\"CommentAction\",\"name\":\"Comment\",\"target\":[\"http:\/\/elregionalvm.com.ar\/noticias-villa-maria\/taxistas-reunion-con-de-falco-por-la-crisis-del-sector\/#respond\"]}]},{\"@type\":\"WebPage\",\"@id\":\"http:\/\/elregionalvm.com.ar\/noticias-villa-maria\/taxistas-reunion-con-de-falco-por-la-crisis-del-sector\/\",\"url\":\"http:\/\/elregionalvm.com.ar\/noticias-villa-maria\/taxistas-reunion-con-de-falco-por-la-crisis-del-sector\/\",\"name\":\"Taxistas: reuni\u00f3n con De Falco por la crisis del sector - El Regional\",\"isPartOf\":{\"@id\":\"http:\/\/elregionalvm.com.ar\/noticias-villa-maria\/#website\"},\"primaryImageOfPage\":{\"@id\":\"http:\/\/elregionalvm.com.ar\/noticias-villa-maria\/taxistas-reunion-con-de-falco-por-la-crisis-del-sector\/#primaryimage\"},\"image\":{\"@id\":\"http:\/\/elregionalvm.com.ar\/noticias-villa-maria\/taxistas-reunion-con-de-falco-por-la-crisis-del-sector\/#primaryimage\"},\"thumbnailUrl\":\"https:\/\/i0.wp.com\/elregionalvm.com.ar\/noticias-villa-maria\/wp-content\/uploads\/2020\/09\/Defalco-permisionarios-Taxi-.jpeg?fit=1280%2C960&ssl=1\",\"datePublished\":\"2020-09-14T17:24:35+00:00\",\"dateModified\":\"2020-09-14T23:28:00+00:00\",\"author\":{\"@id\":\"http:\/\/elregionalvm.com.ar\/noticias-villa-maria\/#\/schema\/person\/a0fb9c422317faca23d50163151bc354\"},\"description\":\"El presidente del Concejo Deliberante, Carlos De Falco, mantuvo una reuni\u00f3n con dos representantes de Radio Taxis, por la situaci\u00f3n del sector.\",\"breadcrumb\":{\"@id\":\"http:\/\/elregionalvm.com.ar\/noticias-villa-maria\/taxistas-reunion-con-de-falco-por-la-crisis-del-sector\/#breadcrumb\"},\"inLanguage\":\"es\",\"potentialAction\":[{\"@type\":\"ReadAction\",\"target\":[\"http:\/\/elregionalvm.com.ar\/noticias-villa-maria\/taxistas-reunion-con-de-falco-por-la-crisis-del-sector\/\"]}]},{\"@type\":\"ImageObject\",\"inLanguage\":\"es\",\"@id\":\"http:\/\/elregionalvm.com.ar\/noticias-villa-maria\/taxistas-reunion-con-de-falco-por-la-crisis-del-sector\/#primaryimage\",\"url\":\"https:\/\/i0.wp.com\/elregionalvm.com.ar\/noticias-villa-maria\/wp-content\/uploads\/2020\/09\/Defalco-permisionarios-Taxi-.jpeg?fit=1280%2C960&ssl=1\",\"contentUrl\":\"https:\/\/i0.wp.com\/elregionalvm.com.ar\/noticias-villa-maria\/wp-content\/uploads\/2020\/09\/Defalco-permisionarios-Taxi-.jpeg?fit=1280%2C960&ssl=1\",\"width\":1280,\"height\":960},{\"@type\":\"BreadcrumbList\",\"@id\":\"http:\/\/elregionalvm.com.ar\/noticias-villa-maria\/taxistas-reunion-con-de-falco-por-la-crisis-del-sector\/#breadcrumb\",\"itemListElement\":[{\"@type\":\"ListItem\",\"position\":1,\"name\":\"Portada\",\"item\":\"https:\/\/elregionalvm.com.ar\/noticias-villa-maria\/\"},{\"@type\":\"ListItem\",\"position\":2,\"name\":\"Taxistas: reuni\u00f3n con De Falco por la crisis del sector\"}]},{\"@type\":\"WebSite\",\"@id\":\"http:\/\/elregionalvm.com.ar\/noticias-villa-maria\/#website\",\"url\":\"http:\/\/elregionalvm.com.ar\/noticias-villa-maria\/\",\"name\":\"El Regional\",\"description\":\"Mucho m\u00e1s que informaci\u00f3n\",\"potentialAction\":[{\"@type\":\"SearchAction\",\"target\":{\"@type\":\"EntryPoint\",\"urlTemplate\":\"http:\/\/elregionalvm.com.ar\/noticias-villa-maria\/?s={search_term_string}\"},\"query-input\":{\"@type\":\"PropertyValueSpecification\",\"valueRequired\":true,\"valueName\":\"search_term_string\"}}],\"inLanguage\":\"es\"},{\"@type\":\"Person\",\"@id\":\"http:\/\/elregionalvm.com.ar\/noticias-villa-maria\/#\/schema\/person\/a0fb9c422317faca23d50163151bc354\",\"name\":\"Contenidos El Regional\",\"image\":{\"@type\":\"ImageObject\",\"inLanguage\":\"es\",\"@id\":\"http:\/\/elregionalvm.com.ar\/noticias-villa-maria\/#\/schema\/person\/image\/\",\"url\":\"https:\/\/secure.gravatar.com\/avatar\/265b27cb2209af7bb3a1318f03305787d7981a5cc6e6cd08fe5a4ecdf99d4b48?s=96&d=mm&r=g\",\"contentUrl\":\"https:\/\/secure.gravatar.com\/avatar\/265b27cb2209af7bb3a1318f03305787d7981a5cc6e6cd08fe5a4ecdf99d4b48?s=96&d=mm&r=g\",\"caption\":\"Contenidos El Regional\"},\"url\":\"https:\/\/elregionalvm.com.ar\/noticias-villa-maria\/author\/contenido\/\"}]}<\/script>\n<!-- \/ Yoast SEO plugin. -->","yoast_head_json":{"title":"Taxistas: reuni\u00f3n con De Falco por la crisis del sector - El Regional","description":"El presidente del Concejo Deliberante, Carlos De Falco, mantuvo una reuni\u00f3n con dos representantes de Radio Taxis, por la situaci\u00f3n del sector.","robots":{"index":"index","follow":"follow","max-snippet":"max-snippet:-1","max-image-preview":"max-image-preview:large","max-video-preview":"max-video-preview:-1"},"canonical":"http:\/\/elregionalvm.com.ar\/noticias-villa-maria\/taxistas-reunion-con-de-falco-por-la-crisis-del-sector\/","og_locale":"es_ES","og_type":"article","og_title":"Taxistas: reuni\u00f3n con De Falco por la crisis del sector - El Regional","og_description":"El presidente del Concejo Deliberante, Carlos De Falco, mantuvo una reuni\u00f3n con dos representantes de Radio Taxis, por la situaci\u00f3n del sector.","og_url":"http:\/\/elregionalvm.com.ar\/noticias-villa-maria\/taxistas-reunion-con-de-falco-por-la-crisis-del-sector\/","og_site_name":"El Regional","article_publisher":"https:\/\/www.facebook.com\/elregionalvm","article_published_time":"2020-09-14T17:24:35+00:00","article_modified_time":"2020-09-14T23:28:00+00:00","og_image":[{"width":1280,"height":960,"url":"http:\/\/elregionalvm.com.ar\/noticias-villa-maria\/wp-content\/uploads\/2020\/09\/Defalco-permisionarios-Taxi-.jpeg","type":"image\/jpeg"}],"author":"Contenidos El Regional","twitter_card":"summary_large_image","twitter_creator":"@elregionalvm1","twitter_site":"@elregionalvm1","twitter_misc":{"Escrito por":"Contenidos El Regional","Tiempo de lectura":"1 minuto"},"schema":{"@context":"https:\/\/schema.org","@graph":[{"@type":"Article","@id":"http:\/\/elregionalvm.com.ar\/noticias-villa-maria\/taxistas-reunion-con-de-falco-por-la-crisis-del-sector\/#article","isPartOf":{"@id":"http:\/\/elregionalvm.com.ar\/noticias-villa-maria\/taxistas-reunion-con-de-falco-por-la-crisis-del-sector\/"},"author":{"name":"Contenidos El Regional","@id":"http:\/\/elregionalvm.com.ar\/noticias-villa-maria\/#\/schema\/person\/a0fb9c422317faca23d50163151bc354"},"headline":"Taxistas: reuni\u00f3n con De Falco por la crisis del sector","datePublished":"2020-09-14T17:24:35+00:00","dateModified":"2020-09-14T23:28:00+00:00","mainEntityOfPage":{"@id":"http:\/\/elregionalvm.com.ar\/noticias-villa-maria\/taxistas-reunion-con-de-falco-por-la-crisis-del-sector\/"},"wordCount":171,"commentCount":0,"image":{"@id":"http:\/\/elregionalvm.com.ar\/noticias-villa-maria\/taxistas-reunion-con-de-falco-por-la-crisis-del-sector\/#primaryimage"},"thumbnailUrl":"https:\/\/i0.wp.com\/elregionalvm.com.ar\/noticias-villa-maria\/wp-content\/uploads\/2020\/09\/Defalco-permisionarios-Taxi-.jpeg?fit=1280%2C960&ssl=1","keywords":["Carlos De Falco","Concejo Deliberante","crisis","destacado","pandemia","Radio Taxis","villa maria"],"articleSection":["Villa Mar\u00eda"],"inLanguage":"es","potentialAction":[{"@type":"CommentAction","name":"Comment","target":["http:\/\/elregionalvm.com.ar\/noticias-villa-maria\/taxistas-reunion-con-de-falco-por-la-crisis-del-sector\/#respond"]}]},{"@type":"WebPage","@id":"http:\/\/elregionalvm.com.ar\/noticias-villa-maria\/taxistas-reunion-con-de-falco-por-la-crisis-del-sector\/","url":"http:\/\/elregionalvm.com.ar\/noticias-villa-maria\/taxistas-reunion-con-de-falco-por-la-crisis-del-sector\/","name":"Taxistas: reuni\u00f3n con De Falco por la crisis del sector - El Regional","isPartOf":{"@id":"http:\/\/elregionalvm.com.ar\/noticias-villa-maria\/#website"},"primaryImageOfPage":{"@id":"http:\/\/elregionalvm.com.ar\/noticias-villa-maria\/taxistas-reunion-con-de-falco-por-la-crisis-del-sector\/#primaryimage"},"image":{"@id":"http:\/\/elregionalvm.com.ar\/noticias-villa-maria\/taxistas-reunion-con-de-falco-por-la-crisis-del-sector\/#primaryimage"},"thumbnailUrl":"https:\/\/i0.wp.com\/elregionalvm.com.ar\/noticias-villa-maria\/wp-content\/uploads\/2020\/09\/Defalco-permisionarios-Taxi-.jpeg?fit=1280%2C960&ssl=1","datePublished":"2020-09-14T17:24:35+00:00","dateModified":"2020-09-14T23:28:00+00:00","author":{"@id":"http:\/\/elregionalvm.com.ar\/noticias-villa-maria\/#\/schema\/person\/a0fb9c422317faca23d50163151bc354"},"description":"El presidente del Concejo Deliberante, Carlos De Falco, mantuvo una reuni\u00f3n con dos representantes de Radio Taxis, por la situaci\u00f3n del sector.","breadcrumb":{"@id":"http:\/\/elregionalvm.com.ar\/noticias-villa-maria\/taxistas-reunion-con-de-falco-por-la-crisis-del-sector\/#breadcrumb"},"inLanguage":"es","potentialAction":[{"@type":"ReadAction","target":["http:\/\/elregionalvm.com.ar\/noticias-villa-maria\/taxistas-reunion-con-de-falco-por-la-crisis-del-sector\/"]}]},{"@type":"ImageObject","inLanguage":"es","@id":"http:\/\/elregionalvm.com.ar\/noticias-villa-maria\/taxistas-reunion-con-de-falco-por-la-crisis-del-sector\/#primaryimage","url":"https:\/\/i0.wp.com\/elregionalvm.com.ar\/noticias-villa-maria\/wp-content\/uploads\/2020\/09\/Defalco-permisionarios-Taxi-.jpeg?fit=1280%2C960&ssl=1","contentUrl":"https:\/\/i0.wp.com\/elregionalvm.com.ar\/noticias-villa-maria\/wp-content\/uploads\/2020\/09\/Defalco-permisionarios-Taxi-.jpeg?fit=1280%2C960&ssl=1","width":1280,"height":960},{"@type":"BreadcrumbList","@id":"http:\/\/elregionalvm.com.ar\/noticias-villa-maria\/taxistas-reunion-con-de-falco-por-la-crisis-del-sector\/#breadcrumb","itemListElement":[{"@type":"ListItem","position":1,"name":"Portada","item":"https:\/\/elregionalvm.com.ar\/noticias-villa-maria\/"},{"@type":"ListItem","position":2,"name":"Taxistas: reuni\u00f3n con De Falco por la crisis del sector"}]},{"@type":"WebSite","@id":"http:\/\/elregionalvm.com.ar\/noticias-villa-maria\/#website","url":"http:\/\/elregionalvm.com.ar\/noticias-villa-maria\/","name":"El Regional","description":"Mucho m\u00e1s que informaci\u00f3n","potentialAction":[{"@type":"SearchAction","target":{"@type":"EntryPoint","urlTemplate":"http:\/\/elregionalvm.com.ar\/noticias-villa-maria\/?s={search_term_string}"},"query-input":{"@type":"PropertyValueSpecification","valueRequired":true,"valueName":"search_term_string"}}],"inLanguage":"es"},{"@type":"Person","@id":"http:\/\/elregionalvm.com.ar\/noticias-villa-maria\/#\/schema\/person\/a0fb9c422317faca23d50163151bc354","name":"Contenidos El Regional","image":{"@type":"ImageObject","inLanguage":"es","@id":"http:\/\/elregionalvm.com.ar\/noticias-villa-maria\/#\/schema\/person\/image\/","url":"https:\/\/secure.gravatar.com\/avatar\/265b27cb2209af7bb3a1318f03305787d7981a5cc6e6cd08fe5a4ecdf99d4b48?s=96&d=mm&r=g","contentUrl":"https:\/\/secure.gravatar.com\/avatar\/265b27cb2209af7bb3a1318f03305787d7981a5cc6e6cd08fe5a4ecdf99d4b48?s=96&d=mm&r=g","caption":"Contenidos El Regional"},"url":"https:\/\/elregionalvm.com.ar\/noticias-villa-maria\/author\/contenido\/"}]}},"jetpack_featured_media_url":"https:\/\/i0.wp.com\/elregionalvm.com.ar\/noticias-villa-maria\/wp-content\/uploads\/2020\/09\/Defalco-permisionarios-Taxi-.jpeg?fit=1280%2C960&ssl=1","jetpack_sharing_enabled":true,"_links":{"self":[{"href":"https:\/\/elregionalvm.com.ar\/noticias-villa-maria\/wp-json\/wp\/v2\/posts\/23839","targetHints":{"allow":["GET"]}}],"collection":[{"href":"https:\/\/elregionalvm.com.ar\/noticias-villa-maria\/wp-json\/wp\/v2\/posts"}],"about":[{"href":"https:\/\/elregionalvm.com.ar\/noticias-villa-maria\/wp-json\/wp\/v2\/types\/post"}],"author":[{"embeddable":true,"href":"https:\/\/elregionalvm.com.ar\/noticias-villa-maria\/wp-json\/wp\/v2\/users\/4"}],"replies":[{"embeddable":true,"href":"https:\/\/elregionalvm.com.ar\/noticias-villa-maria\/wp-json\/wp\/v2\/comments?post=23839"}],"version-history":[{"count":1,"href":"https:\/\/elregionalvm.com.ar\/noticias-villa-maria\/wp-json\/wp\/v2\/posts\/23839\/revisions"}],"predecessor-version":[{"id":23841,"href":"https:\/\/elregionalvm.com.ar\/noticias-villa-maria\/wp-json\/wp\/v2\/posts\/23839\/revisions\/23841"}],"wp:featuredmedia":[{"embeddable":true,"href":"https:\/\/elregionalvm.com.ar\/noticias-villa-maria\/wp-json\/wp\/v2\/media\/23840"}],"wp:attachment":[{"href":"https:\/\/elregionalvm.com.ar\/noticias-villa-maria\/wp-json\/wp\/v2\/media?parent=23839"}],"wp:term":[{"taxonomy":"category","embeddable":true,"href":"https:\/\/elregionalvm.com.ar\/noticias-villa-maria\/wp-json\/wp\/v2\/categories?post=23839"},{"taxonomy":"post_tag","embeddable":true,"href":"https:\/\/elregionalvm.com.ar\/noticias-villa-maria\/wp-json\/wp\/v2\/tags?post=23839"}],"curies":[{"name":"wp","href":"https:\/\/api.w.org\/{rel}","templated":true}]}}