{"id":23850,"date":"2020-09-14T22:10:44","date_gmt":"2020-09-14T22:10:44","guid":{"rendered":"https:\/\/elregionalvm.com.ar\/noticias-villa-maria\/?p=23850"},"modified":"2020-09-14T22:37:08","modified_gmt":"2020-09-14T22:37:08","slug":"mayor-control-sobre-pacientes-con-covid-19-y-sus-contactos-estrechos","status":"publish","type":"post","link":"https:\/\/elregionalvm.com.ar\/noticias-villa-maria\/mayor-control-sobre-pacientes-con-covid-19-y-sus-contactos-estrechos\/","title":{"rendered":"Mayor control sobre pacientes con Covid 19 y sus contactos estrechos"},"content":{"rendered":"\n<p>Tras un fin de semana que mostr\u00f3 que la ciudad est\u00e1 en un franco ascenso de casos de covid-19, esta ma\u00f1ana se llev\u00f3 adelante una reuni\u00f3n presidida por Pablo Rosso en la que participaron referentes del COE Regional y Local, del municipio, del Centro Estad\u00edstico Municipal y de los equipos territoriales de Salud e Inclusi\u00f3n Social.<\/p>\n\n\n\n<p>En el encuentro, realizado en el Parlamento de los Ni\u00f1os del Centro Cultural Leonardo Favio, donde funciona el COE Regional, se aceitaron mecanismos de coordinaci\u00f3n para el seguimiento de pacientes y contactos estrechos.<\/p>\n\n\n\n<p>En ese marco, Rosso hizo referencia al \u201ccambio de estrategia debido al ingreso a un escenario de evoluci\u00f3n ascendente permanente en la cantidad de casos\u201d. En este sentido, valor\u00f3 el \u201cgran esfuerzo que se viene haciendo desde los equipos de salud\u201d y apunt\u00f3 a \u201caprovechar ese esfuerzo de la mejor manera\u201d, haciendo de la informaci\u00f3n en l\u00ednea el eje de la coordinaci\u00f3n de tareas.<\/p>\n\n\n\n<p>Al respecto, cabe destacar que con la divisi\u00f3n de la ciudad en cinco grandes sectores, con referentes en lo sanitario y lo social desde las secretar\u00edas de Salud y de Inclusi\u00f3n Social y Territorio, el Centro Estad\u00edstico Municipal cobra un rol preponderante en la centralizaci\u00f3n de los datos derivados de la Mesa de Epidemiolog\u00eda del COE Local.<\/p>\n\n\n\n<p>Los sectores en los que se organiz\u00f3 el ejido villamariense son los siguientes:<\/p>\n\n\n\n<ul class=\"wp-block-list\"><li><strong>Zona 1:<\/strong> Barrios Almirante Brown, Belgrano, Las Acacias, Mariano Moreno, Parque Norte, La Calera, Ram\u00f3n Carrillo, Roque S\u00e1enz Pe\u00f1a y Vista Verde.<\/li><li><strong>Zona 2:<\/strong> Carlos Pellegrini, Ameghino, Botta, Nicol\u00e1s Avellaneda, San Nicol\u00e1s, Solares del Norte y Trinitarios.<\/li><li><strong>Zona 3:<\/strong> Bello Horizonte, Lamadrid, Los Olmos, Malvinas Argentinas, San Juan Bautista, Padre Mugica y San Mart\u00edn.<\/li><li><strong>Zona 4:<\/strong> Evita, Industrial, Las Playas, Villa Albertina, Rivadavia y San Justo.<\/li><li><strong>Zona 5:<\/strong> Barrancas del R\u00edo, Centro, General Paz, G\u00fcemes, Palermo, Santa Ana y Sarmiento.<\/li><\/ul>\n\n\n\n<p><strong>Un sistema con datos en l\u00ednea<\/strong><\/p>\n\n\n\n<p>El sistema, que se maneja online y que est\u00e1 disponible tanto para el COE como para cada equipo territorial, carga \u2013a trav\u00e9s del Centro Estad\u00edstico- los datos de cada paciente o contacto estrecho que debe permanecer aislado, mediante un sistema de georreferencia.<\/p>\n\n\n\n<p>Cada una de estas personas recibe en un correo electr\u00f3nico, desde el COE, un link para reportarse diariamente. En caso de no contar con correo electr\u00f3nico, se lo contacta de forma telef\u00f3nica todos los d\u00edas.<\/p>\n\n\n\n<p>Al reportarse el paciente o contacto estrecho, el sistema refleja inmediatamente los datos suministrados. Aquellos que no cumplen con el requisito diario, son contactados por los equipos territoriales. En caso de constatarse que no est\u00e1n cumpliendo debidamente el aislamiento, se informar\u00e1 a la fiscal\u00eda de turno.<\/p>\n\n\n\n<p>Es importante se\u00f1alar que los equipos territoriales tienen, fundamentalmente, una funci\u00f3n de acompa\u00f1amiento psicosocial de los pacientes, colaborando con ellos en el cumplimiento del aislamiento. Para esto, resulta fundamental el trabajo de los centros de Atenci\u00f3n Primaria de la Salud y los MuniCerca.<\/p>\n","protected":false},"excerpt":{"rendered":"<p>Tras un fin de semana que mostr\u00f3 que la ciudad est\u00e1 en un franco ascenso de casos de covid-19, esta ma\u00f1ana se llev\u00f3 adelante una reuni\u00f3n presidida por Pablo Rosso en la que participaron referentes del COE Regional y Local, del municipio, del Centro Estad\u00edstico Municipal y de los equipos territoriales de Salud e Inclusi\u00f3n [&hellip;]<\/p>\n","protected":false},"author":4,"featured_media":23851,"comment_status":"open","ping_status":"open","sticky":false,"template":"","format":"standard","meta":{"site-sidebar-layout":"default","site-content-layout":"default","ast-site-content-layout":"default","site-content-style":"default","site-sidebar-style":"default","ast-global-header-display":"","ast-banner-title-visibility":"","ast-main-header-display":"","ast-hfb-above-header-display":"","ast-hfb-below-header-display":"","ast-hfb-mobile-header-display":"","site-post-title":"","ast-breadcrumbs-content":"","ast-featured-img":"","footer-sml-layout":"","ast-disable-related-posts":"","theme-transparent-header-meta":"default","adv-header-id-meta":"","stick-header-meta":"","header-above-stick-meta":"","header-main-stick-meta":"","header-below-stick-meta":"","astra-migrate-meta-layouts":"default","ast-page-background-enabled":"default","ast-page-background-meta":{"desktop":{"background-color":"","background-image":"","background-repeat":"repeat","background-position":"center center","background-size":"auto","background-attachment":"scroll","background-type":"","background-media":"","overlay-type":"","overlay-color":"","overlay-opacity":"","overlay-gradient":""},"tablet":{"background-color":"","background-image":"","background-repeat":"repeat","background-position":"center center","background-size":"auto","background-attachment":"scroll","background-type":"","background-media":"","overlay-type":"","overlay-color":"","overlay-opacity":"","overlay-gradient":""},"mobile":{"background-color":"","background-image":"","background-repeat":"repeat","background-position":"center center","background-size":"auto","background-attachment":"scroll","background-type":"","background-media":"","overlay-type":"","overlay-color":"","overlay-opacity":"","overlay-gradient":""}},"ast-content-background-meta":{"desktop":{"background-color":"var(--ast-global-color-5)","background-image":"","background-repeat":"repeat","background-position":"center center","background-size":"auto","background-attachment":"scroll","background-type":"","background-media":"","overlay-type":"","overlay-color":"","overlay-opacity":"","overlay-gradient":""},"tablet":{"background-color":"var(--ast-global-color-5)","background-image":"","background-repeat":"repeat","background-position":"center center","background-size":"auto","background-attachment":"scroll","background-type":"","background-media":"","overlay-type":"","overlay-color":"","overlay-opacity":"","overlay-gradient":""},"mobile":{"background-color":"var(--ast-global-color-5)","background-image":"","background-repeat":"repeat","background-position":"center center","background-size":"auto","background-attachment":"scroll","background-type":"","background-media":"","overlay-type":"","overlay-color":"","overlay-opacity":"","overlay-gradient":""}},"_jetpack_memberships_contains_paid_content":false,"_joinchat":[],"footnotes":""},"categories":[2],"tags":[3120,2497,1232,3948,3949,3947],"class_list":["post-23850","post","type-post","status-publish","format-standard","has-post-thumbnail","hentry","category-villa-maria","tag-coe-regional","tag-contactos-estrechos","tag-destacado","tag-mayor-seguimiento","tag-municipio","tag-pacientes-covid"],"yoast_head":"<!-- This site is optimized with the Yoast SEO plugin v26.8 - https:\/\/yoast.com\/product\/yoast-seo-wordpress\/ -->\n<title>Mayor control sobre pacientes con Covid 19 y sus contactos estrechos - El Regional<\/title>\n<meta name=\"robots\" content=\"index, follow, max-snippet:-1, max-image-preview:large, max-video-preview:-1\" \/>\n<link rel=\"canonical\" href=\"http:\/\/elregionalvm.com.ar\/noticias-villa-maria\/mayor-control-sobre-pacientes-con-covid-19-y-sus-contactos-estrechos\/\" \/>\n<meta property=\"og:locale\" content=\"es_ES\" \/>\n<meta property=\"og:type\" content=\"article\" \/>\n<meta property=\"og:title\" content=\"Mayor control sobre pacientes con Covid 19 y sus contactos estrechos - El Regional\" \/>\n<meta property=\"og:description\" content=\"Tras un fin de semana que mostr\u00f3 que la ciudad est\u00e1 en un franco ascenso de casos de covid-19, esta ma\u00f1ana se llev\u00f3 adelante una reuni\u00f3n presidida por Pablo Rosso en la que participaron referentes del COE Regional y Local, del municipio, del Centro Estad\u00edstico Municipal y de los equipos territoriales de Salud e Inclusi\u00f3n [&hellip;]\" \/>\n<meta property=\"og:url\" content=\"http:\/\/elregionalvm.com.ar\/noticias-villa-maria\/mayor-control-sobre-pacientes-con-covid-19-y-sus-contactos-estrechos\/\" \/>\n<meta property=\"og:site_name\" content=\"El Regional\" \/>\n<meta property=\"article:publisher\" content=\"https:\/\/www.facebook.com\/elregionalvm\" \/>\n<meta property=\"article:published_time\" content=\"2020-09-14T22:10:44+00:00\" \/>\n<meta property=\"article:modified_time\" content=\"2020-09-14T22:37:08+00:00\" \/>\n<meta property=\"og:image\" content=\"http:\/\/elregionalvm.com.ar\/noticias-villa-maria\/wp-content\/uploads\/2020\/09\/WhatsApp-Image-2020-09-14-at-13.51.20.jpeg\" \/>\n\t<meta property=\"og:image:width\" content=\"1280\" \/>\n\t<meta property=\"og:image:height\" content=\"853\" \/>\n\t<meta property=\"og:image:type\" content=\"image\/jpeg\" \/>\n<meta name=\"author\" content=\"Contenidos El Regional\" \/>\n<meta name=\"twitter:card\" content=\"summary_large_image\" \/>\n<meta name=\"twitter:creator\" content=\"@elregionalvm1\" \/>\n<meta name=\"twitter:site\" content=\"@elregionalvm1\" \/>\n<meta name=\"twitter:label1\" content=\"Escrito por\" \/>\n\t<meta name=\"twitter:data1\" content=\"Contenidos El Regional\" \/>\n\t<meta name=\"twitter:label2\" content=\"Tiempo de lectura\" \/>\n\t<meta name=\"twitter:data2\" content=\"3 minutos\" \/>\n<script type=\"application\/ld+json\" class=\"yoast-schema-graph\">{\"@context\":\"https:\/\/schema.org\",\"@graph\":[{\"@type\":\"Article\",\"@id\":\"http:\/\/elregionalvm.com.ar\/noticias-villa-maria\/mayor-control-sobre-pacientes-con-covid-19-y-sus-contactos-estrechos\/#article\",\"isPartOf\":{\"@id\":\"http:\/\/elregionalvm.com.ar\/noticias-villa-maria\/mayor-control-sobre-pacientes-con-covid-19-y-sus-contactos-estrechos\/\"},\"author\":{\"name\":\"Contenidos El Regional\",\"@id\":\"http:\/\/elregionalvm.com.ar\/noticias-villa-maria\/#\/schema\/person\/a0fb9c422317faca23d50163151bc354\"},\"headline\":\"Mayor control sobre pacientes con Covid 19 y sus contactos estrechos\",\"datePublished\":\"2020-09-14T22:10:44+00:00\",\"dateModified\":\"2020-09-14T22:37:08+00:00\",\"mainEntityOfPage\":{\"@id\":\"http:\/\/elregionalvm.com.ar\/noticias-villa-maria\/mayor-control-sobre-pacientes-con-covid-19-y-sus-contactos-estrechos\/\"},\"wordCount\":517,\"commentCount\":0,\"image\":{\"@id\":\"http:\/\/elregionalvm.com.ar\/noticias-villa-maria\/mayor-control-sobre-pacientes-con-covid-19-y-sus-contactos-estrechos\/#primaryimage\"},\"thumbnailUrl\":\"https:\/\/i0.wp.com\/elregionalvm.com.ar\/noticias-villa-maria\/wp-content\/uploads\/2020\/09\/WhatsApp-Image-2020-09-14-at-13.51.20.jpeg?fit=1280%2C853&ssl=1\",\"keywords\":[\"COE Regional\",\"contactos estrechos\",\"destacado\",\"mayor seguimiento\",\"Municipio\",\"pacientes Covid\"],\"articleSection\":[\"Villa Mar\u00eda\"],\"inLanguage\":\"es\",\"potentialAction\":[{\"@type\":\"CommentAction\",\"name\":\"Comment\",\"target\":[\"http:\/\/elregionalvm.com.ar\/noticias-villa-maria\/mayor-control-sobre-pacientes-con-covid-19-y-sus-contactos-estrechos\/#respond\"]}]},{\"@type\":\"WebPage\",\"@id\":\"http:\/\/elregionalvm.com.ar\/noticias-villa-maria\/mayor-control-sobre-pacientes-con-covid-19-y-sus-contactos-estrechos\/\",\"url\":\"http:\/\/elregionalvm.com.ar\/noticias-villa-maria\/mayor-control-sobre-pacientes-con-covid-19-y-sus-contactos-estrechos\/\",\"name\":\"Mayor control sobre pacientes con Covid 19 y sus contactos estrechos - El Regional\",\"isPartOf\":{\"@id\":\"http:\/\/elregionalvm.com.ar\/noticias-villa-maria\/#website\"},\"primaryImageOfPage\":{\"@id\":\"http:\/\/elregionalvm.com.ar\/noticias-villa-maria\/mayor-control-sobre-pacientes-con-covid-19-y-sus-contactos-estrechos\/#primaryimage\"},\"image\":{\"@id\":\"http:\/\/elregionalvm.com.ar\/noticias-villa-maria\/mayor-control-sobre-pacientes-con-covid-19-y-sus-contactos-estrechos\/#primaryimage\"},\"thumbnailUrl\":\"https:\/\/i0.wp.com\/elregionalvm.com.ar\/noticias-villa-maria\/wp-content\/uploads\/2020\/09\/WhatsApp-Image-2020-09-14-at-13.51.20.jpeg?fit=1280%2C853&ssl=1\",\"datePublished\":\"2020-09-14T22:10:44+00:00\",\"dateModified\":\"2020-09-14T22:37:08+00:00\",\"author\":{\"@id\":\"http:\/\/elregionalvm.com.ar\/noticias-villa-maria\/#\/schema\/person\/a0fb9c422317faca23d50163151bc354\"},\"breadcrumb\":{\"@id\":\"http:\/\/elregionalvm.com.ar\/noticias-villa-maria\/mayor-control-sobre-pacientes-con-covid-19-y-sus-contactos-estrechos\/#breadcrumb\"},\"inLanguage\":\"es\",\"potentialAction\":[{\"@type\":\"ReadAction\",\"target\":[\"http:\/\/elregionalvm.com.ar\/noticias-villa-maria\/mayor-control-sobre-pacientes-con-covid-19-y-sus-contactos-estrechos\/\"]}]},{\"@type\":\"ImageObject\",\"inLanguage\":\"es\",\"@id\":\"http:\/\/elregionalvm.com.ar\/noticias-villa-maria\/mayor-control-sobre-pacientes-con-covid-19-y-sus-contactos-estrechos\/#primaryimage\",\"url\":\"https:\/\/i0.wp.com\/elregionalvm.com.ar\/noticias-villa-maria\/wp-content\/uploads\/2020\/09\/WhatsApp-Image-2020-09-14-at-13.51.20.jpeg?fit=1280%2C853&ssl=1\",\"contentUrl\":\"https:\/\/i0.wp.com\/elregionalvm.com.ar\/noticias-villa-maria\/wp-content\/uploads\/2020\/09\/WhatsApp-Image-2020-09-14-at-13.51.20.jpeg?fit=1280%2C853&ssl=1\",\"width\":1280,\"height\":853},{\"@type\":\"BreadcrumbList\",\"@id\":\"http:\/\/elregionalvm.com.ar\/noticias-villa-maria\/mayor-control-sobre-pacientes-con-covid-19-y-sus-contactos-estrechos\/#breadcrumb\",\"itemListElement\":[{\"@type\":\"ListItem\",\"position\":1,\"name\":\"Portada\",\"item\":\"https:\/\/elregionalvm.com.ar\/noticias-villa-maria\/\"},{\"@type\":\"ListItem\",\"position\":2,\"name\":\"Mayor control sobre pacientes con Covid 19 y sus contactos estrechos\"}]},{\"@type\":\"WebSite\",\"@id\":\"http:\/\/elregionalvm.com.ar\/noticias-villa-maria\/#website\",\"url\":\"http:\/\/elregionalvm.com.ar\/noticias-villa-maria\/\",\"name\":\"El Regional\",\"description\":\"Mucho m\u00e1s que informaci\u00f3n\",\"potentialAction\":[{\"@type\":\"SearchAction\",\"target\":{\"@type\":\"EntryPoint\",\"urlTemplate\":\"http:\/\/elregionalvm.com.ar\/noticias-villa-maria\/?s={search_term_string}\"},\"query-input\":{\"@type\":\"PropertyValueSpecification\",\"valueRequired\":true,\"valueName\":\"search_term_string\"}}],\"inLanguage\":\"es\"},{\"@type\":\"Person\",\"@id\":\"http:\/\/elregionalvm.com.ar\/noticias-villa-maria\/#\/schema\/person\/a0fb9c422317faca23d50163151bc354\",\"name\":\"Contenidos El Regional\",\"image\":{\"@type\":\"ImageObject\",\"inLanguage\":\"es\",\"@id\":\"http:\/\/elregionalvm.com.ar\/noticias-villa-maria\/#\/schema\/person\/image\/\",\"url\":\"https:\/\/secure.gravatar.com\/avatar\/265b27cb2209af7bb3a1318f03305787d7981a5cc6e6cd08fe5a4ecdf99d4b48?s=96&d=mm&r=g\",\"contentUrl\":\"https:\/\/secure.gravatar.com\/avatar\/265b27cb2209af7bb3a1318f03305787d7981a5cc6e6cd08fe5a4ecdf99d4b48?s=96&d=mm&r=g\",\"caption\":\"Contenidos El Regional\"},\"url\":\"https:\/\/elregionalvm.com.ar\/noticias-villa-maria\/author\/contenido\/\"}]}<\/script>\n<!-- \/ Yoast SEO plugin. -->","yoast_head_json":{"title":"Mayor control sobre pacientes con Covid 19 y sus contactos estrechos - El Regional","robots":{"index":"index","follow":"follow","max-snippet":"max-snippet:-1","max-image-preview":"max-image-preview:large","max-video-preview":"max-video-preview:-1"},"canonical":"http:\/\/elregionalvm.com.ar\/noticias-villa-maria\/mayor-control-sobre-pacientes-con-covid-19-y-sus-contactos-estrechos\/","og_locale":"es_ES","og_type":"article","og_title":"Mayor control sobre pacientes con Covid 19 y sus contactos estrechos - El Regional","og_description":"Tras un fin de semana que mostr\u00f3 que la ciudad est\u00e1 en un franco ascenso de casos de covid-19, esta ma\u00f1ana se llev\u00f3 adelante una reuni\u00f3n presidida por Pablo Rosso en la que participaron referentes del COE Regional y Local, del municipio, del Centro Estad\u00edstico Municipal y de los equipos territoriales de Salud e Inclusi\u00f3n [&hellip;]","og_url":"http:\/\/elregionalvm.com.ar\/noticias-villa-maria\/mayor-control-sobre-pacientes-con-covid-19-y-sus-contactos-estrechos\/","og_site_name":"El Regional","article_publisher":"https:\/\/www.facebook.com\/elregionalvm","article_published_time":"2020-09-14T22:10:44+00:00","article_modified_time":"2020-09-14T22:37:08+00:00","og_image":[{"width":1280,"height":853,"url":"http:\/\/elregionalvm.com.ar\/noticias-villa-maria\/wp-content\/uploads\/2020\/09\/WhatsApp-Image-2020-09-14-at-13.51.20.jpeg","type":"image\/jpeg"}],"author":"Contenidos El Regional","twitter_card":"summary_large_image","twitter_creator":"@elregionalvm1","twitter_site":"@elregionalvm1","twitter_misc":{"Escrito por":"Contenidos El Regional","Tiempo de lectura":"3 minutos"},"schema":{"@context":"https:\/\/schema.org","@graph":[{"@type":"Article","@id":"http:\/\/elregionalvm.com.ar\/noticias-villa-maria\/mayor-control-sobre-pacientes-con-covid-19-y-sus-contactos-estrechos\/#article","isPartOf":{"@id":"http:\/\/elregionalvm.com.ar\/noticias-villa-maria\/mayor-control-sobre-pacientes-con-covid-19-y-sus-contactos-estrechos\/"},"author":{"name":"Contenidos El Regional","@id":"http:\/\/elregionalvm.com.ar\/noticias-villa-maria\/#\/schema\/person\/a0fb9c422317faca23d50163151bc354"},"headline":"Mayor control sobre pacientes con Covid 19 y sus contactos estrechos","datePublished":"2020-09-14T22:10:44+00:00","dateModified":"2020-09-14T22:37:08+00:00","mainEntityOfPage":{"@id":"http:\/\/elregionalvm.com.ar\/noticias-villa-maria\/mayor-control-sobre-pacientes-con-covid-19-y-sus-contactos-estrechos\/"},"wordCount":517,"commentCount":0,"image":{"@id":"http:\/\/elregionalvm.com.ar\/noticias-villa-maria\/mayor-control-sobre-pacientes-con-covid-19-y-sus-contactos-estrechos\/#primaryimage"},"thumbnailUrl":"https:\/\/i0.wp.com\/elregionalvm.com.ar\/noticias-villa-maria\/wp-content\/uploads\/2020\/09\/WhatsApp-Image-2020-09-14-at-13.51.20.jpeg?fit=1280%2C853&ssl=1","keywords":["COE Regional","contactos estrechos","destacado","mayor seguimiento","Municipio","pacientes Covid"],"articleSection":["Villa Mar\u00eda"],"inLanguage":"es","potentialAction":[{"@type":"CommentAction","name":"Comment","target":["http:\/\/elregionalvm.com.ar\/noticias-villa-maria\/mayor-control-sobre-pacientes-con-covid-19-y-sus-contactos-estrechos\/#respond"]}]},{"@type":"WebPage","@id":"http:\/\/elregionalvm.com.ar\/noticias-villa-maria\/mayor-control-sobre-pacientes-con-covid-19-y-sus-contactos-estrechos\/","url":"http:\/\/elregionalvm.com.ar\/noticias-villa-maria\/mayor-control-sobre-pacientes-con-covid-19-y-sus-contactos-estrechos\/","name":"Mayor control sobre pacientes con Covid 19 y sus contactos estrechos - El Regional","isPartOf":{"@id":"http:\/\/elregionalvm.com.ar\/noticias-villa-maria\/#website"},"primaryImageOfPage":{"@id":"http:\/\/elregionalvm.com.ar\/noticias-villa-maria\/mayor-control-sobre-pacientes-con-covid-19-y-sus-contactos-estrechos\/#primaryimage"},"image":{"@id":"http:\/\/elregionalvm.com.ar\/noticias-villa-maria\/mayor-control-sobre-pacientes-con-covid-19-y-sus-contactos-estrechos\/#primaryimage"},"thumbnailUrl":"https:\/\/i0.wp.com\/elregionalvm.com.ar\/noticias-villa-maria\/wp-content\/uploads\/2020\/09\/WhatsApp-Image-2020-09-14-at-13.51.20.jpeg?fit=1280%2C853&ssl=1","datePublished":"2020-09-14T22:10:44+00:00","dateModified":"2020-09-14T22:37:08+00:00","author":{"@id":"http:\/\/elregionalvm.com.ar\/noticias-villa-maria\/#\/schema\/person\/a0fb9c422317faca23d50163151bc354"},"breadcrumb":{"@id":"http:\/\/elregionalvm.com.ar\/noticias-villa-maria\/mayor-control-sobre-pacientes-con-covid-19-y-sus-contactos-estrechos\/#breadcrumb"},"inLanguage":"es","potentialAction":[{"@type":"ReadAction","target":["http:\/\/elregionalvm.com.ar\/noticias-villa-maria\/mayor-control-sobre-pacientes-con-covid-19-y-sus-contactos-estrechos\/"]}]},{"@type":"ImageObject","inLanguage":"es","@id":"http:\/\/elregionalvm.com.ar\/noticias-villa-maria\/mayor-control-sobre-pacientes-con-covid-19-y-sus-contactos-estrechos\/#primaryimage","url":"https:\/\/i0.wp.com\/elregionalvm.com.ar\/noticias-villa-maria\/wp-content\/uploads\/2020\/09\/WhatsApp-Image-2020-09-14-at-13.51.20.jpeg?fit=1280%2C853&ssl=1","contentUrl":"https:\/\/i0.wp.com\/elregionalvm.com.ar\/noticias-villa-maria\/wp-content\/uploads\/2020\/09\/WhatsApp-Image-2020-09-14-at-13.51.20.jpeg?fit=1280%2C853&ssl=1","width":1280,"height":853},{"@type":"BreadcrumbList","@id":"http:\/\/elregionalvm.com.ar\/noticias-villa-maria\/mayor-control-sobre-pacientes-con-covid-19-y-sus-contactos-estrechos\/#breadcrumb","itemListElement":[{"@type":"ListItem","position":1,"name":"Portada","item":"https:\/\/elregionalvm.com.ar\/noticias-villa-maria\/"},{"@type":"ListItem","position":2,"name":"Mayor control sobre pacientes con Covid 19 y sus contactos estrechos"}]},{"@type":"WebSite","@id":"http:\/\/elregionalvm.com.ar\/noticias-villa-maria\/#website","url":"http:\/\/elregionalvm.com.ar\/noticias-villa-maria\/","name":"El Regional","description":"Mucho m\u00e1s que informaci\u00f3n","potentialAction":[{"@type":"SearchAction","target":{"@type":"EntryPoint","urlTemplate":"http:\/\/elregionalvm.com.ar\/noticias-villa-maria\/?s={search_term_string}"},"query-input":{"@type":"PropertyValueSpecification","valueRequired":true,"valueName":"search_term_string"}}],"inLanguage":"es"},{"@type":"Person","@id":"http:\/\/elregionalvm.com.ar\/noticias-villa-maria\/#\/schema\/person\/a0fb9c422317faca23d50163151bc354","name":"Contenidos El Regional","image":{"@type":"ImageObject","inLanguage":"es","@id":"http:\/\/elregionalvm.com.ar\/noticias-villa-maria\/#\/schema\/person\/image\/","url":"https:\/\/secure.gravatar.com\/avatar\/265b27cb2209af7bb3a1318f03305787d7981a5cc6e6cd08fe5a4ecdf99d4b48?s=96&d=mm&r=g","contentUrl":"https:\/\/secure.gravatar.com\/avatar\/265b27cb2209af7bb3a1318f03305787d7981a5cc6e6cd08fe5a4ecdf99d4b48?s=96&d=mm&r=g","caption":"Contenidos El Regional"},"url":"https:\/\/elregionalvm.com.ar\/noticias-villa-maria\/author\/contenido\/"}]}},"jetpack_featured_media_url":"https:\/\/i0.wp.com\/elregionalvm.com.ar\/noticias-villa-maria\/wp-content\/uploads\/2020\/09\/WhatsApp-Image-2020-09-14-at-13.51.20.jpeg?fit=1280%2C853&ssl=1","jetpack_sharing_enabled":true,"_links":{"self":[{"href":"https:\/\/elregionalvm.com.ar\/noticias-villa-maria\/wp-json\/wp\/v2\/posts\/23850","targetHints":{"allow":["GET"]}}],"collection":[{"href":"https:\/\/elregionalvm.com.ar\/noticias-villa-maria\/wp-json\/wp\/v2\/posts"}],"about":[{"href":"https:\/\/elregionalvm.com.ar\/noticias-villa-maria\/wp-json\/wp\/v2\/types\/post"}],"author":[{"embeddable":true,"href":"https:\/\/elregionalvm.com.ar\/noticias-villa-maria\/wp-json\/wp\/v2\/users\/4"}],"replies":[{"embeddable":true,"href":"https:\/\/elregionalvm.com.ar\/noticias-villa-maria\/wp-json\/wp\/v2\/comments?post=23850"}],"version-history":[{"count":1,"href":"https:\/\/elregionalvm.com.ar\/noticias-villa-maria\/wp-json\/wp\/v2\/posts\/23850\/revisions"}],"predecessor-version":[{"id":23852,"href":"https:\/\/elregionalvm.com.ar\/noticias-villa-maria\/wp-json\/wp\/v2\/posts\/23850\/revisions\/23852"}],"wp:featuredmedia":[{"embeddable":true,"href":"https:\/\/elregionalvm.com.ar\/noticias-villa-maria\/wp-json\/wp\/v2\/media\/23851"}],"wp:attachment":[{"href":"https:\/\/elregionalvm.com.ar\/noticias-villa-maria\/wp-json\/wp\/v2\/media?parent=23850"}],"wp:term":[{"taxonomy":"category","embeddable":true,"href":"https:\/\/elregionalvm.com.ar\/noticias-villa-maria\/wp-json\/wp\/v2\/categories?post=23850"},{"taxonomy":"post_tag","embeddable":true,"href":"https:\/\/elregionalvm.com.ar\/noticias-villa-maria\/wp-json\/wp\/v2\/tags?post=23850"}],"curies":[{"name":"wp","href":"https:\/\/api.w.org\/{rel}","templated":true}]}}