{"id":23859,"date":"2020-09-14T22:34:01","date_gmt":"2020-09-14T22:34:01","guid":{"rendered":"https:\/\/elregionalvm.com.ar\/noticias-villa-maria\/?p=23859"},"modified":"2020-09-14T22:40:18","modified_gmt":"2020-09-14T22:40:18","slug":"con-un-audiovisual-recordaran-a-desaparecidos-villamarienses","status":"publish","type":"post","link":"https:\/\/elregionalvm.com.ar\/noticias-villa-maria\/con-un-audiovisual-recordaran-a-desaparecidos-villamarienses\/","title":{"rendered":"Con un audiovisual recordar\u00e1n a desaparecidos villamarienses"},"content":{"rendered":"\n<p>En v\u00edsperas del D\u00eda Nacional de las Juventudes, establecido el 16 de junio en memoria de los estudiantes secundarios secuestrados por las fuerzas militares en la denominada \u201cNoche de los L\u00e1pices\u201d, la Direcci\u00f3n de Ni\u00f1eces, Adolescencias y Juventudes, perteneciente a la Secretar\u00eda de Inclusi\u00f3n Social y Territorio, realiz\u00f3 junto a j\u00f3venes de la ciudad una intervenci\u00f3n p\u00fablica para recordar a los desaparecidos villamarienses.<\/p>\n\n\n\n<p>La cita fue pasada las 13:00 horas, en inmediaciones del puente Juan Domingo Per\u00f3n. All\u00ed, miembros del Concejo Deliberante Estudiantil, la Federaci\u00f3n de Estudiantes Secundarios de Villa Mar\u00eda y j\u00f3venes del Centro Municipal Nuevas Oportunidades, recorrieron el paseo de la Memoria ubicado en inmediaciones de ese sector costero y que culmina en el Reloj de Sol.<\/p>\n\n\n\n<p>Lo hicieron acompa\u00f1ados de pancartas y carteles con el rostro de los villamarienses desaparecidos en dictadura y tambi\u00e9n con consignas alusivas que invitan a la reflexi\u00f3n. As\u00ed, pasaron por las postas del paseo en donde se recuerda a cada uno de estos vecinos y vecinas.<\/p>\n\n\n\n<p>El objetivo de esta intervenci\u00f3n p\u00fablica est\u00e1 en la producci\u00f3n de un contenido audiovisual que ser\u00e1 difundido el pr\u00f3ximo 16 de septiembre por las redes oficiales del municipio a fines de conmemorar, difundir y reflexionar sobre esta fecha en donde el llamado a hacer memoria es de suma importancia.<\/p>\n\n\n\n<p>La iniciativa surgi\u00f3 del trabajo conjunto entre el \u00e1rea de juventudes del municipio con j\u00f3venes de la ciudad, en donde plantearon y diagramaron diferentes propuestas que se llevan a cabo durante el mes de la Juventudes a trav\u00e9s de las redes sociales de la @semana_dela_juventud y el Espacio INCAA.<\/p>\n","protected":false},"excerpt":{"rendered":"<p>En v\u00edsperas del D\u00eda Nacional de las Juventudes, establecido el 16 de junio en memoria de los estudiantes secundarios secuestrados por las fuerzas militares en la denominada \u201cNoche de los L\u00e1pices\u201d, la Direcci\u00f3n de Ni\u00f1eces, Adolescencias y Juventudes, perteneciente a la Secretar\u00eda de Inclusi\u00f3n Social y Territorio, realiz\u00f3 junto a j\u00f3venes de la ciudad una [&hellip;]<\/p>\n","protected":false},"author":4,"featured_media":23860,"comment_status":"open","ping_status":"open","sticky":false,"template":"","format":"standard","meta":{"site-sidebar-layout":"default","site-content-layout":"default","ast-site-content-layout":"default","site-content-style":"default","site-sidebar-style":"default","ast-global-header-display":"","ast-banner-title-visibility":"","ast-main-header-display":"","ast-hfb-above-header-display":"","ast-hfb-below-header-display":"","ast-hfb-mobile-header-display":"","site-post-title":"","ast-breadcrumbs-content":"","ast-featured-img":"","footer-sml-layout":"","ast-disable-related-posts":"","theme-transparent-header-meta":"default","adv-header-id-meta":"","stick-header-meta":"","header-above-stick-meta":"","header-main-stick-meta":"","header-below-stick-meta":"","astra-migrate-meta-layouts":"default","ast-page-background-enabled":"default","ast-page-background-meta":{"desktop":{"background-color":"","background-image":"","background-repeat":"repeat","background-position":"center center","background-size":"auto","background-attachment":"scroll","background-type":"","background-media":"","overlay-type":"","overlay-color":"","overlay-opacity":"","overlay-gradient":""},"tablet":{"background-color":"","background-image":"","background-repeat":"repeat","background-position":"center center","background-size":"auto","background-attachment":"scroll","background-type":"","background-media":"","overlay-type":"","overlay-color":"","overlay-opacity":"","overlay-gradient":""},"mobile":{"background-color":"","background-image":"","background-repeat":"repeat","background-position":"center center","background-size":"auto","background-attachment":"scroll","background-type":"","background-media":"","overlay-type":"","overlay-color":"","overlay-opacity":"","overlay-gradient":""}},"ast-content-background-meta":{"desktop":{"background-color":"var(--ast-global-color-5)","background-image":"","background-repeat":"repeat","background-position":"center center","background-size":"auto","background-attachment":"scroll","background-type":"","background-media":"","overlay-type":"","overlay-color":"","overlay-opacity":"","overlay-gradient":""},"tablet":{"background-color":"var(--ast-global-color-5)","background-image":"","background-repeat":"repeat","background-position":"center center","background-size":"auto","background-attachment":"scroll","background-type":"","background-media":"","overlay-type":"","overlay-color":"","overlay-opacity":"","overlay-gradient":""},"mobile":{"background-color":"var(--ast-global-color-5)","background-image":"","background-repeat":"repeat","background-position":"center center","background-size":"auto","background-attachment":"scroll","background-type":"","background-media":"","overlay-type":"","overlay-color":"","overlay-opacity":"","overlay-gradient":""}},"_jetpack_memberships_contains_paid_content":false,"_joinchat":[],"footnotes":""},"categories":[2],"tags":[3952,3951,1232,3954,3953,1799,1800],"class_list":["post-23859","post","type-post","status-publish","format-standard","has-post-thumbnail","hentry","category-villa-maria","tag-audiovisual","tag-desaparecidos-villamarienses","tag-destacado","tag-dia-nacional-de-las-juventudes","tag-estudiantes-secundarios","tag-memoria","tag-recuerdo"],"yoast_head":"<!-- This site is optimized with the Yoast SEO plugin v26.8 - https:\/\/yoast.com\/product\/yoast-seo-wordpress\/ -->\n<title>Con un audiovisual recordar\u00e1n a desaparecidos villamarienses - El Regional<\/title>\n<meta name=\"robots\" content=\"index, follow, max-snippet:-1, max-image-preview:large, max-video-preview:-1\" \/>\n<link rel=\"canonical\" href=\"http:\/\/elregionalvm.com.ar\/noticias-villa-maria\/con-un-audiovisual-recordaran-a-desaparecidos-villamarienses\/\" \/>\n<meta property=\"og:locale\" content=\"es_ES\" \/>\n<meta property=\"og:type\" content=\"article\" \/>\n<meta property=\"og:title\" content=\"Con un audiovisual recordar\u00e1n a desaparecidos villamarienses - El Regional\" \/>\n<meta property=\"og:description\" content=\"En v\u00edsperas del D\u00eda Nacional de las Juventudes, establecido el 16 de junio en memoria de los estudiantes secundarios secuestrados por las fuerzas militares en la denominada \u201cNoche de los L\u00e1pices\u201d, la Direcci\u00f3n de Ni\u00f1eces, Adolescencias y Juventudes, perteneciente a la Secretar\u00eda de Inclusi\u00f3n Social y Territorio, realiz\u00f3 junto a j\u00f3venes de la ciudad una [&hellip;]\" \/>\n<meta property=\"og:url\" content=\"http:\/\/elregionalvm.com.ar\/noticias-villa-maria\/con-un-audiovisual-recordaran-a-desaparecidos-villamarienses\/\" \/>\n<meta property=\"og:site_name\" content=\"El Regional\" \/>\n<meta property=\"article:publisher\" content=\"https:\/\/www.facebook.com\/elregionalvm\" \/>\n<meta property=\"article:published_time\" content=\"2020-09-14T22:34:01+00:00\" \/>\n<meta property=\"article:modified_time\" content=\"2020-09-14T22:40:18+00:00\" \/>\n<meta property=\"og:image\" content=\"http:\/\/elregionalvm.com.ar\/noticias-villa-maria\/wp-content\/uploads\/2020\/09\/WhatsApp-Image-2020-09-14-at-14.15.49.jpeg\" \/>\n\t<meta property=\"og:image:width\" content=\"1280\" \/>\n\t<meta property=\"og:image:height\" content=\"853\" \/>\n\t<meta property=\"og:image:type\" content=\"image\/jpeg\" \/>\n<meta name=\"author\" content=\"Contenidos El Regional\" \/>\n<meta name=\"twitter:card\" content=\"summary_large_image\" \/>\n<meta name=\"twitter:creator\" content=\"@elregionalvm1\" \/>\n<meta name=\"twitter:site\" content=\"@elregionalvm1\" \/>\n<meta name=\"twitter:label1\" content=\"Escrito por\" \/>\n\t<meta name=\"twitter:data1\" content=\"Contenidos El Regional\" \/>\n\t<meta name=\"twitter:label2\" content=\"Tiempo de lectura\" \/>\n\t<meta name=\"twitter:data2\" content=\"1 minuto\" \/>\n<script type=\"application\/ld+json\" class=\"yoast-schema-graph\">{\"@context\":\"https:\/\/schema.org\",\"@graph\":[{\"@type\":\"Article\",\"@id\":\"http:\/\/elregionalvm.com.ar\/noticias-villa-maria\/con-un-audiovisual-recordaran-a-desaparecidos-villamarienses\/#article\",\"isPartOf\":{\"@id\":\"http:\/\/elregionalvm.com.ar\/noticias-villa-maria\/con-un-audiovisual-recordaran-a-desaparecidos-villamarienses\/\"},\"author\":{\"name\":\"Contenidos El Regional\",\"@id\":\"http:\/\/elregionalvm.com.ar\/noticias-villa-maria\/#\/schema\/person\/a0fb9c422317faca23d50163151bc354\"},\"headline\":\"Con un audiovisual recordar\u00e1n a desaparecidos villamarienses\",\"datePublished\":\"2020-09-14T22:34:01+00:00\",\"dateModified\":\"2020-09-14T22:40:18+00:00\",\"mainEntityOfPage\":{\"@id\":\"http:\/\/elregionalvm.com.ar\/noticias-villa-maria\/con-un-audiovisual-recordaran-a-desaparecidos-villamarienses\/\"},\"wordCount\":292,\"commentCount\":0,\"image\":{\"@id\":\"http:\/\/elregionalvm.com.ar\/noticias-villa-maria\/con-un-audiovisual-recordaran-a-desaparecidos-villamarienses\/#primaryimage\"},\"thumbnailUrl\":\"https:\/\/i0.wp.com\/elregionalvm.com.ar\/noticias-villa-maria\/wp-content\/uploads\/2020\/09\/WhatsApp-Image-2020-09-14-at-14.15.49.jpeg?fit=1280%2C853&ssl=1\",\"keywords\":[\"audiovisual\",\"desaparecidos villamarienses\",\"destacado\",\"D\u00eda Nacional de las Juventudes\",\"estudiantes secundarios\",\"Memoria\",\"recuerdo\"],\"articleSection\":[\"Villa Mar\u00eda\"],\"inLanguage\":\"es\",\"potentialAction\":[{\"@type\":\"CommentAction\",\"name\":\"Comment\",\"target\":[\"http:\/\/elregionalvm.com.ar\/noticias-villa-maria\/con-un-audiovisual-recordaran-a-desaparecidos-villamarienses\/#respond\"]}]},{\"@type\":\"WebPage\",\"@id\":\"http:\/\/elregionalvm.com.ar\/noticias-villa-maria\/con-un-audiovisual-recordaran-a-desaparecidos-villamarienses\/\",\"url\":\"http:\/\/elregionalvm.com.ar\/noticias-villa-maria\/con-un-audiovisual-recordaran-a-desaparecidos-villamarienses\/\",\"name\":\"Con un audiovisual recordar\u00e1n a desaparecidos villamarienses - El Regional\",\"isPartOf\":{\"@id\":\"http:\/\/elregionalvm.com.ar\/noticias-villa-maria\/#website\"},\"primaryImageOfPage\":{\"@id\":\"http:\/\/elregionalvm.com.ar\/noticias-villa-maria\/con-un-audiovisual-recordaran-a-desaparecidos-villamarienses\/#primaryimage\"},\"image\":{\"@id\":\"http:\/\/elregionalvm.com.ar\/noticias-villa-maria\/con-un-audiovisual-recordaran-a-desaparecidos-villamarienses\/#primaryimage\"},\"thumbnailUrl\":\"https:\/\/i0.wp.com\/elregionalvm.com.ar\/noticias-villa-maria\/wp-content\/uploads\/2020\/09\/WhatsApp-Image-2020-09-14-at-14.15.49.jpeg?fit=1280%2C853&ssl=1\",\"datePublished\":\"2020-09-14T22:34:01+00:00\",\"dateModified\":\"2020-09-14T22:40:18+00:00\",\"author\":{\"@id\":\"http:\/\/elregionalvm.com.ar\/noticias-villa-maria\/#\/schema\/person\/a0fb9c422317faca23d50163151bc354\"},\"breadcrumb\":{\"@id\":\"http:\/\/elregionalvm.com.ar\/noticias-villa-maria\/con-un-audiovisual-recordaran-a-desaparecidos-villamarienses\/#breadcrumb\"},\"inLanguage\":\"es\",\"potentialAction\":[{\"@type\":\"ReadAction\",\"target\":[\"http:\/\/elregionalvm.com.ar\/noticias-villa-maria\/con-un-audiovisual-recordaran-a-desaparecidos-villamarienses\/\"]}]},{\"@type\":\"ImageObject\",\"inLanguage\":\"es\",\"@id\":\"http:\/\/elregionalvm.com.ar\/noticias-villa-maria\/con-un-audiovisual-recordaran-a-desaparecidos-villamarienses\/#primaryimage\",\"url\":\"https:\/\/i0.wp.com\/elregionalvm.com.ar\/noticias-villa-maria\/wp-content\/uploads\/2020\/09\/WhatsApp-Image-2020-09-14-at-14.15.49.jpeg?fit=1280%2C853&ssl=1\",\"contentUrl\":\"https:\/\/i0.wp.com\/elregionalvm.com.ar\/noticias-villa-maria\/wp-content\/uploads\/2020\/09\/WhatsApp-Image-2020-09-14-at-14.15.49.jpeg?fit=1280%2C853&ssl=1\",\"width\":1280,\"height\":853},{\"@type\":\"BreadcrumbList\",\"@id\":\"http:\/\/elregionalvm.com.ar\/noticias-villa-maria\/con-un-audiovisual-recordaran-a-desaparecidos-villamarienses\/#breadcrumb\",\"itemListElement\":[{\"@type\":\"ListItem\",\"position\":1,\"name\":\"Portada\",\"item\":\"https:\/\/elregionalvm.com.ar\/noticias-villa-maria\/\"},{\"@type\":\"ListItem\",\"position\":2,\"name\":\"Con un audiovisual recordar\u00e1n a desaparecidos villamarienses\"}]},{\"@type\":\"WebSite\",\"@id\":\"http:\/\/elregionalvm.com.ar\/noticias-villa-maria\/#website\",\"url\":\"http:\/\/elregionalvm.com.ar\/noticias-villa-maria\/\",\"name\":\"El Regional\",\"description\":\"Mucho m\u00e1s que informaci\u00f3n\",\"potentialAction\":[{\"@type\":\"SearchAction\",\"target\":{\"@type\":\"EntryPoint\",\"urlTemplate\":\"http:\/\/elregionalvm.com.ar\/noticias-villa-maria\/?s={search_term_string}\"},\"query-input\":{\"@type\":\"PropertyValueSpecification\",\"valueRequired\":true,\"valueName\":\"search_term_string\"}}],\"inLanguage\":\"es\"},{\"@type\":\"Person\",\"@id\":\"http:\/\/elregionalvm.com.ar\/noticias-villa-maria\/#\/schema\/person\/a0fb9c422317faca23d50163151bc354\",\"name\":\"Contenidos El Regional\",\"image\":{\"@type\":\"ImageObject\",\"inLanguage\":\"es\",\"@id\":\"http:\/\/elregionalvm.com.ar\/noticias-villa-maria\/#\/schema\/person\/image\/\",\"url\":\"https:\/\/secure.gravatar.com\/avatar\/265b27cb2209af7bb3a1318f03305787d7981a5cc6e6cd08fe5a4ecdf99d4b48?s=96&d=mm&r=g\",\"contentUrl\":\"https:\/\/secure.gravatar.com\/avatar\/265b27cb2209af7bb3a1318f03305787d7981a5cc6e6cd08fe5a4ecdf99d4b48?s=96&d=mm&r=g\",\"caption\":\"Contenidos El Regional\"},\"url\":\"https:\/\/elregionalvm.com.ar\/noticias-villa-maria\/author\/contenido\/\"}]}<\/script>\n<!-- \/ Yoast SEO plugin. -->","yoast_head_json":{"title":"Con un audiovisual recordar\u00e1n a desaparecidos villamarienses - El Regional","robots":{"index":"index","follow":"follow","max-snippet":"max-snippet:-1","max-image-preview":"max-image-preview:large","max-video-preview":"max-video-preview:-1"},"canonical":"http:\/\/elregionalvm.com.ar\/noticias-villa-maria\/con-un-audiovisual-recordaran-a-desaparecidos-villamarienses\/","og_locale":"es_ES","og_type":"article","og_title":"Con un audiovisual recordar\u00e1n a desaparecidos villamarienses - El Regional","og_description":"En v\u00edsperas del D\u00eda Nacional de las Juventudes, establecido el 16 de junio en memoria de los estudiantes secundarios secuestrados por las fuerzas militares en la denominada \u201cNoche de los L\u00e1pices\u201d, la Direcci\u00f3n de Ni\u00f1eces, Adolescencias y Juventudes, perteneciente a la Secretar\u00eda de Inclusi\u00f3n Social y Territorio, realiz\u00f3 junto a j\u00f3venes de la ciudad una [&hellip;]","og_url":"http:\/\/elregionalvm.com.ar\/noticias-villa-maria\/con-un-audiovisual-recordaran-a-desaparecidos-villamarienses\/","og_site_name":"El Regional","article_publisher":"https:\/\/www.facebook.com\/elregionalvm","article_published_time":"2020-09-14T22:34:01+00:00","article_modified_time":"2020-09-14T22:40:18+00:00","og_image":[{"width":1280,"height":853,"url":"http:\/\/elregionalvm.com.ar\/noticias-villa-maria\/wp-content\/uploads\/2020\/09\/WhatsApp-Image-2020-09-14-at-14.15.49.jpeg","type":"image\/jpeg"}],"author":"Contenidos El Regional","twitter_card":"summary_large_image","twitter_creator":"@elregionalvm1","twitter_site":"@elregionalvm1","twitter_misc":{"Escrito por":"Contenidos El Regional","Tiempo de lectura":"1 minuto"},"schema":{"@context":"https:\/\/schema.org","@graph":[{"@type":"Article","@id":"http:\/\/elregionalvm.com.ar\/noticias-villa-maria\/con-un-audiovisual-recordaran-a-desaparecidos-villamarienses\/#article","isPartOf":{"@id":"http:\/\/elregionalvm.com.ar\/noticias-villa-maria\/con-un-audiovisual-recordaran-a-desaparecidos-villamarienses\/"},"author":{"name":"Contenidos El Regional","@id":"http:\/\/elregionalvm.com.ar\/noticias-villa-maria\/#\/schema\/person\/a0fb9c422317faca23d50163151bc354"},"headline":"Con un audiovisual recordar\u00e1n a desaparecidos villamarienses","datePublished":"2020-09-14T22:34:01+00:00","dateModified":"2020-09-14T22:40:18+00:00","mainEntityOfPage":{"@id":"http:\/\/elregionalvm.com.ar\/noticias-villa-maria\/con-un-audiovisual-recordaran-a-desaparecidos-villamarienses\/"},"wordCount":292,"commentCount":0,"image":{"@id":"http:\/\/elregionalvm.com.ar\/noticias-villa-maria\/con-un-audiovisual-recordaran-a-desaparecidos-villamarienses\/#primaryimage"},"thumbnailUrl":"https:\/\/i0.wp.com\/elregionalvm.com.ar\/noticias-villa-maria\/wp-content\/uploads\/2020\/09\/WhatsApp-Image-2020-09-14-at-14.15.49.jpeg?fit=1280%2C853&ssl=1","keywords":["audiovisual","desaparecidos villamarienses","destacado","D\u00eda Nacional de las Juventudes","estudiantes secundarios","Memoria","recuerdo"],"articleSection":["Villa Mar\u00eda"],"inLanguage":"es","potentialAction":[{"@type":"CommentAction","name":"Comment","target":["http:\/\/elregionalvm.com.ar\/noticias-villa-maria\/con-un-audiovisual-recordaran-a-desaparecidos-villamarienses\/#respond"]}]},{"@type":"WebPage","@id":"http:\/\/elregionalvm.com.ar\/noticias-villa-maria\/con-un-audiovisual-recordaran-a-desaparecidos-villamarienses\/","url":"http:\/\/elregionalvm.com.ar\/noticias-villa-maria\/con-un-audiovisual-recordaran-a-desaparecidos-villamarienses\/","name":"Con un audiovisual recordar\u00e1n a desaparecidos villamarienses - El Regional","isPartOf":{"@id":"http:\/\/elregionalvm.com.ar\/noticias-villa-maria\/#website"},"primaryImageOfPage":{"@id":"http:\/\/elregionalvm.com.ar\/noticias-villa-maria\/con-un-audiovisual-recordaran-a-desaparecidos-villamarienses\/#primaryimage"},"image":{"@id":"http:\/\/elregionalvm.com.ar\/noticias-villa-maria\/con-un-audiovisual-recordaran-a-desaparecidos-villamarienses\/#primaryimage"},"thumbnailUrl":"https:\/\/i0.wp.com\/elregionalvm.com.ar\/noticias-villa-maria\/wp-content\/uploads\/2020\/09\/WhatsApp-Image-2020-09-14-at-14.15.49.jpeg?fit=1280%2C853&ssl=1","datePublished":"2020-09-14T22:34:01+00:00","dateModified":"2020-09-14T22:40:18+00:00","author":{"@id":"http:\/\/elregionalvm.com.ar\/noticias-villa-maria\/#\/schema\/person\/a0fb9c422317faca23d50163151bc354"},"breadcrumb":{"@id":"http:\/\/elregionalvm.com.ar\/noticias-villa-maria\/con-un-audiovisual-recordaran-a-desaparecidos-villamarienses\/#breadcrumb"},"inLanguage":"es","potentialAction":[{"@type":"ReadAction","target":["http:\/\/elregionalvm.com.ar\/noticias-villa-maria\/con-un-audiovisual-recordaran-a-desaparecidos-villamarienses\/"]}]},{"@type":"ImageObject","inLanguage":"es","@id":"http:\/\/elregionalvm.com.ar\/noticias-villa-maria\/con-un-audiovisual-recordaran-a-desaparecidos-villamarienses\/#primaryimage","url":"https:\/\/i0.wp.com\/elregionalvm.com.ar\/noticias-villa-maria\/wp-content\/uploads\/2020\/09\/WhatsApp-Image-2020-09-14-at-14.15.49.jpeg?fit=1280%2C853&ssl=1","contentUrl":"https:\/\/i0.wp.com\/elregionalvm.com.ar\/noticias-villa-maria\/wp-content\/uploads\/2020\/09\/WhatsApp-Image-2020-09-14-at-14.15.49.jpeg?fit=1280%2C853&ssl=1","width":1280,"height":853},{"@type":"BreadcrumbList","@id":"http:\/\/elregionalvm.com.ar\/noticias-villa-maria\/con-un-audiovisual-recordaran-a-desaparecidos-villamarienses\/#breadcrumb","itemListElement":[{"@type":"ListItem","position":1,"name":"Portada","item":"https:\/\/elregionalvm.com.ar\/noticias-villa-maria\/"},{"@type":"ListItem","position":2,"name":"Con un audiovisual recordar\u00e1n a desaparecidos villamarienses"}]},{"@type":"WebSite","@id":"http:\/\/elregionalvm.com.ar\/noticias-villa-maria\/#website","url":"http:\/\/elregionalvm.com.ar\/noticias-villa-maria\/","name":"El Regional","description":"Mucho m\u00e1s que informaci\u00f3n","potentialAction":[{"@type":"SearchAction","target":{"@type":"EntryPoint","urlTemplate":"http:\/\/elregionalvm.com.ar\/noticias-villa-maria\/?s={search_term_string}"},"query-input":{"@type":"PropertyValueSpecification","valueRequired":true,"valueName":"search_term_string"}}],"inLanguage":"es"},{"@type":"Person","@id":"http:\/\/elregionalvm.com.ar\/noticias-villa-maria\/#\/schema\/person\/a0fb9c422317faca23d50163151bc354","name":"Contenidos El Regional","image":{"@type":"ImageObject","inLanguage":"es","@id":"http:\/\/elregionalvm.com.ar\/noticias-villa-maria\/#\/schema\/person\/image\/","url":"https:\/\/secure.gravatar.com\/avatar\/265b27cb2209af7bb3a1318f03305787d7981a5cc6e6cd08fe5a4ecdf99d4b48?s=96&d=mm&r=g","contentUrl":"https:\/\/secure.gravatar.com\/avatar\/265b27cb2209af7bb3a1318f03305787d7981a5cc6e6cd08fe5a4ecdf99d4b48?s=96&d=mm&r=g","caption":"Contenidos El Regional"},"url":"https:\/\/elregionalvm.com.ar\/noticias-villa-maria\/author\/contenido\/"}]}},"jetpack_featured_media_url":"https:\/\/i0.wp.com\/elregionalvm.com.ar\/noticias-villa-maria\/wp-content\/uploads\/2020\/09\/WhatsApp-Image-2020-09-14-at-14.15.49.jpeg?fit=1280%2C853&ssl=1","jetpack_sharing_enabled":true,"_links":{"self":[{"href":"https:\/\/elregionalvm.com.ar\/noticias-villa-maria\/wp-json\/wp\/v2\/posts\/23859","targetHints":{"allow":["GET"]}}],"collection":[{"href":"https:\/\/elregionalvm.com.ar\/noticias-villa-maria\/wp-json\/wp\/v2\/posts"}],"about":[{"href":"https:\/\/elregionalvm.com.ar\/noticias-villa-maria\/wp-json\/wp\/v2\/types\/post"}],"author":[{"embeddable":true,"href":"https:\/\/elregionalvm.com.ar\/noticias-villa-maria\/wp-json\/wp\/v2\/users\/4"}],"replies":[{"embeddable":true,"href":"https:\/\/elregionalvm.com.ar\/noticias-villa-maria\/wp-json\/wp\/v2\/comments?post=23859"}],"version-history":[{"count":2,"href":"https:\/\/elregionalvm.com.ar\/noticias-villa-maria\/wp-json\/wp\/v2\/posts\/23859\/revisions"}],"predecessor-version":[{"id":23862,"href":"https:\/\/elregionalvm.com.ar\/noticias-villa-maria\/wp-json\/wp\/v2\/posts\/23859\/revisions\/23862"}],"wp:featuredmedia":[{"embeddable":true,"href":"https:\/\/elregionalvm.com.ar\/noticias-villa-maria\/wp-json\/wp\/v2\/media\/23860"}],"wp:attachment":[{"href":"https:\/\/elregionalvm.com.ar\/noticias-villa-maria\/wp-json\/wp\/v2\/media?parent=23859"}],"wp:term":[{"taxonomy":"category","embeddable":true,"href":"https:\/\/elregionalvm.com.ar\/noticias-villa-maria\/wp-json\/wp\/v2\/categories?post=23859"},{"taxonomy":"post_tag","embeddable":true,"href":"https:\/\/elregionalvm.com.ar\/noticias-villa-maria\/wp-json\/wp\/v2\/tags?post=23859"}],"curies":[{"name":"wp","href":"https:\/\/api.w.org\/{rel}","templated":true}]}}