{"id":23863,"date":"2020-09-14T23:10:24","date_gmt":"2020-09-14T23:10:24","guid":{"rendered":"https:\/\/elregionalvm.com.ar\/noticias-villa-maria\/?p=23863"},"modified":"2020-09-15T19:11:50","modified_gmt":"2020-09-15T19:11:50","slug":"el-regreso-a-los-pueblos-se-multiplicaron-consultas-para-vivir-en-el-interior","status":"publish","type":"post","link":"https:\/\/elregionalvm.com.ar\/noticias-villa-maria\/el-regreso-a-los-pueblos-se-multiplicaron-consultas-para-vivir-en-el-interior\/","title":{"rendered":"\u00bfEl regreso a los pueblos? Se multiplicaron consultas para vivir en el interior"},"content":{"rendered":"\n<p>En los \u00faltimos meses \u201ccreci\u00f3 10 veces\u201d el n\u00famero de inscriptos en una ONG que promueve el repoblamiento rural y advierten que \u201ccambi\u00f3 el perfil del comprador\u201d. Una nota muy interesante sobre la tem\u00e1tica se destac\u00f3 d\u00edas pasados desde T\u00e9lam y nos pareci\u00f3 un tema interesante para compartir desde nuestro sitio.<\/p>\n\n\n\n<p>La cuarentena por el coronavirus, que en las grandes ciudades es sin\u00f3nimo de un espacio vital reducido a cuatro paredes pero tambi\u00e9n de teletrabajo, gener\u00f3 que algunas personas terminen de madurar la decisi\u00f3n de mudarse a peque\u00f1os pueblos y en los \u00faltimos meses se multiplic\u00f3 por 10 el n\u00famero de inscriptos en una ONG que promueve el repoblamiento rural.<\/p>\n\n\n\n<p>La tendencia se confirma en las inmobiliarias porte\u00f1as, donde advierten que \u201ccambi\u00f3 el perfil del comprador\u201d, que hoy sacrifica comodidades internas y cercan\u00eda, por un balc\u00f3n o patio y contacto con la naturaleza.<\/p>\n\n\n\n<p>\u201cAument\u00f3 mucho la consulta por propiedades retiradas de las grandes urbes porque tambi\u00e9n vari\u00f3 el perfil del comprador, que hoy prefiere m\u00e1s un lugar con esparcimiento que la comodidad dentro del hogar, algo impensado antes\u201d, dijo a T\u00e9lam Alejandro Bennazar, presidente de la C\u00e1mara Inmobiliaria Argentina.<\/p>\n\n\n\n<p>Bennazar explic\u00f3 que \u201csi es departamento, la condici\u00f3n es que tenga un balc\u00f3n o amenities; y si es casa, est\u00e1n dispuestos a alejarse de la ciudad para mejorar la calidad de vida con un mayor contacto con la naturaleza, siempre que haya buena conectividad\u201d.<\/p>\n\n\n\n<p>Para el titular de la c\u00e1mara, el cambio es consecuencia de la cuarentena m\u00e1s que de la situaci\u00f3n econ\u00f3mica, que por un lado implic\u00f3 \u201cun cambio radical de vida\u201d con mucha permanencia dentro de los hogares y, por otro, demostr\u00f3 la potencialidad del \u201chome office\u201d.<\/p>\n\n\n\n<figure class=\"wp-block-image size-large\"><img data-recalc-dims=\"1\" fetchpriority=\"high\" decoding=\"async\" width=\"1024\" height=\"576\" src=\"https:\/\/i0.wp.com\/elregionalvm.com.ar\/noticias-villa-maria\/wp-content\/uploads\/2020\/09\/teletrabajo.jpg?resize=1024%2C576&#038;ssl=1\" alt=\"\" class=\"wp-image-23867\" srcset=\"https:\/\/i0.wp.com\/elregionalvm.com.ar\/noticias-villa-maria\/wp-content\/uploads\/2020\/09\/teletrabajo.jpg?resize=1024%2C576&amp;ssl=1 1024w, https:\/\/i0.wp.com\/elregionalvm.com.ar\/noticias-villa-maria\/wp-content\/uploads\/2020\/09\/teletrabajo.jpg?resize=300%2C169&amp;ssl=1 300w, https:\/\/i0.wp.com\/elregionalvm.com.ar\/noticias-villa-maria\/wp-content\/uploads\/2020\/09\/teletrabajo.jpg?resize=768%2C432&amp;ssl=1 768w, https:\/\/i0.wp.com\/elregionalvm.com.ar\/noticias-villa-maria\/wp-content\/uploads\/2020\/09\/teletrabajo.jpg?w=1200&amp;ssl=1 1200w\" sizes=\"(max-width: 1000px) 100vw, 1000px\" \/><figcaption>Teletrabajo, otra raz\u00f3n que dispar\u00f3 las ganas de vivir en el interior<\/figcaption><\/figure>\n\n\n\n<p>En tanto, la directora ejecutiva de la Fundaci\u00f3n Es Vicis, Cintia Jaime, asegur\u00f3 que el n\u00famero de personas interesadas en repoblar pueblos del interior \u201ccreci\u00f3 10 veces en relaci\u00f3n a marzo\u201d y \u201csiguen en alza\u201d las consultas realizadas a esta ONG cuyo objetivo es contribuir a revertir la constante migraci\u00f3n a las ciudades.<\/p>\n\n\n\n<p>\u201cSin haber hecho una nueva convocatoria, siete pueblos por semana que levantan la mano para recibir migrantes y 300 familias nos dicen que quieren salir de la ciudad con nuestro programa \u2018Bienvenidos a mi pueblo&#8217;\u201d, agreg\u00f3.<\/p>\n\n\n\n<p>Esta iniciativa tuvo su prueba piloto en la peque\u00f1a localidad santafesina de Colonia Belgrano, donde 20 familias lograron insertarse con el apoyo de esta organizaci\u00f3n que, en asociaci\u00f3n con el Gobierno provincial y la embajada de Suiza ofreci\u00f3 capacitaciones y articul\u00f3 con los diferentes niveles del Estado para hacer \u201csustentable\u201d la mudanza.<\/p>\n\n\n\n<p>\u201cReforzadas las evidencias de que no hace falta poner el cuerpo para ser eficientes, muchos no quieren volver al trabajo presencial y otros no quieren estar m\u00e1s entre cuatro paredes y se van a los pueblos, donde hab\u00eda casas que no se vend\u00edan y hoy salen como pan caliente\u201d, dijo.<\/p>\n\n\n\n<p>Jaime explic\u00f3 que este movimiento que invierte la l\u00f3gica imperante los \u00faltimos dos siglos, \u201ces una tendencia instalada a la hay que dar una respuesta\u201d porque \u201csi no hay plan, hay caos\u201d.<\/p>\n\n\n\n<p>En ese sentido, dijo \u201clos pilares de sostenibilidad de cualquier migraci\u00f3n\u201d son tres, que son tambi\u00e9n los del programa: bienvenida garantizada para las familias en la sociedad de recepci\u00f3n, trabajo asegurado e infraestructura adecuada, lo que incluye la vivienda pero tambi\u00e9n la disponibilidad de escuelas, centros de salud, comercios, servicios, caminos, conectividad \u201cy todo lo que implica el habitar\u201d.<\/p>\n\n\n\n<p>B\u00e1sicamente, el programa consiste en \u201cmatchear\u201d pueblos del interior que se anotan para recibir migrantes, cumplen con \u201clos tres pilares\u201d y requieren determinados tipos de emprendimientos o servicios profesionales; con personas dispuestas a migrar que tengan la preparaci\u00f3n necesaria o el proyecto de negocio demandado.<\/p>\n\n\n\n<p>\u201cQuien migra con nuestro programa, lo hace con trabajo y est\u00e1 garantizada la satisfacci\u00f3n de necesidades tanto para el pueblo como para el migrante porque se necesitan mutuamente\u201d, se\u00f1al\u00f3.<\/p>\n\n\n\n<p>Jaime record\u00f3 que las ciudades ocupan \u201cs\u00f3lo el 2% del (territorio del) planeta\u201d pero concentran m\u00e1s de la mitad de la poblaci\u00f3n mundial y Argentina es uno de los pa\u00edses con m\u00e1s alta urbanizaci\u00f3n, con un 92%.<\/p>\n\n\n\n<p>Tras una primera experiencia exitosa en el pueblo santafesino de 1.300 habitantes, el programa entr\u00f3 en \u201cuna fase de escala\u201d con la idea de replicarla en otros 20 pueblos de todo el pa\u00eds.<\/p>\n\n\n\n<figure class=\"wp-block-image size-large\"><img data-recalc-dims=\"1\" decoding=\"async\" width=\"1004\" height=\"565\" src=\"https:\/\/i0.wp.com\/elregionalvm.com.ar\/noticias-villa-maria\/wp-content\/uploads\/2020\/09\/interior-2.jpg?resize=1004%2C565&#038;ssl=1\" alt=\"\" class=\"wp-image-23866\" srcset=\"https:\/\/i0.wp.com\/elregionalvm.com.ar\/noticias-villa-maria\/wp-content\/uploads\/2020\/09\/interior-2.jpg?w=1004&amp;ssl=1 1004w, https:\/\/i0.wp.com\/elregionalvm.com.ar\/noticias-villa-maria\/wp-content\/uploads\/2020\/09\/interior-2.jpg?resize=300%2C169&amp;ssl=1 300w, https:\/\/i0.wp.com\/elregionalvm.com.ar\/noticias-villa-maria\/wp-content\/uploads\/2020\/09\/interior-2.jpg?resize=768%2C432&amp;ssl=1 768w\" sizes=\"(max-width: 1000px) 100vw, 1000px\" \/><\/figure>\n\n\n\n<p>Entre los porte\u00f1os que decidieron mudarse a peque\u00f1as localidades del interior bonaerense, se cuenta la periodista Candelaria Schamun (38), quien hace dos a\u00f1os cerr\u00f3 para siempre la puerta del PH que alquilaba en Parque Avellaneda para irse a vivir con su perro y su gata a un pueblo bonaerense de 523 habitantes y calles de tierra, a 120 kil\u00f3metros de Capital.<\/p>\n\n\n\n<p>Junto a un colega que hizo el mismo proceso, cre\u00f3 desde all\u00e1 el portal \u201cSomos Arraigo\u201d, un \u201cproyecto period\u00edstico narrativo sobre el interior\u201d al que ahora se dedica, donde ambos cuentan \u201chistorias de emprendedores, personajes e iniciativas solidarias\u201d con \u201cla apuesta por cumplir los deseos\u201d como com\u00fan denominador.<\/p>\n\n\n\n<p>\u201cYo trabajaba como productora televisiva y ten\u00eda un sueldo que me permit\u00eda tener una vida apacible econ\u00f3micamente; pero todos los d\u00edas cuando me quedaba en la barrera esperando infinitamente que pasara el tren, pensaba que a pesar de estos privilegios no era feliz porque estaba gastando a\u00f1os de vida a un ritmo que no pod\u00eda seguir\u201c, cont\u00f3 Schamun a T\u00e9lam.<\/p>\n\n\n\n<p>Cuando empez\u00f3 a buscar un lugar para \u201cagarrar las cosas\u201d e irse, dentro de sus \u201cprioridades\u201d estaba la \u201ccercan\u00eda con Capital\u201d y \u201cuna buena conectividad\u201d, porque \u201cno quer\u00eda perder el contacto con mis afectos ni tampoco con cosas de Buenos Aires que me encantan, como ir al cine o caminar por Corrientes\u201d, pero que ahora hace como \u201cturista\u201d.<\/p>\n\n\n\n<p>\u201cCon mis ahorros compr\u00e9 un lote y mi mam\u00e1 me ayud\u00f3 a construir la casa, que en ese momento era la primera de la cuadra donde hoy hay seis y tres m\u00e1s en construcci\u00f3n\u201d, cont\u00f3.<\/p>\n\n\n\n<p>Lo que a ella le hac\u00eda un ruido durante sus \u00faltimos a\u00f1os en la Ciudad de Buenos Aires, resuena con m\u00e1s fuerza en tiempos de coronavirus, que \u201cnos expuso sin escapatoria a la vida que llevamos\u201d, opin\u00f3.<\/p>\n\n\n\n<p>\u201cLa pandemia funciona como una espejo para medir d\u00f3nde estamos y si estamos porque queremos o estamos obligados y nos queremos ir, y hay un mont\u00f3n de gente que se est\u00e1 replanteando irse\u201d, dijo.<\/p>\n\n\n\n<p>Adem\u00e1s, \u201cmuchas pibas y pibes que se fueron a Buenos Aires y vivieron a\u00f1os all\u00e1, ahora est\u00e1n volviendo\u201d.<\/p>\n\n\n\n<p>\u201cPero para que haya una repoblaci\u00f3n del pa\u00eds hace falta un acompa\u00f1amiento del Estado con pol\u00edticas p\u00fablicas que garantice conectividad, telefon\u00eda celular, medios de transporte, actividades culturales y universidades en los pueblos del interior\u201d, concluy\u00f3.<\/p>\n\n\n\n<p><strong>\u201cNos quedamos a vivir en el pueblo porque nos dimos cuenta que ya viv\u00edamos en cuarentena\u201d<\/strong><br>A Virginia Medina y su esposo Julio Gar\u00edn, dos profesionales porte\u00f1os, la pandemia les hizo descubrir que su casa de fin de semana en un peque\u00f1o pueblo a 100 kil\u00f3metros de la Ciudad de Buenos Aires \u201cera su lugar\u201d y decidieron quedarse a vivir all\u00ed \u201cporque ya hac\u00eda un tiempo largo que viv\u00edamos en una cuarentena\u201d autoimpuesta, lejos de las aglomeraciones y m\u00e1s en contacto con s\u00ed mismos y el entorno natural.<\/p>\n\n\n\n<p>\u201cHace m\u00e1s de 15 a\u00f1os que empezamos a venir con mis hijos para estos pueblos de la provincia de Buenos Aires en vacaciones de invierno y verano, acompa\u00f1ando a mi esposo que es qu\u00edmico biol\u00f3gico y ven\u00eda a hacer asesor\u00edas a laboratorios de la zona\u201d, cont\u00f3 Virginia desde Duggan.<\/p>\n\n\n\n<p>Y fue a partir de estas visitas que \u201cnaci\u00f3 por primera vez el deseo de cambiar de vida\u201d, que para esta docente y psicoanalista de 56 a\u00f1os implica \u201ccambiar de sitio y de lugar\u201d, categor\u00edas que \u201cno son lo mismo\u201d porque mientras el \u201csitio hace referencia a un espacio sin m\u00e1s, el lugar habla de un llamado, de una pertenencia a ese espacio que se habita\u201d.<\/p>\n\n\n\n<p>\u201cNosotros ven\u00edamos sintiendo que ten\u00edamos que reformular las dos cosas: encontrar un sitio y un lugar en el mundo que ya no era Buenos Aires, porque se nos hab\u00eda vuelto cada vez m\u00e1s ajeno a medida que la urbanizaci\u00f3n fue avanzando, la trama social se fue agujereando y nos fuimos quedando sin tiempo para la charla, para el caf\u00e9 o para detenerse a observar lo que te circunda\u201d, dijo.<\/p>\n\n\n\n<p>En esa b\u00fasqueda apareci\u00f3 Duggan, un pueblo de mil habitantes rodeado de campo sobre la ruta 8, donde terminaron de construir su casa en 2015, porque \u201chay algo de la escala de lo humano que nos ha hecho lugar en este pueblo\u201d.<\/p>\n\n\n\n<p>\u201cVen\u00edamos los fines de semana primero y como cada vez nos costaba m\u00e1s irnos, lleg\u00e1bamos los jueves y nos \u00edbamos los lunes. Yo despu\u00e9s empec\u00e9 a trabajar por la zona y la cuarentena fue el empuj\u00f3n que necesit\u00e1bamos\u201d, asegur\u00f3 a T\u00e9lam.<\/p>\n\n\n\n<p>No obstante, Virginia aclar\u00f3 que con su esposo y su hija de 18 a\u00f1os, la menor, no se quedaron para \u201cprotegerse\u201d de la pandemia, \u201csino porque nos dimos cuenta que era nuestro lugar y ya hac\u00eda un tiempo largo que viv\u00edamos en cuarentena\u201d, con \u201cmomentos de soledad y silencio\u201d elegidos.<\/p>\n\n\n\n<p>\u201cHay gente que le encanta la ciudad y no se trata de que algo es mejor que otro, sino que se trata de d\u00f3nde logra cada uno recuperar esas categor\u00edas de lo humano que son el tiempo, el lugar, el lenguaje y un colectivo que no necesite ser masa\u201d, dijo.<\/p>\n\n\n\n<p>\u201cPero esto lo digo despu\u00e9s de haber tenido experiencia de transitar oportunidades culturales, de formaci\u00f3n y laborales que me dio Buenos Aires; con otra edad y un gran recorrido hecho que nos dio un sost\u00e9n que nos permite ahora detener el tiempo, entre trabajar y plantar un naranjo\u201d, finaliz\u00f3.<\/p>\n\n\n\n<p>Fuente: T\u00e9lam<\/p>\n","protected":false},"excerpt":{"rendered":"<p>En los \u00faltimos meses \u201ccreci\u00f3 10 veces\u201d el n\u00famero de inscriptos en una ONG que promueve el repoblamiento rural y advierten que \u201ccambi\u00f3 el perfil del comprador\u201d. Una nota muy interesante sobre la tem\u00e1tica se destac\u00f3 d\u00edas pasados desde T\u00e9lam y nos pareci\u00f3 un tema interesante para compartir desde nuestro sitio. La cuarentena por el [&hellip;]<\/p>\n","protected":false},"author":4,"featured_media":23918,"comment_status":"open","ping_status":"open","sticky":false,"template":"","format":"standard","meta":{"site-sidebar-layout":"default","site-content-layout":"default","ast-site-content-layout":"default","site-content-style":"default","site-sidebar-style":"default","ast-global-header-display":"","ast-banner-title-visibility":"","ast-main-header-display":"","ast-hfb-above-header-display":"","ast-hfb-below-header-display":"","ast-hfb-mobile-header-display":"","site-post-title":"","ast-breadcrumbs-content":"","ast-featured-img":"","footer-sml-layout":"","ast-disable-related-posts":"","theme-transparent-header-meta":"default","adv-header-id-meta":"","stick-header-meta":"","header-above-stick-meta":"","header-main-stick-meta":"","header-below-stick-meta":"","astra-migrate-meta-layouts":"default","ast-page-background-enabled":"default","ast-page-background-meta":{"desktop":{"background-color":"","background-image":"","background-repeat":"repeat","background-position":"center center","background-size":"auto","background-attachment":"scroll","background-type":"","background-media":"","overlay-type":"","overlay-color":"","overlay-opacity":"","overlay-gradient":""},"tablet":{"background-color":"","background-image":"","background-repeat":"repeat","background-position":"center center","background-size":"auto","background-attachment":"scroll","background-type":"","background-media":"","overlay-type":"","overlay-color":"","overlay-opacity":"","overlay-gradient":""},"mobile":{"background-color":"","background-image":"","background-repeat":"repeat","background-position":"center center","background-size":"auto","background-attachment":"scroll","background-type":"","background-media":"","overlay-type":"","overlay-color":"","overlay-opacity":"","overlay-gradient":""}},"ast-content-background-meta":{"desktop":{"background-color":"var(--ast-global-color-5)","background-image":"","background-repeat":"repeat","background-position":"center center","background-size":"auto","background-attachment":"scroll","background-type":"","background-media":"","overlay-type":"","overlay-color":"","overlay-opacity":"","overlay-gradient":""},"tablet":{"background-color":"var(--ast-global-color-5)","background-image":"","background-repeat":"repeat","background-position":"center center","background-size":"auto","background-attachment":"scroll","background-type":"","background-media":"","overlay-type":"","overlay-color":"","overlay-opacity":"","overlay-gradient":""},"mobile":{"background-color":"var(--ast-global-color-5)","background-image":"","background-repeat":"repeat","background-position":"center center","background-size":"auto","background-attachment":"scroll","background-type":"","background-media":"","overlay-type":"","overlay-color":"","overlay-opacity":"","overlay-gradient":""}},"_jetpack_memberships_contains_paid_content":false,"_joinchat":[],"footnotes":""},"categories":[5,3557],"tags":[3958,3955,3956,3959,3846,295,2147,1381,3957],"class_list":["post-23863","post","type-post","status-publish","format-standard","has-post-thumbnail","hentry","category-sociedad","category-tercera","tag-elegir-la-paz","tag-gente","tag-interior-del-pais","tag-lo-rural-como-opcion","tag-ong","tag-pueblos","tag-regreso","tag-tranquilidad","tag-vivir-en-el-interior"],"yoast_head":"<!-- This site is optimized with the Yoast SEO plugin v26.8 - https:\/\/yoast.com\/product\/yoast-seo-wordpress\/ -->\n<title>\u00bfEl regreso a los pueblos? Se multiplicaron consultas para vivir en el interior - El Regional<\/title>\n<meta name=\"robots\" content=\"index, follow, max-snippet:-1, max-image-preview:large, max-video-preview:-1\" \/>\n<link rel=\"canonical\" href=\"http:\/\/elregionalvm.com.ar\/noticias-villa-maria\/el-regreso-a-los-pueblos-se-multiplicaron-consultas-para-vivir-en-el-interior\/\" \/>\n<meta property=\"og:locale\" content=\"es_ES\" \/>\n<meta property=\"og:type\" content=\"article\" \/>\n<meta property=\"og:title\" content=\"\u00bfEl regreso a los pueblos? Se multiplicaron consultas para vivir en el interior - El Regional\" \/>\n<meta property=\"og:description\" content=\"En los \u00faltimos meses \u201ccreci\u00f3 10 veces\u201d el n\u00famero de inscriptos en una ONG que promueve el repoblamiento rural y advierten que \u201ccambi\u00f3 el perfil del comprador\u201d. Una nota muy interesante sobre la tem\u00e1tica se destac\u00f3 d\u00edas pasados desde T\u00e9lam y nos pareci\u00f3 un tema interesante para compartir desde nuestro sitio. La cuarentena por el [&hellip;]\" \/>\n<meta property=\"og:url\" content=\"http:\/\/elregionalvm.com.ar\/noticias-villa-maria\/el-regreso-a-los-pueblos-se-multiplicaron-consultas-para-vivir-en-el-interior\/\" \/>\n<meta property=\"og:site_name\" content=\"El Regional\" \/>\n<meta property=\"article:publisher\" content=\"https:\/\/www.facebook.com\/elregionalvm\" \/>\n<meta property=\"article:published_time\" content=\"2020-09-14T23:10:24+00:00\" \/>\n<meta property=\"article:modified_time\" content=\"2020-09-15T19:11:50+00:00\" \/>\n<meta property=\"og:image\" content=\"http:\/\/elregionalvm.com.ar\/noticias-villa-maria\/wp-content\/uploads\/2020\/09\/Pueblos-vuelta-gente.jpg\" \/>\n\t<meta property=\"og:image:width\" content=\"588\" \/>\n\t<meta property=\"og:image:height\" content=\"719\" \/>\n\t<meta property=\"og:image:type\" content=\"image\/jpeg\" \/>\n<meta name=\"author\" content=\"Contenidos El Regional\" \/>\n<meta name=\"twitter:card\" content=\"summary_large_image\" \/>\n<meta name=\"twitter:creator\" content=\"@elregionalvm1\" \/>\n<meta name=\"twitter:site\" content=\"@elregionalvm1\" \/>\n<meta name=\"twitter:label1\" content=\"Escrito por\" \/>\n\t<meta name=\"twitter:data1\" content=\"Contenidos El Regional\" \/>\n\t<meta name=\"twitter:label2\" content=\"Tiempo de lectura\" \/>\n\t<meta name=\"twitter:data2\" content=\"9 minutos\" \/>\n<script type=\"application\/ld+json\" class=\"yoast-schema-graph\">{\"@context\":\"https:\/\/schema.org\",\"@graph\":[{\"@type\":\"Article\",\"@id\":\"http:\/\/elregionalvm.com.ar\/noticias-villa-maria\/el-regreso-a-los-pueblos-se-multiplicaron-consultas-para-vivir-en-el-interior\/#article\",\"isPartOf\":{\"@id\":\"http:\/\/elregionalvm.com.ar\/noticias-villa-maria\/el-regreso-a-los-pueblos-se-multiplicaron-consultas-para-vivir-en-el-interior\/\"},\"author\":{\"name\":\"Contenidos El Regional\",\"@id\":\"http:\/\/elregionalvm.com.ar\/noticias-villa-maria\/#\/schema\/person\/a0fb9c422317faca23d50163151bc354\"},\"headline\":\"\u00bfEl regreso a los pueblos? Se multiplicaron consultas para vivir en el interior\",\"datePublished\":\"2020-09-14T23:10:24+00:00\",\"dateModified\":\"2020-09-15T19:11:50+00:00\",\"mainEntityOfPage\":{\"@id\":\"http:\/\/elregionalvm.com.ar\/noticias-villa-maria\/el-regreso-a-los-pueblos-se-multiplicaron-consultas-para-vivir-en-el-interior\/\"},\"wordCount\":1724,\"commentCount\":0,\"image\":{\"@id\":\"http:\/\/elregionalvm.com.ar\/noticias-villa-maria\/el-regreso-a-los-pueblos-se-multiplicaron-consultas-para-vivir-en-el-interior\/#primaryimage\"},\"thumbnailUrl\":\"https:\/\/i0.wp.com\/elregionalvm.com.ar\/noticias-villa-maria\/wp-content\/uploads\/2020\/09\/Pueblos-vuelta-gente.jpg?fit=588%2C719&ssl=1\",\"keywords\":[\"elegir la paz\",\"gente\",\"interior del pa\u00eds\",\"lo rural como opci\u00f3n\",\"ONG\",\"pueblos\",\"regreso\",\"Tranquilidad\",\"vivir en el interior\"],\"articleSection\":[\"Sociedad\",\"tercera\"],\"inLanguage\":\"es\",\"potentialAction\":[{\"@type\":\"CommentAction\",\"name\":\"Comment\",\"target\":[\"http:\/\/elregionalvm.com.ar\/noticias-villa-maria\/el-regreso-a-los-pueblos-se-multiplicaron-consultas-para-vivir-en-el-interior\/#respond\"]}]},{\"@type\":\"WebPage\",\"@id\":\"http:\/\/elregionalvm.com.ar\/noticias-villa-maria\/el-regreso-a-los-pueblos-se-multiplicaron-consultas-para-vivir-en-el-interior\/\",\"url\":\"http:\/\/elregionalvm.com.ar\/noticias-villa-maria\/el-regreso-a-los-pueblos-se-multiplicaron-consultas-para-vivir-en-el-interior\/\",\"name\":\"\u00bfEl regreso a los pueblos? Se multiplicaron consultas para vivir en el interior - El Regional\",\"isPartOf\":{\"@id\":\"http:\/\/elregionalvm.com.ar\/noticias-villa-maria\/#website\"},\"primaryImageOfPage\":{\"@id\":\"http:\/\/elregionalvm.com.ar\/noticias-villa-maria\/el-regreso-a-los-pueblos-se-multiplicaron-consultas-para-vivir-en-el-interior\/#primaryimage\"},\"image\":{\"@id\":\"http:\/\/elregionalvm.com.ar\/noticias-villa-maria\/el-regreso-a-los-pueblos-se-multiplicaron-consultas-para-vivir-en-el-interior\/#primaryimage\"},\"thumbnailUrl\":\"https:\/\/i0.wp.com\/elregionalvm.com.ar\/noticias-villa-maria\/wp-content\/uploads\/2020\/09\/Pueblos-vuelta-gente.jpg?fit=588%2C719&ssl=1\",\"datePublished\":\"2020-09-14T23:10:24+00:00\",\"dateModified\":\"2020-09-15T19:11:50+00:00\",\"author\":{\"@id\":\"http:\/\/elregionalvm.com.ar\/noticias-villa-maria\/#\/schema\/person\/a0fb9c422317faca23d50163151bc354\"},\"breadcrumb\":{\"@id\":\"http:\/\/elregionalvm.com.ar\/noticias-villa-maria\/el-regreso-a-los-pueblos-se-multiplicaron-consultas-para-vivir-en-el-interior\/#breadcrumb\"},\"inLanguage\":\"es\",\"potentialAction\":[{\"@type\":\"ReadAction\",\"target\":[\"http:\/\/elregionalvm.com.ar\/noticias-villa-maria\/el-regreso-a-los-pueblos-se-multiplicaron-consultas-para-vivir-en-el-interior\/\"]}]},{\"@type\":\"ImageObject\",\"inLanguage\":\"es\",\"@id\":\"http:\/\/elregionalvm.com.ar\/noticias-villa-maria\/el-regreso-a-los-pueblos-se-multiplicaron-consultas-para-vivir-en-el-interior\/#primaryimage\",\"url\":\"https:\/\/i0.wp.com\/elregionalvm.com.ar\/noticias-villa-maria\/wp-content\/uploads\/2020\/09\/Pueblos-vuelta-gente.jpg?fit=588%2C719&ssl=1\",\"contentUrl\":\"https:\/\/i0.wp.com\/elregionalvm.com.ar\/noticias-villa-maria\/wp-content\/uploads\/2020\/09\/Pueblos-vuelta-gente.jpg?fit=588%2C719&ssl=1\",\"width\":588,\"height\":719},{\"@type\":\"BreadcrumbList\",\"@id\":\"http:\/\/elregionalvm.com.ar\/noticias-villa-maria\/el-regreso-a-los-pueblos-se-multiplicaron-consultas-para-vivir-en-el-interior\/#breadcrumb\",\"itemListElement\":[{\"@type\":\"ListItem\",\"position\":1,\"name\":\"Portada\",\"item\":\"https:\/\/elregionalvm.com.ar\/noticias-villa-maria\/\"},{\"@type\":\"ListItem\",\"position\":2,\"name\":\"\u00bfEl regreso a los pueblos? Se multiplicaron consultas para vivir en el interior\"}]},{\"@type\":\"WebSite\",\"@id\":\"http:\/\/elregionalvm.com.ar\/noticias-villa-maria\/#website\",\"url\":\"http:\/\/elregionalvm.com.ar\/noticias-villa-maria\/\",\"name\":\"El Regional\",\"description\":\"Mucho m\u00e1s que informaci\u00f3n\",\"potentialAction\":[{\"@type\":\"SearchAction\",\"target\":{\"@type\":\"EntryPoint\",\"urlTemplate\":\"http:\/\/elregionalvm.com.ar\/noticias-villa-maria\/?s={search_term_string}\"},\"query-input\":{\"@type\":\"PropertyValueSpecification\",\"valueRequired\":true,\"valueName\":\"search_term_string\"}}],\"inLanguage\":\"es\"},{\"@type\":\"Person\",\"@id\":\"http:\/\/elregionalvm.com.ar\/noticias-villa-maria\/#\/schema\/person\/a0fb9c422317faca23d50163151bc354\",\"name\":\"Contenidos El Regional\",\"image\":{\"@type\":\"ImageObject\",\"inLanguage\":\"es\",\"@id\":\"http:\/\/elregionalvm.com.ar\/noticias-villa-maria\/#\/schema\/person\/image\/\",\"url\":\"https:\/\/secure.gravatar.com\/avatar\/265b27cb2209af7bb3a1318f03305787d7981a5cc6e6cd08fe5a4ecdf99d4b48?s=96&d=mm&r=g\",\"contentUrl\":\"https:\/\/secure.gravatar.com\/avatar\/265b27cb2209af7bb3a1318f03305787d7981a5cc6e6cd08fe5a4ecdf99d4b48?s=96&d=mm&r=g\",\"caption\":\"Contenidos El Regional\"},\"url\":\"https:\/\/elregionalvm.com.ar\/noticias-villa-maria\/author\/contenido\/\"}]}<\/script>\n<!-- \/ Yoast SEO plugin. -->","yoast_head_json":{"title":"\u00bfEl regreso a los pueblos? Se multiplicaron consultas para vivir en el interior - El Regional","robots":{"index":"index","follow":"follow","max-snippet":"max-snippet:-1","max-image-preview":"max-image-preview:large","max-video-preview":"max-video-preview:-1"},"canonical":"http:\/\/elregionalvm.com.ar\/noticias-villa-maria\/el-regreso-a-los-pueblos-se-multiplicaron-consultas-para-vivir-en-el-interior\/","og_locale":"es_ES","og_type":"article","og_title":"\u00bfEl regreso a los pueblos? Se multiplicaron consultas para vivir en el interior - El Regional","og_description":"En los \u00faltimos meses \u201ccreci\u00f3 10 veces\u201d el n\u00famero de inscriptos en una ONG que promueve el repoblamiento rural y advierten que \u201ccambi\u00f3 el perfil del comprador\u201d. Una nota muy interesante sobre la tem\u00e1tica se destac\u00f3 d\u00edas pasados desde T\u00e9lam y nos pareci\u00f3 un tema interesante para compartir desde nuestro sitio. La cuarentena por el [&hellip;]","og_url":"http:\/\/elregionalvm.com.ar\/noticias-villa-maria\/el-regreso-a-los-pueblos-se-multiplicaron-consultas-para-vivir-en-el-interior\/","og_site_name":"El Regional","article_publisher":"https:\/\/www.facebook.com\/elregionalvm","article_published_time":"2020-09-14T23:10:24+00:00","article_modified_time":"2020-09-15T19:11:50+00:00","og_image":[{"width":588,"height":719,"url":"http:\/\/elregionalvm.com.ar\/noticias-villa-maria\/wp-content\/uploads\/2020\/09\/Pueblos-vuelta-gente.jpg","type":"image\/jpeg"}],"author":"Contenidos El Regional","twitter_card":"summary_large_image","twitter_creator":"@elregionalvm1","twitter_site":"@elregionalvm1","twitter_misc":{"Escrito por":"Contenidos El Regional","Tiempo de lectura":"9 minutos"},"schema":{"@context":"https:\/\/schema.org","@graph":[{"@type":"Article","@id":"http:\/\/elregionalvm.com.ar\/noticias-villa-maria\/el-regreso-a-los-pueblos-se-multiplicaron-consultas-para-vivir-en-el-interior\/#article","isPartOf":{"@id":"http:\/\/elregionalvm.com.ar\/noticias-villa-maria\/el-regreso-a-los-pueblos-se-multiplicaron-consultas-para-vivir-en-el-interior\/"},"author":{"name":"Contenidos El Regional","@id":"http:\/\/elregionalvm.com.ar\/noticias-villa-maria\/#\/schema\/person\/a0fb9c422317faca23d50163151bc354"},"headline":"\u00bfEl regreso a los pueblos? Se multiplicaron consultas para vivir en el interior","datePublished":"2020-09-14T23:10:24+00:00","dateModified":"2020-09-15T19:11:50+00:00","mainEntityOfPage":{"@id":"http:\/\/elregionalvm.com.ar\/noticias-villa-maria\/el-regreso-a-los-pueblos-se-multiplicaron-consultas-para-vivir-en-el-interior\/"},"wordCount":1724,"commentCount":0,"image":{"@id":"http:\/\/elregionalvm.com.ar\/noticias-villa-maria\/el-regreso-a-los-pueblos-se-multiplicaron-consultas-para-vivir-en-el-interior\/#primaryimage"},"thumbnailUrl":"https:\/\/i0.wp.com\/elregionalvm.com.ar\/noticias-villa-maria\/wp-content\/uploads\/2020\/09\/Pueblos-vuelta-gente.jpg?fit=588%2C719&ssl=1","keywords":["elegir la paz","gente","interior del pa\u00eds","lo rural como opci\u00f3n","ONG","pueblos","regreso","Tranquilidad","vivir en el interior"],"articleSection":["Sociedad","tercera"],"inLanguage":"es","potentialAction":[{"@type":"CommentAction","name":"Comment","target":["http:\/\/elregionalvm.com.ar\/noticias-villa-maria\/el-regreso-a-los-pueblos-se-multiplicaron-consultas-para-vivir-en-el-interior\/#respond"]}]},{"@type":"WebPage","@id":"http:\/\/elregionalvm.com.ar\/noticias-villa-maria\/el-regreso-a-los-pueblos-se-multiplicaron-consultas-para-vivir-en-el-interior\/","url":"http:\/\/elregionalvm.com.ar\/noticias-villa-maria\/el-regreso-a-los-pueblos-se-multiplicaron-consultas-para-vivir-en-el-interior\/","name":"\u00bfEl regreso a los pueblos? Se multiplicaron consultas para vivir en el interior - El Regional","isPartOf":{"@id":"http:\/\/elregionalvm.com.ar\/noticias-villa-maria\/#website"},"primaryImageOfPage":{"@id":"http:\/\/elregionalvm.com.ar\/noticias-villa-maria\/el-regreso-a-los-pueblos-se-multiplicaron-consultas-para-vivir-en-el-interior\/#primaryimage"},"image":{"@id":"http:\/\/elregionalvm.com.ar\/noticias-villa-maria\/el-regreso-a-los-pueblos-se-multiplicaron-consultas-para-vivir-en-el-interior\/#primaryimage"},"thumbnailUrl":"https:\/\/i0.wp.com\/elregionalvm.com.ar\/noticias-villa-maria\/wp-content\/uploads\/2020\/09\/Pueblos-vuelta-gente.jpg?fit=588%2C719&ssl=1","datePublished":"2020-09-14T23:10:24+00:00","dateModified":"2020-09-15T19:11:50+00:00","author":{"@id":"http:\/\/elregionalvm.com.ar\/noticias-villa-maria\/#\/schema\/person\/a0fb9c422317faca23d50163151bc354"},"breadcrumb":{"@id":"http:\/\/elregionalvm.com.ar\/noticias-villa-maria\/el-regreso-a-los-pueblos-se-multiplicaron-consultas-para-vivir-en-el-interior\/#breadcrumb"},"inLanguage":"es","potentialAction":[{"@type":"ReadAction","target":["http:\/\/elregionalvm.com.ar\/noticias-villa-maria\/el-regreso-a-los-pueblos-se-multiplicaron-consultas-para-vivir-en-el-interior\/"]}]},{"@type":"ImageObject","inLanguage":"es","@id":"http:\/\/elregionalvm.com.ar\/noticias-villa-maria\/el-regreso-a-los-pueblos-se-multiplicaron-consultas-para-vivir-en-el-interior\/#primaryimage","url":"https:\/\/i0.wp.com\/elregionalvm.com.ar\/noticias-villa-maria\/wp-content\/uploads\/2020\/09\/Pueblos-vuelta-gente.jpg?fit=588%2C719&ssl=1","contentUrl":"https:\/\/i0.wp.com\/elregionalvm.com.ar\/noticias-villa-maria\/wp-content\/uploads\/2020\/09\/Pueblos-vuelta-gente.jpg?fit=588%2C719&ssl=1","width":588,"height":719},{"@type":"BreadcrumbList","@id":"http:\/\/elregionalvm.com.ar\/noticias-villa-maria\/el-regreso-a-los-pueblos-se-multiplicaron-consultas-para-vivir-en-el-interior\/#breadcrumb","itemListElement":[{"@type":"ListItem","position":1,"name":"Portada","item":"https:\/\/elregionalvm.com.ar\/noticias-villa-maria\/"},{"@type":"ListItem","position":2,"name":"\u00bfEl regreso a los pueblos? Se multiplicaron consultas para vivir en el interior"}]},{"@type":"WebSite","@id":"http:\/\/elregionalvm.com.ar\/noticias-villa-maria\/#website","url":"http:\/\/elregionalvm.com.ar\/noticias-villa-maria\/","name":"El Regional","description":"Mucho m\u00e1s que informaci\u00f3n","potentialAction":[{"@type":"SearchAction","target":{"@type":"EntryPoint","urlTemplate":"http:\/\/elregionalvm.com.ar\/noticias-villa-maria\/?s={search_term_string}"},"query-input":{"@type":"PropertyValueSpecification","valueRequired":true,"valueName":"search_term_string"}}],"inLanguage":"es"},{"@type":"Person","@id":"http:\/\/elregionalvm.com.ar\/noticias-villa-maria\/#\/schema\/person\/a0fb9c422317faca23d50163151bc354","name":"Contenidos El Regional","image":{"@type":"ImageObject","inLanguage":"es","@id":"http:\/\/elregionalvm.com.ar\/noticias-villa-maria\/#\/schema\/person\/image\/","url":"https:\/\/secure.gravatar.com\/avatar\/265b27cb2209af7bb3a1318f03305787d7981a5cc6e6cd08fe5a4ecdf99d4b48?s=96&d=mm&r=g","contentUrl":"https:\/\/secure.gravatar.com\/avatar\/265b27cb2209af7bb3a1318f03305787d7981a5cc6e6cd08fe5a4ecdf99d4b48?s=96&d=mm&r=g","caption":"Contenidos El Regional"},"url":"https:\/\/elregionalvm.com.ar\/noticias-villa-maria\/author\/contenido\/"}]}},"jetpack_featured_media_url":"https:\/\/i0.wp.com\/elregionalvm.com.ar\/noticias-villa-maria\/wp-content\/uploads\/2020\/09\/Pueblos-vuelta-gente.jpg?fit=588%2C719&ssl=1","jetpack_sharing_enabled":true,"_links":{"self":[{"href":"https:\/\/elregionalvm.com.ar\/noticias-villa-maria\/wp-json\/wp\/v2\/posts\/23863","targetHints":{"allow":["GET"]}}],"collection":[{"href":"https:\/\/elregionalvm.com.ar\/noticias-villa-maria\/wp-json\/wp\/v2\/posts"}],"about":[{"href":"https:\/\/elregionalvm.com.ar\/noticias-villa-maria\/wp-json\/wp\/v2\/types\/post"}],"author":[{"embeddable":true,"href":"https:\/\/elregionalvm.com.ar\/noticias-villa-maria\/wp-json\/wp\/v2\/users\/4"}],"replies":[{"embeddable":true,"href":"https:\/\/elregionalvm.com.ar\/noticias-villa-maria\/wp-json\/wp\/v2\/comments?post=23863"}],"version-history":[{"count":2,"href":"https:\/\/elregionalvm.com.ar\/noticias-villa-maria\/wp-json\/wp\/v2\/posts\/23863\/revisions"}],"predecessor-version":[{"id":23919,"href":"https:\/\/elregionalvm.com.ar\/noticias-villa-maria\/wp-json\/wp\/v2\/posts\/23863\/revisions\/23919"}],"wp:featuredmedia":[{"embeddable":true,"href":"https:\/\/elregionalvm.com.ar\/noticias-villa-maria\/wp-json\/wp\/v2\/media\/23918"}],"wp:attachment":[{"href":"https:\/\/elregionalvm.com.ar\/noticias-villa-maria\/wp-json\/wp\/v2\/media?parent=23863"}],"wp:term":[{"taxonomy":"category","embeddable":true,"href":"https:\/\/elregionalvm.com.ar\/noticias-villa-maria\/wp-json\/wp\/v2\/categories?post=23863"},{"taxonomy":"post_tag","embeddable":true,"href":"https:\/\/elregionalvm.com.ar\/noticias-villa-maria\/wp-json\/wp\/v2\/tags?post=23863"}],"curies":[{"name":"wp","href":"https:\/\/api.w.org\/{rel}","templated":true}]}}