{"id":23865,"date":"2020-09-14T23:27:21","date_gmt":"2020-09-14T23:27:21","guid":{"rendered":"https:\/\/elregionalvm.com.ar\/noticias-villa-maria\/?p=23865"},"modified":"2020-09-16T01:11:31","modified_gmt":"2020-09-16T01:11:31","slug":"no-te-vayas-por-favor","status":"publish","type":"post","link":"https:\/\/elregionalvm.com.ar\/noticias-villa-maria\/no-te-vayas-por-favor\/","title":{"rendered":"No te vayas, por favor\u2026"},"content":{"rendered":"\n<p><strong>Escribe: Cristina Pablos<\/strong><\/p>\n\n\n\n<p>\u201cNo te rindas, a\u00fan est\u00e1s a tiempo<\/p>\n\n\n\n<p>de alcanzar y comenzar de nuevo.<\/p>\n\n\n\n<p>Aceptar tus sombras, encerrar tus miedos,<\/p>\n\n\n\n<p>liberar el lastre, retomar el vuelo\u2026<\/p>\n\n\n\n<p>No te rindas.<\/p>\n\n\n\n<p>Por favor, no cedas.<\/p>\n\n\n\n<p>Aunque el fr\u00edo queme.<\/p>\n\n\n\n<p>Aunque el miedo muerda\u2026\u201d<\/p>\n\n\n\n<p>Estos son s\u00f3lo unos versos desordenados del bello poema \u201cNo te rindas\u201d, de Mario Benedetti.<\/p>\n\n\n\n<p>Yo cambiar\u00e9 el No te rindas por el No te vayas. Y se lo pido a todas las personas, principalmente a los j\u00f3venes, que quieren buscar otros rumbos fuera del pa\u00eds.<\/p>\n\n\n\n<p>En esta gran aldea en que la globalizaci\u00f3n convirti\u00f3 al mundo, es comprensible que los j\u00f3venes est\u00e9n \u00e1vidos de cruzar fronteras. Pero el nomadismo no es para cualquiera; menos para un argentino, tan amiguero.<\/p>\n\n\n\n<p>Hay que estar preparado para vivir con personas que viven, comen, hablan y piensan distinto. Es todo un desaf\u00edo perder familia, pareja, olores, afectos. No todos se acostumbran al desarraigo y los invade una nostalgia permanente.<\/p>\n\n\n\n<p>Hay personas que se fueron en 1973, espantados por la guerrilla. Otros se exiliaron en 1976 cuando, para terminar con la guerrilla, comenz\u00f3 una sangrienta dictadura militar.<\/p>\n\n\n\n<p>Muchos nos quedamos. Fuimos perseguidos, desaparecidos, dormimos en celdas, silenciaron nuestras voces, secuestraron nuestros sue\u00f1os. Viv\u00edamos en un estado de zozobra interminable. Pero no han sido los que se fueron los que construyeron esta democracia, imperfecta, pero democracia al fin.<\/p>\n\n\n\n<p>Al pa\u00eds lo defendimos los que nos quedamos. Con el retorno de la democracia, en 1983, los intelectuales, artistas y otros que se hab\u00edan exiliado en M\u00e9jico, Espa\u00f1a, Venezuela (s\u00ed, aunque parezca mentira) u otros pa\u00edses, regresaron y encontraron el pa\u00eds que los que nos hab\u00edamos animado a quedarnos, hab\u00edamos salvado.<\/p>\n\n\n\n<p>S\u00e9 que estamos viviendo en un pa\u00eds que perdi\u00f3 el rumbo con el que so\u00f1aron nuestros abuelos inmigrantes. Donde los j\u00f3venes no ven un futuro. Un pa\u00eds tomado por el odio de algunos y la ineficiencia de un presidente que todav\u00eda no sabe si gobierna. S\u00e9 que es muy dif\u00edcil so\u00f1ar y planificar un futuro en un pa\u00eds tan desigual, tan desordenado, tan a la deriva. Pero no te vayas.<\/p>\n\n\n\n<p>La Rep\u00fablica y la Democracia necesitan personas que le pongan el hombro a la adversidad; que luchen por ella. Hoy, como ayer, la Patria se construye con los que se quedan; no con los que se van.<\/p>\n\n\n\n<p>No te vayas. Pero\u2026 si al fin tu decisi\u00f3n es irte\u2026 te entiendo.<\/p>\n","protected":false},"excerpt":{"rendered":"<p>Escribe: Cristina Pablos \u201cNo te rindas, a\u00fan est\u00e1s a tiempo de alcanzar y comenzar de nuevo. Aceptar tus sombras, encerrar tus miedos, liberar el lastre, retomar el vuelo\u2026 No te rindas. Por favor, no cedas. Aunque el fr\u00edo queme. Aunque el miedo muerda\u2026\u201d Estos son s\u00f3lo unos versos desordenados del bello poema \u201cNo te rindas\u201d, [&hellip;]<\/p>\n","protected":false},"author":4,"featured_media":23869,"comment_status":"open","ping_status":"open","sticky":false,"template":"","format":"standard","meta":{"site-sidebar-layout":"default","site-content-layout":"default","ast-site-content-layout":"default","site-content-style":"default","site-sidebar-style":"default","ast-global-header-display":"","ast-banner-title-visibility":"","ast-main-header-display":"","ast-hfb-above-header-display":"","ast-hfb-below-header-display":"","ast-hfb-mobile-header-display":"","site-post-title":"","ast-breadcrumbs-content":"","ast-featured-img":"","footer-sml-layout":"","ast-disable-related-posts":"","theme-transparent-header-meta":"default","adv-header-id-meta":"","stick-header-meta":"","header-above-stick-meta":"","header-main-stick-meta":"","header-below-stick-meta":"","astra-migrate-meta-layouts":"default","ast-page-background-enabled":"default","ast-page-background-meta":{"desktop":{"background-color":"","background-image":"","background-repeat":"repeat","background-position":"center center","background-size":"auto","background-attachment":"scroll","background-type":"","background-media":"","overlay-type":"","overlay-color":"","overlay-opacity":"","overlay-gradient":""},"tablet":{"background-color":"","background-image":"","background-repeat":"repeat","background-position":"center center","background-size":"auto","background-attachment":"scroll","background-type":"","background-media":"","overlay-type":"","overlay-color":"","overlay-opacity":"","overlay-gradient":""},"mobile":{"background-color":"","background-image":"","background-repeat":"repeat","background-position":"center center","background-size":"auto","background-attachment":"scroll","background-type":"","background-media":"","overlay-type":"","overlay-color":"","overlay-opacity":"","overlay-gradient":""}},"ast-content-background-meta":{"desktop":{"background-color":"var(--ast-global-color-5)","background-image":"","background-repeat":"repeat","background-position":"center center","background-size":"auto","background-attachment":"scroll","background-type":"","background-media":"","overlay-type":"","overlay-color":"","overlay-opacity":"","overlay-gradient":""},"tablet":{"background-color":"var(--ast-global-color-5)","background-image":"","background-repeat":"repeat","background-position":"center center","background-size":"auto","background-attachment":"scroll","background-type":"","background-media":"","overlay-type":"","overlay-color":"","overlay-opacity":"","overlay-gradient":""},"mobile":{"background-color":"var(--ast-global-color-5)","background-image":"","background-repeat":"repeat","background-position":"center center","background-size":"auto","background-attachment":"scroll","background-type":"","background-media":"","overlay-type":"","overlay-color":"","overlay-opacity":"","overlay-gradient":""}},"_jetpack_memberships_contains_paid_content":false,"_joinchat":[],"footnotes":""},"categories":[365],"tags":[3960,3961,3962,543],"class_list":["post-23865","post","type-post","status-publish","format-standard","has-post-thumbnail","hentry","category-opinion","tag-benedetti","tag-exodo","tag-fuga-de-cerebros","tag-patria"],"yoast_head":"<!-- This site is optimized with the Yoast SEO plugin v26.8 - https:\/\/yoast.com\/product\/yoast-seo-wordpress\/ -->\n<title>No te vayas, por favor\u2026 - El Regional<\/title>\n<meta name=\"description\" content=\"S\u00e9 que es muy dif\u00edcil so\u00f1ar y planificar un futuro en un pa\u00eds tan desigual, tan desordenado, tan a la deriva. Pero no te vayas.\" \/>\n<meta name=\"robots\" content=\"index, follow, max-snippet:-1, max-image-preview:large, max-video-preview:-1\" \/>\n<link rel=\"canonical\" href=\"http:\/\/elregionalvm.com.ar\/noticias-villa-maria\/no-te-vayas-por-favor\/\" \/>\n<meta property=\"og:locale\" content=\"es_ES\" \/>\n<meta property=\"og:type\" content=\"article\" \/>\n<meta property=\"og:title\" content=\"No te vayas, por favor\u2026 - El Regional\" \/>\n<meta property=\"og:description\" content=\"S\u00e9 que es muy dif\u00edcil so\u00f1ar y planificar un futuro en un pa\u00eds tan desigual, tan desordenado, tan a la deriva. Pero no te vayas.\" \/>\n<meta property=\"og:url\" content=\"http:\/\/elregionalvm.com.ar\/noticias-villa-maria\/no-te-vayas-por-favor\/\" \/>\n<meta property=\"og:site_name\" content=\"El Regional\" \/>\n<meta property=\"article:publisher\" content=\"https:\/\/www.facebook.com\/elregionalvm\" \/>\n<meta property=\"article:published_time\" content=\"2020-09-14T23:27:21+00:00\" \/>\n<meta property=\"article:modified_time\" content=\"2020-09-16T01:11:31+00:00\" \/>\n<meta property=\"og:image\" content=\"http:\/\/elregionalvm.com.ar\/noticias-villa-maria\/wp-content\/uploads\/2020\/09\/No-te-vayas-aviones-volando.jpg\" \/>\n\t<meta property=\"og:image:width\" content=\"512\" \/>\n\t<meta property=\"og:image:height\" content=\"341\" \/>\n\t<meta property=\"og:image:type\" content=\"image\/jpeg\" \/>\n<meta name=\"author\" content=\"Contenidos El Regional\" \/>\n<meta name=\"twitter:card\" content=\"summary_large_image\" \/>\n<meta name=\"twitter:creator\" content=\"@elregionalvm1\" \/>\n<meta name=\"twitter:site\" content=\"@elregionalvm1\" \/>\n<meta name=\"twitter:label1\" content=\"Escrito por\" \/>\n\t<meta name=\"twitter:data1\" content=\"Contenidos El Regional\" \/>\n\t<meta name=\"twitter:label2\" content=\"Tiempo de lectura\" \/>\n\t<meta name=\"twitter:data2\" content=\"2 minutos\" \/>\n<script type=\"application\/ld+json\" class=\"yoast-schema-graph\">{\"@context\":\"https:\/\/schema.org\",\"@graph\":[{\"@type\":\"Article\",\"@id\":\"http:\/\/elregionalvm.com.ar\/noticias-villa-maria\/no-te-vayas-por-favor\/#article\",\"isPartOf\":{\"@id\":\"http:\/\/elregionalvm.com.ar\/noticias-villa-maria\/no-te-vayas-por-favor\/\"},\"author\":{\"name\":\"Contenidos El Regional\",\"@id\":\"http:\/\/elregionalvm.com.ar\/noticias-villa-maria\/#\/schema\/person\/a0fb9c422317faca23d50163151bc354\"},\"headline\":\"No te vayas, por favor\u2026\",\"datePublished\":\"2020-09-14T23:27:21+00:00\",\"dateModified\":\"2020-09-16T01:11:31+00:00\",\"mainEntityOfPage\":{\"@id\":\"http:\/\/elregionalvm.com.ar\/noticias-villa-maria\/no-te-vayas-por-favor\/\"},\"wordCount\":429,\"commentCount\":2,\"image\":{\"@id\":\"http:\/\/elregionalvm.com.ar\/noticias-villa-maria\/no-te-vayas-por-favor\/#primaryimage\"},\"thumbnailUrl\":\"https:\/\/i0.wp.com\/elregionalvm.com.ar\/noticias-villa-maria\/wp-content\/uploads\/2020\/09\/No-te-vayas-aviones-volando.jpg?fit=512%2C341&ssl=1\",\"keywords\":[\"Benedetti\",\"\u00c9xodo\",\"Fuga de cerebros\",\"Patria\"],\"articleSection\":[\"Opini\u00f3n\"],\"inLanguage\":\"es\",\"potentialAction\":[{\"@type\":\"CommentAction\",\"name\":\"Comment\",\"target\":[\"http:\/\/elregionalvm.com.ar\/noticias-villa-maria\/no-te-vayas-por-favor\/#respond\"]}]},{\"@type\":\"WebPage\",\"@id\":\"http:\/\/elregionalvm.com.ar\/noticias-villa-maria\/no-te-vayas-por-favor\/\",\"url\":\"http:\/\/elregionalvm.com.ar\/noticias-villa-maria\/no-te-vayas-por-favor\/\",\"name\":\"No te vayas, por favor\u2026 - El Regional\",\"isPartOf\":{\"@id\":\"http:\/\/elregionalvm.com.ar\/noticias-villa-maria\/#website\"},\"primaryImageOfPage\":{\"@id\":\"http:\/\/elregionalvm.com.ar\/noticias-villa-maria\/no-te-vayas-por-favor\/#primaryimage\"},\"image\":{\"@id\":\"http:\/\/elregionalvm.com.ar\/noticias-villa-maria\/no-te-vayas-por-favor\/#primaryimage\"},\"thumbnailUrl\":\"https:\/\/i0.wp.com\/elregionalvm.com.ar\/noticias-villa-maria\/wp-content\/uploads\/2020\/09\/No-te-vayas-aviones-volando.jpg?fit=512%2C341&ssl=1\",\"datePublished\":\"2020-09-14T23:27:21+00:00\",\"dateModified\":\"2020-09-16T01:11:31+00:00\",\"author\":{\"@id\":\"http:\/\/elregionalvm.com.ar\/noticias-villa-maria\/#\/schema\/person\/a0fb9c422317faca23d50163151bc354\"},\"description\":\"S\u00e9 que es muy dif\u00edcil so\u00f1ar y planificar un futuro en un pa\u00eds tan desigual, tan desordenado, tan a la deriva. Pero no te vayas.\",\"breadcrumb\":{\"@id\":\"http:\/\/elregionalvm.com.ar\/noticias-villa-maria\/no-te-vayas-por-favor\/#breadcrumb\"},\"inLanguage\":\"es\",\"potentialAction\":[{\"@type\":\"ReadAction\",\"target\":[\"http:\/\/elregionalvm.com.ar\/noticias-villa-maria\/no-te-vayas-por-favor\/\"]}]},{\"@type\":\"ImageObject\",\"inLanguage\":\"es\",\"@id\":\"http:\/\/elregionalvm.com.ar\/noticias-villa-maria\/no-te-vayas-por-favor\/#primaryimage\",\"url\":\"https:\/\/i0.wp.com\/elregionalvm.com.ar\/noticias-villa-maria\/wp-content\/uploads\/2020\/09\/No-te-vayas-aviones-volando.jpg?fit=512%2C341&ssl=1\",\"contentUrl\":\"https:\/\/i0.wp.com\/elregionalvm.com.ar\/noticias-villa-maria\/wp-content\/uploads\/2020\/09\/No-te-vayas-aviones-volando.jpg?fit=512%2C341&ssl=1\",\"width\":512,\"height\":341},{\"@type\":\"BreadcrumbList\",\"@id\":\"http:\/\/elregionalvm.com.ar\/noticias-villa-maria\/no-te-vayas-por-favor\/#breadcrumb\",\"itemListElement\":[{\"@type\":\"ListItem\",\"position\":1,\"name\":\"Portada\",\"item\":\"https:\/\/elregionalvm.com.ar\/noticias-villa-maria\/\"},{\"@type\":\"ListItem\",\"position\":2,\"name\":\"No te vayas, por favor\u2026\"}]},{\"@type\":\"WebSite\",\"@id\":\"http:\/\/elregionalvm.com.ar\/noticias-villa-maria\/#website\",\"url\":\"http:\/\/elregionalvm.com.ar\/noticias-villa-maria\/\",\"name\":\"El Regional\",\"description\":\"Mucho m\u00e1s que informaci\u00f3n\",\"potentialAction\":[{\"@type\":\"SearchAction\",\"target\":{\"@type\":\"EntryPoint\",\"urlTemplate\":\"http:\/\/elregionalvm.com.ar\/noticias-villa-maria\/?s={search_term_string}\"},\"query-input\":{\"@type\":\"PropertyValueSpecification\",\"valueRequired\":true,\"valueName\":\"search_term_string\"}}],\"inLanguage\":\"es\"},{\"@type\":\"Person\",\"@id\":\"http:\/\/elregionalvm.com.ar\/noticias-villa-maria\/#\/schema\/person\/a0fb9c422317faca23d50163151bc354\",\"name\":\"Contenidos El Regional\",\"image\":{\"@type\":\"ImageObject\",\"inLanguage\":\"es\",\"@id\":\"http:\/\/elregionalvm.com.ar\/noticias-villa-maria\/#\/schema\/person\/image\/\",\"url\":\"https:\/\/secure.gravatar.com\/avatar\/265b27cb2209af7bb3a1318f03305787d7981a5cc6e6cd08fe5a4ecdf99d4b48?s=96&d=mm&r=g\",\"contentUrl\":\"https:\/\/secure.gravatar.com\/avatar\/265b27cb2209af7bb3a1318f03305787d7981a5cc6e6cd08fe5a4ecdf99d4b48?s=96&d=mm&r=g\",\"caption\":\"Contenidos El Regional\"},\"url\":\"https:\/\/elregionalvm.com.ar\/noticias-villa-maria\/author\/contenido\/\"}]}<\/script>\n<!-- \/ Yoast SEO plugin. -->","yoast_head_json":{"title":"No te vayas, por favor\u2026 - El Regional","description":"S\u00e9 que es muy dif\u00edcil so\u00f1ar y planificar un futuro en un pa\u00eds tan desigual, tan desordenado, tan a la deriva. Pero no te vayas.","robots":{"index":"index","follow":"follow","max-snippet":"max-snippet:-1","max-image-preview":"max-image-preview:large","max-video-preview":"max-video-preview:-1"},"canonical":"http:\/\/elregionalvm.com.ar\/noticias-villa-maria\/no-te-vayas-por-favor\/","og_locale":"es_ES","og_type":"article","og_title":"No te vayas, por favor\u2026 - El Regional","og_description":"S\u00e9 que es muy dif\u00edcil so\u00f1ar y planificar un futuro en un pa\u00eds tan desigual, tan desordenado, tan a la deriva. Pero no te vayas.","og_url":"http:\/\/elregionalvm.com.ar\/noticias-villa-maria\/no-te-vayas-por-favor\/","og_site_name":"El Regional","article_publisher":"https:\/\/www.facebook.com\/elregionalvm","article_published_time":"2020-09-14T23:27:21+00:00","article_modified_time":"2020-09-16T01:11:31+00:00","og_image":[{"width":512,"height":341,"url":"http:\/\/elregionalvm.com.ar\/noticias-villa-maria\/wp-content\/uploads\/2020\/09\/No-te-vayas-aviones-volando.jpg","type":"image\/jpeg"}],"author":"Contenidos El Regional","twitter_card":"summary_large_image","twitter_creator":"@elregionalvm1","twitter_site":"@elregionalvm1","twitter_misc":{"Escrito por":"Contenidos El Regional","Tiempo de lectura":"2 minutos"},"schema":{"@context":"https:\/\/schema.org","@graph":[{"@type":"Article","@id":"http:\/\/elregionalvm.com.ar\/noticias-villa-maria\/no-te-vayas-por-favor\/#article","isPartOf":{"@id":"http:\/\/elregionalvm.com.ar\/noticias-villa-maria\/no-te-vayas-por-favor\/"},"author":{"name":"Contenidos El Regional","@id":"http:\/\/elregionalvm.com.ar\/noticias-villa-maria\/#\/schema\/person\/a0fb9c422317faca23d50163151bc354"},"headline":"No te vayas, por favor\u2026","datePublished":"2020-09-14T23:27:21+00:00","dateModified":"2020-09-16T01:11:31+00:00","mainEntityOfPage":{"@id":"http:\/\/elregionalvm.com.ar\/noticias-villa-maria\/no-te-vayas-por-favor\/"},"wordCount":429,"commentCount":2,"image":{"@id":"http:\/\/elregionalvm.com.ar\/noticias-villa-maria\/no-te-vayas-por-favor\/#primaryimage"},"thumbnailUrl":"https:\/\/i0.wp.com\/elregionalvm.com.ar\/noticias-villa-maria\/wp-content\/uploads\/2020\/09\/No-te-vayas-aviones-volando.jpg?fit=512%2C341&ssl=1","keywords":["Benedetti","\u00c9xodo","Fuga de cerebros","Patria"],"articleSection":["Opini\u00f3n"],"inLanguage":"es","potentialAction":[{"@type":"CommentAction","name":"Comment","target":["http:\/\/elregionalvm.com.ar\/noticias-villa-maria\/no-te-vayas-por-favor\/#respond"]}]},{"@type":"WebPage","@id":"http:\/\/elregionalvm.com.ar\/noticias-villa-maria\/no-te-vayas-por-favor\/","url":"http:\/\/elregionalvm.com.ar\/noticias-villa-maria\/no-te-vayas-por-favor\/","name":"No te vayas, por favor\u2026 - El Regional","isPartOf":{"@id":"http:\/\/elregionalvm.com.ar\/noticias-villa-maria\/#website"},"primaryImageOfPage":{"@id":"http:\/\/elregionalvm.com.ar\/noticias-villa-maria\/no-te-vayas-por-favor\/#primaryimage"},"image":{"@id":"http:\/\/elregionalvm.com.ar\/noticias-villa-maria\/no-te-vayas-por-favor\/#primaryimage"},"thumbnailUrl":"https:\/\/i0.wp.com\/elregionalvm.com.ar\/noticias-villa-maria\/wp-content\/uploads\/2020\/09\/No-te-vayas-aviones-volando.jpg?fit=512%2C341&ssl=1","datePublished":"2020-09-14T23:27:21+00:00","dateModified":"2020-09-16T01:11:31+00:00","author":{"@id":"http:\/\/elregionalvm.com.ar\/noticias-villa-maria\/#\/schema\/person\/a0fb9c422317faca23d50163151bc354"},"description":"S\u00e9 que es muy dif\u00edcil so\u00f1ar y planificar un futuro en un pa\u00eds tan desigual, tan desordenado, tan a la deriva. Pero no te vayas.","breadcrumb":{"@id":"http:\/\/elregionalvm.com.ar\/noticias-villa-maria\/no-te-vayas-por-favor\/#breadcrumb"},"inLanguage":"es","potentialAction":[{"@type":"ReadAction","target":["http:\/\/elregionalvm.com.ar\/noticias-villa-maria\/no-te-vayas-por-favor\/"]}]},{"@type":"ImageObject","inLanguage":"es","@id":"http:\/\/elregionalvm.com.ar\/noticias-villa-maria\/no-te-vayas-por-favor\/#primaryimage","url":"https:\/\/i0.wp.com\/elregionalvm.com.ar\/noticias-villa-maria\/wp-content\/uploads\/2020\/09\/No-te-vayas-aviones-volando.jpg?fit=512%2C341&ssl=1","contentUrl":"https:\/\/i0.wp.com\/elregionalvm.com.ar\/noticias-villa-maria\/wp-content\/uploads\/2020\/09\/No-te-vayas-aviones-volando.jpg?fit=512%2C341&ssl=1","width":512,"height":341},{"@type":"BreadcrumbList","@id":"http:\/\/elregionalvm.com.ar\/noticias-villa-maria\/no-te-vayas-por-favor\/#breadcrumb","itemListElement":[{"@type":"ListItem","position":1,"name":"Portada","item":"https:\/\/elregionalvm.com.ar\/noticias-villa-maria\/"},{"@type":"ListItem","position":2,"name":"No te vayas, por favor\u2026"}]},{"@type":"WebSite","@id":"http:\/\/elregionalvm.com.ar\/noticias-villa-maria\/#website","url":"http:\/\/elregionalvm.com.ar\/noticias-villa-maria\/","name":"El Regional","description":"Mucho m\u00e1s que informaci\u00f3n","potentialAction":[{"@type":"SearchAction","target":{"@type":"EntryPoint","urlTemplate":"http:\/\/elregionalvm.com.ar\/noticias-villa-maria\/?s={search_term_string}"},"query-input":{"@type":"PropertyValueSpecification","valueRequired":true,"valueName":"search_term_string"}}],"inLanguage":"es"},{"@type":"Person","@id":"http:\/\/elregionalvm.com.ar\/noticias-villa-maria\/#\/schema\/person\/a0fb9c422317faca23d50163151bc354","name":"Contenidos El Regional","image":{"@type":"ImageObject","inLanguage":"es","@id":"http:\/\/elregionalvm.com.ar\/noticias-villa-maria\/#\/schema\/person\/image\/","url":"https:\/\/secure.gravatar.com\/avatar\/265b27cb2209af7bb3a1318f03305787d7981a5cc6e6cd08fe5a4ecdf99d4b48?s=96&d=mm&r=g","contentUrl":"https:\/\/secure.gravatar.com\/avatar\/265b27cb2209af7bb3a1318f03305787d7981a5cc6e6cd08fe5a4ecdf99d4b48?s=96&d=mm&r=g","caption":"Contenidos El Regional"},"url":"https:\/\/elregionalvm.com.ar\/noticias-villa-maria\/author\/contenido\/"}]}},"jetpack_featured_media_url":"https:\/\/i0.wp.com\/elregionalvm.com.ar\/noticias-villa-maria\/wp-content\/uploads\/2020\/09\/No-te-vayas-aviones-volando.jpg?fit=512%2C341&ssl=1","jetpack_sharing_enabled":true,"_links":{"self":[{"href":"https:\/\/elregionalvm.com.ar\/noticias-villa-maria\/wp-json\/wp\/v2\/posts\/23865","targetHints":{"allow":["GET"]}}],"collection":[{"href":"https:\/\/elregionalvm.com.ar\/noticias-villa-maria\/wp-json\/wp\/v2\/posts"}],"about":[{"href":"https:\/\/elregionalvm.com.ar\/noticias-villa-maria\/wp-json\/wp\/v2\/types\/post"}],"author":[{"embeddable":true,"href":"https:\/\/elregionalvm.com.ar\/noticias-villa-maria\/wp-json\/wp\/v2\/users\/4"}],"replies":[{"embeddable":true,"href":"https:\/\/elregionalvm.com.ar\/noticias-villa-maria\/wp-json\/wp\/v2\/comments?post=23865"}],"version-history":[{"count":1,"href":"https:\/\/elregionalvm.com.ar\/noticias-villa-maria\/wp-json\/wp\/v2\/posts\/23865\/revisions"}],"predecessor-version":[{"id":23870,"href":"https:\/\/elregionalvm.com.ar\/noticias-villa-maria\/wp-json\/wp\/v2\/posts\/23865\/revisions\/23870"}],"wp:featuredmedia":[{"embeddable":true,"href":"https:\/\/elregionalvm.com.ar\/noticias-villa-maria\/wp-json\/wp\/v2\/media\/23869"}],"wp:attachment":[{"href":"https:\/\/elregionalvm.com.ar\/noticias-villa-maria\/wp-json\/wp\/v2\/media?parent=23865"}],"wp:term":[{"taxonomy":"category","embeddable":true,"href":"https:\/\/elregionalvm.com.ar\/noticias-villa-maria\/wp-json\/wp\/v2\/categories?post=23865"},{"taxonomy":"post_tag","embeddable":true,"href":"https:\/\/elregionalvm.com.ar\/noticias-villa-maria\/wp-json\/wp\/v2\/tags?post=23865"}],"curies":[{"name":"wp","href":"https:\/\/api.w.org\/{rel}","templated":true}]}}