{"id":23948,"date":"2020-09-16T01:49:38","date_gmt":"2020-09-16T01:49:38","guid":{"rendered":"https:\/\/elregionalvm.com.ar\/noticias-villa-maria\/?p=23948"},"modified":"2020-10-05T00:30:48","modified_gmt":"2020-10-05T00:30:48","slug":"edificio-en-barrio-palermo-entre-la-negligencia-y-sospechas-de-negociados","status":"publish","type":"post","link":"https:\/\/elregionalvm.com.ar\/noticias-villa-maria\/edificio-en-barrio-palermo-entre-la-negligencia-y-sospechas-de-negociados\/","title":{"rendered":"Edificio en Barrio Palermo: entre sospechas de negligencia y negociados"},"content":{"rendered":"\n<p><strong>(Primera parte)<\/strong><\/p>\n\n\n\n<p><strong>Escribe: Miguel Andreis<\/strong><\/p>\n\n\n\n<p>Las sospechas sobre la construcci\u00f3n de otro edificio en la ciudad cobran dimensi\u00f3n. Se trata de la obra en construcci\u00f3n horizontal \u201cAMALFI- PASEO DEL PALERMO\u201d, que lleva adelante la constructora \u201cEMPRESA FONTE\u201d. Planta baja y cuatro pisos.&nbsp;<\/p>\n\n\n\n<p>Lo que se sabe hasta el momento, es que, emplazado en el Barrio Palermo, sobre la Costanera, en la Avenida Salom\u00f3n Gornitz, y las calles Garay y C\u00f3rdoba, lleva en su proyecto original la cimentaci\u00f3n de 160 departamentos y una veintena de locales comerciales.<\/p>\n\n\n\n<p>Este inmueble, tal los datos que pudimos relevar, no contar\u00eda, entre otras cosas, con un estudio de un ente oficial sobre el \u201cImpacto ambiental\u201d, pero, adem\u00e1s, se habr\u00eda habilitado su levantamiento sobre una la l\u00ednea de ribera provisoria y no definitiva como dicta la normativa en la materia.<\/p>\n\n\n\n<p>Todo parece indicar que nuevamente la Municipalidad podr\u00eda haber actuado con, m\u00ednimamente, negligencia, por lo que estar\u00edamos frente a otro potencial juicio por las causas que detallamos en el presente escrito.<\/p>\n\n\n\n<p>Y se\u00f1alamos esto \u00faltimo, porque la edificaci\u00f3n se ha enclavado sobre suelo \u201cInundable\u201d.<\/p>\n\n\n\n<p>Vale preguntarse, los responsables de la actual gesti\u00f3n municipal: \u00bfEst\u00e1n en busca de otro juicio millonario que lleve a un mayor adeudamiento del que tiene la Comuna? \u00bfSe han tomado los ordenamientos pertinentes?<\/p>\n\n\n\n<p>Todo parece reducirse a un millonario negocio inmobiliario\u2026<\/p>\n\n\n\n<p>&#8212;&#8212;&#8212;&#8212;-<\/p>\n\n\n\n<p>Este escrito no tiene otra intenci\u00f3n que desplegar parte de un hecho, con forma de construcci\u00f3n, de impredecible final. Solo alertar que la ciudad, es decir la ciudadan\u00eda, queda expuesta a que se contin\u00fae poniendo en riesgo su patrimonio. Como en tantas otras ocasiones.<\/p>\n\n\n\n<p>Cabe aclarar que, debido a los juicios que vienen \u201cestirando\u201d en el tiempo, los diferentes gobiernos municipales han llevado al borde del colapso econ\u00f3mico a las arcas comunales, ya que gran parte de los mismos, les fueron adversos, desfavorables y en casos millonarios. Preguntamos. Con el citado Amalfi: \u00bfQuieren repetir nuevamente la nefasta historia de fracasos?<\/p>\n\n\n\n<p><strong>Breve historia\u2026.<\/strong><\/p>\n\n\n\n<p>\u201cParte del terreno fue otorgado en 2011, a trav\u00e9s de una presentaci\u00f3n de usucapi\u00f3n, firmado por el Juez Dr. Fernando Flores (nota que abordaremos en la pr\u00f3xima parte). Este espacio donde se levanta actualmente el inmueble es un lugar de f\u00e1cil anegamiento. R\u00e1pidamente inundable.<\/p>\n\n\n\n<p>Originalmente, el Centro Vecinal del Palermo, gestion\u00f3 el permiso para la construcci\u00f3n de una plaza con juegos para ni\u00f1os. Se les neg\u00f3 la entrega por parte de la Justicia, indicando que el ente vecinalista \u201cno pose\u00eda personer\u00eda jur\u00eddica\u201d.&nbsp;<\/p>\n\n\n\n<p>Suena extra\u00f1a la refutaci\u00f3n, pues el Palermo es reconocido como barrio desde hace m\u00e1s de tres d\u00e9cadas. Sin embargo, dicho terreno de alto valor econ\u00f3mico, termin\u00f3 en manos privadas. Habitantes del lugar tienen ciertas dudas sobre su entrega.<\/p>\n\n\n\n<p>Sobre el particular y ante los hechos, se permite suponer que los elementos valorativos trasladados a la Municipalidad y a la Justicia, como la l\u00ednea definitiva de la ribera, lo inundable de esas tierras, el interrogante sobre si existi\u00f3 o no un estudio de impacto ambiental etc., no fueron suficientes argumentos PARA NO AUTORIZAR EL LEVANTAMIENTO de \u201cAMALFI- PASEO DEL PALERMO.<\/p>\n\n\n\n<p>La obra est\u00e1 cargo de LA EMPRESA CONSTRUCTORA FONTE, cuyo responsable es Nicol\u00e1s Bertello; pero no ser\u00eda el \u00fanico propietario.<\/p>\n\n\n\n<p><strong>\u00bfComplacencia del municipio y la Justicia?<\/strong><\/p>\n\n\n\n<p>Los interrogantes est\u00e1n. Integrantes del Centro Vecinal nos aportaron las fotograf\u00edas del citado punto en el momento de las sucesivas inundaciones. Se observa claramente el anegamiento del mismo. En especial, las \u00faltimas de 2014- 2015.<\/p>\n\n\n\n<p>Lo que dejar\u00eda expuesto que el Municipio otorg\u00f3 el permiso de construcci\u00f3n, tomando como base LA L\u00cdNEA DE LA RIBERA PROVISORIA, cuando tal definici\u00f3n debe formalizarse sobre la LINEA DE RIBERA \u201cDEFINITIVA\u201d.\u00a0 Y no es lo que sucedi\u00f3\u2026<\/p>\n\n\n\n<p><\/p>\n\n\n\n<figure class=\"wp-block-gallery columns-2 is-cropped wp-block-gallery-1 is-layout-flex wp-block-gallery-is-layout-flex\"><ul class=\"blocks-gallery-grid\"><li class=\"blocks-gallery-item\"><figure><img data-recalc-dims=\"1\" fetchpriority=\"high\" decoding=\"async\" width=\"1024\" height=\"889\" src=\"https:\/\/i0.wp.com\/elregionalvm.com.ar\/noticias-villa-maria\/wp-content\/uploads\/2020\/09\/Edificio-Barrio-Palermo-comienzo-construcci%C3%B3n-1.jpeg?resize=1024%2C889&#038;ssl=1\" alt=\"\" data-id=\"23954\" data-full-url=\"https:\/\/elregionalvm.com.ar\/noticias-villa-maria\/wp-content\/uploads\/2020\/09\/Edificio-Barrio-Palermo-comienzo-construcci\u00f3n-1.jpeg\" data-link=\"https:\/\/elregionalvm.com.ar\/noticias-villa-maria\/?attachment_id=23954\" class=\"wp-image-23954\" srcset=\"https:\/\/i0.wp.com\/elregionalvm.com.ar\/noticias-villa-maria\/wp-content\/uploads\/2020\/09\/Edificio-Barrio-Palermo-comienzo-construcci%C3%B3n-1.jpeg?resize=1024%2C889&amp;ssl=1 1024w, https:\/\/i0.wp.com\/elregionalvm.com.ar\/noticias-villa-maria\/wp-content\/uploads\/2020\/09\/Edificio-Barrio-Palermo-comienzo-construcci%C3%B3n-1.jpeg?resize=300%2C260&amp;ssl=1 300w, https:\/\/i0.wp.com\/elregionalvm.com.ar\/noticias-villa-maria\/wp-content\/uploads\/2020\/09\/Edificio-Barrio-Palermo-comienzo-construcci%C3%B3n-1.jpeg?resize=768%2C666&amp;ssl=1 768w, https:\/\/i0.wp.com\/elregionalvm.com.ar\/noticias-villa-maria\/wp-content\/uploads\/2020\/09\/Edificio-Barrio-Palermo-comienzo-construcci%C3%B3n-1.jpeg?w=1203&amp;ssl=1 1203w\" sizes=\"(max-width: 1000px) 100vw, 1000px\" \/><\/figure><\/li><li class=\"blocks-gallery-item\"><figure><img data-recalc-dims=\"1\" decoding=\"async\" width=\"1024\" height=\"698\" src=\"https:\/\/i0.wp.com\/elregionalvm.com.ar\/noticias-villa-maria\/wp-content\/uploads\/2020\/09\/Edificio-Barrio-Palermo-l%C3%ADnea-de-ribera-sat%C3%A9lite-1.jpeg?resize=1024%2C698&#038;ssl=1\" alt=\"\" data-id=\"23955\" data-full-url=\"https:\/\/elregionalvm.com.ar\/noticias-villa-maria\/wp-content\/uploads\/2020\/09\/Edificio-Barrio-Palermo-l\u00ednea-de-ribera-sat\u00e9lite-1.jpeg\" data-link=\"https:\/\/elregionalvm.com.ar\/noticias-villa-maria\/?attachment_id=23955\" class=\"wp-image-23955\" srcset=\"https:\/\/i0.wp.com\/elregionalvm.com.ar\/noticias-villa-maria\/wp-content\/uploads\/2020\/09\/Edificio-Barrio-Palermo-l%C3%ADnea-de-ribera-sat%C3%A9lite-1.jpeg?resize=1024%2C698&amp;ssl=1 1024w, https:\/\/i0.wp.com\/elregionalvm.com.ar\/noticias-villa-maria\/wp-content\/uploads\/2020\/09\/Edificio-Barrio-Palermo-l%C3%ADnea-de-ribera-sat%C3%A9lite-1.jpeg?resize=300%2C205&amp;ssl=1 300w, https:\/\/i0.wp.com\/elregionalvm.com.ar\/noticias-villa-maria\/wp-content\/uploads\/2020\/09\/Edificio-Barrio-Palermo-l%C3%ADnea-de-ribera-sat%C3%A9lite-1.jpeg?resize=768%2C524&amp;ssl=1 768w, https:\/\/i0.wp.com\/elregionalvm.com.ar\/noticias-villa-maria\/wp-content\/uploads\/2020\/09\/Edificio-Barrio-Palermo-l%C3%ADnea-de-ribera-sat%C3%A9lite-1.jpeg?w=1125&amp;ssl=1 1125w\" sizes=\"(max-width: 1000px) 100vw, 1000px\" \/><\/figure><\/li><\/ul><figcaption class=\"blocks-gallery-caption\"><strong><em>El comienzo de la obra en la primera foto y una vista desde arriba, donde se observa sobre la margen izquierda, la l\u00ednea de ribera definitiva (color rojo) que pasar\u00eda sobre el terreno donde se emplaza el edificio. <\/em><\/strong><\/figcaption><\/figure>\n\n\n\n<p><\/p>\n\n\n\n<p><strong>Idas y vueltas\u2026<\/strong><\/p>\n\n\n\n<p>Los mensajes epistolares entre los vecinalistas, vecinos firmantes y la Municipalidad continuaron. Las notas permiten advertir a los responsables de las diferentes \u00e1reas involucradas, el intendente Mart\u00edn Gill, el intendente Interino Pablo Rosso, arquitecta Silvia Carriazo de Planeamiento Urbano; arquitecta Laura Gonz\u00e1lez; ingeniero Carlos Ram\u00edrez, secretario de Desarrollo Urbano, Ambiente e Infraestructura, etc.<\/p>\n\n\n\n<p>Lo que deja en claro que la responsabilidad del otorgamiento de los permisos para la edificaci\u00f3n del inmueble citado, fue de conocimiento de todos y tiene responsables con nombres y apellido, por lo que, de estar al frente de francas irregularidades, y tomando lo que indica la Carta Org\u00e1nica Municipal, es muy posible que se abra una nueva vertiente jur\u00eddica a los distintos actores involucrados.<\/p>\n\n\n\n<p>Los \u00edtems de anomal\u00edas, parec\u00edan cada d\u00eda visualizarse m\u00e1s. Tampoco se conoce con certeza, cu\u00e1nto de real y fehaciente tiene la factibilidad t\u00e9cnica, de poder continuar los habitantes del barrio, contando con los servicios de agua, cloacas, gas, energ\u00eda\u2026<\/p>\n\n\n\n<p>Por lo que muy probablemente se ponga en riesgo la capacidad de uso de los servicios existentes, para con otros inmuebles de todo el barrio. Lo que ir\u00eda en franco deterioro de un espacio residencial.<\/p>\n\n\n\n<p><strong>Respuesta de la Municipalidad<\/strong><\/p>\n\n\n\n<p>El Ejecutivo comunal traslad\u00f3 la solicitud de los vecinos al \u00c1REA PROVINCIAL DE RECURSOS H\u00cdDRICOS (APRHI), la mayor autoridad en la materia en el orden provincial. La duda de los habitantes de tal espacio, era saber si se har\u00eda cumplir con la regla que establece terminantemente, que solamente se puede levantar un inmueble SOBRE LA L\u00cdNEA DE LA RIBERA DEFINITIVA.&nbsp; Lo que no ha ocurrido. Se tom\u00f3 la provisoria.<\/p>\n\n\n\n<p>Por el momento, se ha paralizado la obra en la b\u00fasqueda de conocer en forma concreta cu\u00e1l es lo estipulado por las leyes que rigen el enclavamiento de construcciones en l\u00edneas de r\u00edos, lagos o lagunas.<\/p>\n\n\n\n<p>Llamativamente, los vecinos se pudieron enterar de lo dictaminado por el APRHI, en lo que se refiere a la Ribera DEFINITIVA, a trav\u00e9s de una comunicaci\u00f3n expuesta por dicho ente en el Bolet\u00edn Oficial de la Provincia, del 11 de mayo del presente a\u00f1o. \u201cLas obras deben ejecutarse sobre la LINEA DE LA RIBERA DEFINITIVA\u201d.<\/p>\n\n\n\n<p>Todo hace suponer, que, tanto el municipio como la Justicia, de respetar las leyes rectoras en la materia, esta construcci\u00f3n deber\u00e1 reverse. \u00bf? Estar\u00eda violando un factor elemental. La L\u00ednea de la Ribera definitiva. Habr\u00e1 que esperar las conclusiones que se adopten.<\/p>\n\n\n\n<p>El organismo regidor es terminante. No se han cumplido las c\u00f3digos y estatutos. De aqu\u00ed en m\u00e1s, habr\u00e1 que observar con suma atenci\u00f3n, qu\u00e9 ciudad es la que se quiere, o en todo caso cu\u00e1l es la que se pretende desde la Municipalidad, pensando en el futuro.<\/p>\n\n\n\n<p>Negligencias en el t\u00e9rmino de la construcci\u00f3n, sobran ejemplos. \u00bfQuerr\u00e1n seguir ese camino? En el medio habita un recelo, de que todo lo expuesto, se trate de un negociado m\u00e1s, como tantos\u2026<\/p>\n","protected":false},"excerpt":{"rendered":"<p>(Primera parte) Escribe: Miguel Andreis Las sospechas sobre la construcci\u00f3n de otro edificio en la ciudad cobran dimensi\u00f3n. Se trata de la obra en construcci\u00f3n horizontal \u201cAMALFI- PASEO DEL PALERMO\u201d, que lleva adelante la constructora \u201cEMPRESA FONTE\u201d. Planta baja y cuatro pisos.&nbsp; Lo que se sabe hasta el momento, es que, emplazado en el Barrio [&hellip;]<\/p>\n","protected":false},"author":5,"featured_media":23949,"comment_status":"open","ping_status":"open","sticky":false,"template":"","format":"standard","meta":{"site-sidebar-layout":"default","site-content-layout":"default","ast-site-content-layout":"default","site-content-style":"default","site-sidebar-style":"default","ast-global-header-display":"","ast-banner-title-visibility":"","ast-main-header-display":"","ast-hfb-above-header-display":"","ast-hfb-below-header-display":"","ast-hfb-mobile-header-display":"","site-post-title":"","ast-breadcrumbs-content":"","ast-featured-img":"","footer-sml-layout":"","ast-disable-related-posts":"","theme-transparent-header-meta":"default","adv-header-id-meta":"","stick-header-meta":"","header-above-stick-meta":"","header-main-stick-meta":"","header-below-stick-meta":"","astra-migrate-meta-layouts":"default","ast-page-background-enabled":"default","ast-page-background-meta":{"desktop":{"background-color":"","background-image":"","background-repeat":"repeat","background-position":"center center","background-size":"auto","background-attachment":"scroll","background-type":"","background-media":"","overlay-type":"","overlay-color":"","overlay-opacity":"","overlay-gradient":""},"tablet":{"background-color":"","background-image":"","background-repeat":"repeat","background-position":"center center","background-size":"auto","background-attachment":"scroll","background-type":"","background-media":"","overlay-type":"","overlay-color":"","overlay-opacity":"","overlay-gradient":""},"mobile":{"background-color":"","background-image":"","background-repeat":"repeat","background-position":"center center","background-size":"auto","background-attachment":"scroll","background-type":"","background-media":"","overlay-type":"","overlay-color":"","overlay-opacity":"","overlay-gradient":""}},"ast-content-background-meta":{"desktop":{"background-color":"var(--ast-global-color-5)","background-image":"","background-repeat":"repeat","background-position":"center center","background-size":"auto","background-attachment":"scroll","background-type":"","background-media":"","overlay-type":"","overlay-color":"","overlay-opacity":"","overlay-gradient":""},"tablet":{"background-color":"var(--ast-global-color-5)","background-image":"","background-repeat":"repeat","background-position":"center center","background-size":"auto","background-attachment":"scroll","background-type":"","background-media":"","overlay-type":"","overlay-color":"","overlay-opacity":"","overlay-gradient":""},"mobile":{"background-color":"var(--ast-global-color-5)","background-image":"","background-repeat":"repeat","background-position":"center center","background-size":"auto","background-attachment":"scroll","background-type":"","background-media":"","overlay-type":"","overlay-color":"","overlay-opacity":"","overlay-gradient":""}},"_jetpack_memberships_contains_paid_content":false,"_joinchat":[],"footnotes":""},"categories":[365,2],"tags":[3745,3982,3985,99,3986,3984,3987,3983,534],"class_list":["post-23948","post","type-post","status-publish","format-standard","has-post-thumbnail","hentry","category-opinion","category-villa-maria","tag-barrio-palermo","tag-edificio-amalfi","tag-impacto-ambiental","tag-justicia","tag-linea-de-ribera","tag-negociados","tag-recursos-hidricos","tag-sospechas","tag-villa-maria"],"yoast_head":"<!-- This site is optimized with the Yoast SEO plugin v26.8 - https:\/\/yoast.com\/product\/yoast-seo-wordpress\/ -->\n<title>Edificio en Barrio Palermo: entre sospechas de negligencia y negociados - El Regional<\/title>\n<meta name=\"description\" content=\"Las sospechas sobre la construcci\u00f3n de otro edificio cobran dimensi\u00f3n. Se trata de la obra en construcci\u00f3n horizontal \u201cAMALFI- PASEO DEL PALERMO\u201d.\" \/>\n<meta name=\"robots\" content=\"index, follow, max-snippet:-1, max-image-preview:large, max-video-preview:-1\" \/>\n<link rel=\"canonical\" href=\"http:\/\/elregionalvm.com.ar\/noticias-villa-maria\/edificio-en-barrio-palermo-entre-la-negligencia-y-sospechas-de-negociados\/\" \/>\n<meta property=\"og:locale\" content=\"es_ES\" \/>\n<meta property=\"og:type\" content=\"article\" \/>\n<meta property=\"og:title\" content=\"Edificio en Barrio Palermo: entre sospechas de negligencia y negociados - El Regional\" \/>\n<meta property=\"og:description\" content=\"Las sospechas sobre la construcci\u00f3n de otro edificio cobran dimensi\u00f3n. Se trata de la obra en construcci\u00f3n horizontal \u201cAMALFI- PASEO DEL PALERMO\u201d.\" \/>\n<meta property=\"og:url\" content=\"http:\/\/elregionalvm.com.ar\/noticias-villa-maria\/edificio-en-barrio-palermo-entre-la-negligencia-y-sospechas-de-negociados\/\" \/>\n<meta property=\"og:site_name\" content=\"El Regional\" \/>\n<meta property=\"article:publisher\" content=\"https:\/\/www.facebook.com\/elregionalvm\" \/>\n<meta property=\"article:published_time\" content=\"2020-09-16T01:49:38+00:00\" \/>\n<meta property=\"article:modified_time\" content=\"2020-10-05T00:30:48+00:00\" \/>\n<meta property=\"og:image\" content=\"http:\/\/elregionalvm.com.ar\/noticias-villa-maria\/wp-content\/uploads\/2020\/09\/Edificio-Barrio-Palermo-vertical.jpeg\" \/>\n\t<meta property=\"og:image:width\" content=\"614\" \/>\n\t<meta property=\"og:image:height\" content=\"719\" \/>\n\t<meta property=\"og:image:type\" content=\"image\/jpeg\" \/>\n<meta name=\"author\" content=\"Miguel Andreis\" \/>\n<meta name=\"twitter:card\" content=\"summary_large_image\" \/>\n<meta name=\"twitter:creator\" content=\"@elregionalvm1\" \/>\n<meta name=\"twitter:site\" content=\"@elregionalvm1\" \/>\n<meta name=\"twitter:label1\" content=\"Escrito por\" \/>\n\t<meta name=\"twitter:data1\" content=\"Miguel Andreis\" \/>\n\t<meta name=\"twitter:label2\" content=\"Tiempo de lectura\" \/>\n\t<meta name=\"twitter:data2\" content=\"6 minutos\" \/>\n<script type=\"application\/ld+json\" class=\"yoast-schema-graph\">{\"@context\":\"https:\/\/schema.org\",\"@graph\":[{\"@type\":\"Article\",\"@id\":\"http:\/\/elregionalvm.com.ar\/noticias-villa-maria\/edificio-en-barrio-palermo-entre-la-negligencia-y-sospechas-de-negociados\/#article\",\"isPartOf\":{\"@id\":\"http:\/\/elregionalvm.com.ar\/noticias-villa-maria\/edificio-en-barrio-palermo-entre-la-negligencia-y-sospechas-de-negociados\/\"},\"author\":{\"name\":\"Miguel Andreis\",\"@id\":\"http:\/\/elregionalvm.com.ar\/noticias-villa-maria\/#\/schema\/person\/df5ff3f005acf29788aed9cb359f1193\"},\"headline\":\"Edificio en Barrio Palermo: entre sospechas de negligencia y negociados\",\"datePublished\":\"2020-09-16T01:49:38+00:00\",\"dateModified\":\"2020-10-05T00:30:48+00:00\",\"mainEntityOfPage\":{\"@id\":\"http:\/\/elregionalvm.com.ar\/noticias-villa-maria\/edificio-en-barrio-palermo-entre-la-negligencia-y-sospechas-de-negociados\/\"},\"wordCount\":1213,\"commentCount\":0,\"image\":{\"@id\":\"http:\/\/elregionalvm.com.ar\/noticias-villa-maria\/edificio-en-barrio-palermo-entre-la-negligencia-y-sospechas-de-negociados\/#primaryimage\"},\"thumbnailUrl\":\"https:\/\/i0.wp.com\/elregionalvm.com.ar\/noticias-villa-maria\/wp-content\/uploads\/2020\/09\/Edificio-Barrio-Palermo-vertical.jpeg?fit=614%2C719&ssl=1\",\"keywords\":[\"Barrio Palermo\",\"Edificio Amalfi\",\"Impacto Ambiental\",\"Justicia\",\"L\u00ednea de ribera\",\"Negociados\",\"Recursos h\u00eddricos\",\"Sospechas\",\"villa maria\"],\"articleSection\":[\"Opini\u00f3n\",\"Villa Mar\u00eda\"],\"inLanguage\":\"es\",\"potentialAction\":[{\"@type\":\"CommentAction\",\"name\":\"Comment\",\"target\":[\"http:\/\/elregionalvm.com.ar\/noticias-villa-maria\/edificio-en-barrio-palermo-entre-la-negligencia-y-sospechas-de-negociados\/#respond\"]}]},{\"@type\":\"WebPage\",\"@id\":\"http:\/\/elregionalvm.com.ar\/noticias-villa-maria\/edificio-en-barrio-palermo-entre-la-negligencia-y-sospechas-de-negociados\/\",\"url\":\"http:\/\/elregionalvm.com.ar\/noticias-villa-maria\/edificio-en-barrio-palermo-entre-la-negligencia-y-sospechas-de-negociados\/\",\"name\":\"Edificio en Barrio Palermo: entre sospechas de negligencia y negociados - El Regional\",\"isPartOf\":{\"@id\":\"http:\/\/elregionalvm.com.ar\/noticias-villa-maria\/#website\"},\"primaryImageOfPage\":{\"@id\":\"http:\/\/elregionalvm.com.ar\/noticias-villa-maria\/edificio-en-barrio-palermo-entre-la-negligencia-y-sospechas-de-negociados\/#primaryimage\"},\"image\":{\"@id\":\"http:\/\/elregionalvm.com.ar\/noticias-villa-maria\/edificio-en-barrio-palermo-entre-la-negligencia-y-sospechas-de-negociados\/#primaryimage\"},\"thumbnailUrl\":\"https:\/\/i0.wp.com\/elregionalvm.com.ar\/noticias-villa-maria\/wp-content\/uploads\/2020\/09\/Edificio-Barrio-Palermo-vertical.jpeg?fit=614%2C719&ssl=1\",\"datePublished\":\"2020-09-16T01:49:38+00:00\",\"dateModified\":\"2020-10-05T00:30:48+00:00\",\"author\":{\"@id\":\"http:\/\/elregionalvm.com.ar\/noticias-villa-maria\/#\/schema\/person\/df5ff3f005acf29788aed9cb359f1193\"},\"description\":\"Las sospechas sobre la construcci\u00f3n de otro edificio cobran dimensi\u00f3n. Se trata de la obra en construcci\u00f3n horizontal \u201cAMALFI- PASEO DEL PALERMO\u201d.\",\"breadcrumb\":{\"@id\":\"http:\/\/elregionalvm.com.ar\/noticias-villa-maria\/edificio-en-barrio-palermo-entre-la-negligencia-y-sospechas-de-negociados\/#breadcrumb\"},\"inLanguage\":\"es\",\"potentialAction\":[{\"@type\":\"ReadAction\",\"target\":[\"http:\/\/elregionalvm.com.ar\/noticias-villa-maria\/edificio-en-barrio-palermo-entre-la-negligencia-y-sospechas-de-negociados\/\"]}]},{\"@type\":\"ImageObject\",\"inLanguage\":\"es\",\"@id\":\"http:\/\/elregionalvm.com.ar\/noticias-villa-maria\/edificio-en-barrio-palermo-entre-la-negligencia-y-sospechas-de-negociados\/#primaryimage\",\"url\":\"https:\/\/i0.wp.com\/elregionalvm.com.ar\/noticias-villa-maria\/wp-content\/uploads\/2020\/09\/Edificio-Barrio-Palermo-vertical.jpeg?fit=614%2C719&ssl=1\",\"contentUrl\":\"https:\/\/i0.wp.com\/elregionalvm.com.ar\/noticias-villa-maria\/wp-content\/uploads\/2020\/09\/Edificio-Barrio-Palermo-vertical.jpeg?fit=614%2C719&ssl=1\",\"width\":614,\"height\":719},{\"@type\":\"BreadcrumbList\",\"@id\":\"http:\/\/elregionalvm.com.ar\/noticias-villa-maria\/edificio-en-barrio-palermo-entre-la-negligencia-y-sospechas-de-negociados\/#breadcrumb\",\"itemListElement\":[{\"@type\":\"ListItem\",\"position\":1,\"name\":\"Portada\",\"item\":\"https:\/\/elregionalvm.com.ar\/noticias-villa-maria\/\"},{\"@type\":\"ListItem\",\"position\":2,\"name\":\"Edificio en Barrio Palermo: entre sospechas de negligencia y negociados\"}]},{\"@type\":\"WebSite\",\"@id\":\"http:\/\/elregionalvm.com.ar\/noticias-villa-maria\/#website\",\"url\":\"http:\/\/elregionalvm.com.ar\/noticias-villa-maria\/\",\"name\":\"El Regional\",\"description\":\"Mucho m\u00e1s que informaci\u00f3n\",\"potentialAction\":[{\"@type\":\"SearchAction\",\"target\":{\"@type\":\"EntryPoint\",\"urlTemplate\":\"http:\/\/elregionalvm.com.ar\/noticias-villa-maria\/?s={search_term_string}\"},\"query-input\":{\"@type\":\"PropertyValueSpecification\",\"valueRequired\":true,\"valueName\":\"search_term_string\"}}],\"inLanguage\":\"es\"},{\"@type\":\"Person\",\"@id\":\"http:\/\/elregionalvm.com.ar\/noticias-villa-maria\/#\/schema\/person\/df5ff3f005acf29788aed9cb359f1193\",\"name\":\"Miguel Andreis\",\"image\":{\"@type\":\"ImageObject\",\"inLanguage\":\"es\",\"@id\":\"http:\/\/elregionalvm.com.ar\/noticias-villa-maria\/#\/schema\/person\/image\/\",\"url\":\"https:\/\/secure.gravatar.com\/avatar\/c643381cd03da38327c6407e6886e7182d881f2ecf94a7902ca262c41f9d8884?s=96&d=mm&r=g\",\"contentUrl\":\"https:\/\/secure.gravatar.com\/avatar\/c643381cd03da38327c6407e6886e7182d881f2ecf94a7902ca262c41f9d8884?s=96&d=mm&r=g\",\"caption\":\"Miguel Andreis\"},\"url\":\"https:\/\/elregionalvm.com.ar\/noticias-villa-maria\/author\/miguelandreis\/\"}]}<\/script>\n<!-- \/ Yoast SEO plugin. -->","yoast_head_json":{"title":"Edificio en Barrio Palermo: entre sospechas de negligencia y negociados - El Regional","description":"Las sospechas sobre la construcci\u00f3n de otro edificio cobran dimensi\u00f3n. Se trata de la obra en construcci\u00f3n horizontal \u201cAMALFI- PASEO DEL PALERMO\u201d.","robots":{"index":"index","follow":"follow","max-snippet":"max-snippet:-1","max-image-preview":"max-image-preview:large","max-video-preview":"max-video-preview:-1"},"canonical":"http:\/\/elregionalvm.com.ar\/noticias-villa-maria\/edificio-en-barrio-palermo-entre-la-negligencia-y-sospechas-de-negociados\/","og_locale":"es_ES","og_type":"article","og_title":"Edificio en Barrio Palermo: entre sospechas de negligencia y negociados - El Regional","og_description":"Las sospechas sobre la construcci\u00f3n de otro edificio cobran dimensi\u00f3n. Se trata de la obra en construcci\u00f3n horizontal \u201cAMALFI- PASEO DEL PALERMO\u201d.","og_url":"http:\/\/elregionalvm.com.ar\/noticias-villa-maria\/edificio-en-barrio-palermo-entre-la-negligencia-y-sospechas-de-negociados\/","og_site_name":"El Regional","article_publisher":"https:\/\/www.facebook.com\/elregionalvm","article_published_time":"2020-09-16T01:49:38+00:00","article_modified_time":"2020-10-05T00:30:48+00:00","og_image":[{"width":614,"height":719,"url":"http:\/\/elregionalvm.com.ar\/noticias-villa-maria\/wp-content\/uploads\/2020\/09\/Edificio-Barrio-Palermo-vertical.jpeg","type":"image\/jpeg"}],"author":"Miguel Andreis","twitter_card":"summary_large_image","twitter_creator":"@elregionalvm1","twitter_site":"@elregionalvm1","twitter_misc":{"Escrito por":"Miguel Andreis","Tiempo de lectura":"6 minutos"},"schema":{"@context":"https:\/\/schema.org","@graph":[{"@type":"Article","@id":"http:\/\/elregionalvm.com.ar\/noticias-villa-maria\/edificio-en-barrio-palermo-entre-la-negligencia-y-sospechas-de-negociados\/#article","isPartOf":{"@id":"http:\/\/elregionalvm.com.ar\/noticias-villa-maria\/edificio-en-barrio-palermo-entre-la-negligencia-y-sospechas-de-negociados\/"},"author":{"name":"Miguel Andreis","@id":"http:\/\/elregionalvm.com.ar\/noticias-villa-maria\/#\/schema\/person\/df5ff3f005acf29788aed9cb359f1193"},"headline":"Edificio en Barrio Palermo: entre sospechas de negligencia y negociados","datePublished":"2020-09-16T01:49:38+00:00","dateModified":"2020-10-05T00:30:48+00:00","mainEntityOfPage":{"@id":"http:\/\/elregionalvm.com.ar\/noticias-villa-maria\/edificio-en-barrio-palermo-entre-la-negligencia-y-sospechas-de-negociados\/"},"wordCount":1213,"commentCount":0,"image":{"@id":"http:\/\/elregionalvm.com.ar\/noticias-villa-maria\/edificio-en-barrio-palermo-entre-la-negligencia-y-sospechas-de-negociados\/#primaryimage"},"thumbnailUrl":"https:\/\/i0.wp.com\/elregionalvm.com.ar\/noticias-villa-maria\/wp-content\/uploads\/2020\/09\/Edificio-Barrio-Palermo-vertical.jpeg?fit=614%2C719&ssl=1","keywords":["Barrio Palermo","Edificio Amalfi","Impacto Ambiental","Justicia","L\u00ednea de ribera","Negociados","Recursos h\u00eddricos","Sospechas","villa maria"],"articleSection":["Opini\u00f3n","Villa Mar\u00eda"],"inLanguage":"es","potentialAction":[{"@type":"CommentAction","name":"Comment","target":["http:\/\/elregionalvm.com.ar\/noticias-villa-maria\/edificio-en-barrio-palermo-entre-la-negligencia-y-sospechas-de-negociados\/#respond"]}]},{"@type":"WebPage","@id":"http:\/\/elregionalvm.com.ar\/noticias-villa-maria\/edificio-en-barrio-palermo-entre-la-negligencia-y-sospechas-de-negociados\/","url":"http:\/\/elregionalvm.com.ar\/noticias-villa-maria\/edificio-en-barrio-palermo-entre-la-negligencia-y-sospechas-de-negociados\/","name":"Edificio en Barrio Palermo: entre sospechas de negligencia y negociados - El Regional","isPartOf":{"@id":"http:\/\/elregionalvm.com.ar\/noticias-villa-maria\/#website"},"primaryImageOfPage":{"@id":"http:\/\/elregionalvm.com.ar\/noticias-villa-maria\/edificio-en-barrio-palermo-entre-la-negligencia-y-sospechas-de-negociados\/#primaryimage"},"image":{"@id":"http:\/\/elregionalvm.com.ar\/noticias-villa-maria\/edificio-en-barrio-palermo-entre-la-negligencia-y-sospechas-de-negociados\/#primaryimage"},"thumbnailUrl":"https:\/\/i0.wp.com\/elregionalvm.com.ar\/noticias-villa-maria\/wp-content\/uploads\/2020\/09\/Edificio-Barrio-Palermo-vertical.jpeg?fit=614%2C719&ssl=1","datePublished":"2020-09-16T01:49:38+00:00","dateModified":"2020-10-05T00:30:48+00:00","author":{"@id":"http:\/\/elregionalvm.com.ar\/noticias-villa-maria\/#\/schema\/person\/df5ff3f005acf29788aed9cb359f1193"},"description":"Las sospechas sobre la construcci\u00f3n de otro edificio cobran dimensi\u00f3n. Se trata de la obra en construcci\u00f3n horizontal \u201cAMALFI- PASEO DEL PALERMO\u201d.","breadcrumb":{"@id":"http:\/\/elregionalvm.com.ar\/noticias-villa-maria\/edificio-en-barrio-palermo-entre-la-negligencia-y-sospechas-de-negociados\/#breadcrumb"},"inLanguage":"es","potentialAction":[{"@type":"ReadAction","target":["http:\/\/elregionalvm.com.ar\/noticias-villa-maria\/edificio-en-barrio-palermo-entre-la-negligencia-y-sospechas-de-negociados\/"]}]},{"@type":"ImageObject","inLanguage":"es","@id":"http:\/\/elregionalvm.com.ar\/noticias-villa-maria\/edificio-en-barrio-palermo-entre-la-negligencia-y-sospechas-de-negociados\/#primaryimage","url":"https:\/\/i0.wp.com\/elregionalvm.com.ar\/noticias-villa-maria\/wp-content\/uploads\/2020\/09\/Edificio-Barrio-Palermo-vertical.jpeg?fit=614%2C719&ssl=1","contentUrl":"https:\/\/i0.wp.com\/elregionalvm.com.ar\/noticias-villa-maria\/wp-content\/uploads\/2020\/09\/Edificio-Barrio-Palermo-vertical.jpeg?fit=614%2C719&ssl=1","width":614,"height":719},{"@type":"BreadcrumbList","@id":"http:\/\/elregionalvm.com.ar\/noticias-villa-maria\/edificio-en-barrio-palermo-entre-la-negligencia-y-sospechas-de-negociados\/#breadcrumb","itemListElement":[{"@type":"ListItem","position":1,"name":"Portada","item":"https:\/\/elregionalvm.com.ar\/noticias-villa-maria\/"},{"@type":"ListItem","position":2,"name":"Edificio en Barrio Palermo: entre sospechas de negligencia y negociados"}]},{"@type":"WebSite","@id":"http:\/\/elregionalvm.com.ar\/noticias-villa-maria\/#website","url":"http:\/\/elregionalvm.com.ar\/noticias-villa-maria\/","name":"El Regional","description":"Mucho m\u00e1s que informaci\u00f3n","potentialAction":[{"@type":"SearchAction","target":{"@type":"EntryPoint","urlTemplate":"http:\/\/elregionalvm.com.ar\/noticias-villa-maria\/?s={search_term_string}"},"query-input":{"@type":"PropertyValueSpecification","valueRequired":true,"valueName":"search_term_string"}}],"inLanguage":"es"},{"@type":"Person","@id":"http:\/\/elregionalvm.com.ar\/noticias-villa-maria\/#\/schema\/person\/df5ff3f005acf29788aed9cb359f1193","name":"Miguel Andreis","image":{"@type":"ImageObject","inLanguage":"es","@id":"http:\/\/elregionalvm.com.ar\/noticias-villa-maria\/#\/schema\/person\/image\/","url":"https:\/\/secure.gravatar.com\/avatar\/c643381cd03da38327c6407e6886e7182d881f2ecf94a7902ca262c41f9d8884?s=96&d=mm&r=g","contentUrl":"https:\/\/secure.gravatar.com\/avatar\/c643381cd03da38327c6407e6886e7182d881f2ecf94a7902ca262c41f9d8884?s=96&d=mm&r=g","caption":"Miguel Andreis"},"url":"https:\/\/elregionalvm.com.ar\/noticias-villa-maria\/author\/miguelandreis\/"}]}},"jetpack_featured_media_url":"https:\/\/i0.wp.com\/elregionalvm.com.ar\/noticias-villa-maria\/wp-content\/uploads\/2020\/09\/Edificio-Barrio-Palermo-vertical.jpeg?fit=614%2C719&ssl=1","jetpack_sharing_enabled":true,"_links":{"self":[{"href":"https:\/\/elregionalvm.com.ar\/noticias-villa-maria\/wp-json\/wp\/v2\/posts\/23948","targetHints":{"allow":["GET"]}}],"collection":[{"href":"https:\/\/elregionalvm.com.ar\/noticias-villa-maria\/wp-json\/wp\/v2\/posts"}],"about":[{"href":"https:\/\/elregionalvm.com.ar\/noticias-villa-maria\/wp-json\/wp\/v2\/types\/post"}],"author":[{"embeddable":true,"href":"https:\/\/elregionalvm.com.ar\/noticias-villa-maria\/wp-json\/wp\/v2\/users\/5"}],"replies":[{"embeddable":true,"href":"https:\/\/elregionalvm.com.ar\/noticias-villa-maria\/wp-json\/wp\/v2\/comments?post=23948"}],"version-history":[{"count":4,"href":"https:\/\/elregionalvm.com.ar\/noticias-villa-maria\/wp-json\/wp\/v2\/posts\/23948\/revisions"}],"predecessor-version":[{"id":23960,"href":"https:\/\/elregionalvm.com.ar\/noticias-villa-maria\/wp-json\/wp\/v2\/posts\/23948\/revisions\/23960"}],"wp:featuredmedia":[{"embeddable":true,"href":"https:\/\/elregionalvm.com.ar\/noticias-villa-maria\/wp-json\/wp\/v2\/media\/23949"}],"wp:attachment":[{"href":"https:\/\/elregionalvm.com.ar\/noticias-villa-maria\/wp-json\/wp\/v2\/media?parent=23948"}],"wp:term":[{"taxonomy":"category","embeddable":true,"href":"https:\/\/elregionalvm.com.ar\/noticias-villa-maria\/wp-json\/wp\/v2\/categories?post=23948"},{"taxonomy":"post_tag","embeddable":true,"href":"https:\/\/elregionalvm.com.ar\/noticias-villa-maria\/wp-json\/wp\/v2\/tags?post=23948"}],"curies":[{"name":"wp","href":"https:\/\/api.w.org\/{rel}","templated":true}]}}